{"id":152522,"date":"2022-06-23T10:12:38","date_gmt":"2022-06-23T09:12:38","guid":{"rendered":"https:\/\/radioljubuski.ba\/?p=152522"},"modified":"2022-06-23T10:12:39","modified_gmt":"2022-06-23T09:12:39","slug":"23-lipnja-1991-osnovana-105-brigada-zng-a-iz-bjelovara-2","status":"publish","type":"post","link":"https:\/\/radioljubuski.ba\/index.php\/2022\/06\/23\/23-lipnja-1991-osnovana-105-brigada-zng-a-iz-bjelovara-2\/","title":{"rendered":"23. lipnja 1991. \u2013 osnovana 105. brigada ZNG-a iz Bjelovara"},"content":{"rendered":"\n<p><strong>105. brigada ZNG-a iz Bjelovara osnovana je 23. lipnja 1991. Tijekom srpnja formira se \u2018A\u2019 satnija 1. Bojne, a brigada je formalno djelovala pod MUP-om. Po mjesnim zajednicama organizirani su vodovi uglavnom s privatnim naoru\u017eanjem.<\/strong><\/p>\n\n\n\n<h3 class=\"wp-block-heading\"><strong>Prve akcije<\/strong><\/h3>\n\n\n\n<p>U po\u010detku kolovoza 2. vod \u2018A\u2019 satnije na podru\u010dju op\u0107ine Slatina u jednoj brzoj akciji osloba\u0111a nekoliko sela od srpskih terorista te zarobljava prve koli\u010dine oru\u017eja. Istog mjeseca 2. satnija 2. bojne prvi put borbeno djeluje u selima Kukunjevcu i Dobrovcu zajedno sa specijalnom postrojbom MUP-a Bjelovar.<\/p>\n\n\n\n<p>Dovr\u0161ava se formiranje svih postrojbi i zapovjedni\u0161tva. Brigadu su sa\u010dinjavali vojni obveznici s podru\u010dja Bjelovara (1. bojna), \u010cazme (2. bojna) i \u0110ur\u0111evca (3. bojna). Prvi sastanak zapovjedni\u0161tva brigade odr\u017eava se 19. kolovoza, uvodi se de\u017eurstvo i vodi ratni dnevnik.<\/p>\n\n\n\n<h3 class=\"wp-block-heading\"><strong>Tragi\u010dna pogibija 18 pripadnika 105. brigade u Kusonjama<\/strong><\/h3>\n\n\n\n<p>U po\u010detku rujna \u2018A\u2019 satnija 1. bojne odlazi u obranu Pakraca gdje 8. rujna u borbama u selu Kusonja u okru\u017eenju ostaje i pogiba 18 njenih pripadnika: Nikola Benkus, \u017deljko Besek, Marinko Crnogaj, Mato \u010can\u010dar, Miroslav \u010cernak, Marijan Duki\u0107, Stipe Gad\u017ea, Petar Grube\u0161a, Anto Ivandi\u0107, Stjepan Kolar, Vladimir Kriva\u010di\u0107, Stjepan Mami\u0107, Tadija Marki\u0107, Ivan Pali\u0107, Zlatko Pavlovi\u0107, Nedjeljko Peki\u0107, Mario Posari\u0107, Igor Stipi\u0107, Dubravko \u0160tefulinac i Ante Tandara.<\/p>\n\n\n\nhttps:\/\/www.youtube.com\/watch?v=0335IpsOONg\n\n\n\n<p>U tom selu su hrvatski vojnici 105. Brigade upali u zasjedu i herojski se borili protiv neprijatelja. Neprijatelj se nije uspio niti pribli\u017eiti opkoljenoj ku\u0107i, a svaki poku\u0161aj pje\u0161a\u010dkog napada zavr\u0161io je sa mnogim poginulim i ranjenim srpskim vojnicima. Kada su u zapovjedni\u0161tvu brigade saznali za zasjedu, opkoljenima je poslana pomo\u0107 u ljudstvu koja se uspjela probiti svega na desetak metara od ku\u0107e, pozivaju\u0107i opkoljene hrvatske vojnike na proboj. S obzirom da su opkoljeni branitelji ve\u0107 imali poginule i ranjene pripadnike, pre\u017eivjeli su odbili izi\u0107i i ostaviti ranjene suborce. Tek kada je neprijatelj uspio minirati ku\u0107u, u prijepodnevnim satima 9. rujna 1991., pre\u017eivjela \u0161estorica branitelja sa uzdignutim rukama izi\u0161li su na predaju. Suprotno svim ratnim pravilima i konvencijama, srpski paravojnici pobili su zarobljene i ranjene gardiste. U velja\u010di 1992. ekshumirano je iz masovne grobnice Rakovog Potoka 18 uniformiranih tijela i 23 civila.<\/p>\n\n\n\n<p>O ovom doga\u0111aju iz Domovinskog rata, 2014. godine snimljen je igrani film \u201eBroj 55\u201c redatelja Kristijana Mili\u0107a naslovljen po ku\u0107nom broju ku\u0107e u kojoj su stradali hrvatski branitelji. Film je iste godine bio apsolutni pobjednik Pula film festivala na kojemu je, osim Velike zlatne arene za najbolji film, osvojio jo\u0161 7 zlatnih arena.<\/p>\n\n\n\n<iframe loading=\"lazy\" title=\"BROJ 55 Trailer\" width=\"640\" height=\"360\" src=\"https:\/\/www.youtube.com\/embed\/mIjRfSCsohg?feature=oembed\" frameborder=\"0\" allow=\"accelerometer; autoplay; clipboard-write; encrypted-media; gyroscope; picture-in-picture; web-share\" referrerpolicy=\"strict-origin-when-cross-origin\" allowfullscreen><\/iframe>\n\n\n\n<h3 class=\"wp-block-heading\"><strong>Naoru\u017eavanje i dovr\u0161enje ustroja 105. brigade<\/strong><\/h3>\n\n\n\n<p>Nakon zauzimanja JNA kasarni u Bjelovaru od zarobljenog naoru\u017eanja formira se topni\u0161tvo, PZO, oklopno-mehanizirana bojna, veza, ABKO itd.<\/p>\n\n\n\n<p>Dobivenim naoru\u017eanjem stje\u010de se mogu\u0107nost mobilizacije kompletne brigade koja sredinom listopada kre\u0107e u borbenu zada\u0107u u zapadnu Slavoniju, smjer Pakra\u010dka poljana \u2013 Ivanja lipa \u2013 Marino selo \u2013 Uljanik. Prva bojna osloba\u0111a Kukuljevac, 2. bojna uz pomo\u0107 kutinskih boraca zauzima strate\u0161ki va\u017eno selo Bujavicu i kre\u0107e dalje do potpunog ostvarenja planirane zada\u0107e. Pritom JNA ostaje bez jednog MiG-21 koji je sru\u0161en uslijed bezuspje\u0161nog raketiranja polo\u017eaja brigade. Selo Bair je oslobo\u0111eno 29. listopada gdje su zaplijenjene velike koli\u010dine naoru\u017eanja, vojne opreme i streljiva.<\/p>\n\n\n\n<p>Nekoliko dana kasnije kompletna 105. brigada je preba\u010dena u isto\u010dnu Slavoniju i zauzima polo\u017eaje na potezu Komletinci \u2013 Otok \u2013 Privlaka \u2013 Gradi\u0161te te Vrpolje \u2013 Strizivojna \u2013 Budrovci. Kod Komletinaca zaustavlja neprijateljski prodor i organizira se \u010dvrsta obrana. U borbama se posebno isti\u010du \u010dazmanska 2. bojna, poglavito njezina 2. satnija te 1. satnija 1. bojne te oklopno-mehanizirana bojna koja 17. studenog vodi te\u0161ku susretnu borbu izme\u0111u Donjeg Novog Sela i Komletinaca gdje razbija jake neprijateljske oklopno-pje\u0161a\u010dke snage. Nakon neuspjeha 3. i 4. prosinca gardijska divizija JNA kre\u0107e u novi napad iz tri smjera koji je ponovno odbijen nakon \u010dega se crta stabilizirala.<\/p>\n\n\n\n<p>Brigadu na polo\u017eajima 4. srpnja 1992 zamjenjuje UNPROFOR, dio odlazi u pri\u010duvu, a dio na posavsko rati\u0161te do 31. listopada kada je cijela 105. brigada u pri\u010duvi. 8. rujna 1993. od teroristi\u010dke mine postavljene na vijenac u selu Kusonje ginu zapovjednik brigade bojnik Stanko Pali\u0107, satnik Mirko Pere\u0161 i desetnik \u017deljko \u0160egovi\u0107.<\/p>\n\n\n\n<p><em>Izvor: narod.hr<\/em><\/p>\n","protected":false},"excerpt":{"rendered":"<p>105. brigada ZNG-a iz Bjelovara osnovana je 23. lipnja 1991. Tijekom srpnja formira se \u2018A\u2019 satnija 1. Bojne, a brigada je formalno djelovala pod MUP-om. Po mjesnim zajednicama organizirani su vodovi uglavnom s privatnim naoru\u017eanjem. Prve akcije U po\u010detku kolovoza 2. vod \u2018A\u2019 satnije na podru\u010dju op\u0107ine Slatina u jednoj brzoj akciji osloba\u0111a nekoliko sela [&hellip;]<\/p>\n","protected":false},"author":2,"featured_media":152523,"comment_status":"closed","ping_status":"closed","sticky":false,"template":"","format":"standard","meta":{"h5ap_radio_sources":[],"footnotes":""},"categories":[1],"tags":[],"class_list":["post-152522","post","type-post","status-publish","format-standard","has-post-thumbnail","hentry","category-bihiregija"],"yoast_head":"<!-- This site is optimized with the Yoast SEO plugin v27.4 - https:\/\/yoast.com\/product\/yoast-seo-wordpress\/ -->\n<title>23. lipnja 1991. \u2013 osnovana 105. brigada ZNG-a iz Bjelovara - RADIO LJUBU\u0160KI<\/title>\n<meta name=\"robots\" content=\"index, follow, max-snippet:-1, max-image-preview:large, max-video-preview:-1\" \/>\n<link rel=\"canonical\" href=\"https:\/\/radioljubuski.ba\/index.php\/2022\/06\/23\/23-lipnja-1991-osnovana-105-brigada-zng-a-iz-bjelovara-2\/\" \/>\n<meta property=\"og:locale\" content=\"hr_HR\" \/>\n<meta property=\"og:type\" content=\"article\" \/>\n<meta property=\"og:title\" content=\"23. lipnja 1991. \u2013 osnovana 105. brigada ZNG-a iz Bjelovara - RADIO LJUBU\u0160KI\" \/>\n<meta property=\"og:description\" content=\"105. brigada ZNG-a iz Bjelovara osnovana je 23. lipnja 1991. Tijekom srpnja formira se \u2018A\u2019 satnija 1. Bojne, a brigada je formalno djelovala pod MUP-om. Po mjesnim zajednicama organizirani su vodovi uglavnom s privatnim naoru\u017eanjem. Prve akcije U po\u010detku kolovoza 2. vod \u2018A\u2019 satnije na podru\u010dju op\u0107ine Slatina u jednoj brzoj akciji osloba\u0111a nekoliko sela [&hellip;]\" \/>\n<meta property=\"og:url\" content=\"https:\/\/radioljubuski.ba\/index.php\/2022\/06\/23\/23-lipnja-1991-osnovana-105-brigada-zng-a-iz-bjelovara-2\/\" \/>\n<meta property=\"og:site_name\" content=\"RADIO LJUBU\u0160KI\" \/>\n<meta property=\"article:publisher\" content=\"https:\/\/www.facebook.com\/Radiio-Ljubuski-1490835324566332\" \/>\n<meta property=\"article:published_time\" content=\"2022-06-23T09:12:38+00:00\" \/>\n<meta property=\"article:modified_time\" content=\"2022-06-23T09:12:39+00:00\" \/>\n<meta property=\"og:image\" content=\"https:\/\/radioljubuski.ba\/wp-content\/uploads\/2022\/06\/FAH-H7260882-e1409862674164-696x392-1.jpg\" \/>\n\t<meta property=\"og:image:width\" content=\"696\" \/>\n\t<meta property=\"og:image:height\" content=\"392\" \/>\n\t<meta property=\"og:image:type\" content=\"image\/jpeg\" \/>\n<meta name=\"author\" content=\"Radio Ljubu\u0161ki\" \/>\n<meta name=\"twitter:card\" content=\"summary_large_image\" \/>\n<meta name=\"twitter:creator\" content=\"@radioljubuski\" \/>\n<meta name=\"twitter:site\" content=\"@radioljubuski\" \/>\n<meta name=\"twitter:label1\" content=\"Napisao\/la\" \/>\n\t<meta name=\"twitter:data1\" content=\"Radio Ljubu\u0161ki\" \/>\n\t<meta name=\"twitter:label2\" content=\"Procijenjeno vrijeme \u010ditanja\" \/>\n\t<meta name=\"twitter:data2\" content=\"3 minute\" \/>\n<script type=\"application\/ld+json\" class=\"yoast-schema-graph\">{\"@context\":\"https:\\\/\\\/schema.org\",\"@graph\":[{\"@type\":\"Article\",\"@id\":\"https:\\\/\\\/radioljubuski.ba\\\/index.php\\\/2022\\\/06\\\/23\\\/23-lipnja-1991-osnovana-105-brigada-zng-a-iz-bjelovara-2\\\/#article\",\"isPartOf\":{\"@id\":\"https:\\\/\\\/radioljubuski.ba\\\/index.php\\\/2022\\\/06\\\/23\\\/23-lipnja-1991-osnovana-105-brigada-zng-a-iz-bjelovara-2\\\/\"},\"author\":{\"name\":\"Radio Ljubu\u0161ki\",\"@id\":\"https:\\\/\\\/radioljubuski.ba\\\/#\\\/schema\\\/person\\\/19fc700381a780f69665d7956c469e3b\"},\"headline\":\"23. lipnja 1991. \u2013 osnovana 105. brigada ZNG-a iz Bjelovara\",\"datePublished\":\"2022-06-23T09:12:38+00:00\",\"dateModified\":\"2022-06-23T09:12:39+00:00\",\"mainEntityOfPage\":{\"@id\":\"https:\\\/\\\/radioljubuski.ba\\\/index.php\\\/2022\\\/06\\\/23\\\/23-lipnja-1991-osnovana-105-brigada-zng-a-iz-bjelovara-2\\\/\"},\"wordCount\":705,\"publisher\":{\"@id\":\"https:\\\/\\\/radioljubuski.ba\\\/#organization\"},\"image\":{\"@id\":\"https:\\\/\\\/radioljubuski.ba\\\/index.php\\\/2022\\\/06\\\/23\\\/23-lipnja-1991-osnovana-105-brigada-zng-a-iz-bjelovara-2\\\/#primaryimage\"},\"thumbnailUrl\":\"https:\\\/\\\/radioljubuski.ba\\\/wp-content\\\/uploads\\\/2022\\\/06\\\/FAH-H7260882-e1409862674164-696x392-1.jpg\",\"articleSection\":[\"BIH i regija\"],\"inLanguage\":\"hr\"},{\"@type\":\"WebPage\",\"@id\":\"https:\\\/\\\/radioljubuski.ba\\\/index.php\\\/2022\\\/06\\\/23\\\/23-lipnja-1991-osnovana-105-brigada-zng-a-iz-bjelovara-2\\\/\",\"url\":\"https:\\\/\\\/radioljubuski.ba\\\/index.php\\\/2022\\\/06\\\/23\\\/23-lipnja-1991-osnovana-105-brigada-zng-a-iz-bjelovara-2\\\/\",\"name\":\"23. lipnja 1991. \u2013 osnovana 105. brigada ZNG-a iz Bjelovara - RADIO LJUBU\u0160KI\",\"isPartOf\":{\"@id\":\"https:\\\/\\\/radioljubuski.ba\\\/#website\"},\"primaryImageOfPage\":{\"@id\":\"https:\\\/\\\/radioljubuski.ba\\\/index.php\\\/2022\\\/06\\\/23\\\/23-lipnja-1991-osnovana-105-brigada-zng-a-iz-bjelovara-2\\\/#primaryimage\"},\"image\":{\"@id\":\"https:\\\/\\\/radioljubuski.ba\\\/index.php\\\/2022\\\/06\\\/23\\\/23-lipnja-1991-osnovana-105-brigada-zng-a-iz-bjelovara-2\\\/#primaryimage\"},\"thumbnailUrl\":\"https:\\\/\\\/radioljubuski.ba\\\/wp-content\\\/uploads\\\/2022\\\/06\\\/FAH-H7260882-e1409862674164-696x392-1.jpg\",\"datePublished\":\"2022-06-23T09:12:38+00:00\",\"dateModified\":\"2022-06-23T09:12:39+00:00\",\"breadcrumb\":{\"@id\":\"https:\\\/\\\/radioljubuski.ba\\\/index.php\\\/2022\\\/06\\\/23\\\/23-lipnja-1991-osnovana-105-brigada-zng-a-iz-bjelovara-2\\\/#breadcrumb\"},\"inLanguage\":\"hr\",\"potentialAction\":[{\"@type\":\"ReadAction\",\"target\":[\"https:\\\/\\\/radioljubuski.ba\\\/index.php\\\/2022\\\/06\\\/23\\\/23-lipnja-1991-osnovana-105-brigada-zng-a-iz-bjelovara-2\\\/\"]}]},{\"@type\":\"ImageObject\",\"inLanguage\":\"hr\",\"@id\":\"https:\\\/\\\/radioljubuski.ba\\\/index.php\\\/2022\\\/06\\\/23\\\/23-lipnja-1991-osnovana-105-brigada-zng-a-iz-bjelovara-2\\\/#primaryimage\",\"url\":\"https:\\\/\\\/radioljubuski.ba\\\/wp-content\\\/uploads\\\/2022\\\/06\\\/FAH-H7260882-e1409862674164-696x392-1.jpg\",\"contentUrl\":\"https:\\\/\\\/radioljubuski.ba\\\/wp-content\\\/uploads\\\/2022\\\/06\\\/FAH-H7260882-e1409862674164-696x392-1.jpg\",\"width\":696,\"height\":392},{\"@type\":\"BreadcrumbList\",\"@id\":\"https:\\\/\\\/radioljubuski.ba\\\/index.php\\\/2022\\\/06\\\/23\\\/23-lipnja-1991-osnovana-105-brigada-zng-a-iz-bjelovara-2\\\/#breadcrumb\",\"itemListElement\":[{\"@type\":\"ListItem\",\"position\":1,\"name\":\"Po\u010detna stranica\",\"item\":\"https:\\\/\\\/radioljubuski.ba\\\/\"},{\"@type\":\"ListItem\",\"position\":2,\"name\":\"23. lipnja 1991. \u2013 osnovana 105. brigada ZNG-a iz Bjelovara\"}]},{\"@type\":\"WebSite\",\"@id\":\"https:\\\/\\\/radioljubuski.ba\\\/#website\",\"url\":\"https:\\\/\\\/radioljubuski.ba\\\/\",\"name\":\"Radio Ljubu\u0161ki\",\"description\":\"Sun\u010dana frekvencija Hercegovine\",\"publisher\":{\"@id\":\"https:\\\/\\\/radioljubuski.ba\\\/#organization\"},\"potentialAction\":[{\"@type\":\"SearchAction\",\"target\":{\"@type\":\"EntryPoint\",\"urlTemplate\":\"https:\\\/\\\/radioljubuski.ba\\\/?s={search_term_string}\"},\"query-input\":{\"@type\":\"PropertyValueSpecification\",\"valueRequired\":true,\"valueName\":\"search_term_string\"}}],\"inLanguage\":\"hr\"},{\"@type\":\"Organization\",\"@id\":\"https:\\\/\\\/radioljubuski.ba\\\/#organization\",\"name\":\"Radio Ljubu\u0161ki\",\"url\":\"https:\\\/\\\/radioljubuski.ba\\\/\",\"logo\":{\"@type\":\"ImageObject\",\"inLanguage\":\"hr\",\"@id\":\"https:\\\/\\\/radioljubuski.ba\\\/#\\\/schema\\\/logo\\\/image\\\/\",\"url\":\"https:\\\/\\\/radioljubuski.ba\\\/wp-content\\\/uploads\\\/2021\\\/02\\\/cropped-Radio_Ljubuski_logo1.jpg\",\"contentUrl\":\"https:\\\/\\\/radioljubuski.ba\\\/wp-content\\\/uploads\\\/2021\\\/02\\\/cropped-Radio_Ljubuski_logo1.jpg\",\"width\":512,\"height\":512,\"caption\":\"Radio Ljubu\u0161ki\"},\"image\":{\"@id\":\"https:\\\/\\\/radioljubuski.ba\\\/#\\\/schema\\\/logo\\\/image\\\/\"},\"sameAs\":[\"https:\\\/\\\/www.facebook.com\\\/Radiio-Ljubuski-1490835324566332\",\"https:\\\/\\\/x.com\\\/radioljubuski\",\"https:\\\/\\\/hr.linkedin.com\\\/company\\\/radio-ljubuski\",\"https:\\\/\\\/www.youtube.com\\\/channel\\\/UCHYaeO_n0Db3tjNGudGpXyw\"]},{\"@type\":\"Person\",\"@id\":\"https:\\\/\\\/radioljubuski.ba\\\/#\\\/schema\\\/person\\\/19fc700381a780f69665d7956c469e3b\",\"name\":\"Radio Ljubu\u0161ki\"}]}<\/script>\n<!-- \/ Yoast SEO plugin. -->","yoast_head_json":{"title":"23. lipnja 1991. \u2013 osnovana 105. brigada ZNG-a iz Bjelovara - RADIO LJUBU\u0160KI","robots":{"index":"index","follow":"follow","max-snippet":"max-snippet:-1","max-image-preview":"max-image-preview:large","max-video-preview":"max-video-preview:-1"},"canonical":"https:\/\/radioljubuski.ba\/index.php\/2022\/06\/23\/23-lipnja-1991-osnovana-105-brigada-zng-a-iz-bjelovara-2\/","og_locale":"hr_HR","og_type":"article","og_title":"23. lipnja 1991. \u2013 osnovana 105. brigada ZNG-a iz Bjelovara - RADIO LJUBU\u0160KI","og_description":"105. brigada ZNG-a iz Bjelovara osnovana je 23. lipnja 1991. Tijekom srpnja formira se \u2018A\u2019 satnija 1. Bojne, a brigada je formalno djelovala pod MUP-om. Po mjesnim zajednicama organizirani su vodovi uglavnom s privatnim naoru\u017eanjem. Prve akcije U po\u010detku kolovoza 2. vod \u2018A\u2019 satnije na podru\u010dju op\u0107ine Slatina u jednoj brzoj akciji osloba\u0111a nekoliko sela [&hellip;]","og_url":"https:\/\/radioljubuski.ba\/index.php\/2022\/06\/23\/23-lipnja-1991-osnovana-105-brigada-zng-a-iz-bjelovara-2\/","og_site_name":"RADIO LJUBU\u0160KI","article_publisher":"https:\/\/www.facebook.com\/Radiio-Ljubuski-1490835324566332","article_published_time":"2022-06-23T09:12:38+00:00","article_modified_time":"2022-06-23T09:12:39+00:00","og_image":[{"width":696,"height":392,"url":"https:\/\/radioljubuski.ba\/wp-content\/uploads\/2022\/06\/FAH-H7260882-e1409862674164-696x392-1.jpg","type":"image\/jpeg"}],"author":"Radio Ljubu\u0161ki","twitter_card":"summary_large_image","twitter_creator":"@radioljubuski","twitter_site":"@radioljubuski","twitter_misc":{"Napisao\/la":"Radio Ljubu\u0161ki","Procijenjeno vrijeme \u010ditanja":"3 minute"},"schema":{"@context":"https:\/\/schema.org","@graph":[{"@type":"Article","@id":"https:\/\/radioljubuski.ba\/index.php\/2022\/06\/23\/23-lipnja-1991-osnovana-105-brigada-zng-a-iz-bjelovara-2\/#article","isPartOf":{"@id":"https:\/\/radioljubuski.ba\/index.php\/2022\/06\/23\/23-lipnja-1991-osnovana-105-brigada-zng-a-iz-bjelovara-2\/"},"author":{"name":"Radio Ljubu\u0161ki","@id":"https:\/\/radioljubuski.ba\/#\/schema\/person\/19fc700381a780f69665d7956c469e3b"},"headline":"23. lipnja 1991. \u2013 osnovana 105. brigada ZNG-a iz Bjelovara","datePublished":"2022-06-23T09:12:38+00:00","dateModified":"2022-06-23T09:12:39+00:00","mainEntityOfPage":{"@id":"https:\/\/radioljubuski.ba\/index.php\/2022\/06\/23\/23-lipnja-1991-osnovana-105-brigada-zng-a-iz-bjelovara-2\/"},"wordCount":705,"publisher":{"@id":"https:\/\/radioljubuski.ba\/#organization"},"image":{"@id":"https:\/\/radioljubuski.ba\/index.php\/2022\/06\/23\/23-lipnja-1991-osnovana-105-brigada-zng-a-iz-bjelovara-2\/#primaryimage"},"thumbnailUrl":"https:\/\/radioljubuski.ba\/wp-content\/uploads\/2022\/06\/FAH-H7260882-e1409862674164-696x392-1.jpg","articleSection":["BIH i regija"],"inLanguage":"hr"},{"@type":"WebPage","@id":"https:\/\/radioljubuski.ba\/index.php\/2022\/06\/23\/23-lipnja-1991-osnovana-105-brigada-zng-a-iz-bjelovara-2\/","url":"https:\/\/radioljubuski.ba\/index.php\/2022\/06\/23\/23-lipnja-1991-osnovana-105-brigada-zng-a-iz-bjelovara-2\/","name":"23. lipnja 1991. \u2013 osnovana 105. brigada ZNG-a iz Bjelovara - RADIO LJUBU\u0160KI","isPartOf":{"@id":"https:\/\/radioljubuski.ba\/#website"},"primaryImageOfPage":{"@id":"https:\/\/radioljubuski.ba\/index.php\/2022\/06\/23\/23-lipnja-1991-osnovana-105-brigada-zng-a-iz-bjelovara-2\/#primaryimage"},"image":{"@id":"https:\/\/radioljubuski.ba\/index.php\/2022\/06\/23\/23-lipnja-1991-osnovana-105-brigada-zng-a-iz-bjelovara-2\/#primaryimage"},"thumbnailUrl":"https:\/\/radioljubuski.ba\/wp-content\/uploads\/2022\/06\/FAH-H7260882-e1409862674164-696x392-1.jpg","datePublished":"2022-06-23T09:12:38+00:00","dateModified":"2022-06-23T09:12:39+00:00","breadcrumb":{"@id":"https:\/\/radioljubuski.ba\/index.php\/2022\/06\/23\/23-lipnja-1991-osnovana-105-brigada-zng-a-iz-bjelovara-2\/#breadcrumb"},"inLanguage":"hr","potentialAction":[{"@type":"ReadAction","target":["https:\/\/radioljubuski.ba\/index.php\/2022\/06\/23\/23-lipnja-1991-osnovana-105-brigada-zng-a-iz-bjelovara-2\/"]}]},{"@type":"ImageObject","inLanguage":"hr","@id":"https:\/\/radioljubuski.ba\/index.php\/2022\/06\/23\/23-lipnja-1991-osnovana-105-brigada-zng-a-iz-bjelovara-2\/#primaryimage","url":"https:\/\/radioljubuski.ba\/wp-content\/uploads\/2022\/06\/FAH-H7260882-e1409862674164-696x392-1.jpg","contentUrl":"https:\/\/radioljubuski.ba\/wp-content\/uploads\/2022\/06\/FAH-H7260882-e1409862674164-696x392-1.jpg","width":696,"height":392},{"@type":"BreadcrumbList","@id":"https:\/\/radioljubuski.ba\/index.php\/2022\/06\/23\/23-lipnja-1991-osnovana-105-brigada-zng-a-iz-bjelovara-2\/#breadcrumb","itemListElement":[{"@type":"ListItem","position":1,"name":"Po\u010detna stranica","item":"https:\/\/radioljubuski.ba\/"},{"@type":"ListItem","position":2,"name":"23. lipnja 1991. \u2013 osnovana 105. brigada ZNG-a iz Bjelovara"}]},{"@type":"WebSite","@id":"https:\/\/radioljubuski.ba\/#website","url":"https:\/\/radioljubuski.ba\/","name":"Radio Ljubu\u0161ki","description":"Sun\u010dana frekvencija Hercegovine","publisher":{"@id":"https:\/\/radioljubuski.ba\/#organization"},"potentialAction":[{"@type":"SearchAction","target":{"@type":"EntryPoint","urlTemplate":"https:\/\/radioljubuski.ba\/?s={search_term_string}"},"query-input":{"@type":"PropertyValueSpecification","valueRequired":true,"valueName":"search_term_string"}}],"inLanguage":"hr"},{"@type":"Organization","@id":"https:\/\/radioljubuski.ba\/#organization","name":"Radio Ljubu\u0161ki","url":"https:\/\/radioljubuski.ba\/","logo":{"@type":"ImageObject","inLanguage":"hr","@id":"https:\/\/radioljubuski.ba\/#\/schema\/logo\/image\/","url":"https:\/\/radioljubuski.ba\/wp-content\/uploads\/2021\/02\/cropped-Radio_Ljubuski_logo1.jpg","contentUrl":"https:\/\/radioljubuski.ba\/wp-content\/uploads\/2021\/02\/cropped-Radio_Ljubuski_logo1.jpg","width":512,"height":512,"caption":"Radio Ljubu\u0161ki"},"image":{"@id":"https:\/\/radioljubuski.ba\/#\/schema\/logo\/image\/"},"sameAs":["https:\/\/www.facebook.com\/Radiio-Ljubuski-1490835324566332","https:\/\/x.com\/radioljubuski","https:\/\/hr.linkedin.com\/company\/radio-ljubuski","https:\/\/www.youtube.com\/channel\/UCHYaeO_n0Db3tjNGudGpXyw"]},{"@type":"Person","@id":"https:\/\/radioljubuski.ba\/#\/schema\/person\/19fc700381a780f69665d7956c469e3b","name":"Radio Ljubu\u0161ki"}]}},"_links":{"self":[{"href":"https:\/\/radioljubuski.ba\/index.php\/wp-json\/wp\/v2\/posts\/152522","targetHints":{"allow":["GET"]}}],"collection":[{"href":"https:\/\/radioljubuski.ba\/index.php\/wp-json\/wp\/v2\/posts"}],"about":[{"href":"https:\/\/radioljubuski.ba\/index.php\/wp-json\/wp\/v2\/types\/post"}],"author":[{"embeddable":true,"href":"https:\/\/radioljubuski.ba\/index.php\/wp-json\/wp\/v2\/users\/2"}],"replies":[{"embeddable":true,"href":"https:\/\/radioljubuski.ba\/index.php\/wp-json\/wp\/v2\/comments?post=152522"}],"version-history":[{"count":1,"href":"https:\/\/radioljubuski.ba\/index.php\/wp-json\/wp\/v2\/posts\/152522\/revisions"}],"predecessor-version":[{"id":152524,"href":"https:\/\/radioljubuski.ba\/index.php\/wp-json\/wp\/v2\/posts\/152522\/revisions\/152524"}],"wp:featuredmedia":[{"embeddable":true,"href":"https:\/\/radioljubuski.ba\/index.php\/wp-json\/wp\/v2\/media\/152523"}],"wp:attachment":[{"href":"https:\/\/radioljubuski.ba\/index.php\/wp-json\/wp\/v2\/media?parent=152522"}],"wp:term":[{"taxonomy":"category","embeddable":true,"href":"https:\/\/radioljubuski.ba\/index.php\/wp-json\/wp\/v2\/categories?post=152522"},{"taxonomy":"post_tag","embeddable":true,"href":"https:\/\/radioljubuski.ba\/index.php\/wp-json\/wp\/v2\/tags?post=152522"}],"curies":[{"name":"wp","href":"https:\/\/api.w.org\/{rel}","templated":true}]}}