{"id":152525,"date":"2022-06-23T10:14:21","date_gmt":"2022-06-23T09:14:21","guid":{"rendered":"https:\/\/radioljubuski.ba\/?p=152525"},"modified":"2022-06-23T10:14:22","modified_gmt":"2022-06-23T09:14:22","slug":"23-lipnja-2006-umro-damir-mejovsek-glumac-koji-je-volio-hrvatsku","status":"publish","type":"post","link":"https:\/\/radioljubuski.ba\/index.php\/2022\/06\/23\/23-lipnja-2006-umro-damir-mejovsek-glumac-koji-je-volio-hrvatsku\/","title":{"rendered":"23. lipnja 2006. umro Damir Mejov\u0161ek \u2013 glumac koji je volio Hrvatsku"},"content":{"rendered":"\n<p><strong>Na dana\u0161nji dan 23. lipnja 2006. umro je u Zagrebu Damir Mejov\u0161ek, hrvatski dramski umjetnik i jedna od prvih javnih osoba koja se javno izjasnila u vrijeme komunizma da podr\u017eava HDZ i borbu za samostalnu Hrvatsku.<\/strong><\/p>\n\n\n\n<iframe loading=\"lazy\" title=\"Ivo \u0160tivi\u010di\u0107: Gluma\u010dki portret: Dragan Milivojevi\u0107\" width=\"640\" height=\"480\" src=\"https:\/\/www.youtube.com\/embed\/hsPbTscicUk?feature=oembed\" frameborder=\"0\" allow=\"accelerometer; autoplay; clipboard-write; encrypted-media; gyroscope; picture-in-picture; web-share\" referrerpolicy=\"strict-origin-when-cross-origin\" allowfullscreen><\/iframe>\n\n\n\n<p>Malo ljudi zna da je ovaj glumac ro\u0111en na obalama Neretve, u gradu Metkovi\u0107u 1933.<\/p>\n\n\n\n<p>Bio je dugogodi\u0161nji \u010dlan Drame Hrvatskoga narodnog kazali\u0161ta u Zagrebu. Diplomirao je na zagreba\u010dkoj Akademiji za kazali\u0161nu umjetnost, a prvi anga\u017eman dobio je 1962. u kazali\u0161tu Komedija. U ulozi mljekara Tevyea u \u201cGusla\u010du na krovu\u201d u samo jednoj sezoni imao je \u010dak 250 nastupa. Godine 1979. pre\u0161ao je u HNK u Zagrebu. U bogatoj karijeri odigrao je vi\u0161e od 200 uloga, a igrao je u svim zagreba\u010dkim i kazali\u0161tima u cijeloj Hrvatskoj. Glumio je i u mnogim televizijskim serijama, radio-dramama i zabavnim emisijama.<\/p>\n\n\n\n<p>Objavio i knjigu pjesama nadahnutih Domovinskim ratom Pakao u obe\u0107anom raju (2001).<\/p>\n\n\n\n<p>Snimio je preko 50 koprodukcijskih filmova na engleskom, njema\u010dkom i talijanskom, te ruskom. Bavio se jahanjem i ma\u010devanjem, kao i borila\u010dkim vje\u0161tinama.<\/p>\n\n\n\n<h3 class=\"wp-block-heading\"><strong>Politi\u010dka karijera<\/strong><\/h3>\n\n\n\n<p>Bio je \u010dlan onog izvornog Tu\u0111manovog HDZ-a i jedna je od prvih javnih osoba koja je podr\u017eala rad i djelo pokojnog predsjednika Tu\u0111mana. Izabran je na listi HDZ-a u prvi vi\u0161estrana\u010dki Sabor gdje se, zajedno sa kolegama glumcem Martinom Sagnerom i Borisom Buzan\u010di\u0107em, istaknuo otkrivanjem projugoslavenskog i antihrvatskog djelovanja mnogih glumaca i kulturnjaka koji su podupirali Jugoslaviju i njeno djelovanje.<\/p>\n\n\n\n<p>U srpnju 1991. kratko je vrijeme bio zamjenik ministra obrane, kasnije savjetnik u tom ministarstvu.<\/p>\n\n\n\n<p>Ubrzo se vratio u HNK u Zagrebu u kojem je ostao do odlaska u mirovinu 1996. godine.<\/p>\n\n\n\n<p><em>Izvor: narod.hr<\/em><\/p>\n","protected":false},"excerpt":{"rendered":"<p>Na dana\u0161nji dan 23. lipnja 2006. umro je u Zagrebu Damir Mejov\u0161ek, hrvatski dramski umjetnik i jedna od prvih javnih osoba koja se javno izjasnila u vrijeme komunizma da podr\u017eava HDZ i borbu za samostalnu Hrvatsku. Malo ljudi zna da je ovaj glumac ro\u0111en na obalama Neretve, u gradu Metkovi\u0107u 1933. Bio je dugogodi\u0161nji \u010dlan [&hellip;]<\/p>\n","protected":false},"author":2,"featured_media":152526,"comment_status":"closed","ping_status":"closed","sticky":false,"template":"","format":"standard","meta":{"h5ap_radio_sources":[],"footnotes":""},"categories":[1],"tags":[],"class_list":["post-152525","post","type-post","status-publish","format-standard","has-post-thumbnail","hentry","category-bihiregija"],"yoast_head":"<!-- This site is optimized with the Yoast SEO plugin v27.4 - https:\/\/yoast.com\/product\/yoast-seo-wordpress\/ -->\n<title>23. lipnja 2006. umro Damir Mejov\u0161ek \u2013 glumac koji je volio Hrvatsku - RADIO LJUBU\u0160KI<\/title>\n<meta name=\"robots\" content=\"index, follow, max-snippet:-1, max-image-preview:large, max-video-preview:-1\" \/>\n<link rel=\"canonical\" href=\"https:\/\/radioljubuski.ba\/index.php\/2022\/06\/23\/23-lipnja-2006-umro-damir-mejovsek-glumac-koji-je-volio-hrvatsku\/\" \/>\n<meta property=\"og:locale\" content=\"hr_HR\" \/>\n<meta property=\"og:type\" content=\"article\" \/>\n<meta property=\"og:title\" content=\"23. lipnja 2006. umro Damir Mejov\u0161ek \u2013 glumac koji je volio Hrvatsku - RADIO LJUBU\u0160KI\" \/>\n<meta property=\"og:description\" content=\"Na dana\u0161nji dan 23. lipnja 2006. umro je u Zagrebu Damir Mejov\u0161ek, hrvatski dramski umjetnik i jedna od prvih javnih osoba koja se javno izjasnila u vrijeme komunizma da podr\u017eava HDZ i borbu za samostalnu Hrvatsku. Malo ljudi zna da je ovaj glumac ro\u0111en na obalama Neretve, u gradu Metkovi\u0107u 1933. Bio je dugogodi\u0161nji \u010dlan [&hellip;]\" \/>\n<meta property=\"og:url\" content=\"https:\/\/radioljubuski.ba\/index.php\/2022\/06\/23\/23-lipnja-2006-umro-damir-mejovsek-glumac-koji-je-volio-hrvatsku\/\" \/>\n<meta property=\"og:site_name\" content=\"RADIO LJUBU\u0160KI\" \/>\n<meta property=\"article:publisher\" content=\"https:\/\/www.facebook.com\/Radiio-Ljubuski-1490835324566332\" \/>\n<meta property=\"article:published_time\" content=\"2022-06-23T09:14:21+00:00\" \/>\n<meta property=\"article:modified_time\" content=\"2022-06-23T09:14:22+00:00\" \/>\n<meta property=\"og:image\" content=\"https:\/\/radioljubuski.ba\/wp-content\/uploads\/2022\/06\/damir-mejovsek-696x450-1.jpg\" \/>\n\t<meta property=\"og:image:width\" content=\"696\" \/>\n\t<meta property=\"og:image:height\" content=\"450\" \/>\n\t<meta property=\"og:image:type\" content=\"image\/jpeg\" \/>\n<meta name=\"author\" content=\"Radio Ljubu\u0161ki\" \/>\n<meta name=\"twitter:card\" content=\"summary_large_image\" \/>\n<meta name=\"twitter:creator\" content=\"@radioljubuski\" \/>\n<meta name=\"twitter:site\" content=\"@radioljubuski\" \/>\n<meta name=\"twitter:label1\" content=\"Napisao\/la\" \/>\n\t<meta name=\"twitter:data1\" content=\"Radio Ljubu\u0161ki\" \/>\n\t<meta name=\"twitter:label2\" content=\"Procijenjeno vrijeme \u010ditanja\" \/>\n\t<meta name=\"twitter:data2\" content=\"2 minute\" \/>\n<script type=\"application\/ld+json\" class=\"yoast-schema-graph\">{\"@context\":\"https:\\\/\\\/schema.org\",\"@graph\":[{\"@type\":\"Article\",\"@id\":\"https:\\\/\\\/radioljubuski.ba\\\/index.php\\\/2022\\\/06\\\/23\\\/23-lipnja-2006-umro-damir-mejovsek-glumac-koji-je-volio-hrvatsku\\\/#article\",\"isPartOf\":{\"@id\":\"https:\\\/\\\/radioljubuski.ba\\\/index.php\\\/2022\\\/06\\\/23\\\/23-lipnja-2006-umro-damir-mejovsek-glumac-koji-je-volio-hrvatsku\\\/\"},\"author\":{\"name\":\"Radio Ljubu\u0161ki\",\"@id\":\"https:\\\/\\\/radioljubuski.ba\\\/#\\\/schema\\\/person\\\/19fc700381a780f69665d7956c469e3b\"},\"headline\":\"23. lipnja 2006. umro Damir Mejov\u0161ek \u2013 glumac koji je volio Hrvatsku\",\"datePublished\":\"2022-06-23T09:14:21+00:00\",\"dateModified\":\"2022-06-23T09:14:22+00:00\",\"mainEntityOfPage\":{\"@id\":\"https:\\\/\\\/radioljubuski.ba\\\/index.php\\\/2022\\\/06\\\/23\\\/23-lipnja-2006-umro-damir-mejovsek-glumac-koji-je-volio-hrvatsku\\\/\"},\"wordCount\":300,\"publisher\":{\"@id\":\"https:\\\/\\\/radioljubuski.ba\\\/#organization\"},\"image\":{\"@id\":\"https:\\\/\\\/radioljubuski.ba\\\/index.php\\\/2022\\\/06\\\/23\\\/23-lipnja-2006-umro-damir-mejovsek-glumac-koji-je-volio-hrvatsku\\\/#primaryimage\"},\"thumbnailUrl\":\"https:\\\/\\\/radioljubuski.ba\\\/wp-content\\\/uploads\\\/2022\\\/06\\\/damir-mejovsek-696x450-1.jpg\",\"articleSection\":[\"BIH i regija\"],\"inLanguage\":\"hr\"},{\"@type\":\"WebPage\",\"@id\":\"https:\\\/\\\/radioljubuski.ba\\\/index.php\\\/2022\\\/06\\\/23\\\/23-lipnja-2006-umro-damir-mejovsek-glumac-koji-je-volio-hrvatsku\\\/\",\"url\":\"https:\\\/\\\/radioljubuski.ba\\\/index.php\\\/2022\\\/06\\\/23\\\/23-lipnja-2006-umro-damir-mejovsek-glumac-koji-je-volio-hrvatsku\\\/\",\"name\":\"23. lipnja 2006. umro Damir Mejov\u0161ek \u2013 glumac koji je volio Hrvatsku - RADIO LJUBU\u0160KI\",\"isPartOf\":{\"@id\":\"https:\\\/\\\/radioljubuski.ba\\\/#website\"},\"primaryImageOfPage\":{\"@id\":\"https:\\\/\\\/radioljubuski.ba\\\/index.php\\\/2022\\\/06\\\/23\\\/23-lipnja-2006-umro-damir-mejovsek-glumac-koji-je-volio-hrvatsku\\\/#primaryimage\"},\"image\":{\"@id\":\"https:\\\/\\\/radioljubuski.ba\\\/index.php\\\/2022\\\/06\\\/23\\\/23-lipnja-2006-umro-damir-mejovsek-glumac-koji-je-volio-hrvatsku\\\/#primaryimage\"},\"thumbnailUrl\":\"https:\\\/\\\/radioljubuski.ba\\\/wp-content\\\/uploads\\\/2022\\\/06\\\/damir-mejovsek-696x450-1.jpg\",\"datePublished\":\"2022-06-23T09:14:21+00:00\",\"dateModified\":\"2022-06-23T09:14:22+00:00\",\"breadcrumb\":{\"@id\":\"https:\\\/\\\/radioljubuski.ba\\\/index.php\\\/2022\\\/06\\\/23\\\/23-lipnja-2006-umro-damir-mejovsek-glumac-koji-je-volio-hrvatsku\\\/#breadcrumb\"},\"inLanguage\":\"hr\",\"potentialAction\":[{\"@type\":\"ReadAction\",\"target\":[\"https:\\\/\\\/radioljubuski.ba\\\/index.php\\\/2022\\\/06\\\/23\\\/23-lipnja-2006-umro-damir-mejovsek-glumac-koji-je-volio-hrvatsku\\\/\"]}]},{\"@type\":\"ImageObject\",\"inLanguage\":\"hr\",\"@id\":\"https:\\\/\\\/radioljubuski.ba\\\/index.php\\\/2022\\\/06\\\/23\\\/23-lipnja-2006-umro-damir-mejovsek-glumac-koji-je-volio-hrvatsku\\\/#primaryimage\",\"url\":\"https:\\\/\\\/radioljubuski.ba\\\/wp-content\\\/uploads\\\/2022\\\/06\\\/damir-mejovsek-696x450-1.jpg\",\"contentUrl\":\"https:\\\/\\\/radioljubuski.ba\\\/wp-content\\\/uploads\\\/2022\\\/06\\\/damir-mejovsek-696x450-1.jpg\",\"width\":696,\"height\":450},{\"@type\":\"BreadcrumbList\",\"@id\":\"https:\\\/\\\/radioljubuski.ba\\\/index.php\\\/2022\\\/06\\\/23\\\/23-lipnja-2006-umro-damir-mejovsek-glumac-koji-je-volio-hrvatsku\\\/#breadcrumb\",\"itemListElement\":[{\"@type\":\"ListItem\",\"position\":1,\"name\":\"Po\u010detna stranica\",\"item\":\"https:\\\/\\\/radioljubuski.ba\\\/\"},{\"@type\":\"ListItem\",\"position\":2,\"name\":\"23. lipnja 2006. umro Damir Mejov\u0161ek \u2013 glumac koji je volio Hrvatsku\"}]},{\"@type\":\"WebSite\",\"@id\":\"https:\\\/\\\/radioljubuski.ba\\\/#website\",\"url\":\"https:\\\/\\\/radioljubuski.ba\\\/\",\"name\":\"Radio Ljubu\u0161ki\",\"description\":\"Sun\u010dana frekvencija Hercegovine\",\"publisher\":{\"@id\":\"https:\\\/\\\/radioljubuski.ba\\\/#organization\"},\"potentialAction\":[{\"@type\":\"SearchAction\",\"target\":{\"@type\":\"EntryPoint\",\"urlTemplate\":\"https:\\\/\\\/radioljubuski.ba\\\/?s={search_term_string}\"},\"query-input\":{\"@type\":\"PropertyValueSpecification\",\"valueRequired\":true,\"valueName\":\"search_term_string\"}}],\"inLanguage\":\"hr\"},{\"@type\":\"Organization\",\"@id\":\"https:\\\/\\\/radioljubuski.ba\\\/#organization\",\"name\":\"Radio Ljubu\u0161ki\",\"url\":\"https:\\\/\\\/radioljubuski.ba\\\/\",\"logo\":{\"@type\":\"ImageObject\",\"inLanguage\":\"hr\",\"@id\":\"https:\\\/\\\/radioljubuski.ba\\\/#\\\/schema\\\/logo\\\/image\\\/\",\"url\":\"https:\\\/\\\/radioljubuski.ba\\\/wp-content\\\/uploads\\\/2021\\\/02\\\/cropped-Radio_Ljubuski_logo1.jpg\",\"contentUrl\":\"https:\\\/\\\/radioljubuski.ba\\\/wp-content\\\/uploads\\\/2021\\\/02\\\/cropped-Radio_Ljubuski_logo1.jpg\",\"width\":512,\"height\":512,\"caption\":\"Radio Ljubu\u0161ki\"},\"image\":{\"@id\":\"https:\\\/\\\/radioljubuski.ba\\\/#\\\/schema\\\/logo\\\/image\\\/\"},\"sameAs\":[\"https:\\\/\\\/www.facebook.com\\\/Radiio-Ljubuski-1490835324566332\",\"https:\\\/\\\/x.com\\\/radioljubuski\",\"https:\\\/\\\/hr.linkedin.com\\\/company\\\/radio-ljubuski\",\"https:\\\/\\\/www.youtube.com\\\/channel\\\/UCHYaeO_n0Db3tjNGudGpXyw\"]},{\"@type\":\"Person\",\"@id\":\"https:\\\/\\\/radioljubuski.ba\\\/#\\\/schema\\\/person\\\/19fc700381a780f69665d7956c469e3b\",\"name\":\"Radio Ljubu\u0161ki\"}]}<\/script>\n<!-- \/ Yoast SEO plugin. -->","yoast_head_json":{"title":"23. lipnja 2006. umro Damir Mejov\u0161ek \u2013 glumac koji je volio Hrvatsku - RADIO LJUBU\u0160KI","robots":{"index":"index","follow":"follow","max-snippet":"max-snippet:-1","max-image-preview":"max-image-preview:large","max-video-preview":"max-video-preview:-1"},"canonical":"https:\/\/radioljubuski.ba\/index.php\/2022\/06\/23\/23-lipnja-2006-umro-damir-mejovsek-glumac-koji-je-volio-hrvatsku\/","og_locale":"hr_HR","og_type":"article","og_title":"23. lipnja 2006. umro Damir Mejov\u0161ek \u2013 glumac koji je volio Hrvatsku - RADIO LJUBU\u0160KI","og_description":"Na dana\u0161nji dan 23. lipnja 2006. umro je u Zagrebu Damir Mejov\u0161ek, hrvatski dramski umjetnik i jedna od prvih javnih osoba koja se javno izjasnila u vrijeme komunizma da podr\u017eava HDZ i borbu za samostalnu Hrvatsku. Malo ljudi zna da je ovaj glumac ro\u0111en na obalama Neretve, u gradu Metkovi\u0107u 1933. Bio je dugogodi\u0161nji \u010dlan [&hellip;]","og_url":"https:\/\/radioljubuski.ba\/index.php\/2022\/06\/23\/23-lipnja-2006-umro-damir-mejovsek-glumac-koji-je-volio-hrvatsku\/","og_site_name":"RADIO LJUBU\u0160KI","article_publisher":"https:\/\/www.facebook.com\/Radiio-Ljubuski-1490835324566332","article_published_time":"2022-06-23T09:14:21+00:00","article_modified_time":"2022-06-23T09:14:22+00:00","og_image":[{"width":696,"height":450,"url":"https:\/\/radioljubuski.ba\/wp-content\/uploads\/2022\/06\/damir-mejovsek-696x450-1.jpg","type":"image\/jpeg"}],"author":"Radio Ljubu\u0161ki","twitter_card":"summary_large_image","twitter_creator":"@radioljubuski","twitter_site":"@radioljubuski","twitter_misc":{"Napisao\/la":"Radio Ljubu\u0161ki","Procijenjeno vrijeme \u010ditanja":"2 minute"},"schema":{"@context":"https:\/\/schema.org","@graph":[{"@type":"Article","@id":"https:\/\/radioljubuski.ba\/index.php\/2022\/06\/23\/23-lipnja-2006-umro-damir-mejovsek-glumac-koji-je-volio-hrvatsku\/#article","isPartOf":{"@id":"https:\/\/radioljubuski.ba\/index.php\/2022\/06\/23\/23-lipnja-2006-umro-damir-mejovsek-glumac-koji-je-volio-hrvatsku\/"},"author":{"name":"Radio Ljubu\u0161ki","@id":"https:\/\/radioljubuski.ba\/#\/schema\/person\/19fc700381a780f69665d7956c469e3b"},"headline":"23. lipnja 2006. umro Damir Mejov\u0161ek \u2013 glumac koji je volio Hrvatsku","datePublished":"2022-06-23T09:14:21+00:00","dateModified":"2022-06-23T09:14:22+00:00","mainEntityOfPage":{"@id":"https:\/\/radioljubuski.ba\/index.php\/2022\/06\/23\/23-lipnja-2006-umro-damir-mejovsek-glumac-koji-je-volio-hrvatsku\/"},"wordCount":300,"publisher":{"@id":"https:\/\/radioljubuski.ba\/#organization"},"image":{"@id":"https:\/\/radioljubuski.ba\/index.php\/2022\/06\/23\/23-lipnja-2006-umro-damir-mejovsek-glumac-koji-je-volio-hrvatsku\/#primaryimage"},"thumbnailUrl":"https:\/\/radioljubuski.ba\/wp-content\/uploads\/2022\/06\/damir-mejovsek-696x450-1.jpg","articleSection":["BIH i regija"],"inLanguage":"hr"},{"@type":"WebPage","@id":"https:\/\/radioljubuski.ba\/index.php\/2022\/06\/23\/23-lipnja-2006-umro-damir-mejovsek-glumac-koji-je-volio-hrvatsku\/","url":"https:\/\/radioljubuski.ba\/index.php\/2022\/06\/23\/23-lipnja-2006-umro-damir-mejovsek-glumac-koji-je-volio-hrvatsku\/","name":"23. lipnja 2006. umro Damir Mejov\u0161ek \u2013 glumac koji je volio Hrvatsku - RADIO LJUBU\u0160KI","isPartOf":{"@id":"https:\/\/radioljubuski.ba\/#website"},"primaryImageOfPage":{"@id":"https:\/\/radioljubuski.ba\/index.php\/2022\/06\/23\/23-lipnja-2006-umro-damir-mejovsek-glumac-koji-je-volio-hrvatsku\/#primaryimage"},"image":{"@id":"https:\/\/radioljubuski.ba\/index.php\/2022\/06\/23\/23-lipnja-2006-umro-damir-mejovsek-glumac-koji-je-volio-hrvatsku\/#primaryimage"},"thumbnailUrl":"https:\/\/radioljubuski.ba\/wp-content\/uploads\/2022\/06\/damir-mejovsek-696x450-1.jpg","datePublished":"2022-06-23T09:14:21+00:00","dateModified":"2022-06-23T09:14:22+00:00","breadcrumb":{"@id":"https:\/\/radioljubuski.ba\/index.php\/2022\/06\/23\/23-lipnja-2006-umro-damir-mejovsek-glumac-koji-je-volio-hrvatsku\/#breadcrumb"},"inLanguage":"hr","potentialAction":[{"@type":"ReadAction","target":["https:\/\/radioljubuski.ba\/index.php\/2022\/06\/23\/23-lipnja-2006-umro-damir-mejovsek-glumac-koji-je-volio-hrvatsku\/"]}]},{"@type":"ImageObject","inLanguage":"hr","@id":"https:\/\/radioljubuski.ba\/index.php\/2022\/06\/23\/23-lipnja-2006-umro-damir-mejovsek-glumac-koji-je-volio-hrvatsku\/#primaryimage","url":"https:\/\/radioljubuski.ba\/wp-content\/uploads\/2022\/06\/damir-mejovsek-696x450-1.jpg","contentUrl":"https:\/\/radioljubuski.ba\/wp-content\/uploads\/2022\/06\/damir-mejovsek-696x450-1.jpg","width":696,"height":450},{"@type":"BreadcrumbList","@id":"https:\/\/radioljubuski.ba\/index.php\/2022\/06\/23\/23-lipnja-2006-umro-damir-mejovsek-glumac-koji-je-volio-hrvatsku\/#breadcrumb","itemListElement":[{"@type":"ListItem","position":1,"name":"Po\u010detna stranica","item":"https:\/\/radioljubuski.ba\/"},{"@type":"ListItem","position":2,"name":"23. lipnja 2006. umro Damir Mejov\u0161ek \u2013 glumac koji je volio Hrvatsku"}]},{"@type":"WebSite","@id":"https:\/\/radioljubuski.ba\/#website","url":"https:\/\/radioljubuski.ba\/","name":"Radio Ljubu\u0161ki","description":"Sun\u010dana frekvencija Hercegovine","publisher":{"@id":"https:\/\/radioljubuski.ba\/#organization"},"potentialAction":[{"@type":"SearchAction","target":{"@type":"EntryPoint","urlTemplate":"https:\/\/radioljubuski.ba\/?s={search_term_string}"},"query-input":{"@type":"PropertyValueSpecification","valueRequired":true,"valueName":"search_term_string"}}],"inLanguage":"hr"},{"@type":"Organization","@id":"https:\/\/radioljubuski.ba\/#organization","name":"Radio Ljubu\u0161ki","url":"https:\/\/radioljubuski.ba\/","logo":{"@type":"ImageObject","inLanguage":"hr","@id":"https:\/\/radioljubuski.ba\/#\/schema\/logo\/image\/","url":"https:\/\/radioljubuski.ba\/wp-content\/uploads\/2021\/02\/cropped-Radio_Ljubuski_logo1.jpg","contentUrl":"https:\/\/radioljubuski.ba\/wp-content\/uploads\/2021\/02\/cropped-Radio_Ljubuski_logo1.jpg","width":512,"height":512,"caption":"Radio Ljubu\u0161ki"},"image":{"@id":"https:\/\/radioljubuski.ba\/#\/schema\/logo\/image\/"},"sameAs":["https:\/\/www.facebook.com\/Radiio-Ljubuski-1490835324566332","https:\/\/x.com\/radioljubuski","https:\/\/hr.linkedin.com\/company\/radio-ljubuski","https:\/\/www.youtube.com\/channel\/UCHYaeO_n0Db3tjNGudGpXyw"]},{"@type":"Person","@id":"https:\/\/radioljubuski.ba\/#\/schema\/person\/19fc700381a780f69665d7956c469e3b","name":"Radio Ljubu\u0161ki"}]}},"_links":{"self":[{"href":"https:\/\/radioljubuski.ba\/index.php\/wp-json\/wp\/v2\/posts\/152525","targetHints":{"allow":["GET"]}}],"collection":[{"href":"https:\/\/radioljubuski.ba\/index.php\/wp-json\/wp\/v2\/posts"}],"about":[{"href":"https:\/\/radioljubuski.ba\/index.php\/wp-json\/wp\/v2\/types\/post"}],"author":[{"embeddable":true,"href":"https:\/\/radioljubuski.ba\/index.php\/wp-json\/wp\/v2\/users\/2"}],"replies":[{"embeddable":true,"href":"https:\/\/radioljubuski.ba\/index.php\/wp-json\/wp\/v2\/comments?post=152525"}],"version-history":[{"count":1,"href":"https:\/\/radioljubuski.ba\/index.php\/wp-json\/wp\/v2\/posts\/152525\/revisions"}],"predecessor-version":[{"id":152527,"href":"https:\/\/radioljubuski.ba\/index.php\/wp-json\/wp\/v2\/posts\/152525\/revisions\/152527"}],"wp:featuredmedia":[{"embeddable":true,"href":"https:\/\/radioljubuski.ba\/index.php\/wp-json\/wp\/v2\/media\/152526"}],"wp:attachment":[{"href":"https:\/\/radioljubuski.ba\/index.php\/wp-json\/wp\/v2\/media?parent=152525"}],"wp:term":[{"taxonomy":"category","embeddable":true,"href":"https:\/\/radioljubuski.ba\/index.php\/wp-json\/wp\/v2\/categories?post=152525"},{"taxonomy":"post_tag","embeddable":true,"href":"https:\/\/radioljubuski.ba\/index.php\/wp-json\/wp\/v2\/tags?post=152525"}],"curies":[{"name":"wp","href":"https:\/\/api.w.org\/{rel}","templated":true}]}}