{"id":152534,"date":"2022-06-23T10:20:56","date_gmt":"2022-06-23T09:20:56","guid":{"rendered":"https:\/\/radioljubuski.ba\/?p=152534"},"modified":"2022-06-23T10:20:58","modified_gmt":"2022-06-23T09:20:58","slug":"clanice-eu-a-odlucuju-o-tome-hoce-li-se-ukrajini-i-moldaviji-dodijeliti-status-kandidata","status":"publish","type":"post","link":"https:\/\/radioljubuski.ba\/index.php\/2022\/06\/23\/clanice-eu-a-odlucuju-o-tome-hoce-li-se-ukrajini-i-moldaviji-dodijeliti-status-kandidata\/","title":{"rendered":"\u010clanice EU-a odlu\u010duju o tome ho\u0107e li se Ukrajini i Moldaviji dodijeliti status kandidata"},"content":{"rendered":"\n<p>Rat u Ukrajini u\u0161ao je u 120. dan, a \u010delnici zemalja \u010dlanica Europske unije odlu\u010dit \u0107e u \u010detvrtak ho\u0107e li se Ukrajini dodijeliti status kandidata. Borbe u toj zemlji i dalje traju. 27 \u010delnika zemalja Europske unije trebalo bi na sastanku u Bruxellesu podr\u017eati davanje statusa kandidata za \u010dlanstvo u EU-u Ukrajini i Moldaviji. Ukrajina je ratificirala Istanbulsku konvenciju uo\u010di summita EU-a na kojem \u0107e se raspravljati o njihovoj kandidaturi.<\/p>\n\n\n\n<h3 class=\"wp-block-heading\"><strong>Imali bi pristup fondovima<\/strong><\/h3>\n\n\n\n<p>\u2013 Kao zemlja kandidatkinja, imali bi pristup strukturnim fondovima Europske unije. Oni su apsolutno nemjerljivi sa sredstvima koja smo imali prije i potpuno \u0107e biti usmjereni na obnovu Ukrajine i izgradnju odr\u017eivog konkurentnog gospodarstva, rekla je Olha Stefanichina, potpredsjednica ukrajinske Vlade za EU i euroatlanstske integracije.<\/p>\n\n\n\n<p>Ukrajinski predsjednik Volodimir Zelenskij rekao je da je Ukrajina to zaslu\u017eila.<\/p>\n\n\n\n<p>\u201cTo je vrlo klju\u010dan trenutak za nas. Neki iz moga tima ka\u017eu da idemo u svjetlo iz tame\u201d, poru\u010dio je.<\/p>\n\n\n\n<h3 class=\"wp-block-heading\"><strong>Pritisak na Rusiju<\/strong><\/h3>\n\n\n\n<p>Njema\u010dki kancelar Olaf Scholz \u017eeli da se za Ukrajinu pripremi neka vrsta Marshallova plana.<\/p>\n\n\n\n<p>S druge strane, Sjedinjene Ameri\u010dke Dr\u017eave nadaju se da \u0107e uskoro do\u0107i do pozitivnog rje\u0161enja pitanja izme\u0111u Turske, Finske i \u0160vedske u vezi s nastojanjima dviju nordijskih zemalja za pristupanje NATO-u, izjavila je glavna diplomatkinja State Departmenta za Europu.<\/p>\n\n\n\n<p>\u010celnici Skupine sedam bogatih demokracija i NATO saveza radit \u0107e na pove\u0107anju pritiska na Rusiju zbog njezina rata u Ukrajini sljede\u0107eg tjedna, nagla\u0161avaju\u0107i pritom svoju stalnu zabrinutost oko Kine, rekli su visoki ameri\u010dki du\u017enosnici.<\/p>\n\n\n\n<p>Ameri\u010dki predsjednik Joe Biden u subotu \u0107e se sastati s drugim \u010delnicima G7 u ju\u017enoj Njema\u010dkoj prije nego \u0161to se uputi u Madrid na summit na kojem \u0107e se NATO dogovoriti o novim obvezama o polo\u017eaju snaga, a Washington \u0107e najaviti korake za ja\u010danje europske sigurnosti, pi\u0161e <a href=\"https:\/\/dnevnik.hr\/vijesti\/svijet\/rat-u-ukrajini-23-lipnja-2022---729865.html?itm_source=HomeTopRow&amp;itm_medium=Dnevnik&amp;itm_campaign=Naslovnica\">Dnevnik.hr<\/a>.<\/p>\n\n\n\n<p><em>Izvor: narod.hr\/Dnevnik.hr<\/em><\/p>\n","protected":false},"excerpt":{"rendered":"<p>Rat u Ukrajini u\u0161ao je u 120. dan, a \u010delnici zemalja \u010dlanica Europske unije odlu\u010dit \u0107e u \u010detvrtak ho\u0107e li se Ukrajini dodijeliti status kandidata. Borbe u toj zemlji i dalje traju. 27 \u010delnika zemalja Europske unije trebalo bi na sastanku u Bruxellesu podr\u017eati davanje statusa kandidata za \u010dlanstvo u EU-u Ukrajini i Moldaviji. Ukrajina [&hellip;]<\/p>\n","protected":false},"author":2,"featured_media":148636,"comment_status":"closed","ping_status":"closed","sticky":false,"template":"","format":"standard","meta":{"h5ap_radio_sources":[],"footnotes":""},"categories":[1],"tags":[],"class_list":["post-152534","post","type-post","status-publish","format-standard","has-post-thumbnail","hentry","category-bihiregija"],"yoast_head":"<!-- This site is optimized with the Yoast SEO plugin v27.4 - https:\/\/yoast.com\/product\/yoast-seo-wordpress\/ -->\n<title>\u010clanice EU-a odlu\u010duju o tome ho\u0107e li se Ukrajini i Moldaviji dodijeliti status kandidata - RADIO LJUBU\u0160KI<\/title>\n<meta name=\"robots\" content=\"index, follow, max-snippet:-1, max-image-preview:large, max-video-preview:-1\" \/>\n<link rel=\"canonical\" href=\"https:\/\/radioljubuski.ba\/index.php\/2022\/06\/23\/clanice-eu-a-odlucuju-o-tome-hoce-li-se-ukrajini-i-moldaviji-dodijeliti-status-kandidata\/\" \/>\n<meta property=\"og:locale\" content=\"hr_HR\" \/>\n<meta property=\"og:type\" content=\"article\" \/>\n<meta property=\"og:title\" content=\"\u010clanice EU-a odlu\u010duju o tome ho\u0107e li se Ukrajini i Moldaviji dodijeliti status kandidata - RADIO LJUBU\u0160KI\" \/>\n<meta property=\"og:description\" content=\"Rat u Ukrajini u\u0161ao je u 120. dan, a \u010delnici zemalja \u010dlanica Europske unije odlu\u010dit \u0107e u \u010detvrtak ho\u0107e li se Ukrajini dodijeliti status kandidata. Borbe u toj zemlji i dalje traju. 27 \u010delnika zemalja Europske unije trebalo bi na sastanku u Bruxellesu podr\u017eati davanje statusa kandidata za \u010dlanstvo u EU-u Ukrajini i Moldaviji. Ukrajina [&hellip;]\" \/>\n<meta property=\"og:url\" content=\"https:\/\/radioljubuski.ba\/index.php\/2022\/06\/23\/clanice-eu-a-odlucuju-o-tome-hoce-li-se-ukrajini-i-moldaviji-dodijeliti-status-kandidata\/\" \/>\n<meta property=\"og:site_name\" content=\"RADIO LJUBU\u0160KI\" \/>\n<meta property=\"article:publisher\" content=\"https:\/\/www.facebook.com\/Radiio-Ljubuski-1490835324566332\" \/>\n<meta property=\"article:published_time\" content=\"2022-06-23T09:20:56+00:00\" \/>\n<meta property=\"article:modified_time\" content=\"2022-06-23T09:20:58+00:00\" \/>\n<meta property=\"og:image\" content=\"https:\/\/radioljubuski.ba\/wp-content\/uploads\/2022\/06\/8-2022-06-11-21-16-36-eu-zastava.jpg\" \/>\n\t<meta property=\"og:image:width\" content=\"1000\" \/>\n\t<meta property=\"og:image:height\" content=\"625\" \/>\n\t<meta property=\"og:image:type\" content=\"image\/jpeg\" \/>\n<meta name=\"author\" content=\"Radio Ljubu\u0161ki\" \/>\n<meta name=\"twitter:card\" content=\"summary_large_image\" \/>\n<meta name=\"twitter:creator\" content=\"@radioljubuski\" \/>\n<meta name=\"twitter:site\" content=\"@radioljubuski\" \/>\n<meta name=\"twitter:label1\" content=\"Napisao\/la\" \/>\n\t<meta name=\"twitter:data1\" content=\"Radio Ljubu\u0161ki\" \/>\n\t<meta name=\"twitter:label2\" content=\"Procijenjeno vrijeme \u010ditanja\" \/>\n\t<meta name=\"twitter:data2\" content=\"2 minute\" \/>\n<script type=\"application\/ld+json\" class=\"yoast-schema-graph\">{\"@context\":\"https:\\\/\\\/schema.org\",\"@graph\":[{\"@type\":\"Article\",\"@id\":\"https:\\\/\\\/radioljubuski.ba\\\/index.php\\\/2022\\\/06\\\/23\\\/clanice-eu-a-odlucuju-o-tome-hoce-li-se-ukrajini-i-moldaviji-dodijeliti-status-kandidata\\\/#article\",\"isPartOf\":{\"@id\":\"https:\\\/\\\/radioljubuski.ba\\\/index.php\\\/2022\\\/06\\\/23\\\/clanice-eu-a-odlucuju-o-tome-hoce-li-se-ukrajini-i-moldaviji-dodijeliti-status-kandidata\\\/\"},\"author\":{\"name\":\"Radio Ljubu\u0161ki\",\"@id\":\"https:\\\/\\\/radioljubuski.ba\\\/#\\\/schema\\\/person\\\/19fc700381a780f69665d7956c469e3b\"},\"headline\":\"\u010clanice EU-a odlu\u010duju o tome ho\u0107e li se Ukrajini i Moldaviji dodijeliti status kandidata\",\"datePublished\":\"2022-06-23T09:20:56+00:00\",\"dateModified\":\"2022-06-23T09:20:58+00:00\",\"mainEntityOfPage\":{\"@id\":\"https:\\\/\\\/radioljubuski.ba\\\/index.php\\\/2022\\\/06\\\/23\\\/clanice-eu-a-odlucuju-o-tome-hoce-li-se-ukrajini-i-moldaviji-dodijeliti-status-kandidata\\\/\"},\"wordCount\":336,\"publisher\":{\"@id\":\"https:\\\/\\\/radioljubuski.ba\\\/#organization\"},\"image\":{\"@id\":\"https:\\\/\\\/radioljubuski.ba\\\/index.php\\\/2022\\\/06\\\/23\\\/clanice-eu-a-odlucuju-o-tome-hoce-li-se-ukrajini-i-moldaviji-dodijeliti-status-kandidata\\\/#primaryimage\"},\"thumbnailUrl\":\"https:\\\/\\\/radioljubuski.ba\\\/wp-content\\\/uploads\\\/2022\\\/06\\\/8-2022-06-11-21-16-36-eu-zastava.jpg\",\"articleSection\":[\"BIH i regija\"],\"inLanguage\":\"hr\"},{\"@type\":\"WebPage\",\"@id\":\"https:\\\/\\\/radioljubuski.ba\\\/index.php\\\/2022\\\/06\\\/23\\\/clanice-eu-a-odlucuju-o-tome-hoce-li-se-ukrajini-i-moldaviji-dodijeliti-status-kandidata\\\/\",\"url\":\"https:\\\/\\\/radioljubuski.ba\\\/index.php\\\/2022\\\/06\\\/23\\\/clanice-eu-a-odlucuju-o-tome-hoce-li-se-ukrajini-i-moldaviji-dodijeliti-status-kandidata\\\/\",\"name\":\"\u010clanice EU-a odlu\u010duju o tome ho\u0107e li se Ukrajini i Moldaviji dodijeliti status kandidata - RADIO LJUBU\u0160KI\",\"isPartOf\":{\"@id\":\"https:\\\/\\\/radioljubuski.ba\\\/#website\"},\"primaryImageOfPage\":{\"@id\":\"https:\\\/\\\/radioljubuski.ba\\\/index.php\\\/2022\\\/06\\\/23\\\/clanice-eu-a-odlucuju-o-tome-hoce-li-se-ukrajini-i-moldaviji-dodijeliti-status-kandidata\\\/#primaryimage\"},\"image\":{\"@id\":\"https:\\\/\\\/radioljubuski.ba\\\/index.php\\\/2022\\\/06\\\/23\\\/clanice-eu-a-odlucuju-o-tome-hoce-li-se-ukrajini-i-moldaviji-dodijeliti-status-kandidata\\\/#primaryimage\"},\"thumbnailUrl\":\"https:\\\/\\\/radioljubuski.ba\\\/wp-content\\\/uploads\\\/2022\\\/06\\\/8-2022-06-11-21-16-36-eu-zastava.jpg\",\"datePublished\":\"2022-06-23T09:20:56+00:00\",\"dateModified\":\"2022-06-23T09:20:58+00:00\",\"breadcrumb\":{\"@id\":\"https:\\\/\\\/radioljubuski.ba\\\/index.php\\\/2022\\\/06\\\/23\\\/clanice-eu-a-odlucuju-o-tome-hoce-li-se-ukrajini-i-moldaviji-dodijeliti-status-kandidata\\\/#breadcrumb\"},\"inLanguage\":\"hr\",\"potentialAction\":[{\"@type\":\"ReadAction\",\"target\":[\"https:\\\/\\\/radioljubuski.ba\\\/index.php\\\/2022\\\/06\\\/23\\\/clanice-eu-a-odlucuju-o-tome-hoce-li-se-ukrajini-i-moldaviji-dodijeliti-status-kandidata\\\/\"]}]},{\"@type\":\"ImageObject\",\"inLanguage\":\"hr\",\"@id\":\"https:\\\/\\\/radioljubuski.ba\\\/index.php\\\/2022\\\/06\\\/23\\\/clanice-eu-a-odlucuju-o-tome-hoce-li-se-ukrajini-i-moldaviji-dodijeliti-status-kandidata\\\/#primaryimage\",\"url\":\"https:\\\/\\\/radioljubuski.ba\\\/wp-content\\\/uploads\\\/2022\\\/06\\\/8-2022-06-11-21-16-36-eu-zastava.jpg\",\"contentUrl\":\"https:\\\/\\\/radioljubuski.ba\\\/wp-content\\\/uploads\\\/2022\\\/06\\\/8-2022-06-11-21-16-36-eu-zastava.jpg\",\"width\":1000,\"height\":625},{\"@type\":\"BreadcrumbList\",\"@id\":\"https:\\\/\\\/radioljubuski.ba\\\/index.php\\\/2022\\\/06\\\/23\\\/clanice-eu-a-odlucuju-o-tome-hoce-li-se-ukrajini-i-moldaviji-dodijeliti-status-kandidata\\\/#breadcrumb\",\"itemListElement\":[{\"@type\":\"ListItem\",\"position\":1,\"name\":\"Po\u010detna stranica\",\"item\":\"https:\\\/\\\/radioljubuski.ba\\\/\"},{\"@type\":\"ListItem\",\"position\":2,\"name\":\"\u010clanice EU-a odlu\u010duju o tome ho\u0107e li se Ukrajini i Moldaviji dodijeliti status kandidata\"}]},{\"@type\":\"WebSite\",\"@id\":\"https:\\\/\\\/radioljubuski.ba\\\/#website\",\"url\":\"https:\\\/\\\/radioljubuski.ba\\\/\",\"name\":\"Radio Ljubu\u0161ki\",\"description\":\"Sun\u010dana frekvencija Hercegovine\",\"publisher\":{\"@id\":\"https:\\\/\\\/radioljubuski.ba\\\/#organization\"},\"potentialAction\":[{\"@type\":\"SearchAction\",\"target\":{\"@type\":\"EntryPoint\",\"urlTemplate\":\"https:\\\/\\\/radioljubuski.ba\\\/?s={search_term_string}\"},\"query-input\":{\"@type\":\"PropertyValueSpecification\",\"valueRequired\":true,\"valueName\":\"search_term_string\"}}],\"inLanguage\":\"hr\"},{\"@type\":\"Organization\",\"@id\":\"https:\\\/\\\/radioljubuski.ba\\\/#organization\",\"name\":\"Radio Ljubu\u0161ki\",\"url\":\"https:\\\/\\\/radioljubuski.ba\\\/\",\"logo\":{\"@type\":\"ImageObject\",\"inLanguage\":\"hr\",\"@id\":\"https:\\\/\\\/radioljubuski.ba\\\/#\\\/schema\\\/logo\\\/image\\\/\",\"url\":\"https:\\\/\\\/radioljubuski.ba\\\/wp-content\\\/uploads\\\/2021\\\/02\\\/cropped-Radio_Ljubuski_logo1.jpg\",\"contentUrl\":\"https:\\\/\\\/radioljubuski.ba\\\/wp-content\\\/uploads\\\/2021\\\/02\\\/cropped-Radio_Ljubuski_logo1.jpg\",\"width\":512,\"height\":512,\"caption\":\"Radio Ljubu\u0161ki\"},\"image\":{\"@id\":\"https:\\\/\\\/radioljubuski.ba\\\/#\\\/schema\\\/logo\\\/image\\\/\"},\"sameAs\":[\"https:\\\/\\\/www.facebook.com\\\/Radiio-Ljubuski-1490835324566332\",\"https:\\\/\\\/x.com\\\/radioljubuski\",\"https:\\\/\\\/hr.linkedin.com\\\/company\\\/radio-ljubuski\",\"https:\\\/\\\/www.youtube.com\\\/channel\\\/UCHYaeO_n0Db3tjNGudGpXyw\"]},{\"@type\":\"Person\",\"@id\":\"https:\\\/\\\/radioljubuski.ba\\\/#\\\/schema\\\/person\\\/19fc700381a780f69665d7956c469e3b\",\"name\":\"Radio Ljubu\u0161ki\"}]}<\/script>\n<!-- \/ Yoast SEO plugin. -->","yoast_head_json":{"title":"\u010clanice EU-a odlu\u010duju o tome ho\u0107e li se Ukrajini i Moldaviji dodijeliti status kandidata - RADIO LJUBU\u0160KI","robots":{"index":"index","follow":"follow","max-snippet":"max-snippet:-1","max-image-preview":"max-image-preview:large","max-video-preview":"max-video-preview:-1"},"canonical":"https:\/\/radioljubuski.ba\/index.php\/2022\/06\/23\/clanice-eu-a-odlucuju-o-tome-hoce-li-se-ukrajini-i-moldaviji-dodijeliti-status-kandidata\/","og_locale":"hr_HR","og_type":"article","og_title":"\u010clanice EU-a odlu\u010duju o tome ho\u0107e li se Ukrajini i Moldaviji dodijeliti status kandidata - RADIO LJUBU\u0160KI","og_description":"Rat u Ukrajini u\u0161ao je u 120. dan, a \u010delnici zemalja \u010dlanica Europske unije odlu\u010dit \u0107e u \u010detvrtak ho\u0107e li se Ukrajini dodijeliti status kandidata. Borbe u toj zemlji i dalje traju. 27 \u010delnika zemalja Europske unije trebalo bi na sastanku u Bruxellesu podr\u017eati davanje statusa kandidata za \u010dlanstvo u EU-u Ukrajini i Moldaviji. Ukrajina [&hellip;]","og_url":"https:\/\/radioljubuski.ba\/index.php\/2022\/06\/23\/clanice-eu-a-odlucuju-o-tome-hoce-li-se-ukrajini-i-moldaviji-dodijeliti-status-kandidata\/","og_site_name":"RADIO LJUBU\u0160KI","article_publisher":"https:\/\/www.facebook.com\/Radiio-Ljubuski-1490835324566332","article_published_time":"2022-06-23T09:20:56+00:00","article_modified_time":"2022-06-23T09:20:58+00:00","og_image":[{"width":1000,"height":625,"url":"https:\/\/radioljubuski.ba\/wp-content\/uploads\/2022\/06\/8-2022-06-11-21-16-36-eu-zastava.jpg","type":"image\/jpeg"}],"author":"Radio Ljubu\u0161ki","twitter_card":"summary_large_image","twitter_creator":"@radioljubuski","twitter_site":"@radioljubuski","twitter_misc":{"Napisao\/la":"Radio Ljubu\u0161ki","Procijenjeno vrijeme \u010ditanja":"2 minute"},"schema":{"@context":"https:\/\/schema.org","@graph":[{"@type":"Article","@id":"https:\/\/radioljubuski.ba\/index.php\/2022\/06\/23\/clanice-eu-a-odlucuju-o-tome-hoce-li-se-ukrajini-i-moldaviji-dodijeliti-status-kandidata\/#article","isPartOf":{"@id":"https:\/\/radioljubuski.ba\/index.php\/2022\/06\/23\/clanice-eu-a-odlucuju-o-tome-hoce-li-se-ukrajini-i-moldaviji-dodijeliti-status-kandidata\/"},"author":{"name":"Radio Ljubu\u0161ki","@id":"https:\/\/radioljubuski.ba\/#\/schema\/person\/19fc700381a780f69665d7956c469e3b"},"headline":"\u010clanice EU-a odlu\u010duju o tome ho\u0107e li se Ukrajini i Moldaviji dodijeliti status kandidata","datePublished":"2022-06-23T09:20:56+00:00","dateModified":"2022-06-23T09:20:58+00:00","mainEntityOfPage":{"@id":"https:\/\/radioljubuski.ba\/index.php\/2022\/06\/23\/clanice-eu-a-odlucuju-o-tome-hoce-li-se-ukrajini-i-moldaviji-dodijeliti-status-kandidata\/"},"wordCount":336,"publisher":{"@id":"https:\/\/radioljubuski.ba\/#organization"},"image":{"@id":"https:\/\/radioljubuski.ba\/index.php\/2022\/06\/23\/clanice-eu-a-odlucuju-o-tome-hoce-li-se-ukrajini-i-moldaviji-dodijeliti-status-kandidata\/#primaryimage"},"thumbnailUrl":"https:\/\/radioljubuski.ba\/wp-content\/uploads\/2022\/06\/8-2022-06-11-21-16-36-eu-zastava.jpg","articleSection":["BIH i regija"],"inLanguage":"hr"},{"@type":"WebPage","@id":"https:\/\/radioljubuski.ba\/index.php\/2022\/06\/23\/clanice-eu-a-odlucuju-o-tome-hoce-li-se-ukrajini-i-moldaviji-dodijeliti-status-kandidata\/","url":"https:\/\/radioljubuski.ba\/index.php\/2022\/06\/23\/clanice-eu-a-odlucuju-o-tome-hoce-li-se-ukrajini-i-moldaviji-dodijeliti-status-kandidata\/","name":"\u010clanice EU-a odlu\u010duju o tome ho\u0107e li se Ukrajini i Moldaviji dodijeliti status kandidata - RADIO LJUBU\u0160KI","isPartOf":{"@id":"https:\/\/radioljubuski.ba\/#website"},"primaryImageOfPage":{"@id":"https:\/\/radioljubuski.ba\/index.php\/2022\/06\/23\/clanice-eu-a-odlucuju-o-tome-hoce-li-se-ukrajini-i-moldaviji-dodijeliti-status-kandidata\/#primaryimage"},"image":{"@id":"https:\/\/radioljubuski.ba\/index.php\/2022\/06\/23\/clanice-eu-a-odlucuju-o-tome-hoce-li-se-ukrajini-i-moldaviji-dodijeliti-status-kandidata\/#primaryimage"},"thumbnailUrl":"https:\/\/radioljubuski.ba\/wp-content\/uploads\/2022\/06\/8-2022-06-11-21-16-36-eu-zastava.jpg","datePublished":"2022-06-23T09:20:56+00:00","dateModified":"2022-06-23T09:20:58+00:00","breadcrumb":{"@id":"https:\/\/radioljubuski.ba\/index.php\/2022\/06\/23\/clanice-eu-a-odlucuju-o-tome-hoce-li-se-ukrajini-i-moldaviji-dodijeliti-status-kandidata\/#breadcrumb"},"inLanguage":"hr","potentialAction":[{"@type":"ReadAction","target":["https:\/\/radioljubuski.ba\/index.php\/2022\/06\/23\/clanice-eu-a-odlucuju-o-tome-hoce-li-se-ukrajini-i-moldaviji-dodijeliti-status-kandidata\/"]}]},{"@type":"ImageObject","inLanguage":"hr","@id":"https:\/\/radioljubuski.ba\/index.php\/2022\/06\/23\/clanice-eu-a-odlucuju-o-tome-hoce-li-se-ukrajini-i-moldaviji-dodijeliti-status-kandidata\/#primaryimage","url":"https:\/\/radioljubuski.ba\/wp-content\/uploads\/2022\/06\/8-2022-06-11-21-16-36-eu-zastava.jpg","contentUrl":"https:\/\/radioljubuski.ba\/wp-content\/uploads\/2022\/06\/8-2022-06-11-21-16-36-eu-zastava.jpg","width":1000,"height":625},{"@type":"BreadcrumbList","@id":"https:\/\/radioljubuski.ba\/index.php\/2022\/06\/23\/clanice-eu-a-odlucuju-o-tome-hoce-li-se-ukrajini-i-moldaviji-dodijeliti-status-kandidata\/#breadcrumb","itemListElement":[{"@type":"ListItem","position":1,"name":"Po\u010detna stranica","item":"https:\/\/radioljubuski.ba\/"},{"@type":"ListItem","position":2,"name":"\u010clanice EU-a odlu\u010duju o tome ho\u0107e li se Ukrajini i Moldaviji dodijeliti status kandidata"}]},{"@type":"WebSite","@id":"https:\/\/radioljubuski.ba\/#website","url":"https:\/\/radioljubuski.ba\/","name":"Radio Ljubu\u0161ki","description":"Sun\u010dana frekvencija Hercegovine","publisher":{"@id":"https:\/\/radioljubuski.ba\/#organization"},"potentialAction":[{"@type":"SearchAction","target":{"@type":"EntryPoint","urlTemplate":"https:\/\/radioljubuski.ba\/?s={search_term_string}"},"query-input":{"@type":"PropertyValueSpecification","valueRequired":true,"valueName":"search_term_string"}}],"inLanguage":"hr"},{"@type":"Organization","@id":"https:\/\/radioljubuski.ba\/#organization","name":"Radio Ljubu\u0161ki","url":"https:\/\/radioljubuski.ba\/","logo":{"@type":"ImageObject","inLanguage":"hr","@id":"https:\/\/radioljubuski.ba\/#\/schema\/logo\/image\/","url":"https:\/\/radioljubuski.ba\/wp-content\/uploads\/2021\/02\/cropped-Radio_Ljubuski_logo1.jpg","contentUrl":"https:\/\/radioljubuski.ba\/wp-content\/uploads\/2021\/02\/cropped-Radio_Ljubuski_logo1.jpg","width":512,"height":512,"caption":"Radio Ljubu\u0161ki"},"image":{"@id":"https:\/\/radioljubuski.ba\/#\/schema\/logo\/image\/"},"sameAs":["https:\/\/www.facebook.com\/Radiio-Ljubuski-1490835324566332","https:\/\/x.com\/radioljubuski","https:\/\/hr.linkedin.com\/company\/radio-ljubuski","https:\/\/www.youtube.com\/channel\/UCHYaeO_n0Db3tjNGudGpXyw"]},{"@type":"Person","@id":"https:\/\/radioljubuski.ba\/#\/schema\/person\/19fc700381a780f69665d7956c469e3b","name":"Radio Ljubu\u0161ki"}]}},"_links":{"self":[{"href":"https:\/\/radioljubuski.ba\/index.php\/wp-json\/wp\/v2\/posts\/152534","targetHints":{"allow":["GET"]}}],"collection":[{"href":"https:\/\/radioljubuski.ba\/index.php\/wp-json\/wp\/v2\/posts"}],"about":[{"href":"https:\/\/radioljubuski.ba\/index.php\/wp-json\/wp\/v2\/types\/post"}],"author":[{"embeddable":true,"href":"https:\/\/radioljubuski.ba\/index.php\/wp-json\/wp\/v2\/users\/2"}],"replies":[{"embeddable":true,"href":"https:\/\/radioljubuski.ba\/index.php\/wp-json\/wp\/v2\/comments?post=152534"}],"version-history":[{"count":1,"href":"https:\/\/radioljubuski.ba\/index.php\/wp-json\/wp\/v2\/posts\/152534\/revisions"}],"predecessor-version":[{"id":152535,"href":"https:\/\/radioljubuski.ba\/index.php\/wp-json\/wp\/v2\/posts\/152534\/revisions\/152535"}],"wp:featuredmedia":[{"embeddable":true,"href":"https:\/\/radioljubuski.ba\/index.php\/wp-json\/wp\/v2\/media\/148636"}],"wp:attachment":[{"href":"https:\/\/radioljubuski.ba\/index.php\/wp-json\/wp\/v2\/media?parent=152534"}],"wp:term":[{"taxonomy":"category","embeddable":true,"href":"https:\/\/radioljubuski.ba\/index.php\/wp-json\/wp\/v2\/categories?post=152534"},{"taxonomy":"post_tag","embeddable":true,"href":"https:\/\/radioljubuski.ba\/index.php\/wp-json\/wp\/v2\/tags?post=152534"}],"curies":[{"name":"wp","href":"https:\/\/api.w.org\/{rel}","templated":true}]}}