{"id":152536,"date":"2022-06-23T10:23:23","date_gmt":"2022-06-23T09:23:23","guid":{"rendered":"https:\/\/radioljubuski.ba\/?p=152536"},"modified":"2022-06-23T10:23:25","modified_gmt":"2022-06-23T09:23:25","slug":"oslobodeni-u-aferi-spice-polancec-nekoliko-desetaka-tisuca-kuna-za-12-godina-ukradenog-zivota-je-li-to-primjereno","status":"publish","type":"post","link":"https:\/\/radioljubuski.ba\/index.php\/2022\/06\/23\/oslobodeni-u-aferi-spice-polancec-nekoliko-desetaka-tisuca-kuna-za-12-godina-ukradenog-zivota-je-li-to-primjereno\/","title":{"rendered":"Oslobo\u0111eni u aferi Spice Polan\u010dec: Nekoliko desetaka tisu\u0107a kuna za 12 godina ukradenog \u017eivota, je li to primjereno?"},"content":{"rendered":"\n<p>Oslobo\u0111eni u aferi Spice pripremaju tu\u017ebu protiv dr\u017eave, doznaje <a href=\"https:\/\/dnevnik.hr\/vijesti\/hrvatska\/oslobodjeni-u-aferi-spice-pripremaju-zajednicku-tuzbu-protiv-drzave---729852.html\" target=\"_blank\" rel=\"noreferrer noopener\">Dnevnik Nove TV<\/a>. Iznos sudskih tro\u0161kova procjenjuje se na vi\u0161e od 10 milijuna kuna, a platit \u0107e se iz prora\u010duna.<\/p>\n\n\n\n<p>Iznos sudskih tro\u0161kova nakon osloba\u0111aju\u0107e presude Damiru Polan\u010decu i drugima u aferi Spice, procjenjuje se na vi\u0161e od 10 milijuna kuna na teret poreznih obveznika. Njihovi odvjetnici pripremaju zajedni\u010dku tu\u017ebu protiv dr\u017eave.<\/p>\n\n\n\n<div style=\"width: 640px;\" class=\"wp-video\"><video class=\"wp-video-shortcode\" id=\"video-152536-1\" width=\"640\" height=\"360\" preload=\"metadata\" controls=\"controls\"><source type=\"video\/mp4\" src=\"https:\/\/video.dnevnik.hr\/\/2022\/\/06\/\/22\/\/62b35abeafda3_62328517-2.mp4?_=1\" \/><a href=\"https:\/\/video.dnevnik.hr\/\/2022\/\/06\/\/22\/\/62b35abeafda3_62328517-2.mp4\">https:\/\/video.dnevnik.hr\/\/2022\/\/06\/\/22\/\/62b35abeafda3_62328517-2.mp4<\/a><\/video><\/div>\n\n\n\n\n\n<p>I dok o\u0161te\u0107enici dobiju tek mrvice nakon \u0161to su 12 godina nepravedno \u017eivjeli s nazivom optu\u017eenika, njihovi odvjetnici za svoje tro\u0161kove dobit \u0107e milijune od dr\u017eave.<\/p>\n\n\n\n<p>Udru\u017eenim snagama odvjetnici <strong>Anto Nobilo, Ksenija Vr\u017eina i Rajko \u010coguri\u0107<\/strong> spremaju tu\u017ebu protiv dr\u017eave za oslobo\u0111ene u megaaferi Spice dugoj 12 godina. Naru\u0161en ugled, prekinute karijere, izmakla dobit, niz je razloga.<\/p>\n\n\n\n<p>\u201cKad netko s 43 godine do\u0111e na vrh karijere mo\u017eete samo zamisliti kako je ta karijera mogla dalje trajati\u201d, ka\u017ee odvjetnik Damira Polan\u010deca, Anto Nobilo. Me\u0111utim, to je bilo presje\u010deno u njegovoj 43. godini i sljede\u0107ih 12 godina on dalje nije mogao ni\u0161ta raditi.<\/p>\n\n\n\n<p>Tu\u017ebe \u0107e se sastojati od nezakonitog pritvaranja, povrede prava osobnosti, zatim \u0161teta koja je nastupila okrivljenicima vezano za privremene mjere koje su bile na imovini okrivljenika, sad o\u0161te\u0107enici, ka\u017ee Ksenija Vr\u017eina, odvjetnica <strong>Milana Horvata<\/strong>.<\/p>\n\n\n\n<h3 class=\"wp-block-heading\"><strong>Nitko ne mo\u017ee vratiti njihovu \u010dast i ugled koje su izgubili zbog tog postupka<\/strong><\/h3>\n\n\n\n<p>Odvjetnik Zorana Markovi\u0107a, Rajko \u010coguri\u0107 ka\u017ee kako su postupci \u201cdugotrajni i mi nikad gotovo ne mo\u017eemo dobiti naknadu kojim bi se moglo nadoknadit.\u201d<\/p>\n\n\n\n<p>Tu je nemjerljiv gubitak, a zakon ne predvi\u0111a restituciju takve \u0161tete. I Nobilo je slo\u017ean, u Americi bi Polan\u010dec dobio milijune. U Hrvatskoj tek naknadu za nepravedno li\u0161enje slobode, \u0161to je 280 kuna za dan zatvora te za putne tro\u0161kove.<\/p>\n\n\n\n<h3 class=\"wp-block-heading\"><strong>Postupak od 12 godina<\/strong><\/h3>\n\n\n\n<p>\u201cZa ovaj postupak koji je trajao 12 godina, sve mogu\u0107e naknade dakle povrat putnih tro\u0161kova, dnevnice za dolazak na ro\u010di\u0161ta, sve to skupa vam je u mojem slu\u010daju manje od 100 tisu\u0107a kuna, dakle nekoliko desetaka tisu\u0107a kuna za 12 godina ukradenog \u017eivota, to je naknada koju netko eto smatra da je primjerena\u201d, rekao je za Dnevnik Nove TV Damir Polan\u010dec, koji sve to naziva vrlo uvredljivim za godine koje je pro\u017eivio pod teretom sumnje.<\/p>\n\n\n\n<p>Na sud je Polan\u010dec morao do\u0107i vi\u0161e od 300 puta, prije nego \u0161to je \u010duo osloba\u0111aju\u0107u presudu. Vi\u0161e ne \u017eeli, ka\u017ee, pro\u017eivljavati kalvariju sa sudovima.<\/p>\n\n\n\n<p>\u201cNa tu\u017ebu za neku naknadu tro\u0161kova na moje izgubljene godine, iako sam o tome razmi\u0161ljao, mislim da je ne\u0107u podizati. Jer, prema svim mojim saznanjima koliko god ljudi u takvim situacijama u kakvoj sam se ja na\u0161ao bili u pravu na kraju takve tu\u017ebe nisu dobili.\u201d<\/p>\n\n\n\n<p>No u 12 godina nakupilo se odvjetni\u010dkih tro\u0161kova. \u201cMi smo izra\u010dunali da na\u0161 tro\u0161ak u tih 12 godina je 4 milijuna kuna\u201d, ka\u017ee Nobilo. \u201cTo je apsolutno najve\u0107a stavka, ovo sve drugo su male stavke\u201d.<\/p>\n\n\n\n<p>Sada \u010dekaju odluku suda o tro\u0161kovima i isplatu novca iz prora\u010duna dr\u017eave, u kojoj nitko ne odgovara za duga su\u0111enja i izgubljene optu\u017enice. \u201cDapa\u010de, oni koji su inicirali i pokrenuli ovaj postupak su ozbiljno napredovali u hijerahiji Dr\u017eavnog odvjetni\u0161tva\u201d odlu\u010dan je Nobilo.<\/p>\n\n\n\n<p>Polan\u010dec pak ka\u017ee kako bi bilo lijepo do\u017eivjeti \u201cda netko veli \u2018pogrije\u0161ili smo prema tom \u010dovjeku. Ako ni\u0161ta drugo barem smo mu du\u017eni ispriku\u2019, mislim tu prije svega na Dr\u017eavno odvjetni\u0161tvo\u201d. Vi\u0161e od nov\u010dane zna\u010dila bi mu, ka\u017ee, ta moralna zadovolj\u0161tina koju nije do\u010dekao.<\/p>\n\n\n\n<p><em>Izvor: narod.hr\/dnevnik.hr<\/em><\/p>\n","protected":false},"excerpt":{"rendered":"<p>Oslobo\u0111eni u aferi Spice pripremaju tu\u017ebu protiv dr\u017eave, doznaje Dnevnik Nove TV. Iznos sudskih tro\u0161kova procjenjuje se na vi\u0161e od 10 milijuna kuna, a platit \u0107e se iz prora\u010duna. Iznos sudskih tro\u0161kova nakon osloba\u0111aju\u0107e presude Damiru Polan\u010decu i drugima u aferi Spice, procjenjuje se na vi\u0161e od 10 milijuna kuna na teret poreznih obveznika. Njihovi [&hellip;]<\/p>\n","protected":false},"author":2,"featured_media":152537,"comment_status":"closed","ping_status":"closed","sticky":false,"template":"","format":"standard","meta":{"h5ap_radio_sources":[],"footnotes":""},"categories":[1],"tags":[],"class_list":["post-152536","post","type-post","status-publish","format-standard","has-post-thumbnail","hentry","category-bihiregija"],"yoast_head":"<!-- This site is optimized with the Yoast SEO plugin v27.4 - https:\/\/yoast.com\/product\/yoast-seo-wordpress\/ -->\n<title>Oslobo\u0111eni u aferi Spice Polan\u010dec: Nekoliko desetaka tisu\u0107a kuna za 12 godina ukradenog \u017eivota, je li to primjereno? - RADIO LJUBU\u0160KI<\/title>\n<meta name=\"robots\" content=\"index, follow, max-snippet:-1, max-image-preview:large, max-video-preview:-1\" \/>\n<link rel=\"canonical\" href=\"https:\/\/radioljubuski.ba\/index.php\/2022\/06\/23\/oslobodeni-u-aferi-spice-polancec-nekoliko-desetaka-tisuca-kuna-za-12-godina-ukradenog-zivota-je-li-to-primjereno\/\" \/>\n<meta property=\"og:locale\" content=\"hr_HR\" \/>\n<meta property=\"og:type\" content=\"article\" \/>\n<meta property=\"og:title\" content=\"Oslobo\u0111eni u aferi Spice Polan\u010dec: Nekoliko desetaka tisu\u0107a kuna za 12 godina ukradenog \u017eivota, je li to primjereno? - RADIO LJUBU\u0160KI\" \/>\n<meta property=\"og:description\" content=\"Oslobo\u0111eni u aferi Spice pripremaju tu\u017ebu protiv dr\u017eave, doznaje Dnevnik Nove TV. Iznos sudskih tro\u0161kova procjenjuje se na vi\u0161e od 10 milijuna kuna, a platit \u0107e se iz prora\u010duna. Iznos sudskih tro\u0161kova nakon osloba\u0111aju\u0107e presude Damiru Polan\u010decu i drugima u aferi Spice, procjenjuje se na vi\u0161e od 10 milijuna kuna na teret poreznih obveznika. Njihovi [&hellip;]\" \/>\n<meta property=\"og:url\" content=\"https:\/\/radioljubuski.ba\/index.php\/2022\/06\/23\/oslobodeni-u-aferi-spice-polancec-nekoliko-desetaka-tisuca-kuna-za-12-godina-ukradenog-zivota-je-li-to-primjereno\/\" \/>\n<meta property=\"og:site_name\" content=\"RADIO LJUBU\u0160KI\" \/>\n<meta property=\"article:publisher\" content=\"https:\/\/www.facebook.com\/Radiio-Ljubuski-1490835324566332\" \/>\n<meta property=\"article:published_time\" content=\"2022-06-23T09:23:23+00:00\" \/>\n<meta property=\"article:modified_time\" content=\"2022-06-23T09:23:25+00:00\" \/>\n<meta property=\"og:image\" content=\"https:\/\/radioljubuski.ba\/wp-content\/uploads\/2022\/06\/damir-polancec-696x416-1.jpg\" \/>\n\t<meta property=\"og:image:width\" content=\"696\" \/>\n\t<meta property=\"og:image:height\" content=\"416\" \/>\n\t<meta property=\"og:image:type\" content=\"image\/jpeg\" \/>\n<meta name=\"author\" content=\"Radio Ljubu\u0161ki\" \/>\n<meta name=\"twitter:card\" content=\"summary_large_image\" \/>\n<meta name=\"twitter:creator\" content=\"@radioljubuski\" \/>\n<meta name=\"twitter:site\" content=\"@radioljubuski\" \/>\n<meta name=\"twitter:label1\" content=\"Napisao\/la\" \/>\n\t<meta name=\"twitter:data1\" content=\"Radio Ljubu\u0161ki\" \/>\n\t<meta name=\"twitter:label2\" content=\"Procijenjeno vrijeme \u010ditanja\" \/>\n\t<meta name=\"twitter:data2\" content=\"3 minute\" \/>\n<script type=\"application\/ld+json\" class=\"yoast-schema-graph\">{\"@context\":\"https:\\\/\\\/schema.org\",\"@graph\":[{\"@type\":\"Article\",\"@id\":\"https:\\\/\\\/radioljubuski.ba\\\/index.php\\\/2022\\\/06\\\/23\\\/oslobodeni-u-aferi-spice-polancec-nekoliko-desetaka-tisuca-kuna-za-12-godina-ukradenog-zivota-je-li-to-primjereno\\\/#article\",\"isPartOf\":{\"@id\":\"https:\\\/\\\/radioljubuski.ba\\\/index.php\\\/2022\\\/06\\\/23\\\/oslobodeni-u-aferi-spice-polancec-nekoliko-desetaka-tisuca-kuna-za-12-godina-ukradenog-zivota-je-li-to-primjereno\\\/\"},\"author\":{\"name\":\"Radio Ljubu\u0161ki\",\"@id\":\"https:\\\/\\\/radioljubuski.ba\\\/#\\\/schema\\\/person\\\/19fc700381a780f69665d7956c469e3b\"},\"headline\":\"Oslobo\u0111eni u aferi Spice Polan\u010dec: Nekoliko desetaka tisu\u0107a kuna za 12 godina ukradenog \u017eivota, je li to primjereno?\",\"datePublished\":\"2022-06-23T09:23:23+00:00\",\"dateModified\":\"2022-06-23T09:23:25+00:00\",\"mainEntityOfPage\":{\"@id\":\"https:\\\/\\\/radioljubuski.ba\\\/index.php\\\/2022\\\/06\\\/23\\\/oslobodeni-u-aferi-spice-polancec-nekoliko-desetaka-tisuca-kuna-za-12-godina-ukradenog-zivota-je-li-to-primjereno\\\/\"},\"wordCount\":660,\"publisher\":{\"@id\":\"https:\\\/\\\/radioljubuski.ba\\\/#organization\"},\"image\":{\"@id\":\"https:\\\/\\\/radioljubuski.ba\\\/index.php\\\/2022\\\/06\\\/23\\\/oslobodeni-u-aferi-spice-polancec-nekoliko-desetaka-tisuca-kuna-za-12-godina-ukradenog-zivota-je-li-to-primjereno\\\/#primaryimage\"},\"thumbnailUrl\":\"https:\\\/\\\/radioljubuski.ba\\\/wp-content\\\/uploads\\\/2022\\\/06\\\/damir-polancec-696x416-1.jpg\",\"articleSection\":[\"BIH i regija\"],\"inLanguage\":\"hr\"},{\"@type\":\"WebPage\",\"@id\":\"https:\\\/\\\/radioljubuski.ba\\\/index.php\\\/2022\\\/06\\\/23\\\/oslobodeni-u-aferi-spice-polancec-nekoliko-desetaka-tisuca-kuna-za-12-godina-ukradenog-zivota-je-li-to-primjereno\\\/\",\"url\":\"https:\\\/\\\/radioljubuski.ba\\\/index.php\\\/2022\\\/06\\\/23\\\/oslobodeni-u-aferi-spice-polancec-nekoliko-desetaka-tisuca-kuna-za-12-godina-ukradenog-zivota-je-li-to-primjereno\\\/\",\"name\":\"Oslobo\u0111eni u aferi Spice Polan\u010dec: Nekoliko desetaka tisu\u0107a kuna za 12 godina ukradenog \u017eivota, je li to primjereno? - RADIO LJUBU\u0160KI\",\"isPartOf\":{\"@id\":\"https:\\\/\\\/radioljubuski.ba\\\/#website\"},\"primaryImageOfPage\":{\"@id\":\"https:\\\/\\\/radioljubuski.ba\\\/index.php\\\/2022\\\/06\\\/23\\\/oslobodeni-u-aferi-spice-polancec-nekoliko-desetaka-tisuca-kuna-za-12-godina-ukradenog-zivota-je-li-to-primjereno\\\/#primaryimage\"},\"image\":{\"@id\":\"https:\\\/\\\/radioljubuski.ba\\\/index.php\\\/2022\\\/06\\\/23\\\/oslobodeni-u-aferi-spice-polancec-nekoliko-desetaka-tisuca-kuna-za-12-godina-ukradenog-zivota-je-li-to-primjereno\\\/#primaryimage\"},\"thumbnailUrl\":\"https:\\\/\\\/radioljubuski.ba\\\/wp-content\\\/uploads\\\/2022\\\/06\\\/damir-polancec-696x416-1.jpg\",\"datePublished\":\"2022-06-23T09:23:23+00:00\",\"dateModified\":\"2022-06-23T09:23:25+00:00\",\"breadcrumb\":{\"@id\":\"https:\\\/\\\/radioljubuski.ba\\\/index.php\\\/2022\\\/06\\\/23\\\/oslobodeni-u-aferi-spice-polancec-nekoliko-desetaka-tisuca-kuna-za-12-godina-ukradenog-zivota-je-li-to-primjereno\\\/#breadcrumb\"},\"inLanguage\":\"hr\",\"potentialAction\":[{\"@type\":\"ReadAction\",\"target\":[\"https:\\\/\\\/radioljubuski.ba\\\/index.php\\\/2022\\\/06\\\/23\\\/oslobodeni-u-aferi-spice-polancec-nekoliko-desetaka-tisuca-kuna-za-12-godina-ukradenog-zivota-je-li-to-primjereno\\\/\"]}]},{\"@type\":\"ImageObject\",\"inLanguage\":\"hr\",\"@id\":\"https:\\\/\\\/radioljubuski.ba\\\/index.php\\\/2022\\\/06\\\/23\\\/oslobodeni-u-aferi-spice-polancec-nekoliko-desetaka-tisuca-kuna-za-12-godina-ukradenog-zivota-je-li-to-primjereno\\\/#primaryimage\",\"url\":\"https:\\\/\\\/radioljubuski.ba\\\/wp-content\\\/uploads\\\/2022\\\/06\\\/damir-polancec-696x416-1.jpg\",\"contentUrl\":\"https:\\\/\\\/radioljubuski.ba\\\/wp-content\\\/uploads\\\/2022\\\/06\\\/damir-polancec-696x416-1.jpg\",\"width\":696,\"height\":416},{\"@type\":\"BreadcrumbList\",\"@id\":\"https:\\\/\\\/radioljubuski.ba\\\/index.php\\\/2022\\\/06\\\/23\\\/oslobodeni-u-aferi-spice-polancec-nekoliko-desetaka-tisuca-kuna-za-12-godina-ukradenog-zivota-je-li-to-primjereno\\\/#breadcrumb\",\"itemListElement\":[{\"@type\":\"ListItem\",\"position\":1,\"name\":\"Po\u010detna stranica\",\"item\":\"https:\\\/\\\/radioljubuski.ba\\\/\"},{\"@type\":\"ListItem\",\"position\":2,\"name\":\"Oslobo\u0111eni u aferi Spice Polan\u010dec: Nekoliko desetaka tisu\u0107a kuna za 12 godina ukradenog \u017eivota, je li to primjereno?\"}]},{\"@type\":\"WebSite\",\"@id\":\"https:\\\/\\\/radioljubuski.ba\\\/#website\",\"url\":\"https:\\\/\\\/radioljubuski.ba\\\/\",\"name\":\"Radio Ljubu\u0161ki\",\"description\":\"Sun\u010dana frekvencija Hercegovine\",\"publisher\":{\"@id\":\"https:\\\/\\\/radioljubuski.ba\\\/#organization\"},\"potentialAction\":[{\"@type\":\"SearchAction\",\"target\":{\"@type\":\"EntryPoint\",\"urlTemplate\":\"https:\\\/\\\/radioljubuski.ba\\\/?s={search_term_string}\"},\"query-input\":{\"@type\":\"PropertyValueSpecification\",\"valueRequired\":true,\"valueName\":\"search_term_string\"}}],\"inLanguage\":\"hr\"},{\"@type\":\"Organization\",\"@id\":\"https:\\\/\\\/radioljubuski.ba\\\/#organization\",\"name\":\"Radio Ljubu\u0161ki\",\"url\":\"https:\\\/\\\/radioljubuski.ba\\\/\",\"logo\":{\"@type\":\"ImageObject\",\"inLanguage\":\"hr\",\"@id\":\"https:\\\/\\\/radioljubuski.ba\\\/#\\\/schema\\\/logo\\\/image\\\/\",\"url\":\"https:\\\/\\\/radioljubuski.ba\\\/wp-content\\\/uploads\\\/2021\\\/02\\\/cropped-Radio_Ljubuski_logo1.jpg\",\"contentUrl\":\"https:\\\/\\\/radioljubuski.ba\\\/wp-content\\\/uploads\\\/2021\\\/02\\\/cropped-Radio_Ljubuski_logo1.jpg\",\"width\":512,\"height\":512,\"caption\":\"Radio Ljubu\u0161ki\"},\"image\":{\"@id\":\"https:\\\/\\\/radioljubuski.ba\\\/#\\\/schema\\\/logo\\\/image\\\/\"},\"sameAs\":[\"https:\\\/\\\/www.facebook.com\\\/Radiio-Ljubuski-1490835324566332\",\"https:\\\/\\\/x.com\\\/radioljubuski\",\"https:\\\/\\\/hr.linkedin.com\\\/company\\\/radio-ljubuski\",\"https:\\\/\\\/www.youtube.com\\\/channel\\\/UCHYaeO_n0Db3tjNGudGpXyw\"]},{\"@type\":\"Person\",\"@id\":\"https:\\\/\\\/radioljubuski.ba\\\/#\\\/schema\\\/person\\\/19fc700381a780f69665d7956c469e3b\",\"name\":\"Radio Ljubu\u0161ki\"}]}<\/script>\n<!-- \/ Yoast SEO plugin. -->","yoast_head_json":{"title":"Oslobo\u0111eni u aferi Spice Polan\u010dec: Nekoliko desetaka tisu\u0107a kuna za 12 godina ukradenog \u017eivota, je li to primjereno? - RADIO LJUBU\u0160KI","robots":{"index":"index","follow":"follow","max-snippet":"max-snippet:-1","max-image-preview":"max-image-preview:large","max-video-preview":"max-video-preview:-1"},"canonical":"https:\/\/radioljubuski.ba\/index.php\/2022\/06\/23\/oslobodeni-u-aferi-spice-polancec-nekoliko-desetaka-tisuca-kuna-za-12-godina-ukradenog-zivota-je-li-to-primjereno\/","og_locale":"hr_HR","og_type":"article","og_title":"Oslobo\u0111eni u aferi Spice Polan\u010dec: Nekoliko desetaka tisu\u0107a kuna za 12 godina ukradenog \u017eivota, je li to primjereno? - RADIO LJUBU\u0160KI","og_description":"Oslobo\u0111eni u aferi Spice pripremaju tu\u017ebu protiv dr\u017eave, doznaje Dnevnik Nove TV. Iznos sudskih tro\u0161kova procjenjuje se na vi\u0161e od 10 milijuna kuna, a platit \u0107e se iz prora\u010duna. Iznos sudskih tro\u0161kova nakon osloba\u0111aju\u0107e presude Damiru Polan\u010decu i drugima u aferi Spice, procjenjuje se na vi\u0161e od 10 milijuna kuna na teret poreznih obveznika. Njihovi [&hellip;]","og_url":"https:\/\/radioljubuski.ba\/index.php\/2022\/06\/23\/oslobodeni-u-aferi-spice-polancec-nekoliko-desetaka-tisuca-kuna-za-12-godina-ukradenog-zivota-je-li-to-primjereno\/","og_site_name":"RADIO LJUBU\u0160KI","article_publisher":"https:\/\/www.facebook.com\/Radiio-Ljubuski-1490835324566332","article_published_time":"2022-06-23T09:23:23+00:00","article_modified_time":"2022-06-23T09:23:25+00:00","og_image":[{"width":696,"height":416,"url":"https:\/\/radioljubuski.ba\/wp-content\/uploads\/2022\/06\/damir-polancec-696x416-1.jpg","type":"image\/jpeg"}],"author":"Radio Ljubu\u0161ki","twitter_card":"summary_large_image","twitter_creator":"@radioljubuski","twitter_site":"@radioljubuski","twitter_misc":{"Napisao\/la":"Radio Ljubu\u0161ki","Procijenjeno vrijeme \u010ditanja":"3 minute"},"schema":{"@context":"https:\/\/schema.org","@graph":[{"@type":"Article","@id":"https:\/\/radioljubuski.ba\/index.php\/2022\/06\/23\/oslobodeni-u-aferi-spice-polancec-nekoliko-desetaka-tisuca-kuna-za-12-godina-ukradenog-zivota-je-li-to-primjereno\/#article","isPartOf":{"@id":"https:\/\/radioljubuski.ba\/index.php\/2022\/06\/23\/oslobodeni-u-aferi-spice-polancec-nekoliko-desetaka-tisuca-kuna-za-12-godina-ukradenog-zivota-je-li-to-primjereno\/"},"author":{"name":"Radio Ljubu\u0161ki","@id":"https:\/\/radioljubuski.ba\/#\/schema\/person\/19fc700381a780f69665d7956c469e3b"},"headline":"Oslobo\u0111eni u aferi Spice Polan\u010dec: Nekoliko desetaka tisu\u0107a kuna za 12 godina ukradenog \u017eivota, je li to primjereno?","datePublished":"2022-06-23T09:23:23+00:00","dateModified":"2022-06-23T09:23:25+00:00","mainEntityOfPage":{"@id":"https:\/\/radioljubuski.ba\/index.php\/2022\/06\/23\/oslobodeni-u-aferi-spice-polancec-nekoliko-desetaka-tisuca-kuna-za-12-godina-ukradenog-zivota-je-li-to-primjereno\/"},"wordCount":660,"publisher":{"@id":"https:\/\/radioljubuski.ba\/#organization"},"image":{"@id":"https:\/\/radioljubuski.ba\/index.php\/2022\/06\/23\/oslobodeni-u-aferi-spice-polancec-nekoliko-desetaka-tisuca-kuna-za-12-godina-ukradenog-zivota-je-li-to-primjereno\/#primaryimage"},"thumbnailUrl":"https:\/\/radioljubuski.ba\/wp-content\/uploads\/2022\/06\/damir-polancec-696x416-1.jpg","articleSection":["BIH i regija"],"inLanguage":"hr"},{"@type":"WebPage","@id":"https:\/\/radioljubuski.ba\/index.php\/2022\/06\/23\/oslobodeni-u-aferi-spice-polancec-nekoliko-desetaka-tisuca-kuna-za-12-godina-ukradenog-zivota-je-li-to-primjereno\/","url":"https:\/\/radioljubuski.ba\/index.php\/2022\/06\/23\/oslobodeni-u-aferi-spice-polancec-nekoliko-desetaka-tisuca-kuna-za-12-godina-ukradenog-zivota-je-li-to-primjereno\/","name":"Oslobo\u0111eni u aferi Spice Polan\u010dec: Nekoliko desetaka tisu\u0107a kuna za 12 godina ukradenog \u017eivota, je li to primjereno? - RADIO LJUBU\u0160KI","isPartOf":{"@id":"https:\/\/radioljubuski.ba\/#website"},"primaryImageOfPage":{"@id":"https:\/\/radioljubuski.ba\/index.php\/2022\/06\/23\/oslobodeni-u-aferi-spice-polancec-nekoliko-desetaka-tisuca-kuna-za-12-godina-ukradenog-zivota-je-li-to-primjereno\/#primaryimage"},"image":{"@id":"https:\/\/radioljubuski.ba\/index.php\/2022\/06\/23\/oslobodeni-u-aferi-spice-polancec-nekoliko-desetaka-tisuca-kuna-za-12-godina-ukradenog-zivota-je-li-to-primjereno\/#primaryimage"},"thumbnailUrl":"https:\/\/radioljubuski.ba\/wp-content\/uploads\/2022\/06\/damir-polancec-696x416-1.jpg","datePublished":"2022-06-23T09:23:23+00:00","dateModified":"2022-06-23T09:23:25+00:00","breadcrumb":{"@id":"https:\/\/radioljubuski.ba\/index.php\/2022\/06\/23\/oslobodeni-u-aferi-spice-polancec-nekoliko-desetaka-tisuca-kuna-za-12-godina-ukradenog-zivota-je-li-to-primjereno\/#breadcrumb"},"inLanguage":"hr","potentialAction":[{"@type":"ReadAction","target":["https:\/\/radioljubuski.ba\/index.php\/2022\/06\/23\/oslobodeni-u-aferi-spice-polancec-nekoliko-desetaka-tisuca-kuna-za-12-godina-ukradenog-zivota-je-li-to-primjereno\/"]}]},{"@type":"ImageObject","inLanguage":"hr","@id":"https:\/\/radioljubuski.ba\/index.php\/2022\/06\/23\/oslobodeni-u-aferi-spice-polancec-nekoliko-desetaka-tisuca-kuna-za-12-godina-ukradenog-zivota-je-li-to-primjereno\/#primaryimage","url":"https:\/\/radioljubuski.ba\/wp-content\/uploads\/2022\/06\/damir-polancec-696x416-1.jpg","contentUrl":"https:\/\/radioljubuski.ba\/wp-content\/uploads\/2022\/06\/damir-polancec-696x416-1.jpg","width":696,"height":416},{"@type":"BreadcrumbList","@id":"https:\/\/radioljubuski.ba\/index.php\/2022\/06\/23\/oslobodeni-u-aferi-spice-polancec-nekoliko-desetaka-tisuca-kuna-za-12-godina-ukradenog-zivota-je-li-to-primjereno\/#breadcrumb","itemListElement":[{"@type":"ListItem","position":1,"name":"Po\u010detna stranica","item":"https:\/\/radioljubuski.ba\/"},{"@type":"ListItem","position":2,"name":"Oslobo\u0111eni u aferi Spice Polan\u010dec: Nekoliko desetaka tisu\u0107a kuna za 12 godina ukradenog \u017eivota, je li to primjereno?"}]},{"@type":"WebSite","@id":"https:\/\/radioljubuski.ba\/#website","url":"https:\/\/radioljubuski.ba\/","name":"Radio Ljubu\u0161ki","description":"Sun\u010dana frekvencija Hercegovine","publisher":{"@id":"https:\/\/radioljubuski.ba\/#organization"},"potentialAction":[{"@type":"SearchAction","target":{"@type":"EntryPoint","urlTemplate":"https:\/\/radioljubuski.ba\/?s={search_term_string}"},"query-input":{"@type":"PropertyValueSpecification","valueRequired":true,"valueName":"search_term_string"}}],"inLanguage":"hr"},{"@type":"Organization","@id":"https:\/\/radioljubuski.ba\/#organization","name":"Radio Ljubu\u0161ki","url":"https:\/\/radioljubuski.ba\/","logo":{"@type":"ImageObject","inLanguage":"hr","@id":"https:\/\/radioljubuski.ba\/#\/schema\/logo\/image\/","url":"https:\/\/radioljubuski.ba\/wp-content\/uploads\/2021\/02\/cropped-Radio_Ljubuski_logo1.jpg","contentUrl":"https:\/\/radioljubuski.ba\/wp-content\/uploads\/2021\/02\/cropped-Radio_Ljubuski_logo1.jpg","width":512,"height":512,"caption":"Radio Ljubu\u0161ki"},"image":{"@id":"https:\/\/radioljubuski.ba\/#\/schema\/logo\/image\/"},"sameAs":["https:\/\/www.facebook.com\/Radiio-Ljubuski-1490835324566332","https:\/\/x.com\/radioljubuski","https:\/\/hr.linkedin.com\/company\/radio-ljubuski","https:\/\/www.youtube.com\/channel\/UCHYaeO_n0Db3tjNGudGpXyw"]},{"@type":"Person","@id":"https:\/\/radioljubuski.ba\/#\/schema\/person\/19fc700381a780f69665d7956c469e3b","name":"Radio Ljubu\u0161ki"}]}},"_links":{"self":[{"href":"https:\/\/radioljubuski.ba\/index.php\/wp-json\/wp\/v2\/posts\/152536","targetHints":{"allow":["GET"]}}],"collection":[{"href":"https:\/\/radioljubuski.ba\/index.php\/wp-json\/wp\/v2\/posts"}],"about":[{"href":"https:\/\/radioljubuski.ba\/index.php\/wp-json\/wp\/v2\/types\/post"}],"author":[{"embeddable":true,"href":"https:\/\/radioljubuski.ba\/index.php\/wp-json\/wp\/v2\/users\/2"}],"replies":[{"embeddable":true,"href":"https:\/\/radioljubuski.ba\/index.php\/wp-json\/wp\/v2\/comments?post=152536"}],"version-history":[{"count":1,"href":"https:\/\/radioljubuski.ba\/index.php\/wp-json\/wp\/v2\/posts\/152536\/revisions"}],"predecessor-version":[{"id":152538,"href":"https:\/\/radioljubuski.ba\/index.php\/wp-json\/wp\/v2\/posts\/152536\/revisions\/152538"}],"wp:featuredmedia":[{"embeddable":true,"href":"https:\/\/radioljubuski.ba\/index.php\/wp-json\/wp\/v2\/media\/152537"}],"wp:attachment":[{"href":"https:\/\/radioljubuski.ba\/index.php\/wp-json\/wp\/v2\/media?parent=152536"}],"wp:term":[{"taxonomy":"category","embeddable":true,"href":"https:\/\/radioljubuski.ba\/index.php\/wp-json\/wp\/v2\/categories?post=152536"},{"taxonomy":"post_tag","embeddable":true,"href":"https:\/\/radioljubuski.ba\/index.php\/wp-json\/wp\/v2\/tags?post=152536"}],"curies":[{"name":"wp","href":"https:\/\/api.w.org\/{rel}","templated":true}]}}