{"id":152539,"date":"2022-06-23T10:24:28","date_gmt":"2022-06-23T09:24:28","guid":{"rendered":"https:\/\/radioljubuski.ba\/?p=152539"},"modified":"2022-06-23T10:24:30","modified_gmt":"2022-06-23T09:24:30","slug":"visnja-staresina-vlade-ne-stvaraju-lidere-buducnosti-drzavnu-elituoni-svoju-elitu-stvaraju-na-partijskim-akademijama","status":"publish","type":"post","link":"https:\/\/radioljubuski.ba\/index.php\/2022\/06\/23\/visnja-staresina-vlade-ne-stvaraju-lidere-buducnosti-drzavnu-elituoni-svoju-elitu-stvaraju-na-partijskim-akademijama\/","title":{"rendered":"Vi\u0161nja Stare\u0161ina: Vlade ne stvaraju lidere budu\u0107nosti, dr\u017eavnu elitu\u2026Oni svoju \u2018elitu\u2019 stvaraju na partijskim akademijama"},"content":{"rendered":"\n<p>\u201dDok u realnom vremenu gledamo kako se ukrajinska vojska (unato\u010d mnogim nepoznanicama o dnevnim ratnim zbivanjima s obiju strana) ipak uspjela oduprijeti statisti\u010dki neusporedivo nadmo\u0107nijoj ruskoj vojsci, izgleda to kao preslika hrvatske obrane od JNA-a i srpskih vojski. U tom kontekstu netom objavljena knjiga \u2018Izme\u0111u pro\u0161losti i budu\u0107nosti\u2019 dr. Kre\u0161imira \u0106osi\u0107a, ratnoga generala HV-a i profesora na zagreba\u010dkom FER-u, izaziva \u017eal zbog propu\u0161tenih prilika da se pozitivan \u2018kapital\u2019 iz Domovinskog rata pretvori u generator poslijeratnog razvoja\u201d, pi\u0161e Vi\u0161nja Stare\u0161ina u kolumni za portal <a href=\"https:\/\/lidermedia.hr\/komentari\/elita-sa-stranackih-akademija-pregazila-one-koji-su-mogli-postati-prava-elita-143442\">Lider Media.<\/a><\/p>\n\n\n\n<p>\u201dNova generacija \u010dasnika srednje i ni\u017ee razine koja je stasala u sinergiji rata u Donbasu i treninga prema NATO-ovim modelima klju\u010d je ukrajinskoga vojnog uspjeha, ocjenjuje glavni zapovjednik ukrajinske vojske Valerij Zaslu\u017eni.<\/p>\n\n\n\n<p>I Hrvatska vojska je 1991., iz \u010dak nepovoljnijeg polo\u017eaja, uspjela zaustaviti JNA (uz djelomi\u010dnu okupaciju), a zatim se do 1995. transformirati u vojsku koja je i mentalno i organizacijski sli\u010dila najboljim NATO-ovim vojskama te uvjerljivo dominirala nad srpskim vojskama u finalnome ratnom raspletu.<\/p>\n\n\n\n<h3 class=\"wp-block-heading\"><strong>Uvjet za ulazak u vrh HV-a<\/strong><\/h3>\n\n\n\n<p>Kao zamjenik ministra obrane Gojka \u0160u\u0161ka general \u0106osi\u0107 \u200btih je posljednjih ratnih i prvih poratnih godina bio zadu\u017een za hrvatsko-ameri\u010dku vojnu suradnju, koja je po\u010dela sporazumom potpisanim u prolje\u0107e 1994. i savjetni\u010dkim anga\u017emanom privatne kompanije MPRI koju su vodili umirovljeni ameri\u010dki generali.<\/p>\n\n\n\n<p>Nakon potpisivanja Daytonskog sporazuma vrata institucionalnoj hrvatsko-ameri\u010dkoj suradnji bila su otvorena. Ve\u0107 1996. Hrvatska je potpisala sporazum o suradnji s Nacionalnom gardom Minnesote, a godinu dana poslije na ameri\u010dke vojne akademije primljeno je desetak hrvatskih kadeta kako bi se \u0161to prije osigurala potpuna kompatibilnost HV-a s NATO-ovom standardima. Oni su trebali postati bliska budu\u0107nost HV-a.<\/p>\n\n\n\n<p>Hvale\u0107i svoje mlade \u010dasnike obu\u010davane prema NATO-ovim standardima, general Zaslu\u017eni najavljuje da \u0107e ta nova generacija \u010dasnika vrlo brzo preuzeti ukrajinsku vojsku na svim razinama: \u2018Ovo su potpuno druk\u010diji ljudi, nisu kao mi kad smo bili poru\u010dnici. Nose klice koje \u0107e za pet godina potpuno promijeniti vojsku. Gotovo svi dobro znaju strani jezik, dobro rade s gadgetima, na\u010ditani su\u2026\u2019<\/p>\n\n\n\n<p>U naju\u017eem vrhu Hrvatske vojske nikada se nije na\u0161lo pravih mjesta za one prve hrvatske kadete s ameri\u010dkih vojnih akademija. Upravo suprotno, kao da je uvjet za najvi\u0161e pozicije u HV-u i dalje bila akademija JNA-a, \u010dija je doktrina bila potpuno pora\u017eena.<\/p>\n\n\n\n<h3 class=\"wp-block-heading\"><strong>Prvoj gardijskoj NATO certifikat jo\u0161 1999.<\/strong><\/h3>\n\n\n\n<p>Tko jo\u0161 pamti da je Prva gardijska brigada HV-a (\u2018Tigrovi\u2019) jo\u0161 1999. s tada\u0161njim zapovjednikom, sto\u017eernim brigadirom Bo\u017eom Ko\u017eulom dobila certifikat kompatibilnosti s NATO-ovim standardima?<\/p>\n\n\n\n<p>Ko\u017eul je tada, uza zapadno do\u0161kolovanje, izgledao kao logi\u010dna budu\u0107nost HV-a: pridru\u017eio se obrani Hrvatske jedva punoljetan, dvije godine poslije bio je ratni zapovjednik bojne u \u2018Tigrovima\u2019, pro\u0161ao je s \u2018Tigrovima\u2019 sva hrvatska rati\u0161ta, a u poslijeratnom je razdoblju sa samo 27 godina postao zapovjednik brigade koju je doveo do NATO-ovih standarda. Uvijek daleko i od medija i od skandala.<\/p>\n\n\n\n<p>U velikoj sje\u010di HV-ovih \u010dasnika stasalih u Domovinskom ratu Ra\u010danova koalicijska vlada umirovila ga je s trideset godina i s ocjenom \u2013 besperspektivan. A kao maskote \u010dasnika izniklih iz Domovinskog rata medijski su iznjedreni razni voza\u010di autobusa, sitni \u0161verceri\u2026<\/p>\n\n\n\n<h3 class=\"wp-block-heading\"><strong>Sumorne i jo\u0161 sumornije spoznaje<\/strong><\/h3>\n\n\n\n<p>Nakon \u0161to je zavr\u0161io mandat ameri\u010dkog ministra obrane i vratio se na Sveu\u010dili\u0161te Stanford kao profesor matematike, dr. William Perry odr\u017eao je ujesen 1998. predavanje u novoosnovanom u Institutu za obrambene studije u sklopu MORH-a. Njegova je poruka bila: \u2018Va\u0161a sigurnost ovisit \u0107e i o va\u0161em znanju i tehnolo\u0161kim mogu\u0107nostima. U tom kontekstu ovaj Institut treba i mo\u017ee imati posebnu ulogu.\u2019<\/p>\n\n\n\n<p>Dvije godine poslije Ra\u010danova je vlada ukinula taj institut. I vi\u0161e nijedna vlada nije osnovala ni\u0161ta sli\u010dno.<\/p>\n\n\n\n<p>Ali najsumornije spoznaje iz \u0106osi\u0107eve knjige nisu one o propu\u0161tenim hrvatskim prilikama da na ratnom \u2018kapitalu\u2019 razvije zapadni menad\u017ement i vodstvo, ne samo u vojsci ve\u0107 i u gospodarstvu.<\/p>\n\n\n\n<p>Kao Ju\u017ena Koreja ili Izrael ju\u010der, Ukrajina mo\u017eda sutra.<\/p>\n\n\n\n<p>Sumornije je \u0161to u posljednjih dvadesetak godina nijedna hrvatska vlada nije pokazala ba\u0161 nikakav interes za obrazovanje gospodarskih i politi\u010dkih lidera budu\u0107nosti, dr\u017eavne elite koja ne\u0107e ovisiti o pojedinim politi\u010dkim strankama. Oni svoju \u2018elitu\u2019 stvaraju na svojim strana\u010dkim\/partijskim akademijama.<\/p>\n\n\n\n<p>Takvi su im najbolji. Najbolje slu\u0161aju\u201d, pi\u0161e Stare\u0161ina za<a href=\"https:\/\/lidermedia.hr\/komentari\/elita-sa-stranackih-akademija-pregazila-one-koji-su-mogli-postati-prava-elita-143442\"> Lider Media<\/a>.<\/p>\n\n\n\n<p><em>Izvor: narod.hr\/Lider Media<\/em><\/p>\n","protected":false},"excerpt":{"rendered":"<p>\u201dDok u realnom vremenu gledamo kako se ukrajinska vojska (unato\u010d mnogim nepoznanicama o dnevnim ratnim zbivanjima s obiju strana) ipak uspjela oduprijeti statisti\u010dki neusporedivo nadmo\u0107nijoj ruskoj vojsci, izgleda to kao preslika hrvatske obrane od JNA-a i srpskih vojski. U tom kontekstu netom objavljena knjiga \u2018Izme\u0111u pro\u0161losti i budu\u0107nosti\u2019 dr. Kre\u0161imira \u0106osi\u0107a, ratnoga generala HV-a i [&hellip;]<\/p>\n","protected":false},"author":2,"featured_media":20183,"comment_status":"closed","ping_status":"closed","sticky":false,"template":"","format":"standard","meta":{"h5ap_radio_sources":[],"footnotes":""},"categories":[1],"tags":[],"class_list":["post-152539","post","type-post","status-publish","format-standard","has-post-thumbnail","hentry","category-bihiregija"],"yoast_head":"<!-- This site is optimized with the Yoast SEO plugin v27.4 - https:\/\/yoast.com\/product\/yoast-seo-wordpress\/ -->\n<title>Vi\u0161nja Stare\u0161ina: Vlade ne stvaraju lidere budu\u0107nosti, dr\u017eavnu elitu\u2026Oni svoju \u2018elitu\u2019 stvaraju na partijskim akademijama - RADIO LJUBU\u0160KI<\/title>\n<meta name=\"robots\" content=\"index, follow, max-snippet:-1, max-image-preview:large, max-video-preview:-1\" \/>\n<link rel=\"canonical\" href=\"https:\/\/radioljubuski.ba\/index.php\/2022\/06\/23\/visnja-staresina-vlade-ne-stvaraju-lidere-buducnosti-drzavnu-elituoni-svoju-elitu-stvaraju-na-partijskim-akademijama\/\" \/>\n<meta property=\"og:locale\" content=\"hr_HR\" \/>\n<meta property=\"og:type\" content=\"article\" \/>\n<meta property=\"og:title\" content=\"Vi\u0161nja Stare\u0161ina: Vlade ne stvaraju lidere budu\u0107nosti, dr\u017eavnu elitu\u2026Oni svoju \u2018elitu\u2019 stvaraju na partijskim akademijama - RADIO LJUBU\u0160KI\" \/>\n<meta property=\"og:description\" content=\"\u201dDok u realnom vremenu gledamo kako se ukrajinska vojska (unato\u010d mnogim nepoznanicama o dnevnim ratnim zbivanjima s obiju strana) ipak uspjela oduprijeti statisti\u010dki neusporedivo nadmo\u0107nijoj ruskoj vojsci, izgleda to kao preslika hrvatske obrane od JNA-a i srpskih vojski. U tom kontekstu netom objavljena knjiga \u2018Izme\u0111u pro\u0161losti i budu\u0107nosti\u2019 dr. Kre\u0161imira \u0106osi\u0107a, ratnoga generala HV-a i [&hellip;]\" \/>\n<meta property=\"og:url\" content=\"https:\/\/radioljubuski.ba\/index.php\/2022\/06\/23\/visnja-staresina-vlade-ne-stvaraju-lidere-buducnosti-drzavnu-elituoni-svoju-elitu-stvaraju-na-partijskim-akademijama\/\" \/>\n<meta property=\"og:site_name\" content=\"RADIO LJUBU\u0160KI\" \/>\n<meta property=\"article:publisher\" content=\"https:\/\/www.facebook.com\/Radiio-Ljubuski-1490835324566332\" \/>\n<meta property=\"article:published_time\" content=\"2022-06-23T09:24:28+00:00\" \/>\n<meta property=\"article:modified_time\" content=\"2022-06-23T09:24:30+00:00\" \/>\n<meta property=\"og:image\" content=\"https:\/\/radioljubuski.ba\/wp-content\/uploads\/2021\/05\/visnja_staresina_09.jpg\" \/>\n\t<meta property=\"og:image:width\" content=\"800\" \/>\n\t<meta property=\"og:image:height\" content=\"533\" \/>\n\t<meta property=\"og:image:type\" content=\"image\/jpeg\" \/>\n<meta name=\"author\" content=\"Radio Ljubu\u0161ki\" \/>\n<meta name=\"twitter:card\" content=\"summary_large_image\" \/>\n<meta name=\"twitter:creator\" content=\"@radioljubuski\" \/>\n<meta name=\"twitter:site\" content=\"@radioljubuski\" \/>\n<meta name=\"twitter:label1\" content=\"Napisao\/la\" \/>\n\t<meta name=\"twitter:data1\" content=\"Radio Ljubu\u0161ki\" \/>\n\t<meta name=\"twitter:label2\" content=\"Procijenjeno vrijeme \u010ditanja\" \/>\n\t<meta name=\"twitter:data2\" content=\"3 minute\" \/>\n<script type=\"application\/ld+json\" class=\"yoast-schema-graph\">{\"@context\":\"https:\\\/\\\/schema.org\",\"@graph\":[{\"@type\":\"Article\",\"@id\":\"https:\\\/\\\/radioljubuski.ba\\\/index.php\\\/2022\\\/06\\\/23\\\/visnja-staresina-vlade-ne-stvaraju-lidere-buducnosti-drzavnu-elituoni-svoju-elitu-stvaraju-na-partijskim-akademijama\\\/#article\",\"isPartOf\":{\"@id\":\"https:\\\/\\\/radioljubuski.ba\\\/index.php\\\/2022\\\/06\\\/23\\\/visnja-staresina-vlade-ne-stvaraju-lidere-buducnosti-drzavnu-elituoni-svoju-elitu-stvaraju-na-partijskim-akademijama\\\/\"},\"author\":{\"name\":\"Radio Ljubu\u0161ki\",\"@id\":\"https:\\\/\\\/radioljubuski.ba\\\/#\\\/schema\\\/person\\\/19fc700381a780f69665d7956c469e3b\"},\"headline\":\"Vi\u0161nja Stare\u0161ina: Vlade ne stvaraju lidere budu\u0107nosti, dr\u017eavnu elitu\u2026Oni svoju \u2018elitu\u2019 stvaraju na partijskim akademijama\",\"datePublished\":\"2022-06-23T09:24:28+00:00\",\"dateModified\":\"2022-06-23T09:24:30+00:00\",\"mainEntityOfPage\":{\"@id\":\"https:\\\/\\\/radioljubuski.ba\\\/index.php\\\/2022\\\/06\\\/23\\\/visnja-staresina-vlade-ne-stvaraju-lidere-buducnosti-drzavnu-elituoni-svoju-elitu-stvaraju-na-partijskim-akademijama\\\/\"},\"wordCount\":764,\"publisher\":{\"@id\":\"https:\\\/\\\/radioljubuski.ba\\\/#organization\"},\"image\":{\"@id\":\"https:\\\/\\\/radioljubuski.ba\\\/index.php\\\/2022\\\/06\\\/23\\\/visnja-staresina-vlade-ne-stvaraju-lidere-buducnosti-drzavnu-elituoni-svoju-elitu-stvaraju-na-partijskim-akademijama\\\/#primaryimage\"},\"thumbnailUrl\":\"https:\\\/\\\/radioljubuski.ba\\\/wp-content\\\/uploads\\\/2021\\\/05\\\/visnja_staresina_09.jpg\",\"articleSection\":[\"BIH i regija\"],\"inLanguage\":\"hr\"},{\"@type\":\"WebPage\",\"@id\":\"https:\\\/\\\/radioljubuski.ba\\\/index.php\\\/2022\\\/06\\\/23\\\/visnja-staresina-vlade-ne-stvaraju-lidere-buducnosti-drzavnu-elituoni-svoju-elitu-stvaraju-na-partijskim-akademijama\\\/\",\"url\":\"https:\\\/\\\/radioljubuski.ba\\\/index.php\\\/2022\\\/06\\\/23\\\/visnja-staresina-vlade-ne-stvaraju-lidere-buducnosti-drzavnu-elituoni-svoju-elitu-stvaraju-na-partijskim-akademijama\\\/\",\"name\":\"Vi\u0161nja Stare\u0161ina: Vlade ne stvaraju lidere budu\u0107nosti, dr\u017eavnu elitu\u2026Oni svoju \u2018elitu\u2019 stvaraju na partijskim akademijama - RADIO LJUBU\u0160KI\",\"isPartOf\":{\"@id\":\"https:\\\/\\\/radioljubuski.ba\\\/#website\"},\"primaryImageOfPage\":{\"@id\":\"https:\\\/\\\/radioljubuski.ba\\\/index.php\\\/2022\\\/06\\\/23\\\/visnja-staresina-vlade-ne-stvaraju-lidere-buducnosti-drzavnu-elituoni-svoju-elitu-stvaraju-na-partijskim-akademijama\\\/#primaryimage\"},\"image\":{\"@id\":\"https:\\\/\\\/radioljubuski.ba\\\/index.php\\\/2022\\\/06\\\/23\\\/visnja-staresina-vlade-ne-stvaraju-lidere-buducnosti-drzavnu-elituoni-svoju-elitu-stvaraju-na-partijskim-akademijama\\\/#primaryimage\"},\"thumbnailUrl\":\"https:\\\/\\\/radioljubuski.ba\\\/wp-content\\\/uploads\\\/2021\\\/05\\\/visnja_staresina_09.jpg\",\"datePublished\":\"2022-06-23T09:24:28+00:00\",\"dateModified\":\"2022-06-23T09:24:30+00:00\",\"breadcrumb\":{\"@id\":\"https:\\\/\\\/radioljubuski.ba\\\/index.php\\\/2022\\\/06\\\/23\\\/visnja-staresina-vlade-ne-stvaraju-lidere-buducnosti-drzavnu-elituoni-svoju-elitu-stvaraju-na-partijskim-akademijama\\\/#breadcrumb\"},\"inLanguage\":\"hr\",\"potentialAction\":[{\"@type\":\"ReadAction\",\"target\":[\"https:\\\/\\\/radioljubuski.ba\\\/index.php\\\/2022\\\/06\\\/23\\\/visnja-staresina-vlade-ne-stvaraju-lidere-buducnosti-drzavnu-elituoni-svoju-elitu-stvaraju-na-partijskim-akademijama\\\/\"]}]},{\"@type\":\"ImageObject\",\"inLanguage\":\"hr\",\"@id\":\"https:\\\/\\\/radioljubuski.ba\\\/index.php\\\/2022\\\/06\\\/23\\\/visnja-staresina-vlade-ne-stvaraju-lidere-buducnosti-drzavnu-elituoni-svoju-elitu-stvaraju-na-partijskim-akademijama\\\/#primaryimage\",\"url\":\"https:\\\/\\\/radioljubuski.ba\\\/wp-content\\\/uploads\\\/2021\\\/05\\\/visnja_staresina_09.jpg\",\"contentUrl\":\"https:\\\/\\\/radioljubuski.ba\\\/wp-content\\\/uploads\\\/2021\\\/05\\\/visnja_staresina_09.jpg\",\"width\":800,\"height\":533},{\"@type\":\"BreadcrumbList\",\"@id\":\"https:\\\/\\\/radioljubuski.ba\\\/index.php\\\/2022\\\/06\\\/23\\\/visnja-staresina-vlade-ne-stvaraju-lidere-buducnosti-drzavnu-elituoni-svoju-elitu-stvaraju-na-partijskim-akademijama\\\/#breadcrumb\",\"itemListElement\":[{\"@type\":\"ListItem\",\"position\":1,\"name\":\"Po\u010detna stranica\",\"item\":\"https:\\\/\\\/radioljubuski.ba\\\/\"},{\"@type\":\"ListItem\",\"position\":2,\"name\":\"Vi\u0161nja Stare\u0161ina: Vlade ne stvaraju lidere budu\u0107nosti, dr\u017eavnu elitu\u2026Oni svoju \u2018elitu\u2019 stvaraju na partijskim akademijama\"}]},{\"@type\":\"WebSite\",\"@id\":\"https:\\\/\\\/radioljubuski.ba\\\/#website\",\"url\":\"https:\\\/\\\/radioljubuski.ba\\\/\",\"name\":\"Radio Ljubu\u0161ki\",\"description\":\"Sun\u010dana frekvencija Hercegovine\",\"publisher\":{\"@id\":\"https:\\\/\\\/radioljubuski.ba\\\/#organization\"},\"potentialAction\":[{\"@type\":\"SearchAction\",\"target\":{\"@type\":\"EntryPoint\",\"urlTemplate\":\"https:\\\/\\\/radioljubuski.ba\\\/?s={search_term_string}\"},\"query-input\":{\"@type\":\"PropertyValueSpecification\",\"valueRequired\":true,\"valueName\":\"search_term_string\"}}],\"inLanguage\":\"hr\"},{\"@type\":\"Organization\",\"@id\":\"https:\\\/\\\/radioljubuski.ba\\\/#organization\",\"name\":\"Radio Ljubu\u0161ki\",\"url\":\"https:\\\/\\\/radioljubuski.ba\\\/\",\"logo\":{\"@type\":\"ImageObject\",\"inLanguage\":\"hr\",\"@id\":\"https:\\\/\\\/radioljubuski.ba\\\/#\\\/schema\\\/logo\\\/image\\\/\",\"url\":\"https:\\\/\\\/radioljubuski.ba\\\/wp-content\\\/uploads\\\/2021\\\/02\\\/cropped-Radio_Ljubuski_logo1.jpg\",\"contentUrl\":\"https:\\\/\\\/radioljubuski.ba\\\/wp-content\\\/uploads\\\/2021\\\/02\\\/cropped-Radio_Ljubuski_logo1.jpg\",\"width\":512,\"height\":512,\"caption\":\"Radio Ljubu\u0161ki\"},\"image\":{\"@id\":\"https:\\\/\\\/radioljubuski.ba\\\/#\\\/schema\\\/logo\\\/image\\\/\"},\"sameAs\":[\"https:\\\/\\\/www.facebook.com\\\/Radiio-Ljubuski-1490835324566332\",\"https:\\\/\\\/x.com\\\/radioljubuski\",\"https:\\\/\\\/hr.linkedin.com\\\/company\\\/radio-ljubuski\",\"https:\\\/\\\/www.youtube.com\\\/channel\\\/UCHYaeO_n0Db3tjNGudGpXyw\"]},{\"@type\":\"Person\",\"@id\":\"https:\\\/\\\/radioljubuski.ba\\\/#\\\/schema\\\/person\\\/19fc700381a780f69665d7956c469e3b\",\"name\":\"Radio Ljubu\u0161ki\"}]}<\/script>\n<!-- \/ Yoast SEO plugin. -->","yoast_head_json":{"title":"Vi\u0161nja Stare\u0161ina: Vlade ne stvaraju lidere budu\u0107nosti, dr\u017eavnu elitu\u2026Oni svoju \u2018elitu\u2019 stvaraju na partijskim akademijama - RADIO LJUBU\u0160KI","robots":{"index":"index","follow":"follow","max-snippet":"max-snippet:-1","max-image-preview":"max-image-preview:large","max-video-preview":"max-video-preview:-1"},"canonical":"https:\/\/radioljubuski.ba\/index.php\/2022\/06\/23\/visnja-staresina-vlade-ne-stvaraju-lidere-buducnosti-drzavnu-elituoni-svoju-elitu-stvaraju-na-partijskim-akademijama\/","og_locale":"hr_HR","og_type":"article","og_title":"Vi\u0161nja Stare\u0161ina: Vlade ne stvaraju lidere budu\u0107nosti, dr\u017eavnu elitu\u2026Oni svoju \u2018elitu\u2019 stvaraju na partijskim akademijama - RADIO LJUBU\u0160KI","og_description":"\u201dDok u realnom vremenu gledamo kako se ukrajinska vojska (unato\u010d mnogim nepoznanicama o dnevnim ratnim zbivanjima s obiju strana) ipak uspjela oduprijeti statisti\u010dki neusporedivo nadmo\u0107nijoj ruskoj vojsci, izgleda to kao preslika hrvatske obrane od JNA-a i srpskih vojski. U tom kontekstu netom objavljena knjiga \u2018Izme\u0111u pro\u0161losti i budu\u0107nosti\u2019 dr. Kre\u0161imira \u0106osi\u0107a, ratnoga generala HV-a i [&hellip;]","og_url":"https:\/\/radioljubuski.ba\/index.php\/2022\/06\/23\/visnja-staresina-vlade-ne-stvaraju-lidere-buducnosti-drzavnu-elituoni-svoju-elitu-stvaraju-na-partijskim-akademijama\/","og_site_name":"RADIO LJUBU\u0160KI","article_publisher":"https:\/\/www.facebook.com\/Radiio-Ljubuski-1490835324566332","article_published_time":"2022-06-23T09:24:28+00:00","article_modified_time":"2022-06-23T09:24:30+00:00","og_image":[{"width":800,"height":533,"url":"https:\/\/radioljubuski.ba\/wp-content\/uploads\/2021\/05\/visnja_staresina_09.jpg","type":"image\/jpeg"}],"author":"Radio Ljubu\u0161ki","twitter_card":"summary_large_image","twitter_creator":"@radioljubuski","twitter_site":"@radioljubuski","twitter_misc":{"Napisao\/la":"Radio Ljubu\u0161ki","Procijenjeno vrijeme \u010ditanja":"3 minute"},"schema":{"@context":"https:\/\/schema.org","@graph":[{"@type":"Article","@id":"https:\/\/radioljubuski.ba\/index.php\/2022\/06\/23\/visnja-staresina-vlade-ne-stvaraju-lidere-buducnosti-drzavnu-elituoni-svoju-elitu-stvaraju-na-partijskim-akademijama\/#article","isPartOf":{"@id":"https:\/\/radioljubuski.ba\/index.php\/2022\/06\/23\/visnja-staresina-vlade-ne-stvaraju-lidere-buducnosti-drzavnu-elituoni-svoju-elitu-stvaraju-na-partijskim-akademijama\/"},"author":{"name":"Radio Ljubu\u0161ki","@id":"https:\/\/radioljubuski.ba\/#\/schema\/person\/19fc700381a780f69665d7956c469e3b"},"headline":"Vi\u0161nja Stare\u0161ina: Vlade ne stvaraju lidere budu\u0107nosti, dr\u017eavnu elitu\u2026Oni svoju \u2018elitu\u2019 stvaraju na partijskim akademijama","datePublished":"2022-06-23T09:24:28+00:00","dateModified":"2022-06-23T09:24:30+00:00","mainEntityOfPage":{"@id":"https:\/\/radioljubuski.ba\/index.php\/2022\/06\/23\/visnja-staresina-vlade-ne-stvaraju-lidere-buducnosti-drzavnu-elituoni-svoju-elitu-stvaraju-na-partijskim-akademijama\/"},"wordCount":764,"publisher":{"@id":"https:\/\/radioljubuski.ba\/#organization"},"image":{"@id":"https:\/\/radioljubuski.ba\/index.php\/2022\/06\/23\/visnja-staresina-vlade-ne-stvaraju-lidere-buducnosti-drzavnu-elituoni-svoju-elitu-stvaraju-na-partijskim-akademijama\/#primaryimage"},"thumbnailUrl":"https:\/\/radioljubuski.ba\/wp-content\/uploads\/2021\/05\/visnja_staresina_09.jpg","articleSection":["BIH i regija"],"inLanguage":"hr"},{"@type":"WebPage","@id":"https:\/\/radioljubuski.ba\/index.php\/2022\/06\/23\/visnja-staresina-vlade-ne-stvaraju-lidere-buducnosti-drzavnu-elituoni-svoju-elitu-stvaraju-na-partijskim-akademijama\/","url":"https:\/\/radioljubuski.ba\/index.php\/2022\/06\/23\/visnja-staresina-vlade-ne-stvaraju-lidere-buducnosti-drzavnu-elituoni-svoju-elitu-stvaraju-na-partijskim-akademijama\/","name":"Vi\u0161nja Stare\u0161ina: Vlade ne stvaraju lidere budu\u0107nosti, dr\u017eavnu elitu\u2026Oni svoju \u2018elitu\u2019 stvaraju na partijskim akademijama - RADIO LJUBU\u0160KI","isPartOf":{"@id":"https:\/\/radioljubuski.ba\/#website"},"primaryImageOfPage":{"@id":"https:\/\/radioljubuski.ba\/index.php\/2022\/06\/23\/visnja-staresina-vlade-ne-stvaraju-lidere-buducnosti-drzavnu-elituoni-svoju-elitu-stvaraju-na-partijskim-akademijama\/#primaryimage"},"image":{"@id":"https:\/\/radioljubuski.ba\/index.php\/2022\/06\/23\/visnja-staresina-vlade-ne-stvaraju-lidere-buducnosti-drzavnu-elituoni-svoju-elitu-stvaraju-na-partijskim-akademijama\/#primaryimage"},"thumbnailUrl":"https:\/\/radioljubuski.ba\/wp-content\/uploads\/2021\/05\/visnja_staresina_09.jpg","datePublished":"2022-06-23T09:24:28+00:00","dateModified":"2022-06-23T09:24:30+00:00","breadcrumb":{"@id":"https:\/\/radioljubuski.ba\/index.php\/2022\/06\/23\/visnja-staresina-vlade-ne-stvaraju-lidere-buducnosti-drzavnu-elituoni-svoju-elitu-stvaraju-na-partijskim-akademijama\/#breadcrumb"},"inLanguage":"hr","potentialAction":[{"@type":"ReadAction","target":["https:\/\/radioljubuski.ba\/index.php\/2022\/06\/23\/visnja-staresina-vlade-ne-stvaraju-lidere-buducnosti-drzavnu-elituoni-svoju-elitu-stvaraju-na-partijskim-akademijama\/"]}]},{"@type":"ImageObject","inLanguage":"hr","@id":"https:\/\/radioljubuski.ba\/index.php\/2022\/06\/23\/visnja-staresina-vlade-ne-stvaraju-lidere-buducnosti-drzavnu-elituoni-svoju-elitu-stvaraju-na-partijskim-akademijama\/#primaryimage","url":"https:\/\/radioljubuski.ba\/wp-content\/uploads\/2021\/05\/visnja_staresina_09.jpg","contentUrl":"https:\/\/radioljubuski.ba\/wp-content\/uploads\/2021\/05\/visnja_staresina_09.jpg","width":800,"height":533},{"@type":"BreadcrumbList","@id":"https:\/\/radioljubuski.ba\/index.php\/2022\/06\/23\/visnja-staresina-vlade-ne-stvaraju-lidere-buducnosti-drzavnu-elituoni-svoju-elitu-stvaraju-na-partijskim-akademijama\/#breadcrumb","itemListElement":[{"@type":"ListItem","position":1,"name":"Po\u010detna stranica","item":"https:\/\/radioljubuski.ba\/"},{"@type":"ListItem","position":2,"name":"Vi\u0161nja Stare\u0161ina: Vlade ne stvaraju lidere budu\u0107nosti, dr\u017eavnu elitu\u2026Oni svoju \u2018elitu\u2019 stvaraju na partijskim akademijama"}]},{"@type":"WebSite","@id":"https:\/\/radioljubuski.ba\/#website","url":"https:\/\/radioljubuski.ba\/","name":"Radio Ljubu\u0161ki","description":"Sun\u010dana frekvencija Hercegovine","publisher":{"@id":"https:\/\/radioljubuski.ba\/#organization"},"potentialAction":[{"@type":"SearchAction","target":{"@type":"EntryPoint","urlTemplate":"https:\/\/radioljubuski.ba\/?s={search_term_string}"},"query-input":{"@type":"PropertyValueSpecification","valueRequired":true,"valueName":"search_term_string"}}],"inLanguage":"hr"},{"@type":"Organization","@id":"https:\/\/radioljubuski.ba\/#organization","name":"Radio Ljubu\u0161ki","url":"https:\/\/radioljubuski.ba\/","logo":{"@type":"ImageObject","inLanguage":"hr","@id":"https:\/\/radioljubuski.ba\/#\/schema\/logo\/image\/","url":"https:\/\/radioljubuski.ba\/wp-content\/uploads\/2021\/02\/cropped-Radio_Ljubuski_logo1.jpg","contentUrl":"https:\/\/radioljubuski.ba\/wp-content\/uploads\/2021\/02\/cropped-Radio_Ljubuski_logo1.jpg","width":512,"height":512,"caption":"Radio Ljubu\u0161ki"},"image":{"@id":"https:\/\/radioljubuski.ba\/#\/schema\/logo\/image\/"},"sameAs":["https:\/\/www.facebook.com\/Radiio-Ljubuski-1490835324566332","https:\/\/x.com\/radioljubuski","https:\/\/hr.linkedin.com\/company\/radio-ljubuski","https:\/\/www.youtube.com\/channel\/UCHYaeO_n0Db3tjNGudGpXyw"]},{"@type":"Person","@id":"https:\/\/radioljubuski.ba\/#\/schema\/person\/19fc700381a780f69665d7956c469e3b","name":"Radio Ljubu\u0161ki"}]}},"_links":{"self":[{"href":"https:\/\/radioljubuski.ba\/index.php\/wp-json\/wp\/v2\/posts\/152539","targetHints":{"allow":["GET"]}}],"collection":[{"href":"https:\/\/radioljubuski.ba\/index.php\/wp-json\/wp\/v2\/posts"}],"about":[{"href":"https:\/\/radioljubuski.ba\/index.php\/wp-json\/wp\/v2\/types\/post"}],"author":[{"embeddable":true,"href":"https:\/\/radioljubuski.ba\/index.php\/wp-json\/wp\/v2\/users\/2"}],"replies":[{"embeddable":true,"href":"https:\/\/radioljubuski.ba\/index.php\/wp-json\/wp\/v2\/comments?post=152539"}],"version-history":[{"count":1,"href":"https:\/\/radioljubuski.ba\/index.php\/wp-json\/wp\/v2\/posts\/152539\/revisions"}],"predecessor-version":[{"id":152540,"href":"https:\/\/radioljubuski.ba\/index.php\/wp-json\/wp\/v2\/posts\/152539\/revisions\/152540"}],"wp:featuredmedia":[{"embeddable":true,"href":"https:\/\/radioljubuski.ba\/index.php\/wp-json\/wp\/v2\/media\/20183"}],"wp:attachment":[{"href":"https:\/\/radioljubuski.ba\/index.php\/wp-json\/wp\/v2\/media?parent=152539"}],"wp:term":[{"taxonomy":"category","embeddable":true,"href":"https:\/\/radioljubuski.ba\/index.php\/wp-json\/wp\/v2\/categories?post=152539"},{"taxonomy":"post_tag","embeddable":true,"href":"https:\/\/radioljubuski.ba\/index.php\/wp-json\/wp\/v2\/tags?post=152539"}],"curies":[{"name":"wp","href":"https:\/\/api.w.org\/{rel}","templated":true}]}}