{"id":15254,"date":"2021-04-22T08:21:54","date_gmt":"2021-04-22T07:21:54","guid":{"rendered":"https:\/\/radioljubuski.ba\/?p=15254"},"modified":"2021-04-22T11:53:43","modified_gmt":"2021-04-22T10:53:43","slug":"izvidac-slavio-i-u-banja-luci","status":"publish","type":"post","link":"https:\/\/radioljubuski.ba\/index.php\/2021\/04\/22\/izvidac-slavio-i-u-banja-luci\/","title":{"rendered":"Izvi\u0111a\u010d slavio i u Banja Luci"},"content":{"rendered":"\n<p>Rukometa\u0161i Izvi\u0111a\u010d Central osiguranje u tjedan dana dva puta su savladali mom\u010dad banjalu\u010dkog Borca, aktualnog prvak BiH, i izbacili ga iz daljnjeg natjecanja u KUP-a BiH. Kako su i najavili \u201eSkauti\u201c su u utakmicu u Banja Luci u\u0161li, kao da ne donose prednost iz prve utakmice, kao da je rezultat 0:0, ginu\u0107i za svaku loptu.<\/p>\n\n\n\n<p>U prvom poluvremenu, prvih petnaestak minuta, gledali smo izjedna\u010denu igri. U 5. minuti Borac je poveo 4:2, ali nakon toga poga\u0111aju&nbsp;<strong>Stjepan Jozinovi\u0107<\/strong>&nbsp;i&nbsp;<strong>Milo\u0161 Kos<\/strong>&nbsp;za prednost Izvi\u0111a\u010da (5:6, 8.minuta). Slijede dva vezana pogotka doma\u0107ina, ali ponovno poga\u0111aju&nbsp;<strong>Jozinovi\u0107<\/strong>&nbsp;i&nbsp;<strong>Kos<\/strong>&nbsp;za novu prednost \u201eSkauta\u201c (7:8, 11.minuta).<\/p>\n\n\n\n<p>U 14. minuti Izvi\u0111a\u010d prvi put dolazi do prednosti od dva pogotka (8:10), Borac dr\u017ei priklju\u010dak do 18.minute (10:11), nakon \u010dega slijede 4 minute uraganske igre \u201eSkauta\u201c. Tri puta zaredom poga\u0111a&nbsp;<strong>Vuk\u0161i\u0107<\/strong>, pa&nbsp;<strong>Nje\u017ei\u0107<\/strong>&nbsp;za Borac i onda&nbsp;<strong>Muhovi\u0107<\/strong>&nbsp;i&nbsp;<strong>Kos<\/strong>&nbsp;\u0161to Izvi\u0111a\u010du donosi pet golova prednosti (11:16).<br>U 25. minuti \u201eSkauti\u201c sti\u017eu i do \u0161est golova prednosti koju uspijevaju zadr\u017eati do kraja poluvremena.<\/p>\n\n\n\n<p>U drugom poluvremenu Izvi\u0111a\u010d je napada\u010dki krenuo lo\u0161e. Uslijedilo je deset minuta posta, deset minuta bez postignutog pogotka, \u0161to je omogu\u0107ilo Borcu da s \u010detiri vezana pogotka stigne na samo dva gola zaostatka. Mir u redove Izvi\u0111a\u010da vra\u0107a&nbsp;<strong>Milan \u201eMi\u0107a\u201c Vuk\u0161i\u0107<\/strong>&nbsp;s dva vezana gola.<\/p>\n\n\n\n<p>Nakon toga \u201eSkauti\u201c su se pribrali, zaigrali bolje, i u 45. minuti ponovno imaju pet golova prednosti (22:27). Borac se jo\u0161 jednom uspijeva prima\u0107i na dva gola zaostatka (29:31, 54.minuta), ali to\u010dku na i u ovoj utakmici stavljaju&nbsp;<strong>Milo\u0161 Kos<\/strong>&nbsp;s dva te&nbsp;<strong>Stjepan Jozinovi\u0107<\/strong>&nbsp;s jednim pogotkom za nedosti\u017eni pet golova \u201evi\u0161ka\u201c.<\/p>\n\n\n\n<p>Borac do kraja, pogotkom Puljezevi\u0107a, uspijeva tek ubla\u017eiti poraz i postaviti kona\u010dnih 30:34 za zaslu\u017eenu pobjedu \u201eSkauta\u201c i njihovo veliko slavlje u sportskoj dvorani \u201eBorik\u201c u Banja Luci.<\/p>\n\n\n\n<p>Izvi\u0111a\u010d je do pobjede predvodio fantasti\u010dni&nbsp;<strong>Milo\u0161 Kos<\/strong>&nbsp;koji je postigao devet pogodaka. Napomenimo da je Milo\u0161 i u prethodne dvije utakmice Borcu utrpao 16 \u201ekomada\u201c \u0161to zna\u010di da ih je u tri utakmice s Borcem postigao 25. Odli\u010dni su bili&nbsp;<strong>Milan \u201eMi\u0107a\u201c Vuk\u0161i\u0107<\/strong>&nbsp;sa sedam,&nbsp;<strong>Stjepan Jozinovi\u0107<\/strong>&nbsp;sa \u0161est i&nbsp;<strong>Domagoj Alilovi\u0107<\/strong>&nbsp;s pet pogodaka.&nbsp;<strong>Amir Muhovi\u0107<\/strong>&nbsp;i&nbsp;<strong>Mladen Bo\u0161kovi\u0107<\/strong>&nbsp;su se u listu strijelaca upisali po dva puta, a po jednom&nbsp;<strong>Mirko Mi\u0161eti\u0107<\/strong>,&nbsp;<strong>Luka Bubalo<\/strong>&nbsp;i&nbsp;<strong>Dragan \u0160olji\u0107<\/strong>.<\/p>\n\n\n\n<p>Vratari su ponovno bili na visini zadatka.&nbsp;<strong>Ante Grbavac<\/strong>&nbsp;je skinuo trinaest, a&nbsp;<strong>Matej Mandi\u0107<\/strong>&nbsp;tri lopte od kojih je jedna bila i sedmerac. Moramo pohvaliti i sve one koji se nisu upisali u listu jer i oni su dali svoj doprinos ovoj pobjedi.<\/p>\n\n\n\n<p>Kod Borca pet pogodaka postigao je&nbsp;<strong>Sa\u0161a Puljizovi\u0107<\/strong>, a po \u010detiri&nbsp;<strong>Nemanja Vu\u010di\u010devi\u0107<\/strong>,&nbsp;<strong>Vlado Dragani\u0107<\/strong>&nbsp;i&nbsp;<strong>Savo Slavuljica<\/strong>.<\/p>\n\n\n\n<p>Za \u201eSkaute\u201c nema odmora jer ve\u0107 u subotu u Gradskoj \u0161portskoj dvorani u Ljubu\u0161kom slijedi utakmica 25. kola Premijer lige protiv odli\u010dne mom\u010dadi Konjuha iz \u017divinica.<\/p>\n\n\n\n<p>KUP BiH, sezona 2020\/2021.<br>Uzvratna utakmica 1\/4 finala<br>Banja Luka, 21.04.2021. u 17:00 sati.<\/p>\n\n\n\n<p><strong>RK Borac m:tel \u2013 RK Izvi\u0111a\u010d Central osiguranje 30:34 (16:22)<\/strong><\/p>\n\n\n\n<p>Banja Luka, Dvorana JUSC \u201eBorik\u201c, bez gledatelja.<br>Suci: Nedim Arnautovi\u0107 i Aleksandar Jovi\u0107 (Tuzla)<br>Nadzornik: Samir Suljevi\u0107 (Sarajevo)<\/p>\n\n\n\n<p><strong>RK Borac m:tel<\/strong>: Brki\u0107 (7 obrana), Suboti\u0107, Peri\u0107 2, Todorovi\u0107, Presta\u0161, Egi\u0107, Nje\u017ei\u0107 1, Kne\u017eevi\u0107 2, Vu\u010di\u010devi\u0107 4\/2, \u0106eli\u0107 1, Puljizovi\u0107 5, Dragani\u0107 4, Trkulja 2, Slavuljica 4, Mili\u0107evi\u0107 3\/2, Daki\u0107 2.<br>Trener: Veselin Vujovi\u0107.<\/p>\n\n\n\n<p><strong>RK Izvi\u0111a\u010d CO<\/strong>: Grbavac (13 obrana), Mandi\u0107 (3 obrane, 1 sedmerac), Vuk\u0161i\u0107 7\/5, Alilovi\u0107 5, Kos 9, Odak, Jozinovi\u0107 6, Bo\u0161kovi\u0107 2, Mi\u0161eti\u0107 1, Bubalo 1, Mili\u010devi\u0107, Pavlovi\u0107, \u0106e\u0161ko, \u0160olji\u0107 1, Bebek, Muhovi\u0107 2.<br>Trener: Toni \u010colina.<\/p>\n\n\n\n<p>Isklju\u010denja: Borac 6 minuta, Izvi\u0111a\u010d 8 minuta.<br>Sedmerci: Borac 5\/4, Izvi\u0111a\u010d 5\/5.<\/p>\n\n\n\n<p>Izvor: rk izvi\u0111a\u010d<\/p>\n","protected":false},"excerpt":{"rendered":"<p>Rukometa\u0161i Izvi\u0111a\u010d Central osiguranje u tjedan dana dva puta su savladali mom\u010dad banjalu\u010dkog Borca, aktualnog prvak BiH, i izbacili ga iz daljnjeg natjecanja u KUP-a BiH. Kako su i najavili \u201eSkauti\u201c su u utakmicu u Banja Luci u\u0161li, kao da ne donose prednost iz prve utakmice, kao da je rezultat 0:0, ginu\u0107i za svaku loptu. [&hellip;]<\/p>\n","protected":false},"author":2,"featured_media":15263,"comment_status":"closed","ping_status":"closed","sticky":false,"template":"","format":"standard","meta":{"h5ap_radio_sources":[],"footnotes":""},"categories":[3],"tags":[],"class_list":["post-15254","post","type-post","status-publish","format-standard","has-post-thumbnail","hentry","category-ljubuski"],"yoast_head":"<!-- This site is optimized with the Yoast SEO plugin v27.5 - https:\/\/yoast.com\/product\/yoast-seo-wordpress\/ -->\n<title>Izvi\u0111a\u010d slavio i u Banja Luci - RADIO LJUBU\u0160KI<\/title>\n<meta name=\"robots\" content=\"index, follow, max-snippet:-1, max-image-preview:large, max-video-preview:-1\" \/>\n<link rel=\"canonical\" href=\"https:\/\/radioljubuski.ba\/index.php\/2021\/04\/22\/izvidac-slavio-i-u-banja-luci\/\" \/>\n<meta property=\"og:locale\" content=\"hr_HR\" \/>\n<meta property=\"og:type\" content=\"article\" \/>\n<meta property=\"og:title\" content=\"Izvi\u0111a\u010d slavio i u Banja Luci - RADIO LJUBU\u0160KI\" \/>\n<meta property=\"og:description\" content=\"Rukometa\u0161i Izvi\u0111a\u010d Central osiguranje u tjedan dana dva puta su savladali mom\u010dad banjalu\u010dkog Borca, aktualnog prvak BiH, i izbacili ga iz daljnjeg natjecanja u KUP-a BiH. Kako su i najavili \u201eSkauti\u201c su u utakmicu u Banja Luci u\u0161li, kao da ne donose prednost iz prve utakmice, kao da je rezultat 0:0, ginu\u0107i za svaku loptu. [&hellip;]\" \/>\n<meta property=\"og:url\" content=\"https:\/\/radioljubuski.ba\/index.php\/2021\/04\/22\/izvidac-slavio-i-u-banja-luci\/\" \/>\n<meta property=\"og:site_name\" content=\"RADIO LJUBU\u0160KI\" \/>\n<meta property=\"article:publisher\" content=\"https:\/\/www.facebook.com\/Radiio-Ljubuski-1490835324566332\" \/>\n<meta property=\"article:published_time\" content=\"2021-04-22T07:21:54+00:00\" \/>\n<meta property=\"article:modified_time\" content=\"2021-04-22T10:53:43+00:00\" \/>\n<meta property=\"og:image\" content=\"https:\/\/radioljubuski.ba\/wp-content\/uploads\/2021\/04\/borac_izvidjac3-1536x864-1.jpeg\" \/>\n\t<meta property=\"og:image:width\" content=\"1536\" \/>\n\t<meta property=\"og:image:height\" content=\"864\" \/>\n\t<meta property=\"og:image:type\" content=\"image\/jpeg\" \/>\n<meta name=\"author\" content=\"Radio Ljubu\u0161ki\" \/>\n<meta name=\"twitter:card\" content=\"summary_large_image\" \/>\n<meta name=\"twitter:creator\" content=\"@radioljubuski\" \/>\n<meta name=\"twitter:site\" content=\"@radioljubuski\" \/>\n<meta name=\"twitter:label1\" content=\"Napisao\/la\" \/>\n\t<meta name=\"twitter:data1\" content=\"Radio Ljubu\u0161ki\" \/>\n\t<meta name=\"twitter:label2\" content=\"Procijenjeno vrijeme \u010ditanja\" \/>\n\t<meta name=\"twitter:data2\" content=\"3 minute\" \/>\n<script type=\"application\/ld+json\" class=\"yoast-schema-graph\">{\"@context\":\"https:\\\/\\\/schema.org\",\"@graph\":[{\"@type\":\"Article\",\"@id\":\"https:\\\/\\\/radioljubuski.ba\\\/index.php\\\/2021\\\/04\\\/22\\\/izvidac-slavio-i-u-banja-luci\\\/#article\",\"isPartOf\":{\"@id\":\"https:\\\/\\\/radioljubuski.ba\\\/index.php\\\/2021\\\/04\\\/22\\\/izvidac-slavio-i-u-banja-luci\\\/\"},\"author\":{\"name\":\"Radio Ljubu\u0161ki\",\"@id\":\"https:\\\/\\\/radioljubuski.ba\\\/#\\\/schema\\\/person\\\/19fc700381a780f69665d7956c469e3b\"},\"headline\":\"Izvi\u0111a\u010d slavio i u Banja Luci\",\"datePublished\":\"2021-04-22T07:21:54+00:00\",\"dateModified\":\"2021-04-22T10:53:43+00:00\",\"mainEntityOfPage\":{\"@id\":\"https:\\\/\\\/radioljubuski.ba\\\/index.php\\\/2021\\\/04\\\/22\\\/izvidac-slavio-i-u-banja-luci\\\/\"},\"wordCount\":660,\"publisher\":{\"@id\":\"https:\\\/\\\/radioljubuski.ba\\\/#organization\"},\"image\":{\"@id\":\"https:\\\/\\\/radioljubuski.ba\\\/index.php\\\/2021\\\/04\\\/22\\\/izvidac-slavio-i-u-banja-luci\\\/#primaryimage\"},\"thumbnailUrl\":\"https:\\\/\\\/radioljubuski.ba\\\/wp-content\\\/uploads\\\/2021\\\/04\\\/borac_izvidjac3-1536x864-1.jpeg\",\"articleSection\":[\"Ljubu\u0161ki\"],\"inLanguage\":\"hr\"},{\"@type\":\"WebPage\",\"@id\":\"https:\\\/\\\/radioljubuski.ba\\\/index.php\\\/2021\\\/04\\\/22\\\/izvidac-slavio-i-u-banja-luci\\\/\",\"url\":\"https:\\\/\\\/radioljubuski.ba\\\/index.php\\\/2021\\\/04\\\/22\\\/izvidac-slavio-i-u-banja-luci\\\/\",\"name\":\"Izvi\u0111a\u010d slavio i u Banja Luci - RADIO LJUBU\u0160KI\",\"isPartOf\":{\"@id\":\"https:\\\/\\\/radioljubuski.ba\\\/#website\"},\"primaryImageOfPage\":{\"@id\":\"https:\\\/\\\/radioljubuski.ba\\\/index.php\\\/2021\\\/04\\\/22\\\/izvidac-slavio-i-u-banja-luci\\\/#primaryimage\"},\"image\":{\"@id\":\"https:\\\/\\\/radioljubuski.ba\\\/index.php\\\/2021\\\/04\\\/22\\\/izvidac-slavio-i-u-banja-luci\\\/#primaryimage\"},\"thumbnailUrl\":\"https:\\\/\\\/radioljubuski.ba\\\/wp-content\\\/uploads\\\/2021\\\/04\\\/borac_izvidjac3-1536x864-1.jpeg\",\"datePublished\":\"2021-04-22T07:21:54+00:00\",\"dateModified\":\"2021-04-22T10:53:43+00:00\",\"breadcrumb\":{\"@id\":\"https:\\\/\\\/radioljubuski.ba\\\/index.php\\\/2021\\\/04\\\/22\\\/izvidac-slavio-i-u-banja-luci\\\/#breadcrumb\"},\"inLanguage\":\"hr\",\"potentialAction\":[{\"@type\":\"ReadAction\",\"target\":[\"https:\\\/\\\/radioljubuski.ba\\\/index.php\\\/2021\\\/04\\\/22\\\/izvidac-slavio-i-u-banja-luci\\\/\"]}]},{\"@type\":\"ImageObject\",\"inLanguage\":\"hr\",\"@id\":\"https:\\\/\\\/radioljubuski.ba\\\/index.php\\\/2021\\\/04\\\/22\\\/izvidac-slavio-i-u-banja-luci\\\/#primaryimage\",\"url\":\"https:\\\/\\\/radioljubuski.ba\\\/wp-content\\\/uploads\\\/2021\\\/04\\\/borac_izvidjac3-1536x864-1.jpeg\",\"contentUrl\":\"https:\\\/\\\/radioljubuski.ba\\\/wp-content\\\/uploads\\\/2021\\\/04\\\/borac_izvidjac3-1536x864-1.jpeg\",\"width\":1536,\"height\":864},{\"@type\":\"BreadcrumbList\",\"@id\":\"https:\\\/\\\/radioljubuski.ba\\\/index.php\\\/2021\\\/04\\\/22\\\/izvidac-slavio-i-u-banja-luci\\\/#breadcrumb\",\"itemListElement\":[{\"@type\":\"ListItem\",\"position\":1,\"name\":\"Po\u010detna stranica\",\"item\":\"https:\\\/\\\/radioljubuski.ba\\\/\"},{\"@type\":\"ListItem\",\"position\":2,\"name\":\"Izvi\u0111a\u010d slavio i u Banja Luci\"}]},{\"@type\":\"WebSite\",\"@id\":\"https:\\\/\\\/radioljubuski.ba\\\/#website\",\"url\":\"https:\\\/\\\/radioljubuski.ba\\\/\",\"name\":\"Radio Ljubu\u0161ki\",\"description\":\"Sun\u010dana frekvencija Hercegovine\",\"publisher\":{\"@id\":\"https:\\\/\\\/radioljubuski.ba\\\/#organization\"},\"potentialAction\":[{\"@type\":\"SearchAction\",\"target\":{\"@type\":\"EntryPoint\",\"urlTemplate\":\"https:\\\/\\\/radioljubuski.ba\\\/?s={search_term_string}\"},\"query-input\":{\"@type\":\"PropertyValueSpecification\",\"valueRequired\":true,\"valueName\":\"search_term_string\"}}],\"inLanguage\":\"hr\"},{\"@type\":\"Organization\",\"@id\":\"https:\\\/\\\/radioljubuski.ba\\\/#organization\",\"name\":\"Radio Ljubu\u0161ki\",\"url\":\"https:\\\/\\\/radioljubuski.ba\\\/\",\"logo\":{\"@type\":\"ImageObject\",\"inLanguage\":\"hr\",\"@id\":\"https:\\\/\\\/radioljubuski.ba\\\/#\\\/schema\\\/logo\\\/image\\\/\",\"url\":\"https:\\\/\\\/radioljubuski.ba\\\/wp-content\\\/uploads\\\/2021\\\/02\\\/cropped-Radio_Ljubuski_logo1.jpg\",\"contentUrl\":\"https:\\\/\\\/radioljubuski.ba\\\/wp-content\\\/uploads\\\/2021\\\/02\\\/cropped-Radio_Ljubuski_logo1.jpg\",\"width\":512,\"height\":512,\"caption\":\"Radio Ljubu\u0161ki\"},\"image\":{\"@id\":\"https:\\\/\\\/radioljubuski.ba\\\/#\\\/schema\\\/logo\\\/image\\\/\"},\"sameAs\":[\"https:\\\/\\\/www.facebook.com\\\/Radiio-Ljubuski-1490835324566332\",\"https:\\\/\\\/x.com\\\/radioljubuski\",\"https:\\\/\\\/hr.linkedin.com\\\/company\\\/radio-ljubuski\",\"https:\\\/\\\/www.youtube.com\\\/channel\\\/UCHYaeO_n0Db3tjNGudGpXyw\"]},{\"@type\":\"Person\",\"@id\":\"https:\\\/\\\/radioljubuski.ba\\\/#\\\/schema\\\/person\\\/19fc700381a780f69665d7956c469e3b\",\"name\":\"Radio Ljubu\u0161ki\"}]}<\/script>\n<!-- \/ Yoast SEO plugin. -->","yoast_head_json":{"title":"Izvi\u0111a\u010d slavio i u Banja Luci - RADIO LJUBU\u0160KI","robots":{"index":"index","follow":"follow","max-snippet":"max-snippet:-1","max-image-preview":"max-image-preview:large","max-video-preview":"max-video-preview:-1"},"canonical":"https:\/\/radioljubuski.ba\/index.php\/2021\/04\/22\/izvidac-slavio-i-u-banja-luci\/","og_locale":"hr_HR","og_type":"article","og_title":"Izvi\u0111a\u010d slavio i u Banja Luci - RADIO LJUBU\u0160KI","og_description":"Rukometa\u0161i Izvi\u0111a\u010d Central osiguranje u tjedan dana dva puta su savladali mom\u010dad banjalu\u010dkog Borca, aktualnog prvak BiH, i izbacili ga iz daljnjeg natjecanja u KUP-a BiH. Kako su i najavili \u201eSkauti\u201c su u utakmicu u Banja Luci u\u0161li, kao da ne donose prednost iz prve utakmice, kao da je rezultat 0:0, ginu\u0107i za svaku loptu. [&hellip;]","og_url":"https:\/\/radioljubuski.ba\/index.php\/2021\/04\/22\/izvidac-slavio-i-u-banja-luci\/","og_site_name":"RADIO LJUBU\u0160KI","article_publisher":"https:\/\/www.facebook.com\/Radiio-Ljubuski-1490835324566332","article_published_time":"2021-04-22T07:21:54+00:00","article_modified_time":"2021-04-22T10:53:43+00:00","og_image":[{"width":1536,"height":864,"url":"https:\/\/radioljubuski.ba\/wp-content\/uploads\/2021\/04\/borac_izvidjac3-1536x864-1.jpeg","type":"image\/jpeg"}],"author":"Radio Ljubu\u0161ki","twitter_card":"summary_large_image","twitter_creator":"@radioljubuski","twitter_site":"@radioljubuski","twitter_misc":{"Napisao\/la":"Radio Ljubu\u0161ki","Procijenjeno vrijeme \u010ditanja":"3 minute"},"schema":{"@context":"https:\/\/schema.org","@graph":[{"@type":"Article","@id":"https:\/\/radioljubuski.ba\/index.php\/2021\/04\/22\/izvidac-slavio-i-u-banja-luci\/#article","isPartOf":{"@id":"https:\/\/radioljubuski.ba\/index.php\/2021\/04\/22\/izvidac-slavio-i-u-banja-luci\/"},"author":{"name":"Radio Ljubu\u0161ki","@id":"https:\/\/radioljubuski.ba\/#\/schema\/person\/19fc700381a780f69665d7956c469e3b"},"headline":"Izvi\u0111a\u010d slavio i u Banja Luci","datePublished":"2021-04-22T07:21:54+00:00","dateModified":"2021-04-22T10:53:43+00:00","mainEntityOfPage":{"@id":"https:\/\/radioljubuski.ba\/index.php\/2021\/04\/22\/izvidac-slavio-i-u-banja-luci\/"},"wordCount":660,"publisher":{"@id":"https:\/\/radioljubuski.ba\/#organization"},"image":{"@id":"https:\/\/radioljubuski.ba\/index.php\/2021\/04\/22\/izvidac-slavio-i-u-banja-luci\/#primaryimage"},"thumbnailUrl":"https:\/\/radioljubuski.ba\/wp-content\/uploads\/2021\/04\/borac_izvidjac3-1536x864-1.jpeg","articleSection":["Ljubu\u0161ki"],"inLanguage":"hr"},{"@type":"WebPage","@id":"https:\/\/radioljubuski.ba\/index.php\/2021\/04\/22\/izvidac-slavio-i-u-banja-luci\/","url":"https:\/\/radioljubuski.ba\/index.php\/2021\/04\/22\/izvidac-slavio-i-u-banja-luci\/","name":"Izvi\u0111a\u010d slavio i u Banja Luci - RADIO LJUBU\u0160KI","isPartOf":{"@id":"https:\/\/radioljubuski.ba\/#website"},"primaryImageOfPage":{"@id":"https:\/\/radioljubuski.ba\/index.php\/2021\/04\/22\/izvidac-slavio-i-u-banja-luci\/#primaryimage"},"image":{"@id":"https:\/\/radioljubuski.ba\/index.php\/2021\/04\/22\/izvidac-slavio-i-u-banja-luci\/#primaryimage"},"thumbnailUrl":"https:\/\/radioljubuski.ba\/wp-content\/uploads\/2021\/04\/borac_izvidjac3-1536x864-1.jpeg","datePublished":"2021-04-22T07:21:54+00:00","dateModified":"2021-04-22T10:53:43+00:00","breadcrumb":{"@id":"https:\/\/radioljubuski.ba\/index.php\/2021\/04\/22\/izvidac-slavio-i-u-banja-luci\/#breadcrumb"},"inLanguage":"hr","potentialAction":[{"@type":"ReadAction","target":["https:\/\/radioljubuski.ba\/index.php\/2021\/04\/22\/izvidac-slavio-i-u-banja-luci\/"]}]},{"@type":"ImageObject","inLanguage":"hr","@id":"https:\/\/radioljubuski.ba\/index.php\/2021\/04\/22\/izvidac-slavio-i-u-banja-luci\/#primaryimage","url":"https:\/\/radioljubuski.ba\/wp-content\/uploads\/2021\/04\/borac_izvidjac3-1536x864-1.jpeg","contentUrl":"https:\/\/radioljubuski.ba\/wp-content\/uploads\/2021\/04\/borac_izvidjac3-1536x864-1.jpeg","width":1536,"height":864},{"@type":"BreadcrumbList","@id":"https:\/\/radioljubuski.ba\/index.php\/2021\/04\/22\/izvidac-slavio-i-u-banja-luci\/#breadcrumb","itemListElement":[{"@type":"ListItem","position":1,"name":"Po\u010detna stranica","item":"https:\/\/radioljubuski.ba\/"},{"@type":"ListItem","position":2,"name":"Izvi\u0111a\u010d slavio i u Banja Luci"}]},{"@type":"WebSite","@id":"https:\/\/radioljubuski.ba\/#website","url":"https:\/\/radioljubuski.ba\/","name":"Radio Ljubu\u0161ki","description":"Sun\u010dana frekvencija Hercegovine","publisher":{"@id":"https:\/\/radioljubuski.ba\/#organization"},"potentialAction":[{"@type":"SearchAction","target":{"@type":"EntryPoint","urlTemplate":"https:\/\/radioljubuski.ba\/?s={search_term_string}"},"query-input":{"@type":"PropertyValueSpecification","valueRequired":true,"valueName":"search_term_string"}}],"inLanguage":"hr"},{"@type":"Organization","@id":"https:\/\/radioljubuski.ba\/#organization","name":"Radio Ljubu\u0161ki","url":"https:\/\/radioljubuski.ba\/","logo":{"@type":"ImageObject","inLanguage":"hr","@id":"https:\/\/radioljubuski.ba\/#\/schema\/logo\/image\/","url":"https:\/\/radioljubuski.ba\/wp-content\/uploads\/2021\/02\/cropped-Radio_Ljubuski_logo1.jpg","contentUrl":"https:\/\/radioljubuski.ba\/wp-content\/uploads\/2021\/02\/cropped-Radio_Ljubuski_logo1.jpg","width":512,"height":512,"caption":"Radio Ljubu\u0161ki"},"image":{"@id":"https:\/\/radioljubuski.ba\/#\/schema\/logo\/image\/"},"sameAs":["https:\/\/www.facebook.com\/Radiio-Ljubuski-1490835324566332","https:\/\/x.com\/radioljubuski","https:\/\/hr.linkedin.com\/company\/radio-ljubuski","https:\/\/www.youtube.com\/channel\/UCHYaeO_n0Db3tjNGudGpXyw"]},{"@type":"Person","@id":"https:\/\/radioljubuski.ba\/#\/schema\/person\/19fc700381a780f69665d7956c469e3b","name":"Radio Ljubu\u0161ki"}]}},"_links":{"self":[{"href":"https:\/\/radioljubuski.ba\/index.php\/wp-json\/wp\/v2\/posts\/15254","targetHints":{"allow":["GET"]}}],"collection":[{"href":"https:\/\/radioljubuski.ba\/index.php\/wp-json\/wp\/v2\/posts"}],"about":[{"href":"https:\/\/radioljubuski.ba\/index.php\/wp-json\/wp\/v2\/types\/post"}],"author":[{"embeddable":true,"href":"https:\/\/radioljubuski.ba\/index.php\/wp-json\/wp\/v2\/users\/2"}],"replies":[{"embeddable":true,"href":"https:\/\/radioljubuski.ba\/index.php\/wp-json\/wp\/v2\/comments?post=15254"}],"version-history":[{"count":1,"href":"https:\/\/radioljubuski.ba\/index.php\/wp-json\/wp\/v2\/posts\/15254\/revisions"}],"predecessor-version":[{"id":15265,"href":"https:\/\/radioljubuski.ba\/index.php\/wp-json\/wp\/v2\/posts\/15254\/revisions\/15265"}],"wp:featuredmedia":[{"embeddable":true,"href":"https:\/\/radioljubuski.ba\/index.php\/wp-json\/wp\/v2\/media\/15263"}],"wp:attachment":[{"href":"https:\/\/radioljubuski.ba\/index.php\/wp-json\/wp\/v2\/media?parent=15254"}],"wp:term":[{"taxonomy":"category","embeddable":true,"href":"https:\/\/radioljubuski.ba\/index.php\/wp-json\/wp\/v2\/categories?post=15254"},{"taxonomy":"post_tag","embeddable":true,"href":"https:\/\/radioljubuski.ba\/index.php\/wp-json\/wp\/v2\/tags?post=15254"}],"curies":[{"name":"wp","href":"https:\/\/api.w.org\/{rel}","templated":true}]}}