{"id":152541,"date":"2022-06-23T10:26:26","date_gmt":"2022-06-23T09:26:26","guid":{"rendered":"https:\/\/radioljubuski.ba\/?p=152541"},"modified":"2022-06-23T10:26:27","modified_gmt":"2022-06-23T09:26:27","slug":"sto-povezuje-josipa-manolica-i-podravsku-sumu-seca-u-kojoj-su-partizani-bez-suda-masovno-likvidirali-zarobljenike","status":"publish","type":"post","link":"https:\/\/radioljubuski.ba\/index.php\/2022\/06\/23\/sto-povezuje-josipa-manolica-i-podravsku-sumu-seca-u-kojoj-su-partizani-bez-suda-masovno-likvidirali-zarobljenike\/","title":{"rendered":"\u0160to povezuje Josipa Manoli\u0107a i podravsku \u0161umu Se\u010da u kojoj su partizani bez suda masovno likvidirali zarobljenike?"},"content":{"rendered":"\n<p>U \u0161umi Se\u010da u mjestu Budan\u010devica, op\u0107ina Klo\u0161tar Podravski, u srijedu se odr\u017eao Kri\u017eni put za nevine hrvatske civile i vojnike koje su partizani, bez suda i presude, u toj \u0161umi masovno likvidirali krajem 2. svjetskog rata i u pora\u0107u.<\/p>\n\n\n\n<p>Kri\u017eni put u srijedu zapo\u010deo je u \u0161umi Se\u010di kod skromnog spomenika \u017ertvama (podignutog 1996.), te se nastavio uz \u017eeljezni\u010dku prugu do jednog od novootkrivenih mjesta likvidacija.<\/p>\n\n\n\n<p>Naime, jedna je svjedokinja, koja sada ima preko 90 godina, tek nedavno ispri\u010dala \u017eupniku svoja saznanja o tim stra\u0161nim vremenima, te je pokazala jo\u0161 jedno mjesto likvidacija, gdje su podignuti jednostavni kri\u017eevi s natpisom \u201cPobijeni Hrvati nakon rata 1945.\u201d<\/p>\n\n\n\n<p>Sudionici Kri\u017enoga puta su zatim pro\u0161li kroz mjesta Budan\u010devicu i Klo\u0161tar Podravski sve do \u017eupne crkve gdje je svetu misu slu\u017eio \u017eupnik fra Ivan \u0160iroki.<\/p>\n\n\n\n<figure class=\"wp-block-image\"><img decoding=\"async\" src=\"https:\/\/narod.hr\/wp-content\/uploads\/2022\/06\/01-630x420.jpg\" alt=\"\"\/><\/figure>\n\n\n\n<h3 class=\"wp-block-heading\"><strong>Zarobljenike na likvidaciju dopremali \u017eeljeznicom<\/strong><\/h3>\n\n\n\n<p>Prema onome \u0161to se pri\u010da u ovome kraju, \u0161ume Se\u010da, Limbu\u0161 i Opaka Reka su mjesta masovnih likvidacija.<\/p>\n\n\n\n<p>\u0160uma Se\u010da bila je partizanima osobito pogodna jer kroz nju prolaze dvije \u017eeljezni\u010dke pruge, jedna koja vodi iz Bjelovara, druga iz Koprivnice, a kojima su dopremali zarobljenike.<\/p>\n\n\n\n<h3 class=\"wp-block-heading\"><strong>Manoli\u0107 \u2013 \u0161ef tamo\u0161nje Ozne 1945.<\/strong><\/h3>\n\n\n\n<p>U razdoblju od prolje\u0107a do jeseni 1945. godine na mjestu na\u010delnika Ozne 2 Bjelovar bio je Josip Manoli\u0107, koji je ina\u010de rodom iz Kalinovca, mjesta susjednog Budan\u010devici, te tako\u0111er smje\u0161tenog u neposrednoj blizini \u0161ume Se\u010da.<\/p>\n\n\n\n<p>Lokalni stanovnici uvjereni su da je upravo tada\u0161nji \u0161ef OZNA-e Bjelovar znao i podr\u017eavao ove likvidacije, pa \u010dak i izdao zapovijedi za smaknu\u0107a, te je Manoli\u0107 u ovome kraju na vrlo zlu glasu.<\/p>\n\n\n\n<p>Ipak, sve kaznene prijave koje su podignute protiv Josipa Manoli\u0107a zbog zlo\u010dina u pora\u0107u nisu dobile sudski epilog.<\/p>\n\n\n\n<p>Op\u0107insko poglavarstvo Op\u0107ine Klo\u0161tar Podravski je 17. travnja 1996. imenovalo Komisiju za ispitivanje podataka i obilje\u017eavanje mjesta stradanja.<\/p>\n\n\n\n<p>Ova Komisija je napravila ogroman posao, razgovarala je s brojnim tada jo\u0161 \u017eivim svjedocima, te su njihova svjedo\u010denja dokumentirana. Oni su pokazali mjesta masovnih grobnica. Uspjelo se doznati i za neka imena ubijenih.<\/p>\n\n\n\n<p>Me\u0111utim, rad ove Komisije je, pri\u010daju nam, \u010dak \u010detiri puta zaustavljan s \u2018vi\u0161ih mjesta\u2019. Zbog ovih blokiranja, neki su svjedoci morali vi\u0161e puta ponavljati svoja saznanja, pa su neki na taj na\u010din i izgubili volju za svjedo\u010denjem.<\/p>\n\n\n\n<p>\u2018Jo\u0161 \u0107u na kraju ja ispasti kriv\u2019, rekao je jedan svjedok.<\/p>\n\n\n\n<h3 class=\"wp-block-heading\"><strong>Vi\u0161e strati\u0161ta<\/strong><\/h3>\n\n\n\n<p>Ne zna se koliko je ljudi stradalo u Se\u010di, ali je prema izjavama svjedoka o\u010dito da su nesretni zarobljenici dopremani u vi\u0161e navrata, te je vi\u0161e strati\u0161ta. Neke su odvojili iz \u010detveroreda s poslijeratnog velikog stradanja Hrvata prozvanog Kri\u017eni put, druge su dovezli vlakom iz zatvora u Bjelovaru. Mnogi od njih su bili civili, seljaci ili pak domobrani, te usta\u0161e. Neki su likvidirani i zbog osobnih razmirica, ali i zbog koristoljublja.<\/p>\n\n\n\n<p>Sudionici pobo\u017enosti Kri\u017enoga puta odr\u017eanog u srijedu su pripadnici FRAMA-e, predstavnik hrvatskih branitelja, te mje\u0161tani okolnih mjesta, \u010diji su roditelji, bake i djedovi bili svjedoci doga\u0111aja 1944. i 1945, a koji su sada ve\u0107 prestari da bi mogli sudjelovati ili su umrli.<\/p>\n\n\n\n<p>Prethodnih godina sudionika pobo\u017enosti je bilo puno vi\u0161e, te je bio i vara\u017edinski biskup.<\/p>\n\n\n\n<p>Jedan nam je mje\u0161tanin Budan\u010device u srijedu ispri\u010dao:<\/p>\n\n\n\n<p>\u201dBilo je to stra\u0161no vrijeme. Moja je baka tad bila oteta i nitko u selu nije tjedan dana znao gdje je, a nestala su i kola. Onda se pojavila, bila je krvava i ona i kola, jer su je partizani prisili tih tjedan dana, da prevozi mrtvace.\u201d<\/p>\n\n\n\n<p>Druga je mje\u0161tanka rekla:<\/p>\n\n\n\n<p>\u201dMoja svekrva mi je govorila da je vidjela kolone koje su vodili na pogubljenje. To su bili, rekla je, obi\u010dni seljaki u fertunima, kak se onda nosilo. Jednom, kad je okopavala kukuruz, osjetila je smrad. Ubrzo je nai\u0161la na dva tijela ubijenih u njema\u010dkim uniformama. Sama ih je pokopala.\u201d<\/p>\n\n\n\n<h3 class=\"wp-block-heading\"><strong>Odvezali ga sa stabla i spasili<\/strong><\/h3>\n\n\n\n<p>Tre\u0107a je mje\u0161tanka ispri\u010dala kako su njezini ro\u0111aci u drugoj \u0161umi, koja se zove Limbu\u0161, (a u okolici je poznata po tome \u0161to su u njoj partizani mu\u010dili i i\u017eivljavali se nad zarobljenicima vezanima uz stabla), nai\u0161li na jednog zarobljenika, koji je pre\u017eivio, te su ga uspjeli odvezati i spasiti. Za \u0161umu Limbu\u0161 se pri\u010da da je u njoj stradalo 900 ljudi.<\/p>\n\n\n\n<p>\u201dLjudska je krv u Limbu\u0161u vrela iz zemlje\u201d, opisuju ono \u0161to su \u010duli od svojih starih.<\/p>\n\n\n\n<p>Sve se to u onom sistemu govorilo potiho i samo onim ljudima u koje se imalo povjerenje.<\/p>\n\n\n\n<p>Bilo je slu\u010dajeva kad su potu\u010deni bili domobrani i usta\u0161e, a krvnici su potom to prikazali kao da su ubijeni partizani.<\/p>\n\n\n\n<p>Poznata su i neka imena ljudi koji su \u2018delali likvidacije\u2019. Neki su od njih to kasnije sami ispri\u010dali, jedni su se na\u017ealost time hvalili, a drugi su to u\u010dinili zbog pokajanja.<\/p>\n\n\n\n<p>U \u0161umi Se\u010da, kao niti u \u0161umama Limbu\u0161 i Opaka Reka, unato\u010d brojnim svjedocima i dokumentaciji, ni do dan danas nisu vr\u0161ena iskapanja.<\/p>\n\n\n\n<h3 class=\"wp-block-heading\"><strong>Vrijedna knjiga \u201cVrijeme zlo\u010dina\u201d<\/strong><\/h3>\n\n\n\n<p>Jedan od \u010dlanova Komisije za ispitivanje podataka i obilje\u017eavanje mjesta stradanja, umirovljeni u\u010ditelj iz mjesta Kozarevac, <strong>Franjo Bartoli\u0107<\/strong>, napisao je knjigu \u2018Vrijeme zlo\u010dina\u2019. U njoj je, me\u0111u ostalim, naveo da se neki \u2018dokumenti dr\u017ee u tajnosti ili su uni\u0161teni zato \u0161to su neki sudionici te\u0161kih zlo\u010dina i njihovi potomci jo\u0161 uvijek na vlasti i vrlo mo\u0107ni.\u2019<\/p>\n\n\n\n<p>Bartoli\u0107 je opisao da su \u017ertve strijeljane, zaklane ili zatu\u010dene kolcima. Egzekutori su ve\u0107inom dolazili iz nepoznatih krajeva, ali su im se priklju\u010dili i doma\u0107i pojedinci. Mnogi su ubijani no\u0107u i u \u0161umama, a neke su vodili kroz mjesta i javno su ih vje\u0161ali\u2026<\/p>\n\n\n\n<p>Ovdje navodimo odlomak iz njegove knjige i neke izjave svjedoka:<\/p>\n\n\n\n<p>\u2018\u0160umovito podru\u010dje Se\u010de potpuno je izmijenilo izgled u odnosu na vrijeme iz 1945. godine.<br>Uz cestu \u0161to vodi od Budan\u010device prema \u0110ur\u0111evcu rasla je prekrasna \u0161uma puna plemenitog hrasta. \u0160umom su i u ono doba prolazile dvije \u017eeljezni\u010dke pruge: jedna prema \u0110ur\u0111evcu i Koprivnici, a druga prema Bjelovaru i Kri\u017eevcima. \u0160umski putovi, linije, omogu\u0107avali su prohodnost \u0161umom. Poznate su bile Gori\u010dna i Bazijan\u010deva linija. Tim linijama koje su nalikovale na mra\u010dne tunele, negdje drugom polovicom mjeseca lipnja 1945. prolazila je kolona zarobljenika do mjesta gdje \u0107e zadnji puta pogledati u plavo nebo i osjetiti toplo sunce\u2019, pi\u0161e Bartoli\u0107, te nastavlja:<\/p>\n\n\n\n<h3 class=\"wp-block-heading\"><strong>25 partizana vodilo kolonu zarobljenika u civilu<\/strong><\/h3>\n\n\n\n<p>\u2018O tom doga\u0111aju nam pri\u010daju gospoda Ivan \u0160androv\u010dan i Stjepan Matulec iz Budan\u010device.<br>Gospodin \u0160androv\u010dan pamti mnogo doga\u0111aja iz vremena rata, iako je u to vrijeme bio jo\u0161 gotovo dijete.<\/p>\n\n\n\n<p>Dobro se sje\u0107a dana te 1945. kada su promatrali kolonu zarobljenika kako prolazi ulicom od \u017eeljezni\u010dkog kolodvora. Zarobljenici su bili civili, mladi ljudi i svi mu\u0161karci. Pratnja kolone se sastojala od oko 25 partizana. Iza\u0161av\u0161i iz Budan\u010device sve su zarobljenike povezali i potjerali u Veliku Se\u010du. Poslije toga se je \u010dula pucnjava i odmah se znalo da su zarobljenici poubijani. Bilo je to u mjesecu lipnju i bila je nedjelja. Vjerojatno 17. ili 24. lipnja 1945. jer su prije toga vremena Klo\u0161trom pro\u0161le sve kolone kri\u017enoga puta. Ove ljude su vlakom dovezli iz Bjelovara.<\/p>\n\n\n\n<p>Poslije otprilike tjedan dana Bolto Ma\u0111eri\u0107 je okupio oko 12 mladi\u0107a koji su morali zatrpati mrtva tijela, a ona su bila u stanju raspadanja. Prema Ivanovom sje\u0107anju, tu je bilo ubijeno izme\u0111u 40 i 45 ljudi. Poslije pogubljenja su bili pokriveni samo granjem i jo\u0161 uvijek povezani. Iz mno\u0161tva razli\u010ditih iskaznica upamtio je neka mjesta odakle su bili stradalnici: Daruvar, Kalinovac, Virje \u2013 Trnova ulica. Nepoznato je gdje su zavr\u0161ile iskaznice.<\/p>\n\n\n\n<p>Gospoda \u0160androv\u010dan i Matulec su Komisiji pokazali ta tu\u017ena mjesta.<\/p>\n\n\n\n<h3 class=\"wp-block-heading\"><strong>\u0160to je ispri\u010dao lugar?<\/strong><\/h3>\n\n\n\n<p>Tu danas raste mlada \u0161uma skrivaju\u0107i u svojim njedrima sudbine ljudi stradalih u vrijeme kad je rat bio zavr\u0161en, a cijeli svijet odahnuo. Milijuni obitelji se raduju povratku svojih ratnika, a u maloj to\u010dki tog velikog svijeta, na\u0161oj Podravini, zakrvavljene o\u010di tra\u017ee skrovita mjesta gdje \u0107e obavljati masovne likvidacije Hrvata.<\/p>\n\n\n\n<p>Prema svjedo\u010denju Ignaca Bana, koji je bio dugo godina lugar u Velikoj Se\u010di, postoji jo\u0161 jedna masovna grobnica u dijelu koji je sada ogra\u0111en. Dugo godina je bila na tome mjestu jedna limena zdjelica koju je on \u010distio od zemlje i li\u0161\u0107a i ponovno ostavljao na istom mjestu. Ru\u0161enjem \u0161ume, radom ljudi i strojeva, zdjelica je i\u0161\u010dezla.<\/p>\n\n\n\n<p>Svjedo\u010danstva ovih ozbiljnih ljudi nepobitno dokazuju da su na ovim prostorima, poslije zavr\u0161etka II. svjetskog rata, vr\u0161ena masovna pogubljenja ljudi\u2019, napisao je Bartoli\u0107.<\/p>\n\n\n\n<p>Kako je poznato, protiv <strong>Josipa Manoli\u0107a<\/strong> je podneseno vi\u0161e kaznenih prijava od strane razli\u010ditih udruga zbog zlo\u010dina nakon 2. svjetskog rata, te ga je istra\u017eivala i policija, ali nijedna istraga nije dobila sudski epilog. On je prije nekoliko godina za Ve\u010dernji list izjavio u vezi jedne druge tu\u017ebe za likvidacije u jednoj drugoj \u0161umi koja se zove Lug:<\/p>\n\n\n\n<p>\u2018Ne znam ni\u0161ta o zlo\u010dinima koji mi se stavljaju na teret. Razdoblje od prolje\u0107a do jeseni 1945. godine proveo sam na mjestu na\u010delnika Ozne 2 Bjelovar. Prevedeno na dana\u0161nju terminologiju, to bi bilo mjesto \u0161efa policije zadu\u017eenog za za\u0161titu civilnog stanovni\u0161tva\u2019, rekao je Josip Manoli\u0107 komentiraju\u0107i svoju navodnu umije\u0161anost u zlo\u010dine po\u010dinjene 1945. godine.<\/p>\n\n\n\n<p><em>Izvor: narod.hr<\/em><\/p>\n","protected":false},"excerpt":{"rendered":"<p>U \u0161umi Se\u010da u mjestu Budan\u010devica, op\u0107ina Klo\u0161tar Podravski, u srijedu se odr\u017eao Kri\u017eni put za nevine hrvatske civile i vojnike koje su partizani, bez suda i presude, u toj \u0161umi masovno likvidirali krajem 2. svjetskog rata i u pora\u0107u. Kri\u017eni put u srijedu zapo\u010deo je u \u0161umi Se\u010di kod skromnog spomenika \u017ertvama (podignutog 1996.), [&hellip;]<\/p>\n","protected":false},"author":2,"featured_media":152542,"comment_status":"closed","ping_status":"closed","sticky":false,"template":"","format":"standard","meta":{"h5ap_radio_sources":[],"footnotes":""},"categories":[1],"tags":[],"class_list":["post-152541","post","type-post","status-publish","format-standard","has-post-thumbnail","hentry","category-bihiregija"],"yoast_head":"<!-- This site is optimized with the Yoast SEO plugin v27.4 - https:\/\/yoast.com\/product\/yoast-seo-wordpress\/ -->\n<title>\u0160to povezuje Josipa Manoli\u0107a i podravsku \u0161umu Se\u010da u kojoj su partizani bez suda masovno likvidirali zarobljenike? - RADIO LJUBU\u0160KI<\/title>\n<meta name=\"robots\" content=\"index, follow, max-snippet:-1, max-image-preview:large, max-video-preview:-1\" \/>\n<link rel=\"canonical\" href=\"https:\/\/radioljubuski.ba\/index.php\/2022\/06\/23\/sto-povezuje-josipa-manolica-i-podravsku-sumu-seca-u-kojoj-su-partizani-bez-suda-masovno-likvidirali-zarobljenike\/\" \/>\n<meta property=\"og:locale\" content=\"hr_HR\" \/>\n<meta property=\"og:type\" content=\"article\" \/>\n<meta property=\"og:title\" content=\"\u0160to povezuje Josipa Manoli\u0107a i podravsku \u0161umu Se\u010da u kojoj su partizani bez suda masovno likvidirali zarobljenike? - RADIO LJUBU\u0160KI\" \/>\n<meta property=\"og:description\" content=\"U \u0161umi Se\u010da u mjestu Budan\u010devica, op\u0107ina Klo\u0161tar Podravski, u srijedu se odr\u017eao Kri\u017eni put za nevine hrvatske civile i vojnike koje su partizani, bez suda i presude, u toj \u0161umi masovno likvidirali krajem 2. svjetskog rata i u pora\u0107u. Kri\u017eni put u srijedu zapo\u010deo je u \u0161umi Se\u010di kod skromnog spomenika \u017ertvama (podignutog 1996.), [&hellip;]\" \/>\n<meta property=\"og:url\" content=\"https:\/\/radioljubuski.ba\/index.php\/2022\/06\/23\/sto-povezuje-josipa-manolica-i-podravsku-sumu-seca-u-kojoj-su-partizani-bez-suda-masovno-likvidirali-zarobljenike\/\" \/>\n<meta property=\"og:site_name\" content=\"RADIO LJUBU\u0160KI\" \/>\n<meta property=\"article:publisher\" content=\"https:\/\/www.facebook.com\/Radiio-Ljubuski-1490835324566332\" \/>\n<meta property=\"article:published_time\" content=\"2022-06-23T09:26:26+00:00\" \/>\n<meta property=\"article:modified_time\" content=\"2022-06-23T09:26:27+00:00\" \/>\n<meta property=\"og:image\" content=\"https:\/\/radioljubuski.ba\/wp-content\/uploads\/2022\/06\/Untitled-collage-30-696x522-1.jpg\" \/>\n\t<meta property=\"og:image:width\" content=\"696\" \/>\n\t<meta property=\"og:image:height\" content=\"522\" \/>\n\t<meta property=\"og:image:type\" content=\"image\/jpeg\" \/>\n<meta name=\"author\" content=\"Radio Ljubu\u0161ki\" \/>\n<meta name=\"twitter:card\" content=\"summary_large_image\" \/>\n<meta name=\"twitter:creator\" content=\"@radioljubuski\" \/>\n<meta name=\"twitter:site\" content=\"@radioljubuski\" \/>\n<meta name=\"twitter:label1\" content=\"Napisao\/la\" \/>\n\t<meta name=\"twitter:data1\" content=\"Radio Ljubu\u0161ki\" \/>\n\t<meta name=\"twitter:label2\" content=\"Procijenjeno vrijeme \u010ditanja\" \/>\n\t<meta name=\"twitter:data2\" content=\"7 minuta\" \/>\n<script type=\"application\/ld+json\" class=\"yoast-schema-graph\">{\"@context\":\"https:\\\/\\\/schema.org\",\"@graph\":[{\"@type\":\"Article\",\"@id\":\"https:\\\/\\\/radioljubuski.ba\\\/index.php\\\/2022\\\/06\\\/23\\\/sto-povezuje-josipa-manolica-i-podravsku-sumu-seca-u-kojoj-su-partizani-bez-suda-masovno-likvidirali-zarobljenike\\\/#article\",\"isPartOf\":{\"@id\":\"https:\\\/\\\/radioljubuski.ba\\\/index.php\\\/2022\\\/06\\\/23\\\/sto-povezuje-josipa-manolica-i-podravsku-sumu-seca-u-kojoj-su-partizani-bez-suda-masovno-likvidirali-zarobljenike\\\/\"},\"author\":{\"name\":\"Radio Ljubu\u0161ki\",\"@id\":\"https:\\\/\\\/radioljubuski.ba\\\/#\\\/schema\\\/person\\\/19fc700381a780f69665d7956c469e3b\"},\"headline\":\"\u0160to povezuje Josipa Manoli\u0107a i podravsku \u0161umu Se\u010da u kojoj su partizani bez suda masovno likvidirali zarobljenike?\",\"datePublished\":\"2022-06-23T09:26:26+00:00\",\"dateModified\":\"2022-06-23T09:26:27+00:00\",\"mainEntityOfPage\":{\"@id\":\"https:\\\/\\\/radioljubuski.ba\\\/index.php\\\/2022\\\/06\\\/23\\\/sto-povezuje-josipa-manolica-i-podravsku-sumu-seca-u-kojoj-su-partizani-bez-suda-masovno-likvidirali-zarobljenike\\\/\"},\"wordCount\":1629,\"publisher\":{\"@id\":\"https:\\\/\\\/radioljubuski.ba\\\/#organization\"},\"image\":{\"@id\":\"https:\\\/\\\/radioljubuski.ba\\\/index.php\\\/2022\\\/06\\\/23\\\/sto-povezuje-josipa-manolica-i-podravsku-sumu-seca-u-kojoj-su-partizani-bez-suda-masovno-likvidirali-zarobljenike\\\/#primaryimage\"},\"thumbnailUrl\":\"https:\\\/\\\/radioljubuski.ba\\\/wp-content\\\/uploads\\\/2022\\\/06\\\/Untitled-collage-30-696x522-1.jpg\",\"articleSection\":[\"BIH i regija\"],\"inLanguage\":\"hr\"},{\"@type\":\"WebPage\",\"@id\":\"https:\\\/\\\/radioljubuski.ba\\\/index.php\\\/2022\\\/06\\\/23\\\/sto-povezuje-josipa-manolica-i-podravsku-sumu-seca-u-kojoj-su-partizani-bez-suda-masovno-likvidirali-zarobljenike\\\/\",\"url\":\"https:\\\/\\\/radioljubuski.ba\\\/index.php\\\/2022\\\/06\\\/23\\\/sto-povezuje-josipa-manolica-i-podravsku-sumu-seca-u-kojoj-su-partizani-bez-suda-masovno-likvidirali-zarobljenike\\\/\",\"name\":\"\u0160to povezuje Josipa Manoli\u0107a i podravsku \u0161umu Se\u010da u kojoj su partizani bez suda masovno likvidirali zarobljenike? - RADIO LJUBU\u0160KI\",\"isPartOf\":{\"@id\":\"https:\\\/\\\/radioljubuski.ba\\\/#website\"},\"primaryImageOfPage\":{\"@id\":\"https:\\\/\\\/radioljubuski.ba\\\/index.php\\\/2022\\\/06\\\/23\\\/sto-povezuje-josipa-manolica-i-podravsku-sumu-seca-u-kojoj-su-partizani-bez-suda-masovno-likvidirali-zarobljenike\\\/#primaryimage\"},\"image\":{\"@id\":\"https:\\\/\\\/radioljubuski.ba\\\/index.php\\\/2022\\\/06\\\/23\\\/sto-povezuje-josipa-manolica-i-podravsku-sumu-seca-u-kojoj-su-partizani-bez-suda-masovno-likvidirali-zarobljenike\\\/#primaryimage\"},\"thumbnailUrl\":\"https:\\\/\\\/radioljubuski.ba\\\/wp-content\\\/uploads\\\/2022\\\/06\\\/Untitled-collage-30-696x522-1.jpg\",\"datePublished\":\"2022-06-23T09:26:26+00:00\",\"dateModified\":\"2022-06-23T09:26:27+00:00\",\"breadcrumb\":{\"@id\":\"https:\\\/\\\/radioljubuski.ba\\\/index.php\\\/2022\\\/06\\\/23\\\/sto-povezuje-josipa-manolica-i-podravsku-sumu-seca-u-kojoj-su-partizani-bez-suda-masovno-likvidirali-zarobljenike\\\/#breadcrumb\"},\"inLanguage\":\"hr\",\"potentialAction\":[{\"@type\":\"ReadAction\",\"target\":[\"https:\\\/\\\/radioljubuski.ba\\\/index.php\\\/2022\\\/06\\\/23\\\/sto-povezuje-josipa-manolica-i-podravsku-sumu-seca-u-kojoj-su-partizani-bez-suda-masovno-likvidirali-zarobljenike\\\/\"]}]},{\"@type\":\"ImageObject\",\"inLanguage\":\"hr\",\"@id\":\"https:\\\/\\\/radioljubuski.ba\\\/index.php\\\/2022\\\/06\\\/23\\\/sto-povezuje-josipa-manolica-i-podravsku-sumu-seca-u-kojoj-su-partizani-bez-suda-masovno-likvidirali-zarobljenike\\\/#primaryimage\",\"url\":\"https:\\\/\\\/radioljubuski.ba\\\/wp-content\\\/uploads\\\/2022\\\/06\\\/Untitled-collage-30-696x522-1.jpg\",\"contentUrl\":\"https:\\\/\\\/radioljubuski.ba\\\/wp-content\\\/uploads\\\/2022\\\/06\\\/Untitled-collage-30-696x522-1.jpg\",\"width\":696,\"height\":522},{\"@type\":\"BreadcrumbList\",\"@id\":\"https:\\\/\\\/radioljubuski.ba\\\/index.php\\\/2022\\\/06\\\/23\\\/sto-povezuje-josipa-manolica-i-podravsku-sumu-seca-u-kojoj-su-partizani-bez-suda-masovno-likvidirali-zarobljenike\\\/#breadcrumb\",\"itemListElement\":[{\"@type\":\"ListItem\",\"position\":1,\"name\":\"Po\u010detna stranica\",\"item\":\"https:\\\/\\\/radioljubuski.ba\\\/\"},{\"@type\":\"ListItem\",\"position\":2,\"name\":\"\u0160to povezuje Josipa Manoli\u0107a i podravsku \u0161umu Se\u010da u kojoj su partizani bez suda masovno likvidirali zarobljenike?\"}]},{\"@type\":\"WebSite\",\"@id\":\"https:\\\/\\\/radioljubuski.ba\\\/#website\",\"url\":\"https:\\\/\\\/radioljubuski.ba\\\/\",\"name\":\"Radio Ljubu\u0161ki\",\"description\":\"Sun\u010dana frekvencija Hercegovine\",\"publisher\":{\"@id\":\"https:\\\/\\\/radioljubuski.ba\\\/#organization\"},\"potentialAction\":[{\"@type\":\"SearchAction\",\"target\":{\"@type\":\"EntryPoint\",\"urlTemplate\":\"https:\\\/\\\/radioljubuski.ba\\\/?s={search_term_string}\"},\"query-input\":{\"@type\":\"PropertyValueSpecification\",\"valueRequired\":true,\"valueName\":\"search_term_string\"}}],\"inLanguage\":\"hr\"},{\"@type\":\"Organization\",\"@id\":\"https:\\\/\\\/radioljubuski.ba\\\/#organization\",\"name\":\"Radio Ljubu\u0161ki\",\"url\":\"https:\\\/\\\/radioljubuski.ba\\\/\",\"logo\":{\"@type\":\"ImageObject\",\"inLanguage\":\"hr\",\"@id\":\"https:\\\/\\\/radioljubuski.ba\\\/#\\\/schema\\\/logo\\\/image\\\/\",\"url\":\"https:\\\/\\\/radioljubuski.ba\\\/wp-content\\\/uploads\\\/2021\\\/02\\\/cropped-Radio_Ljubuski_logo1.jpg\",\"contentUrl\":\"https:\\\/\\\/radioljubuski.ba\\\/wp-content\\\/uploads\\\/2021\\\/02\\\/cropped-Radio_Ljubuski_logo1.jpg\",\"width\":512,\"height\":512,\"caption\":\"Radio Ljubu\u0161ki\"},\"image\":{\"@id\":\"https:\\\/\\\/radioljubuski.ba\\\/#\\\/schema\\\/logo\\\/image\\\/\"},\"sameAs\":[\"https:\\\/\\\/www.facebook.com\\\/Radiio-Ljubuski-1490835324566332\",\"https:\\\/\\\/x.com\\\/radioljubuski\",\"https:\\\/\\\/hr.linkedin.com\\\/company\\\/radio-ljubuski\",\"https:\\\/\\\/www.youtube.com\\\/channel\\\/UCHYaeO_n0Db3tjNGudGpXyw\"]},{\"@type\":\"Person\",\"@id\":\"https:\\\/\\\/radioljubuski.ba\\\/#\\\/schema\\\/person\\\/19fc700381a780f69665d7956c469e3b\",\"name\":\"Radio Ljubu\u0161ki\"}]}<\/script>\n<!-- \/ Yoast SEO plugin. -->","yoast_head_json":{"title":"\u0160to povezuje Josipa Manoli\u0107a i podravsku \u0161umu Se\u010da u kojoj su partizani bez suda masovno likvidirali zarobljenike? - RADIO LJUBU\u0160KI","robots":{"index":"index","follow":"follow","max-snippet":"max-snippet:-1","max-image-preview":"max-image-preview:large","max-video-preview":"max-video-preview:-1"},"canonical":"https:\/\/radioljubuski.ba\/index.php\/2022\/06\/23\/sto-povezuje-josipa-manolica-i-podravsku-sumu-seca-u-kojoj-su-partizani-bez-suda-masovno-likvidirali-zarobljenike\/","og_locale":"hr_HR","og_type":"article","og_title":"\u0160to povezuje Josipa Manoli\u0107a i podravsku \u0161umu Se\u010da u kojoj su partizani bez suda masovno likvidirali zarobljenike? - RADIO LJUBU\u0160KI","og_description":"U \u0161umi Se\u010da u mjestu Budan\u010devica, op\u0107ina Klo\u0161tar Podravski, u srijedu se odr\u017eao Kri\u017eni put za nevine hrvatske civile i vojnike koje su partizani, bez suda i presude, u toj \u0161umi masovno likvidirali krajem 2. svjetskog rata i u pora\u0107u. Kri\u017eni put u srijedu zapo\u010deo je u \u0161umi Se\u010di kod skromnog spomenika \u017ertvama (podignutog 1996.), [&hellip;]","og_url":"https:\/\/radioljubuski.ba\/index.php\/2022\/06\/23\/sto-povezuje-josipa-manolica-i-podravsku-sumu-seca-u-kojoj-su-partizani-bez-suda-masovno-likvidirali-zarobljenike\/","og_site_name":"RADIO LJUBU\u0160KI","article_publisher":"https:\/\/www.facebook.com\/Radiio-Ljubuski-1490835324566332","article_published_time":"2022-06-23T09:26:26+00:00","article_modified_time":"2022-06-23T09:26:27+00:00","og_image":[{"width":696,"height":522,"url":"https:\/\/radioljubuski.ba\/wp-content\/uploads\/2022\/06\/Untitled-collage-30-696x522-1.jpg","type":"image\/jpeg"}],"author":"Radio Ljubu\u0161ki","twitter_card":"summary_large_image","twitter_creator":"@radioljubuski","twitter_site":"@radioljubuski","twitter_misc":{"Napisao\/la":"Radio Ljubu\u0161ki","Procijenjeno vrijeme \u010ditanja":"7 minuta"},"schema":{"@context":"https:\/\/schema.org","@graph":[{"@type":"Article","@id":"https:\/\/radioljubuski.ba\/index.php\/2022\/06\/23\/sto-povezuje-josipa-manolica-i-podravsku-sumu-seca-u-kojoj-su-partizani-bez-suda-masovno-likvidirali-zarobljenike\/#article","isPartOf":{"@id":"https:\/\/radioljubuski.ba\/index.php\/2022\/06\/23\/sto-povezuje-josipa-manolica-i-podravsku-sumu-seca-u-kojoj-su-partizani-bez-suda-masovno-likvidirali-zarobljenike\/"},"author":{"name":"Radio Ljubu\u0161ki","@id":"https:\/\/radioljubuski.ba\/#\/schema\/person\/19fc700381a780f69665d7956c469e3b"},"headline":"\u0160to povezuje Josipa Manoli\u0107a i podravsku \u0161umu Se\u010da u kojoj su partizani bez suda masovno likvidirali zarobljenike?","datePublished":"2022-06-23T09:26:26+00:00","dateModified":"2022-06-23T09:26:27+00:00","mainEntityOfPage":{"@id":"https:\/\/radioljubuski.ba\/index.php\/2022\/06\/23\/sto-povezuje-josipa-manolica-i-podravsku-sumu-seca-u-kojoj-su-partizani-bez-suda-masovno-likvidirali-zarobljenike\/"},"wordCount":1629,"publisher":{"@id":"https:\/\/radioljubuski.ba\/#organization"},"image":{"@id":"https:\/\/radioljubuski.ba\/index.php\/2022\/06\/23\/sto-povezuje-josipa-manolica-i-podravsku-sumu-seca-u-kojoj-su-partizani-bez-suda-masovno-likvidirali-zarobljenike\/#primaryimage"},"thumbnailUrl":"https:\/\/radioljubuski.ba\/wp-content\/uploads\/2022\/06\/Untitled-collage-30-696x522-1.jpg","articleSection":["BIH i regija"],"inLanguage":"hr"},{"@type":"WebPage","@id":"https:\/\/radioljubuski.ba\/index.php\/2022\/06\/23\/sto-povezuje-josipa-manolica-i-podravsku-sumu-seca-u-kojoj-su-partizani-bez-suda-masovno-likvidirali-zarobljenike\/","url":"https:\/\/radioljubuski.ba\/index.php\/2022\/06\/23\/sto-povezuje-josipa-manolica-i-podravsku-sumu-seca-u-kojoj-su-partizani-bez-suda-masovno-likvidirali-zarobljenike\/","name":"\u0160to povezuje Josipa Manoli\u0107a i podravsku \u0161umu Se\u010da u kojoj su partizani bez suda masovno likvidirali zarobljenike? - RADIO LJUBU\u0160KI","isPartOf":{"@id":"https:\/\/radioljubuski.ba\/#website"},"primaryImageOfPage":{"@id":"https:\/\/radioljubuski.ba\/index.php\/2022\/06\/23\/sto-povezuje-josipa-manolica-i-podravsku-sumu-seca-u-kojoj-su-partizani-bez-suda-masovno-likvidirali-zarobljenike\/#primaryimage"},"image":{"@id":"https:\/\/radioljubuski.ba\/index.php\/2022\/06\/23\/sto-povezuje-josipa-manolica-i-podravsku-sumu-seca-u-kojoj-su-partizani-bez-suda-masovno-likvidirali-zarobljenike\/#primaryimage"},"thumbnailUrl":"https:\/\/radioljubuski.ba\/wp-content\/uploads\/2022\/06\/Untitled-collage-30-696x522-1.jpg","datePublished":"2022-06-23T09:26:26+00:00","dateModified":"2022-06-23T09:26:27+00:00","breadcrumb":{"@id":"https:\/\/radioljubuski.ba\/index.php\/2022\/06\/23\/sto-povezuje-josipa-manolica-i-podravsku-sumu-seca-u-kojoj-su-partizani-bez-suda-masovno-likvidirali-zarobljenike\/#breadcrumb"},"inLanguage":"hr","potentialAction":[{"@type":"ReadAction","target":["https:\/\/radioljubuski.ba\/index.php\/2022\/06\/23\/sto-povezuje-josipa-manolica-i-podravsku-sumu-seca-u-kojoj-su-partizani-bez-suda-masovno-likvidirali-zarobljenike\/"]}]},{"@type":"ImageObject","inLanguage":"hr","@id":"https:\/\/radioljubuski.ba\/index.php\/2022\/06\/23\/sto-povezuje-josipa-manolica-i-podravsku-sumu-seca-u-kojoj-su-partizani-bez-suda-masovno-likvidirali-zarobljenike\/#primaryimage","url":"https:\/\/radioljubuski.ba\/wp-content\/uploads\/2022\/06\/Untitled-collage-30-696x522-1.jpg","contentUrl":"https:\/\/radioljubuski.ba\/wp-content\/uploads\/2022\/06\/Untitled-collage-30-696x522-1.jpg","width":696,"height":522},{"@type":"BreadcrumbList","@id":"https:\/\/radioljubuski.ba\/index.php\/2022\/06\/23\/sto-povezuje-josipa-manolica-i-podravsku-sumu-seca-u-kojoj-su-partizani-bez-suda-masovno-likvidirali-zarobljenike\/#breadcrumb","itemListElement":[{"@type":"ListItem","position":1,"name":"Po\u010detna stranica","item":"https:\/\/radioljubuski.ba\/"},{"@type":"ListItem","position":2,"name":"\u0160to povezuje Josipa Manoli\u0107a i podravsku \u0161umu Se\u010da u kojoj su partizani bez suda masovno likvidirali zarobljenike?"}]},{"@type":"WebSite","@id":"https:\/\/radioljubuski.ba\/#website","url":"https:\/\/radioljubuski.ba\/","name":"Radio Ljubu\u0161ki","description":"Sun\u010dana frekvencija Hercegovine","publisher":{"@id":"https:\/\/radioljubuski.ba\/#organization"},"potentialAction":[{"@type":"SearchAction","target":{"@type":"EntryPoint","urlTemplate":"https:\/\/radioljubuski.ba\/?s={search_term_string}"},"query-input":{"@type":"PropertyValueSpecification","valueRequired":true,"valueName":"search_term_string"}}],"inLanguage":"hr"},{"@type":"Organization","@id":"https:\/\/radioljubuski.ba\/#organization","name":"Radio Ljubu\u0161ki","url":"https:\/\/radioljubuski.ba\/","logo":{"@type":"ImageObject","inLanguage":"hr","@id":"https:\/\/radioljubuski.ba\/#\/schema\/logo\/image\/","url":"https:\/\/radioljubuski.ba\/wp-content\/uploads\/2021\/02\/cropped-Radio_Ljubuski_logo1.jpg","contentUrl":"https:\/\/radioljubuski.ba\/wp-content\/uploads\/2021\/02\/cropped-Radio_Ljubuski_logo1.jpg","width":512,"height":512,"caption":"Radio Ljubu\u0161ki"},"image":{"@id":"https:\/\/radioljubuski.ba\/#\/schema\/logo\/image\/"},"sameAs":["https:\/\/www.facebook.com\/Radiio-Ljubuski-1490835324566332","https:\/\/x.com\/radioljubuski","https:\/\/hr.linkedin.com\/company\/radio-ljubuski","https:\/\/www.youtube.com\/channel\/UCHYaeO_n0Db3tjNGudGpXyw"]},{"@type":"Person","@id":"https:\/\/radioljubuski.ba\/#\/schema\/person\/19fc700381a780f69665d7956c469e3b","name":"Radio Ljubu\u0161ki"}]}},"_links":{"self":[{"href":"https:\/\/radioljubuski.ba\/index.php\/wp-json\/wp\/v2\/posts\/152541","targetHints":{"allow":["GET"]}}],"collection":[{"href":"https:\/\/radioljubuski.ba\/index.php\/wp-json\/wp\/v2\/posts"}],"about":[{"href":"https:\/\/radioljubuski.ba\/index.php\/wp-json\/wp\/v2\/types\/post"}],"author":[{"embeddable":true,"href":"https:\/\/radioljubuski.ba\/index.php\/wp-json\/wp\/v2\/users\/2"}],"replies":[{"embeddable":true,"href":"https:\/\/radioljubuski.ba\/index.php\/wp-json\/wp\/v2\/comments?post=152541"}],"version-history":[{"count":1,"href":"https:\/\/radioljubuski.ba\/index.php\/wp-json\/wp\/v2\/posts\/152541\/revisions"}],"predecessor-version":[{"id":152543,"href":"https:\/\/radioljubuski.ba\/index.php\/wp-json\/wp\/v2\/posts\/152541\/revisions\/152543"}],"wp:featuredmedia":[{"embeddable":true,"href":"https:\/\/radioljubuski.ba\/index.php\/wp-json\/wp\/v2\/media\/152542"}],"wp:attachment":[{"href":"https:\/\/radioljubuski.ba\/index.php\/wp-json\/wp\/v2\/media?parent=152541"}],"wp:term":[{"taxonomy":"category","embeddable":true,"href":"https:\/\/radioljubuski.ba\/index.php\/wp-json\/wp\/v2\/categories?post=152541"},{"taxonomy":"post_tag","embeddable":true,"href":"https:\/\/radioljubuski.ba\/index.php\/wp-json\/wp\/v2\/tags?post=152541"}],"curies":[{"name":"wp","href":"https:\/\/api.w.org\/{rel}","templated":true}]}}