{"id":152544,"date":"2022-06-23T10:29:02","date_gmt":"2022-06-23T09:29:02","guid":{"rendered":"https:\/\/radioljubuski.ba\/?p=152544"},"modified":"2022-06-23T10:29:02","modified_gmt":"2022-06-23T09:29:02","slug":"kod-siska-jucer-obiljezen-dan-antifasisticke-borbe","status":"publish","type":"post","link":"https:\/\/radioljubuski.ba\/index.php\/2022\/06\/23\/kod-siska-jucer-obiljezen-dan-antifasisticke-borbe\/","title":{"rendered":"Kod Siska ju\u010der obilje\u017een Dan antifa\u0161isti\u010dke borbe"},"content":{"rendered":"\n<p>Polaganjem cvije\u0107a i vijenaca u Spomen-parku Brezovica kod Siska u srijedu je obilje\u017een Dan antifa\u0161isti\u010dke borbe, 22. lipnja. Ovaj dr\u017eavni praznik obilje\u017eava osnivanje Prvog partizanskog odreda u Hrvatskoj 1941. u Brezovici kod Siska.<\/p>\n\n\n\n<p>U Spomen-parku Brezovica kod Siska odr\u017eana je prigodna sve\u010danost na kojoj su sudjelovali predsjednik Republike Zoran Milanovi\u0107, izaslanik predsjednika Vlade RH Andreja Plenkovi\u0107a, ministar pravosu\u0111a i uprave Ivan Malenica i izaslanik predsjednika Hrvatskoga sabora, sisa\u010dko-moslava\u010dki \u017eupan Ivan Celjak.<\/p>\n\n\n\n<p>Na sve\u010danosti su se pojavili biv\u0161i predsjednici RH Ivo Josipovi\u0107 i Stjepan Mesi\u0107. Do\u0161la je i SDP-ova gradona\u010delnica Siska Kristina Iki\u0107 Bani\u010dek te zagreba\u010dki gradona\u010delnik Tomislav Toma\u0161evi\u0107 s SDP-ovim predsjednikom zagreba\u010dke Skup\u0161tine Jo\u0161kom Klisovi\u0107em.<\/p>\n\n\n\n<p>Bili su tamo i potpredsjednik Sabora Davorko Vidovi\u0107, ministar rada, mirovinskoga sustava, obitelji i socijalne politike Marin Pileti\u0107 te predsjednik Vrhovnoga suda Radovan Dobroni\u0107.<\/p>\n\n\n\n<figure class=\"wp-block-image\"><img decoding=\"async\" src=\"https:\/\/narod.hr\/wp-content\/uploads\/2022\/06\/HN20220622587695-581x420.jpg\" alt=\"\"\/><\/figure>\n\n\n\n<p><strong>Predsjednik Zoran Milanovi\u0107<\/strong> je, javlja Hina, u svom je govoru, naglasio da antifa\u0161izam nije iskorijeniv i ne\u0107e tek tako nestati. \u201dTaj korijen je dubok, osje\u0107aj, emocija, jer to je sastavni dio hrvatskog puta i jedna od \u017eila koji \u010dine na\u0161 korijen\u201d, rekao je.<\/p>\n\n\n\n<p>Referiraju\u0107i se na vrijeme nastanka Prvog partizanskog odreda te kasnijih doga\u0111aja u povijesti Hrvatske, poru\u010dio je da se danas nemamo \u010dega stidjeti jer je \u201dna\u0161 put bio pravedan i uspje\u0161an\u201d.<\/p>\n\n\n\n<p><strong>Ministar Malenica<\/strong> naglasio je da je antifa\u0161izam dio identiteta i povijesti hrvatskog naroda, utkan u hrvatsku dr\u017eavnost te da je prihva\u0107enje vlastite povijesti-&nbsp;i dobrih i lo\u0161ih strana-&nbsp;znak zrelosti jednog naroda dru\u0161tva i dr\u017eave.<\/p>\n\n\n\n<p><strong>\u017dupan Celjak<\/strong> rekao je da su najve\u0107i heroji u hrvatskoj povijesti hrvatski branitelj iz Domovinskog rata jer su ostvarili stoljetni san Hrvatica i Hrvata o slobodi, samostalnosti i neovisnosti, a granice u kojem ostvarena Republika Hrvatska, istaknuo je, izborili su upravo antifa\u0161isti i antifa\u0161isti\u010dka borba.<\/p>\n\n\n\n<h3 class=\"wp-block-heading\"><strong>Dr. sc. Vlatka Vukeli\u0107 o Danu antifa\u0161isti\u010dke borbe<\/strong><\/h3>\n\n\n\n<p>Dr. sc. Vlatka Vukeli\u0107 prije tri je godine za <a href=\"https:\/\/narod.hr\/hrvatska\/dr-sc-vlatka-vukelic-o-danu-antifasizma-za-narod-hr-prvi-partizanski-odred-bio-je-na-margini-sluzbene-povijesti-nob-a\">Narod.hr<\/a> analizirala ovaj praznik i povijesni kontekst.<\/p>\n\n\n\n<p>\u201dPrvi partizanski odred nije bio forsiran pojam u socijalisti\u010dkoj Jugoslaviji. Bio je na margini slu\u017ebene povijesti NOB-a do razine da su tada\u0161nji slu\u017ebeni povjesni\u010dari \u010desto krivo pisali ime Vlade Janji\u0107a Cape, kojega smatramo vo\u0111om te formacije.<\/p>\n\n\n\n<p>Nakon okupljanja u kolovozu 1941. to je skupina koja vr\u0161i napade na lokalne policijske postaje uokolo Siska, napada slu\u017ebenike tada\u0161nje policije koji vjerojatno nikada nisu Paveli\u0107a niti ga upoznali, kamoli da su bili pripadnici usta\u0161koga pokreta i organiziraju nekoliko napada na \u017eeljezni\u010dku strukturu, primjerice u Lekeniku i u Sunji, \u010dime je i prijevoz civilnog stanovni\u0161tva postao opasan.<\/p>\n\n\n\n<p>Diverzije na \u017eeljezni\u010dku infrastrukturu biti \u0107e jedan od razloga onako lo\u0161eg na\u010dina transporta izbjeglica s podru\u010dja Bosne koji \u0107e postati intenzivan od prolje\u0107a 1942. Dakle, slu\u017ebena socijalisti\u010dka historiografija nije Prvom partizanskom odredu iz Siska pridavala ni pozornost ni zna\u010daj, a Vlado Jani\u0107 Capo nije bio va\u017ean i rado vi\u0111en partijac u slu\u017ebenoj jugoslavenskoj politi\u010dkoj plejadi.<\/p>\n\n\n\n<p>Naravno, jasno je za\u0161to je Franjo Tu\u0111man inzistirao na ovome danu. On je te\u017eio ka jedinstvenoj Hrvatskoj u trenutku agresije na nju, a bio je svjestan preostalih struktura. Tako\u0111er, imao je potrebu staviti protutezu Srbu i tzv. Danu ustanka. No danas smo dokazali kako u Srbu nije bilo ustanka, ve\u0107 se tamo dogodilo klanje, pa je sramotno da se tamo ista obilje\u017eava, taman u organizaciji dva lokalna dru\u0161tva.<\/p>\n\n\n\n<p>Samim time ni Dan antifa\u0161izma vise nije nu\u017eno zlo, jer nikada i nije slavio i promicao tekovine svih ljudi u borbi protiv fa\u0161izma ve\u0107 samo i isklju\u010divo tekovine NOB-a, a to je selekcijski i diskriminacijski\u201d.<\/p>\n\n\n\n<p><em>Izvor: narod.hr<\/em><\/p>\n","protected":false},"excerpt":{"rendered":"<p>Polaganjem cvije\u0107a i vijenaca u Spomen-parku Brezovica kod Siska u srijedu je obilje\u017een Dan antifa\u0161isti\u010dke borbe, 22. lipnja. Ovaj dr\u017eavni praznik obilje\u017eava osnivanje Prvog partizanskog odreda u Hrvatskoj 1941. u Brezovici kod Siska. U Spomen-parku Brezovica kod Siska odr\u017eana je prigodna sve\u010danost na kojoj su sudjelovali predsjednik Republike Zoran Milanovi\u0107, izaslanik predsjednika Vlade RH Andreja [&hellip;]<\/p>\n","protected":false},"author":2,"featured_media":152545,"comment_status":"closed","ping_status":"closed","sticky":false,"template":"","format":"standard","meta":{"h5ap_radio_sources":[],"footnotes":""},"categories":[1],"tags":[],"class_list":["post-152544","post","type-post","status-publish","format-standard","has-post-thumbnail","hentry","category-bihiregija"],"yoast_head":"<!-- This site is optimized with the Yoast SEO plugin v27.4 - https:\/\/yoast.com\/product\/yoast-seo-wordpress\/ -->\n<title>Kod Siska ju\u010der obilje\u017een Dan antifa\u0161isti\u010dke borbe - RADIO LJUBU\u0160KI<\/title>\n<meta name=\"robots\" content=\"index, follow, max-snippet:-1, max-image-preview:large, max-video-preview:-1\" \/>\n<link rel=\"canonical\" href=\"https:\/\/radioljubuski.ba\/index.php\/2022\/06\/23\/kod-siska-jucer-obiljezen-dan-antifasisticke-borbe\/\" \/>\n<meta property=\"og:locale\" content=\"hr_HR\" \/>\n<meta property=\"og:type\" content=\"article\" \/>\n<meta property=\"og:title\" content=\"Kod Siska ju\u010der obilje\u017een Dan antifa\u0161isti\u010dke borbe - RADIO LJUBU\u0160KI\" \/>\n<meta property=\"og:description\" content=\"Polaganjem cvije\u0107a i vijenaca u Spomen-parku Brezovica kod Siska u srijedu je obilje\u017een Dan antifa\u0161isti\u010dke borbe, 22. lipnja. Ovaj dr\u017eavni praznik obilje\u017eava osnivanje Prvog partizanskog odreda u Hrvatskoj 1941. u Brezovici kod Siska. U Spomen-parku Brezovica kod Siska odr\u017eana je prigodna sve\u010danost na kojoj su sudjelovali predsjednik Republike Zoran Milanovi\u0107, izaslanik predsjednika Vlade RH Andreja [&hellip;]\" \/>\n<meta property=\"og:url\" content=\"https:\/\/radioljubuski.ba\/index.php\/2022\/06\/23\/kod-siska-jucer-obiljezen-dan-antifasisticke-borbe\/\" \/>\n<meta property=\"og:site_name\" content=\"RADIO LJUBU\u0160KI\" \/>\n<meta property=\"article:publisher\" content=\"https:\/\/www.facebook.com\/Radiio-Ljubuski-1490835324566332\" \/>\n<meta property=\"article:published_time\" content=\"2022-06-23T09:29:02+00:00\" \/>\n<meta property=\"og:image\" content=\"https:\/\/radioljubuski.ba\/wp-content\/uploads\/2022\/06\/FotoJet-32-696x406-1.jpg\" \/>\n\t<meta property=\"og:image:width\" content=\"696\" \/>\n\t<meta property=\"og:image:height\" content=\"406\" \/>\n\t<meta property=\"og:image:type\" content=\"image\/jpeg\" \/>\n<meta name=\"author\" content=\"Radio Ljubu\u0161ki\" \/>\n<meta name=\"twitter:card\" content=\"summary_large_image\" \/>\n<meta name=\"twitter:creator\" content=\"@radioljubuski\" \/>\n<meta name=\"twitter:site\" content=\"@radioljubuski\" \/>\n<meta name=\"twitter:label1\" content=\"Napisao\/la\" \/>\n\t<meta name=\"twitter:data1\" content=\"Radio Ljubu\u0161ki\" \/>\n\t<meta name=\"twitter:label2\" content=\"Procijenjeno vrijeme \u010ditanja\" \/>\n\t<meta name=\"twitter:data2\" content=\"3 minute\" \/>\n<script type=\"application\/ld+json\" class=\"yoast-schema-graph\">{\"@context\":\"https:\\\/\\\/schema.org\",\"@graph\":[{\"@type\":\"Article\",\"@id\":\"https:\\\/\\\/radioljubuski.ba\\\/index.php\\\/2022\\\/06\\\/23\\\/kod-siska-jucer-obiljezen-dan-antifasisticke-borbe\\\/#article\",\"isPartOf\":{\"@id\":\"https:\\\/\\\/radioljubuski.ba\\\/index.php\\\/2022\\\/06\\\/23\\\/kod-siska-jucer-obiljezen-dan-antifasisticke-borbe\\\/\"},\"author\":{\"name\":\"Radio Ljubu\u0161ki\",\"@id\":\"https:\\\/\\\/radioljubuski.ba\\\/#\\\/schema\\\/person\\\/19fc700381a780f69665d7956c469e3b\"},\"headline\":\"Kod Siska ju\u010der obilje\u017een Dan antifa\u0161isti\u010dke borbe\",\"datePublished\":\"2022-06-23T09:29:02+00:00\",\"mainEntityOfPage\":{\"@id\":\"https:\\\/\\\/radioljubuski.ba\\\/index.php\\\/2022\\\/06\\\/23\\\/kod-siska-jucer-obiljezen-dan-antifasisticke-borbe\\\/\"},\"wordCount\":649,\"publisher\":{\"@id\":\"https:\\\/\\\/radioljubuski.ba\\\/#organization\"},\"image\":{\"@id\":\"https:\\\/\\\/radioljubuski.ba\\\/index.php\\\/2022\\\/06\\\/23\\\/kod-siska-jucer-obiljezen-dan-antifasisticke-borbe\\\/#primaryimage\"},\"thumbnailUrl\":\"https:\\\/\\\/radioljubuski.ba\\\/wp-content\\\/uploads\\\/2022\\\/06\\\/FotoJet-32-696x406-1.jpg\",\"articleSection\":[\"BIH i regija\"],\"inLanguage\":\"hr\"},{\"@type\":\"WebPage\",\"@id\":\"https:\\\/\\\/radioljubuski.ba\\\/index.php\\\/2022\\\/06\\\/23\\\/kod-siska-jucer-obiljezen-dan-antifasisticke-borbe\\\/\",\"url\":\"https:\\\/\\\/radioljubuski.ba\\\/index.php\\\/2022\\\/06\\\/23\\\/kod-siska-jucer-obiljezen-dan-antifasisticke-borbe\\\/\",\"name\":\"Kod Siska ju\u010der obilje\u017een Dan antifa\u0161isti\u010dke borbe - RADIO LJUBU\u0160KI\",\"isPartOf\":{\"@id\":\"https:\\\/\\\/radioljubuski.ba\\\/#website\"},\"primaryImageOfPage\":{\"@id\":\"https:\\\/\\\/radioljubuski.ba\\\/index.php\\\/2022\\\/06\\\/23\\\/kod-siska-jucer-obiljezen-dan-antifasisticke-borbe\\\/#primaryimage\"},\"image\":{\"@id\":\"https:\\\/\\\/radioljubuski.ba\\\/index.php\\\/2022\\\/06\\\/23\\\/kod-siska-jucer-obiljezen-dan-antifasisticke-borbe\\\/#primaryimage\"},\"thumbnailUrl\":\"https:\\\/\\\/radioljubuski.ba\\\/wp-content\\\/uploads\\\/2022\\\/06\\\/FotoJet-32-696x406-1.jpg\",\"datePublished\":\"2022-06-23T09:29:02+00:00\",\"breadcrumb\":{\"@id\":\"https:\\\/\\\/radioljubuski.ba\\\/index.php\\\/2022\\\/06\\\/23\\\/kod-siska-jucer-obiljezen-dan-antifasisticke-borbe\\\/#breadcrumb\"},\"inLanguage\":\"hr\",\"potentialAction\":[{\"@type\":\"ReadAction\",\"target\":[\"https:\\\/\\\/radioljubuski.ba\\\/index.php\\\/2022\\\/06\\\/23\\\/kod-siska-jucer-obiljezen-dan-antifasisticke-borbe\\\/\"]}]},{\"@type\":\"ImageObject\",\"inLanguage\":\"hr\",\"@id\":\"https:\\\/\\\/radioljubuski.ba\\\/index.php\\\/2022\\\/06\\\/23\\\/kod-siska-jucer-obiljezen-dan-antifasisticke-borbe\\\/#primaryimage\",\"url\":\"https:\\\/\\\/radioljubuski.ba\\\/wp-content\\\/uploads\\\/2022\\\/06\\\/FotoJet-32-696x406-1.jpg\",\"contentUrl\":\"https:\\\/\\\/radioljubuski.ba\\\/wp-content\\\/uploads\\\/2022\\\/06\\\/FotoJet-32-696x406-1.jpg\",\"width\":696,\"height\":406},{\"@type\":\"BreadcrumbList\",\"@id\":\"https:\\\/\\\/radioljubuski.ba\\\/index.php\\\/2022\\\/06\\\/23\\\/kod-siska-jucer-obiljezen-dan-antifasisticke-borbe\\\/#breadcrumb\",\"itemListElement\":[{\"@type\":\"ListItem\",\"position\":1,\"name\":\"Po\u010detna stranica\",\"item\":\"https:\\\/\\\/radioljubuski.ba\\\/\"},{\"@type\":\"ListItem\",\"position\":2,\"name\":\"Kod Siska ju\u010der obilje\u017een Dan antifa\u0161isti\u010dke borbe\"}]},{\"@type\":\"WebSite\",\"@id\":\"https:\\\/\\\/radioljubuski.ba\\\/#website\",\"url\":\"https:\\\/\\\/radioljubuski.ba\\\/\",\"name\":\"Radio Ljubu\u0161ki\",\"description\":\"Sun\u010dana frekvencija Hercegovine\",\"publisher\":{\"@id\":\"https:\\\/\\\/radioljubuski.ba\\\/#organization\"},\"potentialAction\":[{\"@type\":\"SearchAction\",\"target\":{\"@type\":\"EntryPoint\",\"urlTemplate\":\"https:\\\/\\\/radioljubuski.ba\\\/?s={search_term_string}\"},\"query-input\":{\"@type\":\"PropertyValueSpecification\",\"valueRequired\":true,\"valueName\":\"search_term_string\"}}],\"inLanguage\":\"hr\"},{\"@type\":\"Organization\",\"@id\":\"https:\\\/\\\/radioljubuski.ba\\\/#organization\",\"name\":\"Radio Ljubu\u0161ki\",\"url\":\"https:\\\/\\\/radioljubuski.ba\\\/\",\"logo\":{\"@type\":\"ImageObject\",\"inLanguage\":\"hr\",\"@id\":\"https:\\\/\\\/radioljubuski.ba\\\/#\\\/schema\\\/logo\\\/image\\\/\",\"url\":\"https:\\\/\\\/radioljubuski.ba\\\/wp-content\\\/uploads\\\/2021\\\/02\\\/cropped-Radio_Ljubuski_logo1.jpg\",\"contentUrl\":\"https:\\\/\\\/radioljubuski.ba\\\/wp-content\\\/uploads\\\/2021\\\/02\\\/cropped-Radio_Ljubuski_logo1.jpg\",\"width\":512,\"height\":512,\"caption\":\"Radio Ljubu\u0161ki\"},\"image\":{\"@id\":\"https:\\\/\\\/radioljubuski.ba\\\/#\\\/schema\\\/logo\\\/image\\\/\"},\"sameAs\":[\"https:\\\/\\\/www.facebook.com\\\/Radiio-Ljubuski-1490835324566332\",\"https:\\\/\\\/x.com\\\/radioljubuski\",\"https:\\\/\\\/hr.linkedin.com\\\/company\\\/radio-ljubuski\",\"https:\\\/\\\/www.youtube.com\\\/channel\\\/UCHYaeO_n0Db3tjNGudGpXyw\"]},{\"@type\":\"Person\",\"@id\":\"https:\\\/\\\/radioljubuski.ba\\\/#\\\/schema\\\/person\\\/19fc700381a780f69665d7956c469e3b\",\"name\":\"Radio Ljubu\u0161ki\"}]}<\/script>\n<!-- \/ Yoast SEO plugin. -->","yoast_head_json":{"title":"Kod Siska ju\u010der obilje\u017een Dan antifa\u0161isti\u010dke borbe - RADIO LJUBU\u0160KI","robots":{"index":"index","follow":"follow","max-snippet":"max-snippet:-1","max-image-preview":"max-image-preview:large","max-video-preview":"max-video-preview:-1"},"canonical":"https:\/\/radioljubuski.ba\/index.php\/2022\/06\/23\/kod-siska-jucer-obiljezen-dan-antifasisticke-borbe\/","og_locale":"hr_HR","og_type":"article","og_title":"Kod Siska ju\u010der obilje\u017een Dan antifa\u0161isti\u010dke borbe - RADIO LJUBU\u0160KI","og_description":"Polaganjem cvije\u0107a i vijenaca u Spomen-parku Brezovica kod Siska u srijedu je obilje\u017een Dan antifa\u0161isti\u010dke borbe, 22. lipnja. Ovaj dr\u017eavni praznik obilje\u017eava osnivanje Prvog partizanskog odreda u Hrvatskoj 1941. u Brezovici kod Siska. U Spomen-parku Brezovica kod Siska odr\u017eana je prigodna sve\u010danost na kojoj su sudjelovali predsjednik Republike Zoran Milanovi\u0107, izaslanik predsjednika Vlade RH Andreja [&hellip;]","og_url":"https:\/\/radioljubuski.ba\/index.php\/2022\/06\/23\/kod-siska-jucer-obiljezen-dan-antifasisticke-borbe\/","og_site_name":"RADIO LJUBU\u0160KI","article_publisher":"https:\/\/www.facebook.com\/Radiio-Ljubuski-1490835324566332","article_published_time":"2022-06-23T09:29:02+00:00","og_image":[{"width":696,"height":406,"url":"https:\/\/radioljubuski.ba\/wp-content\/uploads\/2022\/06\/FotoJet-32-696x406-1.jpg","type":"image\/jpeg"}],"author":"Radio Ljubu\u0161ki","twitter_card":"summary_large_image","twitter_creator":"@radioljubuski","twitter_site":"@radioljubuski","twitter_misc":{"Napisao\/la":"Radio Ljubu\u0161ki","Procijenjeno vrijeme \u010ditanja":"3 minute"},"schema":{"@context":"https:\/\/schema.org","@graph":[{"@type":"Article","@id":"https:\/\/radioljubuski.ba\/index.php\/2022\/06\/23\/kod-siska-jucer-obiljezen-dan-antifasisticke-borbe\/#article","isPartOf":{"@id":"https:\/\/radioljubuski.ba\/index.php\/2022\/06\/23\/kod-siska-jucer-obiljezen-dan-antifasisticke-borbe\/"},"author":{"name":"Radio Ljubu\u0161ki","@id":"https:\/\/radioljubuski.ba\/#\/schema\/person\/19fc700381a780f69665d7956c469e3b"},"headline":"Kod Siska ju\u010der obilje\u017een Dan antifa\u0161isti\u010dke borbe","datePublished":"2022-06-23T09:29:02+00:00","mainEntityOfPage":{"@id":"https:\/\/radioljubuski.ba\/index.php\/2022\/06\/23\/kod-siska-jucer-obiljezen-dan-antifasisticke-borbe\/"},"wordCount":649,"publisher":{"@id":"https:\/\/radioljubuski.ba\/#organization"},"image":{"@id":"https:\/\/radioljubuski.ba\/index.php\/2022\/06\/23\/kod-siska-jucer-obiljezen-dan-antifasisticke-borbe\/#primaryimage"},"thumbnailUrl":"https:\/\/radioljubuski.ba\/wp-content\/uploads\/2022\/06\/FotoJet-32-696x406-1.jpg","articleSection":["BIH i regija"],"inLanguage":"hr"},{"@type":"WebPage","@id":"https:\/\/radioljubuski.ba\/index.php\/2022\/06\/23\/kod-siska-jucer-obiljezen-dan-antifasisticke-borbe\/","url":"https:\/\/radioljubuski.ba\/index.php\/2022\/06\/23\/kod-siska-jucer-obiljezen-dan-antifasisticke-borbe\/","name":"Kod Siska ju\u010der obilje\u017een Dan antifa\u0161isti\u010dke borbe - RADIO LJUBU\u0160KI","isPartOf":{"@id":"https:\/\/radioljubuski.ba\/#website"},"primaryImageOfPage":{"@id":"https:\/\/radioljubuski.ba\/index.php\/2022\/06\/23\/kod-siska-jucer-obiljezen-dan-antifasisticke-borbe\/#primaryimage"},"image":{"@id":"https:\/\/radioljubuski.ba\/index.php\/2022\/06\/23\/kod-siska-jucer-obiljezen-dan-antifasisticke-borbe\/#primaryimage"},"thumbnailUrl":"https:\/\/radioljubuski.ba\/wp-content\/uploads\/2022\/06\/FotoJet-32-696x406-1.jpg","datePublished":"2022-06-23T09:29:02+00:00","breadcrumb":{"@id":"https:\/\/radioljubuski.ba\/index.php\/2022\/06\/23\/kod-siska-jucer-obiljezen-dan-antifasisticke-borbe\/#breadcrumb"},"inLanguage":"hr","potentialAction":[{"@type":"ReadAction","target":["https:\/\/radioljubuski.ba\/index.php\/2022\/06\/23\/kod-siska-jucer-obiljezen-dan-antifasisticke-borbe\/"]}]},{"@type":"ImageObject","inLanguage":"hr","@id":"https:\/\/radioljubuski.ba\/index.php\/2022\/06\/23\/kod-siska-jucer-obiljezen-dan-antifasisticke-borbe\/#primaryimage","url":"https:\/\/radioljubuski.ba\/wp-content\/uploads\/2022\/06\/FotoJet-32-696x406-1.jpg","contentUrl":"https:\/\/radioljubuski.ba\/wp-content\/uploads\/2022\/06\/FotoJet-32-696x406-1.jpg","width":696,"height":406},{"@type":"BreadcrumbList","@id":"https:\/\/radioljubuski.ba\/index.php\/2022\/06\/23\/kod-siska-jucer-obiljezen-dan-antifasisticke-borbe\/#breadcrumb","itemListElement":[{"@type":"ListItem","position":1,"name":"Po\u010detna stranica","item":"https:\/\/radioljubuski.ba\/"},{"@type":"ListItem","position":2,"name":"Kod Siska ju\u010der obilje\u017een Dan antifa\u0161isti\u010dke borbe"}]},{"@type":"WebSite","@id":"https:\/\/radioljubuski.ba\/#website","url":"https:\/\/radioljubuski.ba\/","name":"Radio Ljubu\u0161ki","description":"Sun\u010dana frekvencija Hercegovine","publisher":{"@id":"https:\/\/radioljubuski.ba\/#organization"},"potentialAction":[{"@type":"SearchAction","target":{"@type":"EntryPoint","urlTemplate":"https:\/\/radioljubuski.ba\/?s={search_term_string}"},"query-input":{"@type":"PropertyValueSpecification","valueRequired":true,"valueName":"search_term_string"}}],"inLanguage":"hr"},{"@type":"Organization","@id":"https:\/\/radioljubuski.ba\/#organization","name":"Radio Ljubu\u0161ki","url":"https:\/\/radioljubuski.ba\/","logo":{"@type":"ImageObject","inLanguage":"hr","@id":"https:\/\/radioljubuski.ba\/#\/schema\/logo\/image\/","url":"https:\/\/radioljubuski.ba\/wp-content\/uploads\/2021\/02\/cropped-Radio_Ljubuski_logo1.jpg","contentUrl":"https:\/\/radioljubuski.ba\/wp-content\/uploads\/2021\/02\/cropped-Radio_Ljubuski_logo1.jpg","width":512,"height":512,"caption":"Radio Ljubu\u0161ki"},"image":{"@id":"https:\/\/radioljubuski.ba\/#\/schema\/logo\/image\/"},"sameAs":["https:\/\/www.facebook.com\/Radiio-Ljubuski-1490835324566332","https:\/\/x.com\/radioljubuski","https:\/\/hr.linkedin.com\/company\/radio-ljubuski","https:\/\/www.youtube.com\/channel\/UCHYaeO_n0Db3tjNGudGpXyw"]},{"@type":"Person","@id":"https:\/\/radioljubuski.ba\/#\/schema\/person\/19fc700381a780f69665d7956c469e3b","name":"Radio Ljubu\u0161ki"}]}},"_links":{"self":[{"href":"https:\/\/radioljubuski.ba\/index.php\/wp-json\/wp\/v2\/posts\/152544","targetHints":{"allow":["GET"]}}],"collection":[{"href":"https:\/\/radioljubuski.ba\/index.php\/wp-json\/wp\/v2\/posts"}],"about":[{"href":"https:\/\/radioljubuski.ba\/index.php\/wp-json\/wp\/v2\/types\/post"}],"author":[{"embeddable":true,"href":"https:\/\/radioljubuski.ba\/index.php\/wp-json\/wp\/v2\/users\/2"}],"replies":[{"embeddable":true,"href":"https:\/\/radioljubuski.ba\/index.php\/wp-json\/wp\/v2\/comments?post=152544"}],"version-history":[{"count":1,"href":"https:\/\/radioljubuski.ba\/index.php\/wp-json\/wp\/v2\/posts\/152544\/revisions"}],"predecessor-version":[{"id":152546,"href":"https:\/\/radioljubuski.ba\/index.php\/wp-json\/wp\/v2\/posts\/152544\/revisions\/152546"}],"wp:featuredmedia":[{"embeddable":true,"href":"https:\/\/radioljubuski.ba\/index.php\/wp-json\/wp\/v2\/media\/152545"}],"wp:attachment":[{"href":"https:\/\/radioljubuski.ba\/index.php\/wp-json\/wp\/v2\/media?parent=152544"}],"wp:term":[{"taxonomy":"category","embeddable":true,"href":"https:\/\/radioljubuski.ba\/index.php\/wp-json\/wp\/v2\/categories?post=152544"},{"taxonomy":"post_tag","embeddable":true,"href":"https:\/\/radioljubuski.ba\/index.php\/wp-json\/wp\/v2\/tags?post=152544"}],"curies":[{"name":"wp","href":"https:\/\/api.w.org\/{rel}","templated":true}]}}