{"id":152560,"date":"2022-06-23T10:39:49","date_gmt":"2022-06-23T09:39:49","guid":{"rendered":"https:\/\/radioljubuski.ba\/?p=152560"},"modified":"2022-06-23T10:39:51","modified_gmt":"2022-06-23T09:39:51","slug":"uzasno-ubojstvo-u-njemackoj-ugusena-15-godisnjakinja-osumnjiceni-13-godisnjak-i-14-godisnjak","status":"publish","type":"post","link":"https:\/\/radioljubuski.ba\/index.php\/2022\/06\/23\/uzasno-ubojstvo-u-njemackoj-ugusena-15-godisnjakinja-osumnjiceni-13-godisnjak-i-14-godisnjak\/","title":{"rendered":"U\u017easno ubojstvo u Njema\u010dkoj: Ugu\u0161ena 15-godi\u0161njakinja, osumnji\u010deni 13-godi\u0161njak i 14-godi\u0161njak"},"content":{"rendered":"\n<p>Policija sumnji\u010di dvoje tinejd\u017eera za ubojstvo 15-godi\u0161nje djevojke iz Salzgittera u Donjoj Saskoj.<\/p>\n\n\n\n<p>\u2013 Obdukcijom je ustanovljeno da je djevojka ugu\u0161ena. Osumnji\u010deni su dvojica tinejd\u017eera, jedan ima 13, a drugi 14 godina. Istraga je pokazala kako je izme\u0111u osumnji\u010denih i \u017ertve ve\u0107 du\u017ee vrijeme postojalo neslaganje, rekao je Christian Wolters iz Ureda dr\u017eavnog tu\u017eitelja u Braunschweigu, pi\u0161e <a href=\"https:\/\/fenix-magazin.de\/uzasno-ubojstvo-u-njemackoj-ugusena-15-godisnjakinja-osumnjiceni-13-godisnjak-i-14-godisnjak\/?swcfpc=1\">Fenix<\/a>.<\/p>\n\n\n\n<p>Kako je do\u0161lo do gu\u0161enja, Wolters nije pojasnio.<\/p>\n\n\n\n<p>Istra\u017eitelji pretpostavljaju da je 15-godi\u0161njakinja ubijena u nedjelju.<\/p>\n\n\n\n<p>\u2013 \u017drtva i po\u010dinitelji su se poznavali. \u017divjeli su u istoj gradskoj \u010detvrti i poha\u0111ali su istu \u0161kolu. Prema dosada\u0161njim saznanjima izme\u0111u njih je do\u0161lo do nesuglasica koje su na kraju rezultirale ovakvom situacijom, rekao je Wolters.<\/p>\n\n\n\n<p><br>&nbsp;Tu\u017eitelji vjeruju da su tinejd\u017eeri odlu\u010dili ubiti djevoj\u010dicu zbog tog \u201cneprijateljstva\u201d.<\/p>\n\n\n\n<p><br>&nbsp;\u2013 Zato pretpostavljamo da se radilo o ubojstvu. To zna\u010di da vidimo niske motive i, prema na\u0161im saznanjima, \u010din je bio podmukao. \u017drtva je bila bespomo\u0107na, rekao je Wolters.<\/p>\n\n\n\n<p>Dirk H\u00e4rdrich, \u0161ef odjela za mlade u Salzgitteru, rekao je da je Ured za socijalnu skrb u kontaktu s policijom.<\/p>\n\n\n\n<p><br>&nbsp;Policija je tijelo 15-godi\u0161njakinje otkrila u utorak tijekom intenzivne akcije potrage na zelenoj povr\u0161ini u Fredenbergu, gradskoj \u010detvrti Salzgittera. Mladu djevojku tra\u017eili su od nedjelje.<\/p>\n\n\n\n<p>Izvor:fenix-magazin.de<\/p>\n","protected":false},"excerpt":{"rendered":"<p>Policija sumnji\u010di dvoje tinejd\u017eera za ubojstvo 15-godi\u0161nje djevojke iz Salzgittera u Donjoj Saskoj. \u2013 Obdukcijom je ustanovljeno da je djevojka ugu\u0161ena. Osumnji\u010deni su dvojica tinejd\u017eera, jedan ima 13, a drugi 14 godina. Istraga je pokazala kako je izme\u0111u osumnji\u010denih i \u017ertve ve\u0107 du\u017ee vrijeme postojalo neslaganje, rekao je Christian Wolters iz Ureda dr\u017eavnog tu\u017eitelja u [&hellip;]<\/p>\n","protected":false},"author":2,"featured_media":147303,"comment_status":"closed","ping_status":"closed","sticky":false,"template":"","format":"standard","meta":{"h5ap_radio_sources":[],"footnotes":""},"categories":[1],"tags":[],"class_list":["post-152560","post","type-post","status-publish","format-standard","has-post-thumbnail","hentry","category-bihiregija"],"yoast_head":"<!-- This site is optimized with the Yoast SEO plugin v27.4 - https:\/\/yoast.com\/product\/yoast-seo-wordpress\/ -->\n<title>U\u017easno ubojstvo u Njema\u010dkoj: Ugu\u0161ena 15-godi\u0161njakinja, osumnji\u010deni 13-godi\u0161njak i 14-godi\u0161njak - RADIO LJUBU\u0160KI<\/title>\n<meta name=\"robots\" content=\"index, follow, max-snippet:-1, max-image-preview:large, max-video-preview:-1\" \/>\n<link rel=\"canonical\" href=\"https:\/\/radioljubuski.ba\/index.php\/2022\/06\/23\/uzasno-ubojstvo-u-njemackoj-ugusena-15-godisnjakinja-osumnjiceni-13-godisnjak-i-14-godisnjak\/\" \/>\n<meta property=\"og:locale\" content=\"hr_HR\" \/>\n<meta property=\"og:type\" content=\"article\" \/>\n<meta property=\"og:title\" content=\"U\u017easno ubojstvo u Njema\u010dkoj: Ugu\u0161ena 15-godi\u0161njakinja, osumnji\u010deni 13-godi\u0161njak i 14-godi\u0161njak - RADIO LJUBU\u0160KI\" \/>\n<meta property=\"og:description\" content=\"Policija sumnji\u010di dvoje tinejd\u017eera za ubojstvo 15-godi\u0161nje djevojke iz Salzgittera u Donjoj Saskoj. \u2013 Obdukcijom je ustanovljeno da je djevojka ugu\u0161ena. Osumnji\u010deni su dvojica tinejd\u017eera, jedan ima 13, a drugi 14 godina. Istraga je pokazala kako je izme\u0111u osumnji\u010denih i \u017ertve ve\u0107 du\u017ee vrijeme postojalo neslaganje, rekao je Christian Wolters iz Ureda dr\u017eavnog tu\u017eitelja u [&hellip;]\" \/>\n<meta property=\"og:url\" content=\"https:\/\/radioljubuski.ba\/index.php\/2022\/06\/23\/uzasno-ubojstvo-u-njemackoj-ugusena-15-godisnjakinja-osumnjiceni-13-godisnjak-i-14-godisnjak\/\" \/>\n<meta property=\"og:site_name\" content=\"RADIO LJUBU\u0160KI\" \/>\n<meta property=\"article:publisher\" content=\"https:\/\/www.facebook.com\/Radiio-Ljubuski-1490835324566332\" \/>\n<meta property=\"article:published_time\" content=\"2022-06-23T09:39:49+00:00\" \/>\n<meta property=\"article:modified_time\" content=\"2022-06-23T09:39:51+00:00\" \/>\n<meta property=\"og:image\" content=\"https:\/\/radioljubuski.ba\/wp-content\/uploads\/2022\/06\/8-2022-05-09-12-49-43-HTINA-NJEMACKA.jpg\" \/>\n\t<meta property=\"og:image:width\" content=\"1000\" \/>\n\t<meta property=\"og:image:height\" content=\"625\" \/>\n\t<meta property=\"og:image:type\" content=\"image\/jpeg\" \/>\n<meta name=\"author\" content=\"Radio Ljubu\u0161ki\" \/>\n<meta name=\"twitter:card\" content=\"summary_large_image\" \/>\n<meta name=\"twitter:creator\" content=\"@radioljubuski\" \/>\n<meta name=\"twitter:site\" content=\"@radioljubuski\" \/>\n<meta name=\"twitter:label1\" content=\"Napisao\/la\" \/>\n\t<meta name=\"twitter:data1\" content=\"Radio Ljubu\u0161ki\" \/>\n\t<meta name=\"twitter:label2\" content=\"Procijenjeno vrijeme \u010ditanja\" \/>\n\t<meta name=\"twitter:data2\" content=\"1 minuta\" \/>\n<script type=\"application\/ld+json\" class=\"yoast-schema-graph\">{\"@context\":\"https:\\\/\\\/schema.org\",\"@graph\":[{\"@type\":\"Article\",\"@id\":\"https:\\\/\\\/radioljubuski.ba\\\/index.php\\\/2022\\\/06\\\/23\\\/uzasno-ubojstvo-u-njemackoj-ugusena-15-godisnjakinja-osumnjiceni-13-godisnjak-i-14-godisnjak\\\/#article\",\"isPartOf\":{\"@id\":\"https:\\\/\\\/radioljubuski.ba\\\/index.php\\\/2022\\\/06\\\/23\\\/uzasno-ubojstvo-u-njemackoj-ugusena-15-godisnjakinja-osumnjiceni-13-godisnjak-i-14-godisnjak\\\/\"},\"author\":{\"name\":\"Radio Ljubu\u0161ki\",\"@id\":\"https:\\\/\\\/radioljubuski.ba\\\/#\\\/schema\\\/person\\\/19fc700381a780f69665d7956c469e3b\"},\"headline\":\"U\u017easno ubojstvo u Njema\u010dkoj: Ugu\u0161ena 15-godi\u0161njakinja, osumnji\u010deni 13-godi\u0161njak i 14-godi\u0161njak\",\"datePublished\":\"2022-06-23T09:39:49+00:00\",\"dateModified\":\"2022-06-23T09:39:51+00:00\",\"mainEntityOfPage\":{\"@id\":\"https:\\\/\\\/radioljubuski.ba\\\/index.php\\\/2022\\\/06\\\/23\\\/uzasno-ubojstvo-u-njemackoj-ugusena-15-godisnjakinja-osumnjiceni-13-godisnjak-i-14-godisnjak\\\/\"},\"wordCount\":246,\"publisher\":{\"@id\":\"https:\\\/\\\/radioljubuski.ba\\\/#organization\"},\"image\":{\"@id\":\"https:\\\/\\\/radioljubuski.ba\\\/index.php\\\/2022\\\/06\\\/23\\\/uzasno-ubojstvo-u-njemackoj-ugusena-15-godisnjakinja-osumnjiceni-13-godisnjak-i-14-godisnjak\\\/#primaryimage\"},\"thumbnailUrl\":\"https:\\\/\\\/radioljubuski.ba\\\/wp-content\\\/uploads\\\/2022\\\/06\\\/8-2022-05-09-12-49-43-HTINA-NJEMACKA.jpg\",\"articleSection\":[\"BIH i regija\"],\"inLanguage\":\"hr\"},{\"@type\":\"WebPage\",\"@id\":\"https:\\\/\\\/radioljubuski.ba\\\/index.php\\\/2022\\\/06\\\/23\\\/uzasno-ubojstvo-u-njemackoj-ugusena-15-godisnjakinja-osumnjiceni-13-godisnjak-i-14-godisnjak\\\/\",\"url\":\"https:\\\/\\\/radioljubuski.ba\\\/index.php\\\/2022\\\/06\\\/23\\\/uzasno-ubojstvo-u-njemackoj-ugusena-15-godisnjakinja-osumnjiceni-13-godisnjak-i-14-godisnjak\\\/\",\"name\":\"U\u017easno ubojstvo u Njema\u010dkoj: Ugu\u0161ena 15-godi\u0161njakinja, osumnji\u010deni 13-godi\u0161njak i 14-godi\u0161njak - RADIO LJUBU\u0160KI\",\"isPartOf\":{\"@id\":\"https:\\\/\\\/radioljubuski.ba\\\/#website\"},\"primaryImageOfPage\":{\"@id\":\"https:\\\/\\\/radioljubuski.ba\\\/index.php\\\/2022\\\/06\\\/23\\\/uzasno-ubojstvo-u-njemackoj-ugusena-15-godisnjakinja-osumnjiceni-13-godisnjak-i-14-godisnjak\\\/#primaryimage\"},\"image\":{\"@id\":\"https:\\\/\\\/radioljubuski.ba\\\/index.php\\\/2022\\\/06\\\/23\\\/uzasno-ubojstvo-u-njemackoj-ugusena-15-godisnjakinja-osumnjiceni-13-godisnjak-i-14-godisnjak\\\/#primaryimage\"},\"thumbnailUrl\":\"https:\\\/\\\/radioljubuski.ba\\\/wp-content\\\/uploads\\\/2022\\\/06\\\/8-2022-05-09-12-49-43-HTINA-NJEMACKA.jpg\",\"datePublished\":\"2022-06-23T09:39:49+00:00\",\"dateModified\":\"2022-06-23T09:39:51+00:00\",\"breadcrumb\":{\"@id\":\"https:\\\/\\\/radioljubuski.ba\\\/index.php\\\/2022\\\/06\\\/23\\\/uzasno-ubojstvo-u-njemackoj-ugusena-15-godisnjakinja-osumnjiceni-13-godisnjak-i-14-godisnjak\\\/#breadcrumb\"},\"inLanguage\":\"hr\",\"potentialAction\":[{\"@type\":\"ReadAction\",\"target\":[\"https:\\\/\\\/radioljubuski.ba\\\/index.php\\\/2022\\\/06\\\/23\\\/uzasno-ubojstvo-u-njemackoj-ugusena-15-godisnjakinja-osumnjiceni-13-godisnjak-i-14-godisnjak\\\/\"]}]},{\"@type\":\"ImageObject\",\"inLanguage\":\"hr\",\"@id\":\"https:\\\/\\\/radioljubuski.ba\\\/index.php\\\/2022\\\/06\\\/23\\\/uzasno-ubojstvo-u-njemackoj-ugusena-15-godisnjakinja-osumnjiceni-13-godisnjak-i-14-godisnjak\\\/#primaryimage\",\"url\":\"https:\\\/\\\/radioljubuski.ba\\\/wp-content\\\/uploads\\\/2022\\\/06\\\/8-2022-05-09-12-49-43-HTINA-NJEMACKA.jpg\",\"contentUrl\":\"https:\\\/\\\/radioljubuski.ba\\\/wp-content\\\/uploads\\\/2022\\\/06\\\/8-2022-05-09-12-49-43-HTINA-NJEMACKA.jpg\",\"width\":1000,\"height\":625},{\"@type\":\"BreadcrumbList\",\"@id\":\"https:\\\/\\\/radioljubuski.ba\\\/index.php\\\/2022\\\/06\\\/23\\\/uzasno-ubojstvo-u-njemackoj-ugusena-15-godisnjakinja-osumnjiceni-13-godisnjak-i-14-godisnjak\\\/#breadcrumb\",\"itemListElement\":[{\"@type\":\"ListItem\",\"position\":1,\"name\":\"Po\u010detna stranica\",\"item\":\"https:\\\/\\\/radioljubuski.ba\\\/\"},{\"@type\":\"ListItem\",\"position\":2,\"name\":\"U\u017easno ubojstvo u Njema\u010dkoj: Ugu\u0161ena 15-godi\u0161njakinja, osumnji\u010deni 13-godi\u0161njak i 14-godi\u0161njak\"}]},{\"@type\":\"WebSite\",\"@id\":\"https:\\\/\\\/radioljubuski.ba\\\/#website\",\"url\":\"https:\\\/\\\/radioljubuski.ba\\\/\",\"name\":\"Radio Ljubu\u0161ki\",\"description\":\"Sun\u010dana frekvencija Hercegovine\",\"publisher\":{\"@id\":\"https:\\\/\\\/radioljubuski.ba\\\/#organization\"},\"potentialAction\":[{\"@type\":\"SearchAction\",\"target\":{\"@type\":\"EntryPoint\",\"urlTemplate\":\"https:\\\/\\\/radioljubuski.ba\\\/?s={search_term_string}\"},\"query-input\":{\"@type\":\"PropertyValueSpecification\",\"valueRequired\":true,\"valueName\":\"search_term_string\"}}],\"inLanguage\":\"hr\"},{\"@type\":\"Organization\",\"@id\":\"https:\\\/\\\/radioljubuski.ba\\\/#organization\",\"name\":\"Radio Ljubu\u0161ki\",\"url\":\"https:\\\/\\\/radioljubuski.ba\\\/\",\"logo\":{\"@type\":\"ImageObject\",\"inLanguage\":\"hr\",\"@id\":\"https:\\\/\\\/radioljubuski.ba\\\/#\\\/schema\\\/logo\\\/image\\\/\",\"url\":\"https:\\\/\\\/radioljubuski.ba\\\/wp-content\\\/uploads\\\/2021\\\/02\\\/cropped-Radio_Ljubuski_logo1.jpg\",\"contentUrl\":\"https:\\\/\\\/radioljubuski.ba\\\/wp-content\\\/uploads\\\/2021\\\/02\\\/cropped-Radio_Ljubuski_logo1.jpg\",\"width\":512,\"height\":512,\"caption\":\"Radio Ljubu\u0161ki\"},\"image\":{\"@id\":\"https:\\\/\\\/radioljubuski.ba\\\/#\\\/schema\\\/logo\\\/image\\\/\"},\"sameAs\":[\"https:\\\/\\\/www.facebook.com\\\/Radiio-Ljubuski-1490835324566332\",\"https:\\\/\\\/x.com\\\/radioljubuski\",\"https:\\\/\\\/hr.linkedin.com\\\/company\\\/radio-ljubuski\",\"https:\\\/\\\/www.youtube.com\\\/channel\\\/UCHYaeO_n0Db3tjNGudGpXyw\"]},{\"@type\":\"Person\",\"@id\":\"https:\\\/\\\/radioljubuski.ba\\\/#\\\/schema\\\/person\\\/19fc700381a780f69665d7956c469e3b\",\"name\":\"Radio Ljubu\u0161ki\"}]}<\/script>\n<!-- \/ Yoast SEO plugin. -->","yoast_head_json":{"title":"U\u017easno ubojstvo u Njema\u010dkoj: Ugu\u0161ena 15-godi\u0161njakinja, osumnji\u010deni 13-godi\u0161njak i 14-godi\u0161njak - RADIO LJUBU\u0160KI","robots":{"index":"index","follow":"follow","max-snippet":"max-snippet:-1","max-image-preview":"max-image-preview:large","max-video-preview":"max-video-preview:-1"},"canonical":"https:\/\/radioljubuski.ba\/index.php\/2022\/06\/23\/uzasno-ubojstvo-u-njemackoj-ugusena-15-godisnjakinja-osumnjiceni-13-godisnjak-i-14-godisnjak\/","og_locale":"hr_HR","og_type":"article","og_title":"U\u017easno ubojstvo u Njema\u010dkoj: Ugu\u0161ena 15-godi\u0161njakinja, osumnji\u010deni 13-godi\u0161njak i 14-godi\u0161njak - RADIO LJUBU\u0160KI","og_description":"Policija sumnji\u010di dvoje tinejd\u017eera za ubojstvo 15-godi\u0161nje djevojke iz Salzgittera u Donjoj Saskoj. \u2013 Obdukcijom je ustanovljeno da je djevojka ugu\u0161ena. Osumnji\u010deni su dvojica tinejd\u017eera, jedan ima 13, a drugi 14 godina. Istraga je pokazala kako je izme\u0111u osumnji\u010denih i \u017ertve ve\u0107 du\u017ee vrijeme postojalo neslaganje, rekao je Christian Wolters iz Ureda dr\u017eavnog tu\u017eitelja u [&hellip;]","og_url":"https:\/\/radioljubuski.ba\/index.php\/2022\/06\/23\/uzasno-ubojstvo-u-njemackoj-ugusena-15-godisnjakinja-osumnjiceni-13-godisnjak-i-14-godisnjak\/","og_site_name":"RADIO LJUBU\u0160KI","article_publisher":"https:\/\/www.facebook.com\/Radiio-Ljubuski-1490835324566332","article_published_time":"2022-06-23T09:39:49+00:00","article_modified_time":"2022-06-23T09:39:51+00:00","og_image":[{"width":1000,"height":625,"url":"https:\/\/radioljubuski.ba\/wp-content\/uploads\/2022\/06\/8-2022-05-09-12-49-43-HTINA-NJEMACKA.jpg","type":"image\/jpeg"}],"author":"Radio Ljubu\u0161ki","twitter_card":"summary_large_image","twitter_creator":"@radioljubuski","twitter_site":"@radioljubuski","twitter_misc":{"Napisao\/la":"Radio Ljubu\u0161ki","Procijenjeno vrijeme \u010ditanja":"1 minuta"},"schema":{"@context":"https:\/\/schema.org","@graph":[{"@type":"Article","@id":"https:\/\/radioljubuski.ba\/index.php\/2022\/06\/23\/uzasno-ubojstvo-u-njemackoj-ugusena-15-godisnjakinja-osumnjiceni-13-godisnjak-i-14-godisnjak\/#article","isPartOf":{"@id":"https:\/\/radioljubuski.ba\/index.php\/2022\/06\/23\/uzasno-ubojstvo-u-njemackoj-ugusena-15-godisnjakinja-osumnjiceni-13-godisnjak-i-14-godisnjak\/"},"author":{"name":"Radio Ljubu\u0161ki","@id":"https:\/\/radioljubuski.ba\/#\/schema\/person\/19fc700381a780f69665d7956c469e3b"},"headline":"U\u017easno ubojstvo u Njema\u010dkoj: Ugu\u0161ena 15-godi\u0161njakinja, osumnji\u010deni 13-godi\u0161njak i 14-godi\u0161njak","datePublished":"2022-06-23T09:39:49+00:00","dateModified":"2022-06-23T09:39:51+00:00","mainEntityOfPage":{"@id":"https:\/\/radioljubuski.ba\/index.php\/2022\/06\/23\/uzasno-ubojstvo-u-njemackoj-ugusena-15-godisnjakinja-osumnjiceni-13-godisnjak-i-14-godisnjak\/"},"wordCount":246,"publisher":{"@id":"https:\/\/radioljubuski.ba\/#organization"},"image":{"@id":"https:\/\/radioljubuski.ba\/index.php\/2022\/06\/23\/uzasno-ubojstvo-u-njemackoj-ugusena-15-godisnjakinja-osumnjiceni-13-godisnjak-i-14-godisnjak\/#primaryimage"},"thumbnailUrl":"https:\/\/radioljubuski.ba\/wp-content\/uploads\/2022\/06\/8-2022-05-09-12-49-43-HTINA-NJEMACKA.jpg","articleSection":["BIH i regija"],"inLanguage":"hr"},{"@type":"WebPage","@id":"https:\/\/radioljubuski.ba\/index.php\/2022\/06\/23\/uzasno-ubojstvo-u-njemackoj-ugusena-15-godisnjakinja-osumnjiceni-13-godisnjak-i-14-godisnjak\/","url":"https:\/\/radioljubuski.ba\/index.php\/2022\/06\/23\/uzasno-ubojstvo-u-njemackoj-ugusena-15-godisnjakinja-osumnjiceni-13-godisnjak-i-14-godisnjak\/","name":"U\u017easno ubojstvo u Njema\u010dkoj: Ugu\u0161ena 15-godi\u0161njakinja, osumnji\u010deni 13-godi\u0161njak i 14-godi\u0161njak - RADIO LJUBU\u0160KI","isPartOf":{"@id":"https:\/\/radioljubuski.ba\/#website"},"primaryImageOfPage":{"@id":"https:\/\/radioljubuski.ba\/index.php\/2022\/06\/23\/uzasno-ubojstvo-u-njemackoj-ugusena-15-godisnjakinja-osumnjiceni-13-godisnjak-i-14-godisnjak\/#primaryimage"},"image":{"@id":"https:\/\/radioljubuski.ba\/index.php\/2022\/06\/23\/uzasno-ubojstvo-u-njemackoj-ugusena-15-godisnjakinja-osumnjiceni-13-godisnjak-i-14-godisnjak\/#primaryimage"},"thumbnailUrl":"https:\/\/radioljubuski.ba\/wp-content\/uploads\/2022\/06\/8-2022-05-09-12-49-43-HTINA-NJEMACKA.jpg","datePublished":"2022-06-23T09:39:49+00:00","dateModified":"2022-06-23T09:39:51+00:00","breadcrumb":{"@id":"https:\/\/radioljubuski.ba\/index.php\/2022\/06\/23\/uzasno-ubojstvo-u-njemackoj-ugusena-15-godisnjakinja-osumnjiceni-13-godisnjak-i-14-godisnjak\/#breadcrumb"},"inLanguage":"hr","potentialAction":[{"@type":"ReadAction","target":["https:\/\/radioljubuski.ba\/index.php\/2022\/06\/23\/uzasno-ubojstvo-u-njemackoj-ugusena-15-godisnjakinja-osumnjiceni-13-godisnjak-i-14-godisnjak\/"]}]},{"@type":"ImageObject","inLanguage":"hr","@id":"https:\/\/radioljubuski.ba\/index.php\/2022\/06\/23\/uzasno-ubojstvo-u-njemackoj-ugusena-15-godisnjakinja-osumnjiceni-13-godisnjak-i-14-godisnjak\/#primaryimage","url":"https:\/\/radioljubuski.ba\/wp-content\/uploads\/2022\/06\/8-2022-05-09-12-49-43-HTINA-NJEMACKA.jpg","contentUrl":"https:\/\/radioljubuski.ba\/wp-content\/uploads\/2022\/06\/8-2022-05-09-12-49-43-HTINA-NJEMACKA.jpg","width":1000,"height":625},{"@type":"BreadcrumbList","@id":"https:\/\/radioljubuski.ba\/index.php\/2022\/06\/23\/uzasno-ubojstvo-u-njemackoj-ugusena-15-godisnjakinja-osumnjiceni-13-godisnjak-i-14-godisnjak\/#breadcrumb","itemListElement":[{"@type":"ListItem","position":1,"name":"Po\u010detna stranica","item":"https:\/\/radioljubuski.ba\/"},{"@type":"ListItem","position":2,"name":"U\u017easno ubojstvo u Njema\u010dkoj: Ugu\u0161ena 15-godi\u0161njakinja, osumnji\u010deni 13-godi\u0161njak i 14-godi\u0161njak"}]},{"@type":"WebSite","@id":"https:\/\/radioljubuski.ba\/#website","url":"https:\/\/radioljubuski.ba\/","name":"Radio Ljubu\u0161ki","description":"Sun\u010dana frekvencija Hercegovine","publisher":{"@id":"https:\/\/radioljubuski.ba\/#organization"},"potentialAction":[{"@type":"SearchAction","target":{"@type":"EntryPoint","urlTemplate":"https:\/\/radioljubuski.ba\/?s={search_term_string}"},"query-input":{"@type":"PropertyValueSpecification","valueRequired":true,"valueName":"search_term_string"}}],"inLanguage":"hr"},{"@type":"Organization","@id":"https:\/\/radioljubuski.ba\/#organization","name":"Radio Ljubu\u0161ki","url":"https:\/\/radioljubuski.ba\/","logo":{"@type":"ImageObject","inLanguage":"hr","@id":"https:\/\/radioljubuski.ba\/#\/schema\/logo\/image\/","url":"https:\/\/radioljubuski.ba\/wp-content\/uploads\/2021\/02\/cropped-Radio_Ljubuski_logo1.jpg","contentUrl":"https:\/\/radioljubuski.ba\/wp-content\/uploads\/2021\/02\/cropped-Radio_Ljubuski_logo1.jpg","width":512,"height":512,"caption":"Radio Ljubu\u0161ki"},"image":{"@id":"https:\/\/radioljubuski.ba\/#\/schema\/logo\/image\/"},"sameAs":["https:\/\/www.facebook.com\/Radiio-Ljubuski-1490835324566332","https:\/\/x.com\/radioljubuski","https:\/\/hr.linkedin.com\/company\/radio-ljubuski","https:\/\/www.youtube.com\/channel\/UCHYaeO_n0Db3tjNGudGpXyw"]},{"@type":"Person","@id":"https:\/\/radioljubuski.ba\/#\/schema\/person\/19fc700381a780f69665d7956c469e3b","name":"Radio Ljubu\u0161ki"}]}},"_links":{"self":[{"href":"https:\/\/radioljubuski.ba\/index.php\/wp-json\/wp\/v2\/posts\/152560","targetHints":{"allow":["GET"]}}],"collection":[{"href":"https:\/\/radioljubuski.ba\/index.php\/wp-json\/wp\/v2\/posts"}],"about":[{"href":"https:\/\/radioljubuski.ba\/index.php\/wp-json\/wp\/v2\/types\/post"}],"author":[{"embeddable":true,"href":"https:\/\/radioljubuski.ba\/index.php\/wp-json\/wp\/v2\/users\/2"}],"replies":[{"embeddable":true,"href":"https:\/\/radioljubuski.ba\/index.php\/wp-json\/wp\/v2\/comments?post=152560"}],"version-history":[{"count":1,"href":"https:\/\/radioljubuski.ba\/index.php\/wp-json\/wp\/v2\/posts\/152560\/revisions"}],"predecessor-version":[{"id":152561,"href":"https:\/\/radioljubuski.ba\/index.php\/wp-json\/wp\/v2\/posts\/152560\/revisions\/152561"}],"wp:featuredmedia":[{"embeddable":true,"href":"https:\/\/radioljubuski.ba\/index.php\/wp-json\/wp\/v2\/media\/147303"}],"wp:attachment":[{"href":"https:\/\/radioljubuski.ba\/index.php\/wp-json\/wp\/v2\/media?parent=152560"}],"wp:term":[{"taxonomy":"category","embeddable":true,"href":"https:\/\/radioljubuski.ba\/index.php\/wp-json\/wp\/v2\/categories?post=152560"},{"taxonomy":"post_tag","embeddable":true,"href":"https:\/\/radioljubuski.ba\/index.php\/wp-json\/wp\/v2\/tags?post=152560"}],"curies":[{"name":"wp","href":"https:\/\/api.w.org\/{rel}","templated":true}]}}