{"id":152570,"date":"2022-06-23T10:46:33","date_gmt":"2022-06-23T09:46:33","guid":{"rendered":"https:\/\/radioljubuski.ba\/?p=152570"},"modified":"2022-06-23T10:46:34","modified_gmt":"2022-06-23T09:46:34","slug":"zelenskij-o-statusu-zemlje-kandidata-za-eu-to-je-nase-svjetlo-na-kraju-tunela","status":"publish","type":"post","link":"https:\/\/radioljubuski.ba\/index.php\/2022\/06\/23\/zelenskij-o-statusu-zemlje-kandidata-za-eu-to-je-nase-svjetlo-na-kraju-tunela\/","title":{"rendered":"Zelenskij o statusu zemlje kandidata za EU: To je na\u0161e svjetlo na kraju tunela"},"content":{"rendered":"\n<p>Ukrajinski predsjednik Volodimir Zelenskij danas je pozdravio o\u010dekivanu ponudu Europske unije statusa kandidata za svoju ratom pogo\u0111enu zemlju dok su ruske snage ga\u0111ale drugi najve\u0107i grad Ukrajine Harkiv i isto\u010dni Donbas.<\/p>\n\n\n\n<p>Europski \u010delnici&nbsp;\u0107e na sastanku u Bruxellesu sutra formalno zapo\u010deti dugi put Ukrajine ka \u010dlanstvu u EU. Iako simboli\u010dan, ovaj potez&nbsp;pomo\u0107i \u0107e u podizanju morala ove dr\u017eave u kojoj je u zadnja&nbsp;\u010detiri mjeseca ubijeno na tisu\u0107e ljudi, milijuni su razmje\u0161teni, a mnogi gradovi su sravnjeni sa zemljom.<\/p>\n\n\n\n<p>&#8220;Ovo je na\u0161e svjetlo na kraju tunela&#8221;<\/p>\n\n\n\n<p>Rat je imao velik utjecaj na svjetsko gospodarstvo, ali i na sigurnost Europe zbog porasta cijena plina, nafte i hrane. Europska unija zbog rata je odlu\u010dila smanjiti ovisnost o ruskim energentima, a \u0160vedska i Finska zatra\u017eile su \u010dlanstvo u NATO-u.<\/p>\n\n\n\n<p>\u201eVjerujem da \u0107e svih 27 zemalja \u010dlanica Europske unije poduprijeti na\u0161 status kandidata\u201c, kazao je Zelenskij u\u010denicima Munk \u0161kole za globalne poslove i javnu politiku u Torontu.<\/p>\n\n\n\n<p>\u201eOvo je na\u0161e svijetlo na kraju tunela&#8221;, dodao je.<\/p>\n\n\n\n<p>Rusi danas ubili 20 ljudi u Harkivu, traju \u017eestoke borbe za Severodonjeck&nbsp;<\/p>\n\n\n\n<p>No, Zelenskij se za sada suo\u010dava s&nbsp;ve\u0107im problemima od zadovoljenja&nbsp;standarda Unije vezanih uz korupciju i reformu dr\u017eavne administracije, s obzirom na to da njegovim vojnim snagama zbog \u017eestokih borbi u Donbasu ponestaje streljiva.<\/p>\n\n\n\n<p>Ruske vojne snage granatirale su danas drugi najve\u0107i grad&nbsp;Ukrajine Harkiv i okolicu i pritom ubile najmanje dvadeset ljudi, \u0161to je, po&nbsp;Kijevu, poku\u0161aj da ih natjeraju na povla\u010denje snaga s glavnog boji\u0161ta zbog za\u0161tite civila.<\/p>\n\n\n\n<p>Iz Rusije tvrde da su na glavnoj boji\u0161nici u Severodonjecku ukrajinske snage opkoljene od pro\u0161log tjedna, ali iz snimaka neovisnog novinara jasno je da bitka jo\u0161 nije zavr\u0161ena jer ukrajinskim trupama poja\u010danja jo\u0161 pristi\u017eu gumenjacima preko rijeke.<\/p>\n\n\n\n<p>Izvor:index.hr<\/p>\n","protected":false},"excerpt":{"rendered":"<p>Ukrajinski predsjednik Volodimir Zelenskij danas je pozdravio o\u010dekivanu ponudu Europske unije statusa kandidata za svoju ratom pogo\u0111enu zemlju dok su ruske snage ga\u0111ale drugi najve\u0107i grad Ukrajine Harkiv i isto\u010dni Donbas. Europski \u010delnici&nbsp;\u0107e na sastanku u Bruxellesu sutra formalno zapo\u010deti dugi put Ukrajine ka \u010dlanstvu u EU. Iako simboli\u010dan, ovaj potez&nbsp;pomo\u0107i \u0107e u podizanju morala [&hellip;]<\/p>\n","protected":false},"author":2,"featured_media":116726,"comment_status":"closed","ping_status":"closed","sticky":false,"template":"","format":"standard","meta":{"h5ap_radio_sources":[],"footnotes":""},"categories":[1],"tags":[],"class_list":["post-152570","post","type-post","status-publish","format-standard","has-post-thumbnail","hentry","category-bihiregija"],"yoast_head":"<!-- This site is optimized with the Yoast SEO plugin v27.4 - https:\/\/yoast.com\/product\/yoast-seo-wordpress\/ -->\n<title>Zelenskij o statusu zemlje kandidata za EU: To je na\u0161e svjetlo na kraju tunela - RADIO LJUBU\u0160KI<\/title>\n<meta name=\"robots\" content=\"index, follow, max-snippet:-1, max-image-preview:large, max-video-preview:-1\" \/>\n<link rel=\"canonical\" href=\"https:\/\/radioljubuski.ba\/index.php\/2022\/06\/23\/zelenskij-o-statusu-zemlje-kandidata-za-eu-to-je-nase-svjetlo-na-kraju-tunela\/\" \/>\n<meta property=\"og:locale\" content=\"hr_HR\" \/>\n<meta property=\"og:type\" content=\"article\" \/>\n<meta property=\"og:title\" content=\"Zelenskij o statusu zemlje kandidata za EU: To je na\u0161e svjetlo na kraju tunela - RADIO LJUBU\u0160KI\" \/>\n<meta property=\"og:description\" content=\"Ukrajinski predsjednik Volodimir Zelenskij danas je pozdravio o\u010dekivanu ponudu Europske unije statusa kandidata za svoju ratom pogo\u0111enu zemlju dok su ruske snage ga\u0111ale drugi najve\u0107i grad Ukrajine Harkiv i isto\u010dni Donbas. Europski \u010delnici&nbsp;\u0107e na sastanku u Bruxellesu sutra formalno zapo\u010deti dugi put Ukrajine ka \u010dlanstvu u EU. Iako simboli\u010dan, ovaj potez&nbsp;pomo\u0107i \u0107e u podizanju morala [&hellip;]\" \/>\n<meta property=\"og:url\" content=\"https:\/\/radioljubuski.ba\/index.php\/2022\/06\/23\/zelenskij-o-statusu-zemlje-kandidata-za-eu-to-je-nase-svjetlo-na-kraju-tunela\/\" \/>\n<meta property=\"og:site_name\" content=\"RADIO LJUBU\u0160KI\" \/>\n<meta property=\"article:publisher\" content=\"https:\/\/www.facebook.com\/Radiio-Ljubuski-1490835324566332\" \/>\n<meta property=\"article:published_time\" content=\"2022-06-23T09:46:33+00:00\" \/>\n<meta property=\"article:modified_time\" content=\"2022-06-23T09:46:34+00:00\" \/>\n<meta property=\"og:image\" content=\"https:\/\/radioljubuski.ba\/wp-content\/uploads\/2022\/02\/8-2022-02-26-12-39-43-ZELENSKI-VOLODOMIR.png\" \/>\n\t<meta property=\"og:image:width\" content=\"1000\" \/>\n\t<meta property=\"og:image:height\" content=\"625\" \/>\n\t<meta property=\"og:image:type\" content=\"image\/png\" \/>\n<meta name=\"author\" content=\"Radio Ljubu\u0161ki\" \/>\n<meta name=\"twitter:card\" content=\"summary_large_image\" \/>\n<meta name=\"twitter:creator\" content=\"@radioljubuski\" \/>\n<meta name=\"twitter:site\" content=\"@radioljubuski\" \/>\n<meta name=\"twitter:label1\" content=\"Napisao\/la\" \/>\n\t<meta name=\"twitter:data1\" content=\"Radio Ljubu\u0161ki\" \/>\n\t<meta name=\"twitter:label2\" content=\"Procijenjeno vrijeme \u010ditanja\" \/>\n\t<meta name=\"twitter:data2\" content=\"2 minute\" \/>\n<script type=\"application\/ld+json\" class=\"yoast-schema-graph\">{\"@context\":\"https:\\\/\\\/schema.org\",\"@graph\":[{\"@type\":\"Article\",\"@id\":\"https:\\\/\\\/radioljubuski.ba\\\/index.php\\\/2022\\\/06\\\/23\\\/zelenskij-o-statusu-zemlje-kandidata-za-eu-to-je-nase-svjetlo-na-kraju-tunela\\\/#article\",\"isPartOf\":{\"@id\":\"https:\\\/\\\/radioljubuski.ba\\\/index.php\\\/2022\\\/06\\\/23\\\/zelenskij-o-statusu-zemlje-kandidata-za-eu-to-je-nase-svjetlo-na-kraju-tunela\\\/\"},\"author\":{\"name\":\"Radio Ljubu\u0161ki\",\"@id\":\"https:\\\/\\\/radioljubuski.ba\\\/#\\\/schema\\\/person\\\/19fc700381a780f69665d7956c469e3b\"},\"headline\":\"Zelenskij o statusu zemlje kandidata za EU: To je na\u0161e svjetlo na kraju tunela\",\"datePublished\":\"2022-06-23T09:46:33+00:00\",\"dateModified\":\"2022-06-23T09:46:34+00:00\",\"mainEntityOfPage\":{\"@id\":\"https:\\\/\\\/radioljubuski.ba\\\/index.php\\\/2022\\\/06\\\/23\\\/zelenskij-o-statusu-zemlje-kandidata-za-eu-to-je-nase-svjetlo-na-kraju-tunela\\\/\"},\"wordCount\":336,\"publisher\":{\"@id\":\"https:\\\/\\\/radioljubuski.ba\\\/#organization\"},\"image\":{\"@id\":\"https:\\\/\\\/radioljubuski.ba\\\/index.php\\\/2022\\\/06\\\/23\\\/zelenskij-o-statusu-zemlje-kandidata-za-eu-to-je-nase-svjetlo-na-kraju-tunela\\\/#primaryimage\"},\"thumbnailUrl\":\"https:\\\/\\\/radioljubuski.ba\\\/wp-content\\\/uploads\\\/2022\\\/02\\\/8-2022-02-26-12-39-43-ZELENSKI-VOLODOMIR.png\",\"articleSection\":[\"BIH i regija\"],\"inLanguage\":\"hr\"},{\"@type\":\"WebPage\",\"@id\":\"https:\\\/\\\/radioljubuski.ba\\\/index.php\\\/2022\\\/06\\\/23\\\/zelenskij-o-statusu-zemlje-kandidata-za-eu-to-je-nase-svjetlo-na-kraju-tunela\\\/\",\"url\":\"https:\\\/\\\/radioljubuski.ba\\\/index.php\\\/2022\\\/06\\\/23\\\/zelenskij-o-statusu-zemlje-kandidata-za-eu-to-je-nase-svjetlo-na-kraju-tunela\\\/\",\"name\":\"Zelenskij o statusu zemlje kandidata za EU: To je na\u0161e svjetlo na kraju tunela - RADIO LJUBU\u0160KI\",\"isPartOf\":{\"@id\":\"https:\\\/\\\/radioljubuski.ba\\\/#website\"},\"primaryImageOfPage\":{\"@id\":\"https:\\\/\\\/radioljubuski.ba\\\/index.php\\\/2022\\\/06\\\/23\\\/zelenskij-o-statusu-zemlje-kandidata-za-eu-to-je-nase-svjetlo-na-kraju-tunela\\\/#primaryimage\"},\"image\":{\"@id\":\"https:\\\/\\\/radioljubuski.ba\\\/index.php\\\/2022\\\/06\\\/23\\\/zelenskij-o-statusu-zemlje-kandidata-za-eu-to-je-nase-svjetlo-na-kraju-tunela\\\/#primaryimage\"},\"thumbnailUrl\":\"https:\\\/\\\/radioljubuski.ba\\\/wp-content\\\/uploads\\\/2022\\\/02\\\/8-2022-02-26-12-39-43-ZELENSKI-VOLODOMIR.png\",\"datePublished\":\"2022-06-23T09:46:33+00:00\",\"dateModified\":\"2022-06-23T09:46:34+00:00\",\"breadcrumb\":{\"@id\":\"https:\\\/\\\/radioljubuski.ba\\\/index.php\\\/2022\\\/06\\\/23\\\/zelenskij-o-statusu-zemlje-kandidata-za-eu-to-je-nase-svjetlo-na-kraju-tunela\\\/#breadcrumb\"},\"inLanguage\":\"hr\",\"potentialAction\":[{\"@type\":\"ReadAction\",\"target\":[\"https:\\\/\\\/radioljubuski.ba\\\/index.php\\\/2022\\\/06\\\/23\\\/zelenskij-o-statusu-zemlje-kandidata-za-eu-to-je-nase-svjetlo-na-kraju-tunela\\\/\"]}]},{\"@type\":\"ImageObject\",\"inLanguage\":\"hr\",\"@id\":\"https:\\\/\\\/radioljubuski.ba\\\/index.php\\\/2022\\\/06\\\/23\\\/zelenskij-o-statusu-zemlje-kandidata-za-eu-to-je-nase-svjetlo-na-kraju-tunela\\\/#primaryimage\",\"url\":\"https:\\\/\\\/radioljubuski.ba\\\/wp-content\\\/uploads\\\/2022\\\/02\\\/8-2022-02-26-12-39-43-ZELENSKI-VOLODOMIR.png\",\"contentUrl\":\"https:\\\/\\\/radioljubuski.ba\\\/wp-content\\\/uploads\\\/2022\\\/02\\\/8-2022-02-26-12-39-43-ZELENSKI-VOLODOMIR.png\",\"width\":1000,\"height\":625},{\"@type\":\"BreadcrumbList\",\"@id\":\"https:\\\/\\\/radioljubuski.ba\\\/index.php\\\/2022\\\/06\\\/23\\\/zelenskij-o-statusu-zemlje-kandidata-za-eu-to-je-nase-svjetlo-na-kraju-tunela\\\/#breadcrumb\",\"itemListElement\":[{\"@type\":\"ListItem\",\"position\":1,\"name\":\"Po\u010detna stranica\",\"item\":\"https:\\\/\\\/radioljubuski.ba\\\/\"},{\"@type\":\"ListItem\",\"position\":2,\"name\":\"Zelenskij o statusu zemlje kandidata za EU: To je na\u0161e svjetlo na kraju tunela\"}]},{\"@type\":\"WebSite\",\"@id\":\"https:\\\/\\\/radioljubuski.ba\\\/#website\",\"url\":\"https:\\\/\\\/radioljubuski.ba\\\/\",\"name\":\"Radio Ljubu\u0161ki\",\"description\":\"Sun\u010dana frekvencija Hercegovine\",\"publisher\":{\"@id\":\"https:\\\/\\\/radioljubuski.ba\\\/#organization\"},\"potentialAction\":[{\"@type\":\"SearchAction\",\"target\":{\"@type\":\"EntryPoint\",\"urlTemplate\":\"https:\\\/\\\/radioljubuski.ba\\\/?s={search_term_string}\"},\"query-input\":{\"@type\":\"PropertyValueSpecification\",\"valueRequired\":true,\"valueName\":\"search_term_string\"}}],\"inLanguage\":\"hr\"},{\"@type\":\"Organization\",\"@id\":\"https:\\\/\\\/radioljubuski.ba\\\/#organization\",\"name\":\"Radio Ljubu\u0161ki\",\"url\":\"https:\\\/\\\/radioljubuski.ba\\\/\",\"logo\":{\"@type\":\"ImageObject\",\"inLanguage\":\"hr\",\"@id\":\"https:\\\/\\\/radioljubuski.ba\\\/#\\\/schema\\\/logo\\\/image\\\/\",\"url\":\"https:\\\/\\\/radioljubuski.ba\\\/wp-content\\\/uploads\\\/2021\\\/02\\\/cropped-Radio_Ljubuski_logo1.jpg\",\"contentUrl\":\"https:\\\/\\\/radioljubuski.ba\\\/wp-content\\\/uploads\\\/2021\\\/02\\\/cropped-Radio_Ljubuski_logo1.jpg\",\"width\":512,\"height\":512,\"caption\":\"Radio Ljubu\u0161ki\"},\"image\":{\"@id\":\"https:\\\/\\\/radioljubuski.ba\\\/#\\\/schema\\\/logo\\\/image\\\/\"},\"sameAs\":[\"https:\\\/\\\/www.facebook.com\\\/Radiio-Ljubuski-1490835324566332\",\"https:\\\/\\\/x.com\\\/radioljubuski\",\"https:\\\/\\\/hr.linkedin.com\\\/company\\\/radio-ljubuski\",\"https:\\\/\\\/www.youtube.com\\\/channel\\\/UCHYaeO_n0Db3tjNGudGpXyw\"]},{\"@type\":\"Person\",\"@id\":\"https:\\\/\\\/radioljubuski.ba\\\/#\\\/schema\\\/person\\\/19fc700381a780f69665d7956c469e3b\",\"name\":\"Radio Ljubu\u0161ki\"}]}<\/script>\n<!-- \/ Yoast SEO plugin. -->","yoast_head_json":{"title":"Zelenskij o statusu zemlje kandidata za EU: To je na\u0161e svjetlo na kraju tunela - RADIO LJUBU\u0160KI","robots":{"index":"index","follow":"follow","max-snippet":"max-snippet:-1","max-image-preview":"max-image-preview:large","max-video-preview":"max-video-preview:-1"},"canonical":"https:\/\/radioljubuski.ba\/index.php\/2022\/06\/23\/zelenskij-o-statusu-zemlje-kandidata-za-eu-to-je-nase-svjetlo-na-kraju-tunela\/","og_locale":"hr_HR","og_type":"article","og_title":"Zelenskij o statusu zemlje kandidata za EU: To je na\u0161e svjetlo na kraju tunela - RADIO LJUBU\u0160KI","og_description":"Ukrajinski predsjednik Volodimir Zelenskij danas je pozdravio o\u010dekivanu ponudu Europske unije statusa kandidata za svoju ratom pogo\u0111enu zemlju dok su ruske snage ga\u0111ale drugi najve\u0107i grad Ukrajine Harkiv i isto\u010dni Donbas. Europski \u010delnici&nbsp;\u0107e na sastanku u Bruxellesu sutra formalno zapo\u010deti dugi put Ukrajine ka \u010dlanstvu u EU. Iako simboli\u010dan, ovaj potez&nbsp;pomo\u0107i \u0107e u podizanju morala [&hellip;]","og_url":"https:\/\/radioljubuski.ba\/index.php\/2022\/06\/23\/zelenskij-o-statusu-zemlje-kandidata-za-eu-to-je-nase-svjetlo-na-kraju-tunela\/","og_site_name":"RADIO LJUBU\u0160KI","article_publisher":"https:\/\/www.facebook.com\/Radiio-Ljubuski-1490835324566332","article_published_time":"2022-06-23T09:46:33+00:00","article_modified_time":"2022-06-23T09:46:34+00:00","og_image":[{"width":1000,"height":625,"url":"https:\/\/radioljubuski.ba\/wp-content\/uploads\/2022\/02\/8-2022-02-26-12-39-43-ZELENSKI-VOLODOMIR.png","type":"image\/png"}],"author":"Radio Ljubu\u0161ki","twitter_card":"summary_large_image","twitter_creator":"@radioljubuski","twitter_site":"@radioljubuski","twitter_misc":{"Napisao\/la":"Radio Ljubu\u0161ki","Procijenjeno vrijeme \u010ditanja":"2 minute"},"schema":{"@context":"https:\/\/schema.org","@graph":[{"@type":"Article","@id":"https:\/\/radioljubuski.ba\/index.php\/2022\/06\/23\/zelenskij-o-statusu-zemlje-kandidata-za-eu-to-je-nase-svjetlo-na-kraju-tunela\/#article","isPartOf":{"@id":"https:\/\/radioljubuski.ba\/index.php\/2022\/06\/23\/zelenskij-o-statusu-zemlje-kandidata-za-eu-to-je-nase-svjetlo-na-kraju-tunela\/"},"author":{"name":"Radio Ljubu\u0161ki","@id":"https:\/\/radioljubuski.ba\/#\/schema\/person\/19fc700381a780f69665d7956c469e3b"},"headline":"Zelenskij o statusu zemlje kandidata za EU: To je na\u0161e svjetlo na kraju tunela","datePublished":"2022-06-23T09:46:33+00:00","dateModified":"2022-06-23T09:46:34+00:00","mainEntityOfPage":{"@id":"https:\/\/radioljubuski.ba\/index.php\/2022\/06\/23\/zelenskij-o-statusu-zemlje-kandidata-za-eu-to-je-nase-svjetlo-na-kraju-tunela\/"},"wordCount":336,"publisher":{"@id":"https:\/\/radioljubuski.ba\/#organization"},"image":{"@id":"https:\/\/radioljubuski.ba\/index.php\/2022\/06\/23\/zelenskij-o-statusu-zemlje-kandidata-za-eu-to-je-nase-svjetlo-na-kraju-tunela\/#primaryimage"},"thumbnailUrl":"https:\/\/radioljubuski.ba\/wp-content\/uploads\/2022\/02\/8-2022-02-26-12-39-43-ZELENSKI-VOLODOMIR.png","articleSection":["BIH i regija"],"inLanguage":"hr"},{"@type":"WebPage","@id":"https:\/\/radioljubuski.ba\/index.php\/2022\/06\/23\/zelenskij-o-statusu-zemlje-kandidata-za-eu-to-je-nase-svjetlo-na-kraju-tunela\/","url":"https:\/\/radioljubuski.ba\/index.php\/2022\/06\/23\/zelenskij-o-statusu-zemlje-kandidata-za-eu-to-je-nase-svjetlo-na-kraju-tunela\/","name":"Zelenskij o statusu zemlje kandidata za EU: To je na\u0161e svjetlo na kraju tunela - RADIO LJUBU\u0160KI","isPartOf":{"@id":"https:\/\/radioljubuski.ba\/#website"},"primaryImageOfPage":{"@id":"https:\/\/radioljubuski.ba\/index.php\/2022\/06\/23\/zelenskij-o-statusu-zemlje-kandidata-za-eu-to-je-nase-svjetlo-na-kraju-tunela\/#primaryimage"},"image":{"@id":"https:\/\/radioljubuski.ba\/index.php\/2022\/06\/23\/zelenskij-o-statusu-zemlje-kandidata-za-eu-to-je-nase-svjetlo-na-kraju-tunela\/#primaryimage"},"thumbnailUrl":"https:\/\/radioljubuski.ba\/wp-content\/uploads\/2022\/02\/8-2022-02-26-12-39-43-ZELENSKI-VOLODOMIR.png","datePublished":"2022-06-23T09:46:33+00:00","dateModified":"2022-06-23T09:46:34+00:00","breadcrumb":{"@id":"https:\/\/radioljubuski.ba\/index.php\/2022\/06\/23\/zelenskij-o-statusu-zemlje-kandidata-za-eu-to-je-nase-svjetlo-na-kraju-tunela\/#breadcrumb"},"inLanguage":"hr","potentialAction":[{"@type":"ReadAction","target":["https:\/\/radioljubuski.ba\/index.php\/2022\/06\/23\/zelenskij-o-statusu-zemlje-kandidata-za-eu-to-je-nase-svjetlo-na-kraju-tunela\/"]}]},{"@type":"ImageObject","inLanguage":"hr","@id":"https:\/\/radioljubuski.ba\/index.php\/2022\/06\/23\/zelenskij-o-statusu-zemlje-kandidata-za-eu-to-je-nase-svjetlo-na-kraju-tunela\/#primaryimage","url":"https:\/\/radioljubuski.ba\/wp-content\/uploads\/2022\/02\/8-2022-02-26-12-39-43-ZELENSKI-VOLODOMIR.png","contentUrl":"https:\/\/radioljubuski.ba\/wp-content\/uploads\/2022\/02\/8-2022-02-26-12-39-43-ZELENSKI-VOLODOMIR.png","width":1000,"height":625},{"@type":"BreadcrumbList","@id":"https:\/\/radioljubuski.ba\/index.php\/2022\/06\/23\/zelenskij-o-statusu-zemlje-kandidata-za-eu-to-je-nase-svjetlo-na-kraju-tunela\/#breadcrumb","itemListElement":[{"@type":"ListItem","position":1,"name":"Po\u010detna stranica","item":"https:\/\/radioljubuski.ba\/"},{"@type":"ListItem","position":2,"name":"Zelenskij o statusu zemlje kandidata za EU: To je na\u0161e svjetlo na kraju tunela"}]},{"@type":"WebSite","@id":"https:\/\/radioljubuski.ba\/#website","url":"https:\/\/radioljubuski.ba\/","name":"Radio Ljubu\u0161ki","description":"Sun\u010dana frekvencija Hercegovine","publisher":{"@id":"https:\/\/radioljubuski.ba\/#organization"},"potentialAction":[{"@type":"SearchAction","target":{"@type":"EntryPoint","urlTemplate":"https:\/\/radioljubuski.ba\/?s={search_term_string}"},"query-input":{"@type":"PropertyValueSpecification","valueRequired":true,"valueName":"search_term_string"}}],"inLanguage":"hr"},{"@type":"Organization","@id":"https:\/\/radioljubuski.ba\/#organization","name":"Radio Ljubu\u0161ki","url":"https:\/\/radioljubuski.ba\/","logo":{"@type":"ImageObject","inLanguage":"hr","@id":"https:\/\/radioljubuski.ba\/#\/schema\/logo\/image\/","url":"https:\/\/radioljubuski.ba\/wp-content\/uploads\/2021\/02\/cropped-Radio_Ljubuski_logo1.jpg","contentUrl":"https:\/\/radioljubuski.ba\/wp-content\/uploads\/2021\/02\/cropped-Radio_Ljubuski_logo1.jpg","width":512,"height":512,"caption":"Radio Ljubu\u0161ki"},"image":{"@id":"https:\/\/radioljubuski.ba\/#\/schema\/logo\/image\/"},"sameAs":["https:\/\/www.facebook.com\/Radiio-Ljubuski-1490835324566332","https:\/\/x.com\/radioljubuski","https:\/\/hr.linkedin.com\/company\/radio-ljubuski","https:\/\/www.youtube.com\/channel\/UCHYaeO_n0Db3tjNGudGpXyw"]},{"@type":"Person","@id":"https:\/\/radioljubuski.ba\/#\/schema\/person\/19fc700381a780f69665d7956c469e3b","name":"Radio Ljubu\u0161ki"}]}},"_links":{"self":[{"href":"https:\/\/radioljubuski.ba\/index.php\/wp-json\/wp\/v2\/posts\/152570","targetHints":{"allow":["GET"]}}],"collection":[{"href":"https:\/\/radioljubuski.ba\/index.php\/wp-json\/wp\/v2\/posts"}],"about":[{"href":"https:\/\/radioljubuski.ba\/index.php\/wp-json\/wp\/v2\/types\/post"}],"author":[{"embeddable":true,"href":"https:\/\/radioljubuski.ba\/index.php\/wp-json\/wp\/v2\/users\/2"}],"replies":[{"embeddable":true,"href":"https:\/\/radioljubuski.ba\/index.php\/wp-json\/wp\/v2\/comments?post=152570"}],"version-history":[{"count":1,"href":"https:\/\/radioljubuski.ba\/index.php\/wp-json\/wp\/v2\/posts\/152570\/revisions"}],"predecessor-version":[{"id":152571,"href":"https:\/\/radioljubuski.ba\/index.php\/wp-json\/wp\/v2\/posts\/152570\/revisions\/152571"}],"wp:featuredmedia":[{"embeddable":true,"href":"https:\/\/radioljubuski.ba\/index.php\/wp-json\/wp\/v2\/media\/116726"}],"wp:attachment":[{"href":"https:\/\/radioljubuski.ba\/index.php\/wp-json\/wp\/v2\/media?parent=152570"}],"wp:term":[{"taxonomy":"category","embeddable":true,"href":"https:\/\/radioljubuski.ba\/index.php\/wp-json\/wp\/v2\/categories?post=152570"},{"taxonomy":"post_tag","embeddable":true,"href":"https:\/\/radioljubuski.ba\/index.php\/wp-json\/wp\/v2\/tags?post=152570"}],"curies":[{"name":"wp","href":"https:\/\/api.w.org\/{rel}","templated":true}]}}