{"id":152579,"date":"2022-06-23T10:52:01","date_gmt":"2022-06-23T09:52:01","guid":{"rendered":"https:\/\/radioljubuski.ba\/?p=152579"},"modified":"2022-06-23T10:52:02","modified_gmt":"2022-06-23T09:52:02","slug":"u-mostaru-odrzana-akademija-povodom-godisnjica-rodenja-i-smrti-fra-didaka-buntica","status":"publish","type":"post","link":"https:\/\/radioljubuski.ba\/index.php\/2022\/06\/23\/u-mostaru-odrzana-akademija-povodom-godisnjica-rodenja-i-smrti-fra-didaka-buntica\/","title":{"rendered":"U Mostaru odr\u017eana akademija povodom godi\u0161njica ro\u0111enja i smrti fra Didaka Bunti\u0107a"},"content":{"rendered":"\n<p>U povodu 150. obljetnice ro\u0111enja i 100. obljetnice smrti fra Didaka Bunti\u0107a, Hercegova\u010dka franjeva\u010dka provincija u srijedu je organizirala Akademiju Fra Didak Bunti\u0107.<\/p>\n\n\n\n<p>Provincijal hercegova\u010dke franjeva\u010dke provincije fra Jozo Grbe\u0161a je pozdravljaju\u0107i nazo\u010dne istaknuo kako ih je fra Didak Bunti\u0107, dobro\u010dinitelj i velikan, ne samo bra\u0107e ove provincije nego i puka, odve\u0107 zadu\u017eio da bi ga zaboravili.<\/p>\n\n\n\n<figure class=\"wp-block-image\"><img decoding=\"async\" src=\"https:\/\/storage.pogled.ba\/images\/0c68\/4795\/229773\/original\/10-2022-06-22-21-07-06-87bcaf30-c2c7-4d48-9b4b-4bd13144bafd.jpg\" alt=\"\"\/><\/figure>\n\n\n\n<p>O liku i djelu fra Didak govorio je pak fra Iko Skoko podsjetiv\u0161i kako je rije\u010d o najslavnijem hercegova\u010dkom franjevcu koji je ostavio dubok trag za svoga \u017eivota.<\/p>\n\n\n\n<p>&#8211; U godinama gladi i Prvog svjetskog rata fra Didak Bunti\u0107 spasio je oko sedamnaest tisu\u0107a hercegova\u010dke djece od smrti odvode\u0107i ih s ovog kr\u0161a u plodorodnu Slavoniju. Tako\u0111er, fra Didak Bunti\u0107 je ostavio veliki trag i u opismenjavanju ljudi s podru\u010dja Hercegovine &#8211; istaknuo je fra Iko Skoko.<\/p>\n\n\n\n<figure class=\"wp-block-image\"><img decoding=\"async\" src=\"https:\/\/storage.pogled.ba\/images\/94e9\/0c99\/229774\/original\/10-2022-06-22-21-07-28-69152c35-7dc5-4aa9-a48c-4f4078043394.jpg\" alt=\"\"\/><\/figure>\n\n\n\n<p>Navode\u0107i kako je fra Didak Bunti\u0107 nadi\u0161ao granice i vremena i prostora, ne samo u Hercegovini ve\u0107 i izvan nje, fra Iko je istaknuo kako Akademija upravo ima za cilj dati poticaj da se \u010dine dobra djela.<\/p>\n\n\n\n<p>&#8211; Akademija se upravo odr\u017eava kako bi svima nama dala poticaj da, nadahnjuju\u0107i na liku i djelu, na radu i osobnosti ovog \u010dovjeka, fra Didaka, \u010dinimo dobra djela &#8211; kazao je fra Iko Skoko.<\/p>\n\n\n\n<p>\u00a0Fra Didak Bunti\u0107 bio je provincijal, ravnatelj gimnazije i podigao je \u0161irokobrije\u0161ku crkvu. Ro\u0111en je na Pao\u010di, \u017eupa Gradni\u0107i, 9. listopada 1871. godine. Preminuo je 3. velja\u010de 1922. godine u \u010citluku. Njegovi zemni ostaci preneseni su iz \u010citluka u Mostar 22. lipnja 1938., a iz Mostara u \u0161irokobrije\u0161ku baziliku 9. listopada 1938. godine. \u00a0<\/p>\n\n\n\n<figure class=\"wp-block-image\"><img decoding=\"async\" src=\"https:\/\/storage.pogled.ba\/images\/0660\/0e99\/229775\/original\/10-2022-06-22-21-07-53-9cc7a47b-13d0-474d-9b4e-383014f105cd.jpg\" alt=\"\"\/><\/figure>\n\n\n\n<p>Povjerenstvo za obilje\u017eavanje dvije fra Didakove obljetnice, odnosno njegovi \u010dlanovi &#8211; fra Nikola Rosan\u010di\u0107a, fra Miro \u0160ego, fra Ivan Mari\u0107 ml. i fra Iko Skoko, je ranije, na sastanku odr\u017eanom pro\u0161le godine u \u010citluku, predlo\u017eilo da se organizira &#8220;Godina fra Didaka Bunti\u0107a&#8221; po\u010dev\u0161i od 9. listopada pro\u0161le godine do 9. listopada ove godine, a u povodu 150. obljetnice ro\u0111enja i 100. obljetnice smrti.<\/p>\n\n\n\n<figure class=\"wp-block-image\"><img decoding=\"async\" src=\"https:\/\/storage.pogled.ba\/images\/718f\/687f\/229776\/original\/10-2022-06-22-21-08-38-79fed396-f139-47bd-9f4b-7d2c86c516c7.jpg\" alt=\"\"\/><\/figure>\n\n\n\n<p>Obilje\u017eavanje je do sada odr\u017eano u \u010citluku i Gradi\u0107ima u velja\u010di 2021. godine, dok \u0107e na \u0160irokom Brijegu biti organizirano 9. listopada 2022. godine.<\/p>\n\n\n\n<p>Ovom prigodom predstavljena je i po\u0161tanska marka HP Mostar &#8220;100. obljetnica smrti fra Didaka Bunti\u0107a&#8221;.<\/p>\n\n\n\n<p>Izvor:pogled.ba<\/p>\n","protected":false},"excerpt":{"rendered":"<p>U povodu 150. obljetnice ro\u0111enja i 100. obljetnice smrti fra Didaka Bunti\u0107a, Hercegova\u010dka franjeva\u010dka provincija u srijedu je organizirala Akademiju Fra Didak Bunti\u0107. Provincijal hercegova\u010dke franjeva\u010dke provincije fra Jozo Grbe\u0161a je pozdravljaju\u0107i nazo\u010dne istaknuo kako ih je fra Didak Bunti\u0107, dobro\u010dinitelj i velikan, ne samo bra\u0107e ove provincije nego i puka, odve\u0107 zadu\u017eio da bi [&hellip;]<\/p>\n","protected":false},"author":2,"featured_media":152580,"comment_status":"closed","ping_status":"closed","sticky":false,"template":"","format":"standard","meta":{"h5ap_radio_sources":[],"footnotes":""},"categories":[1],"tags":[],"class_list":["post-152579","post","type-post","status-publish","format-standard","has-post-thumbnail","hentry","category-bihiregija"],"yoast_head":"<!-- This site is optimized with the Yoast SEO plugin v27.4 - https:\/\/yoast.com\/product\/yoast-seo-wordpress\/ -->\n<title>U Mostaru odr\u017eana akademija povodom godi\u0161njica ro\u0111enja i smrti fra Didaka Bunti\u0107a - RADIO LJUBU\u0160KI<\/title>\n<meta name=\"robots\" content=\"index, follow, max-snippet:-1, max-image-preview:large, max-video-preview:-1\" \/>\n<link rel=\"canonical\" href=\"https:\/\/radioljubuski.ba\/index.php\/2022\/06\/23\/u-mostaru-odrzana-akademija-povodom-godisnjica-rodenja-i-smrti-fra-didaka-buntica\/\" \/>\n<meta property=\"og:locale\" content=\"hr_HR\" \/>\n<meta property=\"og:type\" content=\"article\" \/>\n<meta property=\"og:title\" content=\"U Mostaru odr\u017eana akademija povodom godi\u0161njica ro\u0111enja i smrti fra Didaka Bunti\u0107a - RADIO LJUBU\u0160KI\" \/>\n<meta property=\"og:description\" content=\"U povodu 150. obljetnice ro\u0111enja i 100. obljetnice smrti fra Didaka Bunti\u0107a, Hercegova\u010dka franjeva\u010dka provincija u srijedu je organizirala Akademiju Fra Didak Bunti\u0107. Provincijal hercegova\u010dke franjeva\u010dke provincije fra Jozo Grbe\u0161a je pozdravljaju\u0107i nazo\u010dne istaknuo kako ih je fra Didak Bunti\u0107, dobro\u010dinitelj i velikan, ne samo bra\u0107e ove provincije nego i puka, odve\u0107 zadu\u017eio da bi [&hellip;]\" \/>\n<meta property=\"og:url\" content=\"https:\/\/radioljubuski.ba\/index.php\/2022\/06\/23\/u-mostaru-odrzana-akademija-povodom-godisnjica-rodenja-i-smrti-fra-didaka-buntica\/\" \/>\n<meta property=\"og:site_name\" content=\"RADIO LJUBU\u0160KI\" \/>\n<meta property=\"article:publisher\" content=\"https:\/\/www.facebook.com\/Radiio-Ljubuski-1490835324566332\" \/>\n<meta property=\"article:published_time\" content=\"2022-06-23T09:52:01+00:00\" \/>\n<meta property=\"article:modified_time\" content=\"2022-06-23T09:52:02+00:00\" \/>\n<meta property=\"og:image\" content=\"https:\/\/radioljubuski.ba\/wp-content\/uploads\/2022\/06\/10-2022-06-22-21-06-37-65ed86ce-2a7c-4b9f-a587-fbcea0b9a5e8.jpg\" \/>\n\t<meta property=\"og:image:width\" content=\"1000\" \/>\n\t<meta property=\"og:image:height\" content=\"625\" \/>\n\t<meta property=\"og:image:type\" content=\"image\/jpeg\" \/>\n<meta name=\"author\" content=\"Radio Ljubu\u0161ki\" \/>\n<meta name=\"twitter:card\" content=\"summary_large_image\" \/>\n<meta name=\"twitter:creator\" content=\"@radioljubuski\" \/>\n<meta name=\"twitter:site\" content=\"@radioljubuski\" \/>\n<meta name=\"twitter:label1\" content=\"Napisao\/la\" \/>\n\t<meta name=\"twitter:data1\" content=\"Radio Ljubu\u0161ki\" \/>\n\t<meta name=\"twitter:label2\" content=\"Procijenjeno vrijeme \u010ditanja\" \/>\n\t<meta name=\"twitter:data2\" content=\"3 minute\" \/>\n<script type=\"application\/ld+json\" class=\"yoast-schema-graph\">{\"@context\":\"https:\\\/\\\/schema.org\",\"@graph\":[{\"@type\":\"Article\",\"@id\":\"https:\\\/\\\/radioljubuski.ba\\\/index.php\\\/2022\\\/06\\\/23\\\/u-mostaru-odrzana-akademija-povodom-godisnjica-rodenja-i-smrti-fra-didaka-buntica\\\/#article\",\"isPartOf\":{\"@id\":\"https:\\\/\\\/radioljubuski.ba\\\/index.php\\\/2022\\\/06\\\/23\\\/u-mostaru-odrzana-akademija-povodom-godisnjica-rodenja-i-smrti-fra-didaka-buntica\\\/\"},\"author\":{\"name\":\"Radio Ljubu\u0161ki\",\"@id\":\"https:\\\/\\\/radioljubuski.ba\\\/#\\\/schema\\\/person\\\/19fc700381a780f69665d7956c469e3b\"},\"headline\":\"U Mostaru odr\u017eana akademija povodom godi\u0161njica ro\u0111enja i smrti fra Didaka Bunti\u0107a\",\"datePublished\":\"2022-06-23T09:52:01+00:00\",\"dateModified\":\"2022-06-23T09:52:02+00:00\",\"mainEntityOfPage\":{\"@id\":\"https:\\\/\\\/radioljubuski.ba\\\/index.php\\\/2022\\\/06\\\/23\\\/u-mostaru-odrzana-akademija-povodom-godisnjica-rodenja-i-smrti-fra-didaka-buntica\\\/\"},\"wordCount\":408,\"publisher\":{\"@id\":\"https:\\\/\\\/radioljubuski.ba\\\/#organization\"},\"image\":{\"@id\":\"https:\\\/\\\/radioljubuski.ba\\\/index.php\\\/2022\\\/06\\\/23\\\/u-mostaru-odrzana-akademija-povodom-godisnjica-rodenja-i-smrti-fra-didaka-buntica\\\/#primaryimage\"},\"thumbnailUrl\":\"https:\\\/\\\/radioljubuski.ba\\\/wp-content\\\/uploads\\\/2022\\\/06\\\/10-2022-06-22-21-06-37-65ed86ce-2a7c-4b9f-a587-fbcea0b9a5e8.jpg\",\"articleSection\":[\"BIH i regija\"],\"inLanguage\":\"hr\"},{\"@type\":\"WebPage\",\"@id\":\"https:\\\/\\\/radioljubuski.ba\\\/index.php\\\/2022\\\/06\\\/23\\\/u-mostaru-odrzana-akademija-povodom-godisnjica-rodenja-i-smrti-fra-didaka-buntica\\\/\",\"url\":\"https:\\\/\\\/radioljubuski.ba\\\/index.php\\\/2022\\\/06\\\/23\\\/u-mostaru-odrzana-akademija-povodom-godisnjica-rodenja-i-smrti-fra-didaka-buntica\\\/\",\"name\":\"U Mostaru odr\u017eana akademija povodom godi\u0161njica ro\u0111enja i smrti fra Didaka Bunti\u0107a - RADIO LJUBU\u0160KI\",\"isPartOf\":{\"@id\":\"https:\\\/\\\/radioljubuski.ba\\\/#website\"},\"primaryImageOfPage\":{\"@id\":\"https:\\\/\\\/radioljubuski.ba\\\/index.php\\\/2022\\\/06\\\/23\\\/u-mostaru-odrzana-akademija-povodom-godisnjica-rodenja-i-smrti-fra-didaka-buntica\\\/#primaryimage\"},\"image\":{\"@id\":\"https:\\\/\\\/radioljubuski.ba\\\/index.php\\\/2022\\\/06\\\/23\\\/u-mostaru-odrzana-akademija-povodom-godisnjica-rodenja-i-smrti-fra-didaka-buntica\\\/#primaryimage\"},\"thumbnailUrl\":\"https:\\\/\\\/radioljubuski.ba\\\/wp-content\\\/uploads\\\/2022\\\/06\\\/10-2022-06-22-21-06-37-65ed86ce-2a7c-4b9f-a587-fbcea0b9a5e8.jpg\",\"datePublished\":\"2022-06-23T09:52:01+00:00\",\"dateModified\":\"2022-06-23T09:52:02+00:00\",\"breadcrumb\":{\"@id\":\"https:\\\/\\\/radioljubuski.ba\\\/index.php\\\/2022\\\/06\\\/23\\\/u-mostaru-odrzana-akademija-povodom-godisnjica-rodenja-i-smrti-fra-didaka-buntica\\\/#breadcrumb\"},\"inLanguage\":\"hr\",\"potentialAction\":[{\"@type\":\"ReadAction\",\"target\":[\"https:\\\/\\\/radioljubuski.ba\\\/index.php\\\/2022\\\/06\\\/23\\\/u-mostaru-odrzana-akademija-povodom-godisnjica-rodenja-i-smrti-fra-didaka-buntica\\\/\"]}]},{\"@type\":\"ImageObject\",\"inLanguage\":\"hr\",\"@id\":\"https:\\\/\\\/radioljubuski.ba\\\/index.php\\\/2022\\\/06\\\/23\\\/u-mostaru-odrzana-akademija-povodom-godisnjica-rodenja-i-smrti-fra-didaka-buntica\\\/#primaryimage\",\"url\":\"https:\\\/\\\/radioljubuski.ba\\\/wp-content\\\/uploads\\\/2022\\\/06\\\/10-2022-06-22-21-06-37-65ed86ce-2a7c-4b9f-a587-fbcea0b9a5e8.jpg\",\"contentUrl\":\"https:\\\/\\\/radioljubuski.ba\\\/wp-content\\\/uploads\\\/2022\\\/06\\\/10-2022-06-22-21-06-37-65ed86ce-2a7c-4b9f-a587-fbcea0b9a5e8.jpg\",\"width\":1000,\"height\":625},{\"@type\":\"BreadcrumbList\",\"@id\":\"https:\\\/\\\/radioljubuski.ba\\\/index.php\\\/2022\\\/06\\\/23\\\/u-mostaru-odrzana-akademija-povodom-godisnjica-rodenja-i-smrti-fra-didaka-buntica\\\/#breadcrumb\",\"itemListElement\":[{\"@type\":\"ListItem\",\"position\":1,\"name\":\"Po\u010detna stranica\",\"item\":\"https:\\\/\\\/radioljubuski.ba\\\/\"},{\"@type\":\"ListItem\",\"position\":2,\"name\":\"U Mostaru odr\u017eana akademija povodom godi\u0161njica ro\u0111enja i smrti fra Didaka Bunti\u0107a\"}]},{\"@type\":\"WebSite\",\"@id\":\"https:\\\/\\\/radioljubuski.ba\\\/#website\",\"url\":\"https:\\\/\\\/radioljubuski.ba\\\/\",\"name\":\"Radio Ljubu\u0161ki\",\"description\":\"Sun\u010dana frekvencija Hercegovine\",\"publisher\":{\"@id\":\"https:\\\/\\\/radioljubuski.ba\\\/#organization\"},\"potentialAction\":[{\"@type\":\"SearchAction\",\"target\":{\"@type\":\"EntryPoint\",\"urlTemplate\":\"https:\\\/\\\/radioljubuski.ba\\\/?s={search_term_string}\"},\"query-input\":{\"@type\":\"PropertyValueSpecification\",\"valueRequired\":true,\"valueName\":\"search_term_string\"}}],\"inLanguage\":\"hr\"},{\"@type\":\"Organization\",\"@id\":\"https:\\\/\\\/radioljubuski.ba\\\/#organization\",\"name\":\"Radio Ljubu\u0161ki\",\"url\":\"https:\\\/\\\/radioljubuski.ba\\\/\",\"logo\":{\"@type\":\"ImageObject\",\"inLanguage\":\"hr\",\"@id\":\"https:\\\/\\\/radioljubuski.ba\\\/#\\\/schema\\\/logo\\\/image\\\/\",\"url\":\"https:\\\/\\\/radioljubuski.ba\\\/wp-content\\\/uploads\\\/2021\\\/02\\\/cropped-Radio_Ljubuski_logo1.jpg\",\"contentUrl\":\"https:\\\/\\\/radioljubuski.ba\\\/wp-content\\\/uploads\\\/2021\\\/02\\\/cropped-Radio_Ljubuski_logo1.jpg\",\"width\":512,\"height\":512,\"caption\":\"Radio Ljubu\u0161ki\"},\"image\":{\"@id\":\"https:\\\/\\\/radioljubuski.ba\\\/#\\\/schema\\\/logo\\\/image\\\/\"},\"sameAs\":[\"https:\\\/\\\/www.facebook.com\\\/Radiio-Ljubuski-1490835324566332\",\"https:\\\/\\\/x.com\\\/radioljubuski\",\"https:\\\/\\\/hr.linkedin.com\\\/company\\\/radio-ljubuski\",\"https:\\\/\\\/www.youtube.com\\\/channel\\\/UCHYaeO_n0Db3tjNGudGpXyw\"]},{\"@type\":\"Person\",\"@id\":\"https:\\\/\\\/radioljubuski.ba\\\/#\\\/schema\\\/person\\\/19fc700381a780f69665d7956c469e3b\",\"name\":\"Radio Ljubu\u0161ki\"}]}<\/script>\n<!-- \/ Yoast SEO plugin. -->","yoast_head_json":{"title":"U Mostaru odr\u017eana akademija povodom godi\u0161njica ro\u0111enja i smrti fra Didaka Bunti\u0107a - RADIO LJUBU\u0160KI","robots":{"index":"index","follow":"follow","max-snippet":"max-snippet:-1","max-image-preview":"max-image-preview:large","max-video-preview":"max-video-preview:-1"},"canonical":"https:\/\/radioljubuski.ba\/index.php\/2022\/06\/23\/u-mostaru-odrzana-akademija-povodom-godisnjica-rodenja-i-smrti-fra-didaka-buntica\/","og_locale":"hr_HR","og_type":"article","og_title":"U Mostaru odr\u017eana akademija povodom godi\u0161njica ro\u0111enja i smrti fra Didaka Bunti\u0107a - RADIO LJUBU\u0160KI","og_description":"U povodu 150. obljetnice ro\u0111enja i 100. obljetnice smrti fra Didaka Bunti\u0107a, Hercegova\u010dka franjeva\u010dka provincija u srijedu je organizirala Akademiju Fra Didak Bunti\u0107. Provincijal hercegova\u010dke franjeva\u010dke provincije fra Jozo Grbe\u0161a je pozdravljaju\u0107i nazo\u010dne istaknuo kako ih je fra Didak Bunti\u0107, dobro\u010dinitelj i velikan, ne samo bra\u0107e ove provincije nego i puka, odve\u0107 zadu\u017eio da bi [&hellip;]","og_url":"https:\/\/radioljubuski.ba\/index.php\/2022\/06\/23\/u-mostaru-odrzana-akademija-povodom-godisnjica-rodenja-i-smrti-fra-didaka-buntica\/","og_site_name":"RADIO LJUBU\u0160KI","article_publisher":"https:\/\/www.facebook.com\/Radiio-Ljubuski-1490835324566332","article_published_time":"2022-06-23T09:52:01+00:00","article_modified_time":"2022-06-23T09:52:02+00:00","og_image":[{"width":1000,"height":625,"url":"https:\/\/radioljubuski.ba\/wp-content\/uploads\/2022\/06\/10-2022-06-22-21-06-37-65ed86ce-2a7c-4b9f-a587-fbcea0b9a5e8.jpg","type":"image\/jpeg"}],"author":"Radio Ljubu\u0161ki","twitter_card":"summary_large_image","twitter_creator":"@radioljubuski","twitter_site":"@radioljubuski","twitter_misc":{"Napisao\/la":"Radio Ljubu\u0161ki","Procijenjeno vrijeme \u010ditanja":"3 minute"},"schema":{"@context":"https:\/\/schema.org","@graph":[{"@type":"Article","@id":"https:\/\/radioljubuski.ba\/index.php\/2022\/06\/23\/u-mostaru-odrzana-akademija-povodom-godisnjica-rodenja-i-smrti-fra-didaka-buntica\/#article","isPartOf":{"@id":"https:\/\/radioljubuski.ba\/index.php\/2022\/06\/23\/u-mostaru-odrzana-akademija-povodom-godisnjica-rodenja-i-smrti-fra-didaka-buntica\/"},"author":{"name":"Radio Ljubu\u0161ki","@id":"https:\/\/radioljubuski.ba\/#\/schema\/person\/19fc700381a780f69665d7956c469e3b"},"headline":"U Mostaru odr\u017eana akademija povodom godi\u0161njica ro\u0111enja i smrti fra Didaka Bunti\u0107a","datePublished":"2022-06-23T09:52:01+00:00","dateModified":"2022-06-23T09:52:02+00:00","mainEntityOfPage":{"@id":"https:\/\/radioljubuski.ba\/index.php\/2022\/06\/23\/u-mostaru-odrzana-akademija-povodom-godisnjica-rodenja-i-smrti-fra-didaka-buntica\/"},"wordCount":408,"publisher":{"@id":"https:\/\/radioljubuski.ba\/#organization"},"image":{"@id":"https:\/\/radioljubuski.ba\/index.php\/2022\/06\/23\/u-mostaru-odrzana-akademija-povodom-godisnjica-rodenja-i-smrti-fra-didaka-buntica\/#primaryimage"},"thumbnailUrl":"https:\/\/radioljubuski.ba\/wp-content\/uploads\/2022\/06\/10-2022-06-22-21-06-37-65ed86ce-2a7c-4b9f-a587-fbcea0b9a5e8.jpg","articleSection":["BIH i regija"],"inLanguage":"hr"},{"@type":"WebPage","@id":"https:\/\/radioljubuski.ba\/index.php\/2022\/06\/23\/u-mostaru-odrzana-akademija-povodom-godisnjica-rodenja-i-smrti-fra-didaka-buntica\/","url":"https:\/\/radioljubuski.ba\/index.php\/2022\/06\/23\/u-mostaru-odrzana-akademija-povodom-godisnjica-rodenja-i-smrti-fra-didaka-buntica\/","name":"U Mostaru odr\u017eana akademija povodom godi\u0161njica ro\u0111enja i smrti fra Didaka Bunti\u0107a - RADIO LJUBU\u0160KI","isPartOf":{"@id":"https:\/\/radioljubuski.ba\/#website"},"primaryImageOfPage":{"@id":"https:\/\/radioljubuski.ba\/index.php\/2022\/06\/23\/u-mostaru-odrzana-akademija-povodom-godisnjica-rodenja-i-smrti-fra-didaka-buntica\/#primaryimage"},"image":{"@id":"https:\/\/radioljubuski.ba\/index.php\/2022\/06\/23\/u-mostaru-odrzana-akademija-povodom-godisnjica-rodenja-i-smrti-fra-didaka-buntica\/#primaryimage"},"thumbnailUrl":"https:\/\/radioljubuski.ba\/wp-content\/uploads\/2022\/06\/10-2022-06-22-21-06-37-65ed86ce-2a7c-4b9f-a587-fbcea0b9a5e8.jpg","datePublished":"2022-06-23T09:52:01+00:00","dateModified":"2022-06-23T09:52:02+00:00","breadcrumb":{"@id":"https:\/\/radioljubuski.ba\/index.php\/2022\/06\/23\/u-mostaru-odrzana-akademija-povodom-godisnjica-rodenja-i-smrti-fra-didaka-buntica\/#breadcrumb"},"inLanguage":"hr","potentialAction":[{"@type":"ReadAction","target":["https:\/\/radioljubuski.ba\/index.php\/2022\/06\/23\/u-mostaru-odrzana-akademija-povodom-godisnjica-rodenja-i-smrti-fra-didaka-buntica\/"]}]},{"@type":"ImageObject","inLanguage":"hr","@id":"https:\/\/radioljubuski.ba\/index.php\/2022\/06\/23\/u-mostaru-odrzana-akademija-povodom-godisnjica-rodenja-i-smrti-fra-didaka-buntica\/#primaryimage","url":"https:\/\/radioljubuski.ba\/wp-content\/uploads\/2022\/06\/10-2022-06-22-21-06-37-65ed86ce-2a7c-4b9f-a587-fbcea0b9a5e8.jpg","contentUrl":"https:\/\/radioljubuski.ba\/wp-content\/uploads\/2022\/06\/10-2022-06-22-21-06-37-65ed86ce-2a7c-4b9f-a587-fbcea0b9a5e8.jpg","width":1000,"height":625},{"@type":"BreadcrumbList","@id":"https:\/\/radioljubuski.ba\/index.php\/2022\/06\/23\/u-mostaru-odrzana-akademija-povodom-godisnjica-rodenja-i-smrti-fra-didaka-buntica\/#breadcrumb","itemListElement":[{"@type":"ListItem","position":1,"name":"Po\u010detna stranica","item":"https:\/\/radioljubuski.ba\/"},{"@type":"ListItem","position":2,"name":"U Mostaru odr\u017eana akademija povodom godi\u0161njica ro\u0111enja i smrti fra Didaka Bunti\u0107a"}]},{"@type":"WebSite","@id":"https:\/\/radioljubuski.ba\/#website","url":"https:\/\/radioljubuski.ba\/","name":"Radio Ljubu\u0161ki","description":"Sun\u010dana frekvencija Hercegovine","publisher":{"@id":"https:\/\/radioljubuski.ba\/#organization"},"potentialAction":[{"@type":"SearchAction","target":{"@type":"EntryPoint","urlTemplate":"https:\/\/radioljubuski.ba\/?s={search_term_string}"},"query-input":{"@type":"PropertyValueSpecification","valueRequired":true,"valueName":"search_term_string"}}],"inLanguage":"hr"},{"@type":"Organization","@id":"https:\/\/radioljubuski.ba\/#organization","name":"Radio Ljubu\u0161ki","url":"https:\/\/radioljubuski.ba\/","logo":{"@type":"ImageObject","inLanguage":"hr","@id":"https:\/\/radioljubuski.ba\/#\/schema\/logo\/image\/","url":"https:\/\/radioljubuski.ba\/wp-content\/uploads\/2021\/02\/cropped-Radio_Ljubuski_logo1.jpg","contentUrl":"https:\/\/radioljubuski.ba\/wp-content\/uploads\/2021\/02\/cropped-Radio_Ljubuski_logo1.jpg","width":512,"height":512,"caption":"Radio Ljubu\u0161ki"},"image":{"@id":"https:\/\/radioljubuski.ba\/#\/schema\/logo\/image\/"},"sameAs":["https:\/\/www.facebook.com\/Radiio-Ljubuski-1490835324566332","https:\/\/x.com\/radioljubuski","https:\/\/hr.linkedin.com\/company\/radio-ljubuski","https:\/\/www.youtube.com\/channel\/UCHYaeO_n0Db3tjNGudGpXyw"]},{"@type":"Person","@id":"https:\/\/radioljubuski.ba\/#\/schema\/person\/19fc700381a780f69665d7956c469e3b","name":"Radio Ljubu\u0161ki"}]}},"_links":{"self":[{"href":"https:\/\/radioljubuski.ba\/index.php\/wp-json\/wp\/v2\/posts\/152579","targetHints":{"allow":["GET"]}}],"collection":[{"href":"https:\/\/radioljubuski.ba\/index.php\/wp-json\/wp\/v2\/posts"}],"about":[{"href":"https:\/\/radioljubuski.ba\/index.php\/wp-json\/wp\/v2\/types\/post"}],"author":[{"embeddable":true,"href":"https:\/\/radioljubuski.ba\/index.php\/wp-json\/wp\/v2\/users\/2"}],"replies":[{"embeddable":true,"href":"https:\/\/radioljubuski.ba\/index.php\/wp-json\/wp\/v2\/comments?post=152579"}],"version-history":[{"count":1,"href":"https:\/\/radioljubuski.ba\/index.php\/wp-json\/wp\/v2\/posts\/152579\/revisions"}],"predecessor-version":[{"id":152581,"href":"https:\/\/radioljubuski.ba\/index.php\/wp-json\/wp\/v2\/posts\/152579\/revisions\/152581"}],"wp:featuredmedia":[{"embeddable":true,"href":"https:\/\/radioljubuski.ba\/index.php\/wp-json\/wp\/v2\/media\/152580"}],"wp:attachment":[{"href":"https:\/\/radioljubuski.ba\/index.php\/wp-json\/wp\/v2\/media?parent=152579"}],"wp:term":[{"taxonomy":"category","embeddable":true,"href":"https:\/\/radioljubuski.ba\/index.php\/wp-json\/wp\/v2\/categories?post=152579"},{"taxonomy":"post_tag","embeddable":true,"href":"https:\/\/radioljubuski.ba\/index.php\/wp-json\/wp\/v2\/tags?post=152579"}],"curies":[{"name":"wp","href":"https:\/\/api.w.org\/{rel}","templated":true}]}}