{"id":152588,"date":"2022-06-23T10:55:03","date_gmt":"2022-06-23T09:55:03","guid":{"rendered":"https:\/\/radioljubuski.ba\/?p=152588"},"modified":"2022-06-23T10:55:05","modified_gmt":"2022-06-23T09:55:05","slug":"izlozba-tragovi-akademika-mehmeda-a-aksamije-otvorena-u-mostaru","status":"publish","type":"post","link":"https:\/\/radioljubuski.ba\/index.php\/2022\/06\/23\/izlozba-tragovi-akademika-mehmeda-a-aksamije-otvorena-u-mostaru\/","title":{"rendered":"Izlo\u017eba &#8216;Tragovi&#8217; akademika Mehmeda A. Ak\u0161amije otvorena u Mostaru"},"content":{"rendered":"\n<p>Izlo\u017eba radova &#8220;Tragovi\/Traces&#8221;, likovni projekt akademika Mehmeda A. Ak\u0161amije, otvorena je u srijedu nave\u010der u Galeriji kraljice Katarine Kosa\u010da u Mostaru.<\/p>\n\n\n\n<p>Jedan od promotora izlo\u017ebe Marin Ivanovi\u0107 naglasio je kako je Mehmed Ak\u0161amija umjetnik koji dolazi iz umjetni\u010dke obitelji te da je rije\u010d o umjetniku koji je postmodernisti\u010dki u likovnom smislu, a koji ima svoje jasno korijenje u tradiciji.<\/p>\n\n\n\n<p>&#8211; Njegova umjetnost proizlazi prvenstveno iz naslje\u0111a, iz tradicije, iz islamske ornamentike, koja je puno dominantnija, imanentna, u islamskoj umjetnosti nego \u0161to je to ovamo na zapadu, s jedne strane, a s druge strane u digitalnoj umjetnosti i jednoj osobnoj simbolici. U nekoj krhotini je prepoznao trokut, iz tog trokuta je razradio taj ogromni ornamentalni uzorak repeticijom trokuta u razli\u010ditim pokretanjima, razli\u010ditim bojama i stvorio je ne\u0161to \u0161to pomalo nalikuje na tepihe, a u tim tepisima tako\u0111er le\u017ei dio te tradicije, tog naslije\u0111a &#8211; naglasio je Ivanovi\u0107.<\/p>\n\n\n\n<p>Autor izlo\u017ebe kazao je kako su &#8216;Tragovi&#8217; simbioza njegovog rada koji je otjelovljen u sustavu jedne kompresije svih grafi\u010dkih i slikarskih disciplina do kraja 19. stolje\u0107a.<\/p>\n\n\n\n<p>&#8211; Ja sam na osnovu toga poku\u0161ao da na\u0111em vlastiti izri\u010daj. To su odre\u0111ene geometrijske manipulacije koje su zasnovane i na tisku suhe igle i na dubokom tisku i na nekim slikarskim elementima i manualnom slikanju i manualnom crtanju i onda sve to zajedno je posredstvom digitalnog printa dobilo ovu formu koja se tu nalazi &#8211; naglasio je Ak\u0161amija.<\/p>\n\n\n\n<p>Dodao je kako ovaj ciklus broji 333 djela te da je na ovoj izlo\u017ebi u Mostaru predstavljeno njih oko 60.<\/p>\n\n\n\n<p>Izlo\u017ebu &#8220;Tragovi\/Traces&#8221; organizirala je Hrvatska akademija za znanost i umjetnost u suorganizaciji Bo\u0161nja\u010dke akademije nauke i umjetnosti, a ona \u0107e ostati otvorena narednih sedam dana.<\/p>\n\n\n\n<p>Mehmed A. Ak\u0161amija kao stvaralac u oblasti vi\u0161e likovnih disciplina, figurira preko \u010detrdeset godina. Njegovo kreativno djelovanje karakterizira se kori\u0161tenjem specifi\u010dnih izra\u017eajnih sredstava i mogu\u0107nosti medija svjetlopisa, digitalne grafike i dizajna, kao i kreativnom &#8220;simbiozom&#8221; svjetlopisa i klasi\u010dnih likovnih disciplina (slikarstvo, grafika, skulptura\u2026) u cilju postizanja \u0161to svjesnijeg autorskog djelovanja unutar definiranja mnogih tematskih ciklusa.<\/p>\n\n\n\n<p>Ro\u0111en je u Vi\u0161egradu 1954. godine u obitelji poznatog majstora umjetni\u010dke fotografije Alije M. Ak\u0161amije. Diplomirao je na Katedri za fotografiju na FAMU (Fakultet filmskih i televizijskih umjetnosti pri Akademiji lijepih umjetnosti) u Pragu, \u010cehoslova\u010dka (1979.). Postdiplomski studij okon\u010dao je 1981., a doktorat 1984. godine. Dr. Ak\u0161amija je tako\u0111er me\u0111u osniva\u010dima i redovitim \u010dlanovima Bo\u0161nja\u010dke akademije nauka i umjetnosti \u2013 BANU, a od 2021. godine kao predsjednik ove ugledne ustanove. Od 2020. godine postao je redoviti \u010dlan Europske akademije znanosti i umjetnosti (Academia Sceientiarium et Artium Europaea \u2013 Classe III Arts).<\/p>\n\n\n\n<p>Izvor:vecernji.ba<\/p>\n","protected":false},"excerpt":{"rendered":"<p>Izlo\u017eba radova &#8220;Tragovi\/Traces&#8221;, likovni projekt akademika Mehmeda A. Ak\u0161amije, otvorena je u srijedu nave\u010der u Galeriji kraljice Katarine Kosa\u010da u Mostaru. Jedan od promotora izlo\u017ebe Marin Ivanovi\u0107 naglasio je kako je Mehmed Ak\u0161amija umjetnik koji dolazi iz umjetni\u010dke obitelji te da je rije\u010d o umjetniku koji je postmodernisti\u010dki u likovnom smislu, a koji ima svoje [&hellip;]<\/p>\n","protected":false},"author":2,"featured_media":152591,"comment_status":"closed","ping_status":"closed","sticky":false,"template":"","format":"standard","meta":{"h5ap_radio_sources":[],"footnotes":""},"categories":[1],"tags":[],"class_list":["post-152588","post","type-post","status-publish","format-standard","has-post-thumbnail","hentry","category-bihiregija"],"yoast_head":"<!-- This site is optimized with the Yoast SEO plugin v27.4 - https:\/\/yoast.com\/product\/yoast-seo-wordpress\/ -->\n<title>Izlo\u017eba &#039;Tragovi&#039; akademika Mehmeda A. Ak\u0161amije otvorena u Mostaru - RADIO LJUBU\u0160KI<\/title>\n<meta name=\"robots\" content=\"index, follow, max-snippet:-1, max-image-preview:large, max-video-preview:-1\" \/>\n<link rel=\"canonical\" href=\"https:\/\/radioljubuski.ba\/index.php\/2022\/06\/23\/izlozba-tragovi-akademika-mehmeda-a-aksamije-otvorena-u-mostaru\/\" \/>\n<meta property=\"og:locale\" content=\"hr_HR\" \/>\n<meta property=\"og:type\" content=\"article\" \/>\n<meta property=\"og:title\" content=\"Izlo\u017eba &#039;Tragovi&#039; akademika Mehmeda A. Ak\u0161amije otvorena u Mostaru - RADIO LJUBU\u0160KI\" \/>\n<meta property=\"og:description\" content=\"Izlo\u017eba radova &#8220;Tragovi\/Traces&#8221;, likovni projekt akademika Mehmeda A. Ak\u0161amije, otvorena je u srijedu nave\u010der u Galeriji kraljice Katarine Kosa\u010da u Mostaru. Jedan od promotora izlo\u017ebe Marin Ivanovi\u0107 naglasio je kako je Mehmed Ak\u0161amija umjetnik koji dolazi iz umjetni\u010dke obitelji te da je rije\u010d o umjetniku koji je postmodernisti\u010dki u likovnom smislu, a koji ima svoje [&hellip;]\" \/>\n<meta property=\"og:url\" content=\"https:\/\/radioljubuski.ba\/index.php\/2022\/06\/23\/izlozba-tragovi-akademika-mehmeda-a-aksamije-otvorena-u-mostaru\/\" \/>\n<meta property=\"og:site_name\" content=\"RADIO LJUBU\u0160KI\" \/>\n<meta property=\"article:publisher\" content=\"https:\/\/www.facebook.com\/Radiio-Ljubuski-1490835324566332\" \/>\n<meta property=\"article:published_time\" content=\"2022-06-23T09:55:03+00:00\" \/>\n<meta property=\"article:modified_time\" content=\"2022-06-23T09:55:05+00:00\" \/>\n<meta property=\"og:image\" content=\"https:\/\/radioljubuski.ba\/wp-content\/uploads\/2022\/06\/10-2022-06-22-22-00-44-Snimka-zaslona-2022-06-22-215856.jpg\" \/>\n\t<meta property=\"og:image:width\" content=\"1000\" \/>\n\t<meta property=\"og:image:height\" content=\"625\" \/>\n\t<meta property=\"og:image:type\" content=\"image\/jpeg\" \/>\n<meta name=\"author\" content=\"Radio Ljubu\u0161ki\" \/>\n<meta name=\"twitter:card\" content=\"summary_large_image\" \/>\n<meta name=\"twitter:creator\" content=\"@radioljubuski\" \/>\n<meta name=\"twitter:site\" content=\"@radioljubuski\" \/>\n<meta name=\"twitter:label1\" content=\"Napisao\/la\" \/>\n\t<meta name=\"twitter:data1\" content=\"Radio Ljubu\u0161ki\" \/>\n\t<meta name=\"twitter:label2\" content=\"Procijenjeno vrijeme \u010ditanja\" \/>\n\t<meta name=\"twitter:data2\" content=\"2 minute\" \/>\n<script type=\"application\/ld+json\" class=\"yoast-schema-graph\">{\"@context\":\"https:\\\/\\\/schema.org\",\"@graph\":[{\"@type\":\"Article\",\"@id\":\"https:\\\/\\\/radioljubuski.ba\\\/index.php\\\/2022\\\/06\\\/23\\\/izlozba-tragovi-akademika-mehmeda-a-aksamije-otvorena-u-mostaru\\\/#article\",\"isPartOf\":{\"@id\":\"https:\\\/\\\/radioljubuski.ba\\\/index.php\\\/2022\\\/06\\\/23\\\/izlozba-tragovi-akademika-mehmeda-a-aksamije-otvorena-u-mostaru\\\/\"},\"author\":{\"name\":\"Radio Ljubu\u0161ki\",\"@id\":\"https:\\\/\\\/radioljubuski.ba\\\/#\\\/schema\\\/person\\\/19fc700381a780f69665d7956c469e3b\"},\"headline\":\"Izlo\u017eba &#8216;Tragovi&#8217; akademika Mehmeda A. Ak\u0161amije otvorena u Mostaru\",\"datePublished\":\"2022-06-23T09:55:03+00:00\",\"dateModified\":\"2022-06-23T09:55:05+00:00\",\"mainEntityOfPage\":{\"@id\":\"https:\\\/\\\/radioljubuski.ba\\\/index.php\\\/2022\\\/06\\\/23\\\/izlozba-tragovi-akademika-mehmeda-a-aksamije-otvorena-u-mostaru\\\/\"},\"wordCount\":473,\"publisher\":{\"@id\":\"https:\\\/\\\/radioljubuski.ba\\\/#organization\"},\"image\":{\"@id\":\"https:\\\/\\\/radioljubuski.ba\\\/index.php\\\/2022\\\/06\\\/23\\\/izlozba-tragovi-akademika-mehmeda-a-aksamije-otvorena-u-mostaru\\\/#primaryimage\"},\"thumbnailUrl\":\"https:\\\/\\\/radioljubuski.ba\\\/wp-content\\\/uploads\\\/2022\\\/06\\\/10-2022-06-22-22-00-44-Snimka-zaslona-2022-06-22-215856.jpg\",\"articleSection\":[\"BIH i regija\"],\"inLanguage\":\"hr\"},{\"@type\":\"WebPage\",\"@id\":\"https:\\\/\\\/radioljubuski.ba\\\/index.php\\\/2022\\\/06\\\/23\\\/izlozba-tragovi-akademika-mehmeda-a-aksamije-otvorena-u-mostaru\\\/\",\"url\":\"https:\\\/\\\/radioljubuski.ba\\\/index.php\\\/2022\\\/06\\\/23\\\/izlozba-tragovi-akademika-mehmeda-a-aksamije-otvorena-u-mostaru\\\/\",\"name\":\"Izlo\u017eba 'Tragovi' akademika Mehmeda A. Ak\u0161amije otvorena u Mostaru - RADIO LJUBU\u0160KI\",\"isPartOf\":{\"@id\":\"https:\\\/\\\/radioljubuski.ba\\\/#website\"},\"primaryImageOfPage\":{\"@id\":\"https:\\\/\\\/radioljubuski.ba\\\/index.php\\\/2022\\\/06\\\/23\\\/izlozba-tragovi-akademika-mehmeda-a-aksamije-otvorena-u-mostaru\\\/#primaryimage\"},\"image\":{\"@id\":\"https:\\\/\\\/radioljubuski.ba\\\/index.php\\\/2022\\\/06\\\/23\\\/izlozba-tragovi-akademika-mehmeda-a-aksamije-otvorena-u-mostaru\\\/#primaryimage\"},\"thumbnailUrl\":\"https:\\\/\\\/radioljubuski.ba\\\/wp-content\\\/uploads\\\/2022\\\/06\\\/10-2022-06-22-22-00-44-Snimka-zaslona-2022-06-22-215856.jpg\",\"datePublished\":\"2022-06-23T09:55:03+00:00\",\"dateModified\":\"2022-06-23T09:55:05+00:00\",\"breadcrumb\":{\"@id\":\"https:\\\/\\\/radioljubuski.ba\\\/index.php\\\/2022\\\/06\\\/23\\\/izlozba-tragovi-akademika-mehmeda-a-aksamije-otvorena-u-mostaru\\\/#breadcrumb\"},\"inLanguage\":\"hr\",\"potentialAction\":[{\"@type\":\"ReadAction\",\"target\":[\"https:\\\/\\\/radioljubuski.ba\\\/index.php\\\/2022\\\/06\\\/23\\\/izlozba-tragovi-akademika-mehmeda-a-aksamije-otvorena-u-mostaru\\\/\"]}]},{\"@type\":\"ImageObject\",\"inLanguage\":\"hr\",\"@id\":\"https:\\\/\\\/radioljubuski.ba\\\/index.php\\\/2022\\\/06\\\/23\\\/izlozba-tragovi-akademika-mehmeda-a-aksamije-otvorena-u-mostaru\\\/#primaryimage\",\"url\":\"https:\\\/\\\/radioljubuski.ba\\\/wp-content\\\/uploads\\\/2022\\\/06\\\/10-2022-06-22-22-00-44-Snimka-zaslona-2022-06-22-215856.jpg\",\"contentUrl\":\"https:\\\/\\\/radioljubuski.ba\\\/wp-content\\\/uploads\\\/2022\\\/06\\\/10-2022-06-22-22-00-44-Snimka-zaslona-2022-06-22-215856.jpg\",\"width\":1000,\"height\":625},{\"@type\":\"BreadcrumbList\",\"@id\":\"https:\\\/\\\/radioljubuski.ba\\\/index.php\\\/2022\\\/06\\\/23\\\/izlozba-tragovi-akademika-mehmeda-a-aksamije-otvorena-u-mostaru\\\/#breadcrumb\",\"itemListElement\":[{\"@type\":\"ListItem\",\"position\":1,\"name\":\"Po\u010detna stranica\",\"item\":\"https:\\\/\\\/radioljubuski.ba\\\/\"},{\"@type\":\"ListItem\",\"position\":2,\"name\":\"Izlo\u017eba &#8216;Tragovi&#8217; akademika Mehmeda A. Ak\u0161amije otvorena u Mostaru\"}]},{\"@type\":\"WebSite\",\"@id\":\"https:\\\/\\\/radioljubuski.ba\\\/#website\",\"url\":\"https:\\\/\\\/radioljubuski.ba\\\/\",\"name\":\"Radio Ljubu\u0161ki\",\"description\":\"Sun\u010dana frekvencija Hercegovine\",\"publisher\":{\"@id\":\"https:\\\/\\\/radioljubuski.ba\\\/#organization\"},\"potentialAction\":[{\"@type\":\"SearchAction\",\"target\":{\"@type\":\"EntryPoint\",\"urlTemplate\":\"https:\\\/\\\/radioljubuski.ba\\\/?s={search_term_string}\"},\"query-input\":{\"@type\":\"PropertyValueSpecification\",\"valueRequired\":true,\"valueName\":\"search_term_string\"}}],\"inLanguage\":\"hr\"},{\"@type\":\"Organization\",\"@id\":\"https:\\\/\\\/radioljubuski.ba\\\/#organization\",\"name\":\"Radio Ljubu\u0161ki\",\"url\":\"https:\\\/\\\/radioljubuski.ba\\\/\",\"logo\":{\"@type\":\"ImageObject\",\"inLanguage\":\"hr\",\"@id\":\"https:\\\/\\\/radioljubuski.ba\\\/#\\\/schema\\\/logo\\\/image\\\/\",\"url\":\"https:\\\/\\\/radioljubuski.ba\\\/wp-content\\\/uploads\\\/2021\\\/02\\\/cropped-Radio_Ljubuski_logo1.jpg\",\"contentUrl\":\"https:\\\/\\\/radioljubuski.ba\\\/wp-content\\\/uploads\\\/2021\\\/02\\\/cropped-Radio_Ljubuski_logo1.jpg\",\"width\":512,\"height\":512,\"caption\":\"Radio Ljubu\u0161ki\"},\"image\":{\"@id\":\"https:\\\/\\\/radioljubuski.ba\\\/#\\\/schema\\\/logo\\\/image\\\/\"},\"sameAs\":[\"https:\\\/\\\/www.facebook.com\\\/Radiio-Ljubuski-1490835324566332\",\"https:\\\/\\\/x.com\\\/radioljubuski\",\"https:\\\/\\\/hr.linkedin.com\\\/company\\\/radio-ljubuski\",\"https:\\\/\\\/www.youtube.com\\\/channel\\\/UCHYaeO_n0Db3tjNGudGpXyw\"]},{\"@type\":\"Person\",\"@id\":\"https:\\\/\\\/radioljubuski.ba\\\/#\\\/schema\\\/person\\\/19fc700381a780f69665d7956c469e3b\",\"name\":\"Radio Ljubu\u0161ki\"}]}<\/script>\n<!-- \/ Yoast SEO plugin. -->","yoast_head_json":{"title":"Izlo\u017eba 'Tragovi' akademika Mehmeda A. Ak\u0161amije otvorena u Mostaru - RADIO LJUBU\u0160KI","robots":{"index":"index","follow":"follow","max-snippet":"max-snippet:-1","max-image-preview":"max-image-preview:large","max-video-preview":"max-video-preview:-1"},"canonical":"https:\/\/radioljubuski.ba\/index.php\/2022\/06\/23\/izlozba-tragovi-akademika-mehmeda-a-aksamije-otvorena-u-mostaru\/","og_locale":"hr_HR","og_type":"article","og_title":"Izlo\u017eba 'Tragovi' akademika Mehmeda A. Ak\u0161amije otvorena u Mostaru - RADIO LJUBU\u0160KI","og_description":"Izlo\u017eba radova &#8220;Tragovi\/Traces&#8221;, likovni projekt akademika Mehmeda A. Ak\u0161amije, otvorena je u srijedu nave\u010der u Galeriji kraljice Katarine Kosa\u010da u Mostaru. Jedan od promotora izlo\u017ebe Marin Ivanovi\u0107 naglasio je kako je Mehmed Ak\u0161amija umjetnik koji dolazi iz umjetni\u010dke obitelji te da je rije\u010d o umjetniku koji je postmodernisti\u010dki u likovnom smislu, a koji ima svoje [&hellip;]","og_url":"https:\/\/radioljubuski.ba\/index.php\/2022\/06\/23\/izlozba-tragovi-akademika-mehmeda-a-aksamije-otvorena-u-mostaru\/","og_site_name":"RADIO LJUBU\u0160KI","article_publisher":"https:\/\/www.facebook.com\/Radiio-Ljubuski-1490835324566332","article_published_time":"2022-06-23T09:55:03+00:00","article_modified_time":"2022-06-23T09:55:05+00:00","og_image":[{"width":1000,"height":625,"url":"https:\/\/radioljubuski.ba\/wp-content\/uploads\/2022\/06\/10-2022-06-22-22-00-44-Snimka-zaslona-2022-06-22-215856.jpg","type":"image\/jpeg"}],"author":"Radio Ljubu\u0161ki","twitter_card":"summary_large_image","twitter_creator":"@radioljubuski","twitter_site":"@radioljubuski","twitter_misc":{"Napisao\/la":"Radio Ljubu\u0161ki","Procijenjeno vrijeme \u010ditanja":"2 minute"},"schema":{"@context":"https:\/\/schema.org","@graph":[{"@type":"Article","@id":"https:\/\/radioljubuski.ba\/index.php\/2022\/06\/23\/izlozba-tragovi-akademika-mehmeda-a-aksamije-otvorena-u-mostaru\/#article","isPartOf":{"@id":"https:\/\/radioljubuski.ba\/index.php\/2022\/06\/23\/izlozba-tragovi-akademika-mehmeda-a-aksamije-otvorena-u-mostaru\/"},"author":{"name":"Radio Ljubu\u0161ki","@id":"https:\/\/radioljubuski.ba\/#\/schema\/person\/19fc700381a780f69665d7956c469e3b"},"headline":"Izlo\u017eba &#8216;Tragovi&#8217; akademika Mehmeda A. Ak\u0161amije otvorena u Mostaru","datePublished":"2022-06-23T09:55:03+00:00","dateModified":"2022-06-23T09:55:05+00:00","mainEntityOfPage":{"@id":"https:\/\/radioljubuski.ba\/index.php\/2022\/06\/23\/izlozba-tragovi-akademika-mehmeda-a-aksamije-otvorena-u-mostaru\/"},"wordCount":473,"publisher":{"@id":"https:\/\/radioljubuski.ba\/#organization"},"image":{"@id":"https:\/\/radioljubuski.ba\/index.php\/2022\/06\/23\/izlozba-tragovi-akademika-mehmeda-a-aksamije-otvorena-u-mostaru\/#primaryimage"},"thumbnailUrl":"https:\/\/radioljubuski.ba\/wp-content\/uploads\/2022\/06\/10-2022-06-22-22-00-44-Snimka-zaslona-2022-06-22-215856.jpg","articleSection":["BIH i regija"],"inLanguage":"hr"},{"@type":"WebPage","@id":"https:\/\/radioljubuski.ba\/index.php\/2022\/06\/23\/izlozba-tragovi-akademika-mehmeda-a-aksamije-otvorena-u-mostaru\/","url":"https:\/\/radioljubuski.ba\/index.php\/2022\/06\/23\/izlozba-tragovi-akademika-mehmeda-a-aksamije-otvorena-u-mostaru\/","name":"Izlo\u017eba 'Tragovi' akademika Mehmeda A. Ak\u0161amije otvorena u Mostaru - RADIO LJUBU\u0160KI","isPartOf":{"@id":"https:\/\/radioljubuski.ba\/#website"},"primaryImageOfPage":{"@id":"https:\/\/radioljubuski.ba\/index.php\/2022\/06\/23\/izlozba-tragovi-akademika-mehmeda-a-aksamije-otvorena-u-mostaru\/#primaryimage"},"image":{"@id":"https:\/\/radioljubuski.ba\/index.php\/2022\/06\/23\/izlozba-tragovi-akademika-mehmeda-a-aksamije-otvorena-u-mostaru\/#primaryimage"},"thumbnailUrl":"https:\/\/radioljubuski.ba\/wp-content\/uploads\/2022\/06\/10-2022-06-22-22-00-44-Snimka-zaslona-2022-06-22-215856.jpg","datePublished":"2022-06-23T09:55:03+00:00","dateModified":"2022-06-23T09:55:05+00:00","breadcrumb":{"@id":"https:\/\/radioljubuski.ba\/index.php\/2022\/06\/23\/izlozba-tragovi-akademika-mehmeda-a-aksamije-otvorena-u-mostaru\/#breadcrumb"},"inLanguage":"hr","potentialAction":[{"@type":"ReadAction","target":["https:\/\/radioljubuski.ba\/index.php\/2022\/06\/23\/izlozba-tragovi-akademika-mehmeda-a-aksamije-otvorena-u-mostaru\/"]}]},{"@type":"ImageObject","inLanguage":"hr","@id":"https:\/\/radioljubuski.ba\/index.php\/2022\/06\/23\/izlozba-tragovi-akademika-mehmeda-a-aksamije-otvorena-u-mostaru\/#primaryimage","url":"https:\/\/radioljubuski.ba\/wp-content\/uploads\/2022\/06\/10-2022-06-22-22-00-44-Snimka-zaslona-2022-06-22-215856.jpg","contentUrl":"https:\/\/radioljubuski.ba\/wp-content\/uploads\/2022\/06\/10-2022-06-22-22-00-44-Snimka-zaslona-2022-06-22-215856.jpg","width":1000,"height":625},{"@type":"BreadcrumbList","@id":"https:\/\/radioljubuski.ba\/index.php\/2022\/06\/23\/izlozba-tragovi-akademika-mehmeda-a-aksamije-otvorena-u-mostaru\/#breadcrumb","itemListElement":[{"@type":"ListItem","position":1,"name":"Po\u010detna stranica","item":"https:\/\/radioljubuski.ba\/"},{"@type":"ListItem","position":2,"name":"Izlo\u017eba &#8216;Tragovi&#8217; akademika Mehmeda A. Ak\u0161amije otvorena u Mostaru"}]},{"@type":"WebSite","@id":"https:\/\/radioljubuski.ba\/#website","url":"https:\/\/radioljubuski.ba\/","name":"Radio Ljubu\u0161ki","description":"Sun\u010dana frekvencija Hercegovine","publisher":{"@id":"https:\/\/radioljubuski.ba\/#organization"},"potentialAction":[{"@type":"SearchAction","target":{"@type":"EntryPoint","urlTemplate":"https:\/\/radioljubuski.ba\/?s={search_term_string}"},"query-input":{"@type":"PropertyValueSpecification","valueRequired":true,"valueName":"search_term_string"}}],"inLanguage":"hr"},{"@type":"Organization","@id":"https:\/\/radioljubuski.ba\/#organization","name":"Radio Ljubu\u0161ki","url":"https:\/\/radioljubuski.ba\/","logo":{"@type":"ImageObject","inLanguage":"hr","@id":"https:\/\/radioljubuski.ba\/#\/schema\/logo\/image\/","url":"https:\/\/radioljubuski.ba\/wp-content\/uploads\/2021\/02\/cropped-Radio_Ljubuski_logo1.jpg","contentUrl":"https:\/\/radioljubuski.ba\/wp-content\/uploads\/2021\/02\/cropped-Radio_Ljubuski_logo1.jpg","width":512,"height":512,"caption":"Radio Ljubu\u0161ki"},"image":{"@id":"https:\/\/radioljubuski.ba\/#\/schema\/logo\/image\/"},"sameAs":["https:\/\/www.facebook.com\/Radiio-Ljubuski-1490835324566332","https:\/\/x.com\/radioljubuski","https:\/\/hr.linkedin.com\/company\/radio-ljubuski","https:\/\/www.youtube.com\/channel\/UCHYaeO_n0Db3tjNGudGpXyw"]},{"@type":"Person","@id":"https:\/\/radioljubuski.ba\/#\/schema\/person\/19fc700381a780f69665d7956c469e3b","name":"Radio Ljubu\u0161ki"}]}},"_links":{"self":[{"href":"https:\/\/radioljubuski.ba\/index.php\/wp-json\/wp\/v2\/posts\/152588","targetHints":{"allow":["GET"]}}],"collection":[{"href":"https:\/\/radioljubuski.ba\/index.php\/wp-json\/wp\/v2\/posts"}],"about":[{"href":"https:\/\/radioljubuski.ba\/index.php\/wp-json\/wp\/v2\/types\/post"}],"author":[{"embeddable":true,"href":"https:\/\/radioljubuski.ba\/index.php\/wp-json\/wp\/v2\/users\/2"}],"replies":[{"embeddable":true,"href":"https:\/\/radioljubuski.ba\/index.php\/wp-json\/wp\/v2\/comments?post=152588"}],"version-history":[{"count":1,"href":"https:\/\/radioljubuski.ba\/index.php\/wp-json\/wp\/v2\/posts\/152588\/revisions"}],"predecessor-version":[{"id":152592,"href":"https:\/\/radioljubuski.ba\/index.php\/wp-json\/wp\/v2\/posts\/152588\/revisions\/152592"}],"wp:featuredmedia":[{"embeddable":true,"href":"https:\/\/radioljubuski.ba\/index.php\/wp-json\/wp\/v2\/media\/152591"}],"wp:attachment":[{"href":"https:\/\/radioljubuski.ba\/index.php\/wp-json\/wp\/v2\/media?parent=152588"}],"wp:term":[{"taxonomy":"category","embeddable":true,"href":"https:\/\/radioljubuski.ba\/index.php\/wp-json\/wp\/v2\/categories?post=152588"},{"taxonomy":"post_tag","embeddable":true,"href":"https:\/\/radioljubuski.ba\/index.php\/wp-json\/wp\/v2\/tags?post=152588"}],"curies":[{"name":"wp","href":"https:\/\/api.w.org\/{rel}","templated":true}]}}