{"id":152593,"date":"2022-06-23T10:56:06","date_gmt":"2022-06-23T09:56:06","guid":{"rendered":"https:\/\/radioljubuski.ba\/?p=152593"},"modified":"2022-06-23T10:56:08","modified_gmt":"2022-06-23T09:56:08","slug":"mostarac-uhicen-zbog-pljacke-100-000-km-u-banja-luci-traze-ga-i-u-mostaru-i-sirokom-brijegu","status":"publish","type":"post","link":"https:\/\/radioljubuski.ba\/index.php\/2022\/06\/23\/mostarac-uhicen-zbog-pljacke-100-000-km-u-banja-luci-traze-ga-i-u-mostaru-i-sirokom-brijegu\/","title":{"rendered":"Mostarac uhi\u0107en zbog plja\u010dke 100 000 KM u Banja Luci, tra\u017ee ga i u Mostaru i \u0160irokom Brijegu"},"content":{"rendered":"\n<p>Mostarac Zoran P. (39) koji je osumnji\u010den za devet kra\u0111a na podru\u010dju Banja Luke &#8220;te\u0161kih&#8221; oko 100.000 maraka, a za kojim je bilo na raspisano pet potjernica, uhi\u0107en je u utorak u iznajmljenom stanu u Banja Luci, saznaju &#8220;Nezavisne novine&#8221;.<\/p>\n\n\n\n<p>On je uhi\u0107en u okviru akcije kodnog naziva &#8216;Sover&#8217;, a osumnji\u010den da je provaljivao u ku\u0107e i stanove i krao sve \u0161to je bilo vrijedno, novac, zlato, nakit&#8230;<\/p>\n\n\n\n<p>&#8220;Policijski slu\u017ebenici Policijske uprave Banja Luka, u okviru akcije kodnog naziva &#8216;Sover&#8217;, koja je usmjerena na rasvjetljavanje krivi\u010dnih djela te\u0161ke kra\u0111e li\u0161ili su slobode P.Z. iz Mostara. Prilikom li\u0161enja slobode lice Z.P. je pru\u017ealo aktivni otpor, \u010dime je po\u010dinilo krivi\u010dno djelo spre\u010davanje slu\u017ebenog lica u vr\u0161enju slu\u017ebene radnje&#8221;, navodi se u priop\u0107enju policije.<\/p>\n\n\n\n<p>Istog dana na osnovu naredbe Okru\u017enog suda Banja Luka, izvr\u0161en je pretres stana u Banja Luci, koji koristi Z.P., kojom prilikom su prona\u0111eni i oduzeti predmeti koji se mogu dovesti u vezu sa izvr\u0161enjem krivi\u010dnih djela.<\/p>\n\n\n\n<p>Policija je prona\u0161la novac u razli\u010ditim apoenima i valutama ukupne vrijednosti 2.230 KM, pet skupocjenih ru\u010dnih satova, bijela pra\u0161kasta materija koja svojim izgledom asocira na opojnu drogu &#8221;kokain&#8221;, sme\u0111a pra\u0161kasta materija koja svojim izgledom asocira na opojnu drogu &#8216;heroin&#8217;, tablete, patike, garderoba.<\/p>\n\n\n\n<p>&#8220;U tijeku kriminalisti\u010dke obrade utvr\u0111eno je da je Z.P. na podru\u010dju grada Banja Luka, u vremenu od 2020. godine do 06.06.2022. godine, izvr\u0161io devet krivi\u010dnih djela te\u0161ka kra\u0111a, kojima je pri\u010dinjena ukupna materijalna \u0161teta u iznosu od oko 100.000 KM&#8221;, navode iz policije.<\/p>\n\n\n\n<p>Tako\u0111er, je utvr\u0111eno da je za istim raspisno pet aktivnih potjernica Op\u0107inskog suda Mostar i \u0160iroki Brijeg, zbog \u010dega je ju\u010der predat policijskim slu\u017ebenicima Centra sudske policije KSB Novi Travnik.<\/p>\n\n\n\n<p>Izvor:<a href=\"https:\/\/pogled.ba\/crna-kronika\/mostarac-uhicen-zbog-pljacke-100-000-km-u-banja-luci-traze-ga-i-u-mostaru-i-sirokom-brijegu\/248857\">Pogled.ba<\/a><\/p>\n","protected":false},"excerpt":{"rendered":"<p>Mostarac Zoran P. (39) koji je osumnji\u010den za devet kra\u0111a na podru\u010dju Banja Luke &#8220;te\u0161kih&#8221; oko 100.000 maraka, a za kojim je bilo na raspisano pet potjernica, uhi\u0107en je u utorak u iznajmljenom stanu u Banja Luci, saznaju &#8220;Nezavisne novine&#8221;. On je uhi\u0107en u okviru akcije kodnog naziva &#8216;Sover&#8217;, a osumnji\u010den da je provaljivao u [&hellip;]<\/p>\n","protected":false},"author":2,"featured_media":152595,"comment_status":"closed","ping_status":"closed","sticky":false,"template":"","format":"standard","meta":{"h5ap_radio_sources":[],"footnotes":""},"categories":[1],"tags":[],"class_list":["post-152593","post","type-post","status-publish","format-standard","has-post-thumbnail","hentry","category-bihiregija"],"yoast_head":"<!-- This site is optimized with the Yoast SEO plugin v27.4 - https:\/\/yoast.com\/product\/yoast-seo-wordpress\/ -->\n<title>Mostarac uhi\u0107en zbog plja\u010dke 100 000 KM u Banja Luci, tra\u017ee ga i u Mostaru i \u0160irokom Brijegu - RADIO LJUBU\u0160KI<\/title>\n<meta name=\"robots\" content=\"index, follow, max-snippet:-1, max-image-preview:large, max-video-preview:-1\" \/>\n<link rel=\"canonical\" href=\"https:\/\/radioljubuski.ba\/index.php\/2022\/06\/23\/mostarac-uhicen-zbog-pljacke-100-000-km-u-banja-luci-traze-ga-i-u-mostaru-i-sirokom-brijegu\/\" \/>\n<meta property=\"og:locale\" content=\"hr_HR\" \/>\n<meta property=\"og:type\" content=\"article\" \/>\n<meta property=\"og:title\" content=\"Mostarac uhi\u0107en zbog plja\u010dke 100 000 KM u Banja Luci, tra\u017ee ga i u Mostaru i \u0160irokom Brijegu - RADIO LJUBU\u0160KI\" \/>\n<meta property=\"og:description\" content=\"Mostarac Zoran P. (39) koji je osumnji\u010den za devet kra\u0111a na podru\u010dju Banja Luke &#8220;te\u0161kih&#8221; oko 100.000 maraka, a za kojim je bilo na raspisano pet potjernica, uhi\u0107en je u utorak u iznajmljenom stanu u Banja Luci, saznaju &#8220;Nezavisne novine&#8221;. On je uhi\u0107en u okviru akcije kodnog naziva &#8216;Sover&#8217;, a osumnji\u010den da je provaljivao u [&hellip;]\" \/>\n<meta property=\"og:url\" content=\"https:\/\/radioljubuski.ba\/index.php\/2022\/06\/23\/mostarac-uhicen-zbog-pljacke-100-000-km-u-banja-luci-traze-ga-i-u-mostaru-i-sirokom-brijegu\/\" \/>\n<meta property=\"og:site_name\" content=\"RADIO LJUBU\u0160KI\" \/>\n<meta property=\"article:publisher\" content=\"https:\/\/www.facebook.com\/Radiio-Ljubuski-1490835324566332\" \/>\n<meta property=\"article:published_time\" content=\"2022-06-23T09:56:06+00:00\" \/>\n<meta property=\"article:modified_time\" content=\"2022-06-23T09:56:08+00:00\" \/>\n<meta property=\"og:image\" content=\"https:\/\/radioljubuski.ba\/wp-content\/uploads\/2022\/06\/8-2022-06-06-08-53-52-banja-luka-policija-1.jpeg\" \/>\n\t<meta property=\"og:image:width\" content=\"1000\" \/>\n\t<meta property=\"og:image:height\" content=\"625\" \/>\n\t<meta property=\"og:image:type\" content=\"image\/jpeg\" \/>\n<meta name=\"author\" content=\"Radio Ljubu\u0161ki\" \/>\n<meta name=\"twitter:card\" content=\"summary_large_image\" \/>\n<meta name=\"twitter:creator\" content=\"@radioljubuski\" \/>\n<meta name=\"twitter:site\" content=\"@radioljubuski\" \/>\n<meta name=\"twitter:label1\" content=\"Napisao\/la\" \/>\n\t<meta name=\"twitter:data1\" content=\"Radio Ljubu\u0161ki\" \/>\n\t<meta name=\"twitter:label2\" content=\"Procijenjeno vrijeme \u010ditanja\" \/>\n\t<meta name=\"twitter:data2\" content=\"2 minute\" \/>\n<script type=\"application\/ld+json\" class=\"yoast-schema-graph\">{\"@context\":\"https:\\\/\\\/schema.org\",\"@graph\":[{\"@type\":\"Article\",\"@id\":\"https:\\\/\\\/radioljubuski.ba\\\/index.php\\\/2022\\\/06\\\/23\\\/mostarac-uhicen-zbog-pljacke-100-000-km-u-banja-luci-traze-ga-i-u-mostaru-i-sirokom-brijegu\\\/#article\",\"isPartOf\":{\"@id\":\"https:\\\/\\\/radioljubuski.ba\\\/index.php\\\/2022\\\/06\\\/23\\\/mostarac-uhicen-zbog-pljacke-100-000-km-u-banja-luci-traze-ga-i-u-mostaru-i-sirokom-brijegu\\\/\"},\"author\":{\"name\":\"Radio Ljubu\u0161ki\",\"@id\":\"https:\\\/\\\/radioljubuski.ba\\\/#\\\/schema\\\/person\\\/19fc700381a780f69665d7956c469e3b\"},\"headline\":\"Mostarac uhi\u0107en zbog plja\u010dke 100 000 KM u Banja Luci, tra\u017ee ga i u Mostaru i \u0160irokom Brijegu\",\"datePublished\":\"2022-06-23T09:56:06+00:00\",\"dateModified\":\"2022-06-23T09:56:08+00:00\",\"mainEntityOfPage\":{\"@id\":\"https:\\\/\\\/radioljubuski.ba\\\/index.php\\\/2022\\\/06\\\/23\\\/mostarac-uhicen-zbog-pljacke-100-000-km-u-banja-luci-traze-ga-i-u-mostaru-i-sirokom-brijegu\\\/\"},\"wordCount\":338,\"publisher\":{\"@id\":\"https:\\\/\\\/radioljubuski.ba\\\/#organization\"},\"image\":{\"@id\":\"https:\\\/\\\/radioljubuski.ba\\\/index.php\\\/2022\\\/06\\\/23\\\/mostarac-uhicen-zbog-pljacke-100-000-km-u-banja-luci-traze-ga-i-u-mostaru-i-sirokom-brijegu\\\/#primaryimage\"},\"thumbnailUrl\":\"https:\\\/\\\/radioljubuski.ba\\\/wp-content\\\/uploads\\\/2022\\\/06\\\/8-2022-06-06-08-53-52-banja-luka-policija-1.jpeg\",\"articleSection\":[\"BIH i regija\"],\"inLanguage\":\"hr\"},{\"@type\":\"WebPage\",\"@id\":\"https:\\\/\\\/radioljubuski.ba\\\/index.php\\\/2022\\\/06\\\/23\\\/mostarac-uhicen-zbog-pljacke-100-000-km-u-banja-luci-traze-ga-i-u-mostaru-i-sirokom-brijegu\\\/\",\"url\":\"https:\\\/\\\/radioljubuski.ba\\\/index.php\\\/2022\\\/06\\\/23\\\/mostarac-uhicen-zbog-pljacke-100-000-km-u-banja-luci-traze-ga-i-u-mostaru-i-sirokom-brijegu\\\/\",\"name\":\"Mostarac uhi\u0107en zbog plja\u010dke 100 000 KM u Banja Luci, tra\u017ee ga i u Mostaru i \u0160irokom Brijegu - RADIO LJUBU\u0160KI\",\"isPartOf\":{\"@id\":\"https:\\\/\\\/radioljubuski.ba\\\/#website\"},\"primaryImageOfPage\":{\"@id\":\"https:\\\/\\\/radioljubuski.ba\\\/index.php\\\/2022\\\/06\\\/23\\\/mostarac-uhicen-zbog-pljacke-100-000-km-u-banja-luci-traze-ga-i-u-mostaru-i-sirokom-brijegu\\\/#primaryimage\"},\"image\":{\"@id\":\"https:\\\/\\\/radioljubuski.ba\\\/index.php\\\/2022\\\/06\\\/23\\\/mostarac-uhicen-zbog-pljacke-100-000-km-u-banja-luci-traze-ga-i-u-mostaru-i-sirokom-brijegu\\\/#primaryimage\"},\"thumbnailUrl\":\"https:\\\/\\\/radioljubuski.ba\\\/wp-content\\\/uploads\\\/2022\\\/06\\\/8-2022-06-06-08-53-52-banja-luka-policija-1.jpeg\",\"datePublished\":\"2022-06-23T09:56:06+00:00\",\"dateModified\":\"2022-06-23T09:56:08+00:00\",\"breadcrumb\":{\"@id\":\"https:\\\/\\\/radioljubuski.ba\\\/index.php\\\/2022\\\/06\\\/23\\\/mostarac-uhicen-zbog-pljacke-100-000-km-u-banja-luci-traze-ga-i-u-mostaru-i-sirokom-brijegu\\\/#breadcrumb\"},\"inLanguage\":\"hr\",\"potentialAction\":[{\"@type\":\"ReadAction\",\"target\":[\"https:\\\/\\\/radioljubuski.ba\\\/index.php\\\/2022\\\/06\\\/23\\\/mostarac-uhicen-zbog-pljacke-100-000-km-u-banja-luci-traze-ga-i-u-mostaru-i-sirokom-brijegu\\\/\"]}]},{\"@type\":\"ImageObject\",\"inLanguage\":\"hr\",\"@id\":\"https:\\\/\\\/radioljubuski.ba\\\/index.php\\\/2022\\\/06\\\/23\\\/mostarac-uhicen-zbog-pljacke-100-000-km-u-banja-luci-traze-ga-i-u-mostaru-i-sirokom-brijegu\\\/#primaryimage\",\"url\":\"https:\\\/\\\/radioljubuski.ba\\\/wp-content\\\/uploads\\\/2022\\\/06\\\/8-2022-06-06-08-53-52-banja-luka-policija-1.jpeg\",\"contentUrl\":\"https:\\\/\\\/radioljubuski.ba\\\/wp-content\\\/uploads\\\/2022\\\/06\\\/8-2022-06-06-08-53-52-banja-luka-policija-1.jpeg\",\"width\":1000,\"height\":625},{\"@type\":\"BreadcrumbList\",\"@id\":\"https:\\\/\\\/radioljubuski.ba\\\/index.php\\\/2022\\\/06\\\/23\\\/mostarac-uhicen-zbog-pljacke-100-000-km-u-banja-luci-traze-ga-i-u-mostaru-i-sirokom-brijegu\\\/#breadcrumb\",\"itemListElement\":[{\"@type\":\"ListItem\",\"position\":1,\"name\":\"Po\u010detna stranica\",\"item\":\"https:\\\/\\\/radioljubuski.ba\\\/\"},{\"@type\":\"ListItem\",\"position\":2,\"name\":\"Mostarac uhi\u0107en zbog plja\u010dke 100 000 KM u Banja Luci, tra\u017ee ga i u Mostaru i \u0160irokom Brijegu\"}]},{\"@type\":\"WebSite\",\"@id\":\"https:\\\/\\\/radioljubuski.ba\\\/#website\",\"url\":\"https:\\\/\\\/radioljubuski.ba\\\/\",\"name\":\"Radio Ljubu\u0161ki\",\"description\":\"Sun\u010dana frekvencija Hercegovine\",\"publisher\":{\"@id\":\"https:\\\/\\\/radioljubuski.ba\\\/#organization\"},\"potentialAction\":[{\"@type\":\"SearchAction\",\"target\":{\"@type\":\"EntryPoint\",\"urlTemplate\":\"https:\\\/\\\/radioljubuski.ba\\\/?s={search_term_string}\"},\"query-input\":{\"@type\":\"PropertyValueSpecification\",\"valueRequired\":true,\"valueName\":\"search_term_string\"}}],\"inLanguage\":\"hr\"},{\"@type\":\"Organization\",\"@id\":\"https:\\\/\\\/radioljubuski.ba\\\/#organization\",\"name\":\"Radio Ljubu\u0161ki\",\"url\":\"https:\\\/\\\/radioljubuski.ba\\\/\",\"logo\":{\"@type\":\"ImageObject\",\"inLanguage\":\"hr\",\"@id\":\"https:\\\/\\\/radioljubuski.ba\\\/#\\\/schema\\\/logo\\\/image\\\/\",\"url\":\"https:\\\/\\\/radioljubuski.ba\\\/wp-content\\\/uploads\\\/2021\\\/02\\\/cropped-Radio_Ljubuski_logo1.jpg\",\"contentUrl\":\"https:\\\/\\\/radioljubuski.ba\\\/wp-content\\\/uploads\\\/2021\\\/02\\\/cropped-Radio_Ljubuski_logo1.jpg\",\"width\":512,\"height\":512,\"caption\":\"Radio Ljubu\u0161ki\"},\"image\":{\"@id\":\"https:\\\/\\\/radioljubuski.ba\\\/#\\\/schema\\\/logo\\\/image\\\/\"},\"sameAs\":[\"https:\\\/\\\/www.facebook.com\\\/Radiio-Ljubuski-1490835324566332\",\"https:\\\/\\\/x.com\\\/radioljubuski\",\"https:\\\/\\\/hr.linkedin.com\\\/company\\\/radio-ljubuski\",\"https:\\\/\\\/www.youtube.com\\\/channel\\\/UCHYaeO_n0Db3tjNGudGpXyw\"]},{\"@type\":\"Person\",\"@id\":\"https:\\\/\\\/radioljubuski.ba\\\/#\\\/schema\\\/person\\\/19fc700381a780f69665d7956c469e3b\",\"name\":\"Radio Ljubu\u0161ki\"}]}<\/script>\n<!-- \/ Yoast SEO plugin. -->","yoast_head_json":{"title":"Mostarac uhi\u0107en zbog plja\u010dke 100 000 KM u Banja Luci, tra\u017ee ga i u Mostaru i \u0160irokom Brijegu - RADIO LJUBU\u0160KI","robots":{"index":"index","follow":"follow","max-snippet":"max-snippet:-1","max-image-preview":"max-image-preview:large","max-video-preview":"max-video-preview:-1"},"canonical":"https:\/\/radioljubuski.ba\/index.php\/2022\/06\/23\/mostarac-uhicen-zbog-pljacke-100-000-km-u-banja-luci-traze-ga-i-u-mostaru-i-sirokom-brijegu\/","og_locale":"hr_HR","og_type":"article","og_title":"Mostarac uhi\u0107en zbog plja\u010dke 100 000 KM u Banja Luci, tra\u017ee ga i u Mostaru i \u0160irokom Brijegu - RADIO LJUBU\u0160KI","og_description":"Mostarac Zoran P. (39) koji je osumnji\u010den za devet kra\u0111a na podru\u010dju Banja Luke &#8220;te\u0161kih&#8221; oko 100.000 maraka, a za kojim je bilo na raspisano pet potjernica, uhi\u0107en je u utorak u iznajmljenom stanu u Banja Luci, saznaju &#8220;Nezavisne novine&#8221;. On je uhi\u0107en u okviru akcije kodnog naziva &#8216;Sover&#8217;, a osumnji\u010den da je provaljivao u [&hellip;]","og_url":"https:\/\/radioljubuski.ba\/index.php\/2022\/06\/23\/mostarac-uhicen-zbog-pljacke-100-000-km-u-banja-luci-traze-ga-i-u-mostaru-i-sirokom-brijegu\/","og_site_name":"RADIO LJUBU\u0160KI","article_publisher":"https:\/\/www.facebook.com\/Radiio-Ljubuski-1490835324566332","article_published_time":"2022-06-23T09:56:06+00:00","article_modified_time":"2022-06-23T09:56:08+00:00","og_image":[{"width":1000,"height":625,"url":"https:\/\/radioljubuski.ba\/wp-content\/uploads\/2022\/06\/8-2022-06-06-08-53-52-banja-luka-policija-1.jpeg","type":"image\/jpeg"}],"author":"Radio Ljubu\u0161ki","twitter_card":"summary_large_image","twitter_creator":"@radioljubuski","twitter_site":"@radioljubuski","twitter_misc":{"Napisao\/la":"Radio Ljubu\u0161ki","Procijenjeno vrijeme \u010ditanja":"2 minute"},"schema":{"@context":"https:\/\/schema.org","@graph":[{"@type":"Article","@id":"https:\/\/radioljubuski.ba\/index.php\/2022\/06\/23\/mostarac-uhicen-zbog-pljacke-100-000-km-u-banja-luci-traze-ga-i-u-mostaru-i-sirokom-brijegu\/#article","isPartOf":{"@id":"https:\/\/radioljubuski.ba\/index.php\/2022\/06\/23\/mostarac-uhicen-zbog-pljacke-100-000-km-u-banja-luci-traze-ga-i-u-mostaru-i-sirokom-brijegu\/"},"author":{"name":"Radio Ljubu\u0161ki","@id":"https:\/\/radioljubuski.ba\/#\/schema\/person\/19fc700381a780f69665d7956c469e3b"},"headline":"Mostarac uhi\u0107en zbog plja\u010dke 100 000 KM u Banja Luci, tra\u017ee ga i u Mostaru i \u0160irokom Brijegu","datePublished":"2022-06-23T09:56:06+00:00","dateModified":"2022-06-23T09:56:08+00:00","mainEntityOfPage":{"@id":"https:\/\/radioljubuski.ba\/index.php\/2022\/06\/23\/mostarac-uhicen-zbog-pljacke-100-000-km-u-banja-luci-traze-ga-i-u-mostaru-i-sirokom-brijegu\/"},"wordCount":338,"publisher":{"@id":"https:\/\/radioljubuski.ba\/#organization"},"image":{"@id":"https:\/\/radioljubuski.ba\/index.php\/2022\/06\/23\/mostarac-uhicen-zbog-pljacke-100-000-km-u-banja-luci-traze-ga-i-u-mostaru-i-sirokom-brijegu\/#primaryimage"},"thumbnailUrl":"https:\/\/radioljubuski.ba\/wp-content\/uploads\/2022\/06\/8-2022-06-06-08-53-52-banja-luka-policija-1.jpeg","articleSection":["BIH i regija"],"inLanguage":"hr"},{"@type":"WebPage","@id":"https:\/\/radioljubuski.ba\/index.php\/2022\/06\/23\/mostarac-uhicen-zbog-pljacke-100-000-km-u-banja-luci-traze-ga-i-u-mostaru-i-sirokom-brijegu\/","url":"https:\/\/radioljubuski.ba\/index.php\/2022\/06\/23\/mostarac-uhicen-zbog-pljacke-100-000-km-u-banja-luci-traze-ga-i-u-mostaru-i-sirokom-brijegu\/","name":"Mostarac uhi\u0107en zbog plja\u010dke 100 000 KM u Banja Luci, tra\u017ee ga i u Mostaru i \u0160irokom Brijegu - RADIO LJUBU\u0160KI","isPartOf":{"@id":"https:\/\/radioljubuski.ba\/#website"},"primaryImageOfPage":{"@id":"https:\/\/radioljubuski.ba\/index.php\/2022\/06\/23\/mostarac-uhicen-zbog-pljacke-100-000-km-u-banja-luci-traze-ga-i-u-mostaru-i-sirokom-brijegu\/#primaryimage"},"image":{"@id":"https:\/\/radioljubuski.ba\/index.php\/2022\/06\/23\/mostarac-uhicen-zbog-pljacke-100-000-km-u-banja-luci-traze-ga-i-u-mostaru-i-sirokom-brijegu\/#primaryimage"},"thumbnailUrl":"https:\/\/radioljubuski.ba\/wp-content\/uploads\/2022\/06\/8-2022-06-06-08-53-52-banja-luka-policija-1.jpeg","datePublished":"2022-06-23T09:56:06+00:00","dateModified":"2022-06-23T09:56:08+00:00","breadcrumb":{"@id":"https:\/\/radioljubuski.ba\/index.php\/2022\/06\/23\/mostarac-uhicen-zbog-pljacke-100-000-km-u-banja-luci-traze-ga-i-u-mostaru-i-sirokom-brijegu\/#breadcrumb"},"inLanguage":"hr","potentialAction":[{"@type":"ReadAction","target":["https:\/\/radioljubuski.ba\/index.php\/2022\/06\/23\/mostarac-uhicen-zbog-pljacke-100-000-km-u-banja-luci-traze-ga-i-u-mostaru-i-sirokom-brijegu\/"]}]},{"@type":"ImageObject","inLanguage":"hr","@id":"https:\/\/radioljubuski.ba\/index.php\/2022\/06\/23\/mostarac-uhicen-zbog-pljacke-100-000-km-u-banja-luci-traze-ga-i-u-mostaru-i-sirokom-brijegu\/#primaryimage","url":"https:\/\/radioljubuski.ba\/wp-content\/uploads\/2022\/06\/8-2022-06-06-08-53-52-banja-luka-policija-1.jpeg","contentUrl":"https:\/\/radioljubuski.ba\/wp-content\/uploads\/2022\/06\/8-2022-06-06-08-53-52-banja-luka-policija-1.jpeg","width":1000,"height":625},{"@type":"BreadcrumbList","@id":"https:\/\/radioljubuski.ba\/index.php\/2022\/06\/23\/mostarac-uhicen-zbog-pljacke-100-000-km-u-banja-luci-traze-ga-i-u-mostaru-i-sirokom-brijegu\/#breadcrumb","itemListElement":[{"@type":"ListItem","position":1,"name":"Po\u010detna stranica","item":"https:\/\/radioljubuski.ba\/"},{"@type":"ListItem","position":2,"name":"Mostarac uhi\u0107en zbog plja\u010dke 100 000 KM u Banja Luci, tra\u017ee ga i u Mostaru i \u0160irokom Brijegu"}]},{"@type":"WebSite","@id":"https:\/\/radioljubuski.ba\/#website","url":"https:\/\/radioljubuski.ba\/","name":"Radio Ljubu\u0161ki","description":"Sun\u010dana frekvencija Hercegovine","publisher":{"@id":"https:\/\/radioljubuski.ba\/#organization"},"potentialAction":[{"@type":"SearchAction","target":{"@type":"EntryPoint","urlTemplate":"https:\/\/radioljubuski.ba\/?s={search_term_string}"},"query-input":{"@type":"PropertyValueSpecification","valueRequired":true,"valueName":"search_term_string"}}],"inLanguage":"hr"},{"@type":"Organization","@id":"https:\/\/radioljubuski.ba\/#organization","name":"Radio Ljubu\u0161ki","url":"https:\/\/radioljubuski.ba\/","logo":{"@type":"ImageObject","inLanguage":"hr","@id":"https:\/\/radioljubuski.ba\/#\/schema\/logo\/image\/","url":"https:\/\/radioljubuski.ba\/wp-content\/uploads\/2021\/02\/cropped-Radio_Ljubuski_logo1.jpg","contentUrl":"https:\/\/radioljubuski.ba\/wp-content\/uploads\/2021\/02\/cropped-Radio_Ljubuski_logo1.jpg","width":512,"height":512,"caption":"Radio Ljubu\u0161ki"},"image":{"@id":"https:\/\/radioljubuski.ba\/#\/schema\/logo\/image\/"},"sameAs":["https:\/\/www.facebook.com\/Radiio-Ljubuski-1490835324566332","https:\/\/x.com\/radioljubuski","https:\/\/hr.linkedin.com\/company\/radio-ljubuski","https:\/\/www.youtube.com\/channel\/UCHYaeO_n0Db3tjNGudGpXyw"]},{"@type":"Person","@id":"https:\/\/radioljubuski.ba\/#\/schema\/person\/19fc700381a780f69665d7956c469e3b","name":"Radio Ljubu\u0161ki"}]}},"_links":{"self":[{"href":"https:\/\/radioljubuski.ba\/index.php\/wp-json\/wp\/v2\/posts\/152593","targetHints":{"allow":["GET"]}}],"collection":[{"href":"https:\/\/radioljubuski.ba\/index.php\/wp-json\/wp\/v2\/posts"}],"about":[{"href":"https:\/\/radioljubuski.ba\/index.php\/wp-json\/wp\/v2\/types\/post"}],"author":[{"embeddable":true,"href":"https:\/\/radioljubuski.ba\/index.php\/wp-json\/wp\/v2\/users\/2"}],"replies":[{"embeddable":true,"href":"https:\/\/radioljubuski.ba\/index.php\/wp-json\/wp\/v2\/comments?post=152593"}],"version-history":[{"count":1,"href":"https:\/\/radioljubuski.ba\/index.php\/wp-json\/wp\/v2\/posts\/152593\/revisions"}],"predecessor-version":[{"id":152596,"href":"https:\/\/radioljubuski.ba\/index.php\/wp-json\/wp\/v2\/posts\/152593\/revisions\/152596"}],"wp:featuredmedia":[{"embeddable":true,"href":"https:\/\/radioljubuski.ba\/index.php\/wp-json\/wp\/v2\/media\/152595"}],"wp:attachment":[{"href":"https:\/\/radioljubuski.ba\/index.php\/wp-json\/wp\/v2\/media?parent=152593"}],"wp:term":[{"taxonomy":"category","embeddable":true,"href":"https:\/\/radioljubuski.ba\/index.php\/wp-json\/wp\/v2\/categories?post=152593"},{"taxonomy":"post_tag","embeddable":true,"href":"https:\/\/radioljubuski.ba\/index.php\/wp-json\/wp\/v2\/tags?post=152593"}],"curies":[{"name":"wp","href":"https:\/\/api.w.org\/{rel}","templated":true}]}}