{"id":152594,"date":"2022-06-23T10:56:13","date_gmt":"2022-06-23T09:56:13","guid":{"rendered":"https:\/\/radioljubuski.ba\/?p=152594"},"modified":"2022-06-23T10:56:15","modified_gmt":"2022-06-23T09:56:15","slug":"cetveroclana-obitelj-samo-za-apartman-treba-izdvojiti-vise-od-jedne-prosjecne-place","status":"publish","type":"post","link":"https:\/\/radioljubuski.ba\/index.php\/2022\/06\/23\/cetveroclana-obitelj-samo-za-apartman-treba-izdvojiti-vise-od-jedne-prosjecne-place\/","title":{"rendered":"\u010cetvero\u010dlana obitelj samo za apartman treba izdvojiti vi\u0161e od jedne prosje\u010dne pla\u0107e"},"content":{"rendered":"\n<p>Ljeto nam je i kalendarski stiglo iako su u BiH temperature zraka ve\u0107 danima prave ljetne pa gra\u0111ani, bar oni kojima financije to omogu\u0107uju, uvelike planiraju gdje \u0107e provesti ljetni odmor, pi\u0161e Ve\u010dernji list BiH.<\/p>\n\n\n\n<p>Iako ljetovanje treba biti vrijeme opu\u0161tanja, nerijetko se zna pretvoriti u nervozu jer se bojimo ho\u0107emo li imati dovoljno novca za odmor.<\/p>\n\n\n\n<p>Gu\u017eve na Jadranu<\/p>\n\n\n\n<p>Pla\u017ee na Jadranu ve\u0107 su pune, po\u010dev\u0161i od Makarske, Tu\u010depa, Podgore, Drvenika, Ba\u0161ke Vode&#8230; Da mnogi gra\u0111ani BiH, unato\u010d nedostatku sredstava, ne odustaju od mora, ali umjesto desetodnevnog aran\u017emana, biraju pet ili \u010dak dva no\u0107enja, svjedo\u010de u turisti\u010dkim agencijama, gdje ka\u017eu kako je zanimanje za vikend-ture ve\u0107e nego lani. Kako navode iz agencija, stanovnici na vikend naj\u010de\u0161\u0107e odlaze u Makarsku i okolne primorske gradove u RH, a \u010dest je izbor i Neum. Iz turisti\u010dke agencije &#8220;Vukovi\u0107&#8221; iz Prijedora kazali su za Glas Srpske kako za vikend-ture vlada veliko zanimanje, a u stopu ih prate petodnevni aran\u017emani.<\/p>\n\n\n\n<p>&#8211; Ture radimo za Makarsku i Neum. Na\u0161im klijentima Makarska rivijera destinacija je broj jedan &#8211; kazali su iz ove agencije. Sli\u010dno ka\u017eu i iz banjolu\u010dke turisti\u010dke agencije &#8220;Kompas Tours&#8221;, gdje isti\u010du kako su termini za Makarsku popunjeni do druge polovine kolovoza. &#8211; Kupovna mo\u0107 nam je, na\u017ealost, takva da se jeftini aran\u017emani uvijek prvi rasprodaju &#8211; kazali su iz ove agencije.<\/p>\n\n\n\n<p>Provjerili smo kakve su cijene na nekim od omiljenih destinacija bh. gra\u0111anima na Jadranu. Sedam no\u0107enja u Makarskoj, sude\u0107i barem prema cijenama na Airbnbu, za \u010detvero\u010dlanu obitelj stoji 1400 KM. Cijene smje\u0161taja u Makarskoj kre\u0107u se od 80 do 250 eura po danu. Solidan stan izvan sredi\u0161ta grada \u010detvero\u010dlanu obitelj bi za sedam no\u0107enja ko\u0161tao, prema zasad ponu\u0111enom, oko 700 eura, \u0161to bi bilo oko 1400 KM. Oni kojima novac nije problem mogu unajmiti stan s bazenom za 1269 eura po no\u0107enju. Hotelski smje\u0161taj na Makarskoj rivijeri u trajanju od sedam dana, odnosno \u0161est no\u0107enja, \u010detvero\u010dlanu obitelj prosje\u010dno stoji oko 3200 KM. Cijene se kre\u0107u, naravno, u ovisnosti o udaljenosti od pla\u017ee te drugih pogodnosti i karakteristika, od 1936 KM, 3800 KM, pa \u010dak i do blizu 7000 KM. U jedinom bh. gradu na moru &#8211; Neumu smje\u0161tajni kapaciteti skuplji su za 10 &#8211; 15 posto u odnosu na pro\u0161lu sezonu, dok su cijene u ugostiteljstvu ve\u0107e za 20 posto. Cijene privatnog smje\u0161taja u Neumu kre\u0107u se u prosjeku 1000 KM, u rasponu od 880 do 2142 KM. Cijene hotelskog smje\u0161taja u trajanju od \u0161est no\u0107enja za jednu \u010detvero\u010dlanu obitelj u hotelima u Neumu kre\u0107u se od 1350 KM, 2210 KM do 3638 KM.<\/p>\n\n\n\n<p>Cijene u ugostiteljstvu<\/p>\n\n\n\n<p>Posljednjih dana uvelike se \u0161pekulira kako su cijene hrane i pi\u0107a oti\u0161le u nebo, me\u0111utim, izgleda da to nije sasvim to\u010dno. &#8211; Izgleda mi da su cijene ne\u0161to ve\u0107e nego lani, ali doslovno za nekoliko kuna, ni\u0161ta toliko stra\u0161no. Kavu sam, recimo, pro\u0161le godine u istom kafi\u0107u pla\u0107ala 10 kn, ove godine je 12 kn. S obzirom na cijene u Mostaru i poskupljenja u kafi\u0107ima, ovo mi i nije stra\u0161no. Ipak je rije\u010d o ljetovali\u0161tu. Pizzu sam tako\u0111er platila ne\u0161to skuplje nego lani, petnaestak kuna vi\u0161e &#8211; kazala nam je Mostarka koja je protekli vikend boravila u Tu\u010depima. U Zaostrogu, za razliku od pro\u0161le godine, cijene su ve\u0107e za 10 &#8211; 20%.<\/p>\n\n\n\n<p>Kava s mlijekom lani je bila 12 kuna (3,10 KM), a sada je 14 kuna (3,60 KM). To\u010deno pivo od 0,3 l bilo je 17 kuna (4,40 KM), a sada je 20 kuna (5,20 KM). Isto vrijedi i za sokove. Hrana je poskupjela jo\u0161 vi\u0161e. Primjerice, porcija girica lani je bila 50 kuna (13 KM), a sada je 70 kuna (18,20 KM). Pizza margarita je 69 kuna (17,95 KM), capricciosa 78 kuna (20,30 KM), a vegetariana 89 kuna (23,16 KM). Kad je rije\u010d o Ba\u0161koj Vodi, tamo, bar za sada, rasta cijena hrane i pi\u0107a nije bilo.<\/p>\n\n\n\n<p>Naime, kava u strogom sredi\u0161tu stoji 2,60 KM (10 kn), dok se u kafi\u0107ima i restoranima uz samu pla\u017eu mo\u017ee na\u0107i i za 2 KM (8 kn), \u0161to je cijena koja je bila i lani. Kada je pitanju pi\u0107e, cijene sokova kre\u0107u se od 3,60 KM (14 kn) do 5,20 KM (20 kn), ovisno o objektu. Hrana je tako\u0111er pristupa\u010dna, opet ovisno o tomu gdje se odlu\u010dite jesti. Razni omleti kre\u0107u se od 13 KM (50 kn), \u0161pageti 15,60 KM (60 kn), ri\u017eoto 18,20 KM (70 kn) do 20,80 KM (80 kn). Za file osli\u0107a potrebno je izdvojiti 20,80 KM (80 kn), a za oradu 28,60 KM (110 kn). Ipak, bh. obitelj s prosje\u010dnim primanjima te\u0161ko si mo\u017ee priu\u0161titi ljetovanje na Jadranu.<\/p>\n\n\n\n<p>Prosje\u010dna mjese\u010dna ispla\u0107ena neto pla\u0107a po zaposlenom za travanj 2022. u FBiH iznosila je 1080 KM. Ako pretpostavimo da su u \u010detvero\u010dlanoj obitelji oba roditelja zaposlena, to bi zna\u010dilo da bi morali potro\u0161iti vi\u0161e od pla\u0107e samo za apartman i sigurno najmanje jednu pla\u0107u za prijevoz do tamo, hranu te druge potrep\u0161tine.<\/p>\n\n\n\n<p>Izvor:vecernji.ba<\/p>\n","protected":false},"excerpt":{"rendered":"<p>Ljeto nam je i kalendarski stiglo iako su u BiH temperature zraka ve\u0107 danima prave ljetne pa gra\u0111ani, bar oni kojima financije to omogu\u0107uju, uvelike planiraju gdje \u0107e provesti ljetni odmor, pi\u0161e Ve\u010dernji list BiH. Iako ljetovanje treba biti vrijeme opu\u0161tanja, nerijetko se zna pretvoriti u nervozu jer se bojimo ho\u0107emo li imati dovoljno novca [&hellip;]<\/p>\n","protected":false},"author":2,"featured_media":45226,"comment_status":"closed","ping_status":"closed","sticky":false,"template":"","format":"standard","meta":{"h5ap_radio_sources":[],"footnotes":""},"categories":[1],"tags":[],"class_list":["post-152594","post","type-post","status-publish","format-standard","has-post-thumbnail","hentry","category-bihiregija"],"yoast_head":"<!-- This site is optimized with the Yoast SEO plugin v27.4 - https:\/\/yoast.com\/product\/yoast-seo-wordpress\/ -->\n<title>\u010cetvero\u010dlana obitelj samo za apartman treba izdvojiti vi\u0161e od jedne prosje\u010dne pla\u0107e - RADIO LJUBU\u0160KI<\/title>\n<meta name=\"robots\" content=\"index, follow, max-snippet:-1, max-image-preview:large, max-video-preview:-1\" \/>\n<link rel=\"canonical\" href=\"https:\/\/radioljubuski.ba\/index.php\/2022\/06\/23\/cetveroclana-obitelj-samo-za-apartman-treba-izdvojiti-vise-od-jedne-prosjecne-place\/\" \/>\n<meta property=\"og:locale\" content=\"hr_HR\" \/>\n<meta property=\"og:type\" content=\"article\" \/>\n<meta property=\"og:title\" content=\"\u010cetvero\u010dlana obitelj samo za apartman treba izdvojiti vi\u0161e od jedne prosje\u010dne pla\u0107e - RADIO LJUBU\u0160KI\" \/>\n<meta property=\"og:description\" content=\"Ljeto nam je i kalendarski stiglo iako su u BiH temperature zraka ve\u0107 danima prave ljetne pa gra\u0111ani, bar oni kojima financije to omogu\u0107uju, uvelike planiraju gdje \u0107e provesti ljetni odmor, pi\u0161e Ve\u010dernji list BiH. Iako ljetovanje treba biti vrijeme opu\u0161tanja, nerijetko se zna pretvoriti u nervozu jer se bojimo ho\u0107emo li imati dovoljno novca [&hellip;]\" \/>\n<meta property=\"og:url\" content=\"https:\/\/radioljubuski.ba\/index.php\/2022\/06\/23\/cetveroclana-obitelj-samo-za-apartman-treba-izdvojiti-vise-od-jedne-prosjecne-place\/\" \/>\n<meta property=\"og:site_name\" content=\"RADIO LJUBU\u0160KI\" \/>\n<meta property=\"article:publisher\" content=\"https:\/\/www.facebook.com\/Radiio-Ljubuski-1490835324566332\" \/>\n<meta property=\"article:published_time\" content=\"2022-06-23T09:56:13+00:00\" \/>\n<meta property=\"article:modified_time\" content=\"2022-06-23T09:56:15+00:00\" \/>\n<meta property=\"og:image\" content=\"https:\/\/radioljubuski.ba\/wp-content\/uploads\/2021\/07\/rxjQ3a0l_turizam_plaza_hrvatska-1.jpg\" \/>\n\t<meta property=\"og:image:width\" content=\"1000\" \/>\n\t<meta property=\"og:image:height\" content=\"625\" \/>\n\t<meta property=\"og:image:type\" content=\"image\/jpeg\" \/>\n<meta name=\"author\" content=\"Radio Ljubu\u0161ki\" \/>\n<meta name=\"twitter:card\" content=\"summary_large_image\" \/>\n<meta name=\"twitter:creator\" content=\"@radioljubuski\" \/>\n<meta name=\"twitter:site\" content=\"@radioljubuski\" \/>\n<meta name=\"twitter:label1\" content=\"Napisao\/la\" \/>\n\t<meta name=\"twitter:data1\" content=\"Radio Ljubu\u0161ki\" \/>\n\t<meta name=\"twitter:label2\" content=\"Procijenjeno vrijeme \u010ditanja\" \/>\n\t<meta name=\"twitter:data2\" content=\"4 minute\" \/>\n<script type=\"application\/ld+json\" class=\"yoast-schema-graph\">{\"@context\":\"https:\\\/\\\/schema.org\",\"@graph\":[{\"@type\":\"Article\",\"@id\":\"https:\\\/\\\/radioljubuski.ba\\\/index.php\\\/2022\\\/06\\\/23\\\/cetveroclana-obitelj-samo-za-apartman-treba-izdvojiti-vise-od-jedne-prosjecne-place\\\/#article\",\"isPartOf\":{\"@id\":\"https:\\\/\\\/radioljubuski.ba\\\/index.php\\\/2022\\\/06\\\/23\\\/cetveroclana-obitelj-samo-za-apartman-treba-izdvojiti-vise-od-jedne-prosjecne-place\\\/\"},\"author\":{\"name\":\"Radio Ljubu\u0161ki\",\"@id\":\"https:\\\/\\\/radioljubuski.ba\\\/#\\\/schema\\\/person\\\/19fc700381a780f69665d7956c469e3b\"},\"headline\":\"\u010cetvero\u010dlana obitelj samo za apartman treba izdvojiti vi\u0161e od jedne prosje\u010dne pla\u0107e\",\"datePublished\":\"2022-06-23T09:56:13+00:00\",\"dateModified\":\"2022-06-23T09:56:15+00:00\",\"mainEntityOfPage\":{\"@id\":\"https:\\\/\\\/radioljubuski.ba\\\/index.php\\\/2022\\\/06\\\/23\\\/cetveroclana-obitelj-samo-za-apartman-treba-izdvojiti-vise-od-jedne-prosjecne-place\\\/\"},\"wordCount\":873,\"publisher\":{\"@id\":\"https:\\\/\\\/radioljubuski.ba\\\/#organization\"},\"image\":{\"@id\":\"https:\\\/\\\/radioljubuski.ba\\\/index.php\\\/2022\\\/06\\\/23\\\/cetveroclana-obitelj-samo-za-apartman-treba-izdvojiti-vise-od-jedne-prosjecne-place\\\/#primaryimage\"},\"thumbnailUrl\":\"https:\\\/\\\/radioljubuski.ba\\\/wp-content\\\/uploads\\\/2021\\\/07\\\/rxjQ3a0l_turizam_plaza_hrvatska-1.jpg\",\"articleSection\":[\"BIH i regija\"],\"inLanguage\":\"hr\"},{\"@type\":\"WebPage\",\"@id\":\"https:\\\/\\\/radioljubuski.ba\\\/index.php\\\/2022\\\/06\\\/23\\\/cetveroclana-obitelj-samo-za-apartman-treba-izdvojiti-vise-od-jedne-prosjecne-place\\\/\",\"url\":\"https:\\\/\\\/radioljubuski.ba\\\/index.php\\\/2022\\\/06\\\/23\\\/cetveroclana-obitelj-samo-za-apartman-treba-izdvojiti-vise-od-jedne-prosjecne-place\\\/\",\"name\":\"\u010cetvero\u010dlana obitelj samo za apartman treba izdvojiti vi\u0161e od jedne prosje\u010dne pla\u0107e - RADIO LJUBU\u0160KI\",\"isPartOf\":{\"@id\":\"https:\\\/\\\/radioljubuski.ba\\\/#website\"},\"primaryImageOfPage\":{\"@id\":\"https:\\\/\\\/radioljubuski.ba\\\/index.php\\\/2022\\\/06\\\/23\\\/cetveroclana-obitelj-samo-za-apartman-treba-izdvojiti-vise-od-jedne-prosjecne-place\\\/#primaryimage\"},\"image\":{\"@id\":\"https:\\\/\\\/radioljubuski.ba\\\/index.php\\\/2022\\\/06\\\/23\\\/cetveroclana-obitelj-samo-za-apartman-treba-izdvojiti-vise-od-jedne-prosjecne-place\\\/#primaryimage\"},\"thumbnailUrl\":\"https:\\\/\\\/radioljubuski.ba\\\/wp-content\\\/uploads\\\/2021\\\/07\\\/rxjQ3a0l_turizam_plaza_hrvatska-1.jpg\",\"datePublished\":\"2022-06-23T09:56:13+00:00\",\"dateModified\":\"2022-06-23T09:56:15+00:00\",\"breadcrumb\":{\"@id\":\"https:\\\/\\\/radioljubuski.ba\\\/index.php\\\/2022\\\/06\\\/23\\\/cetveroclana-obitelj-samo-za-apartman-treba-izdvojiti-vise-od-jedne-prosjecne-place\\\/#breadcrumb\"},\"inLanguage\":\"hr\",\"potentialAction\":[{\"@type\":\"ReadAction\",\"target\":[\"https:\\\/\\\/radioljubuski.ba\\\/index.php\\\/2022\\\/06\\\/23\\\/cetveroclana-obitelj-samo-za-apartman-treba-izdvojiti-vise-od-jedne-prosjecne-place\\\/\"]}]},{\"@type\":\"ImageObject\",\"inLanguage\":\"hr\",\"@id\":\"https:\\\/\\\/radioljubuski.ba\\\/index.php\\\/2022\\\/06\\\/23\\\/cetveroclana-obitelj-samo-za-apartman-treba-izdvojiti-vise-od-jedne-prosjecne-place\\\/#primaryimage\",\"url\":\"https:\\\/\\\/radioljubuski.ba\\\/wp-content\\\/uploads\\\/2021\\\/07\\\/rxjQ3a0l_turizam_plaza_hrvatska-1.jpg\",\"contentUrl\":\"https:\\\/\\\/radioljubuski.ba\\\/wp-content\\\/uploads\\\/2021\\\/07\\\/rxjQ3a0l_turizam_plaza_hrvatska-1.jpg\",\"width\":1000,\"height\":625},{\"@type\":\"BreadcrumbList\",\"@id\":\"https:\\\/\\\/radioljubuski.ba\\\/index.php\\\/2022\\\/06\\\/23\\\/cetveroclana-obitelj-samo-za-apartman-treba-izdvojiti-vise-od-jedne-prosjecne-place\\\/#breadcrumb\",\"itemListElement\":[{\"@type\":\"ListItem\",\"position\":1,\"name\":\"Po\u010detna stranica\",\"item\":\"https:\\\/\\\/radioljubuski.ba\\\/\"},{\"@type\":\"ListItem\",\"position\":2,\"name\":\"\u010cetvero\u010dlana obitelj samo za apartman treba izdvojiti vi\u0161e od jedne prosje\u010dne pla\u0107e\"}]},{\"@type\":\"WebSite\",\"@id\":\"https:\\\/\\\/radioljubuski.ba\\\/#website\",\"url\":\"https:\\\/\\\/radioljubuski.ba\\\/\",\"name\":\"Radio Ljubu\u0161ki\",\"description\":\"Sun\u010dana frekvencija Hercegovine\",\"publisher\":{\"@id\":\"https:\\\/\\\/radioljubuski.ba\\\/#organization\"},\"potentialAction\":[{\"@type\":\"SearchAction\",\"target\":{\"@type\":\"EntryPoint\",\"urlTemplate\":\"https:\\\/\\\/radioljubuski.ba\\\/?s={search_term_string}\"},\"query-input\":{\"@type\":\"PropertyValueSpecification\",\"valueRequired\":true,\"valueName\":\"search_term_string\"}}],\"inLanguage\":\"hr\"},{\"@type\":\"Organization\",\"@id\":\"https:\\\/\\\/radioljubuski.ba\\\/#organization\",\"name\":\"Radio Ljubu\u0161ki\",\"url\":\"https:\\\/\\\/radioljubuski.ba\\\/\",\"logo\":{\"@type\":\"ImageObject\",\"inLanguage\":\"hr\",\"@id\":\"https:\\\/\\\/radioljubuski.ba\\\/#\\\/schema\\\/logo\\\/image\\\/\",\"url\":\"https:\\\/\\\/radioljubuski.ba\\\/wp-content\\\/uploads\\\/2021\\\/02\\\/cropped-Radio_Ljubuski_logo1.jpg\",\"contentUrl\":\"https:\\\/\\\/radioljubuski.ba\\\/wp-content\\\/uploads\\\/2021\\\/02\\\/cropped-Radio_Ljubuski_logo1.jpg\",\"width\":512,\"height\":512,\"caption\":\"Radio Ljubu\u0161ki\"},\"image\":{\"@id\":\"https:\\\/\\\/radioljubuski.ba\\\/#\\\/schema\\\/logo\\\/image\\\/\"},\"sameAs\":[\"https:\\\/\\\/www.facebook.com\\\/Radiio-Ljubuski-1490835324566332\",\"https:\\\/\\\/x.com\\\/radioljubuski\",\"https:\\\/\\\/hr.linkedin.com\\\/company\\\/radio-ljubuski\",\"https:\\\/\\\/www.youtube.com\\\/channel\\\/UCHYaeO_n0Db3tjNGudGpXyw\"]},{\"@type\":\"Person\",\"@id\":\"https:\\\/\\\/radioljubuski.ba\\\/#\\\/schema\\\/person\\\/19fc700381a780f69665d7956c469e3b\",\"name\":\"Radio Ljubu\u0161ki\"}]}<\/script>\n<!-- \/ Yoast SEO plugin. -->","yoast_head_json":{"title":"\u010cetvero\u010dlana obitelj samo za apartman treba izdvojiti vi\u0161e od jedne prosje\u010dne pla\u0107e - RADIO LJUBU\u0160KI","robots":{"index":"index","follow":"follow","max-snippet":"max-snippet:-1","max-image-preview":"max-image-preview:large","max-video-preview":"max-video-preview:-1"},"canonical":"https:\/\/radioljubuski.ba\/index.php\/2022\/06\/23\/cetveroclana-obitelj-samo-za-apartman-treba-izdvojiti-vise-od-jedne-prosjecne-place\/","og_locale":"hr_HR","og_type":"article","og_title":"\u010cetvero\u010dlana obitelj samo za apartman treba izdvojiti vi\u0161e od jedne prosje\u010dne pla\u0107e - RADIO LJUBU\u0160KI","og_description":"Ljeto nam je i kalendarski stiglo iako su u BiH temperature zraka ve\u0107 danima prave ljetne pa gra\u0111ani, bar oni kojima financije to omogu\u0107uju, uvelike planiraju gdje \u0107e provesti ljetni odmor, pi\u0161e Ve\u010dernji list BiH. Iako ljetovanje treba biti vrijeme opu\u0161tanja, nerijetko se zna pretvoriti u nervozu jer se bojimo ho\u0107emo li imati dovoljno novca [&hellip;]","og_url":"https:\/\/radioljubuski.ba\/index.php\/2022\/06\/23\/cetveroclana-obitelj-samo-za-apartman-treba-izdvojiti-vise-od-jedne-prosjecne-place\/","og_site_name":"RADIO LJUBU\u0160KI","article_publisher":"https:\/\/www.facebook.com\/Radiio-Ljubuski-1490835324566332","article_published_time":"2022-06-23T09:56:13+00:00","article_modified_time":"2022-06-23T09:56:15+00:00","og_image":[{"width":1000,"height":625,"url":"https:\/\/radioljubuski.ba\/wp-content\/uploads\/2021\/07\/rxjQ3a0l_turizam_plaza_hrvatska-1.jpg","type":"image\/jpeg"}],"author":"Radio Ljubu\u0161ki","twitter_card":"summary_large_image","twitter_creator":"@radioljubuski","twitter_site":"@radioljubuski","twitter_misc":{"Napisao\/la":"Radio Ljubu\u0161ki","Procijenjeno vrijeme \u010ditanja":"4 minute"},"schema":{"@context":"https:\/\/schema.org","@graph":[{"@type":"Article","@id":"https:\/\/radioljubuski.ba\/index.php\/2022\/06\/23\/cetveroclana-obitelj-samo-za-apartman-treba-izdvojiti-vise-od-jedne-prosjecne-place\/#article","isPartOf":{"@id":"https:\/\/radioljubuski.ba\/index.php\/2022\/06\/23\/cetveroclana-obitelj-samo-za-apartman-treba-izdvojiti-vise-od-jedne-prosjecne-place\/"},"author":{"name":"Radio Ljubu\u0161ki","@id":"https:\/\/radioljubuski.ba\/#\/schema\/person\/19fc700381a780f69665d7956c469e3b"},"headline":"\u010cetvero\u010dlana obitelj samo za apartman treba izdvojiti vi\u0161e od jedne prosje\u010dne pla\u0107e","datePublished":"2022-06-23T09:56:13+00:00","dateModified":"2022-06-23T09:56:15+00:00","mainEntityOfPage":{"@id":"https:\/\/radioljubuski.ba\/index.php\/2022\/06\/23\/cetveroclana-obitelj-samo-za-apartman-treba-izdvojiti-vise-od-jedne-prosjecne-place\/"},"wordCount":873,"publisher":{"@id":"https:\/\/radioljubuski.ba\/#organization"},"image":{"@id":"https:\/\/radioljubuski.ba\/index.php\/2022\/06\/23\/cetveroclana-obitelj-samo-za-apartman-treba-izdvojiti-vise-od-jedne-prosjecne-place\/#primaryimage"},"thumbnailUrl":"https:\/\/radioljubuski.ba\/wp-content\/uploads\/2021\/07\/rxjQ3a0l_turizam_plaza_hrvatska-1.jpg","articleSection":["BIH i regija"],"inLanguage":"hr"},{"@type":"WebPage","@id":"https:\/\/radioljubuski.ba\/index.php\/2022\/06\/23\/cetveroclana-obitelj-samo-za-apartman-treba-izdvojiti-vise-od-jedne-prosjecne-place\/","url":"https:\/\/radioljubuski.ba\/index.php\/2022\/06\/23\/cetveroclana-obitelj-samo-za-apartman-treba-izdvojiti-vise-od-jedne-prosjecne-place\/","name":"\u010cetvero\u010dlana obitelj samo za apartman treba izdvojiti vi\u0161e od jedne prosje\u010dne pla\u0107e - RADIO LJUBU\u0160KI","isPartOf":{"@id":"https:\/\/radioljubuski.ba\/#website"},"primaryImageOfPage":{"@id":"https:\/\/radioljubuski.ba\/index.php\/2022\/06\/23\/cetveroclana-obitelj-samo-za-apartman-treba-izdvojiti-vise-od-jedne-prosjecne-place\/#primaryimage"},"image":{"@id":"https:\/\/radioljubuski.ba\/index.php\/2022\/06\/23\/cetveroclana-obitelj-samo-za-apartman-treba-izdvojiti-vise-od-jedne-prosjecne-place\/#primaryimage"},"thumbnailUrl":"https:\/\/radioljubuski.ba\/wp-content\/uploads\/2021\/07\/rxjQ3a0l_turizam_plaza_hrvatska-1.jpg","datePublished":"2022-06-23T09:56:13+00:00","dateModified":"2022-06-23T09:56:15+00:00","breadcrumb":{"@id":"https:\/\/radioljubuski.ba\/index.php\/2022\/06\/23\/cetveroclana-obitelj-samo-za-apartman-treba-izdvojiti-vise-od-jedne-prosjecne-place\/#breadcrumb"},"inLanguage":"hr","potentialAction":[{"@type":"ReadAction","target":["https:\/\/radioljubuski.ba\/index.php\/2022\/06\/23\/cetveroclana-obitelj-samo-za-apartman-treba-izdvojiti-vise-od-jedne-prosjecne-place\/"]}]},{"@type":"ImageObject","inLanguage":"hr","@id":"https:\/\/radioljubuski.ba\/index.php\/2022\/06\/23\/cetveroclana-obitelj-samo-za-apartman-treba-izdvojiti-vise-od-jedne-prosjecne-place\/#primaryimage","url":"https:\/\/radioljubuski.ba\/wp-content\/uploads\/2021\/07\/rxjQ3a0l_turizam_plaza_hrvatska-1.jpg","contentUrl":"https:\/\/radioljubuski.ba\/wp-content\/uploads\/2021\/07\/rxjQ3a0l_turizam_plaza_hrvatska-1.jpg","width":1000,"height":625},{"@type":"BreadcrumbList","@id":"https:\/\/radioljubuski.ba\/index.php\/2022\/06\/23\/cetveroclana-obitelj-samo-za-apartman-treba-izdvojiti-vise-od-jedne-prosjecne-place\/#breadcrumb","itemListElement":[{"@type":"ListItem","position":1,"name":"Po\u010detna stranica","item":"https:\/\/radioljubuski.ba\/"},{"@type":"ListItem","position":2,"name":"\u010cetvero\u010dlana obitelj samo za apartman treba izdvojiti vi\u0161e od jedne prosje\u010dne pla\u0107e"}]},{"@type":"WebSite","@id":"https:\/\/radioljubuski.ba\/#website","url":"https:\/\/radioljubuski.ba\/","name":"Radio Ljubu\u0161ki","description":"Sun\u010dana frekvencija Hercegovine","publisher":{"@id":"https:\/\/radioljubuski.ba\/#organization"},"potentialAction":[{"@type":"SearchAction","target":{"@type":"EntryPoint","urlTemplate":"https:\/\/radioljubuski.ba\/?s={search_term_string}"},"query-input":{"@type":"PropertyValueSpecification","valueRequired":true,"valueName":"search_term_string"}}],"inLanguage":"hr"},{"@type":"Organization","@id":"https:\/\/radioljubuski.ba\/#organization","name":"Radio Ljubu\u0161ki","url":"https:\/\/radioljubuski.ba\/","logo":{"@type":"ImageObject","inLanguage":"hr","@id":"https:\/\/radioljubuski.ba\/#\/schema\/logo\/image\/","url":"https:\/\/radioljubuski.ba\/wp-content\/uploads\/2021\/02\/cropped-Radio_Ljubuski_logo1.jpg","contentUrl":"https:\/\/radioljubuski.ba\/wp-content\/uploads\/2021\/02\/cropped-Radio_Ljubuski_logo1.jpg","width":512,"height":512,"caption":"Radio Ljubu\u0161ki"},"image":{"@id":"https:\/\/radioljubuski.ba\/#\/schema\/logo\/image\/"},"sameAs":["https:\/\/www.facebook.com\/Radiio-Ljubuski-1490835324566332","https:\/\/x.com\/radioljubuski","https:\/\/hr.linkedin.com\/company\/radio-ljubuski","https:\/\/www.youtube.com\/channel\/UCHYaeO_n0Db3tjNGudGpXyw"]},{"@type":"Person","@id":"https:\/\/radioljubuski.ba\/#\/schema\/person\/19fc700381a780f69665d7956c469e3b","name":"Radio Ljubu\u0161ki"}]}},"_links":{"self":[{"href":"https:\/\/radioljubuski.ba\/index.php\/wp-json\/wp\/v2\/posts\/152594","targetHints":{"allow":["GET"]}}],"collection":[{"href":"https:\/\/radioljubuski.ba\/index.php\/wp-json\/wp\/v2\/posts"}],"about":[{"href":"https:\/\/radioljubuski.ba\/index.php\/wp-json\/wp\/v2\/types\/post"}],"author":[{"embeddable":true,"href":"https:\/\/radioljubuski.ba\/index.php\/wp-json\/wp\/v2\/users\/2"}],"replies":[{"embeddable":true,"href":"https:\/\/radioljubuski.ba\/index.php\/wp-json\/wp\/v2\/comments?post=152594"}],"version-history":[{"count":1,"href":"https:\/\/radioljubuski.ba\/index.php\/wp-json\/wp\/v2\/posts\/152594\/revisions"}],"predecessor-version":[{"id":152597,"href":"https:\/\/radioljubuski.ba\/index.php\/wp-json\/wp\/v2\/posts\/152594\/revisions\/152597"}],"wp:featuredmedia":[{"embeddable":true,"href":"https:\/\/radioljubuski.ba\/index.php\/wp-json\/wp\/v2\/media\/45226"}],"wp:attachment":[{"href":"https:\/\/radioljubuski.ba\/index.php\/wp-json\/wp\/v2\/media?parent=152594"}],"wp:term":[{"taxonomy":"category","embeddable":true,"href":"https:\/\/radioljubuski.ba\/index.php\/wp-json\/wp\/v2\/categories?post=152594"},{"taxonomy":"post_tag","embeddable":true,"href":"https:\/\/radioljubuski.ba\/index.php\/wp-json\/wp\/v2\/tags?post=152594"}],"curies":[{"name":"wp","href":"https:\/\/api.w.org\/{rel}","templated":true}]}}