{"id":152631,"date":"2022-06-23T11:21:24","date_gmt":"2022-06-23T10:21:24","guid":{"rendered":"https:\/\/radioljubuski.ba\/?p=152631"},"modified":"2022-06-23T11:21:26","modified_gmt":"2022-06-23T10:21:26","slug":"poznati-rezultati-preliminarne-istrage-zrakoplova-koji-je-sletio-u-sarajevu-oglasio-se-i-croatia-airlines","status":"publish","type":"post","link":"https:\/\/radioljubuski.ba\/index.php\/2022\/06\/23\/poznati-rezultati-preliminarne-istrage-zrakoplova-koji-je-sletio-u-sarajevu-oglasio-se-i-croatia-airlines\/","title":{"rendered":"Poznati rezultati preliminarne istrage zrakoplova koji je sletio u Sarajevu, oglasio se i Croatia Airlines"},"content":{"rendered":"\n<p>Rezultati preliminarne istrage na zrakoplovu Croatia Airlinesa pokazali su da na oplati aviona nema tragova barutnih \u010destica, neslu\u017ebeno doznaje&nbsp;<a href=\"https:\/\/www.jutarnji.hr\/vijesti\/hrvatska\/na-avion-croatia-airlinesa-ipak-nije-pucano-doznajemo-preliminarne-rezultate-istrage-15213703\" target=\"_blank\" rel=\"noreferrer noopener\">Jutarnji list<\/a>. Daljnjom istragom \u0107e se utvrditi \u0161to je uzorkovalo nastanak manjeg o\u0161te\u0107enja na trupu aviona.<\/p>\n\n\n\n<p>O doga\u0111aju u sarajevskoj zra\u010dnoj luci oglasila se priop\u0107enjem i Croatia Airlines. Njihovo priop\u0107enje prenosimo u cijelosti.<\/p>\n\n\n\n<p>&#8211; Nakon slijetanja zrakoplova Croatia Airlinesa Dash 8-Q400 koji je na redovnoj liniji Zagreb \u2013 Sarajevo ju\u010der nave\u010der poletio iz Zagreba te sletio u Sarajevo u 22.50 sati, na trupu zrakoplova uo\u010dena su o\u0161te\u0107enja te se, sukladno uobi\u010dajenim procedurama nacionalnog avioprijevoznika, odmah pristupilo potrebnim koracima.<\/p>\n\n\n\n<p>Trenutno je u tijeku policijski uvi\u0111aj koji ima za cilj utvrditi potrebne detalje vezane uz uzrok o\u0161te\u0107enja, a o \u010demu \u0107emo, po njegovom zavr\u0161etku promptno obavijestiti javnost.<\/p>\n\n\n\n<p>Sigurnost putnika i posade ni u jednom trenutku nije bila ugro\u017eena, dok se nacionalni avioprijevoznik i u ovoj situaciji vodio najvi\u0161im standardima sigurnosti.<\/p>\n\n\n\n<p>O\u0161te\u0107eni zrakoplov trenutno se nalazi u Zra\u010dnoj luci Sarajevo, a svi putnici sa sino\u0107njeg leta bit \u0107e preusmjereni drugim avionom na sljede\u0107i let na liniji Sarajevo \u2013 Zagreb, stoji u priop\u0107enju.<\/p>\n\n\n\n<p>&#8220;Nakon slijetanja zrakoplova Croatia Airlinesa Dash 8-Q400, koji je na redovnoj liniji Zagreb &#8211; Sarajevo ju\u010der nave\u010der poletio iz Zagreba, te sletio u Sarajevo u 22,50 sati, na trupu zrakoplova uo\u010dena su o\u0161te\u0107enja te se, sukladno uobi\u010dajenim procedurama nacionalnog avioprijevoznika, odmah pristupilo potrebnim koracima&#8221;, priop\u0107eno je iz Croatia Airlinesa.&nbsp;<\/p>\n\n\n\n<p>Trenutno je u tijeku policijski uvi\u0111aj koji ima za cilj utvrditi potrebne detalje vezane uz uzrok o\u0161te\u0107enja, o \u010demu \u0107e, kako najavljuju iz hrvatskog zra\u010dnog prijevoznika, promptno obavijestiti javnost.&nbsp;<\/p>\n\n\n\n<p>&#8220;Sigurnost putnika i posade ni u jednom trenutku nije bila ugro\u017eena, dok se nacionalni avioprijevoznik i u ovoj situaciji vodio najvi\u0161im standardima sigurnosti&#8221;, isti\u010du iz Croatia Airlinesa.<\/p>\n\n\n\n<p>O\u0161te\u0107eni zrakoplov trenutno se nalazi u Zra\u010dnoj luci Sarajevo, a svi putnici sa sino\u0107njeg leta bit \u0107e preusmjereni drugim avionom na sljede\u0107i let na liniji Sarajevo &#8211; Zagreb, zaklju\u010duje se u priop\u0107enju Croatia Airlinesa.<\/p>\n\n\n\n<p>Dr\u017eavno Tu\u017eiteljstvo BiH ranije je priop\u0107ilo da je na zrakoplovu Croatia Airlinesa, koji je u srijedu nave\u010der sletio u Sarajevo, uo\u010deno o\u0161te\u0107enje koje je moglo nastati pucnjem iz vatrenoga oru\u017eja.&nbsp;<\/p>\n\n\n\n<p>Prigodom redovitog pregleda zrakoplova na pisti sarajevske zra\u010dne luke na trupu letjelice uo\u010deno je o\u0161te\u0107enje nakon \u010dega je odmah nalo\u017eena istraga.<\/p>\n\n\n\n<p>Priop\u0107enjem dr\u017eavnog Tu\u017eiteljstva BiH ne isklju\u010duje se mogu\u0107nost da je o\u0161te\u0107enje naneseno &#8220;iz vatrenog oru\u017eja&#8221;.&nbsp;<\/p>\n\n\n\n<p>De\u017eurni tu\u017eitelj Tu\u017eiteljstva BiH zatra\u017eio je provo\u0111enje uvi\u0111aja uz nazo\u010dnost pripadnika Uprave za civilno zrakoplovstvo BiH.<\/p>\n\n\n\n<p>Iz Tu\u017eiteljstva BiH su tako\u0111er naveli kako o\u0161te\u0107enje na trupu zrakoplova &#8220;nije ni na koji na\u010din ugrozilo sigurnost leta i putnika&#8221;.&nbsp;<\/p>\n\n\n\n<p>Detaljnim pregledom utvrdit \u0107e se na\u010din o\u0161te\u0107enja, kao i sigurnost zrakoplova za dalju zra\u010dnu plovidbu, naveli su iz Tu\u017eiteljstva BiH.&nbsp;<\/p>\n\n\n\n<p>Nije poznato gdje je zrakoplov o\u0161te\u0107en i kako je do\u0161lo do ovog incidenta.<\/p>\n\n\n\n<p>Izvor<a href=\"https:\/\/pogled.ba\/novosti\/poznati-rezultati-preliminarne-istrage-zrakoplova-koji-je-sletio-u-sarajevu-oglasio-se-i-croatia-airlines\/248861\">:Pogled.ba<\/a><\/p>\n","protected":false},"excerpt":{"rendered":"<p>Rezultati preliminarne istrage na zrakoplovu Croatia Airlinesa pokazali su da na oplati aviona nema tragova barutnih \u010destica, neslu\u017ebeno doznaje&nbsp;Jutarnji list. Daljnjom istragom \u0107e se utvrditi \u0161to je uzorkovalo nastanak manjeg o\u0161te\u0107enja na trupu aviona. O doga\u0111aju u sarajevskoj zra\u010dnoj luci oglasila se priop\u0107enjem i Croatia Airlines. Njihovo priop\u0107enje prenosimo u cijelosti. &#8211; Nakon slijetanja zrakoplova [&hellip;]<\/p>\n","protected":false},"author":2,"featured_media":152632,"comment_status":"closed","ping_status":"closed","sticky":false,"template":"","format":"standard","meta":{"h5ap_radio_sources":[],"footnotes":""},"categories":[1],"tags":[],"class_list":["post-152631","post","type-post","status-publish","format-standard","has-post-thumbnail","hentry","category-bihiregija"],"yoast_head":"<!-- This site is optimized with the Yoast SEO plugin v27.4 - https:\/\/yoast.com\/product\/yoast-seo-wordpress\/ -->\n<title>Poznati rezultati preliminarne istrage zrakoplova koji je sletio u Sarajevu, oglasio se i Croatia Airlines - RADIO LJUBU\u0160KI<\/title>\n<meta name=\"robots\" content=\"index, follow, max-snippet:-1, max-image-preview:large, max-video-preview:-1\" \/>\n<link rel=\"canonical\" href=\"https:\/\/radioljubuski.ba\/index.php\/2022\/06\/23\/poznati-rezultati-preliminarne-istrage-zrakoplova-koji-je-sletio-u-sarajevu-oglasio-se-i-croatia-airlines\/\" \/>\n<meta property=\"og:locale\" content=\"hr_HR\" \/>\n<meta property=\"og:type\" content=\"article\" \/>\n<meta property=\"og:title\" content=\"Poznati rezultati preliminarne istrage zrakoplova koji je sletio u Sarajevu, oglasio se i Croatia Airlines - RADIO LJUBU\u0160KI\" \/>\n<meta property=\"og:description\" content=\"Rezultati preliminarne istrage na zrakoplovu Croatia Airlinesa pokazali su da na oplati aviona nema tragova barutnih \u010destica, neslu\u017ebeno doznaje&nbsp;Jutarnji list. Daljnjom istragom \u0107e se utvrditi \u0161to je uzorkovalo nastanak manjeg o\u0161te\u0107enja na trupu aviona. O doga\u0111aju u sarajevskoj zra\u010dnoj luci oglasila se priop\u0107enjem i Croatia Airlines. Njihovo priop\u0107enje prenosimo u cijelosti. &#8211; Nakon slijetanja zrakoplova [&hellip;]\" \/>\n<meta property=\"og:url\" content=\"https:\/\/radioljubuski.ba\/index.php\/2022\/06\/23\/poznati-rezultati-preliminarne-istrage-zrakoplova-koji-je-sletio-u-sarajevu-oglasio-se-i-croatia-airlines\/\" \/>\n<meta property=\"og:site_name\" content=\"RADIO LJUBU\u0160KI\" \/>\n<meta property=\"article:publisher\" content=\"https:\/\/www.facebook.com\/Radiio-Ljubuski-1490835324566332\" \/>\n<meta property=\"article:published_time\" content=\"2022-06-23T10:21:24+00:00\" \/>\n<meta property=\"article:modified_time\" content=\"2022-06-23T10:21:26+00:00\" \/>\n<meta property=\"og:image\" content=\"https:\/\/radioljubuski.ba\/wp-content\/uploads\/2022\/06\/8-2022-06-23-12-09-43-croatia.jpg\" \/>\n\t<meta property=\"og:image:width\" content=\"1000\" \/>\n\t<meta property=\"og:image:height\" content=\"625\" \/>\n\t<meta property=\"og:image:type\" content=\"image\/jpeg\" \/>\n<meta name=\"author\" content=\"Radio Ljubu\u0161ki\" \/>\n<meta name=\"twitter:card\" content=\"summary_large_image\" \/>\n<meta name=\"twitter:creator\" content=\"@radioljubuski\" \/>\n<meta name=\"twitter:site\" content=\"@radioljubuski\" \/>\n<meta name=\"twitter:label1\" content=\"Napisao\/la\" \/>\n\t<meta name=\"twitter:data1\" content=\"Radio Ljubu\u0161ki\" \/>\n\t<meta name=\"twitter:label2\" content=\"Procijenjeno vrijeme \u010ditanja\" \/>\n\t<meta name=\"twitter:data2\" content=\"2 minute\" \/>\n<script type=\"application\/ld+json\" class=\"yoast-schema-graph\">{\"@context\":\"https:\\\/\\\/schema.org\",\"@graph\":[{\"@type\":\"Article\",\"@id\":\"https:\\\/\\\/radioljubuski.ba\\\/index.php\\\/2022\\\/06\\\/23\\\/poznati-rezultati-preliminarne-istrage-zrakoplova-koji-je-sletio-u-sarajevu-oglasio-se-i-croatia-airlines\\\/#article\",\"isPartOf\":{\"@id\":\"https:\\\/\\\/radioljubuski.ba\\\/index.php\\\/2022\\\/06\\\/23\\\/poznati-rezultati-preliminarne-istrage-zrakoplova-koji-je-sletio-u-sarajevu-oglasio-se-i-croatia-airlines\\\/\"},\"author\":{\"name\":\"Radio Ljubu\u0161ki\",\"@id\":\"https:\\\/\\\/radioljubuski.ba\\\/#\\\/schema\\\/person\\\/19fc700381a780f69665d7956c469e3b\"},\"headline\":\"Poznati rezultati preliminarne istrage zrakoplova koji je sletio u Sarajevu, oglasio se i Croatia Airlines\",\"datePublished\":\"2022-06-23T10:21:24+00:00\",\"dateModified\":\"2022-06-23T10:21:26+00:00\",\"mainEntityOfPage\":{\"@id\":\"https:\\\/\\\/radioljubuski.ba\\\/index.php\\\/2022\\\/06\\\/23\\\/poznati-rezultati-preliminarne-istrage-zrakoplova-koji-je-sletio-u-sarajevu-oglasio-se-i-croatia-airlines\\\/\"},\"wordCount\":561,\"publisher\":{\"@id\":\"https:\\\/\\\/radioljubuski.ba\\\/#organization\"},\"image\":{\"@id\":\"https:\\\/\\\/radioljubuski.ba\\\/index.php\\\/2022\\\/06\\\/23\\\/poznati-rezultati-preliminarne-istrage-zrakoplova-koji-je-sletio-u-sarajevu-oglasio-se-i-croatia-airlines\\\/#primaryimage\"},\"thumbnailUrl\":\"https:\\\/\\\/radioljubuski.ba\\\/wp-content\\\/uploads\\\/2022\\\/06\\\/8-2022-06-23-12-09-43-croatia.jpg\",\"articleSection\":[\"BIH i regija\"],\"inLanguage\":\"hr\"},{\"@type\":\"WebPage\",\"@id\":\"https:\\\/\\\/radioljubuski.ba\\\/index.php\\\/2022\\\/06\\\/23\\\/poznati-rezultati-preliminarne-istrage-zrakoplova-koji-je-sletio-u-sarajevu-oglasio-se-i-croatia-airlines\\\/\",\"url\":\"https:\\\/\\\/radioljubuski.ba\\\/index.php\\\/2022\\\/06\\\/23\\\/poznati-rezultati-preliminarne-istrage-zrakoplova-koji-je-sletio-u-sarajevu-oglasio-se-i-croatia-airlines\\\/\",\"name\":\"Poznati rezultati preliminarne istrage zrakoplova koji je sletio u Sarajevu, oglasio se i Croatia Airlines - RADIO LJUBU\u0160KI\",\"isPartOf\":{\"@id\":\"https:\\\/\\\/radioljubuski.ba\\\/#website\"},\"primaryImageOfPage\":{\"@id\":\"https:\\\/\\\/radioljubuski.ba\\\/index.php\\\/2022\\\/06\\\/23\\\/poznati-rezultati-preliminarne-istrage-zrakoplova-koji-je-sletio-u-sarajevu-oglasio-se-i-croatia-airlines\\\/#primaryimage\"},\"image\":{\"@id\":\"https:\\\/\\\/radioljubuski.ba\\\/index.php\\\/2022\\\/06\\\/23\\\/poznati-rezultati-preliminarne-istrage-zrakoplova-koji-je-sletio-u-sarajevu-oglasio-se-i-croatia-airlines\\\/#primaryimage\"},\"thumbnailUrl\":\"https:\\\/\\\/radioljubuski.ba\\\/wp-content\\\/uploads\\\/2022\\\/06\\\/8-2022-06-23-12-09-43-croatia.jpg\",\"datePublished\":\"2022-06-23T10:21:24+00:00\",\"dateModified\":\"2022-06-23T10:21:26+00:00\",\"breadcrumb\":{\"@id\":\"https:\\\/\\\/radioljubuski.ba\\\/index.php\\\/2022\\\/06\\\/23\\\/poznati-rezultati-preliminarne-istrage-zrakoplova-koji-je-sletio-u-sarajevu-oglasio-se-i-croatia-airlines\\\/#breadcrumb\"},\"inLanguage\":\"hr\",\"potentialAction\":[{\"@type\":\"ReadAction\",\"target\":[\"https:\\\/\\\/radioljubuski.ba\\\/index.php\\\/2022\\\/06\\\/23\\\/poznati-rezultati-preliminarne-istrage-zrakoplova-koji-je-sletio-u-sarajevu-oglasio-se-i-croatia-airlines\\\/\"]}]},{\"@type\":\"ImageObject\",\"inLanguage\":\"hr\",\"@id\":\"https:\\\/\\\/radioljubuski.ba\\\/index.php\\\/2022\\\/06\\\/23\\\/poznati-rezultati-preliminarne-istrage-zrakoplova-koji-je-sletio-u-sarajevu-oglasio-se-i-croatia-airlines\\\/#primaryimage\",\"url\":\"https:\\\/\\\/radioljubuski.ba\\\/wp-content\\\/uploads\\\/2022\\\/06\\\/8-2022-06-23-12-09-43-croatia.jpg\",\"contentUrl\":\"https:\\\/\\\/radioljubuski.ba\\\/wp-content\\\/uploads\\\/2022\\\/06\\\/8-2022-06-23-12-09-43-croatia.jpg\",\"width\":1000,\"height\":625},{\"@type\":\"BreadcrumbList\",\"@id\":\"https:\\\/\\\/radioljubuski.ba\\\/index.php\\\/2022\\\/06\\\/23\\\/poznati-rezultati-preliminarne-istrage-zrakoplova-koji-je-sletio-u-sarajevu-oglasio-se-i-croatia-airlines\\\/#breadcrumb\",\"itemListElement\":[{\"@type\":\"ListItem\",\"position\":1,\"name\":\"Po\u010detna stranica\",\"item\":\"https:\\\/\\\/radioljubuski.ba\\\/\"},{\"@type\":\"ListItem\",\"position\":2,\"name\":\"Poznati rezultati preliminarne istrage zrakoplova koji je sletio u Sarajevu, oglasio se i Croatia Airlines\"}]},{\"@type\":\"WebSite\",\"@id\":\"https:\\\/\\\/radioljubuski.ba\\\/#website\",\"url\":\"https:\\\/\\\/radioljubuski.ba\\\/\",\"name\":\"Radio Ljubu\u0161ki\",\"description\":\"Sun\u010dana frekvencija Hercegovine\",\"publisher\":{\"@id\":\"https:\\\/\\\/radioljubuski.ba\\\/#organization\"},\"potentialAction\":[{\"@type\":\"SearchAction\",\"target\":{\"@type\":\"EntryPoint\",\"urlTemplate\":\"https:\\\/\\\/radioljubuski.ba\\\/?s={search_term_string}\"},\"query-input\":{\"@type\":\"PropertyValueSpecification\",\"valueRequired\":true,\"valueName\":\"search_term_string\"}}],\"inLanguage\":\"hr\"},{\"@type\":\"Organization\",\"@id\":\"https:\\\/\\\/radioljubuski.ba\\\/#organization\",\"name\":\"Radio Ljubu\u0161ki\",\"url\":\"https:\\\/\\\/radioljubuski.ba\\\/\",\"logo\":{\"@type\":\"ImageObject\",\"inLanguage\":\"hr\",\"@id\":\"https:\\\/\\\/radioljubuski.ba\\\/#\\\/schema\\\/logo\\\/image\\\/\",\"url\":\"https:\\\/\\\/radioljubuski.ba\\\/wp-content\\\/uploads\\\/2021\\\/02\\\/cropped-Radio_Ljubuski_logo1.jpg\",\"contentUrl\":\"https:\\\/\\\/radioljubuski.ba\\\/wp-content\\\/uploads\\\/2021\\\/02\\\/cropped-Radio_Ljubuski_logo1.jpg\",\"width\":512,\"height\":512,\"caption\":\"Radio Ljubu\u0161ki\"},\"image\":{\"@id\":\"https:\\\/\\\/radioljubuski.ba\\\/#\\\/schema\\\/logo\\\/image\\\/\"},\"sameAs\":[\"https:\\\/\\\/www.facebook.com\\\/Radiio-Ljubuski-1490835324566332\",\"https:\\\/\\\/x.com\\\/radioljubuski\",\"https:\\\/\\\/hr.linkedin.com\\\/company\\\/radio-ljubuski\",\"https:\\\/\\\/www.youtube.com\\\/channel\\\/UCHYaeO_n0Db3tjNGudGpXyw\"]},{\"@type\":\"Person\",\"@id\":\"https:\\\/\\\/radioljubuski.ba\\\/#\\\/schema\\\/person\\\/19fc700381a780f69665d7956c469e3b\",\"name\":\"Radio Ljubu\u0161ki\"}]}<\/script>\n<!-- \/ Yoast SEO plugin. -->","yoast_head_json":{"title":"Poznati rezultati preliminarne istrage zrakoplova koji je sletio u Sarajevu, oglasio se i Croatia Airlines - RADIO LJUBU\u0160KI","robots":{"index":"index","follow":"follow","max-snippet":"max-snippet:-1","max-image-preview":"max-image-preview:large","max-video-preview":"max-video-preview:-1"},"canonical":"https:\/\/radioljubuski.ba\/index.php\/2022\/06\/23\/poznati-rezultati-preliminarne-istrage-zrakoplova-koji-je-sletio-u-sarajevu-oglasio-se-i-croatia-airlines\/","og_locale":"hr_HR","og_type":"article","og_title":"Poznati rezultati preliminarne istrage zrakoplova koji je sletio u Sarajevu, oglasio se i Croatia Airlines - RADIO LJUBU\u0160KI","og_description":"Rezultati preliminarne istrage na zrakoplovu Croatia Airlinesa pokazali su da na oplati aviona nema tragova barutnih \u010destica, neslu\u017ebeno doznaje&nbsp;Jutarnji list. Daljnjom istragom \u0107e se utvrditi \u0161to je uzorkovalo nastanak manjeg o\u0161te\u0107enja na trupu aviona. O doga\u0111aju u sarajevskoj zra\u010dnoj luci oglasila se priop\u0107enjem i Croatia Airlines. Njihovo priop\u0107enje prenosimo u cijelosti. &#8211; Nakon slijetanja zrakoplova [&hellip;]","og_url":"https:\/\/radioljubuski.ba\/index.php\/2022\/06\/23\/poznati-rezultati-preliminarne-istrage-zrakoplova-koji-je-sletio-u-sarajevu-oglasio-se-i-croatia-airlines\/","og_site_name":"RADIO LJUBU\u0160KI","article_publisher":"https:\/\/www.facebook.com\/Radiio-Ljubuski-1490835324566332","article_published_time":"2022-06-23T10:21:24+00:00","article_modified_time":"2022-06-23T10:21:26+00:00","og_image":[{"width":1000,"height":625,"url":"https:\/\/radioljubuski.ba\/wp-content\/uploads\/2022\/06\/8-2022-06-23-12-09-43-croatia.jpg","type":"image\/jpeg"}],"author":"Radio Ljubu\u0161ki","twitter_card":"summary_large_image","twitter_creator":"@radioljubuski","twitter_site":"@radioljubuski","twitter_misc":{"Napisao\/la":"Radio Ljubu\u0161ki","Procijenjeno vrijeme \u010ditanja":"2 minute"},"schema":{"@context":"https:\/\/schema.org","@graph":[{"@type":"Article","@id":"https:\/\/radioljubuski.ba\/index.php\/2022\/06\/23\/poznati-rezultati-preliminarne-istrage-zrakoplova-koji-je-sletio-u-sarajevu-oglasio-se-i-croatia-airlines\/#article","isPartOf":{"@id":"https:\/\/radioljubuski.ba\/index.php\/2022\/06\/23\/poznati-rezultati-preliminarne-istrage-zrakoplova-koji-je-sletio-u-sarajevu-oglasio-se-i-croatia-airlines\/"},"author":{"name":"Radio Ljubu\u0161ki","@id":"https:\/\/radioljubuski.ba\/#\/schema\/person\/19fc700381a780f69665d7956c469e3b"},"headline":"Poznati rezultati preliminarne istrage zrakoplova koji je sletio u Sarajevu, oglasio se i Croatia Airlines","datePublished":"2022-06-23T10:21:24+00:00","dateModified":"2022-06-23T10:21:26+00:00","mainEntityOfPage":{"@id":"https:\/\/radioljubuski.ba\/index.php\/2022\/06\/23\/poznati-rezultati-preliminarne-istrage-zrakoplova-koji-je-sletio-u-sarajevu-oglasio-se-i-croatia-airlines\/"},"wordCount":561,"publisher":{"@id":"https:\/\/radioljubuski.ba\/#organization"},"image":{"@id":"https:\/\/radioljubuski.ba\/index.php\/2022\/06\/23\/poznati-rezultati-preliminarne-istrage-zrakoplova-koji-je-sletio-u-sarajevu-oglasio-se-i-croatia-airlines\/#primaryimage"},"thumbnailUrl":"https:\/\/radioljubuski.ba\/wp-content\/uploads\/2022\/06\/8-2022-06-23-12-09-43-croatia.jpg","articleSection":["BIH i regija"],"inLanguage":"hr"},{"@type":"WebPage","@id":"https:\/\/radioljubuski.ba\/index.php\/2022\/06\/23\/poznati-rezultati-preliminarne-istrage-zrakoplova-koji-je-sletio-u-sarajevu-oglasio-se-i-croatia-airlines\/","url":"https:\/\/radioljubuski.ba\/index.php\/2022\/06\/23\/poznati-rezultati-preliminarne-istrage-zrakoplova-koji-je-sletio-u-sarajevu-oglasio-se-i-croatia-airlines\/","name":"Poznati rezultati preliminarne istrage zrakoplova koji je sletio u Sarajevu, oglasio se i Croatia Airlines - RADIO LJUBU\u0160KI","isPartOf":{"@id":"https:\/\/radioljubuski.ba\/#website"},"primaryImageOfPage":{"@id":"https:\/\/radioljubuski.ba\/index.php\/2022\/06\/23\/poznati-rezultati-preliminarne-istrage-zrakoplova-koji-je-sletio-u-sarajevu-oglasio-se-i-croatia-airlines\/#primaryimage"},"image":{"@id":"https:\/\/radioljubuski.ba\/index.php\/2022\/06\/23\/poznati-rezultati-preliminarne-istrage-zrakoplova-koji-je-sletio-u-sarajevu-oglasio-se-i-croatia-airlines\/#primaryimage"},"thumbnailUrl":"https:\/\/radioljubuski.ba\/wp-content\/uploads\/2022\/06\/8-2022-06-23-12-09-43-croatia.jpg","datePublished":"2022-06-23T10:21:24+00:00","dateModified":"2022-06-23T10:21:26+00:00","breadcrumb":{"@id":"https:\/\/radioljubuski.ba\/index.php\/2022\/06\/23\/poznati-rezultati-preliminarne-istrage-zrakoplova-koji-je-sletio-u-sarajevu-oglasio-se-i-croatia-airlines\/#breadcrumb"},"inLanguage":"hr","potentialAction":[{"@type":"ReadAction","target":["https:\/\/radioljubuski.ba\/index.php\/2022\/06\/23\/poznati-rezultati-preliminarne-istrage-zrakoplova-koji-je-sletio-u-sarajevu-oglasio-se-i-croatia-airlines\/"]}]},{"@type":"ImageObject","inLanguage":"hr","@id":"https:\/\/radioljubuski.ba\/index.php\/2022\/06\/23\/poznati-rezultati-preliminarne-istrage-zrakoplova-koji-je-sletio-u-sarajevu-oglasio-se-i-croatia-airlines\/#primaryimage","url":"https:\/\/radioljubuski.ba\/wp-content\/uploads\/2022\/06\/8-2022-06-23-12-09-43-croatia.jpg","contentUrl":"https:\/\/radioljubuski.ba\/wp-content\/uploads\/2022\/06\/8-2022-06-23-12-09-43-croatia.jpg","width":1000,"height":625},{"@type":"BreadcrumbList","@id":"https:\/\/radioljubuski.ba\/index.php\/2022\/06\/23\/poznati-rezultati-preliminarne-istrage-zrakoplova-koji-je-sletio-u-sarajevu-oglasio-se-i-croatia-airlines\/#breadcrumb","itemListElement":[{"@type":"ListItem","position":1,"name":"Po\u010detna stranica","item":"https:\/\/radioljubuski.ba\/"},{"@type":"ListItem","position":2,"name":"Poznati rezultati preliminarne istrage zrakoplova koji je sletio u Sarajevu, oglasio se i Croatia Airlines"}]},{"@type":"WebSite","@id":"https:\/\/radioljubuski.ba\/#website","url":"https:\/\/radioljubuski.ba\/","name":"Radio Ljubu\u0161ki","description":"Sun\u010dana frekvencija Hercegovine","publisher":{"@id":"https:\/\/radioljubuski.ba\/#organization"},"potentialAction":[{"@type":"SearchAction","target":{"@type":"EntryPoint","urlTemplate":"https:\/\/radioljubuski.ba\/?s={search_term_string}"},"query-input":{"@type":"PropertyValueSpecification","valueRequired":true,"valueName":"search_term_string"}}],"inLanguage":"hr"},{"@type":"Organization","@id":"https:\/\/radioljubuski.ba\/#organization","name":"Radio Ljubu\u0161ki","url":"https:\/\/radioljubuski.ba\/","logo":{"@type":"ImageObject","inLanguage":"hr","@id":"https:\/\/radioljubuski.ba\/#\/schema\/logo\/image\/","url":"https:\/\/radioljubuski.ba\/wp-content\/uploads\/2021\/02\/cropped-Radio_Ljubuski_logo1.jpg","contentUrl":"https:\/\/radioljubuski.ba\/wp-content\/uploads\/2021\/02\/cropped-Radio_Ljubuski_logo1.jpg","width":512,"height":512,"caption":"Radio Ljubu\u0161ki"},"image":{"@id":"https:\/\/radioljubuski.ba\/#\/schema\/logo\/image\/"},"sameAs":["https:\/\/www.facebook.com\/Radiio-Ljubuski-1490835324566332","https:\/\/x.com\/radioljubuski","https:\/\/hr.linkedin.com\/company\/radio-ljubuski","https:\/\/www.youtube.com\/channel\/UCHYaeO_n0Db3tjNGudGpXyw"]},{"@type":"Person","@id":"https:\/\/radioljubuski.ba\/#\/schema\/person\/19fc700381a780f69665d7956c469e3b","name":"Radio Ljubu\u0161ki"}]}},"_links":{"self":[{"href":"https:\/\/radioljubuski.ba\/index.php\/wp-json\/wp\/v2\/posts\/152631","targetHints":{"allow":["GET"]}}],"collection":[{"href":"https:\/\/radioljubuski.ba\/index.php\/wp-json\/wp\/v2\/posts"}],"about":[{"href":"https:\/\/radioljubuski.ba\/index.php\/wp-json\/wp\/v2\/types\/post"}],"author":[{"embeddable":true,"href":"https:\/\/radioljubuski.ba\/index.php\/wp-json\/wp\/v2\/users\/2"}],"replies":[{"embeddable":true,"href":"https:\/\/radioljubuski.ba\/index.php\/wp-json\/wp\/v2\/comments?post=152631"}],"version-history":[{"count":1,"href":"https:\/\/radioljubuski.ba\/index.php\/wp-json\/wp\/v2\/posts\/152631\/revisions"}],"predecessor-version":[{"id":152633,"href":"https:\/\/radioljubuski.ba\/index.php\/wp-json\/wp\/v2\/posts\/152631\/revisions\/152633"}],"wp:featuredmedia":[{"embeddable":true,"href":"https:\/\/radioljubuski.ba\/index.php\/wp-json\/wp\/v2\/media\/152632"}],"wp:attachment":[{"href":"https:\/\/radioljubuski.ba\/index.php\/wp-json\/wp\/v2\/media?parent=152631"}],"wp:term":[{"taxonomy":"category","embeddable":true,"href":"https:\/\/radioljubuski.ba\/index.php\/wp-json\/wp\/v2\/categories?post=152631"},{"taxonomy":"post_tag","embeddable":true,"href":"https:\/\/radioljubuski.ba\/index.php\/wp-json\/wp\/v2\/tags?post=152631"}],"curies":[{"name":"wp","href":"https:\/\/api.w.org\/{rel}","templated":true}]}}