{"id":152649,"date":"2022-06-23T12:21:06","date_gmt":"2022-06-23T11:21:06","guid":{"rendered":"https:\/\/radioljubuski.ba\/?p=152649"},"modified":"2022-06-23T12:21:07","modified_gmt":"2022-06-23T11:21:07","slug":"upucen-zahtjev-za-dodjeljivanje-kandidacijskog-statusa-bih-po-ubrzanoj-proceduri","status":"publish","type":"post","link":"https:\/\/radioljubuski.ba\/index.php\/2022\/06\/23\/upucen-zahtjev-za-dodjeljivanje-kandidacijskog-statusa-bih-po-ubrzanoj-proceduri\/","title":{"rendered":"Upu\u0107en zahtjev za dodjeljivanje kandidacijskog statusa BiH po ubrzanoj proceduri"},"content":{"rendered":"\n<p>Predsjedatelj Zastupni\u010dkog doma Parlamentarne skup\u0161tine BiH Neboj\u0161a Radmanovi\u0107 i predsjedatelj Doma naroda Parlamentarne skup\u0161tine BiH Dragan \u010covi\u0107 uputili su zahtjev za dodjeljivanje kandidacijskog statusa Bosni i Hercegovini po ubrzanoj proceduri.<\/p>\n\n\n\n<p>&#8220;Obra\u0107amo vam se u ime Zastupni\u010dkog doma i Doma naroda Parlamentarne skup\u0161tine Bosne i Hercegovine, prenose\u0107i jedinstven zahtjev na\u0161ih izaslanika i zastupnika da se Bosni i Hercegovini \u017eurno dodijeli kandidacijski status. Na\u0161 zahtjev dolazi u vrijeme ozbiljnih izazova za europski kontinent. Duboko smo svjesni radikalnog pogor\u0161anja me\u0111unarodnih politi\u010dkih, gospodarskih i sigurnosnih prilika, koje opravdano izazivaju osje\u0107aj neizvjesnosti sigurnosne ugroze kod na\u0161e populacije, \u010dije interese mo\u017eemo &nbsp;za\u0161tititi jedino ubrzanom integracijom u Europsku uniju&#8221;, stoji u zahtjevu upu\u0107enom na adrese Europskog parlamenta, Europske komisije, Europskog vije\u0107a, vije\u0107a Europske unije i ministara vanjskih poslova zemalja Europske unije.<\/p>\n\n\n\n<p>Dalje se navodi kako bi se dodjelom konsolidacijskog statusa bitno osna\u017eila europska perspektiva Bosne i Hercegovine, kao dr\u017eave visoko razvijene demokracije, vladavine prava, postignute stabilnosti i mira, punog po\u0161tivanja ljudskih prava, osnovnih sloboda i prava manjina, kao i vrijednosti civilnog dru\u0161tva, \u0161to su klju\u010dne vrijednosti na kojima je zasnovana i Europska unija.<\/p>\n\n\n\n<p>Stoga je krucijalno, dodaje se, sa stajali\u0161ta interesa Bosne i Hercegovine i \u0161irih europskih sigurnosnih interesa, drasti\u010dno ubrzati na\u0161 europski put, konkretno, dodjeljivanjem statusa dr\u017eave kandidatkinje.<\/p>\n\n\n\n<p>&#8220;U tom smislu apeliramo na va\u0161u potporu na\u0161em zahtjevu, nadaju\u0107i se kako u potpunosti razumijete sve globalne, ali i specifi\u010dne izazove s kojima se suo\u010davamo, a koji, uz na\u0161u nedvosmislenu posve\u0107enost i odgovornost, zahtijevaju jedinstveno, hrabro i politi\u010dki inovativno djelovanje Europske unije po pitanju procesa integracije Bosne i Hercegovine u Europsku uniju&#8221;, stoji u zahtjevu.<\/p>\n\n\n\n<p>Radmanovi\u0107 i \u010covi\u0107 navode kako bi kandidacijski status Bosne i Hercegovine unaprijedio stabilnost i za\u0161titio perspektivu pro\u0161irenja Europske unije na prostoru jugoisto\u010dne Europe, \u0161to je obostrani strate\u0161ki interes i opredjeljenje.<\/p>\n\n\n\n<p>&#8220;Dopustite da na kraju, ovim putem, jo\u0161 jednom uka\u017eemo na nu\u017enost \u017eurne izborne reforme i ograni\u010denih izmjena Ustava BiH kako bi se omogu\u0107ila neposredna provedba izbornih rezultata na sljede\u0107im op\u0107im izborima. Tako\u0111er, ovi reformski procesi podrazumijevaju i \u017eurnu provedbu ostalih klju\u010dnih prioriteta. Vjerujemo da \u017eurnim ispunjavanjem navedenih prioriteta Bosnu i Hercegovinu zna\u010dajno pribli\u017eavamo njezinu strate\u0161kom cilju, visokim europskim standardima vladavine prava i demokratske vladavine&#8221;, stoji na kraju zahtjev za dodjeljivanje kandidacijskog statusa BiH po ubrzanoj proceduri.<\/p>\n\n\n\n<p>Izvor:pogled.ba<\/p>\n","protected":false},"excerpt":{"rendered":"<p>Predsjedatelj Zastupni\u010dkog doma Parlamentarne skup\u0161tine BiH Neboj\u0161a Radmanovi\u0107 i predsjedatelj Doma naroda Parlamentarne skup\u0161tine BiH Dragan \u010covi\u0107 uputili su zahtjev za dodjeljivanje kandidacijskog statusa Bosni i Hercegovini po ubrzanoj proceduri. &#8220;Obra\u0107amo vam se u ime Zastupni\u010dkog doma i Doma naroda Parlamentarne skup\u0161tine Bosne i Hercegovine, prenose\u0107i jedinstven zahtjev na\u0161ih izaslanika i zastupnika da se Bosni [&hellip;]<\/p>\n","protected":false},"author":2,"featured_media":152650,"comment_status":"closed","ping_status":"closed","sticky":false,"template":"","format":"standard","meta":{"h5ap_radio_sources":[],"footnotes":""},"categories":[1],"tags":[],"class_list":["post-152649","post","type-post","status-publish","format-standard","has-post-thumbnail","hentry","category-bihiregija"],"yoast_head":"<!-- This site is optimized with the Yoast SEO plugin v27.4 - https:\/\/yoast.com\/product\/yoast-seo-wordpress\/ -->\n<title>Upu\u0107en zahtjev za dodjeljivanje kandidacijskog statusa BiH po ubrzanoj proceduri - RADIO LJUBU\u0160KI<\/title>\n<meta name=\"robots\" content=\"index, follow, max-snippet:-1, max-image-preview:large, max-video-preview:-1\" \/>\n<link rel=\"canonical\" href=\"https:\/\/radioljubuski.ba\/index.php\/2022\/06\/23\/upucen-zahtjev-za-dodjeljivanje-kandidacijskog-statusa-bih-po-ubrzanoj-proceduri\/\" \/>\n<meta property=\"og:locale\" content=\"hr_HR\" \/>\n<meta property=\"og:type\" content=\"article\" \/>\n<meta property=\"og:title\" content=\"Upu\u0107en zahtjev za dodjeljivanje kandidacijskog statusa BiH po ubrzanoj proceduri - RADIO LJUBU\u0160KI\" \/>\n<meta property=\"og:description\" content=\"Predsjedatelj Zastupni\u010dkog doma Parlamentarne skup\u0161tine BiH Neboj\u0161a Radmanovi\u0107 i predsjedatelj Doma naroda Parlamentarne skup\u0161tine BiH Dragan \u010covi\u0107 uputili su zahtjev za dodjeljivanje kandidacijskog statusa Bosni i Hercegovini po ubrzanoj proceduri. &#8220;Obra\u0107amo vam se u ime Zastupni\u010dkog doma i Doma naroda Parlamentarne skup\u0161tine Bosne i Hercegovine, prenose\u0107i jedinstven zahtjev na\u0161ih izaslanika i zastupnika da se Bosni [&hellip;]\" \/>\n<meta property=\"og:url\" content=\"https:\/\/radioljubuski.ba\/index.php\/2022\/06\/23\/upucen-zahtjev-za-dodjeljivanje-kandidacijskog-statusa-bih-po-ubrzanoj-proceduri\/\" \/>\n<meta property=\"og:site_name\" content=\"RADIO LJUBU\u0160KI\" \/>\n<meta property=\"article:publisher\" content=\"https:\/\/www.facebook.com\/Radiio-Ljubuski-1490835324566332\" \/>\n<meta property=\"article:published_time\" content=\"2022-06-23T11:21:06+00:00\" \/>\n<meta property=\"article:modified_time\" content=\"2022-06-23T11:21:07+00:00\" \/>\n<meta property=\"og:image\" content=\"https:\/\/radioljubuski.ba\/wp-content\/uploads\/2022\/06\/8-2022-04-26-15-43-29-covic-fena.jpg\" \/>\n\t<meta property=\"og:image:width\" content=\"1000\" \/>\n\t<meta property=\"og:image:height\" content=\"625\" \/>\n\t<meta property=\"og:image:type\" content=\"image\/jpeg\" \/>\n<meta name=\"author\" content=\"Radio Ljubu\u0161ki\" \/>\n<meta name=\"twitter:card\" content=\"summary_large_image\" \/>\n<meta name=\"twitter:creator\" content=\"@radioljubuski\" \/>\n<meta name=\"twitter:site\" content=\"@radioljubuski\" \/>\n<meta name=\"twitter:label1\" content=\"Napisao\/la\" \/>\n\t<meta name=\"twitter:data1\" content=\"Radio Ljubu\u0161ki\" \/>\n\t<meta name=\"twitter:label2\" content=\"Procijenjeno vrijeme \u010ditanja\" \/>\n\t<meta name=\"twitter:data2\" content=\"2 minute\" \/>\n<script type=\"application\/ld+json\" class=\"yoast-schema-graph\">{\"@context\":\"https:\\\/\\\/schema.org\",\"@graph\":[{\"@type\":\"Article\",\"@id\":\"https:\\\/\\\/radioljubuski.ba\\\/index.php\\\/2022\\\/06\\\/23\\\/upucen-zahtjev-za-dodjeljivanje-kandidacijskog-statusa-bih-po-ubrzanoj-proceduri\\\/#article\",\"isPartOf\":{\"@id\":\"https:\\\/\\\/radioljubuski.ba\\\/index.php\\\/2022\\\/06\\\/23\\\/upucen-zahtjev-za-dodjeljivanje-kandidacijskog-statusa-bih-po-ubrzanoj-proceduri\\\/\"},\"author\":{\"name\":\"Radio Ljubu\u0161ki\",\"@id\":\"https:\\\/\\\/radioljubuski.ba\\\/#\\\/schema\\\/person\\\/19fc700381a780f69665d7956c469e3b\"},\"headline\":\"Upu\u0107en zahtjev za dodjeljivanje kandidacijskog statusa BiH po ubrzanoj proceduri\",\"datePublished\":\"2022-06-23T11:21:06+00:00\",\"dateModified\":\"2022-06-23T11:21:07+00:00\",\"mainEntityOfPage\":{\"@id\":\"https:\\\/\\\/radioljubuski.ba\\\/index.php\\\/2022\\\/06\\\/23\\\/upucen-zahtjev-za-dodjeljivanje-kandidacijskog-statusa-bih-po-ubrzanoj-proceduri\\\/\"},\"wordCount\":428,\"publisher\":{\"@id\":\"https:\\\/\\\/radioljubuski.ba\\\/#organization\"},\"image\":{\"@id\":\"https:\\\/\\\/radioljubuski.ba\\\/index.php\\\/2022\\\/06\\\/23\\\/upucen-zahtjev-za-dodjeljivanje-kandidacijskog-statusa-bih-po-ubrzanoj-proceduri\\\/#primaryimage\"},\"thumbnailUrl\":\"https:\\\/\\\/radioljubuski.ba\\\/wp-content\\\/uploads\\\/2022\\\/06\\\/8-2022-04-26-15-43-29-covic-fena.jpg\",\"articleSection\":[\"BIH i regija\"],\"inLanguage\":\"hr\"},{\"@type\":\"WebPage\",\"@id\":\"https:\\\/\\\/radioljubuski.ba\\\/index.php\\\/2022\\\/06\\\/23\\\/upucen-zahtjev-za-dodjeljivanje-kandidacijskog-statusa-bih-po-ubrzanoj-proceduri\\\/\",\"url\":\"https:\\\/\\\/radioljubuski.ba\\\/index.php\\\/2022\\\/06\\\/23\\\/upucen-zahtjev-za-dodjeljivanje-kandidacijskog-statusa-bih-po-ubrzanoj-proceduri\\\/\",\"name\":\"Upu\u0107en zahtjev za dodjeljivanje kandidacijskog statusa BiH po ubrzanoj proceduri - RADIO LJUBU\u0160KI\",\"isPartOf\":{\"@id\":\"https:\\\/\\\/radioljubuski.ba\\\/#website\"},\"primaryImageOfPage\":{\"@id\":\"https:\\\/\\\/radioljubuski.ba\\\/index.php\\\/2022\\\/06\\\/23\\\/upucen-zahtjev-za-dodjeljivanje-kandidacijskog-statusa-bih-po-ubrzanoj-proceduri\\\/#primaryimage\"},\"image\":{\"@id\":\"https:\\\/\\\/radioljubuski.ba\\\/index.php\\\/2022\\\/06\\\/23\\\/upucen-zahtjev-za-dodjeljivanje-kandidacijskog-statusa-bih-po-ubrzanoj-proceduri\\\/#primaryimage\"},\"thumbnailUrl\":\"https:\\\/\\\/radioljubuski.ba\\\/wp-content\\\/uploads\\\/2022\\\/06\\\/8-2022-04-26-15-43-29-covic-fena.jpg\",\"datePublished\":\"2022-06-23T11:21:06+00:00\",\"dateModified\":\"2022-06-23T11:21:07+00:00\",\"breadcrumb\":{\"@id\":\"https:\\\/\\\/radioljubuski.ba\\\/index.php\\\/2022\\\/06\\\/23\\\/upucen-zahtjev-za-dodjeljivanje-kandidacijskog-statusa-bih-po-ubrzanoj-proceduri\\\/#breadcrumb\"},\"inLanguage\":\"hr\",\"potentialAction\":[{\"@type\":\"ReadAction\",\"target\":[\"https:\\\/\\\/radioljubuski.ba\\\/index.php\\\/2022\\\/06\\\/23\\\/upucen-zahtjev-za-dodjeljivanje-kandidacijskog-statusa-bih-po-ubrzanoj-proceduri\\\/\"]}]},{\"@type\":\"ImageObject\",\"inLanguage\":\"hr\",\"@id\":\"https:\\\/\\\/radioljubuski.ba\\\/index.php\\\/2022\\\/06\\\/23\\\/upucen-zahtjev-za-dodjeljivanje-kandidacijskog-statusa-bih-po-ubrzanoj-proceduri\\\/#primaryimage\",\"url\":\"https:\\\/\\\/radioljubuski.ba\\\/wp-content\\\/uploads\\\/2022\\\/06\\\/8-2022-04-26-15-43-29-covic-fena.jpg\",\"contentUrl\":\"https:\\\/\\\/radioljubuski.ba\\\/wp-content\\\/uploads\\\/2022\\\/06\\\/8-2022-04-26-15-43-29-covic-fena.jpg\",\"width\":1000,\"height\":625},{\"@type\":\"BreadcrumbList\",\"@id\":\"https:\\\/\\\/radioljubuski.ba\\\/index.php\\\/2022\\\/06\\\/23\\\/upucen-zahtjev-za-dodjeljivanje-kandidacijskog-statusa-bih-po-ubrzanoj-proceduri\\\/#breadcrumb\",\"itemListElement\":[{\"@type\":\"ListItem\",\"position\":1,\"name\":\"Po\u010detna stranica\",\"item\":\"https:\\\/\\\/radioljubuski.ba\\\/\"},{\"@type\":\"ListItem\",\"position\":2,\"name\":\"Upu\u0107en zahtjev za dodjeljivanje kandidacijskog statusa BiH po ubrzanoj proceduri\"}]},{\"@type\":\"WebSite\",\"@id\":\"https:\\\/\\\/radioljubuski.ba\\\/#website\",\"url\":\"https:\\\/\\\/radioljubuski.ba\\\/\",\"name\":\"Radio Ljubu\u0161ki\",\"description\":\"Sun\u010dana frekvencija Hercegovine\",\"publisher\":{\"@id\":\"https:\\\/\\\/radioljubuski.ba\\\/#organization\"},\"potentialAction\":[{\"@type\":\"SearchAction\",\"target\":{\"@type\":\"EntryPoint\",\"urlTemplate\":\"https:\\\/\\\/radioljubuski.ba\\\/?s={search_term_string}\"},\"query-input\":{\"@type\":\"PropertyValueSpecification\",\"valueRequired\":true,\"valueName\":\"search_term_string\"}}],\"inLanguage\":\"hr\"},{\"@type\":\"Organization\",\"@id\":\"https:\\\/\\\/radioljubuski.ba\\\/#organization\",\"name\":\"Radio Ljubu\u0161ki\",\"url\":\"https:\\\/\\\/radioljubuski.ba\\\/\",\"logo\":{\"@type\":\"ImageObject\",\"inLanguage\":\"hr\",\"@id\":\"https:\\\/\\\/radioljubuski.ba\\\/#\\\/schema\\\/logo\\\/image\\\/\",\"url\":\"https:\\\/\\\/radioljubuski.ba\\\/wp-content\\\/uploads\\\/2021\\\/02\\\/cropped-Radio_Ljubuski_logo1.jpg\",\"contentUrl\":\"https:\\\/\\\/radioljubuski.ba\\\/wp-content\\\/uploads\\\/2021\\\/02\\\/cropped-Radio_Ljubuski_logo1.jpg\",\"width\":512,\"height\":512,\"caption\":\"Radio Ljubu\u0161ki\"},\"image\":{\"@id\":\"https:\\\/\\\/radioljubuski.ba\\\/#\\\/schema\\\/logo\\\/image\\\/\"},\"sameAs\":[\"https:\\\/\\\/www.facebook.com\\\/Radiio-Ljubuski-1490835324566332\",\"https:\\\/\\\/x.com\\\/radioljubuski\",\"https:\\\/\\\/hr.linkedin.com\\\/company\\\/radio-ljubuski\",\"https:\\\/\\\/www.youtube.com\\\/channel\\\/UCHYaeO_n0Db3tjNGudGpXyw\"]},{\"@type\":\"Person\",\"@id\":\"https:\\\/\\\/radioljubuski.ba\\\/#\\\/schema\\\/person\\\/19fc700381a780f69665d7956c469e3b\",\"name\":\"Radio Ljubu\u0161ki\"}]}<\/script>\n<!-- \/ Yoast SEO plugin. -->","yoast_head_json":{"title":"Upu\u0107en zahtjev za dodjeljivanje kandidacijskog statusa BiH po ubrzanoj proceduri - RADIO LJUBU\u0160KI","robots":{"index":"index","follow":"follow","max-snippet":"max-snippet:-1","max-image-preview":"max-image-preview:large","max-video-preview":"max-video-preview:-1"},"canonical":"https:\/\/radioljubuski.ba\/index.php\/2022\/06\/23\/upucen-zahtjev-za-dodjeljivanje-kandidacijskog-statusa-bih-po-ubrzanoj-proceduri\/","og_locale":"hr_HR","og_type":"article","og_title":"Upu\u0107en zahtjev za dodjeljivanje kandidacijskog statusa BiH po ubrzanoj proceduri - RADIO LJUBU\u0160KI","og_description":"Predsjedatelj Zastupni\u010dkog doma Parlamentarne skup\u0161tine BiH Neboj\u0161a Radmanovi\u0107 i predsjedatelj Doma naroda Parlamentarne skup\u0161tine BiH Dragan \u010covi\u0107 uputili su zahtjev za dodjeljivanje kandidacijskog statusa Bosni i Hercegovini po ubrzanoj proceduri. &#8220;Obra\u0107amo vam se u ime Zastupni\u010dkog doma i Doma naroda Parlamentarne skup\u0161tine Bosne i Hercegovine, prenose\u0107i jedinstven zahtjev na\u0161ih izaslanika i zastupnika da se Bosni [&hellip;]","og_url":"https:\/\/radioljubuski.ba\/index.php\/2022\/06\/23\/upucen-zahtjev-za-dodjeljivanje-kandidacijskog-statusa-bih-po-ubrzanoj-proceduri\/","og_site_name":"RADIO LJUBU\u0160KI","article_publisher":"https:\/\/www.facebook.com\/Radiio-Ljubuski-1490835324566332","article_published_time":"2022-06-23T11:21:06+00:00","article_modified_time":"2022-06-23T11:21:07+00:00","og_image":[{"width":1000,"height":625,"url":"https:\/\/radioljubuski.ba\/wp-content\/uploads\/2022\/06\/8-2022-04-26-15-43-29-covic-fena.jpg","type":"image\/jpeg"}],"author":"Radio Ljubu\u0161ki","twitter_card":"summary_large_image","twitter_creator":"@radioljubuski","twitter_site":"@radioljubuski","twitter_misc":{"Napisao\/la":"Radio Ljubu\u0161ki","Procijenjeno vrijeme \u010ditanja":"2 minute"},"schema":{"@context":"https:\/\/schema.org","@graph":[{"@type":"Article","@id":"https:\/\/radioljubuski.ba\/index.php\/2022\/06\/23\/upucen-zahtjev-za-dodjeljivanje-kandidacijskog-statusa-bih-po-ubrzanoj-proceduri\/#article","isPartOf":{"@id":"https:\/\/radioljubuski.ba\/index.php\/2022\/06\/23\/upucen-zahtjev-za-dodjeljivanje-kandidacijskog-statusa-bih-po-ubrzanoj-proceduri\/"},"author":{"name":"Radio Ljubu\u0161ki","@id":"https:\/\/radioljubuski.ba\/#\/schema\/person\/19fc700381a780f69665d7956c469e3b"},"headline":"Upu\u0107en zahtjev za dodjeljivanje kandidacijskog statusa BiH po ubrzanoj proceduri","datePublished":"2022-06-23T11:21:06+00:00","dateModified":"2022-06-23T11:21:07+00:00","mainEntityOfPage":{"@id":"https:\/\/radioljubuski.ba\/index.php\/2022\/06\/23\/upucen-zahtjev-za-dodjeljivanje-kandidacijskog-statusa-bih-po-ubrzanoj-proceduri\/"},"wordCount":428,"publisher":{"@id":"https:\/\/radioljubuski.ba\/#organization"},"image":{"@id":"https:\/\/radioljubuski.ba\/index.php\/2022\/06\/23\/upucen-zahtjev-za-dodjeljivanje-kandidacijskog-statusa-bih-po-ubrzanoj-proceduri\/#primaryimage"},"thumbnailUrl":"https:\/\/radioljubuski.ba\/wp-content\/uploads\/2022\/06\/8-2022-04-26-15-43-29-covic-fena.jpg","articleSection":["BIH i regija"],"inLanguage":"hr"},{"@type":"WebPage","@id":"https:\/\/radioljubuski.ba\/index.php\/2022\/06\/23\/upucen-zahtjev-za-dodjeljivanje-kandidacijskog-statusa-bih-po-ubrzanoj-proceduri\/","url":"https:\/\/radioljubuski.ba\/index.php\/2022\/06\/23\/upucen-zahtjev-za-dodjeljivanje-kandidacijskog-statusa-bih-po-ubrzanoj-proceduri\/","name":"Upu\u0107en zahtjev za dodjeljivanje kandidacijskog statusa BiH po ubrzanoj proceduri - RADIO LJUBU\u0160KI","isPartOf":{"@id":"https:\/\/radioljubuski.ba\/#website"},"primaryImageOfPage":{"@id":"https:\/\/radioljubuski.ba\/index.php\/2022\/06\/23\/upucen-zahtjev-za-dodjeljivanje-kandidacijskog-statusa-bih-po-ubrzanoj-proceduri\/#primaryimage"},"image":{"@id":"https:\/\/radioljubuski.ba\/index.php\/2022\/06\/23\/upucen-zahtjev-za-dodjeljivanje-kandidacijskog-statusa-bih-po-ubrzanoj-proceduri\/#primaryimage"},"thumbnailUrl":"https:\/\/radioljubuski.ba\/wp-content\/uploads\/2022\/06\/8-2022-04-26-15-43-29-covic-fena.jpg","datePublished":"2022-06-23T11:21:06+00:00","dateModified":"2022-06-23T11:21:07+00:00","breadcrumb":{"@id":"https:\/\/radioljubuski.ba\/index.php\/2022\/06\/23\/upucen-zahtjev-za-dodjeljivanje-kandidacijskog-statusa-bih-po-ubrzanoj-proceduri\/#breadcrumb"},"inLanguage":"hr","potentialAction":[{"@type":"ReadAction","target":["https:\/\/radioljubuski.ba\/index.php\/2022\/06\/23\/upucen-zahtjev-za-dodjeljivanje-kandidacijskog-statusa-bih-po-ubrzanoj-proceduri\/"]}]},{"@type":"ImageObject","inLanguage":"hr","@id":"https:\/\/radioljubuski.ba\/index.php\/2022\/06\/23\/upucen-zahtjev-za-dodjeljivanje-kandidacijskog-statusa-bih-po-ubrzanoj-proceduri\/#primaryimage","url":"https:\/\/radioljubuski.ba\/wp-content\/uploads\/2022\/06\/8-2022-04-26-15-43-29-covic-fena.jpg","contentUrl":"https:\/\/radioljubuski.ba\/wp-content\/uploads\/2022\/06\/8-2022-04-26-15-43-29-covic-fena.jpg","width":1000,"height":625},{"@type":"BreadcrumbList","@id":"https:\/\/radioljubuski.ba\/index.php\/2022\/06\/23\/upucen-zahtjev-za-dodjeljivanje-kandidacijskog-statusa-bih-po-ubrzanoj-proceduri\/#breadcrumb","itemListElement":[{"@type":"ListItem","position":1,"name":"Po\u010detna stranica","item":"https:\/\/radioljubuski.ba\/"},{"@type":"ListItem","position":2,"name":"Upu\u0107en zahtjev za dodjeljivanje kandidacijskog statusa BiH po ubrzanoj proceduri"}]},{"@type":"WebSite","@id":"https:\/\/radioljubuski.ba\/#website","url":"https:\/\/radioljubuski.ba\/","name":"Radio Ljubu\u0161ki","description":"Sun\u010dana frekvencija Hercegovine","publisher":{"@id":"https:\/\/radioljubuski.ba\/#organization"},"potentialAction":[{"@type":"SearchAction","target":{"@type":"EntryPoint","urlTemplate":"https:\/\/radioljubuski.ba\/?s={search_term_string}"},"query-input":{"@type":"PropertyValueSpecification","valueRequired":true,"valueName":"search_term_string"}}],"inLanguage":"hr"},{"@type":"Organization","@id":"https:\/\/radioljubuski.ba\/#organization","name":"Radio Ljubu\u0161ki","url":"https:\/\/radioljubuski.ba\/","logo":{"@type":"ImageObject","inLanguage":"hr","@id":"https:\/\/radioljubuski.ba\/#\/schema\/logo\/image\/","url":"https:\/\/radioljubuski.ba\/wp-content\/uploads\/2021\/02\/cropped-Radio_Ljubuski_logo1.jpg","contentUrl":"https:\/\/radioljubuski.ba\/wp-content\/uploads\/2021\/02\/cropped-Radio_Ljubuski_logo1.jpg","width":512,"height":512,"caption":"Radio Ljubu\u0161ki"},"image":{"@id":"https:\/\/radioljubuski.ba\/#\/schema\/logo\/image\/"},"sameAs":["https:\/\/www.facebook.com\/Radiio-Ljubuski-1490835324566332","https:\/\/x.com\/radioljubuski","https:\/\/hr.linkedin.com\/company\/radio-ljubuski","https:\/\/www.youtube.com\/channel\/UCHYaeO_n0Db3tjNGudGpXyw"]},{"@type":"Person","@id":"https:\/\/radioljubuski.ba\/#\/schema\/person\/19fc700381a780f69665d7956c469e3b","name":"Radio Ljubu\u0161ki"}]}},"_links":{"self":[{"href":"https:\/\/radioljubuski.ba\/index.php\/wp-json\/wp\/v2\/posts\/152649","targetHints":{"allow":["GET"]}}],"collection":[{"href":"https:\/\/radioljubuski.ba\/index.php\/wp-json\/wp\/v2\/posts"}],"about":[{"href":"https:\/\/radioljubuski.ba\/index.php\/wp-json\/wp\/v2\/types\/post"}],"author":[{"embeddable":true,"href":"https:\/\/radioljubuski.ba\/index.php\/wp-json\/wp\/v2\/users\/2"}],"replies":[{"embeddable":true,"href":"https:\/\/radioljubuski.ba\/index.php\/wp-json\/wp\/v2\/comments?post=152649"}],"version-history":[{"count":1,"href":"https:\/\/radioljubuski.ba\/index.php\/wp-json\/wp\/v2\/posts\/152649\/revisions"}],"predecessor-version":[{"id":152651,"href":"https:\/\/radioljubuski.ba\/index.php\/wp-json\/wp\/v2\/posts\/152649\/revisions\/152651"}],"wp:featuredmedia":[{"embeddable":true,"href":"https:\/\/radioljubuski.ba\/index.php\/wp-json\/wp\/v2\/media\/152650"}],"wp:attachment":[{"href":"https:\/\/radioljubuski.ba\/index.php\/wp-json\/wp\/v2\/media?parent=152649"}],"wp:term":[{"taxonomy":"category","embeddable":true,"href":"https:\/\/radioljubuski.ba\/index.php\/wp-json\/wp\/v2\/categories?post=152649"},{"taxonomy":"post_tag","embeddable":true,"href":"https:\/\/radioljubuski.ba\/index.php\/wp-json\/wp\/v2\/tags?post=152649"}],"curies":[{"name":"wp","href":"https:\/\/api.w.org\/{rel}","templated":true}]}}