{"id":152657,"date":"2022-06-23T12:28:30","date_gmt":"2022-06-23T11:28:30","guid":{"rendered":"https:\/\/radioljubuski.ba\/?p=152657"},"modified":"2022-06-23T12:28:32","modified_gmt":"2022-06-23T11:28:32","slug":"oglasili-se-iz-tuziteljstva-bih-nema-tragova-baruta-nije-pucano-na-avion-croatia-airlinesa","status":"publish","type":"post","link":"https:\/\/radioljubuski.ba\/index.php\/2022\/06\/23\/oglasili-se-iz-tuziteljstva-bih-nema-tragova-baruta-nije-pucano-na-avion-croatia-airlinesa\/","title":{"rendered":"Oglasili se iz Tu\u017eiteljstva BiH: Nema tragova baruta, nije pucano na avion Croatia Airlinesa"},"content":{"rendered":"\n<p>De\u017eurni tu\u017eitelj Tu\u017eiteljstva BiH, koordinirao je provo\u0111enje o\u010devida koji je na Aerodromu Sarajevo izvr\u0161io o\u010devidni tim. Nakon provedenog o\u010devida prema preliminarnim nalazima stru\u010dnih osoba, ne postoje indicije koje bi ukazale na zaklju\u010dak da je o\u0161te\u0107enje na zrakoplovu nastalo djelovanjem vatrenog oru\u017eja.<\/p>\n\n\n\n<figure class=\"wp-block-embed is-type-wp-embed is-provider-radio-ljubuski wp-block-embed-radio-ljubuski\"><div class=\"wp-block-embed__wrapper\">\n<blockquote class=\"wp-embedded-content\" data-secret=\"KneNXGlq2U\"><a href=\"https:\/\/radioljubuski.ba\/index.php\/2022\/06\/23\/poznati-rezultati-preliminarne-istrage-zrakoplova-koji-je-sletio-u-sarajevu-oglasio-se-i-croatia-airlines\/\">Poznati rezultati preliminarne istrage zrakoplova koji je sletio u Sarajevu, oglasio se i Croatia Airlines<\/a><\/blockquote><iframe loading=\"lazy\" class=\"wp-embedded-content\" sandbox=\"allow-scripts\" security=\"restricted\" style=\"position: absolute; clip: rect(1px, 1px, 1px, 1px);\" title=\"&#8220;Poznati rezultati preliminarne istrage zrakoplova koji je sletio u Sarajevu, oglasio se i Croatia Airlines&#8221; &#8212;   RADIO LJUBU\u0160KI\" src=\"https:\/\/radioljubuski.ba\/index.php\/2022\/06\/23\/poznati-rezultati-preliminarne-istrage-zrakoplova-koji-je-sletio-u-sarajevu-oglasio-se-i-croatia-airlines\/embed\/#?secret=ueonSGzuhS#?secret=KneNXGlq2U\" data-secret=\"KneNXGlq2U\" width=\"600\" height=\"338\" frameborder=\"0\" marginwidth=\"0\" marginheight=\"0\" scrolling=\"no\"><\/iframe>\n<\/div><\/figure>\n\n\n\n<p>Prema stavu stru\u010dnih osoba o\u0161te\u0107enje je prouzro\u010deno mehani\u010dkim udarcem.<\/p>\n\n\n\n<p>Izvr\u0161enim analizama utvr\u0111eno je da nema tragova barutnih \u010destica, niti drugih tragova koji bi ukazivali na djelovanje projektila iz vatrenog oru\u017eja.<\/p>\n\n\n\n<p>Podsjetimo, nakon zaprimljene informacije, da je redovnom kontrolom aviona na aerodromu Sarajevo, koji je stigao letom iz Zagreba, na trupu letjelice uo\u010deno o\u0161te\u0107enje za koje postoji mogu\u0107nost da je naneseno metkom iz vatrenog oru\u017eja, de\u017eurni tu\u017eitelj Tu\u017eiteljstva Bosne i Hercegovine zatra\u017eio je provo\u0111enje o\u010devida, koje je provela uvi\u0111ajna ekipa, uz prisustvo du\u017enosnika Direkcije za civilno zrakoplovstvo BiH.<\/p>\n\n\n\n<figure class=\"wp-block-embed is-type-wp-embed is-provider-radio-ljubuski wp-block-embed-radio-ljubuski\"><div class=\"wp-block-embed__wrapper\">\n<blockquote class=\"wp-embedded-content\" data-secret=\"o1cZTh6vq9\"><a href=\"https:\/\/radioljubuski.ba\/index.php\/2022\/06\/23\/sarajevo-upucan-zrakoplov\/\">Sarajevo: &#8221;Upucan&#8221; zrakoplov<\/a><\/blockquote><iframe loading=\"lazy\" class=\"wp-embedded-content\" sandbox=\"allow-scripts\" security=\"restricted\" style=\"position: absolute; clip: rect(1px, 1px, 1px, 1px);\" title=\"&#8220;Sarajevo: &#8221;Upucan&#8221; zrakoplov&#8221; &#8212;   RADIO LJUBU\u0160KI\" src=\"https:\/\/radioljubuski.ba\/index.php\/2022\/06\/23\/sarajevo-upucan-zrakoplov\/embed\/#?secret=KjD3IKPRqa#?secret=o1cZTh6vq9\" data-secret=\"o1cZTh6vq9\" width=\"600\" height=\"338\" frameborder=\"0\" marginwidth=\"0\" marginheight=\"0\" scrolling=\"no\"><\/iframe>\n<\/div><\/figure>\n\n\n\n<p>Izvor:pogled.ba<\/p>\n","protected":false},"excerpt":{"rendered":"<p>De\u017eurni tu\u017eitelj Tu\u017eiteljstva BiH, koordinirao je provo\u0111enje o\u010devida koji je na Aerodromu Sarajevo izvr\u0161io o\u010devidni tim. Nakon provedenog o\u010devida prema preliminarnim nalazima stru\u010dnih osoba, ne postoje indicije koje bi ukazale na zaklju\u010dak da je o\u0161te\u0107enje na zrakoplovu nastalo djelovanjem vatrenog oru\u017eja. Prema stavu stru\u010dnih osoba o\u0161te\u0107enje je prouzro\u010deno mehani\u010dkim udarcem. Izvr\u0161enim analizama utvr\u0111eno je da [&hellip;]<\/p>\n","protected":false},"author":2,"featured_media":152658,"comment_status":"closed","ping_status":"closed","sticky":false,"template":"","format":"standard","meta":{"h5ap_radio_sources":[],"footnotes":""},"categories":[1],"tags":[],"class_list":["post-152657","post","type-post","status-publish","format-standard","has-post-thumbnail","hentry","category-bihiregija"],"yoast_head":"<!-- This site is optimized with the Yoast SEO plugin v27.4 - https:\/\/yoast.com\/product\/yoast-seo-wordpress\/ -->\n<title>Oglasili se iz Tu\u017eiteljstva BiH: Nema tragova baruta, nije pucano na avion Croatia Airlinesa - RADIO LJUBU\u0160KI<\/title>\n<meta name=\"robots\" content=\"index, follow, max-snippet:-1, max-image-preview:large, max-video-preview:-1\" \/>\n<link rel=\"canonical\" href=\"https:\/\/radioljubuski.ba\/index.php\/2022\/06\/23\/oglasili-se-iz-tuziteljstva-bih-nema-tragova-baruta-nije-pucano-na-avion-croatia-airlinesa\/\" \/>\n<meta property=\"og:locale\" content=\"hr_HR\" \/>\n<meta property=\"og:type\" content=\"article\" \/>\n<meta property=\"og:title\" content=\"Oglasili se iz Tu\u017eiteljstva BiH: Nema tragova baruta, nije pucano na avion Croatia Airlinesa - RADIO LJUBU\u0160KI\" \/>\n<meta property=\"og:description\" content=\"De\u017eurni tu\u017eitelj Tu\u017eiteljstva BiH, koordinirao je provo\u0111enje o\u010devida koji je na Aerodromu Sarajevo izvr\u0161io o\u010devidni tim. Nakon provedenog o\u010devida prema preliminarnim nalazima stru\u010dnih osoba, ne postoje indicije koje bi ukazale na zaklju\u010dak da je o\u0161te\u0107enje na zrakoplovu nastalo djelovanjem vatrenog oru\u017eja. Prema stavu stru\u010dnih osoba o\u0161te\u0107enje je prouzro\u010deno mehani\u010dkim udarcem. Izvr\u0161enim analizama utvr\u0111eno je da [&hellip;]\" \/>\n<meta property=\"og:url\" content=\"https:\/\/radioljubuski.ba\/index.php\/2022\/06\/23\/oglasili-se-iz-tuziteljstva-bih-nema-tragova-baruta-nije-pucano-na-avion-croatia-airlinesa\/\" \/>\n<meta property=\"og:site_name\" content=\"RADIO LJUBU\u0160KI\" \/>\n<meta property=\"article:publisher\" content=\"https:\/\/www.facebook.com\/Radiio-Ljubuski-1490835324566332\" \/>\n<meta property=\"article:published_time\" content=\"2022-06-23T11:28:30+00:00\" \/>\n<meta property=\"article:modified_time\" content=\"2022-06-23T11:28:32+00:00\" \/>\n<meta property=\"og:image\" content=\"https:\/\/radioljubuski.ba\/wp-content\/uploads\/2022\/06\/8-2022-06-23-12-42-04-CROATIA-AIRLINES.jpg\" \/>\n\t<meta property=\"og:image:width\" content=\"1000\" \/>\n\t<meta property=\"og:image:height\" content=\"625\" \/>\n\t<meta property=\"og:image:type\" content=\"image\/jpeg\" \/>\n<meta name=\"author\" content=\"Radio Ljubu\u0161ki\" \/>\n<meta name=\"twitter:card\" content=\"summary_large_image\" \/>\n<meta name=\"twitter:creator\" content=\"@radioljubuski\" \/>\n<meta name=\"twitter:site\" content=\"@radioljubuski\" \/>\n<meta name=\"twitter:label1\" content=\"Napisao\/la\" \/>\n\t<meta name=\"twitter:data1\" content=\"Radio Ljubu\u0161ki\" \/>\n\t<meta name=\"twitter:label2\" content=\"Procijenjeno vrijeme \u010ditanja\" \/>\n\t<meta name=\"twitter:data2\" content=\"1 minuta\" \/>\n<script type=\"application\/ld+json\" class=\"yoast-schema-graph\">{\"@context\":\"https:\\\/\\\/schema.org\",\"@graph\":[{\"@type\":\"Article\",\"@id\":\"https:\\\/\\\/radioljubuski.ba\\\/index.php\\\/2022\\\/06\\\/23\\\/oglasili-se-iz-tuziteljstva-bih-nema-tragova-baruta-nije-pucano-na-avion-croatia-airlinesa\\\/#article\",\"isPartOf\":{\"@id\":\"https:\\\/\\\/radioljubuski.ba\\\/index.php\\\/2022\\\/06\\\/23\\\/oglasili-se-iz-tuziteljstva-bih-nema-tragova-baruta-nije-pucano-na-avion-croatia-airlinesa\\\/\"},\"author\":{\"name\":\"Radio Ljubu\u0161ki\",\"@id\":\"https:\\\/\\\/radioljubuski.ba\\\/#\\\/schema\\\/person\\\/19fc700381a780f69665d7956c469e3b\"},\"headline\":\"Oglasili se iz Tu\u017eiteljstva BiH: Nema tragova baruta, nije pucano na avion Croatia Airlinesa\",\"datePublished\":\"2022-06-23T11:28:30+00:00\",\"dateModified\":\"2022-06-23T11:28:32+00:00\",\"mainEntityOfPage\":{\"@id\":\"https:\\\/\\\/radioljubuski.ba\\\/index.php\\\/2022\\\/06\\\/23\\\/oglasili-se-iz-tuziteljstva-bih-nema-tragova-baruta-nije-pucano-na-avion-croatia-airlinesa\\\/\"},\"wordCount\":192,\"publisher\":{\"@id\":\"https:\\\/\\\/radioljubuski.ba\\\/#organization\"},\"image\":{\"@id\":\"https:\\\/\\\/radioljubuski.ba\\\/index.php\\\/2022\\\/06\\\/23\\\/oglasili-se-iz-tuziteljstva-bih-nema-tragova-baruta-nije-pucano-na-avion-croatia-airlinesa\\\/#primaryimage\"},\"thumbnailUrl\":\"https:\\\/\\\/radioljubuski.ba\\\/wp-content\\\/uploads\\\/2022\\\/06\\\/8-2022-06-23-12-42-04-CROATIA-AIRLINES.jpg\",\"articleSection\":[\"BIH i regija\"],\"inLanguage\":\"hr\"},{\"@type\":\"WebPage\",\"@id\":\"https:\\\/\\\/radioljubuski.ba\\\/index.php\\\/2022\\\/06\\\/23\\\/oglasili-se-iz-tuziteljstva-bih-nema-tragova-baruta-nije-pucano-na-avion-croatia-airlinesa\\\/\",\"url\":\"https:\\\/\\\/radioljubuski.ba\\\/index.php\\\/2022\\\/06\\\/23\\\/oglasili-se-iz-tuziteljstva-bih-nema-tragova-baruta-nije-pucano-na-avion-croatia-airlinesa\\\/\",\"name\":\"Oglasili se iz Tu\u017eiteljstva BiH: Nema tragova baruta, nije pucano na avion Croatia Airlinesa - RADIO LJUBU\u0160KI\",\"isPartOf\":{\"@id\":\"https:\\\/\\\/radioljubuski.ba\\\/#website\"},\"primaryImageOfPage\":{\"@id\":\"https:\\\/\\\/radioljubuski.ba\\\/index.php\\\/2022\\\/06\\\/23\\\/oglasili-se-iz-tuziteljstva-bih-nema-tragova-baruta-nije-pucano-na-avion-croatia-airlinesa\\\/#primaryimage\"},\"image\":{\"@id\":\"https:\\\/\\\/radioljubuski.ba\\\/index.php\\\/2022\\\/06\\\/23\\\/oglasili-se-iz-tuziteljstva-bih-nema-tragova-baruta-nije-pucano-na-avion-croatia-airlinesa\\\/#primaryimage\"},\"thumbnailUrl\":\"https:\\\/\\\/radioljubuski.ba\\\/wp-content\\\/uploads\\\/2022\\\/06\\\/8-2022-06-23-12-42-04-CROATIA-AIRLINES.jpg\",\"datePublished\":\"2022-06-23T11:28:30+00:00\",\"dateModified\":\"2022-06-23T11:28:32+00:00\",\"breadcrumb\":{\"@id\":\"https:\\\/\\\/radioljubuski.ba\\\/index.php\\\/2022\\\/06\\\/23\\\/oglasili-se-iz-tuziteljstva-bih-nema-tragova-baruta-nije-pucano-na-avion-croatia-airlinesa\\\/#breadcrumb\"},\"inLanguage\":\"hr\",\"potentialAction\":[{\"@type\":\"ReadAction\",\"target\":[\"https:\\\/\\\/radioljubuski.ba\\\/index.php\\\/2022\\\/06\\\/23\\\/oglasili-se-iz-tuziteljstva-bih-nema-tragova-baruta-nije-pucano-na-avion-croatia-airlinesa\\\/\"]}]},{\"@type\":\"ImageObject\",\"inLanguage\":\"hr\",\"@id\":\"https:\\\/\\\/radioljubuski.ba\\\/index.php\\\/2022\\\/06\\\/23\\\/oglasili-se-iz-tuziteljstva-bih-nema-tragova-baruta-nije-pucano-na-avion-croatia-airlinesa\\\/#primaryimage\",\"url\":\"https:\\\/\\\/radioljubuski.ba\\\/wp-content\\\/uploads\\\/2022\\\/06\\\/8-2022-06-23-12-42-04-CROATIA-AIRLINES.jpg\",\"contentUrl\":\"https:\\\/\\\/radioljubuski.ba\\\/wp-content\\\/uploads\\\/2022\\\/06\\\/8-2022-06-23-12-42-04-CROATIA-AIRLINES.jpg\",\"width\":1000,\"height\":625},{\"@type\":\"BreadcrumbList\",\"@id\":\"https:\\\/\\\/radioljubuski.ba\\\/index.php\\\/2022\\\/06\\\/23\\\/oglasili-se-iz-tuziteljstva-bih-nema-tragova-baruta-nije-pucano-na-avion-croatia-airlinesa\\\/#breadcrumb\",\"itemListElement\":[{\"@type\":\"ListItem\",\"position\":1,\"name\":\"Po\u010detna stranica\",\"item\":\"https:\\\/\\\/radioljubuski.ba\\\/\"},{\"@type\":\"ListItem\",\"position\":2,\"name\":\"Oglasili se iz Tu\u017eiteljstva BiH: Nema tragova baruta, nije pucano na avion Croatia Airlinesa\"}]},{\"@type\":\"WebSite\",\"@id\":\"https:\\\/\\\/radioljubuski.ba\\\/#website\",\"url\":\"https:\\\/\\\/radioljubuski.ba\\\/\",\"name\":\"Radio Ljubu\u0161ki\",\"description\":\"Sun\u010dana frekvencija Hercegovine\",\"publisher\":{\"@id\":\"https:\\\/\\\/radioljubuski.ba\\\/#organization\"},\"potentialAction\":[{\"@type\":\"SearchAction\",\"target\":{\"@type\":\"EntryPoint\",\"urlTemplate\":\"https:\\\/\\\/radioljubuski.ba\\\/?s={search_term_string}\"},\"query-input\":{\"@type\":\"PropertyValueSpecification\",\"valueRequired\":true,\"valueName\":\"search_term_string\"}}],\"inLanguage\":\"hr\"},{\"@type\":\"Organization\",\"@id\":\"https:\\\/\\\/radioljubuski.ba\\\/#organization\",\"name\":\"Radio Ljubu\u0161ki\",\"url\":\"https:\\\/\\\/radioljubuski.ba\\\/\",\"logo\":{\"@type\":\"ImageObject\",\"inLanguage\":\"hr\",\"@id\":\"https:\\\/\\\/radioljubuski.ba\\\/#\\\/schema\\\/logo\\\/image\\\/\",\"url\":\"https:\\\/\\\/radioljubuski.ba\\\/wp-content\\\/uploads\\\/2021\\\/02\\\/cropped-Radio_Ljubuski_logo1.jpg\",\"contentUrl\":\"https:\\\/\\\/radioljubuski.ba\\\/wp-content\\\/uploads\\\/2021\\\/02\\\/cropped-Radio_Ljubuski_logo1.jpg\",\"width\":512,\"height\":512,\"caption\":\"Radio Ljubu\u0161ki\"},\"image\":{\"@id\":\"https:\\\/\\\/radioljubuski.ba\\\/#\\\/schema\\\/logo\\\/image\\\/\"},\"sameAs\":[\"https:\\\/\\\/www.facebook.com\\\/Radiio-Ljubuski-1490835324566332\",\"https:\\\/\\\/x.com\\\/radioljubuski\",\"https:\\\/\\\/hr.linkedin.com\\\/company\\\/radio-ljubuski\",\"https:\\\/\\\/www.youtube.com\\\/channel\\\/UCHYaeO_n0Db3tjNGudGpXyw\"]},{\"@type\":\"Person\",\"@id\":\"https:\\\/\\\/radioljubuski.ba\\\/#\\\/schema\\\/person\\\/19fc700381a780f69665d7956c469e3b\",\"name\":\"Radio Ljubu\u0161ki\"}]}<\/script>\n<!-- \/ Yoast SEO plugin. -->","yoast_head_json":{"title":"Oglasili se iz Tu\u017eiteljstva BiH: Nema tragova baruta, nije pucano na avion Croatia Airlinesa - RADIO LJUBU\u0160KI","robots":{"index":"index","follow":"follow","max-snippet":"max-snippet:-1","max-image-preview":"max-image-preview:large","max-video-preview":"max-video-preview:-1"},"canonical":"https:\/\/radioljubuski.ba\/index.php\/2022\/06\/23\/oglasili-se-iz-tuziteljstva-bih-nema-tragova-baruta-nije-pucano-na-avion-croatia-airlinesa\/","og_locale":"hr_HR","og_type":"article","og_title":"Oglasili se iz Tu\u017eiteljstva BiH: Nema tragova baruta, nije pucano na avion Croatia Airlinesa - RADIO LJUBU\u0160KI","og_description":"De\u017eurni tu\u017eitelj Tu\u017eiteljstva BiH, koordinirao je provo\u0111enje o\u010devida koji je na Aerodromu Sarajevo izvr\u0161io o\u010devidni tim. Nakon provedenog o\u010devida prema preliminarnim nalazima stru\u010dnih osoba, ne postoje indicije koje bi ukazale na zaklju\u010dak da je o\u0161te\u0107enje na zrakoplovu nastalo djelovanjem vatrenog oru\u017eja. Prema stavu stru\u010dnih osoba o\u0161te\u0107enje je prouzro\u010deno mehani\u010dkim udarcem. Izvr\u0161enim analizama utvr\u0111eno je da [&hellip;]","og_url":"https:\/\/radioljubuski.ba\/index.php\/2022\/06\/23\/oglasili-se-iz-tuziteljstva-bih-nema-tragova-baruta-nije-pucano-na-avion-croatia-airlinesa\/","og_site_name":"RADIO LJUBU\u0160KI","article_publisher":"https:\/\/www.facebook.com\/Radiio-Ljubuski-1490835324566332","article_published_time":"2022-06-23T11:28:30+00:00","article_modified_time":"2022-06-23T11:28:32+00:00","og_image":[{"width":1000,"height":625,"url":"https:\/\/radioljubuski.ba\/wp-content\/uploads\/2022\/06\/8-2022-06-23-12-42-04-CROATIA-AIRLINES.jpg","type":"image\/jpeg"}],"author":"Radio Ljubu\u0161ki","twitter_card":"summary_large_image","twitter_creator":"@radioljubuski","twitter_site":"@radioljubuski","twitter_misc":{"Napisao\/la":"Radio Ljubu\u0161ki","Procijenjeno vrijeme \u010ditanja":"1 minuta"},"schema":{"@context":"https:\/\/schema.org","@graph":[{"@type":"Article","@id":"https:\/\/radioljubuski.ba\/index.php\/2022\/06\/23\/oglasili-se-iz-tuziteljstva-bih-nema-tragova-baruta-nije-pucano-na-avion-croatia-airlinesa\/#article","isPartOf":{"@id":"https:\/\/radioljubuski.ba\/index.php\/2022\/06\/23\/oglasili-se-iz-tuziteljstva-bih-nema-tragova-baruta-nije-pucano-na-avion-croatia-airlinesa\/"},"author":{"name":"Radio Ljubu\u0161ki","@id":"https:\/\/radioljubuski.ba\/#\/schema\/person\/19fc700381a780f69665d7956c469e3b"},"headline":"Oglasili se iz Tu\u017eiteljstva BiH: Nema tragova baruta, nije pucano na avion Croatia Airlinesa","datePublished":"2022-06-23T11:28:30+00:00","dateModified":"2022-06-23T11:28:32+00:00","mainEntityOfPage":{"@id":"https:\/\/radioljubuski.ba\/index.php\/2022\/06\/23\/oglasili-se-iz-tuziteljstva-bih-nema-tragova-baruta-nije-pucano-na-avion-croatia-airlinesa\/"},"wordCount":192,"publisher":{"@id":"https:\/\/radioljubuski.ba\/#organization"},"image":{"@id":"https:\/\/radioljubuski.ba\/index.php\/2022\/06\/23\/oglasili-se-iz-tuziteljstva-bih-nema-tragova-baruta-nije-pucano-na-avion-croatia-airlinesa\/#primaryimage"},"thumbnailUrl":"https:\/\/radioljubuski.ba\/wp-content\/uploads\/2022\/06\/8-2022-06-23-12-42-04-CROATIA-AIRLINES.jpg","articleSection":["BIH i regija"],"inLanguage":"hr"},{"@type":"WebPage","@id":"https:\/\/radioljubuski.ba\/index.php\/2022\/06\/23\/oglasili-se-iz-tuziteljstva-bih-nema-tragova-baruta-nije-pucano-na-avion-croatia-airlinesa\/","url":"https:\/\/radioljubuski.ba\/index.php\/2022\/06\/23\/oglasili-se-iz-tuziteljstva-bih-nema-tragova-baruta-nije-pucano-na-avion-croatia-airlinesa\/","name":"Oglasili se iz Tu\u017eiteljstva BiH: Nema tragova baruta, nije pucano na avion Croatia Airlinesa - RADIO LJUBU\u0160KI","isPartOf":{"@id":"https:\/\/radioljubuski.ba\/#website"},"primaryImageOfPage":{"@id":"https:\/\/radioljubuski.ba\/index.php\/2022\/06\/23\/oglasili-se-iz-tuziteljstva-bih-nema-tragova-baruta-nije-pucano-na-avion-croatia-airlinesa\/#primaryimage"},"image":{"@id":"https:\/\/radioljubuski.ba\/index.php\/2022\/06\/23\/oglasili-se-iz-tuziteljstva-bih-nema-tragova-baruta-nije-pucano-na-avion-croatia-airlinesa\/#primaryimage"},"thumbnailUrl":"https:\/\/radioljubuski.ba\/wp-content\/uploads\/2022\/06\/8-2022-06-23-12-42-04-CROATIA-AIRLINES.jpg","datePublished":"2022-06-23T11:28:30+00:00","dateModified":"2022-06-23T11:28:32+00:00","breadcrumb":{"@id":"https:\/\/radioljubuski.ba\/index.php\/2022\/06\/23\/oglasili-se-iz-tuziteljstva-bih-nema-tragova-baruta-nije-pucano-na-avion-croatia-airlinesa\/#breadcrumb"},"inLanguage":"hr","potentialAction":[{"@type":"ReadAction","target":["https:\/\/radioljubuski.ba\/index.php\/2022\/06\/23\/oglasili-se-iz-tuziteljstva-bih-nema-tragova-baruta-nije-pucano-na-avion-croatia-airlinesa\/"]}]},{"@type":"ImageObject","inLanguage":"hr","@id":"https:\/\/radioljubuski.ba\/index.php\/2022\/06\/23\/oglasili-se-iz-tuziteljstva-bih-nema-tragova-baruta-nije-pucano-na-avion-croatia-airlinesa\/#primaryimage","url":"https:\/\/radioljubuski.ba\/wp-content\/uploads\/2022\/06\/8-2022-06-23-12-42-04-CROATIA-AIRLINES.jpg","contentUrl":"https:\/\/radioljubuski.ba\/wp-content\/uploads\/2022\/06\/8-2022-06-23-12-42-04-CROATIA-AIRLINES.jpg","width":1000,"height":625},{"@type":"BreadcrumbList","@id":"https:\/\/radioljubuski.ba\/index.php\/2022\/06\/23\/oglasili-se-iz-tuziteljstva-bih-nema-tragova-baruta-nije-pucano-na-avion-croatia-airlinesa\/#breadcrumb","itemListElement":[{"@type":"ListItem","position":1,"name":"Po\u010detna stranica","item":"https:\/\/radioljubuski.ba\/"},{"@type":"ListItem","position":2,"name":"Oglasili se iz Tu\u017eiteljstva BiH: Nema tragova baruta, nije pucano na avion Croatia Airlinesa"}]},{"@type":"WebSite","@id":"https:\/\/radioljubuski.ba\/#website","url":"https:\/\/radioljubuski.ba\/","name":"Radio Ljubu\u0161ki","description":"Sun\u010dana frekvencija Hercegovine","publisher":{"@id":"https:\/\/radioljubuski.ba\/#organization"},"potentialAction":[{"@type":"SearchAction","target":{"@type":"EntryPoint","urlTemplate":"https:\/\/radioljubuski.ba\/?s={search_term_string}"},"query-input":{"@type":"PropertyValueSpecification","valueRequired":true,"valueName":"search_term_string"}}],"inLanguage":"hr"},{"@type":"Organization","@id":"https:\/\/radioljubuski.ba\/#organization","name":"Radio Ljubu\u0161ki","url":"https:\/\/radioljubuski.ba\/","logo":{"@type":"ImageObject","inLanguage":"hr","@id":"https:\/\/radioljubuski.ba\/#\/schema\/logo\/image\/","url":"https:\/\/radioljubuski.ba\/wp-content\/uploads\/2021\/02\/cropped-Radio_Ljubuski_logo1.jpg","contentUrl":"https:\/\/radioljubuski.ba\/wp-content\/uploads\/2021\/02\/cropped-Radio_Ljubuski_logo1.jpg","width":512,"height":512,"caption":"Radio Ljubu\u0161ki"},"image":{"@id":"https:\/\/radioljubuski.ba\/#\/schema\/logo\/image\/"},"sameAs":["https:\/\/www.facebook.com\/Radiio-Ljubuski-1490835324566332","https:\/\/x.com\/radioljubuski","https:\/\/hr.linkedin.com\/company\/radio-ljubuski","https:\/\/www.youtube.com\/channel\/UCHYaeO_n0Db3tjNGudGpXyw"]},{"@type":"Person","@id":"https:\/\/radioljubuski.ba\/#\/schema\/person\/19fc700381a780f69665d7956c469e3b","name":"Radio Ljubu\u0161ki"}]}},"_links":{"self":[{"href":"https:\/\/radioljubuski.ba\/index.php\/wp-json\/wp\/v2\/posts\/152657","targetHints":{"allow":["GET"]}}],"collection":[{"href":"https:\/\/radioljubuski.ba\/index.php\/wp-json\/wp\/v2\/posts"}],"about":[{"href":"https:\/\/radioljubuski.ba\/index.php\/wp-json\/wp\/v2\/types\/post"}],"author":[{"embeddable":true,"href":"https:\/\/radioljubuski.ba\/index.php\/wp-json\/wp\/v2\/users\/2"}],"replies":[{"embeddable":true,"href":"https:\/\/radioljubuski.ba\/index.php\/wp-json\/wp\/v2\/comments?post=152657"}],"version-history":[{"count":1,"href":"https:\/\/radioljubuski.ba\/index.php\/wp-json\/wp\/v2\/posts\/152657\/revisions"}],"predecessor-version":[{"id":152659,"href":"https:\/\/radioljubuski.ba\/index.php\/wp-json\/wp\/v2\/posts\/152657\/revisions\/152659"}],"wp:featuredmedia":[{"embeddable":true,"href":"https:\/\/radioljubuski.ba\/index.php\/wp-json\/wp\/v2\/media\/152658"}],"wp:attachment":[{"href":"https:\/\/radioljubuski.ba\/index.php\/wp-json\/wp\/v2\/media?parent=152657"}],"wp:term":[{"taxonomy":"category","embeddable":true,"href":"https:\/\/radioljubuski.ba\/index.php\/wp-json\/wp\/v2\/categories?post=152657"},{"taxonomy":"post_tag","embeddable":true,"href":"https:\/\/radioljubuski.ba\/index.php\/wp-json\/wp\/v2\/tags?post=152657"}],"curies":[{"name":"wp","href":"https:\/\/api.w.org\/{rel}","templated":true}]}}