{"id":152663,"date":"2022-06-23T12:32:32","date_gmt":"2022-06-23T11:32:32","guid":{"rendered":"https:\/\/radioljubuski.ba\/?p=152663"},"modified":"2022-06-23T12:32:34","modified_gmt":"2022-06-23T11:32:34","slug":"za-9-tisuca-kuna-nitko-nije-htio-brati-tresnje-vlasnik-tvrdi-nezaposleni-sa-zavoda-su-neradnici","status":"publish","type":"post","link":"https:\/\/radioljubuski.ba\/index.php\/2022\/06\/23\/za-9-tisuca-kuna-nitko-nije-htio-brati-tresnje-vlasnik-tvrdi-nezaposleni-sa-zavoda-su-neradnici\/","title":{"rendered":"Za 9 tisu\u0107a kuna nitko nije htio brati tre\u0161nje! Vlasnik tvrdi: Nezaposleni sa zavoda su neradnici"},"content":{"rendered":"\n<p>Na planta\u017eama Zlatana Kljakovi\u0107a Ga\u0161pi\u0107a propalo je vi\u0161e od 50 tona tre\u0161anja jer ih nije imao tko obrati. Vlasnik je vi\u0161e puta ogla\u0161avao potrebe za radnom snagom po zavodima za zapo\u0161ljavanje i internetskim portalima ali nitko se nije javljao. I oni koji su se javili radili su jako lo\u0161e i od njih nije bilo velike koristi, kazao je za <a href=\"https:\/\/slobodnadalmacija.hr\/vijesti\/hrvatska\/sto-je-ovo-doslo-za-9000-kuna-nitko-nije-htio-brati-tresnje-vlasnik-plantaze-je-u-ocaju-radi-neradnika-mi-je-propalo-50-tona-voca-1202914?fbclid=IwAR1qQztpIyKMgKmRtvIFE0wRNc0oOrto-5dgIaxSBjYg52mRq2TH7r0OE7c\" target=\"_blank\" rel=\"noreferrer noopener\">Slobodnu Dalmaciju<\/a>.<\/p>\n\n\n\n<p>Uzalud je nudio pla\u0107u od 5 do 9 tisu\u0107a kuna mjese\u010dno (ovisno o koli\u010dini koja se nabere) za 8 sati rada dnevno uz sat vremena odmora i pla\u0107en prijevoz do planta\u017ee u Majkovcu kod Svetog Ivan Zeline.<\/p>\n\n\n\n<p>Stoga je Kljakovi\u0107-Ga\u0161pi\u0107 poku\u0161ao prona\u0107i uvoznu radnu snagu. Zapravo javili su mu se potencijalni radnici iz Afganistana, Pakistana, Banglade\u0161a, Nepala, Filipina ali problem nije mogao rije\u0161iti zbog birokratske zavrzlame. Naime, on je potrebu za radnicima oglasio u travnju, a papirologija odnosno njihove radne dozvole mogle bi se rije\u0161iti tek u kolovozu i rujnu. Dakle nakon \u010detiri mjeseca.<\/p>\n\n\n\n<p>-I eto vidite. Na\u0161ao sam deset Nepalaca preko jedne agencije koji su spremni brati tre\u0161nje, ali po\u010deti bi mogli tek u kolovozu jer im nije rije\u0161ena radna dozvola i viza. A u kolovozu meni treba samo jedan radnik da pokosi po vo\u0107njaku. Tre\u0161nje se beru sada i propadaju jer ih nema tko brati-isti\u010de Kljakovi\u0107 Ga\u0161pi\u0107, nagla\u0161avaju\u0107i da je za sve kriva spora administracija i velika birokracija.<\/p>\n\n\n\n<p>Kada \u017eelite uzeti stranog radnika o tome najprije treba obavijestiti nadle\u017enu policijsku postaju. To je prvi korak. Zatim policija tra\u017ei suglasnost od Zavoda za zapo\u0161ljavanje koji radi anketu me\u0111u nezaposlenima ho\u0107e li i \u017eele li raditi primjerice u berbi tre\u0161anja. Ako se izjasne negativno tek tada se daje radna dozvola strancu i on mo\u017ee legalno raditi, odnosno prijaviti se na mirovinsko i zdravstveno osiguranje. A ako na\u0161i nezaposleni ka\u017eu da \u017eele raditi onda ni\u0161ta od radne dozvole strancima. I tu je najve\u0107i problem jer na\u0161i ne\u0107e raditi iako su se izjasnili da \u017eele.<\/p>\n\n\n\n<p>U Hrvatskoj ima posla za radnike, a nema za neradnike. Svi koji ho\u0107e mogu raditi, ali eto ti nezaposleni vole biti na zavodu za zapo\u0161ljavanje i tako \u017eive, nekada ne\u0161to odrade na crno i sa time se zadovolje-rezolutan je Kljakovi\u0107 Ga\u0161pi\u0107, koji tra\u017ei da se treba ukinuti postoje\u0107a procedura izdavanja radnih dozvola te da postupak treba prebaciti na poslodavca, koji u kona\u010dnici i pla\u0107a te radnike, a ne tra\u017eiti suglasnosti zavoda za zapo\u0161ljavanje.<\/p>\n\n\n\n<p>Stotine, mo\u017eda i tisu\u0107e OPG-a u RH nemaju potrebne radnike u poljoprivredi. Nemaju bera\u010de! Urodi jagoda, tre\u0161anja, borovnica, malina, kupina, breskvi, marelica, jabuka, kru\u0161aka su ugro\u017eeni. Nema tko brati vo\u0107e koje dozrijeva i dospijeva-tim se dramati\u010dnim apelom hrvatskoj javnosti obratio Zlatan Kljakovi\u0107 Ga\u0161pi\u0107, predsjednik udruge ZG tre\u0161nja.<\/p>\n\n\n\n<p>&nbsp;&#8211; Do\u017eivljavamo poslovnu katastrofu. Doma\u0107ih radnika je nedovoljno. Nezaposleni sa zavoda za zapo\u0161ljavanje ne\u0107e raditi. Dobro im je-rezolutan je Kljakovi\u0107 Ga\u0161pi\u0107.<\/p>\n\n\n\n<p>&#8211; I bolje, jer ni\u0161ta ne valjaju. Neradnici i \u017emukljeri &#8211; o\u0161tar je.<\/p>\n\n\n\n<p>Hrvatska poljoprivredna komora, HGK, Hrvatska vo\u0107arska zajednica \u0161ute. Ne poduzimaju ni\u0161ta. Vlada i Ministarstvo poljoprivrede ne reagiraju ili mo\u017eda i nemaju pojma \u0161to se doga\u0111a na terenu.<\/p>\n\n\n\n<p>Mi hrvatski vo\u0107ari, cvje\u0107ari, vinogradari-vinari smo nemo\u0107ni &#8211; govori nam.<\/p>\n\n\n\n<p>&#8211; MUP nije kriv nego zakonodavac koji je propisao dugu, kompliciranu proceduru i oni birokratski mozgovi koji su takav zakon osmislili i tako o\u0161tetili dr\u017eavni prora\u010dun i onemogu\u0107ili ostvarenje prihoda nama poljoprivrednicima, isti\u010de Kljakovi\u0107 Ga\u0161pi\u0107.<\/p>\n\n\n\n<p>Na popisu \u017eupanijskih zavoda za zapo\u0161ljavanje me\u0111u strukama radnika koji se mogu uvesti iz inozemstva nije navedena poljoprivreda niti i\u0161ta u vezi sa poljoprivredom.<\/p>\n\n\n\n<p>\u0160to rade institucije RH, \u0161to rade komore, \u0161to rade udruge-pita se Kljakovi\u0107 Ga\u0161pi\u0107.<\/p>\n\n\n\n<p>&#8211; Zna za probleme s radnom snagom u turizmu i gra\u0111evinarstvu. Poljoprivredu nitko ne spominje-zaklju\u010duje.<\/p>\n\n\n\n<p>Izvor:slobodnadalmacija.hr<\/p>\n","protected":false},"excerpt":{"rendered":"<p>Na planta\u017eama Zlatana Kljakovi\u0107a Ga\u0161pi\u0107a propalo je vi\u0161e od 50 tona tre\u0161anja jer ih nije imao tko obrati. Vlasnik je vi\u0161e puta ogla\u0161avao potrebe za radnom snagom po zavodima za zapo\u0161ljavanje i internetskim portalima ali nitko se nije javljao. I oni koji su se javili radili su jako lo\u0161e i od njih nije bilo velike [&hellip;]<\/p>\n","protected":false},"author":2,"featured_media":152664,"comment_status":"closed","ping_status":"closed","sticky":false,"template":"","format":"standard","meta":{"h5ap_radio_sources":[],"footnotes":""},"categories":[1],"tags":[],"class_list":["post-152663","post","type-post","status-publish","format-standard","has-post-thumbnail","hentry","category-bihiregija"],"yoast_head":"<!-- This site is optimized with the Yoast SEO plugin v27.4 - https:\/\/yoast.com\/product\/yoast-seo-wordpress\/ -->\n<title>Za 9 tisu\u0107a kuna nitko nije htio brati tre\u0161nje! Vlasnik tvrdi: Nezaposleni sa zavoda su neradnici - RADIO LJUBU\u0160KI<\/title>\n<meta name=\"robots\" content=\"index, follow, max-snippet:-1, max-image-preview:large, max-video-preview:-1\" \/>\n<link rel=\"canonical\" href=\"https:\/\/radioljubuski.ba\/index.php\/2022\/06\/23\/za-9-tisuca-kuna-nitko-nije-htio-brati-tresnje-vlasnik-tvrdi-nezaposleni-sa-zavoda-su-neradnici\/\" \/>\n<meta property=\"og:locale\" content=\"hr_HR\" \/>\n<meta property=\"og:type\" content=\"article\" \/>\n<meta property=\"og:title\" content=\"Za 9 tisu\u0107a kuna nitko nije htio brati tre\u0161nje! Vlasnik tvrdi: Nezaposleni sa zavoda su neradnici - RADIO LJUBU\u0160KI\" \/>\n<meta property=\"og:description\" content=\"Na planta\u017eama Zlatana Kljakovi\u0107a Ga\u0161pi\u0107a propalo je vi\u0161e od 50 tona tre\u0161anja jer ih nije imao tko obrati. Vlasnik je vi\u0161e puta ogla\u0161avao potrebe za radnom snagom po zavodima za zapo\u0161ljavanje i internetskim portalima ali nitko se nije javljao. I oni koji su se javili radili su jako lo\u0161e i od njih nije bilo velike [&hellip;]\" \/>\n<meta property=\"og:url\" content=\"https:\/\/radioljubuski.ba\/index.php\/2022\/06\/23\/za-9-tisuca-kuna-nitko-nije-htio-brati-tresnje-vlasnik-tvrdi-nezaposleni-sa-zavoda-su-neradnici\/\" \/>\n<meta property=\"og:site_name\" content=\"RADIO LJUBU\u0160KI\" \/>\n<meta property=\"article:publisher\" content=\"https:\/\/www.facebook.com\/Radiio-Ljubuski-1490835324566332\" \/>\n<meta property=\"article:published_time\" content=\"2022-06-23T11:32:32+00:00\" \/>\n<meta property=\"article:modified_time\" content=\"2022-06-23T11:32:34+00:00\" \/>\n<meta property=\"og:image\" content=\"https:\/\/radioljubuski.ba\/wp-content\/uploads\/2022\/06\/tresnje.jpg\" \/>\n\t<meta property=\"og:image:width\" content=\"1000\" \/>\n\t<meta property=\"og:image:height\" content=\"625\" \/>\n\t<meta property=\"og:image:type\" content=\"image\/jpeg\" \/>\n<meta name=\"author\" content=\"Radio Ljubu\u0161ki\" \/>\n<meta name=\"twitter:card\" content=\"summary_large_image\" \/>\n<meta name=\"twitter:creator\" content=\"@radioljubuski\" \/>\n<meta name=\"twitter:site\" content=\"@radioljubuski\" \/>\n<meta name=\"twitter:label1\" content=\"Napisao\/la\" \/>\n\t<meta name=\"twitter:data1\" content=\"Radio Ljubu\u0161ki\" \/>\n\t<meta name=\"twitter:label2\" content=\"Procijenjeno vrijeme \u010ditanja\" \/>\n\t<meta name=\"twitter:data2\" content=\"3 minute\" \/>\n<script type=\"application\/ld+json\" class=\"yoast-schema-graph\">{\"@context\":\"https:\\\/\\\/schema.org\",\"@graph\":[{\"@type\":\"Article\",\"@id\":\"https:\\\/\\\/radioljubuski.ba\\\/index.php\\\/2022\\\/06\\\/23\\\/za-9-tisuca-kuna-nitko-nije-htio-brati-tresnje-vlasnik-tvrdi-nezaposleni-sa-zavoda-su-neradnici\\\/#article\",\"isPartOf\":{\"@id\":\"https:\\\/\\\/radioljubuski.ba\\\/index.php\\\/2022\\\/06\\\/23\\\/za-9-tisuca-kuna-nitko-nije-htio-brati-tresnje-vlasnik-tvrdi-nezaposleni-sa-zavoda-su-neradnici\\\/\"},\"author\":{\"name\":\"Radio Ljubu\u0161ki\",\"@id\":\"https:\\\/\\\/radioljubuski.ba\\\/#\\\/schema\\\/person\\\/19fc700381a780f69665d7956c469e3b\"},\"headline\":\"Za 9 tisu\u0107a kuna nitko nije htio brati tre\u0161nje! Vlasnik tvrdi: Nezaposleni sa zavoda su neradnici\",\"datePublished\":\"2022-06-23T11:32:32+00:00\",\"dateModified\":\"2022-06-23T11:32:34+00:00\",\"mainEntityOfPage\":{\"@id\":\"https:\\\/\\\/radioljubuski.ba\\\/index.php\\\/2022\\\/06\\\/23\\\/za-9-tisuca-kuna-nitko-nije-htio-brati-tresnje-vlasnik-tvrdi-nezaposleni-sa-zavoda-su-neradnici\\\/\"},\"wordCount\":701,\"publisher\":{\"@id\":\"https:\\\/\\\/radioljubuski.ba\\\/#organization\"},\"image\":{\"@id\":\"https:\\\/\\\/radioljubuski.ba\\\/index.php\\\/2022\\\/06\\\/23\\\/za-9-tisuca-kuna-nitko-nije-htio-brati-tresnje-vlasnik-tvrdi-nezaposleni-sa-zavoda-su-neradnici\\\/#primaryimage\"},\"thumbnailUrl\":\"https:\\\/\\\/radioljubuski.ba\\\/wp-content\\\/uploads\\\/2022\\\/06\\\/tresnje.jpg\",\"articleSection\":[\"BIH i regija\"],\"inLanguage\":\"hr\"},{\"@type\":\"WebPage\",\"@id\":\"https:\\\/\\\/radioljubuski.ba\\\/index.php\\\/2022\\\/06\\\/23\\\/za-9-tisuca-kuna-nitko-nije-htio-brati-tresnje-vlasnik-tvrdi-nezaposleni-sa-zavoda-su-neradnici\\\/\",\"url\":\"https:\\\/\\\/radioljubuski.ba\\\/index.php\\\/2022\\\/06\\\/23\\\/za-9-tisuca-kuna-nitko-nije-htio-brati-tresnje-vlasnik-tvrdi-nezaposleni-sa-zavoda-su-neradnici\\\/\",\"name\":\"Za 9 tisu\u0107a kuna nitko nije htio brati tre\u0161nje! Vlasnik tvrdi: Nezaposleni sa zavoda su neradnici - RADIO LJUBU\u0160KI\",\"isPartOf\":{\"@id\":\"https:\\\/\\\/radioljubuski.ba\\\/#website\"},\"primaryImageOfPage\":{\"@id\":\"https:\\\/\\\/radioljubuski.ba\\\/index.php\\\/2022\\\/06\\\/23\\\/za-9-tisuca-kuna-nitko-nije-htio-brati-tresnje-vlasnik-tvrdi-nezaposleni-sa-zavoda-su-neradnici\\\/#primaryimage\"},\"image\":{\"@id\":\"https:\\\/\\\/radioljubuski.ba\\\/index.php\\\/2022\\\/06\\\/23\\\/za-9-tisuca-kuna-nitko-nije-htio-brati-tresnje-vlasnik-tvrdi-nezaposleni-sa-zavoda-su-neradnici\\\/#primaryimage\"},\"thumbnailUrl\":\"https:\\\/\\\/radioljubuski.ba\\\/wp-content\\\/uploads\\\/2022\\\/06\\\/tresnje.jpg\",\"datePublished\":\"2022-06-23T11:32:32+00:00\",\"dateModified\":\"2022-06-23T11:32:34+00:00\",\"breadcrumb\":{\"@id\":\"https:\\\/\\\/radioljubuski.ba\\\/index.php\\\/2022\\\/06\\\/23\\\/za-9-tisuca-kuna-nitko-nije-htio-brati-tresnje-vlasnik-tvrdi-nezaposleni-sa-zavoda-su-neradnici\\\/#breadcrumb\"},\"inLanguage\":\"hr\",\"potentialAction\":[{\"@type\":\"ReadAction\",\"target\":[\"https:\\\/\\\/radioljubuski.ba\\\/index.php\\\/2022\\\/06\\\/23\\\/za-9-tisuca-kuna-nitko-nije-htio-brati-tresnje-vlasnik-tvrdi-nezaposleni-sa-zavoda-su-neradnici\\\/\"]}]},{\"@type\":\"ImageObject\",\"inLanguage\":\"hr\",\"@id\":\"https:\\\/\\\/radioljubuski.ba\\\/index.php\\\/2022\\\/06\\\/23\\\/za-9-tisuca-kuna-nitko-nije-htio-brati-tresnje-vlasnik-tvrdi-nezaposleni-sa-zavoda-su-neradnici\\\/#primaryimage\",\"url\":\"https:\\\/\\\/radioljubuski.ba\\\/wp-content\\\/uploads\\\/2022\\\/06\\\/tresnje.jpg\",\"contentUrl\":\"https:\\\/\\\/radioljubuski.ba\\\/wp-content\\\/uploads\\\/2022\\\/06\\\/tresnje.jpg\",\"width\":1000,\"height\":625},{\"@type\":\"BreadcrumbList\",\"@id\":\"https:\\\/\\\/radioljubuski.ba\\\/index.php\\\/2022\\\/06\\\/23\\\/za-9-tisuca-kuna-nitko-nije-htio-brati-tresnje-vlasnik-tvrdi-nezaposleni-sa-zavoda-su-neradnici\\\/#breadcrumb\",\"itemListElement\":[{\"@type\":\"ListItem\",\"position\":1,\"name\":\"Po\u010detna stranica\",\"item\":\"https:\\\/\\\/radioljubuski.ba\\\/\"},{\"@type\":\"ListItem\",\"position\":2,\"name\":\"Za 9 tisu\u0107a kuna nitko nije htio brati tre\u0161nje! Vlasnik tvrdi: Nezaposleni sa zavoda su neradnici\"}]},{\"@type\":\"WebSite\",\"@id\":\"https:\\\/\\\/radioljubuski.ba\\\/#website\",\"url\":\"https:\\\/\\\/radioljubuski.ba\\\/\",\"name\":\"Radio Ljubu\u0161ki\",\"description\":\"Sun\u010dana frekvencija Hercegovine\",\"publisher\":{\"@id\":\"https:\\\/\\\/radioljubuski.ba\\\/#organization\"},\"potentialAction\":[{\"@type\":\"SearchAction\",\"target\":{\"@type\":\"EntryPoint\",\"urlTemplate\":\"https:\\\/\\\/radioljubuski.ba\\\/?s={search_term_string}\"},\"query-input\":{\"@type\":\"PropertyValueSpecification\",\"valueRequired\":true,\"valueName\":\"search_term_string\"}}],\"inLanguage\":\"hr\"},{\"@type\":\"Organization\",\"@id\":\"https:\\\/\\\/radioljubuski.ba\\\/#organization\",\"name\":\"Radio Ljubu\u0161ki\",\"url\":\"https:\\\/\\\/radioljubuski.ba\\\/\",\"logo\":{\"@type\":\"ImageObject\",\"inLanguage\":\"hr\",\"@id\":\"https:\\\/\\\/radioljubuski.ba\\\/#\\\/schema\\\/logo\\\/image\\\/\",\"url\":\"https:\\\/\\\/radioljubuski.ba\\\/wp-content\\\/uploads\\\/2021\\\/02\\\/cropped-Radio_Ljubuski_logo1.jpg\",\"contentUrl\":\"https:\\\/\\\/radioljubuski.ba\\\/wp-content\\\/uploads\\\/2021\\\/02\\\/cropped-Radio_Ljubuski_logo1.jpg\",\"width\":512,\"height\":512,\"caption\":\"Radio Ljubu\u0161ki\"},\"image\":{\"@id\":\"https:\\\/\\\/radioljubuski.ba\\\/#\\\/schema\\\/logo\\\/image\\\/\"},\"sameAs\":[\"https:\\\/\\\/www.facebook.com\\\/Radiio-Ljubuski-1490835324566332\",\"https:\\\/\\\/x.com\\\/radioljubuski\",\"https:\\\/\\\/hr.linkedin.com\\\/company\\\/radio-ljubuski\",\"https:\\\/\\\/www.youtube.com\\\/channel\\\/UCHYaeO_n0Db3tjNGudGpXyw\"]},{\"@type\":\"Person\",\"@id\":\"https:\\\/\\\/radioljubuski.ba\\\/#\\\/schema\\\/person\\\/19fc700381a780f69665d7956c469e3b\",\"name\":\"Radio Ljubu\u0161ki\"}]}<\/script>\n<!-- \/ Yoast SEO plugin. -->","yoast_head_json":{"title":"Za 9 tisu\u0107a kuna nitko nije htio brati tre\u0161nje! Vlasnik tvrdi: Nezaposleni sa zavoda su neradnici - RADIO LJUBU\u0160KI","robots":{"index":"index","follow":"follow","max-snippet":"max-snippet:-1","max-image-preview":"max-image-preview:large","max-video-preview":"max-video-preview:-1"},"canonical":"https:\/\/radioljubuski.ba\/index.php\/2022\/06\/23\/za-9-tisuca-kuna-nitko-nije-htio-brati-tresnje-vlasnik-tvrdi-nezaposleni-sa-zavoda-su-neradnici\/","og_locale":"hr_HR","og_type":"article","og_title":"Za 9 tisu\u0107a kuna nitko nije htio brati tre\u0161nje! Vlasnik tvrdi: Nezaposleni sa zavoda su neradnici - RADIO LJUBU\u0160KI","og_description":"Na planta\u017eama Zlatana Kljakovi\u0107a Ga\u0161pi\u0107a propalo je vi\u0161e od 50 tona tre\u0161anja jer ih nije imao tko obrati. Vlasnik je vi\u0161e puta ogla\u0161avao potrebe za radnom snagom po zavodima za zapo\u0161ljavanje i internetskim portalima ali nitko se nije javljao. I oni koji su se javili radili su jako lo\u0161e i od njih nije bilo velike [&hellip;]","og_url":"https:\/\/radioljubuski.ba\/index.php\/2022\/06\/23\/za-9-tisuca-kuna-nitko-nije-htio-brati-tresnje-vlasnik-tvrdi-nezaposleni-sa-zavoda-su-neradnici\/","og_site_name":"RADIO LJUBU\u0160KI","article_publisher":"https:\/\/www.facebook.com\/Radiio-Ljubuski-1490835324566332","article_published_time":"2022-06-23T11:32:32+00:00","article_modified_time":"2022-06-23T11:32:34+00:00","og_image":[{"width":1000,"height":625,"url":"https:\/\/radioljubuski.ba\/wp-content\/uploads\/2022\/06\/tresnje.jpg","type":"image\/jpeg"}],"author":"Radio Ljubu\u0161ki","twitter_card":"summary_large_image","twitter_creator":"@radioljubuski","twitter_site":"@radioljubuski","twitter_misc":{"Napisao\/la":"Radio Ljubu\u0161ki","Procijenjeno vrijeme \u010ditanja":"3 minute"},"schema":{"@context":"https:\/\/schema.org","@graph":[{"@type":"Article","@id":"https:\/\/radioljubuski.ba\/index.php\/2022\/06\/23\/za-9-tisuca-kuna-nitko-nije-htio-brati-tresnje-vlasnik-tvrdi-nezaposleni-sa-zavoda-su-neradnici\/#article","isPartOf":{"@id":"https:\/\/radioljubuski.ba\/index.php\/2022\/06\/23\/za-9-tisuca-kuna-nitko-nije-htio-brati-tresnje-vlasnik-tvrdi-nezaposleni-sa-zavoda-su-neradnici\/"},"author":{"name":"Radio Ljubu\u0161ki","@id":"https:\/\/radioljubuski.ba\/#\/schema\/person\/19fc700381a780f69665d7956c469e3b"},"headline":"Za 9 tisu\u0107a kuna nitko nije htio brati tre\u0161nje! Vlasnik tvrdi: Nezaposleni sa zavoda su neradnici","datePublished":"2022-06-23T11:32:32+00:00","dateModified":"2022-06-23T11:32:34+00:00","mainEntityOfPage":{"@id":"https:\/\/radioljubuski.ba\/index.php\/2022\/06\/23\/za-9-tisuca-kuna-nitko-nije-htio-brati-tresnje-vlasnik-tvrdi-nezaposleni-sa-zavoda-su-neradnici\/"},"wordCount":701,"publisher":{"@id":"https:\/\/radioljubuski.ba\/#organization"},"image":{"@id":"https:\/\/radioljubuski.ba\/index.php\/2022\/06\/23\/za-9-tisuca-kuna-nitko-nije-htio-brati-tresnje-vlasnik-tvrdi-nezaposleni-sa-zavoda-su-neradnici\/#primaryimage"},"thumbnailUrl":"https:\/\/radioljubuski.ba\/wp-content\/uploads\/2022\/06\/tresnje.jpg","articleSection":["BIH i regija"],"inLanguage":"hr"},{"@type":"WebPage","@id":"https:\/\/radioljubuski.ba\/index.php\/2022\/06\/23\/za-9-tisuca-kuna-nitko-nije-htio-brati-tresnje-vlasnik-tvrdi-nezaposleni-sa-zavoda-su-neradnici\/","url":"https:\/\/radioljubuski.ba\/index.php\/2022\/06\/23\/za-9-tisuca-kuna-nitko-nije-htio-brati-tresnje-vlasnik-tvrdi-nezaposleni-sa-zavoda-su-neradnici\/","name":"Za 9 tisu\u0107a kuna nitko nije htio brati tre\u0161nje! Vlasnik tvrdi: Nezaposleni sa zavoda su neradnici - RADIO LJUBU\u0160KI","isPartOf":{"@id":"https:\/\/radioljubuski.ba\/#website"},"primaryImageOfPage":{"@id":"https:\/\/radioljubuski.ba\/index.php\/2022\/06\/23\/za-9-tisuca-kuna-nitko-nije-htio-brati-tresnje-vlasnik-tvrdi-nezaposleni-sa-zavoda-su-neradnici\/#primaryimage"},"image":{"@id":"https:\/\/radioljubuski.ba\/index.php\/2022\/06\/23\/za-9-tisuca-kuna-nitko-nije-htio-brati-tresnje-vlasnik-tvrdi-nezaposleni-sa-zavoda-su-neradnici\/#primaryimage"},"thumbnailUrl":"https:\/\/radioljubuski.ba\/wp-content\/uploads\/2022\/06\/tresnje.jpg","datePublished":"2022-06-23T11:32:32+00:00","dateModified":"2022-06-23T11:32:34+00:00","breadcrumb":{"@id":"https:\/\/radioljubuski.ba\/index.php\/2022\/06\/23\/za-9-tisuca-kuna-nitko-nije-htio-brati-tresnje-vlasnik-tvrdi-nezaposleni-sa-zavoda-su-neradnici\/#breadcrumb"},"inLanguage":"hr","potentialAction":[{"@type":"ReadAction","target":["https:\/\/radioljubuski.ba\/index.php\/2022\/06\/23\/za-9-tisuca-kuna-nitko-nije-htio-brati-tresnje-vlasnik-tvrdi-nezaposleni-sa-zavoda-su-neradnici\/"]}]},{"@type":"ImageObject","inLanguage":"hr","@id":"https:\/\/radioljubuski.ba\/index.php\/2022\/06\/23\/za-9-tisuca-kuna-nitko-nije-htio-brati-tresnje-vlasnik-tvrdi-nezaposleni-sa-zavoda-su-neradnici\/#primaryimage","url":"https:\/\/radioljubuski.ba\/wp-content\/uploads\/2022\/06\/tresnje.jpg","contentUrl":"https:\/\/radioljubuski.ba\/wp-content\/uploads\/2022\/06\/tresnje.jpg","width":1000,"height":625},{"@type":"BreadcrumbList","@id":"https:\/\/radioljubuski.ba\/index.php\/2022\/06\/23\/za-9-tisuca-kuna-nitko-nije-htio-brati-tresnje-vlasnik-tvrdi-nezaposleni-sa-zavoda-su-neradnici\/#breadcrumb","itemListElement":[{"@type":"ListItem","position":1,"name":"Po\u010detna stranica","item":"https:\/\/radioljubuski.ba\/"},{"@type":"ListItem","position":2,"name":"Za 9 tisu\u0107a kuna nitko nije htio brati tre\u0161nje! Vlasnik tvrdi: Nezaposleni sa zavoda su neradnici"}]},{"@type":"WebSite","@id":"https:\/\/radioljubuski.ba\/#website","url":"https:\/\/radioljubuski.ba\/","name":"Radio Ljubu\u0161ki","description":"Sun\u010dana frekvencija Hercegovine","publisher":{"@id":"https:\/\/radioljubuski.ba\/#organization"},"potentialAction":[{"@type":"SearchAction","target":{"@type":"EntryPoint","urlTemplate":"https:\/\/radioljubuski.ba\/?s={search_term_string}"},"query-input":{"@type":"PropertyValueSpecification","valueRequired":true,"valueName":"search_term_string"}}],"inLanguage":"hr"},{"@type":"Organization","@id":"https:\/\/radioljubuski.ba\/#organization","name":"Radio Ljubu\u0161ki","url":"https:\/\/radioljubuski.ba\/","logo":{"@type":"ImageObject","inLanguage":"hr","@id":"https:\/\/radioljubuski.ba\/#\/schema\/logo\/image\/","url":"https:\/\/radioljubuski.ba\/wp-content\/uploads\/2021\/02\/cropped-Radio_Ljubuski_logo1.jpg","contentUrl":"https:\/\/radioljubuski.ba\/wp-content\/uploads\/2021\/02\/cropped-Radio_Ljubuski_logo1.jpg","width":512,"height":512,"caption":"Radio Ljubu\u0161ki"},"image":{"@id":"https:\/\/radioljubuski.ba\/#\/schema\/logo\/image\/"},"sameAs":["https:\/\/www.facebook.com\/Radiio-Ljubuski-1490835324566332","https:\/\/x.com\/radioljubuski","https:\/\/hr.linkedin.com\/company\/radio-ljubuski","https:\/\/www.youtube.com\/channel\/UCHYaeO_n0Db3tjNGudGpXyw"]},{"@type":"Person","@id":"https:\/\/radioljubuski.ba\/#\/schema\/person\/19fc700381a780f69665d7956c469e3b","name":"Radio Ljubu\u0161ki"}]}},"_links":{"self":[{"href":"https:\/\/radioljubuski.ba\/index.php\/wp-json\/wp\/v2\/posts\/152663","targetHints":{"allow":["GET"]}}],"collection":[{"href":"https:\/\/radioljubuski.ba\/index.php\/wp-json\/wp\/v2\/posts"}],"about":[{"href":"https:\/\/radioljubuski.ba\/index.php\/wp-json\/wp\/v2\/types\/post"}],"author":[{"embeddable":true,"href":"https:\/\/radioljubuski.ba\/index.php\/wp-json\/wp\/v2\/users\/2"}],"replies":[{"embeddable":true,"href":"https:\/\/radioljubuski.ba\/index.php\/wp-json\/wp\/v2\/comments?post=152663"}],"version-history":[{"count":1,"href":"https:\/\/radioljubuski.ba\/index.php\/wp-json\/wp\/v2\/posts\/152663\/revisions"}],"predecessor-version":[{"id":152665,"href":"https:\/\/radioljubuski.ba\/index.php\/wp-json\/wp\/v2\/posts\/152663\/revisions\/152665"}],"wp:featuredmedia":[{"embeddable":true,"href":"https:\/\/radioljubuski.ba\/index.php\/wp-json\/wp\/v2\/media\/152664"}],"wp:attachment":[{"href":"https:\/\/radioljubuski.ba\/index.php\/wp-json\/wp\/v2\/media?parent=152663"}],"wp:term":[{"taxonomy":"category","embeddable":true,"href":"https:\/\/radioljubuski.ba\/index.php\/wp-json\/wp\/v2\/categories?post=152663"},{"taxonomy":"post_tag","embeddable":true,"href":"https:\/\/radioljubuski.ba\/index.php\/wp-json\/wp\/v2\/tags?post=152663"}],"curies":[{"name":"wp","href":"https:\/\/api.w.org\/{rel}","templated":true}]}}