{"id":152675,"date":"2022-06-23T12:42:01","date_gmt":"2022-06-23T11:42:01","guid":{"rendered":"https:\/\/radioljubuski.ba\/?p=152675"},"modified":"2022-06-23T12:42:03","modified_gmt":"2022-06-23T11:42:03","slug":"gajic-objasnio-evo-kakve-stete-ce-izazvati-kruzer-bolette-u-neumskom-zaljevu","status":"publish","type":"post","link":"https:\/\/radioljubuski.ba\/index.php\/2022\/06\/23\/gajic-objasnio-evo-kakve-stete-ce-izazvati-kruzer-bolette-u-neumskom-zaljevu\/","title":{"rendered":"Gaji\u0107 objasnio: Evo kakve \u0161tete \u0107e izazvati kruzer Bolette u Neumskom zaljevu"},"content":{"rendered":"\n<p><strong>Kruzer \u201cBollette\u201d s ne\u0161to vi\u0161e od 1.000 putnika u\u0161ao je jutros u neumski akvatorij, zbog \u010dega su negodovali stanovnici Neuma zbog, kako su naveli, mogu\u0107eg naru\u0161avanja biodiverziteta mora.<\/strong><\/p>\n\n\n\n<figure class=\"wp-block-embed is-type-wp-embed is-provider-radio-ljubuski wp-block-embed-radio-ljubuski\"><div class=\"wp-block-embed__wrapper\">\n<blockquote class=\"wp-embedded-content\" data-secret=\"rR6Q1Ziekd\"><a href=\"https:\/\/radioljubuski.ba\/index.php\/2022\/06\/23\/u-neumu-odrzan-prosvjed-gradana-protiv-uplovljavanja-kruzera-bolette\/\">U Neumu odr\u017ean prosvjed gra\u0111ana protiv uplovljavanja kruzera Bolette<\/a><\/blockquote><iframe loading=\"lazy\" class=\"wp-embedded-content\" sandbox=\"allow-scripts\" security=\"restricted\" style=\"position: absolute; clip: rect(1px, 1px, 1px, 1px);\" title=\"&#8220;U Neumu odr\u017ean prosvjed gra\u0111ana protiv uplovljavanja kruzera Bolette&#8221; &#8212;   RADIO LJUBU\u0160KI\" src=\"https:\/\/radioljubuski.ba\/index.php\/2022\/06\/23\/u-neumu-odrzan-prosvjed-gradana-protiv-uplovljavanja-kruzera-bolette\/embed\/#?secret=D8BCEnuIPo#?secret=rR6Q1Ziekd\" data-secret=\"rR6Q1Ziekd\" width=\"600\" height=\"338\" frameborder=\"0\" marginwidth=\"0\" marginheight=\"0\" scrolling=\"no\"><\/iframe>\n<\/div><\/figure>\n\n\n\n<p><strong>Nemamo kapacitete za ovakav brod<\/strong><\/p>\n\n\n\n<p>\u201cSasvim su mi jasne potrebe \u0161irenja turisti\u010dke ponude i kapaciteta, \u0161to svakako podr\u017eavam sve dok je u granicama odr\u017eivog razvoja i gospodarstva. Tako\u0111er mi je jasno da laik ne mo\u017ee da primijeti objektivne opasnosti koje ovakav (\u010dak i pojedina\u010dan) pritisak mo\u017ee imati na zaliv sa oceanografskim osobinama poput na\u0161eg. Ipak, smatram da mi u Neumu trenutno nemamo infrastrukturne kapacitete da prihvatimo brod ovakvog gabarita\u201d, izjavio je znanstvenik Andrej Gaji\u0107, jedini bh. istra\u017eiva\u010d morskih pasa i rukovoditelj studija pri National Geographic i Discovery Channelu, za \u201c<a href=\"https:\/\/www.slobodna-bosna.ba\/vijest\/255788\/nauchnik_andrej_gajic_otkriva_za_sb_moze_li_kruzer_narusiti_biodiverzitet_u_neumskom_zaljevu.html\" target=\"_blank\" rel=\"noreferrer noopener\">Slobodnu Bosnu\u201d<\/a>.<\/p>\n\n\n\n<p>\u201cMS Boletter, \u010dini mi se, ima gaz od 8.1 \u0161to je objektivno oko 3 metra iznad maksimalne vrijednosti za na\u0161 zaliv (recimo oko 5 m). Nadalje, prema oceanografskim karakteristikama zaliva, ali i trenutnim kapacitetima, ne vjerujem da bi zaliv mogao adekvatno prihvatiti brod du\u017ei od mo\u017eda 100 metara (pa i manje) \u2013 iako nisam stru\u010dan da to ocijenim\u201d, pojasnio je Gaji\u0107 za SB.<\/p>\n\n\n\n<p>On je tako\u0111er dodao da svaki put kada se veliki broj poput ovog usidri, to rezultira nekom vrstom fizi\u010dkog o\u0161te\u0107enja, pomicanjem i pove\u0107anjem sedimentacije.<\/p>\n\n\n\n<p>\u201cSvakako dolazi do uni\u0161tavanja organizama koji se na\u0111u u blizni \u2013 no dosta ve\u0107i problem ogleda se u zamu\u0107enju vode koja nastaje tijekom okretanja broda, spu\u0161tanja, podizanja i ispiranja sidrenih lanaca na lokalitetu sa najsitnijim \u010desticama sedimenta dna, a pri tome relativno male dubine. Tako, podignuti mulj nerijetko ote\u017eava proces ishrane i razmno\u017eavanje, posebice beski\u010dmenjacima morskog dna. Tako\u0111er, tu je i smanjenje prozirnosti vode i koli\u010dine svjetlosti\u201d, dodao je Gaji\u0107.<\/p>\n\n\n\n<p><strong>Postojala bolja opcija od usidrenja<\/strong><\/p>\n\n\n\n<p>Gaji\u0107 tako\u0111er dodaje da iako mo\u017eda nema razloga za pretjeranu brigu, svakako bismo morali imati znanstveno zasnovane studije utjecaja na okoli\u0161 koje bi pomogle da zauzeti pravilne stavove kod niza pitanja i izazova s kojima se susre\u0107emo tijekom gospodarenja na\u0161im morem.<\/p>\n\n\n\n<p>\u201cPrivezivanje ovakvog broda na bove bilo bi daleko bolja i manje pogubna solucija, te kori\u0161tenje remorkera koji bi zna\u010dajno smanjili zamu\u0107enje vode nastalo okretanjem broda\u201d, naveo je Gaji\u0107 dodaju\u0107i kako podr\u017eava op\u0107inu Neum u borbi za o\u010duvanje biodiverziteta, koji bi morao biti iznad svakog dokazivanja, iznad svakog profita i iznad svake politike.<\/p>\n\n\n\n<p>\u201cJer to je ono \u0161to ostavljamo generacijama koje dolaze\u201d, kazao je Gaji\u0107 za \u201cSlobodnu Bosnu\u201d. Gaji\u0107 je ranije otkrivao kako u Neumu postoji sedam vrsta pasa, kao i ajkula koje ne mo\u017eemo prona\u0107i u drugim oceanima, morima ili pak u drugom dijelu Jadrana. Rije\u010d je o penama, odnosno srednjim morskim psima, koje mo\u017eete prona\u0107i u Neumu, s plo\u010dastim zaravnjenim zubima koji se hrane rakovima.<\/p>\n\n\n\n<p>\/HMS\/<\/p>\n","protected":false},"excerpt":{"rendered":"<p>Kruzer \u201cBollette\u201d s ne\u0161to vi\u0161e od 1.000 putnika u\u0161ao je jutros u neumski akvatorij, zbog \u010dega su negodovali stanovnici Neuma zbog, kako su naveli, mogu\u0107eg naru\u0161avanja biodiverziteta mora. Nemamo kapacitete za ovakav brod \u201cSasvim su mi jasne potrebe \u0161irenja turisti\u010dke ponude i kapaciteta, \u0161to svakako podr\u017eavam sve dok je u granicama odr\u017eivog razvoja i gospodarstva. [&hellip;]<\/p>\n","protected":false},"author":2,"featured_media":152676,"comment_status":"closed","ping_status":"closed","sticky":false,"template":"","format":"standard","meta":{"h5ap_radio_sources":[],"footnotes":""},"categories":[1],"tags":[],"class_list":["post-152675","post","type-post","status-publish","format-standard","has-post-thumbnail","hentry","category-bihiregija"],"yoast_head":"<!-- This site is optimized with the Yoast SEO plugin v27.4 - https:\/\/yoast.com\/product\/yoast-seo-wordpress\/ -->\n<title>Gaji\u0107 objasnio: Evo kakve \u0161tete \u0107e izazvati kruzer Bolette u Neumskom zaljevu - RADIO LJUBU\u0160KI<\/title>\n<meta name=\"robots\" content=\"index, follow, max-snippet:-1, max-image-preview:large, max-video-preview:-1\" \/>\n<link rel=\"canonical\" href=\"https:\/\/radioljubuski.ba\/index.php\/2022\/06\/23\/gajic-objasnio-evo-kakve-stete-ce-izazvati-kruzer-bolette-u-neumskom-zaljevu\/\" \/>\n<meta property=\"og:locale\" content=\"hr_HR\" \/>\n<meta property=\"og:type\" content=\"article\" \/>\n<meta property=\"og:title\" content=\"Gaji\u0107 objasnio: Evo kakve \u0161tete \u0107e izazvati kruzer Bolette u Neumskom zaljevu - RADIO LJUBU\u0160KI\" \/>\n<meta property=\"og:description\" content=\"Kruzer \u201cBollette\u201d s ne\u0161to vi\u0161e od 1.000 putnika u\u0161ao je jutros u neumski akvatorij, zbog \u010dega su negodovali stanovnici Neuma zbog, kako su naveli, mogu\u0107eg naru\u0161avanja biodiverziteta mora. Nemamo kapacitete za ovakav brod \u201cSasvim su mi jasne potrebe \u0161irenja turisti\u010dke ponude i kapaciteta, \u0161to svakako podr\u017eavam sve dok je u granicama odr\u017eivog razvoja i gospodarstva. [&hellip;]\" \/>\n<meta property=\"og:url\" content=\"https:\/\/radioljubuski.ba\/index.php\/2022\/06\/23\/gajic-objasnio-evo-kakve-stete-ce-izazvati-kruzer-bolette-u-neumskom-zaljevu\/\" \/>\n<meta property=\"og:site_name\" content=\"RADIO LJUBU\u0160KI\" \/>\n<meta property=\"article:publisher\" content=\"https:\/\/www.facebook.com\/Radiio-Ljubuski-1490835324566332\" \/>\n<meta property=\"article:published_time\" content=\"2022-06-23T11:42:01+00:00\" \/>\n<meta property=\"article:modified_time\" content=\"2022-06-23T11:42:03+00:00\" \/>\n<meta property=\"og:image\" content=\"https:\/\/radioljubuski.ba\/wp-content\/uploads\/2022\/06\/andrej-gajic.jpg\" \/>\n\t<meta property=\"og:image:width\" content=\"900\" \/>\n\t<meta property=\"og:image:height\" content=\"623\" \/>\n\t<meta property=\"og:image:type\" content=\"image\/jpeg\" \/>\n<meta name=\"author\" content=\"Radio Ljubu\u0161ki\" \/>\n<meta name=\"twitter:card\" content=\"summary_large_image\" \/>\n<meta name=\"twitter:creator\" content=\"@radioljubuski\" \/>\n<meta name=\"twitter:site\" content=\"@radioljubuski\" \/>\n<meta name=\"twitter:label1\" content=\"Napisao\/la\" \/>\n\t<meta name=\"twitter:data1\" content=\"Radio Ljubu\u0161ki\" \/>\n\t<meta name=\"twitter:label2\" content=\"Procijenjeno vrijeme \u010ditanja\" \/>\n\t<meta name=\"twitter:data2\" content=\"2 minute\" \/>\n<script type=\"application\/ld+json\" class=\"yoast-schema-graph\">{\"@context\":\"https:\\\/\\\/schema.org\",\"@graph\":[{\"@type\":\"Article\",\"@id\":\"https:\\\/\\\/radioljubuski.ba\\\/index.php\\\/2022\\\/06\\\/23\\\/gajic-objasnio-evo-kakve-stete-ce-izazvati-kruzer-bolette-u-neumskom-zaljevu\\\/#article\",\"isPartOf\":{\"@id\":\"https:\\\/\\\/radioljubuski.ba\\\/index.php\\\/2022\\\/06\\\/23\\\/gajic-objasnio-evo-kakve-stete-ce-izazvati-kruzer-bolette-u-neumskom-zaljevu\\\/\"},\"author\":{\"name\":\"Radio Ljubu\u0161ki\",\"@id\":\"https:\\\/\\\/radioljubuski.ba\\\/#\\\/schema\\\/person\\\/19fc700381a780f69665d7956c469e3b\"},\"headline\":\"Gaji\u0107 objasnio: Evo kakve \u0161tete \u0107e izazvati kruzer Bolette u Neumskom zaljevu\",\"datePublished\":\"2022-06-23T11:42:01+00:00\",\"dateModified\":\"2022-06-23T11:42:03+00:00\",\"mainEntityOfPage\":{\"@id\":\"https:\\\/\\\/radioljubuski.ba\\\/index.php\\\/2022\\\/06\\\/23\\\/gajic-objasnio-evo-kakve-stete-ce-izazvati-kruzer-bolette-u-neumskom-zaljevu\\\/\"},\"wordCount\":498,\"publisher\":{\"@id\":\"https:\\\/\\\/radioljubuski.ba\\\/#organization\"},\"image\":{\"@id\":\"https:\\\/\\\/radioljubuski.ba\\\/index.php\\\/2022\\\/06\\\/23\\\/gajic-objasnio-evo-kakve-stete-ce-izazvati-kruzer-bolette-u-neumskom-zaljevu\\\/#primaryimage\"},\"thumbnailUrl\":\"https:\\\/\\\/radioljubuski.ba\\\/wp-content\\\/uploads\\\/2022\\\/06\\\/andrej-gajic.jpg\",\"articleSection\":[\"BIH i regija\"],\"inLanguage\":\"hr\"},{\"@type\":\"WebPage\",\"@id\":\"https:\\\/\\\/radioljubuski.ba\\\/index.php\\\/2022\\\/06\\\/23\\\/gajic-objasnio-evo-kakve-stete-ce-izazvati-kruzer-bolette-u-neumskom-zaljevu\\\/\",\"url\":\"https:\\\/\\\/radioljubuski.ba\\\/index.php\\\/2022\\\/06\\\/23\\\/gajic-objasnio-evo-kakve-stete-ce-izazvati-kruzer-bolette-u-neumskom-zaljevu\\\/\",\"name\":\"Gaji\u0107 objasnio: Evo kakve \u0161tete \u0107e izazvati kruzer Bolette u Neumskom zaljevu - RADIO LJUBU\u0160KI\",\"isPartOf\":{\"@id\":\"https:\\\/\\\/radioljubuski.ba\\\/#website\"},\"primaryImageOfPage\":{\"@id\":\"https:\\\/\\\/radioljubuski.ba\\\/index.php\\\/2022\\\/06\\\/23\\\/gajic-objasnio-evo-kakve-stete-ce-izazvati-kruzer-bolette-u-neumskom-zaljevu\\\/#primaryimage\"},\"image\":{\"@id\":\"https:\\\/\\\/radioljubuski.ba\\\/index.php\\\/2022\\\/06\\\/23\\\/gajic-objasnio-evo-kakve-stete-ce-izazvati-kruzer-bolette-u-neumskom-zaljevu\\\/#primaryimage\"},\"thumbnailUrl\":\"https:\\\/\\\/radioljubuski.ba\\\/wp-content\\\/uploads\\\/2022\\\/06\\\/andrej-gajic.jpg\",\"datePublished\":\"2022-06-23T11:42:01+00:00\",\"dateModified\":\"2022-06-23T11:42:03+00:00\",\"breadcrumb\":{\"@id\":\"https:\\\/\\\/radioljubuski.ba\\\/index.php\\\/2022\\\/06\\\/23\\\/gajic-objasnio-evo-kakve-stete-ce-izazvati-kruzer-bolette-u-neumskom-zaljevu\\\/#breadcrumb\"},\"inLanguage\":\"hr\",\"potentialAction\":[{\"@type\":\"ReadAction\",\"target\":[\"https:\\\/\\\/radioljubuski.ba\\\/index.php\\\/2022\\\/06\\\/23\\\/gajic-objasnio-evo-kakve-stete-ce-izazvati-kruzer-bolette-u-neumskom-zaljevu\\\/\"]}]},{\"@type\":\"ImageObject\",\"inLanguage\":\"hr\",\"@id\":\"https:\\\/\\\/radioljubuski.ba\\\/index.php\\\/2022\\\/06\\\/23\\\/gajic-objasnio-evo-kakve-stete-ce-izazvati-kruzer-bolette-u-neumskom-zaljevu\\\/#primaryimage\",\"url\":\"https:\\\/\\\/radioljubuski.ba\\\/wp-content\\\/uploads\\\/2022\\\/06\\\/andrej-gajic.jpg\",\"contentUrl\":\"https:\\\/\\\/radioljubuski.ba\\\/wp-content\\\/uploads\\\/2022\\\/06\\\/andrej-gajic.jpg\",\"width\":900,\"height\":623},{\"@type\":\"BreadcrumbList\",\"@id\":\"https:\\\/\\\/radioljubuski.ba\\\/index.php\\\/2022\\\/06\\\/23\\\/gajic-objasnio-evo-kakve-stete-ce-izazvati-kruzer-bolette-u-neumskom-zaljevu\\\/#breadcrumb\",\"itemListElement\":[{\"@type\":\"ListItem\",\"position\":1,\"name\":\"Po\u010detna stranica\",\"item\":\"https:\\\/\\\/radioljubuski.ba\\\/\"},{\"@type\":\"ListItem\",\"position\":2,\"name\":\"Gaji\u0107 objasnio: Evo kakve \u0161tete \u0107e izazvati kruzer Bolette u Neumskom zaljevu\"}]},{\"@type\":\"WebSite\",\"@id\":\"https:\\\/\\\/radioljubuski.ba\\\/#website\",\"url\":\"https:\\\/\\\/radioljubuski.ba\\\/\",\"name\":\"Radio Ljubu\u0161ki\",\"description\":\"Sun\u010dana frekvencija Hercegovine\",\"publisher\":{\"@id\":\"https:\\\/\\\/radioljubuski.ba\\\/#organization\"},\"potentialAction\":[{\"@type\":\"SearchAction\",\"target\":{\"@type\":\"EntryPoint\",\"urlTemplate\":\"https:\\\/\\\/radioljubuski.ba\\\/?s={search_term_string}\"},\"query-input\":{\"@type\":\"PropertyValueSpecification\",\"valueRequired\":true,\"valueName\":\"search_term_string\"}}],\"inLanguage\":\"hr\"},{\"@type\":\"Organization\",\"@id\":\"https:\\\/\\\/radioljubuski.ba\\\/#organization\",\"name\":\"Radio Ljubu\u0161ki\",\"url\":\"https:\\\/\\\/radioljubuski.ba\\\/\",\"logo\":{\"@type\":\"ImageObject\",\"inLanguage\":\"hr\",\"@id\":\"https:\\\/\\\/radioljubuski.ba\\\/#\\\/schema\\\/logo\\\/image\\\/\",\"url\":\"https:\\\/\\\/radioljubuski.ba\\\/wp-content\\\/uploads\\\/2021\\\/02\\\/cropped-Radio_Ljubuski_logo1.jpg\",\"contentUrl\":\"https:\\\/\\\/radioljubuski.ba\\\/wp-content\\\/uploads\\\/2021\\\/02\\\/cropped-Radio_Ljubuski_logo1.jpg\",\"width\":512,\"height\":512,\"caption\":\"Radio Ljubu\u0161ki\"},\"image\":{\"@id\":\"https:\\\/\\\/radioljubuski.ba\\\/#\\\/schema\\\/logo\\\/image\\\/\"},\"sameAs\":[\"https:\\\/\\\/www.facebook.com\\\/Radiio-Ljubuski-1490835324566332\",\"https:\\\/\\\/x.com\\\/radioljubuski\",\"https:\\\/\\\/hr.linkedin.com\\\/company\\\/radio-ljubuski\",\"https:\\\/\\\/www.youtube.com\\\/channel\\\/UCHYaeO_n0Db3tjNGudGpXyw\"]},{\"@type\":\"Person\",\"@id\":\"https:\\\/\\\/radioljubuski.ba\\\/#\\\/schema\\\/person\\\/19fc700381a780f69665d7956c469e3b\",\"name\":\"Radio Ljubu\u0161ki\"}]}<\/script>\n<!-- \/ Yoast SEO plugin. -->","yoast_head_json":{"title":"Gaji\u0107 objasnio: Evo kakve \u0161tete \u0107e izazvati kruzer Bolette u Neumskom zaljevu - RADIO LJUBU\u0160KI","robots":{"index":"index","follow":"follow","max-snippet":"max-snippet:-1","max-image-preview":"max-image-preview:large","max-video-preview":"max-video-preview:-1"},"canonical":"https:\/\/radioljubuski.ba\/index.php\/2022\/06\/23\/gajic-objasnio-evo-kakve-stete-ce-izazvati-kruzer-bolette-u-neumskom-zaljevu\/","og_locale":"hr_HR","og_type":"article","og_title":"Gaji\u0107 objasnio: Evo kakve \u0161tete \u0107e izazvati kruzer Bolette u Neumskom zaljevu - RADIO LJUBU\u0160KI","og_description":"Kruzer \u201cBollette\u201d s ne\u0161to vi\u0161e od 1.000 putnika u\u0161ao je jutros u neumski akvatorij, zbog \u010dega su negodovali stanovnici Neuma zbog, kako su naveli, mogu\u0107eg naru\u0161avanja biodiverziteta mora. Nemamo kapacitete za ovakav brod \u201cSasvim su mi jasne potrebe \u0161irenja turisti\u010dke ponude i kapaciteta, \u0161to svakako podr\u017eavam sve dok je u granicama odr\u017eivog razvoja i gospodarstva. [&hellip;]","og_url":"https:\/\/radioljubuski.ba\/index.php\/2022\/06\/23\/gajic-objasnio-evo-kakve-stete-ce-izazvati-kruzer-bolette-u-neumskom-zaljevu\/","og_site_name":"RADIO LJUBU\u0160KI","article_publisher":"https:\/\/www.facebook.com\/Radiio-Ljubuski-1490835324566332","article_published_time":"2022-06-23T11:42:01+00:00","article_modified_time":"2022-06-23T11:42:03+00:00","og_image":[{"width":900,"height":623,"url":"https:\/\/radioljubuski.ba\/wp-content\/uploads\/2022\/06\/andrej-gajic.jpg","type":"image\/jpeg"}],"author":"Radio Ljubu\u0161ki","twitter_card":"summary_large_image","twitter_creator":"@radioljubuski","twitter_site":"@radioljubuski","twitter_misc":{"Napisao\/la":"Radio Ljubu\u0161ki","Procijenjeno vrijeme \u010ditanja":"2 minute"},"schema":{"@context":"https:\/\/schema.org","@graph":[{"@type":"Article","@id":"https:\/\/radioljubuski.ba\/index.php\/2022\/06\/23\/gajic-objasnio-evo-kakve-stete-ce-izazvati-kruzer-bolette-u-neumskom-zaljevu\/#article","isPartOf":{"@id":"https:\/\/radioljubuski.ba\/index.php\/2022\/06\/23\/gajic-objasnio-evo-kakve-stete-ce-izazvati-kruzer-bolette-u-neumskom-zaljevu\/"},"author":{"name":"Radio Ljubu\u0161ki","@id":"https:\/\/radioljubuski.ba\/#\/schema\/person\/19fc700381a780f69665d7956c469e3b"},"headline":"Gaji\u0107 objasnio: Evo kakve \u0161tete \u0107e izazvati kruzer Bolette u Neumskom zaljevu","datePublished":"2022-06-23T11:42:01+00:00","dateModified":"2022-06-23T11:42:03+00:00","mainEntityOfPage":{"@id":"https:\/\/radioljubuski.ba\/index.php\/2022\/06\/23\/gajic-objasnio-evo-kakve-stete-ce-izazvati-kruzer-bolette-u-neumskom-zaljevu\/"},"wordCount":498,"publisher":{"@id":"https:\/\/radioljubuski.ba\/#organization"},"image":{"@id":"https:\/\/radioljubuski.ba\/index.php\/2022\/06\/23\/gajic-objasnio-evo-kakve-stete-ce-izazvati-kruzer-bolette-u-neumskom-zaljevu\/#primaryimage"},"thumbnailUrl":"https:\/\/radioljubuski.ba\/wp-content\/uploads\/2022\/06\/andrej-gajic.jpg","articleSection":["BIH i regija"],"inLanguage":"hr"},{"@type":"WebPage","@id":"https:\/\/radioljubuski.ba\/index.php\/2022\/06\/23\/gajic-objasnio-evo-kakve-stete-ce-izazvati-kruzer-bolette-u-neumskom-zaljevu\/","url":"https:\/\/radioljubuski.ba\/index.php\/2022\/06\/23\/gajic-objasnio-evo-kakve-stete-ce-izazvati-kruzer-bolette-u-neumskom-zaljevu\/","name":"Gaji\u0107 objasnio: Evo kakve \u0161tete \u0107e izazvati kruzer Bolette u Neumskom zaljevu - RADIO LJUBU\u0160KI","isPartOf":{"@id":"https:\/\/radioljubuski.ba\/#website"},"primaryImageOfPage":{"@id":"https:\/\/radioljubuski.ba\/index.php\/2022\/06\/23\/gajic-objasnio-evo-kakve-stete-ce-izazvati-kruzer-bolette-u-neumskom-zaljevu\/#primaryimage"},"image":{"@id":"https:\/\/radioljubuski.ba\/index.php\/2022\/06\/23\/gajic-objasnio-evo-kakve-stete-ce-izazvati-kruzer-bolette-u-neumskom-zaljevu\/#primaryimage"},"thumbnailUrl":"https:\/\/radioljubuski.ba\/wp-content\/uploads\/2022\/06\/andrej-gajic.jpg","datePublished":"2022-06-23T11:42:01+00:00","dateModified":"2022-06-23T11:42:03+00:00","breadcrumb":{"@id":"https:\/\/radioljubuski.ba\/index.php\/2022\/06\/23\/gajic-objasnio-evo-kakve-stete-ce-izazvati-kruzer-bolette-u-neumskom-zaljevu\/#breadcrumb"},"inLanguage":"hr","potentialAction":[{"@type":"ReadAction","target":["https:\/\/radioljubuski.ba\/index.php\/2022\/06\/23\/gajic-objasnio-evo-kakve-stete-ce-izazvati-kruzer-bolette-u-neumskom-zaljevu\/"]}]},{"@type":"ImageObject","inLanguage":"hr","@id":"https:\/\/radioljubuski.ba\/index.php\/2022\/06\/23\/gajic-objasnio-evo-kakve-stete-ce-izazvati-kruzer-bolette-u-neumskom-zaljevu\/#primaryimage","url":"https:\/\/radioljubuski.ba\/wp-content\/uploads\/2022\/06\/andrej-gajic.jpg","contentUrl":"https:\/\/radioljubuski.ba\/wp-content\/uploads\/2022\/06\/andrej-gajic.jpg","width":900,"height":623},{"@type":"BreadcrumbList","@id":"https:\/\/radioljubuski.ba\/index.php\/2022\/06\/23\/gajic-objasnio-evo-kakve-stete-ce-izazvati-kruzer-bolette-u-neumskom-zaljevu\/#breadcrumb","itemListElement":[{"@type":"ListItem","position":1,"name":"Po\u010detna stranica","item":"https:\/\/radioljubuski.ba\/"},{"@type":"ListItem","position":2,"name":"Gaji\u0107 objasnio: Evo kakve \u0161tete \u0107e izazvati kruzer Bolette u Neumskom zaljevu"}]},{"@type":"WebSite","@id":"https:\/\/radioljubuski.ba\/#website","url":"https:\/\/radioljubuski.ba\/","name":"Radio Ljubu\u0161ki","description":"Sun\u010dana frekvencija Hercegovine","publisher":{"@id":"https:\/\/radioljubuski.ba\/#organization"},"potentialAction":[{"@type":"SearchAction","target":{"@type":"EntryPoint","urlTemplate":"https:\/\/radioljubuski.ba\/?s={search_term_string}"},"query-input":{"@type":"PropertyValueSpecification","valueRequired":true,"valueName":"search_term_string"}}],"inLanguage":"hr"},{"@type":"Organization","@id":"https:\/\/radioljubuski.ba\/#organization","name":"Radio Ljubu\u0161ki","url":"https:\/\/radioljubuski.ba\/","logo":{"@type":"ImageObject","inLanguage":"hr","@id":"https:\/\/radioljubuski.ba\/#\/schema\/logo\/image\/","url":"https:\/\/radioljubuski.ba\/wp-content\/uploads\/2021\/02\/cropped-Radio_Ljubuski_logo1.jpg","contentUrl":"https:\/\/radioljubuski.ba\/wp-content\/uploads\/2021\/02\/cropped-Radio_Ljubuski_logo1.jpg","width":512,"height":512,"caption":"Radio Ljubu\u0161ki"},"image":{"@id":"https:\/\/radioljubuski.ba\/#\/schema\/logo\/image\/"},"sameAs":["https:\/\/www.facebook.com\/Radiio-Ljubuski-1490835324566332","https:\/\/x.com\/radioljubuski","https:\/\/hr.linkedin.com\/company\/radio-ljubuski","https:\/\/www.youtube.com\/channel\/UCHYaeO_n0Db3tjNGudGpXyw"]},{"@type":"Person","@id":"https:\/\/radioljubuski.ba\/#\/schema\/person\/19fc700381a780f69665d7956c469e3b","name":"Radio Ljubu\u0161ki"}]}},"_links":{"self":[{"href":"https:\/\/radioljubuski.ba\/index.php\/wp-json\/wp\/v2\/posts\/152675","targetHints":{"allow":["GET"]}}],"collection":[{"href":"https:\/\/radioljubuski.ba\/index.php\/wp-json\/wp\/v2\/posts"}],"about":[{"href":"https:\/\/radioljubuski.ba\/index.php\/wp-json\/wp\/v2\/types\/post"}],"author":[{"embeddable":true,"href":"https:\/\/radioljubuski.ba\/index.php\/wp-json\/wp\/v2\/users\/2"}],"replies":[{"embeddable":true,"href":"https:\/\/radioljubuski.ba\/index.php\/wp-json\/wp\/v2\/comments?post=152675"}],"version-history":[{"count":1,"href":"https:\/\/radioljubuski.ba\/index.php\/wp-json\/wp\/v2\/posts\/152675\/revisions"}],"predecessor-version":[{"id":152677,"href":"https:\/\/radioljubuski.ba\/index.php\/wp-json\/wp\/v2\/posts\/152675\/revisions\/152677"}],"wp:featuredmedia":[{"embeddable":true,"href":"https:\/\/radioljubuski.ba\/index.php\/wp-json\/wp\/v2\/media\/152676"}],"wp:attachment":[{"href":"https:\/\/radioljubuski.ba\/index.php\/wp-json\/wp\/v2\/media?parent=152675"}],"wp:term":[{"taxonomy":"category","embeddable":true,"href":"https:\/\/radioljubuski.ba\/index.php\/wp-json\/wp\/v2\/categories?post=152675"},{"taxonomy":"post_tag","embeddable":true,"href":"https:\/\/radioljubuski.ba\/index.php\/wp-json\/wp\/v2\/tags?post=152675"}],"curies":[{"name":"wp","href":"https:\/\/api.w.org\/{rel}","templated":true}]}}