{"id":152681,"date":"2022-06-23T12:50:10","date_gmt":"2022-06-23T11:50:10","guid":{"rendered":"https:\/\/radioljubuski.ba\/?p=152681"},"modified":"2022-06-23T12:50:11","modified_gmt":"2022-06-23T11:50:11","slug":"petkov-za-pad-bugarske-vlade-optuzio-ruse-i-mafiju","status":"publish","type":"post","link":"https:\/\/radioljubuski.ba\/index.php\/2022\/06\/23\/petkov-za-pad-bugarske-vlade-optuzio-ruse-i-mafiju\/","title":{"rendered":"Petkov za pad bugarske vlade optu\u017eio Ruse i mafiju"},"content":{"rendered":"\n<p><strong>Bugarski premijer u odlasku Kiril Petkov je za pad vlade okrivio Rusiju i mafiju u svojoj zemlji. Petkov, koji je na premijersko mjesto do\u0161ao prije \u0161est mjeseci, obratio se javnosti nakon \u0161to je bugarski parlament ju\u010der izglasao nepovjerenje vladi. U glasovanju o nepovjerenju, protiv vlade glasovala su 123 zastupnika od njih 239.<\/strong><\/p>\n\n\n\n<p>Iznio je niz kritika na rad opozicije, ali i na djelovanje pojedinih koalicijskih partnera. Petkov je novinarima priznao kako mu je najve\u0107a politi\u010dka pogre\u0161ka dogovaranje suradnje s pojedinim bugarskim strankama koje su stavile vlastite interese ispred dr\u017eavnih, pi\u0161e Politico, a prenosi Index.<\/p>\n\n\n\n<p>Petkovljeva vlada obe\u0107ala je da \u0107e se boriti protiv ra\u0161irene korupcije u Bugarskoj te je uz njega slu\u017ebena Sofija zauzela \u010dvrst stav protiv ruske invazije na Ukrajinu.<\/p>\n\n\n\n<p><strong>Ruse optu\u017eio za svoju smjenu, spomenuo i mafiju<\/strong><\/p>\n\n\n\n<p>Petkov je novinarima govorio o ljudima koje smatra klju\u010dnima za ru\u0161enje njegove vlade pa je spomenuo ruskog veleposlanika u Sofiji. Optu\u017eio je Rusiju za svoju smjenu preko zastupnika iz krajnje desne stranke Preporod. Spomenuo je i mafiju.<\/p>\n\n\n\n<p>\u201cU ovih \u0161est mjeseci \u017eeljeli smo se boriti protiv modela korupcije koji se izra\u017eava kroz stranke kao \u0161to su Preporod i Ima takav narod te braniti bugarske, a ne strane interese. Mislim da se ovdje uvukao ruski utjecaj\u201d, rekao je premijer Bugarske u odlasku.<\/p>\n\n\n\n<p>Rekao je da postoji stvar u kojoj vlada nije pogrije\u0161ila, a to je odluka da ne odstupa od principa i obe\u0107anja koje su dali. Za lidere opozicijskih stranaka, Bojka Borisova i Slavija Trifonova, Petkov nema lijepe rije\u010di.<\/p>\n\n\n\n<p>\u201cTrifonov je povijest, nikada vi\u0161e ne\u0107e imati priliku napraviti politi\u010dki pokret, a da la\u017ee toliki broj ljudi. Ljudi su vidjeli kako su se njegove rije\u010di pretvorile u la\u017e. On je jednostavno zaostao\u201d, rekao je Petkov.<\/p>\n\n\n\n<p>Biv\u0161em bugarskom premijeru Borisovu poru\u010dio je da \u0107e ga sti\u0107i grijesi iz pro\u0161losti. \u201cAko se danas osje\u0107ate ugodnije zbog pada vlade, to je privremeno. Nitko od stranaka nije spreman dogovarati se s vama, niste nikakav faktor\u201d, poru\u010dio je biv\u0161em premijeru Borisovu.<\/p>\n\n\n\n<p>\/HMS\/<\/p>\n","protected":false},"excerpt":{"rendered":"<p>Bugarski premijer u odlasku Kiril Petkov je za pad vlade okrivio Rusiju i mafiju u svojoj zemlji. Petkov, koji je na premijersko mjesto do\u0161ao prije \u0161est mjeseci, obratio se javnosti nakon \u0161to je bugarski parlament ju\u010der izglasao nepovjerenje vladi. U glasovanju o nepovjerenju, protiv vlade glasovala su 123 zastupnika od njih 239. Iznio je niz [&hellip;]<\/p>\n","protected":false},"author":2,"featured_media":152682,"comment_status":"closed","ping_status":"closed","sticky":false,"template":"","format":"standard","meta":{"h5ap_radio_sources":[],"footnotes":""},"categories":[1],"tags":[],"class_list":["post-152681","post","type-post","status-publish","format-standard","has-post-thumbnail","hentry","category-bihiregija"],"yoast_head":"<!-- This site is optimized with the Yoast SEO plugin v27.4 - https:\/\/yoast.com\/product\/yoast-seo-wordpress\/ -->\n<title>Petkov za pad bugarske vlade optu\u017eio Ruse i mafiju - RADIO LJUBU\u0160KI<\/title>\n<meta name=\"robots\" content=\"index, follow, max-snippet:-1, max-image-preview:large, max-video-preview:-1\" \/>\n<link rel=\"canonical\" href=\"https:\/\/radioljubuski.ba\/index.php\/2022\/06\/23\/petkov-za-pad-bugarske-vlade-optuzio-ruse-i-mafiju\/\" \/>\n<meta property=\"og:locale\" content=\"hr_HR\" \/>\n<meta property=\"og:type\" content=\"article\" \/>\n<meta property=\"og:title\" content=\"Petkov za pad bugarske vlade optu\u017eio Ruse i mafiju - RADIO LJUBU\u0160KI\" \/>\n<meta property=\"og:description\" content=\"Bugarski premijer u odlasku Kiril Petkov je za pad vlade okrivio Rusiju i mafiju u svojoj zemlji. Petkov, koji je na premijersko mjesto do\u0161ao prije \u0161est mjeseci, obratio se javnosti nakon \u0161to je bugarski parlament ju\u010der izglasao nepovjerenje vladi. U glasovanju o nepovjerenju, protiv vlade glasovala su 123 zastupnika od njih 239. Iznio je niz [&hellip;]\" \/>\n<meta property=\"og:url\" content=\"https:\/\/radioljubuski.ba\/index.php\/2022\/06\/23\/petkov-za-pad-bugarske-vlade-optuzio-ruse-i-mafiju\/\" \/>\n<meta property=\"og:site_name\" content=\"RADIO LJUBU\u0160KI\" \/>\n<meta property=\"article:publisher\" content=\"https:\/\/www.facebook.com\/Radiio-Ljubuski-1490835324566332\" \/>\n<meta property=\"article:published_time\" content=\"2022-06-23T11:50:10+00:00\" \/>\n<meta property=\"article:modified_time\" content=\"2022-06-23T11:50:11+00:00\" \/>\n<meta property=\"og:image\" content=\"https:\/\/radioljubuski.ba\/wp-content\/uploads\/2022\/06\/8b48cb5f-94f0-43f3-9e07-5114fcc47f96.jpg\" \/>\n\t<meta property=\"og:image:width\" content=\"765\" \/>\n\t<meta property=\"og:image:height\" content=\"449\" \/>\n\t<meta property=\"og:image:type\" content=\"image\/jpeg\" \/>\n<meta name=\"author\" content=\"Radio Ljubu\u0161ki\" \/>\n<meta name=\"twitter:card\" content=\"summary_large_image\" \/>\n<meta name=\"twitter:creator\" content=\"@radioljubuski\" \/>\n<meta name=\"twitter:site\" content=\"@radioljubuski\" \/>\n<meta name=\"twitter:label1\" content=\"Napisao\/la\" \/>\n\t<meta name=\"twitter:data1\" content=\"Radio Ljubu\u0161ki\" \/>\n\t<meta name=\"twitter:label2\" content=\"Procijenjeno vrijeme \u010ditanja\" \/>\n\t<meta name=\"twitter:data2\" content=\"2 minute\" \/>\n<script type=\"application\/ld+json\" class=\"yoast-schema-graph\">{\"@context\":\"https:\\\/\\\/schema.org\",\"@graph\":[{\"@type\":\"Article\",\"@id\":\"https:\\\/\\\/radioljubuski.ba\\\/index.php\\\/2022\\\/06\\\/23\\\/petkov-za-pad-bugarske-vlade-optuzio-ruse-i-mafiju\\\/#article\",\"isPartOf\":{\"@id\":\"https:\\\/\\\/radioljubuski.ba\\\/index.php\\\/2022\\\/06\\\/23\\\/petkov-za-pad-bugarske-vlade-optuzio-ruse-i-mafiju\\\/\"},\"author\":{\"name\":\"Radio Ljubu\u0161ki\",\"@id\":\"https:\\\/\\\/radioljubuski.ba\\\/#\\\/schema\\\/person\\\/19fc700381a780f69665d7956c469e3b\"},\"headline\":\"Petkov za pad bugarske vlade optu\u017eio Ruse i mafiju\",\"datePublished\":\"2022-06-23T11:50:10+00:00\",\"dateModified\":\"2022-06-23T11:50:11+00:00\",\"mainEntityOfPage\":{\"@id\":\"https:\\\/\\\/radioljubuski.ba\\\/index.php\\\/2022\\\/06\\\/23\\\/petkov-za-pad-bugarske-vlade-optuzio-ruse-i-mafiju\\\/\"},\"wordCount\":362,\"publisher\":{\"@id\":\"https:\\\/\\\/radioljubuski.ba\\\/#organization\"},\"image\":{\"@id\":\"https:\\\/\\\/radioljubuski.ba\\\/index.php\\\/2022\\\/06\\\/23\\\/petkov-za-pad-bugarske-vlade-optuzio-ruse-i-mafiju\\\/#primaryimage\"},\"thumbnailUrl\":\"https:\\\/\\\/radioljubuski.ba\\\/wp-content\\\/uploads\\\/2022\\\/06\\\/8b48cb5f-94f0-43f3-9e07-5114fcc47f96.jpg\",\"articleSection\":[\"BIH i regija\"],\"inLanguage\":\"hr\"},{\"@type\":\"WebPage\",\"@id\":\"https:\\\/\\\/radioljubuski.ba\\\/index.php\\\/2022\\\/06\\\/23\\\/petkov-za-pad-bugarske-vlade-optuzio-ruse-i-mafiju\\\/\",\"url\":\"https:\\\/\\\/radioljubuski.ba\\\/index.php\\\/2022\\\/06\\\/23\\\/petkov-za-pad-bugarske-vlade-optuzio-ruse-i-mafiju\\\/\",\"name\":\"Petkov za pad bugarske vlade optu\u017eio Ruse i mafiju - RADIO LJUBU\u0160KI\",\"isPartOf\":{\"@id\":\"https:\\\/\\\/radioljubuski.ba\\\/#website\"},\"primaryImageOfPage\":{\"@id\":\"https:\\\/\\\/radioljubuski.ba\\\/index.php\\\/2022\\\/06\\\/23\\\/petkov-za-pad-bugarske-vlade-optuzio-ruse-i-mafiju\\\/#primaryimage\"},\"image\":{\"@id\":\"https:\\\/\\\/radioljubuski.ba\\\/index.php\\\/2022\\\/06\\\/23\\\/petkov-za-pad-bugarske-vlade-optuzio-ruse-i-mafiju\\\/#primaryimage\"},\"thumbnailUrl\":\"https:\\\/\\\/radioljubuski.ba\\\/wp-content\\\/uploads\\\/2022\\\/06\\\/8b48cb5f-94f0-43f3-9e07-5114fcc47f96.jpg\",\"datePublished\":\"2022-06-23T11:50:10+00:00\",\"dateModified\":\"2022-06-23T11:50:11+00:00\",\"breadcrumb\":{\"@id\":\"https:\\\/\\\/radioljubuski.ba\\\/index.php\\\/2022\\\/06\\\/23\\\/petkov-za-pad-bugarske-vlade-optuzio-ruse-i-mafiju\\\/#breadcrumb\"},\"inLanguage\":\"hr\",\"potentialAction\":[{\"@type\":\"ReadAction\",\"target\":[\"https:\\\/\\\/radioljubuski.ba\\\/index.php\\\/2022\\\/06\\\/23\\\/petkov-za-pad-bugarske-vlade-optuzio-ruse-i-mafiju\\\/\"]}]},{\"@type\":\"ImageObject\",\"inLanguage\":\"hr\",\"@id\":\"https:\\\/\\\/radioljubuski.ba\\\/index.php\\\/2022\\\/06\\\/23\\\/petkov-za-pad-bugarske-vlade-optuzio-ruse-i-mafiju\\\/#primaryimage\",\"url\":\"https:\\\/\\\/radioljubuski.ba\\\/wp-content\\\/uploads\\\/2022\\\/06\\\/8b48cb5f-94f0-43f3-9e07-5114fcc47f96.jpg\",\"contentUrl\":\"https:\\\/\\\/radioljubuski.ba\\\/wp-content\\\/uploads\\\/2022\\\/06\\\/8b48cb5f-94f0-43f3-9e07-5114fcc47f96.jpg\",\"width\":765,\"height\":449},{\"@type\":\"BreadcrumbList\",\"@id\":\"https:\\\/\\\/radioljubuski.ba\\\/index.php\\\/2022\\\/06\\\/23\\\/petkov-za-pad-bugarske-vlade-optuzio-ruse-i-mafiju\\\/#breadcrumb\",\"itemListElement\":[{\"@type\":\"ListItem\",\"position\":1,\"name\":\"Po\u010detna stranica\",\"item\":\"https:\\\/\\\/radioljubuski.ba\\\/\"},{\"@type\":\"ListItem\",\"position\":2,\"name\":\"Petkov za pad bugarske vlade optu\u017eio Ruse i mafiju\"}]},{\"@type\":\"WebSite\",\"@id\":\"https:\\\/\\\/radioljubuski.ba\\\/#website\",\"url\":\"https:\\\/\\\/radioljubuski.ba\\\/\",\"name\":\"Radio Ljubu\u0161ki\",\"description\":\"Sun\u010dana frekvencija Hercegovine\",\"publisher\":{\"@id\":\"https:\\\/\\\/radioljubuski.ba\\\/#organization\"},\"potentialAction\":[{\"@type\":\"SearchAction\",\"target\":{\"@type\":\"EntryPoint\",\"urlTemplate\":\"https:\\\/\\\/radioljubuski.ba\\\/?s={search_term_string}\"},\"query-input\":{\"@type\":\"PropertyValueSpecification\",\"valueRequired\":true,\"valueName\":\"search_term_string\"}}],\"inLanguage\":\"hr\"},{\"@type\":\"Organization\",\"@id\":\"https:\\\/\\\/radioljubuski.ba\\\/#organization\",\"name\":\"Radio Ljubu\u0161ki\",\"url\":\"https:\\\/\\\/radioljubuski.ba\\\/\",\"logo\":{\"@type\":\"ImageObject\",\"inLanguage\":\"hr\",\"@id\":\"https:\\\/\\\/radioljubuski.ba\\\/#\\\/schema\\\/logo\\\/image\\\/\",\"url\":\"https:\\\/\\\/radioljubuski.ba\\\/wp-content\\\/uploads\\\/2021\\\/02\\\/cropped-Radio_Ljubuski_logo1.jpg\",\"contentUrl\":\"https:\\\/\\\/radioljubuski.ba\\\/wp-content\\\/uploads\\\/2021\\\/02\\\/cropped-Radio_Ljubuski_logo1.jpg\",\"width\":512,\"height\":512,\"caption\":\"Radio Ljubu\u0161ki\"},\"image\":{\"@id\":\"https:\\\/\\\/radioljubuski.ba\\\/#\\\/schema\\\/logo\\\/image\\\/\"},\"sameAs\":[\"https:\\\/\\\/www.facebook.com\\\/Radiio-Ljubuski-1490835324566332\",\"https:\\\/\\\/x.com\\\/radioljubuski\",\"https:\\\/\\\/hr.linkedin.com\\\/company\\\/radio-ljubuski\",\"https:\\\/\\\/www.youtube.com\\\/channel\\\/UCHYaeO_n0Db3tjNGudGpXyw\"]},{\"@type\":\"Person\",\"@id\":\"https:\\\/\\\/radioljubuski.ba\\\/#\\\/schema\\\/person\\\/19fc700381a780f69665d7956c469e3b\",\"name\":\"Radio Ljubu\u0161ki\"}]}<\/script>\n<!-- \/ Yoast SEO plugin. -->","yoast_head_json":{"title":"Petkov za pad bugarske vlade optu\u017eio Ruse i mafiju - RADIO LJUBU\u0160KI","robots":{"index":"index","follow":"follow","max-snippet":"max-snippet:-1","max-image-preview":"max-image-preview:large","max-video-preview":"max-video-preview:-1"},"canonical":"https:\/\/radioljubuski.ba\/index.php\/2022\/06\/23\/petkov-za-pad-bugarske-vlade-optuzio-ruse-i-mafiju\/","og_locale":"hr_HR","og_type":"article","og_title":"Petkov za pad bugarske vlade optu\u017eio Ruse i mafiju - RADIO LJUBU\u0160KI","og_description":"Bugarski premijer u odlasku Kiril Petkov je za pad vlade okrivio Rusiju i mafiju u svojoj zemlji. Petkov, koji je na premijersko mjesto do\u0161ao prije \u0161est mjeseci, obratio se javnosti nakon \u0161to je bugarski parlament ju\u010der izglasao nepovjerenje vladi. U glasovanju o nepovjerenju, protiv vlade glasovala su 123 zastupnika od njih 239. Iznio je niz [&hellip;]","og_url":"https:\/\/radioljubuski.ba\/index.php\/2022\/06\/23\/petkov-za-pad-bugarske-vlade-optuzio-ruse-i-mafiju\/","og_site_name":"RADIO LJUBU\u0160KI","article_publisher":"https:\/\/www.facebook.com\/Radiio-Ljubuski-1490835324566332","article_published_time":"2022-06-23T11:50:10+00:00","article_modified_time":"2022-06-23T11:50:11+00:00","og_image":[{"width":765,"height":449,"url":"https:\/\/radioljubuski.ba\/wp-content\/uploads\/2022\/06\/8b48cb5f-94f0-43f3-9e07-5114fcc47f96.jpg","type":"image\/jpeg"}],"author":"Radio Ljubu\u0161ki","twitter_card":"summary_large_image","twitter_creator":"@radioljubuski","twitter_site":"@radioljubuski","twitter_misc":{"Napisao\/la":"Radio Ljubu\u0161ki","Procijenjeno vrijeme \u010ditanja":"2 minute"},"schema":{"@context":"https:\/\/schema.org","@graph":[{"@type":"Article","@id":"https:\/\/radioljubuski.ba\/index.php\/2022\/06\/23\/petkov-za-pad-bugarske-vlade-optuzio-ruse-i-mafiju\/#article","isPartOf":{"@id":"https:\/\/radioljubuski.ba\/index.php\/2022\/06\/23\/petkov-za-pad-bugarske-vlade-optuzio-ruse-i-mafiju\/"},"author":{"name":"Radio Ljubu\u0161ki","@id":"https:\/\/radioljubuski.ba\/#\/schema\/person\/19fc700381a780f69665d7956c469e3b"},"headline":"Petkov za pad bugarske vlade optu\u017eio Ruse i mafiju","datePublished":"2022-06-23T11:50:10+00:00","dateModified":"2022-06-23T11:50:11+00:00","mainEntityOfPage":{"@id":"https:\/\/radioljubuski.ba\/index.php\/2022\/06\/23\/petkov-za-pad-bugarske-vlade-optuzio-ruse-i-mafiju\/"},"wordCount":362,"publisher":{"@id":"https:\/\/radioljubuski.ba\/#organization"},"image":{"@id":"https:\/\/radioljubuski.ba\/index.php\/2022\/06\/23\/petkov-za-pad-bugarske-vlade-optuzio-ruse-i-mafiju\/#primaryimage"},"thumbnailUrl":"https:\/\/radioljubuski.ba\/wp-content\/uploads\/2022\/06\/8b48cb5f-94f0-43f3-9e07-5114fcc47f96.jpg","articleSection":["BIH i regija"],"inLanguage":"hr"},{"@type":"WebPage","@id":"https:\/\/radioljubuski.ba\/index.php\/2022\/06\/23\/petkov-za-pad-bugarske-vlade-optuzio-ruse-i-mafiju\/","url":"https:\/\/radioljubuski.ba\/index.php\/2022\/06\/23\/petkov-za-pad-bugarske-vlade-optuzio-ruse-i-mafiju\/","name":"Petkov za pad bugarske vlade optu\u017eio Ruse i mafiju - RADIO LJUBU\u0160KI","isPartOf":{"@id":"https:\/\/radioljubuski.ba\/#website"},"primaryImageOfPage":{"@id":"https:\/\/radioljubuski.ba\/index.php\/2022\/06\/23\/petkov-za-pad-bugarske-vlade-optuzio-ruse-i-mafiju\/#primaryimage"},"image":{"@id":"https:\/\/radioljubuski.ba\/index.php\/2022\/06\/23\/petkov-za-pad-bugarske-vlade-optuzio-ruse-i-mafiju\/#primaryimage"},"thumbnailUrl":"https:\/\/radioljubuski.ba\/wp-content\/uploads\/2022\/06\/8b48cb5f-94f0-43f3-9e07-5114fcc47f96.jpg","datePublished":"2022-06-23T11:50:10+00:00","dateModified":"2022-06-23T11:50:11+00:00","breadcrumb":{"@id":"https:\/\/radioljubuski.ba\/index.php\/2022\/06\/23\/petkov-za-pad-bugarske-vlade-optuzio-ruse-i-mafiju\/#breadcrumb"},"inLanguage":"hr","potentialAction":[{"@type":"ReadAction","target":["https:\/\/radioljubuski.ba\/index.php\/2022\/06\/23\/petkov-za-pad-bugarske-vlade-optuzio-ruse-i-mafiju\/"]}]},{"@type":"ImageObject","inLanguage":"hr","@id":"https:\/\/radioljubuski.ba\/index.php\/2022\/06\/23\/petkov-za-pad-bugarske-vlade-optuzio-ruse-i-mafiju\/#primaryimage","url":"https:\/\/radioljubuski.ba\/wp-content\/uploads\/2022\/06\/8b48cb5f-94f0-43f3-9e07-5114fcc47f96.jpg","contentUrl":"https:\/\/radioljubuski.ba\/wp-content\/uploads\/2022\/06\/8b48cb5f-94f0-43f3-9e07-5114fcc47f96.jpg","width":765,"height":449},{"@type":"BreadcrumbList","@id":"https:\/\/radioljubuski.ba\/index.php\/2022\/06\/23\/petkov-za-pad-bugarske-vlade-optuzio-ruse-i-mafiju\/#breadcrumb","itemListElement":[{"@type":"ListItem","position":1,"name":"Po\u010detna stranica","item":"https:\/\/radioljubuski.ba\/"},{"@type":"ListItem","position":2,"name":"Petkov za pad bugarske vlade optu\u017eio Ruse i mafiju"}]},{"@type":"WebSite","@id":"https:\/\/radioljubuski.ba\/#website","url":"https:\/\/radioljubuski.ba\/","name":"Radio Ljubu\u0161ki","description":"Sun\u010dana frekvencija Hercegovine","publisher":{"@id":"https:\/\/radioljubuski.ba\/#organization"},"potentialAction":[{"@type":"SearchAction","target":{"@type":"EntryPoint","urlTemplate":"https:\/\/radioljubuski.ba\/?s={search_term_string}"},"query-input":{"@type":"PropertyValueSpecification","valueRequired":true,"valueName":"search_term_string"}}],"inLanguage":"hr"},{"@type":"Organization","@id":"https:\/\/radioljubuski.ba\/#organization","name":"Radio Ljubu\u0161ki","url":"https:\/\/radioljubuski.ba\/","logo":{"@type":"ImageObject","inLanguage":"hr","@id":"https:\/\/radioljubuski.ba\/#\/schema\/logo\/image\/","url":"https:\/\/radioljubuski.ba\/wp-content\/uploads\/2021\/02\/cropped-Radio_Ljubuski_logo1.jpg","contentUrl":"https:\/\/radioljubuski.ba\/wp-content\/uploads\/2021\/02\/cropped-Radio_Ljubuski_logo1.jpg","width":512,"height":512,"caption":"Radio Ljubu\u0161ki"},"image":{"@id":"https:\/\/radioljubuski.ba\/#\/schema\/logo\/image\/"},"sameAs":["https:\/\/www.facebook.com\/Radiio-Ljubuski-1490835324566332","https:\/\/x.com\/radioljubuski","https:\/\/hr.linkedin.com\/company\/radio-ljubuski","https:\/\/www.youtube.com\/channel\/UCHYaeO_n0Db3tjNGudGpXyw"]},{"@type":"Person","@id":"https:\/\/radioljubuski.ba\/#\/schema\/person\/19fc700381a780f69665d7956c469e3b","name":"Radio Ljubu\u0161ki"}]}},"_links":{"self":[{"href":"https:\/\/radioljubuski.ba\/index.php\/wp-json\/wp\/v2\/posts\/152681","targetHints":{"allow":["GET"]}}],"collection":[{"href":"https:\/\/radioljubuski.ba\/index.php\/wp-json\/wp\/v2\/posts"}],"about":[{"href":"https:\/\/radioljubuski.ba\/index.php\/wp-json\/wp\/v2\/types\/post"}],"author":[{"embeddable":true,"href":"https:\/\/radioljubuski.ba\/index.php\/wp-json\/wp\/v2\/users\/2"}],"replies":[{"embeddable":true,"href":"https:\/\/radioljubuski.ba\/index.php\/wp-json\/wp\/v2\/comments?post=152681"}],"version-history":[{"count":1,"href":"https:\/\/radioljubuski.ba\/index.php\/wp-json\/wp\/v2\/posts\/152681\/revisions"}],"predecessor-version":[{"id":152683,"href":"https:\/\/radioljubuski.ba\/index.php\/wp-json\/wp\/v2\/posts\/152681\/revisions\/152683"}],"wp:featuredmedia":[{"embeddable":true,"href":"https:\/\/radioljubuski.ba\/index.php\/wp-json\/wp\/v2\/media\/152682"}],"wp:attachment":[{"href":"https:\/\/radioljubuski.ba\/index.php\/wp-json\/wp\/v2\/media?parent=152681"}],"wp:term":[{"taxonomy":"category","embeddable":true,"href":"https:\/\/radioljubuski.ba\/index.php\/wp-json\/wp\/v2\/categories?post=152681"},{"taxonomy":"post_tag","embeddable":true,"href":"https:\/\/radioljubuski.ba\/index.php\/wp-json\/wp\/v2\/tags?post=152681"}],"curies":[{"name":"wp","href":"https:\/\/api.w.org\/{rel}","templated":true}]}}