{"id":152714,"date":"2022-06-23T14:17:55","date_gmt":"2022-06-23T13:17:55","guid":{"rendered":"https:\/\/radioljubuski.ba\/?p=152714"},"modified":"2022-06-23T14:17:56","modified_gmt":"2022-06-23T13:17:56","slug":"osigurana-sredstva-za-dionicu-ovcari-mostar-sjever-na-koridoru-vc","status":"publish","type":"post","link":"https:\/\/radioljubuski.ba\/index.php\/2022\/06\/23\/osigurana-sredstva-za-dionicu-ovcari-mostar-sjever-na-koridoru-vc\/","title":{"rendered":"Osigurana sredstva za dionicu Ov\u010dari &#8211; Mostar sjever na koridoru Vc"},"content":{"rendered":"\n<p>&nbsp;Vije\u0107e ministara ministara Bosne i Hercegovine, na prijedlog &nbsp;Ministarstva financija i trezora, danas je na sjednici usvojilo je &nbsp;Inicijativu za vo\u0111enje pregovora radi zaklju\u010divanja Ugovora o financiranju izme\u0111u Bosne i Hercegovine i Europske investicijske banke (EIB) (Koridor Vc, dionica Ov\u010dari &#8211; Mostar sjever) u iznosu od 300 milijuna eura.<\/p>\n\n\n\n<p>Projekat podrazumijeva financiranje izgradnje dionice autoputa od Ov\u010dara do Mostara sjever na Koridoru Vc, a izgradnja autoceste \u0107e biti podijeljena na dionice Ov\u010dari \u2014 Mostar sjever i Mostar sjever \u2014 Mostar jug.<\/p>\n\n\n\n<p>Dionica od Ov\u010dara do Mostara sjever sastoji se od tri dijela i uklju\u010duje Ov\u010dari &#8211; ulaz u tunel Prenj, tunel Prenj i tunel Prenj &nbsp;&#8211; Mostar sjever) u ukupnoj du\u017eini oko 35 kilometara. Planirano je da bude financirana ovim kreditnim sredstvima, ali i zajmom &nbsp;EBRD-a.&nbsp;<\/p>\n\n\n\n<p>Kredit \u0107e biti alociran na Federaciju Bosne i Hercegovine (JP Autoceste Federacije Bosne i Hercegovine), s rokom otplate od 25 godina, uklju\u010duju\u0107i \u0161est godina grejs perioda.<\/p>\n\n\n\n<p>Ministarstvo financija i trezora \u0107e nakon zavr\u0161enih pregovora dostaviti Vije\u0107u ministara BiH nacrt ugovora o financiranju s osnovama za njegovo zaklju\u010divanje, priop\u0107eno je nakon sjednice.<\/p>\n\n\n\n<p>Izvor.pogled.ba<\/p>\n","protected":false},"excerpt":{"rendered":"<p>&nbsp;Vije\u0107e ministara ministara Bosne i Hercegovine, na prijedlog &nbsp;Ministarstva financija i trezora, danas je na sjednici usvojilo je &nbsp;Inicijativu za vo\u0111enje pregovora radi zaklju\u010divanja Ugovora o financiranju izme\u0111u Bosne i Hercegovine i Europske investicijske banke (EIB) (Koridor Vc, dionica Ov\u010dari &#8211; Mostar sjever) u iznosu od 300 milijuna eura. Projekat podrazumijeva financiranje izgradnje dionice autoputa [&hellip;]<\/p>\n","protected":false},"author":2,"featured_media":152715,"comment_status":"closed","ping_status":"closed","sticky":false,"template":"","format":"standard","meta":{"h5ap_radio_sources":[],"footnotes":""},"categories":[1],"tags":[],"class_list":["post-152714","post","type-post","status-publish","format-standard","has-post-thumbnail","hentry","category-bihiregija"],"yoast_head":"<!-- This site is optimized with the Yoast SEO plugin v27.4 - https:\/\/yoast.com\/product\/yoast-seo-wordpress\/ -->\n<title>Osigurana sredstva za dionicu Ov\u010dari - Mostar sjever na koridoru Vc - RADIO LJUBU\u0160KI<\/title>\n<meta name=\"robots\" content=\"index, follow, max-snippet:-1, max-image-preview:large, max-video-preview:-1\" \/>\n<link rel=\"canonical\" href=\"https:\/\/radioljubuski.ba\/index.php\/2022\/06\/23\/osigurana-sredstva-za-dionicu-ovcari-mostar-sjever-na-koridoru-vc\/\" \/>\n<meta property=\"og:locale\" content=\"hr_HR\" \/>\n<meta property=\"og:type\" content=\"article\" \/>\n<meta property=\"og:title\" content=\"Osigurana sredstva za dionicu Ov\u010dari - Mostar sjever na koridoru Vc - RADIO LJUBU\u0160KI\" \/>\n<meta property=\"og:description\" content=\"&nbsp;Vije\u0107e ministara ministara Bosne i Hercegovine, na prijedlog &nbsp;Ministarstva financija i trezora, danas je na sjednici usvojilo je &nbsp;Inicijativu za vo\u0111enje pregovora radi zaklju\u010divanja Ugovora o financiranju izme\u0111u Bosne i Hercegovine i Europske investicijske banke (EIB) (Koridor Vc, dionica Ov\u010dari &#8211; Mostar sjever) u iznosu od 300 milijuna eura. Projekat podrazumijeva financiranje izgradnje dionice autoputa [&hellip;]\" \/>\n<meta property=\"og:url\" content=\"https:\/\/radioljubuski.ba\/index.php\/2022\/06\/23\/osigurana-sredstva-za-dionicu-ovcari-mostar-sjever-na-koridoru-vc\/\" \/>\n<meta property=\"og:site_name\" content=\"RADIO LJUBU\u0160KI\" \/>\n<meta property=\"article:publisher\" content=\"https:\/\/www.facebook.com\/Radiio-Ljubuski-1490835324566332\" \/>\n<meta property=\"article:published_time\" content=\"2022-06-23T13:17:55+00:00\" \/>\n<meta property=\"article:modified_time\" content=\"2022-06-23T13:17:56+00:00\" \/>\n<meta property=\"og:image\" content=\"https:\/\/radioljubuski.ba\/wp-content\/uploads\/2022\/06\/8-2022-06-23-14-51-45-KORIDOR.jpg\" \/>\n\t<meta property=\"og:image:width\" content=\"1000\" \/>\n\t<meta property=\"og:image:height\" content=\"625\" \/>\n\t<meta property=\"og:image:type\" content=\"image\/jpeg\" \/>\n<meta name=\"author\" content=\"Radio Ljubu\u0161ki\" \/>\n<meta name=\"twitter:card\" content=\"summary_large_image\" \/>\n<meta name=\"twitter:creator\" content=\"@radioljubuski\" \/>\n<meta name=\"twitter:site\" content=\"@radioljubuski\" \/>\n<meta name=\"twitter:label1\" content=\"Napisao\/la\" \/>\n\t<meta name=\"twitter:data1\" content=\"Radio Ljubu\u0161ki\" \/>\n\t<meta name=\"twitter:label2\" content=\"Procijenjeno vrijeme \u010ditanja\" \/>\n\t<meta name=\"twitter:data2\" content=\"1 minuta\" \/>\n<script type=\"application\/ld+json\" class=\"yoast-schema-graph\">{\"@context\":\"https:\\\/\\\/schema.org\",\"@graph\":[{\"@type\":\"Article\",\"@id\":\"https:\\\/\\\/radioljubuski.ba\\\/index.php\\\/2022\\\/06\\\/23\\\/osigurana-sredstva-za-dionicu-ovcari-mostar-sjever-na-koridoru-vc\\\/#article\",\"isPartOf\":{\"@id\":\"https:\\\/\\\/radioljubuski.ba\\\/index.php\\\/2022\\\/06\\\/23\\\/osigurana-sredstva-za-dionicu-ovcari-mostar-sjever-na-koridoru-vc\\\/\"},\"author\":{\"name\":\"Radio Ljubu\u0161ki\",\"@id\":\"https:\\\/\\\/radioljubuski.ba\\\/#\\\/schema\\\/person\\\/19fc700381a780f69665d7956c469e3b\"},\"headline\":\"Osigurana sredstva za dionicu Ov\u010dari &#8211; Mostar sjever na koridoru Vc\",\"datePublished\":\"2022-06-23T13:17:55+00:00\",\"dateModified\":\"2022-06-23T13:17:56+00:00\",\"mainEntityOfPage\":{\"@id\":\"https:\\\/\\\/radioljubuski.ba\\\/index.php\\\/2022\\\/06\\\/23\\\/osigurana-sredstva-za-dionicu-ovcari-mostar-sjever-na-koridoru-vc\\\/\"},\"wordCount\":210,\"publisher\":{\"@id\":\"https:\\\/\\\/radioljubuski.ba\\\/#organization\"},\"image\":{\"@id\":\"https:\\\/\\\/radioljubuski.ba\\\/index.php\\\/2022\\\/06\\\/23\\\/osigurana-sredstva-za-dionicu-ovcari-mostar-sjever-na-koridoru-vc\\\/#primaryimage\"},\"thumbnailUrl\":\"https:\\\/\\\/radioljubuski.ba\\\/wp-content\\\/uploads\\\/2022\\\/06\\\/8-2022-06-23-14-51-45-KORIDOR.jpg\",\"articleSection\":[\"BIH i regija\"],\"inLanguage\":\"hr\"},{\"@type\":\"WebPage\",\"@id\":\"https:\\\/\\\/radioljubuski.ba\\\/index.php\\\/2022\\\/06\\\/23\\\/osigurana-sredstva-za-dionicu-ovcari-mostar-sjever-na-koridoru-vc\\\/\",\"url\":\"https:\\\/\\\/radioljubuski.ba\\\/index.php\\\/2022\\\/06\\\/23\\\/osigurana-sredstva-za-dionicu-ovcari-mostar-sjever-na-koridoru-vc\\\/\",\"name\":\"Osigurana sredstva za dionicu Ov\u010dari - Mostar sjever na koridoru Vc - RADIO LJUBU\u0160KI\",\"isPartOf\":{\"@id\":\"https:\\\/\\\/radioljubuski.ba\\\/#website\"},\"primaryImageOfPage\":{\"@id\":\"https:\\\/\\\/radioljubuski.ba\\\/index.php\\\/2022\\\/06\\\/23\\\/osigurana-sredstva-za-dionicu-ovcari-mostar-sjever-na-koridoru-vc\\\/#primaryimage\"},\"image\":{\"@id\":\"https:\\\/\\\/radioljubuski.ba\\\/index.php\\\/2022\\\/06\\\/23\\\/osigurana-sredstva-za-dionicu-ovcari-mostar-sjever-na-koridoru-vc\\\/#primaryimage\"},\"thumbnailUrl\":\"https:\\\/\\\/radioljubuski.ba\\\/wp-content\\\/uploads\\\/2022\\\/06\\\/8-2022-06-23-14-51-45-KORIDOR.jpg\",\"datePublished\":\"2022-06-23T13:17:55+00:00\",\"dateModified\":\"2022-06-23T13:17:56+00:00\",\"breadcrumb\":{\"@id\":\"https:\\\/\\\/radioljubuski.ba\\\/index.php\\\/2022\\\/06\\\/23\\\/osigurana-sredstva-za-dionicu-ovcari-mostar-sjever-na-koridoru-vc\\\/#breadcrumb\"},\"inLanguage\":\"hr\",\"potentialAction\":[{\"@type\":\"ReadAction\",\"target\":[\"https:\\\/\\\/radioljubuski.ba\\\/index.php\\\/2022\\\/06\\\/23\\\/osigurana-sredstva-za-dionicu-ovcari-mostar-sjever-na-koridoru-vc\\\/\"]}]},{\"@type\":\"ImageObject\",\"inLanguage\":\"hr\",\"@id\":\"https:\\\/\\\/radioljubuski.ba\\\/index.php\\\/2022\\\/06\\\/23\\\/osigurana-sredstva-za-dionicu-ovcari-mostar-sjever-na-koridoru-vc\\\/#primaryimage\",\"url\":\"https:\\\/\\\/radioljubuski.ba\\\/wp-content\\\/uploads\\\/2022\\\/06\\\/8-2022-06-23-14-51-45-KORIDOR.jpg\",\"contentUrl\":\"https:\\\/\\\/radioljubuski.ba\\\/wp-content\\\/uploads\\\/2022\\\/06\\\/8-2022-06-23-14-51-45-KORIDOR.jpg\",\"width\":1000,\"height\":625},{\"@type\":\"BreadcrumbList\",\"@id\":\"https:\\\/\\\/radioljubuski.ba\\\/index.php\\\/2022\\\/06\\\/23\\\/osigurana-sredstva-za-dionicu-ovcari-mostar-sjever-na-koridoru-vc\\\/#breadcrumb\",\"itemListElement\":[{\"@type\":\"ListItem\",\"position\":1,\"name\":\"Po\u010detna stranica\",\"item\":\"https:\\\/\\\/radioljubuski.ba\\\/\"},{\"@type\":\"ListItem\",\"position\":2,\"name\":\"Osigurana sredstva za dionicu Ov\u010dari &#8211; Mostar sjever na koridoru Vc\"}]},{\"@type\":\"WebSite\",\"@id\":\"https:\\\/\\\/radioljubuski.ba\\\/#website\",\"url\":\"https:\\\/\\\/radioljubuski.ba\\\/\",\"name\":\"Radio Ljubu\u0161ki\",\"description\":\"Sun\u010dana frekvencija Hercegovine\",\"publisher\":{\"@id\":\"https:\\\/\\\/radioljubuski.ba\\\/#organization\"},\"potentialAction\":[{\"@type\":\"SearchAction\",\"target\":{\"@type\":\"EntryPoint\",\"urlTemplate\":\"https:\\\/\\\/radioljubuski.ba\\\/?s={search_term_string}\"},\"query-input\":{\"@type\":\"PropertyValueSpecification\",\"valueRequired\":true,\"valueName\":\"search_term_string\"}}],\"inLanguage\":\"hr\"},{\"@type\":\"Organization\",\"@id\":\"https:\\\/\\\/radioljubuski.ba\\\/#organization\",\"name\":\"Radio Ljubu\u0161ki\",\"url\":\"https:\\\/\\\/radioljubuski.ba\\\/\",\"logo\":{\"@type\":\"ImageObject\",\"inLanguage\":\"hr\",\"@id\":\"https:\\\/\\\/radioljubuski.ba\\\/#\\\/schema\\\/logo\\\/image\\\/\",\"url\":\"https:\\\/\\\/radioljubuski.ba\\\/wp-content\\\/uploads\\\/2021\\\/02\\\/cropped-Radio_Ljubuski_logo1.jpg\",\"contentUrl\":\"https:\\\/\\\/radioljubuski.ba\\\/wp-content\\\/uploads\\\/2021\\\/02\\\/cropped-Radio_Ljubuski_logo1.jpg\",\"width\":512,\"height\":512,\"caption\":\"Radio Ljubu\u0161ki\"},\"image\":{\"@id\":\"https:\\\/\\\/radioljubuski.ba\\\/#\\\/schema\\\/logo\\\/image\\\/\"},\"sameAs\":[\"https:\\\/\\\/www.facebook.com\\\/Radiio-Ljubuski-1490835324566332\",\"https:\\\/\\\/x.com\\\/radioljubuski\",\"https:\\\/\\\/hr.linkedin.com\\\/company\\\/radio-ljubuski\",\"https:\\\/\\\/www.youtube.com\\\/channel\\\/UCHYaeO_n0Db3tjNGudGpXyw\"]},{\"@type\":\"Person\",\"@id\":\"https:\\\/\\\/radioljubuski.ba\\\/#\\\/schema\\\/person\\\/19fc700381a780f69665d7956c469e3b\",\"name\":\"Radio Ljubu\u0161ki\"}]}<\/script>\n<!-- \/ Yoast SEO plugin. -->","yoast_head_json":{"title":"Osigurana sredstva za dionicu Ov\u010dari - Mostar sjever na koridoru Vc - RADIO LJUBU\u0160KI","robots":{"index":"index","follow":"follow","max-snippet":"max-snippet:-1","max-image-preview":"max-image-preview:large","max-video-preview":"max-video-preview:-1"},"canonical":"https:\/\/radioljubuski.ba\/index.php\/2022\/06\/23\/osigurana-sredstva-za-dionicu-ovcari-mostar-sjever-na-koridoru-vc\/","og_locale":"hr_HR","og_type":"article","og_title":"Osigurana sredstva za dionicu Ov\u010dari - Mostar sjever na koridoru Vc - RADIO LJUBU\u0160KI","og_description":"&nbsp;Vije\u0107e ministara ministara Bosne i Hercegovine, na prijedlog &nbsp;Ministarstva financija i trezora, danas je na sjednici usvojilo je &nbsp;Inicijativu za vo\u0111enje pregovora radi zaklju\u010divanja Ugovora o financiranju izme\u0111u Bosne i Hercegovine i Europske investicijske banke (EIB) (Koridor Vc, dionica Ov\u010dari &#8211; Mostar sjever) u iznosu od 300 milijuna eura. Projekat podrazumijeva financiranje izgradnje dionice autoputa [&hellip;]","og_url":"https:\/\/radioljubuski.ba\/index.php\/2022\/06\/23\/osigurana-sredstva-za-dionicu-ovcari-mostar-sjever-na-koridoru-vc\/","og_site_name":"RADIO LJUBU\u0160KI","article_publisher":"https:\/\/www.facebook.com\/Radiio-Ljubuski-1490835324566332","article_published_time":"2022-06-23T13:17:55+00:00","article_modified_time":"2022-06-23T13:17:56+00:00","og_image":[{"width":1000,"height":625,"url":"https:\/\/radioljubuski.ba\/wp-content\/uploads\/2022\/06\/8-2022-06-23-14-51-45-KORIDOR.jpg","type":"image\/jpeg"}],"author":"Radio Ljubu\u0161ki","twitter_card":"summary_large_image","twitter_creator":"@radioljubuski","twitter_site":"@radioljubuski","twitter_misc":{"Napisao\/la":"Radio Ljubu\u0161ki","Procijenjeno vrijeme \u010ditanja":"1 minuta"},"schema":{"@context":"https:\/\/schema.org","@graph":[{"@type":"Article","@id":"https:\/\/radioljubuski.ba\/index.php\/2022\/06\/23\/osigurana-sredstva-za-dionicu-ovcari-mostar-sjever-na-koridoru-vc\/#article","isPartOf":{"@id":"https:\/\/radioljubuski.ba\/index.php\/2022\/06\/23\/osigurana-sredstva-za-dionicu-ovcari-mostar-sjever-na-koridoru-vc\/"},"author":{"name":"Radio Ljubu\u0161ki","@id":"https:\/\/radioljubuski.ba\/#\/schema\/person\/19fc700381a780f69665d7956c469e3b"},"headline":"Osigurana sredstva za dionicu Ov\u010dari &#8211; Mostar sjever na koridoru Vc","datePublished":"2022-06-23T13:17:55+00:00","dateModified":"2022-06-23T13:17:56+00:00","mainEntityOfPage":{"@id":"https:\/\/radioljubuski.ba\/index.php\/2022\/06\/23\/osigurana-sredstva-za-dionicu-ovcari-mostar-sjever-na-koridoru-vc\/"},"wordCount":210,"publisher":{"@id":"https:\/\/radioljubuski.ba\/#organization"},"image":{"@id":"https:\/\/radioljubuski.ba\/index.php\/2022\/06\/23\/osigurana-sredstva-za-dionicu-ovcari-mostar-sjever-na-koridoru-vc\/#primaryimage"},"thumbnailUrl":"https:\/\/radioljubuski.ba\/wp-content\/uploads\/2022\/06\/8-2022-06-23-14-51-45-KORIDOR.jpg","articleSection":["BIH i regija"],"inLanguage":"hr"},{"@type":"WebPage","@id":"https:\/\/radioljubuski.ba\/index.php\/2022\/06\/23\/osigurana-sredstva-za-dionicu-ovcari-mostar-sjever-na-koridoru-vc\/","url":"https:\/\/radioljubuski.ba\/index.php\/2022\/06\/23\/osigurana-sredstva-za-dionicu-ovcari-mostar-sjever-na-koridoru-vc\/","name":"Osigurana sredstva za dionicu Ov\u010dari - Mostar sjever na koridoru Vc - RADIO LJUBU\u0160KI","isPartOf":{"@id":"https:\/\/radioljubuski.ba\/#website"},"primaryImageOfPage":{"@id":"https:\/\/radioljubuski.ba\/index.php\/2022\/06\/23\/osigurana-sredstva-za-dionicu-ovcari-mostar-sjever-na-koridoru-vc\/#primaryimage"},"image":{"@id":"https:\/\/radioljubuski.ba\/index.php\/2022\/06\/23\/osigurana-sredstva-za-dionicu-ovcari-mostar-sjever-na-koridoru-vc\/#primaryimage"},"thumbnailUrl":"https:\/\/radioljubuski.ba\/wp-content\/uploads\/2022\/06\/8-2022-06-23-14-51-45-KORIDOR.jpg","datePublished":"2022-06-23T13:17:55+00:00","dateModified":"2022-06-23T13:17:56+00:00","breadcrumb":{"@id":"https:\/\/radioljubuski.ba\/index.php\/2022\/06\/23\/osigurana-sredstva-za-dionicu-ovcari-mostar-sjever-na-koridoru-vc\/#breadcrumb"},"inLanguage":"hr","potentialAction":[{"@type":"ReadAction","target":["https:\/\/radioljubuski.ba\/index.php\/2022\/06\/23\/osigurana-sredstva-za-dionicu-ovcari-mostar-sjever-na-koridoru-vc\/"]}]},{"@type":"ImageObject","inLanguage":"hr","@id":"https:\/\/radioljubuski.ba\/index.php\/2022\/06\/23\/osigurana-sredstva-za-dionicu-ovcari-mostar-sjever-na-koridoru-vc\/#primaryimage","url":"https:\/\/radioljubuski.ba\/wp-content\/uploads\/2022\/06\/8-2022-06-23-14-51-45-KORIDOR.jpg","contentUrl":"https:\/\/radioljubuski.ba\/wp-content\/uploads\/2022\/06\/8-2022-06-23-14-51-45-KORIDOR.jpg","width":1000,"height":625},{"@type":"BreadcrumbList","@id":"https:\/\/radioljubuski.ba\/index.php\/2022\/06\/23\/osigurana-sredstva-za-dionicu-ovcari-mostar-sjever-na-koridoru-vc\/#breadcrumb","itemListElement":[{"@type":"ListItem","position":1,"name":"Po\u010detna stranica","item":"https:\/\/radioljubuski.ba\/"},{"@type":"ListItem","position":2,"name":"Osigurana sredstva za dionicu Ov\u010dari &#8211; Mostar sjever na koridoru Vc"}]},{"@type":"WebSite","@id":"https:\/\/radioljubuski.ba\/#website","url":"https:\/\/radioljubuski.ba\/","name":"Radio Ljubu\u0161ki","description":"Sun\u010dana frekvencija Hercegovine","publisher":{"@id":"https:\/\/radioljubuski.ba\/#organization"},"potentialAction":[{"@type":"SearchAction","target":{"@type":"EntryPoint","urlTemplate":"https:\/\/radioljubuski.ba\/?s={search_term_string}"},"query-input":{"@type":"PropertyValueSpecification","valueRequired":true,"valueName":"search_term_string"}}],"inLanguage":"hr"},{"@type":"Organization","@id":"https:\/\/radioljubuski.ba\/#organization","name":"Radio Ljubu\u0161ki","url":"https:\/\/radioljubuski.ba\/","logo":{"@type":"ImageObject","inLanguage":"hr","@id":"https:\/\/radioljubuski.ba\/#\/schema\/logo\/image\/","url":"https:\/\/radioljubuski.ba\/wp-content\/uploads\/2021\/02\/cropped-Radio_Ljubuski_logo1.jpg","contentUrl":"https:\/\/radioljubuski.ba\/wp-content\/uploads\/2021\/02\/cropped-Radio_Ljubuski_logo1.jpg","width":512,"height":512,"caption":"Radio Ljubu\u0161ki"},"image":{"@id":"https:\/\/radioljubuski.ba\/#\/schema\/logo\/image\/"},"sameAs":["https:\/\/www.facebook.com\/Radiio-Ljubuski-1490835324566332","https:\/\/x.com\/radioljubuski","https:\/\/hr.linkedin.com\/company\/radio-ljubuski","https:\/\/www.youtube.com\/channel\/UCHYaeO_n0Db3tjNGudGpXyw"]},{"@type":"Person","@id":"https:\/\/radioljubuski.ba\/#\/schema\/person\/19fc700381a780f69665d7956c469e3b","name":"Radio Ljubu\u0161ki"}]}},"_links":{"self":[{"href":"https:\/\/radioljubuski.ba\/index.php\/wp-json\/wp\/v2\/posts\/152714","targetHints":{"allow":["GET"]}}],"collection":[{"href":"https:\/\/radioljubuski.ba\/index.php\/wp-json\/wp\/v2\/posts"}],"about":[{"href":"https:\/\/radioljubuski.ba\/index.php\/wp-json\/wp\/v2\/types\/post"}],"author":[{"embeddable":true,"href":"https:\/\/radioljubuski.ba\/index.php\/wp-json\/wp\/v2\/users\/2"}],"replies":[{"embeddable":true,"href":"https:\/\/radioljubuski.ba\/index.php\/wp-json\/wp\/v2\/comments?post=152714"}],"version-history":[{"count":1,"href":"https:\/\/radioljubuski.ba\/index.php\/wp-json\/wp\/v2\/posts\/152714\/revisions"}],"predecessor-version":[{"id":152716,"href":"https:\/\/radioljubuski.ba\/index.php\/wp-json\/wp\/v2\/posts\/152714\/revisions\/152716"}],"wp:featuredmedia":[{"embeddable":true,"href":"https:\/\/radioljubuski.ba\/index.php\/wp-json\/wp\/v2\/media\/152715"}],"wp:attachment":[{"href":"https:\/\/radioljubuski.ba\/index.php\/wp-json\/wp\/v2\/media?parent=152714"}],"wp:term":[{"taxonomy":"category","embeddable":true,"href":"https:\/\/radioljubuski.ba\/index.php\/wp-json\/wp\/v2\/categories?post=152714"},{"taxonomy":"post_tag","embeddable":true,"href":"https:\/\/radioljubuski.ba\/index.php\/wp-json\/wp\/v2\/tags?post=152714"}],"curies":[{"name":"wp","href":"https:\/\/api.w.org\/{rel}","templated":true}]}}