{"id":152836,"date":"2022-06-24T09:24:10","date_gmt":"2022-06-24T08:24:10","guid":{"rendered":"https:\/\/radioljubuski.ba\/?p=152836"},"modified":"2022-06-24T15:47:14","modified_gmt":"2022-06-24T14:47:14","slug":"skb-mostar-raspisao-natjecaj-za-23-radna-mjesta","status":"publish","type":"post","link":"https:\/\/radioljubuski.ba\/index.php\/2022\/06\/24\/skb-mostar-raspisao-natjecaj-za-23-radna-mjesta\/","title":{"rendered":"SKB Mostar raspisao natje\u010daj za 23 radna mjesta"},"content":{"rendered":"\n<h5 class=\"wp-block-heading\">Sveu\u010dili\u0161na klini\u010dka bolnica Mostar raspisala je natje\u010daj za 23 radna mjesta.<\/h5>\n\n\n\n<p>Neodre\u0111eno vrijeme&nbsp;za radna mjesta:<\/p>\n\n\n\n<p>1.&nbsp;Doktor medicine&nbsp;u Centru za urgentnu medicinu i hitne prijeme \u2013 3 izvr\u0161itelja<\/p>\n\n\n\n<p>2.&nbsp;Diplomirani in\u017eenjer&nbsp;strojarstva u Slu\u017ebi za tehni\u010dke djelatnosti \u2013 1 izvr\u0161itelj<\/p>\n\n\n\n<p>3.&nbsp;Medicinska sestra\/tehni\u010dar&nbsp;na Klinikama\/Odjelima\/Zavodima \u2013 4 izvr\u0161itelja&nbsp;&nbsp; (Klinika za o\u010dne bolesti \u2013 2; Odjel za anesteziju, reanimaciju i intenzivno lije\u010denje -1; Transfuzijski centar \u2013 1; )<\/p>\n\n\n\n<p>4.&nbsp;Administrativni djelatnik&nbsp;na Klini\u010dkom zavodu za radiologiju \u2013 1 izvr\u0161itelj<\/p>\n\n\n\n<p>5.&nbsp;Administrativni djelatnik&nbsp;na Klinici za urologiju \u2013 1 izvr\u0161itelj<\/p>\n\n\n\n<p>6.&nbsp;Referent na protokolu&nbsp;u Slu\u017ebi za pravne i op\u0107e poslove \u2013 1 izvr\u0161itelj<\/p>\n\n\n\n<p>7.&nbsp;Radnik na ma\u0161inama&nbsp;za uni\u0161tavanje infektivnih kategorija medicinskog otpada u Slu\u017ebi za tehni\u010dke djelatnosti \u2013 1 izvr\u0161itelj<\/p>\n\n\n\n<p>8.&nbsp;Odgovorni rukovatelj boca pod tlakom&nbsp;u Slu\u017ebi za tehni\u010dke djelatnosti \u2013 1 izvr\u0161itelj<\/p>\n\n\n\n<p>9.&nbsp;Serviser telekomunikacija&nbsp;u Slu\u017ebi za tehni\u010dke djelatnosti \u2013 1 izvr\u0161itelj<\/p>\n\n\n\n<p>10.&nbsp;Elektri\u010dar&nbsp;u Slu\u017ebi za tehni\u010dke djelatnosti \u2013 1 izvr\u0161itelj<\/p>\n\n\n\n<p>11.&nbsp;VKV voza\u010d&nbsp;u Odsjeku prometa Slu\u017ebe za tehni\u010dke djelatnosti \u2013 1 izvr\u0161itelj<\/p>\n\n\n\n<p>12.&nbsp;Servirka&nbsp;u Slu\u017ebi za prehranu bolesnika \u2013 1 izvr\u0161itelj<\/p>\n\n\n\n<p>Odre\u0111eno vrijeme u trajanju do dvije godine&nbsp;u ovisnosti radi li se o zamjeni djelatnika na trudni\u010dkom, porodiljskom, dugotrajnom bolovanju i nepla\u0107enom odsustvu:<\/p>\n\n\n\n<p>13.&nbsp;Doktor medicine na Klinici za neurologiju \u2013 1 izvr\u0161itelj<\/p>\n\n\n\n<p>14.&nbsp;Doktor medicine&nbsp;na Klini\u010dkom zavodu za patologiju, citologiju i sudsku medicinu \u2013 2 izvr\u0161itelja<\/p>\n\n\n\n<p>15.&nbsp;In\u017eenjer laboratorijske dijagnostike&nbsp;u Zavodu za laboratorijsku dijagnostiku \u2013 1 izvr\u0161itelj<\/p>\n\n\n\n<p>16.&nbsp;Fizioterapeut (V\u0160S)&nbsp;na Klinici za fizikalnu medicinu i rehabilitaciju \u2013 5 izvr\u0161itelja<\/p>\n\n\n\n<p>17.&nbsp;Fizioterapeut (SSS)&nbsp;na Klinici za fizikalnu medicinu i rehabilitaciju- 1 izvr\u0161itelj<\/p>\n\n\n\n<p>18.&nbsp;Medicinska sestra\/tehni\u010dar&nbsp;na Klinikama\/Odjelima\/Zavodima \u2013 28 izvr\u0161itelja (Klinika za dje\u010dje bolesti \u2013 3; Klinika za ortopediju \u2013 3; Klinika za onkologiju \u2013 2; Odjel za plu\u0107ne bolesti i TBC \u2013 3; Centar za urgentnu medicinu i hitne prijeme \u2013 3; Odjel za anesteziju, reanimaciju i intenzivno lije\u010denje \u2013 3; Klinika za psihijatriju \u2013 1; Klinika za neurologiju \u2013 2; Transfuzijski centar \u2013 2; Klinika za urologiju \u2013 1; Klinika za unutarnje bolesti s centrom za dijalizu \u2013 5; )<\/p>\n\n\n\n<p>19.&nbsp;Medicinska sestra\/primalja&nbsp;na Klinici za ginekologiju i porodni\u0161tvo\u20132 izvr\u0161itelja<\/p>\n\n\n\n<p>20.&nbsp;Instrumentar\/ka&nbsp;u Operacijskom traktu Klinike za kirurgiju \u2013 3 izvr\u0161itelja<\/p>\n\n\n\n<p>21.&nbsp;Tajnica&nbsp;predstojnika u Klinici za neurokirurgiju \u2013 1 izvr\u0161itelj<\/p>\n\n\n\n<p>22.&nbsp;Rukovatelj kotlova&nbsp;u&nbsp;Slu\u017ebi za tehni\u010dke djelatnosti \u2013 1 izvr\u0161itelj<\/p>\n\n\n\n<p>23.&nbsp;Sprema\u010dica&nbsp;u Odsjeku za higijensko odr\u017eavanje prostorija Slu\u017ebe za tehni\u010dke djelatnosti \u2013 5 izvr\u0161itelja<\/p>\n\n\n\n<p>Izvor<a href=\"https:\/\/www.jabuka.tv\/skb-mostar-raspisao-natjecaj-za-23-radna-mjesta\/\">:Jabuka.tv<\/a><\/p>\n","protected":false},"excerpt":{"rendered":"<p>Sveu\u010dili\u0161na klini\u010dka bolnica Mostar raspisala je natje\u010daj za 23 radna mjesta. Neodre\u0111eno vrijeme&nbsp;za radna mjesta: 1.&nbsp;Doktor medicine&nbsp;u Centru za urgentnu medicinu i hitne prijeme \u2013 3 izvr\u0161itelja 2.&nbsp;Diplomirani in\u017eenjer&nbsp;strojarstva u Slu\u017ebi za tehni\u010dke djelatnosti \u2013 1 izvr\u0161itelj 3.&nbsp;Medicinska sestra\/tehni\u010dar&nbsp;na Klinikama\/Odjelima\/Zavodima \u2013 4 izvr\u0161itelja&nbsp;&nbsp; (Klinika za o\u010dne bolesti \u2013 2; Odjel za anesteziju, reanimaciju i intenzivno [&hellip;]<\/p>\n","protected":false},"author":2,"featured_media":152837,"comment_status":"closed","ping_status":"closed","sticky":false,"template":"","format":"standard","meta":{"h5ap_radio_sources":[],"footnotes":""},"categories":[1],"tags":[],"class_list":["post-152836","post","type-post","status-publish","format-standard","has-post-thumbnail","hentry","category-bihiregija"],"yoast_head":"<!-- This site is optimized with the Yoast SEO plugin v27.4 - https:\/\/yoast.com\/product\/yoast-seo-wordpress\/ -->\n<title>SKB Mostar raspisao natje\u010daj za 23 radna mjesta - RADIO LJUBU\u0160KI<\/title>\n<meta name=\"robots\" content=\"index, follow, max-snippet:-1, max-image-preview:large, max-video-preview:-1\" \/>\n<link rel=\"canonical\" href=\"https:\/\/radioljubuski.ba\/index.php\/2022\/06\/24\/skb-mostar-raspisao-natjecaj-za-23-radna-mjesta\/\" \/>\n<meta property=\"og:locale\" content=\"hr_HR\" \/>\n<meta property=\"og:type\" content=\"article\" \/>\n<meta property=\"og:title\" content=\"SKB Mostar raspisao natje\u010daj za 23 radna mjesta - RADIO LJUBU\u0160KI\" \/>\n<meta property=\"og:description\" content=\"Sveu\u010dili\u0161na klini\u010dka bolnica Mostar raspisala je natje\u010daj za 23 radna mjesta. Neodre\u0111eno vrijeme&nbsp;za radna mjesta: 1.&nbsp;Doktor medicine&nbsp;u Centru za urgentnu medicinu i hitne prijeme \u2013 3 izvr\u0161itelja 2.&nbsp;Diplomirani in\u017eenjer&nbsp;strojarstva u Slu\u017ebi za tehni\u010dke djelatnosti \u2013 1 izvr\u0161itelj 3.&nbsp;Medicinska sestra\/tehni\u010dar&nbsp;na Klinikama\/Odjelima\/Zavodima \u2013 4 izvr\u0161itelja&nbsp;&nbsp; (Klinika za o\u010dne bolesti \u2013 2; Odjel za anesteziju, reanimaciju i intenzivno [&hellip;]\" \/>\n<meta property=\"og:url\" content=\"https:\/\/radioljubuski.ba\/index.php\/2022\/06\/24\/skb-mostar-raspisao-natjecaj-za-23-radna-mjesta\/\" \/>\n<meta property=\"og:site_name\" content=\"RADIO LJUBU\u0160KI\" \/>\n<meta property=\"article:publisher\" content=\"https:\/\/www.facebook.com\/Radiio-Ljubuski-1490835324566332\" \/>\n<meta property=\"article:published_time\" content=\"2022-06-24T08:24:10+00:00\" \/>\n<meta property=\"article:modified_time\" content=\"2022-06-24T14:47:14+00:00\" \/>\n<meta property=\"og:image\" content=\"https:\/\/radioljubuski.ba\/wp-content\/uploads\/2022\/06\/skb-mostar-2022-1.jpg\" \/>\n\t<meta property=\"og:image:width\" content=\"810\" \/>\n\t<meta property=\"og:image:height\" content=\"540\" \/>\n\t<meta property=\"og:image:type\" content=\"image\/jpeg\" \/>\n<meta name=\"author\" content=\"Radio Ljubu\u0161ki\" \/>\n<meta name=\"twitter:card\" content=\"summary_large_image\" \/>\n<meta name=\"twitter:creator\" content=\"@radioljubuski\" \/>\n<meta name=\"twitter:site\" content=\"@radioljubuski\" \/>\n<meta name=\"twitter:label1\" content=\"Napisao\/la\" \/>\n\t<meta name=\"twitter:data1\" content=\"Radio Ljubu\u0161ki\" \/>\n\t<meta name=\"twitter:label2\" content=\"Procijenjeno vrijeme \u010ditanja\" \/>\n\t<meta name=\"twitter:data2\" content=\"2 minute\" \/>\n<script type=\"application\/ld+json\" class=\"yoast-schema-graph\">{\"@context\":\"https:\\\/\\\/schema.org\",\"@graph\":[{\"@type\":\"Article\",\"@id\":\"https:\\\/\\\/radioljubuski.ba\\\/index.php\\\/2022\\\/06\\\/24\\\/skb-mostar-raspisao-natjecaj-za-23-radna-mjesta\\\/#article\",\"isPartOf\":{\"@id\":\"https:\\\/\\\/radioljubuski.ba\\\/index.php\\\/2022\\\/06\\\/24\\\/skb-mostar-raspisao-natjecaj-za-23-radna-mjesta\\\/\"},\"author\":{\"name\":\"Radio Ljubu\u0161ki\",\"@id\":\"https:\\\/\\\/radioljubuski.ba\\\/#\\\/schema\\\/person\\\/19fc700381a780f69665d7956c469e3b\"},\"headline\":\"SKB Mostar raspisao natje\u010daj za 23 radna mjesta\",\"datePublished\":\"2022-06-24T08:24:10+00:00\",\"dateModified\":\"2022-06-24T14:47:14+00:00\",\"mainEntityOfPage\":{\"@id\":\"https:\\\/\\\/radioljubuski.ba\\\/index.php\\\/2022\\\/06\\\/24\\\/skb-mostar-raspisao-natjecaj-za-23-radna-mjesta\\\/\"},\"wordCount\":444,\"publisher\":{\"@id\":\"https:\\\/\\\/radioljubuski.ba\\\/#organization\"},\"image\":{\"@id\":\"https:\\\/\\\/radioljubuski.ba\\\/index.php\\\/2022\\\/06\\\/24\\\/skb-mostar-raspisao-natjecaj-za-23-radna-mjesta\\\/#primaryimage\"},\"thumbnailUrl\":\"https:\\\/\\\/radioljubuski.ba\\\/wp-content\\\/uploads\\\/2022\\\/06\\\/skb-mostar-2022-1.jpg\",\"articleSection\":[\"BIH i regija\"],\"inLanguage\":\"hr\"},{\"@type\":\"WebPage\",\"@id\":\"https:\\\/\\\/radioljubuski.ba\\\/index.php\\\/2022\\\/06\\\/24\\\/skb-mostar-raspisao-natjecaj-za-23-radna-mjesta\\\/\",\"url\":\"https:\\\/\\\/radioljubuski.ba\\\/index.php\\\/2022\\\/06\\\/24\\\/skb-mostar-raspisao-natjecaj-za-23-radna-mjesta\\\/\",\"name\":\"SKB Mostar raspisao natje\u010daj za 23 radna mjesta - RADIO LJUBU\u0160KI\",\"isPartOf\":{\"@id\":\"https:\\\/\\\/radioljubuski.ba\\\/#website\"},\"primaryImageOfPage\":{\"@id\":\"https:\\\/\\\/radioljubuski.ba\\\/index.php\\\/2022\\\/06\\\/24\\\/skb-mostar-raspisao-natjecaj-za-23-radna-mjesta\\\/#primaryimage\"},\"image\":{\"@id\":\"https:\\\/\\\/radioljubuski.ba\\\/index.php\\\/2022\\\/06\\\/24\\\/skb-mostar-raspisao-natjecaj-za-23-radna-mjesta\\\/#primaryimage\"},\"thumbnailUrl\":\"https:\\\/\\\/radioljubuski.ba\\\/wp-content\\\/uploads\\\/2022\\\/06\\\/skb-mostar-2022-1.jpg\",\"datePublished\":\"2022-06-24T08:24:10+00:00\",\"dateModified\":\"2022-06-24T14:47:14+00:00\",\"breadcrumb\":{\"@id\":\"https:\\\/\\\/radioljubuski.ba\\\/index.php\\\/2022\\\/06\\\/24\\\/skb-mostar-raspisao-natjecaj-za-23-radna-mjesta\\\/#breadcrumb\"},\"inLanguage\":\"hr\",\"potentialAction\":[{\"@type\":\"ReadAction\",\"target\":[\"https:\\\/\\\/radioljubuski.ba\\\/index.php\\\/2022\\\/06\\\/24\\\/skb-mostar-raspisao-natjecaj-za-23-radna-mjesta\\\/\"]}]},{\"@type\":\"ImageObject\",\"inLanguage\":\"hr\",\"@id\":\"https:\\\/\\\/radioljubuski.ba\\\/index.php\\\/2022\\\/06\\\/24\\\/skb-mostar-raspisao-natjecaj-za-23-radna-mjesta\\\/#primaryimage\",\"url\":\"https:\\\/\\\/radioljubuski.ba\\\/wp-content\\\/uploads\\\/2022\\\/06\\\/skb-mostar-2022-1.jpg\",\"contentUrl\":\"https:\\\/\\\/radioljubuski.ba\\\/wp-content\\\/uploads\\\/2022\\\/06\\\/skb-mostar-2022-1.jpg\",\"width\":810,\"height\":540},{\"@type\":\"BreadcrumbList\",\"@id\":\"https:\\\/\\\/radioljubuski.ba\\\/index.php\\\/2022\\\/06\\\/24\\\/skb-mostar-raspisao-natjecaj-za-23-radna-mjesta\\\/#breadcrumb\",\"itemListElement\":[{\"@type\":\"ListItem\",\"position\":1,\"name\":\"Po\u010detna stranica\",\"item\":\"https:\\\/\\\/radioljubuski.ba\\\/\"},{\"@type\":\"ListItem\",\"position\":2,\"name\":\"SKB Mostar raspisao natje\u010daj za 23 radna mjesta\"}]},{\"@type\":\"WebSite\",\"@id\":\"https:\\\/\\\/radioljubuski.ba\\\/#website\",\"url\":\"https:\\\/\\\/radioljubuski.ba\\\/\",\"name\":\"Radio Ljubu\u0161ki\",\"description\":\"Sun\u010dana frekvencija Hercegovine\",\"publisher\":{\"@id\":\"https:\\\/\\\/radioljubuski.ba\\\/#organization\"},\"potentialAction\":[{\"@type\":\"SearchAction\",\"target\":{\"@type\":\"EntryPoint\",\"urlTemplate\":\"https:\\\/\\\/radioljubuski.ba\\\/?s={search_term_string}\"},\"query-input\":{\"@type\":\"PropertyValueSpecification\",\"valueRequired\":true,\"valueName\":\"search_term_string\"}}],\"inLanguage\":\"hr\"},{\"@type\":\"Organization\",\"@id\":\"https:\\\/\\\/radioljubuski.ba\\\/#organization\",\"name\":\"Radio Ljubu\u0161ki\",\"url\":\"https:\\\/\\\/radioljubuski.ba\\\/\",\"logo\":{\"@type\":\"ImageObject\",\"inLanguage\":\"hr\",\"@id\":\"https:\\\/\\\/radioljubuski.ba\\\/#\\\/schema\\\/logo\\\/image\\\/\",\"url\":\"https:\\\/\\\/radioljubuski.ba\\\/wp-content\\\/uploads\\\/2021\\\/02\\\/cropped-Radio_Ljubuski_logo1.jpg\",\"contentUrl\":\"https:\\\/\\\/radioljubuski.ba\\\/wp-content\\\/uploads\\\/2021\\\/02\\\/cropped-Radio_Ljubuski_logo1.jpg\",\"width\":512,\"height\":512,\"caption\":\"Radio Ljubu\u0161ki\"},\"image\":{\"@id\":\"https:\\\/\\\/radioljubuski.ba\\\/#\\\/schema\\\/logo\\\/image\\\/\"},\"sameAs\":[\"https:\\\/\\\/www.facebook.com\\\/Radiio-Ljubuski-1490835324566332\",\"https:\\\/\\\/x.com\\\/radioljubuski\",\"https:\\\/\\\/hr.linkedin.com\\\/company\\\/radio-ljubuski\",\"https:\\\/\\\/www.youtube.com\\\/channel\\\/UCHYaeO_n0Db3tjNGudGpXyw\"]},{\"@type\":\"Person\",\"@id\":\"https:\\\/\\\/radioljubuski.ba\\\/#\\\/schema\\\/person\\\/19fc700381a780f69665d7956c469e3b\",\"name\":\"Radio Ljubu\u0161ki\"}]}<\/script>\n<!-- \/ Yoast SEO plugin. -->","yoast_head_json":{"title":"SKB Mostar raspisao natje\u010daj za 23 radna mjesta - RADIO LJUBU\u0160KI","robots":{"index":"index","follow":"follow","max-snippet":"max-snippet:-1","max-image-preview":"max-image-preview:large","max-video-preview":"max-video-preview:-1"},"canonical":"https:\/\/radioljubuski.ba\/index.php\/2022\/06\/24\/skb-mostar-raspisao-natjecaj-za-23-radna-mjesta\/","og_locale":"hr_HR","og_type":"article","og_title":"SKB Mostar raspisao natje\u010daj za 23 radna mjesta - RADIO LJUBU\u0160KI","og_description":"Sveu\u010dili\u0161na klini\u010dka bolnica Mostar raspisala je natje\u010daj za 23 radna mjesta. Neodre\u0111eno vrijeme&nbsp;za radna mjesta: 1.&nbsp;Doktor medicine&nbsp;u Centru za urgentnu medicinu i hitne prijeme \u2013 3 izvr\u0161itelja 2.&nbsp;Diplomirani in\u017eenjer&nbsp;strojarstva u Slu\u017ebi za tehni\u010dke djelatnosti \u2013 1 izvr\u0161itelj 3.&nbsp;Medicinska sestra\/tehni\u010dar&nbsp;na Klinikama\/Odjelima\/Zavodima \u2013 4 izvr\u0161itelja&nbsp;&nbsp; (Klinika za o\u010dne bolesti \u2013 2; Odjel za anesteziju, reanimaciju i intenzivno [&hellip;]","og_url":"https:\/\/radioljubuski.ba\/index.php\/2022\/06\/24\/skb-mostar-raspisao-natjecaj-za-23-radna-mjesta\/","og_site_name":"RADIO LJUBU\u0160KI","article_publisher":"https:\/\/www.facebook.com\/Radiio-Ljubuski-1490835324566332","article_published_time":"2022-06-24T08:24:10+00:00","article_modified_time":"2022-06-24T14:47:14+00:00","og_image":[{"width":810,"height":540,"url":"https:\/\/radioljubuski.ba\/wp-content\/uploads\/2022\/06\/skb-mostar-2022-1.jpg","type":"image\/jpeg"}],"author":"Radio Ljubu\u0161ki","twitter_card":"summary_large_image","twitter_creator":"@radioljubuski","twitter_site":"@radioljubuski","twitter_misc":{"Napisao\/la":"Radio Ljubu\u0161ki","Procijenjeno vrijeme \u010ditanja":"2 minute"},"schema":{"@context":"https:\/\/schema.org","@graph":[{"@type":"Article","@id":"https:\/\/radioljubuski.ba\/index.php\/2022\/06\/24\/skb-mostar-raspisao-natjecaj-za-23-radna-mjesta\/#article","isPartOf":{"@id":"https:\/\/radioljubuski.ba\/index.php\/2022\/06\/24\/skb-mostar-raspisao-natjecaj-za-23-radna-mjesta\/"},"author":{"name":"Radio Ljubu\u0161ki","@id":"https:\/\/radioljubuski.ba\/#\/schema\/person\/19fc700381a780f69665d7956c469e3b"},"headline":"SKB Mostar raspisao natje\u010daj za 23 radna mjesta","datePublished":"2022-06-24T08:24:10+00:00","dateModified":"2022-06-24T14:47:14+00:00","mainEntityOfPage":{"@id":"https:\/\/radioljubuski.ba\/index.php\/2022\/06\/24\/skb-mostar-raspisao-natjecaj-za-23-radna-mjesta\/"},"wordCount":444,"publisher":{"@id":"https:\/\/radioljubuski.ba\/#organization"},"image":{"@id":"https:\/\/radioljubuski.ba\/index.php\/2022\/06\/24\/skb-mostar-raspisao-natjecaj-za-23-radna-mjesta\/#primaryimage"},"thumbnailUrl":"https:\/\/radioljubuski.ba\/wp-content\/uploads\/2022\/06\/skb-mostar-2022-1.jpg","articleSection":["BIH i regija"],"inLanguage":"hr"},{"@type":"WebPage","@id":"https:\/\/radioljubuski.ba\/index.php\/2022\/06\/24\/skb-mostar-raspisao-natjecaj-za-23-radna-mjesta\/","url":"https:\/\/radioljubuski.ba\/index.php\/2022\/06\/24\/skb-mostar-raspisao-natjecaj-za-23-radna-mjesta\/","name":"SKB Mostar raspisao natje\u010daj za 23 radna mjesta - RADIO LJUBU\u0160KI","isPartOf":{"@id":"https:\/\/radioljubuski.ba\/#website"},"primaryImageOfPage":{"@id":"https:\/\/radioljubuski.ba\/index.php\/2022\/06\/24\/skb-mostar-raspisao-natjecaj-za-23-radna-mjesta\/#primaryimage"},"image":{"@id":"https:\/\/radioljubuski.ba\/index.php\/2022\/06\/24\/skb-mostar-raspisao-natjecaj-za-23-radna-mjesta\/#primaryimage"},"thumbnailUrl":"https:\/\/radioljubuski.ba\/wp-content\/uploads\/2022\/06\/skb-mostar-2022-1.jpg","datePublished":"2022-06-24T08:24:10+00:00","dateModified":"2022-06-24T14:47:14+00:00","breadcrumb":{"@id":"https:\/\/radioljubuski.ba\/index.php\/2022\/06\/24\/skb-mostar-raspisao-natjecaj-za-23-radna-mjesta\/#breadcrumb"},"inLanguage":"hr","potentialAction":[{"@type":"ReadAction","target":["https:\/\/radioljubuski.ba\/index.php\/2022\/06\/24\/skb-mostar-raspisao-natjecaj-za-23-radna-mjesta\/"]}]},{"@type":"ImageObject","inLanguage":"hr","@id":"https:\/\/radioljubuski.ba\/index.php\/2022\/06\/24\/skb-mostar-raspisao-natjecaj-za-23-radna-mjesta\/#primaryimage","url":"https:\/\/radioljubuski.ba\/wp-content\/uploads\/2022\/06\/skb-mostar-2022-1.jpg","contentUrl":"https:\/\/radioljubuski.ba\/wp-content\/uploads\/2022\/06\/skb-mostar-2022-1.jpg","width":810,"height":540},{"@type":"BreadcrumbList","@id":"https:\/\/radioljubuski.ba\/index.php\/2022\/06\/24\/skb-mostar-raspisao-natjecaj-za-23-radna-mjesta\/#breadcrumb","itemListElement":[{"@type":"ListItem","position":1,"name":"Po\u010detna stranica","item":"https:\/\/radioljubuski.ba\/"},{"@type":"ListItem","position":2,"name":"SKB Mostar raspisao natje\u010daj za 23 radna mjesta"}]},{"@type":"WebSite","@id":"https:\/\/radioljubuski.ba\/#website","url":"https:\/\/radioljubuski.ba\/","name":"Radio Ljubu\u0161ki","description":"Sun\u010dana frekvencija Hercegovine","publisher":{"@id":"https:\/\/radioljubuski.ba\/#organization"},"potentialAction":[{"@type":"SearchAction","target":{"@type":"EntryPoint","urlTemplate":"https:\/\/radioljubuski.ba\/?s={search_term_string}"},"query-input":{"@type":"PropertyValueSpecification","valueRequired":true,"valueName":"search_term_string"}}],"inLanguage":"hr"},{"@type":"Organization","@id":"https:\/\/radioljubuski.ba\/#organization","name":"Radio Ljubu\u0161ki","url":"https:\/\/radioljubuski.ba\/","logo":{"@type":"ImageObject","inLanguage":"hr","@id":"https:\/\/radioljubuski.ba\/#\/schema\/logo\/image\/","url":"https:\/\/radioljubuski.ba\/wp-content\/uploads\/2021\/02\/cropped-Radio_Ljubuski_logo1.jpg","contentUrl":"https:\/\/radioljubuski.ba\/wp-content\/uploads\/2021\/02\/cropped-Radio_Ljubuski_logo1.jpg","width":512,"height":512,"caption":"Radio Ljubu\u0161ki"},"image":{"@id":"https:\/\/radioljubuski.ba\/#\/schema\/logo\/image\/"},"sameAs":["https:\/\/www.facebook.com\/Radiio-Ljubuski-1490835324566332","https:\/\/x.com\/radioljubuski","https:\/\/hr.linkedin.com\/company\/radio-ljubuski","https:\/\/www.youtube.com\/channel\/UCHYaeO_n0Db3tjNGudGpXyw"]},{"@type":"Person","@id":"https:\/\/radioljubuski.ba\/#\/schema\/person\/19fc700381a780f69665d7956c469e3b","name":"Radio Ljubu\u0161ki"}]}},"_links":{"self":[{"href":"https:\/\/radioljubuski.ba\/index.php\/wp-json\/wp\/v2\/posts\/152836","targetHints":{"allow":["GET"]}}],"collection":[{"href":"https:\/\/radioljubuski.ba\/index.php\/wp-json\/wp\/v2\/posts"}],"about":[{"href":"https:\/\/radioljubuski.ba\/index.php\/wp-json\/wp\/v2\/types\/post"}],"author":[{"embeddable":true,"href":"https:\/\/radioljubuski.ba\/index.php\/wp-json\/wp\/v2\/users\/2"}],"replies":[{"embeddable":true,"href":"https:\/\/radioljubuski.ba\/index.php\/wp-json\/wp\/v2\/comments?post=152836"}],"version-history":[{"count":3,"href":"https:\/\/radioljubuski.ba\/index.php\/wp-json\/wp\/v2\/posts\/152836\/revisions"}],"predecessor-version":[{"id":153027,"href":"https:\/\/radioljubuski.ba\/index.php\/wp-json\/wp\/v2\/posts\/152836\/revisions\/153027"}],"wp:featuredmedia":[{"embeddable":true,"href":"https:\/\/radioljubuski.ba\/index.php\/wp-json\/wp\/v2\/media\/152837"}],"wp:attachment":[{"href":"https:\/\/radioljubuski.ba\/index.php\/wp-json\/wp\/v2\/media?parent=152836"}],"wp:term":[{"taxonomy":"category","embeddable":true,"href":"https:\/\/radioljubuski.ba\/index.php\/wp-json\/wp\/v2\/categories?post=152836"},{"taxonomy":"post_tag","embeddable":true,"href":"https:\/\/radioljubuski.ba\/index.php\/wp-json\/wp\/v2\/tags?post=152836"}],"curies":[{"name":"wp","href":"https:\/\/api.w.org\/{rel}","templated":true}]}}