{"id":152841,"date":"2022-06-24T09:56:32","date_gmt":"2022-06-24T08:56:32","guid":{"rendered":"https:\/\/radioljubuski.ba\/?p=152841"},"modified":"2022-06-24T09:56:34","modified_gmt":"2022-06-24T08:56:34","slug":"cjepiva-protiv-koronavirusa-spasila-20-milijuna-zivota-u-prvoj-godini","status":"publish","type":"post","link":"https:\/\/radioljubuski.ba\/index.php\/2022\/06\/24\/cjepiva-protiv-koronavirusa-spasila-20-milijuna-zivota-u-prvoj-godini\/","title":{"rendered":"Cjepiva protiv koronavirusa spasila 20 milijuna \u017eivota u prvoj godini"},"content":{"rendered":"\n<p>Istra\u017eivanje je otkrilo da je 19,8 milijuna smrti sprije\u010deno od potencijalnih 31,4 milijuna smrti do kojih bi do\u0161lo da nije bilo dostupnih cjepiva.<\/p>\n\n\n\n<p>Cjepiva protiv koronavirusa sprije\u010dila su gotovo 20 milijuna smrti u prvoj godini otkako su uvedena, prema prvom velikom istra\u017eivanju na tu temu objavljenom u petak. <\/p>\n\n\n\n<p>Istra\u017eivanje, objavljeno u \u010dasopisu The Lancet temelji se na podacima iz 185 dr\u017eava i teritorija prikupljenih izme\u0111u 8. prosinca 2020. i 8. prosinca 2021. godine. <\/p>\n\n\n\n<p>Rije\u010d je o prvom poku\u0161aju procjene broja sprije\u010denih smrti izravno ili neizravno cjepivima protiv koronavirusa. Istra\u017eivanje je otkrilo da je 19,8 milijuna smrti sprije\u010deno od potencijalnih 31,4 milijuna smrti do kojih bi do\u0161lo da nije bilo dostupnih cjepiva. Radi se o 63-postotnom smanjenju, obja\u0161njava se u istra\u017eivanju. <\/p>\n\n\n\n<p>Istra\u017eivanje se koristilo slu\u017ebenim brojkama \u2013 ili procjenama kada slu\u017ebeni podaci nisu bili dostupni \u2013 za smrti od covida i za tzv. vi\u0161ak smrtnosti. Vi\u0161ak mortaliteta odnosi se na razliku izme\u0111u ukupnog broja ljudi koji su umrli od svih mogu\u0107ih uzroka i o\u010dekivanog broja smrti, temeljenog na pro\u0161lim podacima.<\/p>\n\n\n\n<p> Ove su analize uspore\u0111ene s hipotetskim alternativnim razvojem doga\u0111aja, u kojemu nije bilo primjene cjepiva. Istra\u017eivanje je objasnilo razlike u razinama procijepljenosti diljem svijeta kao i razlike u u\u010dinkovitosti cjepiva, temeljem vrsti cjepiva koje su primarno kori\u0161tene u pojedinim dr\u017eavama. <\/p>\n\n\n\n<p>Kina nije bila uklju\u010dena u istra\u017eivanje zbog svog velikog broja stanovnika i strogih epidemiolo\u0161kih mjera koje bi iskrivile rezultate, ka\u017ee se u istra\u017eivanju. Studija je otkrila da je najvi\u0161e smrti izbjegnuto u zemljama s visokim i srednjim prihodima \u2013 12,2 milijuna od ukupno 19,8, \u0161to je odraz nejednakosti u pristupu cjepivima u svijetu. <\/p>\n\n\n\n<p>Gotovo 600.000 dodatnih smrti moglo je biti sprije\u010deno da je postignut cilj Svjetske zdravstvene organizacije (WHO) da se cijepi 40 posto stanovni\u0161tva svake dr\u017eave do kraja 2021., zaklju\u010dilo je istra\u017eivanje, javlja Hina. \u201eMilijuni \u017eivota su vjerojatno spa\u0161eni tako da je cjepivo u\u010dinjeno dostupnim ljudima diljem svijeta.<\/p>\n\n\n\n<p> Mogli smo u\u010diniti i vi\u0161e\u201d, rekao je glavni autor studije Oliver Watson sa sveu\u010dili\u0161ta Imperial College London.<\/p>\n\n\n\n<p> Covid je slu\u017ebeno uzrokovao smrt vi\u0161e od 6,3 milijuna ljudi u svijetu, prema podacima WHO-a. No, organizacija je pro\u0161log mjeseca rekla da bi stvarna brojka mogla biti i 15 milijuna kada se u obzir uzmu svi izravni i neizravni uzroci.<\/p>\n\n\n\n<p> Podaci su izuzetno osjetljivi jer predstavljaju odraz toga kako su se pojedine vlasti u svijetu nosile s krizom, nagla\u0161ava agencija AFP. Virus se ponovno \u0161iri u nekim mjestima, uklju\u010duju\u0107i u Europi, gdje se smatra da su za ponovno pojavljivanje virusa u toplom vremenu krive podvarijante omikrona.<\/p>\n\n\n\n<p>Izvor<a href=\"https:\/\/bljesak.info\/sci-tech\/znanost\/cjepiva-protiv-koronavirusa-spasila-20-milijuna-zivota-u-prvoj-godini\/386519\">:Bljesak.info<\/a><\/p>\n","protected":false},"excerpt":{"rendered":"<p>Istra\u017eivanje je otkrilo da je 19,8 milijuna smrti sprije\u010deno od potencijalnih 31,4 milijuna smrti do kojih bi do\u0161lo da nije bilo dostupnih cjepiva. Cjepiva protiv koronavirusa sprije\u010dila su gotovo 20 milijuna smrti u prvoj godini otkako su uvedena, prema prvom velikom istra\u017eivanju na tu temu objavljenom u petak. Istra\u017eivanje, objavljeno u \u010dasopisu The Lancet temelji [&hellip;]<\/p>\n","protected":false},"author":2,"featured_media":152842,"comment_status":"closed","ping_status":"closed","sticky":false,"template":"","format":"standard","meta":{"h5ap_radio_sources":[],"footnotes":""},"categories":[1],"tags":[],"class_list":["post-152841","post","type-post","status-publish","format-standard","has-post-thumbnail","hentry","category-bihiregija"],"yoast_head":"<!-- This site is optimized with the Yoast SEO plugin v27.4 - https:\/\/yoast.com\/product\/yoast-seo-wordpress\/ -->\n<title>Cjepiva protiv koronavirusa spasila 20 milijuna \u017eivota u prvoj godini - RADIO LJUBU\u0160KI<\/title>\n<meta name=\"robots\" content=\"index, follow, max-snippet:-1, max-image-preview:large, max-video-preview:-1\" \/>\n<link rel=\"canonical\" href=\"https:\/\/radioljubuski.ba\/index.php\/2022\/06\/24\/cjepiva-protiv-koronavirusa-spasila-20-milijuna-zivota-u-prvoj-godini\/\" \/>\n<meta property=\"og:locale\" content=\"hr_HR\" \/>\n<meta property=\"og:type\" content=\"article\" \/>\n<meta property=\"og:title\" content=\"Cjepiva protiv koronavirusa spasila 20 milijuna \u017eivota u prvoj godini - RADIO LJUBU\u0160KI\" \/>\n<meta property=\"og:description\" content=\"Istra\u017eivanje je otkrilo da je 19,8 milijuna smrti sprije\u010deno od potencijalnih 31,4 milijuna smrti do kojih bi do\u0161lo da nije bilo dostupnih cjepiva. Cjepiva protiv koronavirusa sprije\u010dila su gotovo 20 milijuna smrti u prvoj godini otkako su uvedena, prema prvom velikom istra\u017eivanju na tu temu objavljenom u petak. Istra\u017eivanje, objavljeno u \u010dasopisu The Lancet temelji [&hellip;]\" \/>\n<meta property=\"og:url\" content=\"https:\/\/radioljubuski.ba\/index.php\/2022\/06\/24\/cjepiva-protiv-koronavirusa-spasila-20-milijuna-zivota-u-prvoj-godini\/\" \/>\n<meta property=\"og:site_name\" content=\"RADIO LJUBU\u0160KI\" \/>\n<meta property=\"article:publisher\" content=\"https:\/\/www.facebook.com\/Radiio-Ljubuski-1490835324566332\" \/>\n<meta property=\"article:published_time\" content=\"2022-06-24T08:56:32+00:00\" \/>\n<meta property=\"article:modified_time\" content=\"2022-06-24T08:56:34+00:00\" \/>\n<meta property=\"og:image\" content=\"https:\/\/radioljubuski.ba\/wp-content\/uploads\/2022\/06\/moderna-cjepivo.gif\" \/>\n\t<meta property=\"og:image:width\" content=\"800\" \/>\n\t<meta property=\"og:image:height\" content=\"550\" \/>\n\t<meta property=\"og:image:type\" content=\"image\/gif\" \/>\n<meta name=\"author\" content=\"Radio Ljubu\u0161ki\" \/>\n<meta name=\"twitter:card\" content=\"summary_large_image\" \/>\n<meta name=\"twitter:creator\" content=\"@radioljubuski\" \/>\n<meta name=\"twitter:site\" content=\"@radioljubuski\" \/>\n<meta name=\"twitter:label1\" content=\"Napisao\/la\" \/>\n\t<meta name=\"twitter:data1\" content=\"Radio Ljubu\u0161ki\" \/>\n\t<meta name=\"twitter:label2\" content=\"Procijenjeno vrijeme \u010ditanja\" \/>\n\t<meta name=\"twitter:data2\" content=\"2 minute\" \/>\n<script type=\"application\/ld+json\" class=\"yoast-schema-graph\">{\"@context\":\"https:\\\/\\\/schema.org\",\"@graph\":[{\"@type\":\"Article\",\"@id\":\"https:\\\/\\\/radioljubuski.ba\\\/index.php\\\/2022\\\/06\\\/24\\\/cjepiva-protiv-koronavirusa-spasila-20-milijuna-zivota-u-prvoj-godini\\\/#article\",\"isPartOf\":{\"@id\":\"https:\\\/\\\/radioljubuski.ba\\\/index.php\\\/2022\\\/06\\\/24\\\/cjepiva-protiv-koronavirusa-spasila-20-milijuna-zivota-u-prvoj-godini\\\/\"},\"author\":{\"name\":\"Radio Ljubu\u0161ki\",\"@id\":\"https:\\\/\\\/radioljubuski.ba\\\/#\\\/schema\\\/person\\\/19fc700381a780f69665d7956c469e3b\"},\"headline\":\"Cjepiva protiv koronavirusa spasila 20 milijuna \u017eivota u prvoj godini\",\"datePublished\":\"2022-06-24T08:56:32+00:00\",\"dateModified\":\"2022-06-24T08:56:34+00:00\",\"mainEntityOfPage\":{\"@id\":\"https:\\\/\\\/radioljubuski.ba\\\/index.php\\\/2022\\\/06\\\/24\\\/cjepiva-protiv-koronavirusa-spasila-20-milijuna-zivota-u-prvoj-godini\\\/\"},\"wordCount\":456,\"publisher\":{\"@id\":\"https:\\\/\\\/radioljubuski.ba\\\/#organization\"},\"image\":{\"@id\":\"https:\\\/\\\/radioljubuski.ba\\\/index.php\\\/2022\\\/06\\\/24\\\/cjepiva-protiv-koronavirusa-spasila-20-milijuna-zivota-u-prvoj-godini\\\/#primaryimage\"},\"thumbnailUrl\":\"https:\\\/\\\/radioljubuski.ba\\\/wp-content\\\/uploads\\\/2022\\\/06\\\/moderna-cjepivo.gif\",\"articleSection\":[\"BIH i regija\"],\"inLanguage\":\"hr\"},{\"@type\":\"WebPage\",\"@id\":\"https:\\\/\\\/radioljubuski.ba\\\/index.php\\\/2022\\\/06\\\/24\\\/cjepiva-protiv-koronavirusa-spasila-20-milijuna-zivota-u-prvoj-godini\\\/\",\"url\":\"https:\\\/\\\/radioljubuski.ba\\\/index.php\\\/2022\\\/06\\\/24\\\/cjepiva-protiv-koronavirusa-spasila-20-milijuna-zivota-u-prvoj-godini\\\/\",\"name\":\"Cjepiva protiv koronavirusa spasila 20 milijuna \u017eivota u prvoj godini - RADIO LJUBU\u0160KI\",\"isPartOf\":{\"@id\":\"https:\\\/\\\/radioljubuski.ba\\\/#website\"},\"primaryImageOfPage\":{\"@id\":\"https:\\\/\\\/radioljubuski.ba\\\/index.php\\\/2022\\\/06\\\/24\\\/cjepiva-protiv-koronavirusa-spasila-20-milijuna-zivota-u-prvoj-godini\\\/#primaryimage\"},\"image\":{\"@id\":\"https:\\\/\\\/radioljubuski.ba\\\/index.php\\\/2022\\\/06\\\/24\\\/cjepiva-protiv-koronavirusa-spasila-20-milijuna-zivota-u-prvoj-godini\\\/#primaryimage\"},\"thumbnailUrl\":\"https:\\\/\\\/radioljubuski.ba\\\/wp-content\\\/uploads\\\/2022\\\/06\\\/moderna-cjepivo.gif\",\"datePublished\":\"2022-06-24T08:56:32+00:00\",\"dateModified\":\"2022-06-24T08:56:34+00:00\",\"breadcrumb\":{\"@id\":\"https:\\\/\\\/radioljubuski.ba\\\/index.php\\\/2022\\\/06\\\/24\\\/cjepiva-protiv-koronavirusa-spasila-20-milijuna-zivota-u-prvoj-godini\\\/#breadcrumb\"},\"inLanguage\":\"hr\",\"potentialAction\":[{\"@type\":\"ReadAction\",\"target\":[\"https:\\\/\\\/radioljubuski.ba\\\/index.php\\\/2022\\\/06\\\/24\\\/cjepiva-protiv-koronavirusa-spasila-20-milijuna-zivota-u-prvoj-godini\\\/\"]}]},{\"@type\":\"ImageObject\",\"inLanguage\":\"hr\",\"@id\":\"https:\\\/\\\/radioljubuski.ba\\\/index.php\\\/2022\\\/06\\\/24\\\/cjepiva-protiv-koronavirusa-spasila-20-milijuna-zivota-u-prvoj-godini\\\/#primaryimage\",\"url\":\"https:\\\/\\\/radioljubuski.ba\\\/wp-content\\\/uploads\\\/2022\\\/06\\\/moderna-cjepivo.gif\",\"contentUrl\":\"https:\\\/\\\/radioljubuski.ba\\\/wp-content\\\/uploads\\\/2022\\\/06\\\/moderna-cjepivo.gif\",\"width\":800,\"height\":550},{\"@type\":\"BreadcrumbList\",\"@id\":\"https:\\\/\\\/radioljubuski.ba\\\/index.php\\\/2022\\\/06\\\/24\\\/cjepiva-protiv-koronavirusa-spasila-20-milijuna-zivota-u-prvoj-godini\\\/#breadcrumb\",\"itemListElement\":[{\"@type\":\"ListItem\",\"position\":1,\"name\":\"Po\u010detna stranica\",\"item\":\"https:\\\/\\\/radioljubuski.ba\\\/\"},{\"@type\":\"ListItem\",\"position\":2,\"name\":\"Cjepiva protiv koronavirusa spasila 20 milijuna \u017eivota u prvoj godini\"}]},{\"@type\":\"WebSite\",\"@id\":\"https:\\\/\\\/radioljubuski.ba\\\/#website\",\"url\":\"https:\\\/\\\/radioljubuski.ba\\\/\",\"name\":\"Radio Ljubu\u0161ki\",\"description\":\"Sun\u010dana frekvencija Hercegovine\",\"publisher\":{\"@id\":\"https:\\\/\\\/radioljubuski.ba\\\/#organization\"},\"potentialAction\":[{\"@type\":\"SearchAction\",\"target\":{\"@type\":\"EntryPoint\",\"urlTemplate\":\"https:\\\/\\\/radioljubuski.ba\\\/?s={search_term_string}\"},\"query-input\":{\"@type\":\"PropertyValueSpecification\",\"valueRequired\":true,\"valueName\":\"search_term_string\"}}],\"inLanguage\":\"hr\"},{\"@type\":\"Organization\",\"@id\":\"https:\\\/\\\/radioljubuski.ba\\\/#organization\",\"name\":\"Radio Ljubu\u0161ki\",\"url\":\"https:\\\/\\\/radioljubuski.ba\\\/\",\"logo\":{\"@type\":\"ImageObject\",\"inLanguage\":\"hr\",\"@id\":\"https:\\\/\\\/radioljubuski.ba\\\/#\\\/schema\\\/logo\\\/image\\\/\",\"url\":\"https:\\\/\\\/radioljubuski.ba\\\/wp-content\\\/uploads\\\/2021\\\/02\\\/cropped-Radio_Ljubuski_logo1.jpg\",\"contentUrl\":\"https:\\\/\\\/radioljubuski.ba\\\/wp-content\\\/uploads\\\/2021\\\/02\\\/cropped-Radio_Ljubuski_logo1.jpg\",\"width\":512,\"height\":512,\"caption\":\"Radio Ljubu\u0161ki\"},\"image\":{\"@id\":\"https:\\\/\\\/radioljubuski.ba\\\/#\\\/schema\\\/logo\\\/image\\\/\"},\"sameAs\":[\"https:\\\/\\\/www.facebook.com\\\/Radiio-Ljubuski-1490835324566332\",\"https:\\\/\\\/x.com\\\/radioljubuski\",\"https:\\\/\\\/hr.linkedin.com\\\/company\\\/radio-ljubuski\",\"https:\\\/\\\/www.youtube.com\\\/channel\\\/UCHYaeO_n0Db3tjNGudGpXyw\"]},{\"@type\":\"Person\",\"@id\":\"https:\\\/\\\/radioljubuski.ba\\\/#\\\/schema\\\/person\\\/19fc700381a780f69665d7956c469e3b\",\"name\":\"Radio Ljubu\u0161ki\"}]}<\/script>\n<!-- \/ Yoast SEO plugin. -->","yoast_head_json":{"title":"Cjepiva protiv koronavirusa spasila 20 milijuna \u017eivota u prvoj godini - RADIO LJUBU\u0160KI","robots":{"index":"index","follow":"follow","max-snippet":"max-snippet:-1","max-image-preview":"max-image-preview:large","max-video-preview":"max-video-preview:-1"},"canonical":"https:\/\/radioljubuski.ba\/index.php\/2022\/06\/24\/cjepiva-protiv-koronavirusa-spasila-20-milijuna-zivota-u-prvoj-godini\/","og_locale":"hr_HR","og_type":"article","og_title":"Cjepiva protiv koronavirusa spasila 20 milijuna \u017eivota u prvoj godini - RADIO LJUBU\u0160KI","og_description":"Istra\u017eivanje je otkrilo da je 19,8 milijuna smrti sprije\u010deno od potencijalnih 31,4 milijuna smrti do kojih bi do\u0161lo da nije bilo dostupnih cjepiva. Cjepiva protiv koronavirusa sprije\u010dila su gotovo 20 milijuna smrti u prvoj godini otkako su uvedena, prema prvom velikom istra\u017eivanju na tu temu objavljenom u petak. Istra\u017eivanje, objavljeno u \u010dasopisu The Lancet temelji [&hellip;]","og_url":"https:\/\/radioljubuski.ba\/index.php\/2022\/06\/24\/cjepiva-protiv-koronavirusa-spasila-20-milijuna-zivota-u-prvoj-godini\/","og_site_name":"RADIO LJUBU\u0160KI","article_publisher":"https:\/\/www.facebook.com\/Radiio-Ljubuski-1490835324566332","article_published_time":"2022-06-24T08:56:32+00:00","article_modified_time":"2022-06-24T08:56:34+00:00","og_image":[{"width":800,"height":550,"url":"https:\/\/radioljubuski.ba\/wp-content\/uploads\/2022\/06\/moderna-cjepivo.gif","type":"image\/gif"}],"author":"Radio Ljubu\u0161ki","twitter_card":"summary_large_image","twitter_creator":"@radioljubuski","twitter_site":"@radioljubuski","twitter_misc":{"Napisao\/la":"Radio Ljubu\u0161ki","Procijenjeno vrijeme \u010ditanja":"2 minute"},"schema":{"@context":"https:\/\/schema.org","@graph":[{"@type":"Article","@id":"https:\/\/radioljubuski.ba\/index.php\/2022\/06\/24\/cjepiva-protiv-koronavirusa-spasila-20-milijuna-zivota-u-prvoj-godini\/#article","isPartOf":{"@id":"https:\/\/radioljubuski.ba\/index.php\/2022\/06\/24\/cjepiva-protiv-koronavirusa-spasila-20-milijuna-zivota-u-prvoj-godini\/"},"author":{"name":"Radio Ljubu\u0161ki","@id":"https:\/\/radioljubuski.ba\/#\/schema\/person\/19fc700381a780f69665d7956c469e3b"},"headline":"Cjepiva protiv koronavirusa spasila 20 milijuna \u017eivota u prvoj godini","datePublished":"2022-06-24T08:56:32+00:00","dateModified":"2022-06-24T08:56:34+00:00","mainEntityOfPage":{"@id":"https:\/\/radioljubuski.ba\/index.php\/2022\/06\/24\/cjepiva-protiv-koronavirusa-spasila-20-milijuna-zivota-u-prvoj-godini\/"},"wordCount":456,"publisher":{"@id":"https:\/\/radioljubuski.ba\/#organization"},"image":{"@id":"https:\/\/radioljubuski.ba\/index.php\/2022\/06\/24\/cjepiva-protiv-koronavirusa-spasila-20-milijuna-zivota-u-prvoj-godini\/#primaryimage"},"thumbnailUrl":"https:\/\/radioljubuski.ba\/wp-content\/uploads\/2022\/06\/moderna-cjepivo.gif","articleSection":["BIH i regija"],"inLanguage":"hr"},{"@type":"WebPage","@id":"https:\/\/radioljubuski.ba\/index.php\/2022\/06\/24\/cjepiva-protiv-koronavirusa-spasila-20-milijuna-zivota-u-prvoj-godini\/","url":"https:\/\/radioljubuski.ba\/index.php\/2022\/06\/24\/cjepiva-protiv-koronavirusa-spasila-20-milijuna-zivota-u-prvoj-godini\/","name":"Cjepiva protiv koronavirusa spasila 20 milijuna \u017eivota u prvoj godini - RADIO LJUBU\u0160KI","isPartOf":{"@id":"https:\/\/radioljubuski.ba\/#website"},"primaryImageOfPage":{"@id":"https:\/\/radioljubuski.ba\/index.php\/2022\/06\/24\/cjepiva-protiv-koronavirusa-spasila-20-milijuna-zivota-u-prvoj-godini\/#primaryimage"},"image":{"@id":"https:\/\/radioljubuski.ba\/index.php\/2022\/06\/24\/cjepiva-protiv-koronavirusa-spasila-20-milijuna-zivota-u-prvoj-godini\/#primaryimage"},"thumbnailUrl":"https:\/\/radioljubuski.ba\/wp-content\/uploads\/2022\/06\/moderna-cjepivo.gif","datePublished":"2022-06-24T08:56:32+00:00","dateModified":"2022-06-24T08:56:34+00:00","breadcrumb":{"@id":"https:\/\/radioljubuski.ba\/index.php\/2022\/06\/24\/cjepiva-protiv-koronavirusa-spasila-20-milijuna-zivota-u-prvoj-godini\/#breadcrumb"},"inLanguage":"hr","potentialAction":[{"@type":"ReadAction","target":["https:\/\/radioljubuski.ba\/index.php\/2022\/06\/24\/cjepiva-protiv-koronavirusa-spasila-20-milijuna-zivota-u-prvoj-godini\/"]}]},{"@type":"ImageObject","inLanguage":"hr","@id":"https:\/\/radioljubuski.ba\/index.php\/2022\/06\/24\/cjepiva-protiv-koronavirusa-spasila-20-milijuna-zivota-u-prvoj-godini\/#primaryimage","url":"https:\/\/radioljubuski.ba\/wp-content\/uploads\/2022\/06\/moderna-cjepivo.gif","contentUrl":"https:\/\/radioljubuski.ba\/wp-content\/uploads\/2022\/06\/moderna-cjepivo.gif","width":800,"height":550},{"@type":"BreadcrumbList","@id":"https:\/\/radioljubuski.ba\/index.php\/2022\/06\/24\/cjepiva-protiv-koronavirusa-spasila-20-milijuna-zivota-u-prvoj-godini\/#breadcrumb","itemListElement":[{"@type":"ListItem","position":1,"name":"Po\u010detna stranica","item":"https:\/\/radioljubuski.ba\/"},{"@type":"ListItem","position":2,"name":"Cjepiva protiv koronavirusa spasila 20 milijuna \u017eivota u prvoj godini"}]},{"@type":"WebSite","@id":"https:\/\/radioljubuski.ba\/#website","url":"https:\/\/radioljubuski.ba\/","name":"Radio Ljubu\u0161ki","description":"Sun\u010dana frekvencija Hercegovine","publisher":{"@id":"https:\/\/radioljubuski.ba\/#organization"},"potentialAction":[{"@type":"SearchAction","target":{"@type":"EntryPoint","urlTemplate":"https:\/\/radioljubuski.ba\/?s={search_term_string}"},"query-input":{"@type":"PropertyValueSpecification","valueRequired":true,"valueName":"search_term_string"}}],"inLanguage":"hr"},{"@type":"Organization","@id":"https:\/\/radioljubuski.ba\/#organization","name":"Radio Ljubu\u0161ki","url":"https:\/\/radioljubuski.ba\/","logo":{"@type":"ImageObject","inLanguage":"hr","@id":"https:\/\/radioljubuski.ba\/#\/schema\/logo\/image\/","url":"https:\/\/radioljubuski.ba\/wp-content\/uploads\/2021\/02\/cropped-Radio_Ljubuski_logo1.jpg","contentUrl":"https:\/\/radioljubuski.ba\/wp-content\/uploads\/2021\/02\/cropped-Radio_Ljubuski_logo1.jpg","width":512,"height":512,"caption":"Radio Ljubu\u0161ki"},"image":{"@id":"https:\/\/radioljubuski.ba\/#\/schema\/logo\/image\/"},"sameAs":["https:\/\/www.facebook.com\/Radiio-Ljubuski-1490835324566332","https:\/\/x.com\/radioljubuski","https:\/\/hr.linkedin.com\/company\/radio-ljubuski","https:\/\/www.youtube.com\/channel\/UCHYaeO_n0Db3tjNGudGpXyw"]},{"@type":"Person","@id":"https:\/\/radioljubuski.ba\/#\/schema\/person\/19fc700381a780f69665d7956c469e3b","name":"Radio Ljubu\u0161ki"}]}},"_links":{"self":[{"href":"https:\/\/radioljubuski.ba\/index.php\/wp-json\/wp\/v2\/posts\/152841","targetHints":{"allow":["GET"]}}],"collection":[{"href":"https:\/\/radioljubuski.ba\/index.php\/wp-json\/wp\/v2\/posts"}],"about":[{"href":"https:\/\/radioljubuski.ba\/index.php\/wp-json\/wp\/v2\/types\/post"}],"author":[{"embeddable":true,"href":"https:\/\/radioljubuski.ba\/index.php\/wp-json\/wp\/v2\/users\/2"}],"replies":[{"embeddable":true,"href":"https:\/\/radioljubuski.ba\/index.php\/wp-json\/wp\/v2\/comments?post=152841"}],"version-history":[{"count":1,"href":"https:\/\/radioljubuski.ba\/index.php\/wp-json\/wp\/v2\/posts\/152841\/revisions"}],"predecessor-version":[{"id":152843,"href":"https:\/\/radioljubuski.ba\/index.php\/wp-json\/wp\/v2\/posts\/152841\/revisions\/152843"}],"wp:featuredmedia":[{"embeddable":true,"href":"https:\/\/radioljubuski.ba\/index.php\/wp-json\/wp\/v2\/media\/152842"}],"wp:attachment":[{"href":"https:\/\/radioljubuski.ba\/index.php\/wp-json\/wp\/v2\/media?parent=152841"}],"wp:term":[{"taxonomy":"category","embeddable":true,"href":"https:\/\/radioljubuski.ba\/index.php\/wp-json\/wp\/v2\/categories?post=152841"},{"taxonomy":"post_tag","embeddable":true,"href":"https:\/\/radioljubuski.ba\/index.php\/wp-json\/wp\/v2\/tags?post=152841"}],"curies":[{"name":"wp","href":"https:\/\/api.w.org\/{rel}","templated":true}]}}