{"id":152847,"date":"2022-06-24T10:23:41","date_gmt":"2022-06-24T09:23:41","guid":{"rendered":"https:\/\/radioljubuski.ba\/?p=152847"},"modified":"2022-06-24T10:23:44","modified_gmt":"2022-06-24T09:23:44","slug":"poraz-bosnjackih-unitarista-u-europskom-parlamentu","status":"publish","type":"post","link":"https:\/\/radioljubuski.ba\/index.php\/2022\/06\/24\/poraz-bosnjackih-unitarista-u-europskom-parlamentu\/","title":{"rendered":"Poraz bo\u0161nja\u010dkih unitarista u Europskom parlamentu"},"content":{"rendered":"\n<p><strong>Europski parlament (EP) je u prijedlogu rezolucije o Bosni i Hercegovini pozvao na provedbu izbornih i ustavnih reformi u ovoj zemlji isti\u010du\u0107i ustavnu ulogu konstitutivnih naroda i Daytonskog sporazuma te je prvi put istaknuta presuda Ustavnoga suda BiH u slu\u010daju \u201cLjubi\u0107\u201d koja je stavljena u istu ravan s presudama Europskog suda za ljudska prava u Strasbourgu.<\/strong><\/p>\n\n\n\n<p>Ovaj prijedlog izradio je izvjestitelj Europskog parlamenta za BiH Paulo Rangel nakon nedavne rasprave pred Vanjskopoliti\u010dkim odborom Europskog parlamenta, \u010dime su te\u0161ki poraz do\u017eivjele unitaristi\u010dke politike iz Sarajeva koje nastoje ostvariti dominaciju u BiH, uspostaviti vlastitu dr\u017eavicu te time naru\u0161iti mir, pi\u0161e <a href=\"https:\/\/www.vecernji.ba\/vijesti\/poraz-bosnjackih-unitarista-u-europskom-parlamentu-1596777\" target=\"_blank\" rel=\"noreferrer noopener\">Ve\u010dernji list BiH.<\/a><\/p>\n\n\n\n<p><strong>Daytonsko naslje\u0111e<\/strong><\/p>\n\n\n\n<p>\u2013 Nagla\u0161ava se po\u0161tivanje naslje\u0111a Daytonskog sporazuma, podsje\u0107aju\u0107i na njegovu svrhu u okon\u010danju rata i o\u010duvanju mira; prima na znanje koncept konstitutivnih naroda, ali nagla\u0161ava da taj koncept ni na koji na\u010din ne bi trebao dovesti do diskriminacije drugih gra\u0111ana ili implicirati bilo kakva dodatna prava za osobe koje se identificiraju s jednom od ovih skupina u odnosu na druge gra\u0111ane BiH\u2026 \u2013 stoji u prijedlogu rezolucije o kojoj \u0107e Europski parlament glasovati za nekoliko tjedana. U tom dokumentu \u017eali se zbog zastoja u pregovorima o reformi ustavnog i Izbornog zakona u BiH, kao i zbog nedostatka politi\u010dke volje da se ona prevlada te zbog neuspjeha njezine provedbe uo\u010di izbora u listopadu 2022. unato\u010d nekoliko poku\u0161aja posredovanja EU i Sjedinjenih Dr\u017eava.<\/p>\n\n\n\n<p>\u2013 Europski parlament poziva sve sudionike da osiguraju odr\u017eavanje izbora u listopadu prema rasporedu te da pregovaraju u dobroj volji i postignu uravnote\u017een sporazum u skladu s europskim standardima, presudama Europskog suda za ljudska prava i preporukama Venecijanske komisije kako bi ispunili ustavnu du\u017enost demokratskog upravljanja \u2013 navodi se.<\/p>\n\n\n\n<p>Dalje se u dokumentu nagla\u0161ava da budu\u0107nost BiH u EU ovisi o odr\u017eivom i trajnom miru, rje\u0161avanju pro\u0161losti i omogu\u0107avanju istinskog pomirenja me\u0111u gra\u0111anima i politi\u010darima na visokoj razini, jam\u010de\u0107i njezin demokratski, uklju\u010div, pluralisti\u010dki i vi\u0161enacionalni karakter.<\/p>\n\n\n\n<p>U prijedlogu rezolucije Europskog parlamenta, koja se nastavlja na izvje\u0161\u0107e Europske komisije, podsje\u0107a se na va\u017enost po\u0161tivanja demokratskog na\u010dela redovitih izbora te se poziva sve politi\u010dke aktere da se suzdr\u017ee od pozivanja na blokadu izbora i dopuste gra\u0111anima izraziti svoj demokratski izbor.<\/p>\n\n\n\n<p>\u2013 Duboko se \u017eali \u0161to BiH i dalje kr\u0161i Europsku konvenciju o ljudskim pravima ne provode\u0107i presude Europskog suda za ljudska prava u predmetima \u201cSejdi\u0107 i Finci\u201d, \u201cZorni\u0107\u201d, \u201cPilav\u201d i \u201c\u0160laku\u201d; \u017eali \u0161to BiH jo\u0161 uvijek nije provela odluku Ustavnog suda BiH u slu\u010daju \u201cLjubi\u0107\u201d. Poziva sve dionike da postignu sporazum o reformi Izbornog zakona u skladu s presudama Europskog suda za ljudska prava i Ustavnoga suda kako bi se osigurala primjereno raznolika politi\u010dka zastupljenost na svim razinama upravljanja \u2013 isti\u010de se u ovome dokumentu.<\/p>\n\n\n\n<p><strong>Veliki zaokret<\/strong><\/p>\n\n\n\n<p>Na ovaj sveobuhvatan na\u010din Europski parlament napravio je va\u017ean zaokret od pro\u0161logodi\u0161nje rezolucije i bo\u0161nja\u010dke lobisti\u010dke akcije te njima bliskih zastupnika koji dolaze iz redova ponajprije Zelenih. Naime, u pro\u0161logodi\u0161njoj rezoluciji \u201ci\u0161\u010deznuli\u201d su konstitutivni narodi, a ove godine dodatno su oja\u010dani argumenti o legitimnom politi\u010dkom predstavljanju jer presuda \u201cLjubi\u0107\u201d zapravo ima takav drugi naziv s obzirom na to da se u \u010dak 12 navrata spominje ova kovanica i poziva na njezinu provedbu. To u su\u0161tini zna\u010di prestanak prakse preglasavanja Hrvata koja ozbiljno ugro\u017eava temelje BiH. Rezolucijom se podupire OHR i njegove odluke, podupire euroatlantska perspektiva BiH, poziva zemlju da slijedi EU oko ruske agresije na Ukrajinu te nastavi provoditi i druge va\u017ene reforme.<\/p>\n\n\n\n<p>\/HMS\/<\/p>\n","protected":false},"excerpt":{"rendered":"<p>Europski parlament (EP) je u prijedlogu rezolucije o Bosni i Hercegovini pozvao na provedbu izbornih i ustavnih reformi u ovoj zemlji isti\u010du\u0107i ustavnu ulogu konstitutivnih naroda i Daytonskog sporazuma te je prvi put istaknuta presuda Ustavnoga suda BiH u slu\u010daju \u201cLjubi\u0107\u201d koja je stavljena u istu ravan s presudama Europskog suda za ljudska prava u [&hellip;]<\/p>\n","protected":false},"author":2,"featured_media":152848,"comment_status":"closed","ping_status":"closed","sticky":false,"template":"","format":"standard","meta":{"h5ap_radio_sources":[],"footnotes":""},"categories":[1],"tags":[],"class_list":["post-152847","post","type-post","status-publish","format-standard","has-post-thumbnail","hentry","category-bihiregija"],"yoast_head":"<!-- This site is optimized with the Yoast SEO plugin v27.4 - https:\/\/yoast.com\/product\/yoast-seo-wordpress\/ -->\n<title>Poraz bo\u0161nja\u010dkih unitarista u Europskom parlamentu - RADIO LJUBU\u0160KI<\/title>\n<meta name=\"robots\" content=\"index, follow, max-snippet:-1, max-image-preview:large, max-video-preview:-1\" \/>\n<link rel=\"canonical\" href=\"https:\/\/radioljubuski.ba\/index.php\/2022\/06\/24\/poraz-bosnjackih-unitarista-u-europskom-parlamentu\/\" \/>\n<meta property=\"og:locale\" content=\"hr_HR\" \/>\n<meta property=\"og:type\" content=\"article\" \/>\n<meta property=\"og:title\" content=\"Poraz bo\u0161nja\u010dkih unitarista u Europskom parlamentu - RADIO LJUBU\u0160KI\" \/>\n<meta property=\"og:description\" content=\"Europski parlament (EP) je u prijedlogu rezolucije o Bosni i Hercegovini pozvao na provedbu izbornih i ustavnih reformi u ovoj zemlji isti\u010du\u0107i ustavnu ulogu konstitutivnih naroda i Daytonskog sporazuma te je prvi put istaknuta presuda Ustavnoga suda BiH u slu\u010daju \u201cLjubi\u0107\u201d koja je stavljena u istu ravan s presudama Europskog suda za ljudska prava u [&hellip;]\" \/>\n<meta property=\"og:url\" content=\"https:\/\/radioljubuski.ba\/index.php\/2022\/06\/24\/poraz-bosnjackih-unitarista-u-europskom-parlamentu\/\" \/>\n<meta property=\"og:site_name\" content=\"RADIO LJUBU\u0160KI\" \/>\n<meta property=\"article:publisher\" content=\"https:\/\/www.facebook.com\/Radiio-Ljubuski-1490835324566332\" \/>\n<meta property=\"article:published_time\" content=\"2022-06-24T09:23:41+00:00\" \/>\n<meta property=\"article:modified_time\" content=\"2022-06-24T09:23:44+00:00\" \/>\n<meta property=\"og:image\" content=\"https:\/\/radioljubuski.ba\/wp-content\/uploads\/2022\/06\/Europski-parlament-tijekom-glasovanja.jpg\" \/>\n\t<meta property=\"og:image:width\" content=\"780\" \/>\n\t<meta property=\"og:image:height\" content=\"462\" \/>\n\t<meta property=\"og:image:type\" content=\"image\/jpeg\" \/>\n<meta name=\"author\" content=\"Radio Ljubu\u0161ki\" \/>\n<meta name=\"twitter:card\" content=\"summary_large_image\" \/>\n<meta name=\"twitter:creator\" content=\"@radioljubuski\" \/>\n<meta name=\"twitter:site\" content=\"@radioljubuski\" \/>\n<meta name=\"twitter:label1\" content=\"Napisao\/la\" \/>\n\t<meta name=\"twitter:data1\" content=\"Radio Ljubu\u0161ki\" \/>\n\t<meta name=\"twitter:label2\" content=\"Procijenjeno vrijeme \u010ditanja\" \/>\n\t<meta name=\"twitter:data2\" content=\"3 minute\" \/>\n<script type=\"application\/ld+json\" class=\"yoast-schema-graph\">{\"@context\":\"https:\\\/\\\/schema.org\",\"@graph\":[{\"@type\":\"Article\",\"@id\":\"https:\\\/\\\/radioljubuski.ba\\\/index.php\\\/2022\\\/06\\\/24\\\/poraz-bosnjackih-unitarista-u-europskom-parlamentu\\\/#article\",\"isPartOf\":{\"@id\":\"https:\\\/\\\/radioljubuski.ba\\\/index.php\\\/2022\\\/06\\\/24\\\/poraz-bosnjackih-unitarista-u-europskom-parlamentu\\\/\"},\"author\":{\"name\":\"Radio Ljubu\u0161ki\",\"@id\":\"https:\\\/\\\/radioljubuski.ba\\\/#\\\/schema\\\/person\\\/19fc700381a780f69665d7956c469e3b\"},\"headline\":\"Poraz bo\u0161nja\u010dkih unitarista u Europskom parlamentu\",\"datePublished\":\"2022-06-24T09:23:41+00:00\",\"dateModified\":\"2022-06-24T09:23:44+00:00\",\"mainEntityOfPage\":{\"@id\":\"https:\\\/\\\/radioljubuski.ba\\\/index.php\\\/2022\\\/06\\\/24\\\/poraz-bosnjackih-unitarista-u-europskom-parlamentu\\\/\"},\"wordCount\":626,\"publisher\":{\"@id\":\"https:\\\/\\\/radioljubuski.ba\\\/#organization\"},\"image\":{\"@id\":\"https:\\\/\\\/radioljubuski.ba\\\/index.php\\\/2022\\\/06\\\/24\\\/poraz-bosnjackih-unitarista-u-europskom-parlamentu\\\/#primaryimage\"},\"thumbnailUrl\":\"https:\\\/\\\/radioljubuski.ba\\\/wp-content\\\/uploads\\\/2022\\\/06\\\/Europski-parlament-tijekom-glasovanja.jpg\",\"articleSection\":[\"BIH i regija\"],\"inLanguage\":\"hr\"},{\"@type\":\"WebPage\",\"@id\":\"https:\\\/\\\/radioljubuski.ba\\\/index.php\\\/2022\\\/06\\\/24\\\/poraz-bosnjackih-unitarista-u-europskom-parlamentu\\\/\",\"url\":\"https:\\\/\\\/radioljubuski.ba\\\/index.php\\\/2022\\\/06\\\/24\\\/poraz-bosnjackih-unitarista-u-europskom-parlamentu\\\/\",\"name\":\"Poraz bo\u0161nja\u010dkih unitarista u Europskom parlamentu - RADIO LJUBU\u0160KI\",\"isPartOf\":{\"@id\":\"https:\\\/\\\/radioljubuski.ba\\\/#website\"},\"primaryImageOfPage\":{\"@id\":\"https:\\\/\\\/radioljubuski.ba\\\/index.php\\\/2022\\\/06\\\/24\\\/poraz-bosnjackih-unitarista-u-europskom-parlamentu\\\/#primaryimage\"},\"image\":{\"@id\":\"https:\\\/\\\/radioljubuski.ba\\\/index.php\\\/2022\\\/06\\\/24\\\/poraz-bosnjackih-unitarista-u-europskom-parlamentu\\\/#primaryimage\"},\"thumbnailUrl\":\"https:\\\/\\\/radioljubuski.ba\\\/wp-content\\\/uploads\\\/2022\\\/06\\\/Europski-parlament-tijekom-glasovanja.jpg\",\"datePublished\":\"2022-06-24T09:23:41+00:00\",\"dateModified\":\"2022-06-24T09:23:44+00:00\",\"breadcrumb\":{\"@id\":\"https:\\\/\\\/radioljubuski.ba\\\/index.php\\\/2022\\\/06\\\/24\\\/poraz-bosnjackih-unitarista-u-europskom-parlamentu\\\/#breadcrumb\"},\"inLanguage\":\"hr\",\"potentialAction\":[{\"@type\":\"ReadAction\",\"target\":[\"https:\\\/\\\/radioljubuski.ba\\\/index.php\\\/2022\\\/06\\\/24\\\/poraz-bosnjackih-unitarista-u-europskom-parlamentu\\\/\"]}]},{\"@type\":\"ImageObject\",\"inLanguage\":\"hr\",\"@id\":\"https:\\\/\\\/radioljubuski.ba\\\/index.php\\\/2022\\\/06\\\/24\\\/poraz-bosnjackih-unitarista-u-europskom-parlamentu\\\/#primaryimage\",\"url\":\"https:\\\/\\\/radioljubuski.ba\\\/wp-content\\\/uploads\\\/2022\\\/06\\\/Europski-parlament-tijekom-glasovanja.jpg\",\"contentUrl\":\"https:\\\/\\\/radioljubuski.ba\\\/wp-content\\\/uploads\\\/2022\\\/06\\\/Europski-parlament-tijekom-glasovanja.jpg\",\"width\":780,\"height\":462},{\"@type\":\"BreadcrumbList\",\"@id\":\"https:\\\/\\\/radioljubuski.ba\\\/index.php\\\/2022\\\/06\\\/24\\\/poraz-bosnjackih-unitarista-u-europskom-parlamentu\\\/#breadcrumb\",\"itemListElement\":[{\"@type\":\"ListItem\",\"position\":1,\"name\":\"Po\u010detna stranica\",\"item\":\"https:\\\/\\\/radioljubuski.ba\\\/\"},{\"@type\":\"ListItem\",\"position\":2,\"name\":\"Poraz bo\u0161nja\u010dkih unitarista u Europskom parlamentu\"}]},{\"@type\":\"WebSite\",\"@id\":\"https:\\\/\\\/radioljubuski.ba\\\/#website\",\"url\":\"https:\\\/\\\/radioljubuski.ba\\\/\",\"name\":\"Radio Ljubu\u0161ki\",\"description\":\"Sun\u010dana frekvencija Hercegovine\",\"publisher\":{\"@id\":\"https:\\\/\\\/radioljubuski.ba\\\/#organization\"},\"potentialAction\":[{\"@type\":\"SearchAction\",\"target\":{\"@type\":\"EntryPoint\",\"urlTemplate\":\"https:\\\/\\\/radioljubuski.ba\\\/?s={search_term_string}\"},\"query-input\":{\"@type\":\"PropertyValueSpecification\",\"valueRequired\":true,\"valueName\":\"search_term_string\"}}],\"inLanguage\":\"hr\"},{\"@type\":\"Organization\",\"@id\":\"https:\\\/\\\/radioljubuski.ba\\\/#organization\",\"name\":\"Radio Ljubu\u0161ki\",\"url\":\"https:\\\/\\\/radioljubuski.ba\\\/\",\"logo\":{\"@type\":\"ImageObject\",\"inLanguage\":\"hr\",\"@id\":\"https:\\\/\\\/radioljubuski.ba\\\/#\\\/schema\\\/logo\\\/image\\\/\",\"url\":\"https:\\\/\\\/radioljubuski.ba\\\/wp-content\\\/uploads\\\/2021\\\/02\\\/cropped-Radio_Ljubuski_logo1.jpg\",\"contentUrl\":\"https:\\\/\\\/radioljubuski.ba\\\/wp-content\\\/uploads\\\/2021\\\/02\\\/cropped-Radio_Ljubuski_logo1.jpg\",\"width\":512,\"height\":512,\"caption\":\"Radio Ljubu\u0161ki\"},\"image\":{\"@id\":\"https:\\\/\\\/radioljubuski.ba\\\/#\\\/schema\\\/logo\\\/image\\\/\"},\"sameAs\":[\"https:\\\/\\\/www.facebook.com\\\/Radiio-Ljubuski-1490835324566332\",\"https:\\\/\\\/x.com\\\/radioljubuski\",\"https:\\\/\\\/hr.linkedin.com\\\/company\\\/radio-ljubuski\",\"https:\\\/\\\/www.youtube.com\\\/channel\\\/UCHYaeO_n0Db3tjNGudGpXyw\"]},{\"@type\":\"Person\",\"@id\":\"https:\\\/\\\/radioljubuski.ba\\\/#\\\/schema\\\/person\\\/19fc700381a780f69665d7956c469e3b\",\"name\":\"Radio Ljubu\u0161ki\"}]}<\/script>\n<!-- \/ Yoast SEO plugin. -->","yoast_head_json":{"title":"Poraz bo\u0161nja\u010dkih unitarista u Europskom parlamentu - RADIO LJUBU\u0160KI","robots":{"index":"index","follow":"follow","max-snippet":"max-snippet:-1","max-image-preview":"max-image-preview:large","max-video-preview":"max-video-preview:-1"},"canonical":"https:\/\/radioljubuski.ba\/index.php\/2022\/06\/24\/poraz-bosnjackih-unitarista-u-europskom-parlamentu\/","og_locale":"hr_HR","og_type":"article","og_title":"Poraz bo\u0161nja\u010dkih unitarista u Europskom parlamentu - RADIO LJUBU\u0160KI","og_description":"Europski parlament (EP) je u prijedlogu rezolucije o Bosni i Hercegovini pozvao na provedbu izbornih i ustavnih reformi u ovoj zemlji isti\u010du\u0107i ustavnu ulogu konstitutivnih naroda i Daytonskog sporazuma te je prvi put istaknuta presuda Ustavnoga suda BiH u slu\u010daju \u201cLjubi\u0107\u201d koja je stavljena u istu ravan s presudama Europskog suda za ljudska prava u [&hellip;]","og_url":"https:\/\/radioljubuski.ba\/index.php\/2022\/06\/24\/poraz-bosnjackih-unitarista-u-europskom-parlamentu\/","og_site_name":"RADIO LJUBU\u0160KI","article_publisher":"https:\/\/www.facebook.com\/Radiio-Ljubuski-1490835324566332","article_published_time":"2022-06-24T09:23:41+00:00","article_modified_time":"2022-06-24T09:23:44+00:00","og_image":[{"width":780,"height":462,"url":"https:\/\/radioljubuski.ba\/wp-content\/uploads\/2022\/06\/Europski-parlament-tijekom-glasovanja.jpg","type":"image\/jpeg"}],"author":"Radio Ljubu\u0161ki","twitter_card":"summary_large_image","twitter_creator":"@radioljubuski","twitter_site":"@radioljubuski","twitter_misc":{"Napisao\/la":"Radio Ljubu\u0161ki","Procijenjeno vrijeme \u010ditanja":"3 minute"},"schema":{"@context":"https:\/\/schema.org","@graph":[{"@type":"Article","@id":"https:\/\/radioljubuski.ba\/index.php\/2022\/06\/24\/poraz-bosnjackih-unitarista-u-europskom-parlamentu\/#article","isPartOf":{"@id":"https:\/\/radioljubuski.ba\/index.php\/2022\/06\/24\/poraz-bosnjackih-unitarista-u-europskom-parlamentu\/"},"author":{"name":"Radio Ljubu\u0161ki","@id":"https:\/\/radioljubuski.ba\/#\/schema\/person\/19fc700381a780f69665d7956c469e3b"},"headline":"Poraz bo\u0161nja\u010dkih unitarista u Europskom parlamentu","datePublished":"2022-06-24T09:23:41+00:00","dateModified":"2022-06-24T09:23:44+00:00","mainEntityOfPage":{"@id":"https:\/\/radioljubuski.ba\/index.php\/2022\/06\/24\/poraz-bosnjackih-unitarista-u-europskom-parlamentu\/"},"wordCount":626,"publisher":{"@id":"https:\/\/radioljubuski.ba\/#organization"},"image":{"@id":"https:\/\/radioljubuski.ba\/index.php\/2022\/06\/24\/poraz-bosnjackih-unitarista-u-europskom-parlamentu\/#primaryimage"},"thumbnailUrl":"https:\/\/radioljubuski.ba\/wp-content\/uploads\/2022\/06\/Europski-parlament-tijekom-glasovanja.jpg","articleSection":["BIH i regija"],"inLanguage":"hr"},{"@type":"WebPage","@id":"https:\/\/radioljubuski.ba\/index.php\/2022\/06\/24\/poraz-bosnjackih-unitarista-u-europskom-parlamentu\/","url":"https:\/\/radioljubuski.ba\/index.php\/2022\/06\/24\/poraz-bosnjackih-unitarista-u-europskom-parlamentu\/","name":"Poraz bo\u0161nja\u010dkih unitarista u Europskom parlamentu - RADIO LJUBU\u0160KI","isPartOf":{"@id":"https:\/\/radioljubuski.ba\/#website"},"primaryImageOfPage":{"@id":"https:\/\/radioljubuski.ba\/index.php\/2022\/06\/24\/poraz-bosnjackih-unitarista-u-europskom-parlamentu\/#primaryimage"},"image":{"@id":"https:\/\/radioljubuski.ba\/index.php\/2022\/06\/24\/poraz-bosnjackih-unitarista-u-europskom-parlamentu\/#primaryimage"},"thumbnailUrl":"https:\/\/radioljubuski.ba\/wp-content\/uploads\/2022\/06\/Europski-parlament-tijekom-glasovanja.jpg","datePublished":"2022-06-24T09:23:41+00:00","dateModified":"2022-06-24T09:23:44+00:00","breadcrumb":{"@id":"https:\/\/radioljubuski.ba\/index.php\/2022\/06\/24\/poraz-bosnjackih-unitarista-u-europskom-parlamentu\/#breadcrumb"},"inLanguage":"hr","potentialAction":[{"@type":"ReadAction","target":["https:\/\/radioljubuski.ba\/index.php\/2022\/06\/24\/poraz-bosnjackih-unitarista-u-europskom-parlamentu\/"]}]},{"@type":"ImageObject","inLanguage":"hr","@id":"https:\/\/radioljubuski.ba\/index.php\/2022\/06\/24\/poraz-bosnjackih-unitarista-u-europskom-parlamentu\/#primaryimage","url":"https:\/\/radioljubuski.ba\/wp-content\/uploads\/2022\/06\/Europski-parlament-tijekom-glasovanja.jpg","contentUrl":"https:\/\/radioljubuski.ba\/wp-content\/uploads\/2022\/06\/Europski-parlament-tijekom-glasovanja.jpg","width":780,"height":462},{"@type":"BreadcrumbList","@id":"https:\/\/radioljubuski.ba\/index.php\/2022\/06\/24\/poraz-bosnjackih-unitarista-u-europskom-parlamentu\/#breadcrumb","itemListElement":[{"@type":"ListItem","position":1,"name":"Po\u010detna stranica","item":"https:\/\/radioljubuski.ba\/"},{"@type":"ListItem","position":2,"name":"Poraz bo\u0161nja\u010dkih unitarista u Europskom parlamentu"}]},{"@type":"WebSite","@id":"https:\/\/radioljubuski.ba\/#website","url":"https:\/\/radioljubuski.ba\/","name":"Radio Ljubu\u0161ki","description":"Sun\u010dana frekvencija Hercegovine","publisher":{"@id":"https:\/\/radioljubuski.ba\/#organization"},"potentialAction":[{"@type":"SearchAction","target":{"@type":"EntryPoint","urlTemplate":"https:\/\/radioljubuski.ba\/?s={search_term_string}"},"query-input":{"@type":"PropertyValueSpecification","valueRequired":true,"valueName":"search_term_string"}}],"inLanguage":"hr"},{"@type":"Organization","@id":"https:\/\/radioljubuski.ba\/#organization","name":"Radio Ljubu\u0161ki","url":"https:\/\/radioljubuski.ba\/","logo":{"@type":"ImageObject","inLanguage":"hr","@id":"https:\/\/radioljubuski.ba\/#\/schema\/logo\/image\/","url":"https:\/\/radioljubuski.ba\/wp-content\/uploads\/2021\/02\/cropped-Radio_Ljubuski_logo1.jpg","contentUrl":"https:\/\/radioljubuski.ba\/wp-content\/uploads\/2021\/02\/cropped-Radio_Ljubuski_logo1.jpg","width":512,"height":512,"caption":"Radio Ljubu\u0161ki"},"image":{"@id":"https:\/\/radioljubuski.ba\/#\/schema\/logo\/image\/"},"sameAs":["https:\/\/www.facebook.com\/Radiio-Ljubuski-1490835324566332","https:\/\/x.com\/radioljubuski","https:\/\/hr.linkedin.com\/company\/radio-ljubuski","https:\/\/www.youtube.com\/channel\/UCHYaeO_n0Db3tjNGudGpXyw"]},{"@type":"Person","@id":"https:\/\/radioljubuski.ba\/#\/schema\/person\/19fc700381a780f69665d7956c469e3b","name":"Radio Ljubu\u0161ki"}]}},"_links":{"self":[{"href":"https:\/\/radioljubuski.ba\/index.php\/wp-json\/wp\/v2\/posts\/152847","targetHints":{"allow":["GET"]}}],"collection":[{"href":"https:\/\/radioljubuski.ba\/index.php\/wp-json\/wp\/v2\/posts"}],"about":[{"href":"https:\/\/radioljubuski.ba\/index.php\/wp-json\/wp\/v2\/types\/post"}],"author":[{"embeddable":true,"href":"https:\/\/radioljubuski.ba\/index.php\/wp-json\/wp\/v2\/users\/2"}],"replies":[{"embeddable":true,"href":"https:\/\/radioljubuski.ba\/index.php\/wp-json\/wp\/v2\/comments?post=152847"}],"version-history":[{"count":1,"href":"https:\/\/radioljubuski.ba\/index.php\/wp-json\/wp\/v2\/posts\/152847\/revisions"}],"predecessor-version":[{"id":152849,"href":"https:\/\/radioljubuski.ba\/index.php\/wp-json\/wp\/v2\/posts\/152847\/revisions\/152849"}],"wp:featuredmedia":[{"embeddable":true,"href":"https:\/\/radioljubuski.ba\/index.php\/wp-json\/wp\/v2\/media\/152848"}],"wp:attachment":[{"href":"https:\/\/radioljubuski.ba\/index.php\/wp-json\/wp\/v2\/media?parent=152847"}],"wp:term":[{"taxonomy":"category","embeddable":true,"href":"https:\/\/radioljubuski.ba\/index.php\/wp-json\/wp\/v2\/categories?post=152847"},{"taxonomy":"post_tag","embeddable":true,"href":"https:\/\/radioljubuski.ba\/index.php\/wp-json\/wp\/v2\/tags?post=152847"}],"curies":[{"name":"wp","href":"https:\/\/api.w.org\/{rel}","templated":true}]}}