{"id":152850,"date":"2022-06-24T10:25:34","date_gmt":"2022-06-24T09:25:34","guid":{"rendered":"https:\/\/radioljubuski.ba\/?p=152850"},"modified":"2022-06-24T10:25:35","modified_gmt":"2022-06-24T09:25:35","slug":"plenkovic-vidim-da-su-sad-aktivni-slovenija-i-austrija-ali-cjelu-pricu-oko-bih-vodi-hrvatska","status":"publish","type":"post","link":"https:\/\/radioljubuski.ba\/index.php\/2022\/06\/24\/plenkovic-vidim-da-su-sad-aktivni-slovenija-i-austrija-ali-cjelu-pricu-oko-bih-vodi-hrvatska\/","title":{"rendered":"Plenkovi\u0107: Vidim da su sad aktivni Slovenija i Austrija, ali cjelu pri\u010du oko BiH vodi Hrvatska"},"content":{"rendered":"\n<p><strong>Premijer Hrvatske Andrej Plenkovi\u0107 dao je izjavu u Bruxellesu nakon sastanka na vrhu dr\u017eava \u010dlanica EU i zapadnog Balkana. Sastanak je zavr\u0161io bez zajedni\u010dke izjave i konferencije za novinare. Premijer Plenkovi\u0107 je istaknuo da je ponovio kako je stav Hrvatske jasan. Podr\u017eavamo otvaranje pregovora s Albanijom i sa Sjevernom Makedonijom i \u0161to se nas ti\u010de, odmah. Podr\u017eavamo, naravno, vi\u0161e i ranije od svih drugih status kandidata za BiH za \u010dlanstvo u Europskoj uniji, to smo rekli nebrojeno puta, kazao je.<\/strong><\/p>\n\n\n\n<p>\u2013 Budu\u0107i da je to nama najzanimljivija tema, va\u017eno je da imamo svi na umu da je Hrvatska, odnosno ja osobno, pokrenula ovu temu jo\u0161 u o\u017eujku. Tada smo imali zaklju\u010dke Europskog vije\u0107a, koji ne samo da su \u017eeljeli gurnuti dalje put Bosne i Hercegovine prema Europskoj uniji, nego su pozvali i na anga\u017eman najvi\u0161e du\u017enosnike EU da se bave pitanjem BiH, da smanje tenzije, da se bave pitanjem ustavne i izborne reforme. To je predsjednik Europskog vije\u0107a Charlec Michel u\u010dinio i posjetom regiji, Sarajevu, kazao je me\u0111u ostalim premijer Plenkovi\u0107.<\/p>\n\n\n\n<p>Ponovio je da je Hrvatska u toj temi vi\u0161e i ranije od bilo koje druge zemlje.<\/p>\n\n\n\n<p>-Vidim sad u zadnjih pet dana da su jako aktivni na\u0161i prijatelji iz Slovenije i Austrije, \u0161to je naravno jako dobro i simpati\u010dno, ali u biti cijelu tu tezu o statusu BiH svo ovo vrijeme vodi Hrvatska. Vidim da je Milanovi\u0107 ujutro imao neku pressicu koja jo\u0161 jednom potvr\u0111uje da je \u010dovjek kompletno neupu\u0107en u ono \u0161to se zbiva, izoliran, i onda govori stvari koje nemaju veze sa supstancom niti s onim \u0161to mi ovdje cijelo vrijeme radimo. Naravno, borimo se puno vi\u0161e od njega, konkretnije, konstruktivnije, inteligentnije za ravnopravnost Hrvata u BiH, \u0161to \u0107emo \u010diniti i dalje, kazao je Plenkovi\u0107.<\/p>\n\n\n\n<p>Velika je politi\u010dka i tektonska odluka da Ukrajina, Gruzija i Moldova prije\u0111u iz politike susjedstva prakti\u010dki u politiku pro\u0161irenja, kazao je.<\/p>\n\n\n\n<p>I Hrvatska \u0107e biti tema na Europskom vije\u0107u, kojom se potvr\u0111uje budu\u0107e \u010dlanstvo Hrvatkse u euro podru\u010dju.<\/p>\n\n\n\n<p>-Nakon ovoga slijede samo jo\u0161 preostale formalne odluke i mislim da je kona\u010dna odluka 12. srpnja na ministarskoj razini, a formalna \u010dlanica bit \u0107emo od 1. sije\u010dnja 2023. Idu\u0107eg tjedna francusko predsjedni\u0161tvo ide i s odlukom o \u010dlanstvu Hrvatske u Schengenu. O\u010dekujemo da u istom trenutku postanemo i \u010dlanica euro podru\u010dja i schengenskog prostora, izjavio je premijer Plenkovi\u0107.<\/p>\n\n\n\n<p>\u2013 To je va\u017eno za sve one koji danas kao Milanovi\u0107, kako sam malo \u010ditao, ljudima govore la\u017ei da smo mi bili spremni 2015. godine. Te godine je Hrvatska imala 281 neispunjen kriterij za \u010dlanstvo u Schengen i nije znala kako iskoristi 80 milijuna eura za ja\u010danje schengenske granice. Mi smo sve to s jednom vrlo kvalitetnom ozbiljnom strategijom, pristupom, radom ispunili i zaradli da do\u0111emo u novu fazu. Nisu to stvari koje se dobivaju kao neko sljedovanje nego se zara\u0111uju radom i reformama i ozbiljnim putem i kredibilitetom unutar EU-a. To je vrlo va\u017eno. Kad je netko izoliran i ne prati igru onda bolje da ne izlazi na press pa ljudima govori stvari koje ne stoje, izjavio je Plenkovi\u0107.<\/p>\n\n\n\n<p>\/HMS\/<\/p>\n","protected":false},"excerpt":{"rendered":"<p>Premijer Hrvatske Andrej Plenkovi\u0107 dao je izjavu u Bruxellesu nakon sastanka na vrhu dr\u017eava \u010dlanica EU i zapadnog Balkana. Sastanak je zavr\u0161io bez zajedni\u010dke izjave i konferencije za novinare. Premijer Plenkovi\u0107 je istaknuo da je ponovio kako je stav Hrvatske jasan. Podr\u017eavamo otvaranje pregovora s Albanijom i sa Sjevernom Makedonijom i \u0161to se nas ti\u010de, [&hellip;]<\/p>\n","protected":false},"author":2,"featured_media":142905,"comment_status":"closed","ping_status":"closed","sticky":false,"template":"","format":"standard","meta":{"h5ap_radio_sources":[],"footnotes":""},"categories":[1],"tags":[],"class_list":["post-152850","post","type-post","status-publish","format-standard","has-post-thumbnail","hentry","category-bihiregija"],"yoast_head":"<!-- This site is optimized with the Yoast SEO plugin v27.4 - https:\/\/yoast.com\/product\/yoast-seo-wordpress\/ -->\n<title>Plenkovi\u0107: Vidim da su sad aktivni Slovenija i Austrija, ali cjelu pri\u010du oko BiH vodi Hrvatska - RADIO LJUBU\u0160KI<\/title>\n<meta name=\"robots\" content=\"index, follow, max-snippet:-1, max-image-preview:large, max-video-preview:-1\" \/>\n<link rel=\"canonical\" href=\"https:\/\/radioljubuski.ba\/index.php\/2022\/06\/24\/plenkovic-vidim-da-su-sad-aktivni-slovenija-i-austrija-ali-cjelu-pricu-oko-bih-vodi-hrvatska\/\" \/>\n<meta property=\"og:locale\" content=\"hr_HR\" \/>\n<meta property=\"og:type\" content=\"article\" \/>\n<meta property=\"og:title\" content=\"Plenkovi\u0107: Vidim da su sad aktivni Slovenija i Austrija, ali cjelu pri\u010du oko BiH vodi Hrvatska - RADIO LJUBU\u0160KI\" \/>\n<meta property=\"og:description\" content=\"Premijer Hrvatske Andrej Plenkovi\u0107 dao je izjavu u Bruxellesu nakon sastanka na vrhu dr\u017eava \u010dlanica EU i zapadnog Balkana. Sastanak je zavr\u0161io bez zajedni\u010dke izjave i konferencije za novinare. Premijer Plenkovi\u0107 je istaknuo da je ponovio kako je stav Hrvatske jasan. Podr\u017eavamo otvaranje pregovora s Albanijom i sa Sjevernom Makedonijom i \u0161to se nas ti\u010de, [&hellip;]\" \/>\n<meta property=\"og:url\" content=\"https:\/\/radioljubuski.ba\/index.php\/2022\/06\/24\/plenkovic-vidim-da-su-sad-aktivni-slovenija-i-austrija-ali-cjelu-pricu-oko-bih-vodi-hrvatska\/\" \/>\n<meta property=\"og:site_name\" content=\"RADIO LJUBU\u0160KI\" \/>\n<meta property=\"article:publisher\" content=\"https:\/\/www.facebook.com\/Radiio-Ljubuski-1490835324566332\" \/>\n<meta property=\"article:published_time\" content=\"2022-06-24T09:25:34+00:00\" \/>\n<meta property=\"article:modified_time\" content=\"2022-06-24T09:25:35+00:00\" \/>\n<meta property=\"og:image\" content=\"https:\/\/radioljubuski.ba\/wp-content\/uploads\/2022\/05\/plenkovic-a.jpg\" \/>\n\t<meta property=\"og:image:width\" content=\"765\" \/>\n\t<meta property=\"og:image:height\" content=\"406\" \/>\n\t<meta property=\"og:image:type\" content=\"image\/jpeg\" \/>\n<meta name=\"author\" content=\"Radio Ljubu\u0161ki\" \/>\n<meta name=\"twitter:card\" content=\"summary_large_image\" \/>\n<meta name=\"twitter:creator\" content=\"@radioljubuski\" \/>\n<meta name=\"twitter:site\" content=\"@radioljubuski\" \/>\n<meta name=\"twitter:label1\" content=\"Napisao\/la\" \/>\n\t<meta name=\"twitter:data1\" content=\"Radio Ljubu\u0161ki\" \/>\n\t<meta name=\"twitter:label2\" content=\"Procijenjeno vrijeme \u010ditanja\" \/>\n\t<meta name=\"twitter:data2\" content=\"3 minute\" \/>\n<script type=\"application\/ld+json\" class=\"yoast-schema-graph\">{\"@context\":\"https:\\\/\\\/schema.org\",\"@graph\":[{\"@type\":\"Article\",\"@id\":\"https:\\\/\\\/radioljubuski.ba\\\/index.php\\\/2022\\\/06\\\/24\\\/plenkovic-vidim-da-su-sad-aktivni-slovenija-i-austrija-ali-cjelu-pricu-oko-bih-vodi-hrvatska\\\/#article\",\"isPartOf\":{\"@id\":\"https:\\\/\\\/radioljubuski.ba\\\/index.php\\\/2022\\\/06\\\/24\\\/plenkovic-vidim-da-su-sad-aktivni-slovenija-i-austrija-ali-cjelu-pricu-oko-bih-vodi-hrvatska\\\/\"},\"author\":{\"name\":\"Radio Ljubu\u0161ki\",\"@id\":\"https:\\\/\\\/radioljubuski.ba\\\/#\\\/schema\\\/person\\\/19fc700381a780f69665d7956c469e3b\"},\"headline\":\"Plenkovi\u0107: Vidim da su sad aktivni Slovenija i Austrija, ali cjelu pri\u010du oko BiH vodi Hrvatska\",\"datePublished\":\"2022-06-24T09:25:34+00:00\",\"dateModified\":\"2022-06-24T09:25:35+00:00\",\"mainEntityOfPage\":{\"@id\":\"https:\\\/\\\/radioljubuski.ba\\\/index.php\\\/2022\\\/06\\\/24\\\/plenkovic-vidim-da-su-sad-aktivni-slovenija-i-austrija-ali-cjelu-pricu-oko-bih-vodi-hrvatska\\\/\"},\"wordCount\":558,\"publisher\":{\"@id\":\"https:\\\/\\\/radioljubuski.ba\\\/#organization\"},\"image\":{\"@id\":\"https:\\\/\\\/radioljubuski.ba\\\/index.php\\\/2022\\\/06\\\/24\\\/plenkovic-vidim-da-su-sad-aktivni-slovenija-i-austrija-ali-cjelu-pricu-oko-bih-vodi-hrvatska\\\/#primaryimage\"},\"thumbnailUrl\":\"https:\\\/\\\/radioljubuski.ba\\\/wp-content\\\/uploads\\\/2022\\\/05\\\/plenkovic-a.jpg\",\"articleSection\":[\"BIH i regija\"],\"inLanguage\":\"hr\"},{\"@type\":\"WebPage\",\"@id\":\"https:\\\/\\\/radioljubuski.ba\\\/index.php\\\/2022\\\/06\\\/24\\\/plenkovic-vidim-da-su-sad-aktivni-slovenija-i-austrija-ali-cjelu-pricu-oko-bih-vodi-hrvatska\\\/\",\"url\":\"https:\\\/\\\/radioljubuski.ba\\\/index.php\\\/2022\\\/06\\\/24\\\/plenkovic-vidim-da-su-sad-aktivni-slovenija-i-austrija-ali-cjelu-pricu-oko-bih-vodi-hrvatska\\\/\",\"name\":\"Plenkovi\u0107: Vidim da su sad aktivni Slovenija i Austrija, ali cjelu pri\u010du oko BiH vodi Hrvatska - RADIO LJUBU\u0160KI\",\"isPartOf\":{\"@id\":\"https:\\\/\\\/radioljubuski.ba\\\/#website\"},\"primaryImageOfPage\":{\"@id\":\"https:\\\/\\\/radioljubuski.ba\\\/index.php\\\/2022\\\/06\\\/24\\\/plenkovic-vidim-da-su-sad-aktivni-slovenija-i-austrija-ali-cjelu-pricu-oko-bih-vodi-hrvatska\\\/#primaryimage\"},\"image\":{\"@id\":\"https:\\\/\\\/radioljubuski.ba\\\/index.php\\\/2022\\\/06\\\/24\\\/plenkovic-vidim-da-su-sad-aktivni-slovenija-i-austrija-ali-cjelu-pricu-oko-bih-vodi-hrvatska\\\/#primaryimage\"},\"thumbnailUrl\":\"https:\\\/\\\/radioljubuski.ba\\\/wp-content\\\/uploads\\\/2022\\\/05\\\/plenkovic-a.jpg\",\"datePublished\":\"2022-06-24T09:25:34+00:00\",\"dateModified\":\"2022-06-24T09:25:35+00:00\",\"breadcrumb\":{\"@id\":\"https:\\\/\\\/radioljubuski.ba\\\/index.php\\\/2022\\\/06\\\/24\\\/plenkovic-vidim-da-su-sad-aktivni-slovenija-i-austrija-ali-cjelu-pricu-oko-bih-vodi-hrvatska\\\/#breadcrumb\"},\"inLanguage\":\"hr\",\"potentialAction\":[{\"@type\":\"ReadAction\",\"target\":[\"https:\\\/\\\/radioljubuski.ba\\\/index.php\\\/2022\\\/06\\\/24\\\/plenkovic-vidim-da-su-sad-aktivni-slovenija-i-austrija-ali-cjelu-pricu-oko-bih-vodi-hrvatska\\\/\"]}]},{\"@type\":\"ImageObject\",\"inLanguage\":\"hr\",\"@id\":\"https:\\\/\\\/radioljubuski.ba\\\/index.php\\\/2022\\\/06\\\/24\\\/plenkovic-vidim-da-su-sad-aktivni-slovenija-i-austrija-ali-cjelu-pricu-oko-bih-vodi-hrvatska\\\/#primaryimage\",\"url\":\"https:\\\/\\\/radioljubuski.ba\\\/wp-content\\\/uploads\\\/2022\\\/05\\\/plenkovic-a.jpg\",\"contentUrl\":\"https:\\\/\\\/radioljubuski.ba\\\/wp-content\\\/uploads\\\/2022\\\/05\\\/plenkovic-a.jpg\",\"width\":765,\"height\":406},{\"@type\":\"BreadcrumbList\",\"@id\":\"https:\\\/\\\/radioljubuski.ba\\\/index.php\\\/2022\\\/06\\\/24\\\/plenkovic-vidim-da-su-sad-aktivni-slovenija-i-austrija-ali-cjelu-pricu-oko-bih-vodi-hrvatska\\\/#breadcrumb\",\"itemListElement\":[{\"@type\":\"ListItem\",\"position\":1,\"name\":\"Po\u010detna stranica\",\"item\":\"https:\\\/\\\/radioljubuski.ba\\\/\"},{\"@type\":\"ListItem\",\"position\":2,\"name\":\"Plenkovi\u0107: Vidim da su sad aktivni Slovenija i Austrija, ali cjelu pri\u010du oko BiH vodi Hrvatska\"}]},{\"@type\":\"WebSite\",\"@id\":\"https:\\\/\\\/radioljubuski.ba\\\/#website\",\"url\":\"https:\\\/\\\/radioljubuski.ba\\\/\",\"name\":\"Radio Ljubu\u0161ki\",\"description\":\"Sun\u010dana frekvencija Hercegovine\",\"publisher\":{\"@id\":\"https:\\\/\\\/radioljubuski.ba\\\/#organization\"},\"potentialAction\":[{\"@type\":\"SearchAction\",\"target\":{\"@type\":\"EntryPoint\",\"urlTemplate\":\"https:\\\/\\\/radioljubuski.ba\\\/?s={search_term_string}\"},\"query-input\":{\"@type\":\"PropertyValueSpecification\",\"valueRequired\":true,\"valueName\":\"search_term_string\"}}],\"inLanguage\":\"hr\"},{\"@type\":\"Organization\",\"@id\":\"https:\\\/\\\/radioljubuski.ba\\\/#organization\",\"name\":\"Radio Ljubu\u0161ki\",\"url\":\"https:\\\/\\\/radioljubuski.ba\\\/\",\"logo\":{\"@type\":\"ImageObject\",\"inLanguage\":\"hr\",\"@id\":\"https:\\\/\\\/radioljubuski.ba\\\/#\\\/schema\\\/logo\\\/image\\\/\",\"url\":\"https:\\\/\\\/radioljubuski.ba\\\/wp-content\\\/uploads\\\/2021\\\/02\\\/cropped-Radio_Ljubuski_logo1.jpg\",\"contentUrl\":\"https:\\\/\\\/radioljubuski.ba\\\/wp-content\\\/uploads\\\/2021\\\/02\\\/cropped-Radio_Ljubuski_logo1.jpg\",\"width\":512,\"height\":512,\"caption\":\"Radio Ljubu\u0161ki\"},\"image\":{\"@id\":\"https:\\\/\\\/radioljubuski.ba\\\/#\\\/schema\\\/logo\\\/image\\\/\"},\"sameAs\":[\"https:\\\/\\\/www.facebook.com\\\/Radiio-Ljubuski-1490835324566332\",\"https:\\\/\\\/x.com\\\/radioljubuski\",\"https:\\\/\\\/hr.linkedin.com\\\/company\\\/radio-ljubuski\",\"https:\\\/\\\/www.youtube.com\\\/channel\\\/UCHYaeO_n0Db3tjNGudGpXyw\"]},{\"@type\":\"Person\",\"@id\":\"https:\\\/\\\/radioljubuski.ba\\\/#\\\/schema\\\/person\\\/19fc700381a780f69665d7956c469e3b\",\"name\":\"Radio Ljubu\u0161ki\"}]}<\/script>\n<!-- \/ Yoast SEO plugin. -->","yoast_head_json":{"title":"Plenkovi\u0107: Vidim da su sad aktivni Slovenija i Austrija, ali cjelu pri\u010du oko BiH vodi Hrvatska - RADIO LJUBU\u0160KI","robots":{"index":"index","follow":"follow","max-snippet":"max-snippet:-1","max-image-preview":"max-image-preview:large","max-video-preview":"max-video-preview:-1"},"canonical":"https:\/\/radioljubuski.ba\/index.php\/2022\/06\/24\/plenkovic-vidim-da-su-sad-aktivni-slovenija-i-austrija-ali-cjelu-pricu-oko-bih-vodi-hrvatska\/","og_locale":"hr_HR","og_type":"article","og_title":"Plenkovi\u0107: Vidim da su sad aktivni Slovenija i Austrija, ali cjelu pri\u010du oko BiH vodi Hrvatska - RADIO LJUBU\u0160KI","og_description":"Premijer Hrvatske Andrej Plenkovi\u0107 dao je izjavu u Bruxellesu nakon sastanka na vrhu dr\u017eava \u010dlanica EU i zapadnog Balkana. Sastanak je zavr\u0161io bez zajedni\u010dke izjave i konferencije za novinare. Premijer Plenkovi\u0107 je istaknuo da je ponovio kako je stav Hrvatske jasan. Podr\u017eavamo otvaranje pregovora s Albanijom i sa Sjevernom Makedonijom i \u0161to se nas ti\u010de, [&hellip;]","og_url":"https:\/\/radioljubuski.ba\/index.php\/2022\/06\/24\/plenkovic-vidim-da-su-sad-aktivni-slovenija-i-austrija-ali-cjelu-pricu-oko-bih-vodi-hrvatska\/","og_site_name":"RADIO LJUBU\u0160KI","article_publisher":"https:\/\/www.facebook.com\/Radiio-Ljubuski-1490835324566332","article_published_time":"2022-06-24T09:25:34+00:00","article_modified_time":"2022-06-24T09:25:35+00:00","og_image":[{"width":765,"height":406,"url":"https:\/\/radioljubuski.ba\/wp-content\/uploads\/2022\/05\/plenkovic-a.jpg","type":"image\/jpeg"}],"author":"Radio Ljubu\u0161ki","twitter_card":"summary_large_image","twitter_creator":"@radioljubuski","twitter_site":"@radioljubuski","twitter_misc":{"Napisao\/la":"Radio Ljubu\u0161ki","Procijenjeno vrijeme \u010ditanja":"3 minute"},"schema":{"@context":"https:\/\/schema.org","@graph":[{"@type":"Article","@id":"https:\/\/radioljubuski.ba\/index.php\/2022\/06\/24\/plenkovic-vidim-da-su-sad-aktivni-slovenija-i-austrija-ali-cjelu-pricu-oko-bih-vodi-hrvatska\/#article","isPartOf":{"@id":"https:\/\/radioljubuski.ba\/index.php\/2022\/06\/24\/plenkovic-vidim-da-su-sad-aktivni-slovenija-i-austrija-ali-cjelu-pricu-oko-bih-vodi-hrvatska\/"},"author":{"name":"Radio Ljubu\u0161ki","@id":"https:\/\/radioljubuski.ba\/#\/schema\/person\/19fc700381a780f69665d7956c469e3b"},"headline":"Plenkovi\u0107: Vidim da su sad aktivni Slovenija i Austrija, ali cjelu pri\u010du oko BiH vodi Hrvatska","datePublished":"2022-06-24T09:25:34+00:00","dateModified":"2022-06-24T09:25:35+00:00","mainEntityOfPage":{"@id":"https:\/\/radioljubuski.ba\/index.php\/2022\/06\/24\/plenkovic-vidim-da-su-sad-aktivni-slovenija-i-austrija-ali-cjelu-pricu-oko-bih-vodi-hrvatska\/"},"wordCount":558,"publisher":{"@id":"https:\/\/radioljubuski.ba\/#organization"},"image":{"@id":"https:\/\/radioljubuski.ba\/index.php\/2022\/06\/24\/plenkovic-vidim-da-su-sad-aktivni-slovenija-i-austrija-ali-cjelu-pricu-oko-bih-vodi-hrvatska\/#primaryimage"},"thumbnailUrl":"https:\/\/radioljubuski.ba\/wp-content\/uploads\/2022\/05\/plenkovic-a.jpg","articleSection":["BIH i regija"],"inLanguage":"hr"},{"@type":"WebPage","@id":"https:\/\/radioljubuski.ba\/index.php\/2022\/06\/24\/plenkovic-vidim-da-su-sad-aktivni-slovenija-i-austrija-ali-cjelu-pricu-oko-bih-vodi-hrvatska\/","url":"https:\/\/radioljubuski.ba\/index.php\/2022\/06\/24\/plenkovic-vidim-da-su-sad-aktivni-slovenija-i-austrija-ali-cjelu-pricu-oko-bih-vodi-hrvatska\/","name":"Plenkovi\u0107: Vidim da su sad aktivni Slovenija i Austrija, ali cjelu pri\u010du oko BiH vodi Hrvatska - RADIO LJUBU\u0160KI","isPartOf":{"@id":"https:\/\/radioljubuski.ba\/#website"},"primaryImageOfPage":{"@id":"https:\/\/radioljubuski.ba\/index.php\/2022\/06\/24\/plenkovic-vidim-da-su-sad-aktivni-slovenija-i-austrija-ali-cjelu-pricu-oko-bih-vodi-hrvatska\/#primaryimage"},"image":{"@id":"https:\/\/radioljubuski.ba\/index.php\/2022\/06\/24\/plenkovic-vidim-da-su-sad-aktivni-slovenija-i-austrija-ali-cjelu-pricu-oko-bih-vodi-hrvatska\/#primaryimage"},"thumbnailUrl":"https:\/\/radioljubuski.ba\/wp-content\/uploads\/2022\/05\/plenkovic-a.jpg","datePublished":"2022-06-24T09:25:34+00:00","dateModified":"2022-06-24T09:25:35+00:00","breadcrumb":{"@id":"https:\/\/radioljubuski.ba\/index.php\/2022\/06\/24\/plenkovic-vidim-da-su-sad-aktivni-slovenija-i-austrija-ali-cjelu-pricu-oko-bih-vodi-hrvatska\/#breadcrumb"},"inLanguage":"hr","potentialAction":[{"@type":"ReadAction","target":["https:\/\/radioljubuski.ba\/index.php\/2022\/06\/24\/plenkovic-vidim-da-su-sad-aktivni-slovenija-i-austrija-ali-cjelu-pricu-oko-bih-vodi-hrvatska\/"]}]},{"@type":"ImageObject","inLanguage":"hr","@id":"https:\/\/radioljubuski.ba\/index.php\/2022\/06\/24\/plenkovic-vidim-da-su-sad-aktivni-slovenija-i-austrija-ali-cjelu-pricu-oko-bih-vodi-hrvatska\/#primaryimage","url":"https:\/\/radioljubuski.ba\/wp-content\/uploads\/2022\/05\/plenkovic-a.jpg","contentUrl":"https:\/\/radioljubuski.ba\/wp-content\/uploads\/2022\/05\/plenkovic-a.jpg","width":765,"height":406},{"@type":"BreadcrumbList","@id":"https:\/\/radioljubuski.ba\/index.php\/2022\/06\/24\/plenkovic-vidim-da-su-sad-aktivni-slovenija-i-austrija-ali-cjelu-pricu-oko-bih-vodi-hrvatska\/#breadcrumb","itemListElement":[{"@type":"ListItem","position":1,"name":"Po\u010detna stranica","item":"https:\/\/radioljubuski.ba\/"},{"@type":"ListItem","position":2,"name":"Plenkovi\u0107: Vidim da su sad aktivni Slovenija i Austrija, ali cjelu pri\u010du oko BiH vodi Hrvatska"}]},{"@type":"WebSite","@id":"https:\/\/radioljubuski.ba\/#website","url":"https:\/\/radioljubuski.ba\/","name":"Radio Ljubu\u0161ki","description":"Sun\u010dana frekvencija Hercegovine","publisher":{"@id":"https:\/\/radioljubuski.ba\/#organization"},"potentialAction":[{"@type":"SearchAction","target":{"@type":"EntryPoint","urlTemplate":"https:\/\/radioljubuski.ba\/?s={search_term_string}"},"query-input":{"@type":"PropertyValueSpecification","valueRequired":true,"valueName":"search_term_string"}}],"inLanguage":"hr"},{"@type":"Organization","@id":"https:\/\/radioljubuski.ba\/#organization","name":"Radio Ljubu\u0161ki","url":"https:\/\/radioljubuski.ba\/","logo":{"@type":"ImageObject","inLanguage":"hr","@id":"https:\/\/radioljubuski.ba\/#\/schema\/logo\/image\/","url":"https:\/\/radioljubuski.ba\/wp-content\/uploads\/2021\/02\/cropped-Radio_Ljubuski_logo1.jpg","contentUrl":"https:\/\/radioljubuski.ba\/wp-content\/uploads\/2021\/02\/cropped-Radio_Ljubuski_logo1.jpg","width":512,"height":512,"caption":"Radio Ljubu\u0161ki"},"image":{"@id":"https:\/\/radioljubuski.ba\/#\/schema\/logo\/image\/"},"sameAs":["https:\/\/www.facebook.com\/Radiio-Ljubuski-1490835324566332","https:\/\/x.com\/radioljubuski","https:\/\/hr.linkedin.com\/company\/radio-ljubuski","https:\/\/www.youtube.com\/channel\/UCHYaeO_n0Db3tjNGudGpXyw"]},{"@type":"Person","@id":"https:\/\/radioljubuski.ba\/#\/schema\/person\/19fc700381a780f69665d7956c469e3b","name":"Radio Ljubu\u0161ki"}]}},"_links":{"self":[{"href":"https:\/\/radioljubuski.ba\/index.php\/wp-json\/wp\/v2\/posts\/152850","targetHints":{"allow":["GET"]}}],"collection":[{"href":"https:\/\/radioljubuski.ba\/index.php\/wp-json\/wp\/v2\/posts"}],"about":[{"href":"https:\/\/radioljubuski.ba\/index.php\/wp-json\/wp\/v2\/types\/post"}],"author":[{"embeddable":true,"href":"https:\/\/radioljubuski.ba\/index.php\/wp-json\/wp\/v2\/users\/2"}],"replies":[{"embeddable":true,"href":"https:\/\/radioljubuski.ba\/index.php\/wp-json\/wp\/v2\/comments?post=152850"}],"version-history":[{"count":1,"href":"https:\/\/radioljubuski.ba\/index.php\/wp-json\/wp\/v2\/posts\/152850\/revisions"}],"predecessor-version":[{"id":152852,"href":"https:\/\/radioljubuski.ba\/index.php\/wp-json\/wp\/v2\/posts\/152850\/revisions\/152852"}],"wp:featuredmedia":[{"embeddable":true,"href":"https:\/\/radioljubuski.ba\/index.php\/wp-json\/wp\/v2\/media\/142905"}],"wp:attachment":[{"href":"https:\/\/radioljubuski.ba\/index.php\/wp-json\/wp\/v2\/media?parent=152850"}],"wp:term":[{"taxonomy":"category","embeddable":true,"href":"https:\/\/radioljubuski.ba\/index.php\/wp-json\/wp\/v2\/categories?post=152850"},{"taxonomy":"post_tag","embeddable":true,"href":"https:\/\/radioljubuski.ba\/index.php\/wp-json\/wp\/v2\/tags?post=152850"}],"curies":[{"name":"wp","href":"https:\/\/api.w.org\/{rel}","templated":true}]}}