{"id":152863,"date":"2022-06-24T10:37:49","date_gmt":"2022-06-24T09:37:49","guid":{"rendered":"https:\/\/radioljubuski.ba\/?p=152863"},"modified":"2022-06-24T10:37:58","modified_gmt":"2022-06-24T09:37:58","slug":"europsko-vijece-spremni-smo-dati-kandidatski-status-bih-kada-ispuni-14-uvjeta","status":"publish","type":"post","link":"https:\/\/radioljubuski.ba\/index.php\/2022\/06\/24\/europsko-vijece-spremni-smo-dati-kandidatski-status-bih-kada-ispuni-14-uvjeta\/","title":{"rendered":"Europsko vije\u0107e: Spremni smo dati kandidacijski status BiH kada ispuni 14 uvjeta"},"content":{"rendered":"\n<p><strong>Europsko vije\u0107e danas je donijelo odluku da se Ukrajini i Moldaviji da kandidatski status za \u010dlanstvo u savezu. Predsjednik Europskog vije\u0107a Charles Michel je ovo nazvao povijesnim trenutkom.<\/strong><\/p>\n\n\n\n<p>\u2013 Dana\u0161nji dan ozna\u010dava klju\u010dni korak na va\u0161em putu prema Europskoj uniji. Na\u0161a budu\u0107nost je zajedno \u2013 napisao je Michel i \u010destitao ukrajinskom predsjedniku Volodimiru Zelenskom i predsjednici Moldavijie Maiji Sandi.<\/p>\n\n\n\n<p>Europsko vije\u0107e priop\u0107ilo je kako je i BiH spremno dodijeliti kandidatski status za \u010dlanstvo u EU, ali tek kada na\u0161a zemlja ispuni 14 klju\u010dnih prioriteta iz Mi\u0161ljenja Europske komisije.<\/p>\n\n\n\n<p>\u2013 Europsko vije\u0107e pozdravlja politi\u010dki dogovor koji su lideri Bosne i Hercegovine postigli 12. lipnja 2022. godine u Bruxellsu, a koji je neophodan za stabilnost i potpuno funkcioniranje zemlje i kako bi se odgovorilo na te\u017enje naroda. Pozivamo sve politi\u010dke lidere u Bosni i Hercegovini da brzo provedu obveze navedene u sporazumu i hitno finaliziraju ustavnu i izbornu reformu, \u0161to \u0107e zemlji omogu\u0107iti da odlu\u010dno napreduje na svom europskom putu, u skladu s mi\u0161ljenjem Komisije.<\/p>\n\n\n\n<p>Europsko vije\u0107e je spremno dati status zemlje kandidata Bosni i Hercegovini i povodom toga pozivamo Komisiju da bez odlaganja izvijesti Vije\u0107e o implementaciji 14 klju\u010dnih prioriteta navedenih u njegovom mi\u0161ljenju s posebnom pa\u017enjom na one koje predstavljaju zna\u010dajan skup reformi kako bi se Europsko vije\u0107e vratilo na odlu\u010divanje o ovom pitanju \u2013 navedeno je u odluci.<\/p>\n\n\n\n<p>Podsje\u0107amo, pojedine europske zemlje poput Njema\u010dke, Francuske i Nizozemske su bile protiv toga da se na dana\u0161njoj sjednici dodijeli kandidatski status i BiH, jer kako su istakli, \u201cdati BiH kandidatski status bez ispunjavanja uvjeta bi bio lo\u0161 znak\u201d, dok su za davanje kandidatskog statusa bili Hrvatska, Slovenija i Austrija.<\/p>\n\n\n\n<p>\/HMS\/<\/p>\n","protected":false},"excerpt":{"rendered":"<p>Europsko vije\u0107e danas je donijelo odluku da se Ukrajini i Moldaviji da kandidatski status za \u010dlanstvo u savezu. Predsjednik Europskog vije\u0107a Charles Michel je ovo nazvao povijesnim trenutkom. \u2013 Dana\u0161nji dan ozna\u010dava klju\u010dni korak na va\u0161em putu prema Europskoj uniji. Na\u0161a budu\u0107nost je zajedno \u2013 napisao je Michel i \u010destitao ukrajinskom predsjedniku Volodimiru Zelenskom i [&hellip;]<\/p>\n","protected":false},"author":2,"featured_media":152864,"comment_status":"closed","ping_status":"closed","sticky":false,"template":"","format":"standard","meta":{"h5ap_radio_sources":[],"footnotes":""},"categories":[1],"tags":[],"class_list":["post-152863","post","type-post","status-publish","format-standard","has-post-thumbnail","hentry","category-bihiregija"],"yoast_head":"<!-- This site is optimized with the Yoast SEO plugin v27.4 - https:\/\/yoast.com\/product\/yoast-seo-wordpress\/ -->\n<title>Europsko vije\u0107e: Spremni smo dati kandidacijski status BiH kada ispuni 14 uvjeta - RADIO LJUBU\u0160KI<\/title>\n<meta name=\"robots\" content=\"index, follow, max-snippet:-1, max-image-preview:large, max-video-preview:-1\" \/>\n<link rel=\"canonical\" href=\"https:\/\/radioljubuski.ba\/index.php\/2022\/06\/24\/europsko-vijece-spremni-smo-dati-kandidatski-status-bih-kada-ispuni-14-uvjeta\/\" \/>\n<meta property=\"og:locale\" content=\"hr_HR\" \/>\n<meta property=\"og:type\" content=\"article\" \/>\n<meta property=\"og:title\" content=\"Europsko vije\u0107e: Spremni smo dati kandidacijski status BiH kada ispuni 14 uvjeta - RADIO LJUBU\u0160KI\" \/>\n<meta property=\"og:description\" content=\"Europsko vije\u0107e danas je donijelo odluku da se Ukrajini i Moldaviji da kandidatski status za \u010dlanstvo u savezu. Predsjednik Europskog vije\u0107a Charles Michel je ovo nazvao povijesnim trenutkom. \u2013 Dana\u0161nji dan ozna\u010dava klju\u010dni korak na va\u0161em putu prema Europskoj uniji. Na\u0161a budu\u0107nost je zajedno \u2013 napisao je Michel i \u010destitao ukrajinskom predsjedniku Volodimiru Zelenskom i [&hellip;]\" \/>\n<meta property=\"og:url\" content=\"https:\/\/radioljubuski.ba\/index.php\/2022\/06\/24\/europsko-vijece-spremni-smo-dati-kandidatski-status-bih-kada-ispuni-14-uvjeta\/\" \/>\n<meta property=\"og:site_name\" content=\"RADIO LJUBU\u0160KI\" \/>\n<meta property=\"article:publisher\" content=\"https:\/\/www.facebook.com\/Radiio-Ljubuski-1490835324566332\" \/>\n<meta property=\"article:published_time\" content=\"2022-06-24T09:37:49+00:00\" \/>\n<meta property=\"article:modified_time\" content=\"2022-06-24T09:37:58+00:00\" \/>\n<meta property=\"og:image\" content=\"https:\/\/radioljubuski.ba\/wp-content\/uploads\/2022\/06\/Europsko-vijece-1.jpg\" \/>\n\t<meta property=\"og:image:width\" content=\"980\" \/>\n\t<meta property=\"og:image:height\" content=\"581\" \/>\n\t<meta property=\"og:image:type\" content=\"image\/jpeg\" \/>\n<meta name=\"author\" content=\"Radio Ljubu\u0161ki\" \/>\n<meta name=\"twitter:card\" content=\"summary_large_image\" \/>\n<meta name=\"twitter:creator\" content=\"@radioljubuski\" \/>\n<meta name=\"twitter:site\" content=\"@radioljubuski\" \/>\n<meta name=\"twitter:label1\" content=\"Napisao\/la\" \/>\n\t<meta name=\"twitter:data1\" content=\"Radio Ljubu\u0161ki\" \/>\n\t<meta name=\"twitter:label2\" content=\"Procijenjeno vrijeme \u010ditanja\" \/>\n\t<meta name=\"twitter:data2\" content=\"2 minute\" \/>\n<script type=\"application\/ld+json\" class=\"yoast-schema-graph\">{\"@context\":\"https:\\\/\\\/schema.org\",\"@graph\":[{\"@type\":\"Article\",\"@id\":\"https:\\\/\\\/radioljubuski.ba\\\/index.php\\\/2022\\\/06\\\/24\\\/europsko-vijece-spremni-smo-dati-kandidatski-status-bih-kada-ispuni-14-uvjeta\\\/#article\",\"isPartOf\":{\"@id\":\"https:\\\/\\\/radioljubuski.ba\\\/index.php\\\/2022\\\/06\\\/24\\\/europsko-vijece-spremni-smo-dati-kandidatski-status-bih-kada-ispuni-14-uvjeta\\\/\"},\"author\":{\"name\":\"Radio Ljubu\u0161ki\",\"@id\":\"https:\\\/\\\/radioljubuski.ba\\\/#\\\/schema\\\/person\\\/19fc700381a780f69665d7956c469e3b\"},\"headline\":\"Europsko vije\u0107e: Spremni smo dati kandidacijski status BiH kada ispuni 14 uvjeta\",\"datePublished\":\"2022-06-24T09:37:49+00:00\",\"dateModified\":\"2022-06-24T09:37:58+00:00\",\"mainEntityOfPage\":{\"@id\":\"https:\\\/\\\/radioljubuski.ba\\\/index.php\\\/2022\\\/06\\\/24\\\/europsko-vijece-spremni-smo-dati-kandidatski-status-bih-kada-ispuni-14-uvjeta\\\/\"},\"wordCount\":304,\"publisher\":{\"@id\":\"https:\\\/\\\/radioljubuski.ba\\\/#organization\"},\"image\":{\"@id\":\"https:\\\/\\\/radioljubuski.ba\\\/index.php\\\/2022\\\/06\\\/24\\\/europsko-vijece-spremni-smo-dati-kandidatski-status-bih-kada-ispuni-14-uvjeta\\\/#primaryimage\"},\"thumbnailUrl\":\"https:\\\/\\\/radioljubuski.ba\\\/wp-content\\\/uploads\\\/2022\\\/06\\\/Europsko-vijece-1.jpg\",\"articleSection\":[\"BIH i regija\"],\"inLanguage\":\"hr\"},{\"@type\":\"WebPage\",\"@id\":\"https:\\\/\\\/radioljubuski.ba\\\/index.php\\\/2022\\\/06\\\/24\\\/europsko-vijece-spremni-smo-dati-kandidatski-status-bih-kada-ispuni-14-uvjeta\\\/\",\"url\":\"https:\\\/\\\/radioljubuski.ba\\\/index.php\\\/2022\\\/06\\\/24\\\/europsko-vijece-spremni-smo-dati-kandidatski-status-bih-kada-ispuni-14-uvjeta\\\/\",\"name\":\"Europsko vije\u0107e: Spremni smo dati kandidacijski status BiH kada ispuni 14 uvjeta - RADIO LJUBU\u0160KI\",\"isPartOf\":{\"@id\":\"https:\\\/\\\/radioljubuski.ba\\\/#website\"},\"primaryImageOfPage\":{\"@id\":\"https:\\\/\\\/radioljubuski.ba\\\/index.php\\\/2022\\\/06\\\/24\\\/europsko-vijece-spremni-smo-dati-kandidatski-status-bih-kada-ispuni-14-uvjeta\\\/#primaryimage\"},\"image\":{\"@id\":\"https:\\\/\\\/radioljubuski.ba\\\/index.php\\\/2022\\\/06\\\/24\\\/europsko-vijece-spremni-smo-dati-kandidatski-status-bih-kada-ispuni-14-uvjeta\\\/#primaryimage\"},\"thumbnailUrl\":\"https:\\\/\\\/radioljubuski.ba\\\/wp-content\\\/uploads\\\/2022\\\/06\\\/Europsko-vijece-1.jpg\",\"datePublished\":\"2022-06-24T09:37:49+00:00\",\"dateModified\":\"2022-06-24T09:37:58+00:00\",\"breadcrumb\":{\"@id\":\"https:\\\/\\\/radioljubuski.ba\\\/index.php\\\/2022\\\/06\\\/24\\\/europsko-vijece-spremni-smo-dati-kandidatski-status-bih-kada-ispuni-14-uvjeta\\\/#breadcrumb\"},\"inLanguage\":\"hr\",\"potentialAction\":[{\"@type\":\"ReadAction\",\"target\":[\"https:\\\/\\\/radioljubuski.ba\\\/index.php\\\/2022\\\/06\\\/24\\\/europsko-vijece-spremni-smo-dati-kandidatski-status-bih-kada-ispuni-14-uvjeta\\\/\"]}]},{\"@type\":\"ImageObject\",\"inLanguage\":\"hr\",\"@id\":\"https:\\\/\\\/radioljubuski.ba\\\/index.php\\\/2022\\\/06\\\/24\\\/europsko-vijece-spremni-smo-dati-kandidatski-status-bih-kada-ispuni-14-uvjeta\\\/#primaryimage\",\"url\":\"https:\\\/\\\/radioljubuski.ba\\\/wp-content\\\/uploads\\\/2022\\\/06\\\/Europsko-vijece-1.jpg\",\"contentUrl\":\"https:\\\/\\\/radioljubuski.ba\\\/wp-content\\\/uploads\\\/2022\\\/06\\\/Europsko-vijece-1.jpg\",\"width\":980,\"height\":581},{\"@type\":\"BreadcrumbList\",\"@id\":\"https:\\\/\\\/radioljubuski.ba\\\/index.php\\\/2022\\\/06\\\/24\\\/europsko-vijece-spremni-smo-dati-kandidatski-status-bih-kada-ispuni-14-uvjeta\\\/#breadcrumb\",\"itemListElement\":[{\"@type\":\"ListItem\",\"position\":1,\"name\":\"Po\u010detna stranica\",\"item\":\"https:\\\/\\\/radioljubuski.ba\\\/\"},{\"@type\":\"ListItem\",\"position\":2,\"name\":\"Europsko vije\u0107e: Spremni smo dati kandidacijski status BiH kada ispuni 14 uvjeta\"}]},{\"@type\":\"WebSite\",\"@id\":\"https:\\\/\\\/radioljubuski.ba\\\/#website\",\"url\":\"https:\\\/\\\/radioljubuski.ba\\\/\",\"name\":\"Radio Ljubu\u0161ki\",\"description\":\"Sun\u010dana frekvencija Hercegovine\",\"publisher\":{\"@id\":\"https:\\\/\\\/radioljubuski.ba\\\/#organization\"},\"potentialAction\":[{\"@type\":\"SearchAction\",\"target\":{\"@type\":\"EntryPoint\",\"urlTemplate\":\"https:\\\/\\\/radioljubuski.ba\\\/?s={search_term_string}\"},\"query-input\":{\"@type\":\"PropertyValueSpecification\",\"valueRequired\":true,\"valueName\":\"search_term_string\"}}],\"inLanguage\":\"hr\"},{\"@type\":\"Organization\",\"@id\":\"https:\\\/\\\/radioljubuski.ba\\\/#organization\",\"name\":\"Radio Ljubu\u0161ki\",\"url\":\"https:\\\/\\\/radioljubuski.ba\\\/\",\"logo\":{\"@type\":\"ImageObject\",\"inLanguage\":\"hr\",\"@id\":\"https:\\\/\\\/radioljubuski.ba\\\/#\\\/schema\\\/logo\\\/image\\\/\",\"url\":\"https:\\\/\\\/radioljubuski.ba\\\/wp-content\\\/uploads\\\/2021\\\/02\\\/cropped-Radio_Ljubuski_logo1.jpg\",\"contentUrl\":\"https:\\\/\\\/radioljubuski.ba\\\/wp-content\\\/uploads\\\/2021\\\/02\\\/cropped-Radio_Ljubuski_logo1.jpg\",\"width\":512,\"height\":512,\"caption\":\"Radio Ljubu\u0161ki\"},\"image\":{\"@id\":\"https:\\\/\\\/radioljubuski.ba\\\/#\\\/schema\\\/logo\\\/image\\\/\"},\"sameAs\":[\"https:\\\/\\\/www.facebook.com\\\/Radiio-Ljubuski-1490835324566332\",\"https:\\\/\\\/x.com\\\/radioljubuski\",\"https:\\\/\\\/hr.linkedin.com\\\/company\\\/radio-ljubuski\",\"https:\\\/\\\/www.youtube.com\\\/channel\\\/UCHYaeO_n0Db3tjNGudGpXyw\"]},{\"@type\":\"Person\",\"@id\":\"https:\\\/\\\/radioljubuski.ba\\\/#\\\/schema\\\/person\\\/19fc700381a780f69665d7956c469e3b\",\"name\":\"Radio Ljubu\u0161ki\"}]}<\/script>\n<!-- \/ Yoast SEO plugin. -->","yoast_head_json":{"title":"Europsko vije\u0107e: Spremni smo dati kandidacijski status BiH kada ispuni 14 uvjeta - RADIO LJUBU\u0160KI","robots":{"index":"index","follow":"follow","max-snippet":"max-snippet:-1","max-image-preview":"max-image-preview:large","max-video-preview":"max-video-preview:-1"},"canonical":"https:\/\/radioljubuski.ba\/index.php\/2022\/06\/24\/europsko-vijece-spremni-smo-dati-kandidatski-status-bih-kada-ispuni-14-uvjeta\/","og_locale":"hr_HR","og_type":"article","og_title":"Europsko vije\u0107e: Spremni smo dati kandidacijski status BiH kada ispuni 14 uvjeta - RADIO LJUBU\u0160KI","og_description":"Europsko vije\u0107e danas je donijelo odluku da se Ukrajini i Moldaviji da kandidatski status za \u010dlanstvo u savezu. Predsjednik Europskog vije\u0107a Charles Michel je ovo nazvao povijesnim trenutkom. \u2013 Dana\u0161nji dan ozna\u010dava klju\u010dni korak na va\u0161em putu prema Europskoj uniji. Na\u0161a budu\u0107nost je zajedno \u2013 napisao je Michel i \u010destitao ukrajinskom predsjedniku Volodimiru Zelenskom i [&hellip;]","og_url":"https:\/\/radioljubuski.ba\/index.php\/2022\/06\/24\/europsko-vijece-spremni-smo-dati-kandidatski-status-bih-kada-ispuni-14-uvjeta\/","og_site_name":"RADIO LJUBU\u0160KI","article_publisher":"https:\/\/www.facebook.com\/Radiio-Ljubuski-1490835324566332","article_published_time":"2022-06-24T09:37:49+00:00","article_modified_time":"2022-06-24T09:37:58+00:00","og_image":[{"width":980,"height":581,"url":"https:\/\/radioljubuski.ba\/wp-content\/uploads\/2022\/06\/Europsko-vijece-1.jpg","type":"image\/jpeg"}],"author":"Radio Ljubu\u0161ki","twitter_card":"summary_large_image","twitter_creator":"@radioljubuski","twitter_site":"@radioljubuski","twitter_misc":{"Napisao\/la":"Radio Ljubu\u0161ki","Procijenjeno vrijeme \u010ditanja":"2 minute"},"schema":{"@context":"https:\/\/schema.org","@graph":[{"@type":"Article","@id":"https:\/\/radioljubuski.ba\/index.php\/2022\/06\/24\/europsko-vijece-spremni-smo-dati-kandidatski-status-bih-kada-ispuni-14-uvjeta\/#article","isPartOf":{"@id":"https:\/\/radioljubuski.ba\/index.php\/2022\/06\/24\/europsko-vijece-spremni-smo-dati-kandidatski-status-bih-kada-ispuni-14-uvjeta\/"},"author":{"name":"Radio Ljubu\u0161ki","@id":"https:\/\/radioljubuski.ba\/#\/schema\/person\/19fc700381a780f69665d7956c469e3b"},"headline":"Europsko vije\u0107e: Spremni smo dati kandidacijski status BiH kada ispuni 14 uvjeta","datePublished":"2022-06-24T09:37:49+00:00","dateModified":"2022-06-24T09:37:58+00:00","mainEntityOfPage":{"@id":"https:\/\/radioljubuski.ba\/index.php\/2022\/06\/24\/europsko-vijece-spremni-smo-dati-kandidatski-status-bih-kada-ispuni-14-uvjeta\/"},"wordCount":304,"publisher":{"@id":"https:\/\/radioljubuski.ba\/#organization"},"image":{"@id":"https:\/\/radioljubuski.ba\/index.php\/2022\/06\/24\/europsko-vijece-spremni-smo-dati-kandidatski-status-bih-kada-ispuni-14-uvjeta\/#primaryimage"},"thumbnailUrl":"https:\/\/radioljubuski.ba\/wp-content\/uploads\/2022\/06\/Europsko-vijece-1.jpg","articleSection":["BIH i regija"],"inLanguage":"hr"},{"@type":"WebPage","@id":"https:\/\/radioljubuski.ba\/index.php\/2022\/06\/24\/europsko-vijece-spremni-smo-dati-kandidatski-status-bih-kada-ispuni-14-uvjeta\/","url":"https:\/\/radioljubuski.ba\/index.php\/2022\/06\/24\/europsko-vijece-spremni-smo-dati-kandidatski-status-bih-kada-ispuni-14-uvjeta\/","name":"Europsko vije\u0107e: Spremni smo dati kandidacijski status BiH kada ispuni 14 uvjeta - RADIO LJUBU\u0160KI","isPartOf":{"@id":"https:\/\/radioljubuski.ba\/#website"},"primaryImageOfPage":{"@id":"https:\/\/radioljubuski.ba\/index.php\/2022\/06\/24\/europsko-vijece-spremni-smo-dati-kandidatski-status-bih-kada-ispuni-14-uvjeta\/#primaryimage"},"image":{"@id":"https:\/\/radioljubuski.ba\/index.php\/2022\/06\/24\/europsko-vijece-spremni-smo-dati-kandidatski-status-bih-kada-ispuni-14-uvjeta\/#primaryimage"},"thumbnailUrl":"https:\/\/radioljubuski.ba\/wp-content\/uploads\/2022\/06\/Europsko-vijece-1.jpg","datePublished":"2022-06-24T09:37:49+00:00","dateModified":"2022-06-24T09:37:58+00:00","breadcrumb":{"@id":"https:\/\/radioljubuski.ba\/index.php\/2022\/06\/24\/europsko-vijece-spremni-smo-dati-kandidatski-status-bih-kada-ispuni-14-uvjeta\/#breadcrumb"},"inLanguage":"hr","potentialAction":[{"@type":"ReadAction","target":["https:\/\/radioljubuski.ba\/index.php\/2022\/06\/24\/europsko-vijece-spremni-smo-dati-kandidatski-status-bih-kada-ispuni-14-uvjeta\/"]}]},{"@type":"ImageObject","inLanguage":"hr","@id":"https:\/\/radioljubuski.ba\/index.php\/2022\/06\/24\/europsko-vijece-spremni-smo-dati-kandidatski-status-bih-kada-ispuni-14-uvjeta\/#primaryimage","url":"https:\/\/radioljubuski.ba\/wp-content\/uploads\/2022\/06\/Europsko-vijece-1.jpg","contentUrl":"https:\/\/radioljubuski.ba\/wp-content\/uploads\/2022\/06\/Europsko-vijece-1.jpg","width":980,"height":581},{"@type":"BreadcrumbList","@id":"https:\/\/radioljubuski.ba\/index.php\/2022\/06\/24\/europsko-vijece-spremni-smo-dati-kandidatski-status-bih-kada-ispuni-14-uvjeta\/#breadcrumb","itemListElement":[{"@type":"ListItem","position":1,"name":"Po\u010detna stranica","item":"https:\/\/radioljubuski.ba\/"},{"@type":"ListItem","position":2,"name":"Europsko vije\u0107e: Spremni smo dati kandidacijski status BiH kada ispuni 14 uvjeta"}]},{"@type":"WebSite","@id":"https:\/\/radioljubuski.ba\/#website","url":"https:\/\/radioljubuski.ba\/","name":"Radio Ljubu\u0161ki","description":"Sun\u010dana frekvencija Hercegovine","publisher":{"@id":"https:\/\/radioljubuski.ba\/#organization"},"potentialAction":[{"@type":"SearchAction","target":{"@type":"EntryPoint","urlTemplate":"https:\/\/radioljubuski.ba\/?s={search_term_string}"},"query-input":{"@type":"PropertyValueSpecification","valueRequired":true,"valueName":"search_term_string"}}],"inLanguage":"hr"},{"@type":"Organization","@id":"https:\/\/radioljubuski.ba\/#organization","name":"Radio Ljubu\u0161ki","url":"https:\/\/radioljubuski.ba\/","logo":{"@type":"ImageObject","inLanguage":"hr","@id":"https:\/\/radioljubuski.ba\/#\/schema\/logo\/image\/","url":"https:\/\/radioljubuski.ba\/wp-content\/uploads\/2021\/02\/cropped-Radio_Ljubuski_logo1.jpg","contentUrl":"https:\/\/radioljubuski.ba\/wp-content\/uploads\/2021\/02\/cropped-Radio_Ljubuski_logo1.jpg","width":512,"height":512,"caption":"Radio Ljubu\u0161ki"},"image":{"@id":"https:\/\/radioljubuski.ba\/#\/schema\/logo\/image\/"},"sameAs":["https:\/\/www.facebook.com\/Radiio-Ljubuski-1490835324566332","https:\/\/x.com\/radioljubuski","https:\/\/hr.linkedin.com\/company\/radio-ljubuski","https:\/\/www.youtube.com\/channel\/UCHYaeO_n0Db3tjNGudGpXyw"]},{"@type":"Person","@id":"https:\/\/radioljubuski.ba\/#\/schema\/person\/19fc700381a780f69665d7956c469e3b","name":"Radio Ljubu\u0161ki"}]}},"_links":{"self":[{"href":"https:\/\/radioljubuski.ba\/index.php\/wp-json\/wp\/v2\/posts\/152863","targetHints":{"allow":["GET"]}}],"collection":[{"href":"https:\/\/radioljubuski.ba\/index.php\/wp-json\/wp\/v2\/posts"}],"about":[{"href":"https:\/\/radioljubuski.ba\/index.php\/wp-json\/wp\/v2\/types\/post"}],"author":[{"embeddable":true,"href":"https:\/\/radioljubuski.ba\/index.php\/wp-json\/wp\/v2\/users\/2"}],"replies":[{"embeddable":true,"href":"https:\/\/radioljubuski.ba\/index.php\/wp-json\/wp\/v2\/comments?post=152863"}],"version-history":[{"count":2,"href":"https:\/\/radioljubuski.ba\/index.php\/wp-json\/wp\/v2\/posts\/152863\/revisions"}],"predecessor-version":[{"id":152866,"href":"https:\/\/radioljubuski.ba\/index.php\/wp-json\/wp\/v2\/posts\/152863\/revisions\/152866"}],"wp:featuredmedia":[{"embeddable":true,"href":"https:\/\/radioljubuski.ba\/index.php\/wp-json\/wp\/v2\/media\/152864"}],"wp:attachment":[{"href":"https:\/\/radioljubuski.ba\/index.php\/wp-json\/wp\/v2\/media?parent=152863"}],"wp:term":[{"taxonomy":"category","embeddable":true,"href":"https:\/\/radioljubuski.ba\/index.php\/wp-json\/wp\/v2\/categories?post=152863"},{"taxonomy":"post_tag","embeddable":true,"href":"https:\/\/radioljubuski.ba\/index.php\/wp-json\/wp\/v2\/tags?post=152863"}],"curies":[{"name":"wp","href":"https:\/\/api.w.org\/{rel}","templated":true}]}}