{"id":152880,"date":"2022-06-24T10:47:17","date_gmt":"2022-06-24T09:47:17","guid":{"rendered":"https:\/\/radioljubuski.ba\/?p=152880"},"modified":"2022-06-24T10:47:19","modified_gmt":"2022-06-24T09:47:19","slug":"opcini-neum-ni-marke-od-uplovljavanja-broda-kapetanija-kaze-sve-po-zakonu","status":"publish","type":"post","link":"https:\/\/radioljubuski.ba\/index.php\/2022\/06\/24\/opcini-neum-ni-marke-od-uplovljavanja-broda-kapetanija-kaze-sve-po-zakonu\/","title":{"rendered":"Op\u0107ini Neum ni marke od uplovljavanja broda, kapetanija ka\u017ee sve po zakonu"},"content":{"rendered":"\n<p><strong>Ovih dana u Neumu, ali i \u0161ire, je glavna tema uplovljavanje putni\u010dkog broda \u201cBollete\u201d u neumski akvatorij. Podsje\u0107amo, gra\u0111ani su se okupili u mirni prosvjed protiv toga, na\u010delnik ka\u017ee da Op\u0107ina nema ni\u0161ta s uplovljavanjem te se i on sam pridru\u017eio gra\u0111anima.<\/strong><\/p>\n\n\n\n<p>Portal <a href=\"https:\/\/neum.online\/opcini-neum-ni-marke-od-uplovljavanja-broda-kapetanija-kaze-sve-po-zakonu\/\">Neum online<\/a> je zatra\u017eio odgovore na pitanja o nadle\u017enosti, izdavanju dozvola, usidravanju broda i transportu putnika na vi\u0161e adresa.<\/p>\n\n\n\n<p>Federalno ministarstvo prometa i komunikacija je poslalo odgovor koji prenosimo u cijelosti:<\/p>\n\n\n\n<p>\u201cPo\u0161tovani,<\/p>\n\n\n\n<p>Od strane Agencije \u201cHelax\u201d d.o.o. Mostar , Kapetanija pomorske plovidbe \u2013prometa Neum je zaprimila obavijest da putni\u010dki brod imena MS \u201cBolette\u201d koji plovi pod zastavom Bahama, vlasnik brodar iz Velike Britanija \u017eeli uploviti u akvatorij Neum-Klekna dan 23.06.2022.godine.<\/p>\n\n\n\n<p>Obavijest o najavi uplovljenja, Kapetanija pomorske plovidbe \u2013prometa Neum dostavila je istoga dana Federalnom ministarstvu prometa i komunikacija, Op\u0107ini Neum, Grani\u010dnoj policiji BiH, Carini BiH ispostava Neum i Policijskoj stanici Neum.<\/p>\n\n\n\n<p>Zakonom o slobodnoj plovidbi i me\u0111unarodnim konvencijama a \u010diji je potpisnik i BiH, ako dr\u017eava nije u stanju katastrofe (rat, pandemija i sl.) brod koji je tehni\u010dki ispravan, ima uredne papire, blagovremeno se prijavi, plati propisane takse, a kako nema adekvatne lu\u010dke infrastrukture, brod uz ispunjavanje ovih uvjeta mo\u017ee uploviti na sidri\u0161te koje mu se odredi.<\/p>\n\n\n\n<p>Kapetanija pomorske plovidbe Neum je u skladu sa Zakonskom regulativom odredila sidri\u0161te za Kruzer i obra\u010dunala naknadu koju pla\u0107aju strana plovila u teritorijalnim vodama Bosne i Hercegovine kao i naknadu za kori\u0161tenje objekata sigurnosti a koja se upla\u0107uju na ra\u010dun javnih prihoda Federacije BiH.<\/p>\n\n\n\n<p>U zadnjih nekoliko godina nije bilo posjeta brodova ove veli\u010dine niti je najavljeno jo\u0161 kruzera za uplovljenje. Izgradnja Pelje\u0161kog mosta nije utjecala na procedure ulaska plovila u neumski akvatorij niti je bilo otkazivanja istih.\u201d, stoji u odgovoru.<\/p>\n\n\n\n<p>Kapetanija pomorske plovidbe Neum&nbsp; je kratko odgovorila da oni rade sve po zakonu.<\/p>\n\n\n\n<p>Op\u0107ina Neum je u me\u0111uvremenu i prozvana da je njoj upla\u0107eno 31.000 eura, a da se fiktivno protive brodu, na \u0161to su i oni poslali odgovor:<\/p>\n\n\n\n<p>\u201cOvi navodi su neto\u010dni i neodgovorno je da se u javnost plasiraju neprovjerene informacije.<\/p>\n\n\n\n<p>Op\u0107ina Neum nije dobila niti jedne marke ni eura za uplovljavanje ovog giganta u na\u0161 akvatorij, \u0161to je na\u010delnik Jurkovi\u0107 vi\u0161e puta ponovio u izjavama ovih dana.<\/p>\n\n\n\n<p>Op\u0107ina Neum dobila je samo obavijest o uplovljavanju ovog putni\u010dkog broda, nije nas se \u010dak ni pitalo za mi\u0161ljenje.\u201d stoji u dopisu Op\u0107ine Neum koji je prenio portal Neum online.<\/p>\n\n\n\n<p>I oni su citirali odgovor federalnog ministarstva koji se podudara s gore navedenim te uputili da se odgovore potra\u017ee u Kapetaniji i nadle\u017enom ministarstvu.<\/p>\n\n\n\n<figure class=\"wp-block-embed is-type-wp-embed is-provider-radio-ljubuski wp-block-embed-radio-ljubuski\"><div class=\"wp-block-embed__wrapper\">\n<blockquote class=\"wp-embedded-content\" data-secret=\"QdyHLGImvZ\"><a href=\"https:\/\/radioljubuski.ba\/index.php\/2022\/06\/23\/federalno-ministarstvo-prometa-pojasnilo-proceduru-uplovljavanja-kruzera-u-neumski-akvatorij\/\">Federalno ministarstvo prometa pojasnilo proceduru uplovljavanja kruzera u neumski akvatorij<\/a><\/blockquote><iframe loading=\"lazy\" class=\"wp-embedded-content\" sandbox=\"allow-scripts\" security=\"restricted\" style=\"position: absolute; clip: rect(1px, 1px, 1px, 1px);\" title=\"&#8220;Federalno ministarstvo prometa pojasnilo proceduru uplovljavanja kruzera u neumski akvatorij&#8221; &#8212;   RADIO LJUBU\u0160KI\" src=\"https:\/\/radioljubuski.ba\/index.php\/2022\/06\/23\/federalno-ministarstvo-prometa-pojasnilo-proceduru-uplovljavanja-kruzera-u-neumski-akvatorij\/embed\/#?secret=io1ld9vgSx#?secret=QdyHLGImvZ\" data-secret=\"QdyHLGImvZ\" width=\"600\" height=\"338\" frameborder=\"0\" marginwidth=\"0\" marginheight=\"0\" scrolling=\"no\"><\/iframe>\n<\/div><\/figure>\n\n\n\n<p>\/HMS\/<\/p>\n","protected":false},"excerpt":{"rendered":"<p>Ovih dana u Neumu, ali i \u0161ire, je glavna tema uplovljavanje putni\u010dkog broda \u201cBollete\u201d u neumski akvatorij. Podsje\u0107amo, gra\u0111ani su se okupili u mirni prosvjed protiv toga, na\u010delnik ka\u017ee da Op\u0107ina nema ni\u0161ta s uplovljavanjem te se i on sam pridru\u017eio gra\u0111anima. Portal Neum online je zatra\u017eio odgovore na pitanja o nadle\u017enosti, izdavanju dozvola, usidravanju [&hellip;]<\/p>\n","protected":false},"author":2,"featured_media":152881,"comment_status":"closed","ping_status":"closed","sticky":false,"template":"","format":"standard","meta":{"h5ap_radio_sources":[],"footnotes":""},"categories":[1],"tags":[],"class_list":["post-152880","post","type-post","status-publish","format-standard","has-post-thumbnail","hentry","category-bihiregija"],"yoast_head":"<!-- This site is optimized with the Yoast SEO plugin v27.4 - https:\/\/yoast.com\/product\/yoast-seo-wordpress\/ -->\n<title>Op\u0107ini Neum ni marke od uplovljavanja broda, kapetanija ka\u017ee sve po zakonu - RADIO LJUBU\u0160KI<\/title>\n<meta name=\"robots\" content=\"index, follow, max-snippet:-1, max-image-preview:large, max-video-preview:-1\" \/>\n<link rel=\"canonical\" href=\"https:\/\/radioljubuski.ba\/index.php\/2022\/06\/24\/opcini-neum-ni-marke-od-uplovljavanja-broda-kapetanija-kaze-sve-po-zakonu\/\" \/>\n<meta property=\"og:locale\" content=\"hr_HR\" \/>\n<meta property=\"og:type\" content=\"article\" \/>\n<meta property=\"og:title\" content=\"Op\u0107ini Neum ni marke od uplovljavanja broda, kapetanija ka\u017ee sve po zakonu - RADIO LJUBU\u0160KI\" \/>\n<meta property=\"og:description\" content=\"Ovih dana u Neumu, ali i \u0161ire, je glavna tema uplovljavanje putni\u010dkog broda \u201cBollete\u201d u neumski akvatorij. Podsje\u0107amo, gra\u0111ani su se okupili u mirni prosvjed protiv toga, na\u010delnik ka\u017ee da Op\u0107ina nema ni\u0161ta s uplovljavanjem te se i on sam pridru\u017eio gra\u0111anima. Portal Neum online je zatra\u017eio odgovore na pitanja o nadle\u017enosti, izdavanju dozvola, usidravanju [&hellip;]\" \/>\n<meta property=\"og:url\" content=\"https:\/\/radioljubuski.ba\/index.php\/2022\/06\/24\/opcini-neum-ni-marke-od-uplovljavanja-broda-kapetanija-kaze-sve-po-zakonu\/\" \/>\n<meta property=\"og:site_name\" content=\"RADIO LJUBU\u0160KI\" \/>\n<meta property=\"article:publisher\" content=\"https:\/\/www.facebook.com\/Radiio-Ljubuski-1490835324566332\" \/>\n<meta property=\"article:published_time\" content=\"2022-06-24T09:47:17+00:00\" \/>\n<meta property=\"article:modified_time\" content=\"2022-06-24T09:47:19+00:00\" \/>\n<meta property=\"og:image\" content=\"https:\/\/radioljubuski.ba\/wp-content\/uploads\/2022\/06\/2-2022-06-23-07-56-09-kruzer-1.jpg\" \/>\n\t<meta property=\"og:image:width\" content=\"1000\" \/>\n\t<meta property=\"og:image:height\" content=\"625\" \/>\n\t<meta property=\"og:image:type\" content=\"image\/jpeg\" \/>\n<meta name=\"author\" content=\"Radio Ljubu\u0161ki\" \/>\n<meta name=\"twitter:card\" content=\"summary_large_image\" \/>\n<meta name=\"twitter:creator\" content=\"@radioljubuski\" \/>\n<meta name=\"twitter:site\" content=\"@radioljubuski\" \/>\n<meta name=\"twitter:label1\" content=\"Napisao\/la\" \/>\n\t<meta name=\"twitter:data1\" content=\"Radio Ljubu\u0161ki\" \/>\n\t<meta name=\"twitter:label2\" content=\"Procijenjeno vrijeme \u010ditanja\" \/>\n\t<meta name=\"twitter:data2\" content=\"2 minute\" \/>\n<script type=\"application\/ld+json\" class=\"yoast-schema-graph\">{\"@context\":\"https:\\\/\\\/schema.org\",\"@graph\":[{\"@type\":\"Article\",\"@id\":\"https:\\\/\\\/radioljubuski.ba\\\/index.php\\\/2022\\\/06\\\/24\\\/opcini-neum-ni-marke-od-uplovljavanja-broda-kapetanija-kaze-sve-po-zakonu\\\/#article\",\"isPartOf\":{\"@id\":\"https:\\\/\\\/radioljubuski.ba\\\/index.php\\\/2022\\\/06\\\/24\\\/opcini-neum-ni-marke-od-uplovljavanja-broda-kapetanija-kaze-sve-po-zakonu\\\/\"},\"author\":{\"name\":\"Radio Ljubu\u0161ki\",\"@id\":\"https:\\\/\\\/radioljubuski.ba\\\/#\\\/schema\\\/person\\\/19fc700381a780f69665d7956c469e3b\"},\"headline\":\"Op\u0107ini Neum ni marke od uplovljavanja broda, kapetanija ka\u017ee sve po zakonu\",\"datePublished\":\"2022-06-24T09:47:17+00:00\",\"dateModified\":\"2022-06-24T09:47:19+00:00\",\"mainEntityOfPage\":{\"@id\":\"https:\\\/\\\/radioljubuski.ba\\\/index.php\\\/2022\\\/06\\\/24\\\/opcini-neum-ni-marke-od-uplovljavanja-broda-kapetanija-kaze-sve-po-zakonu\\\/\"},\"wordCount\":480,\"publisher\":{\"@id\":\"https:\\\/\\\/radioljubuski.ba\\\/#organization\"},\"image\":{\"@id\":\"https:\\\/\\\/radioljubuski.ba\\\/index.php\\\/2022\\\/06\\\/24\\\/opcini-neum-ni-marke-od-uplovljavanja-broda-kapetanija-kaze-sve-po-zakonu\\\/#primaryimage\"},\"thumbnailUrl\":\"https:\\\/\\\/radioljubuski.ba\\\/wp-content\\\/uploads\\\/2022\\\/06\\\/2-2022-06-23-07-56-09-kruzer-1.jpg\",\"articleSection\":[\"BIH i regija\"],\"inLanguage\":\"hr\"},{\"@type\":\"WebPage\",\"@id\":\"https:\\\/\\\/radioljubuski.ba\\\/index.php\\\/2022\\\/06\\\/24\\\/opcini-neum-ni-marke-od-uplovljavanja-broda-kapetanija-kaze-sve-po-zakonu\\\/\",\"url\":\"https:\\\/\\\/radioljubuski.ba\\\/index.php\\\/2022\\\/06\\\/24\\\/opcini-neum-ni-marke-od-uplovljavanja-broda-kapetanija-kaze-sve-po-zakonu\\\/\",\"name\":\"Op\u0107ini Neum ni marke od uplovljavanja broda, kapetanija ka\u017ee sve po zakonu - RADIO LJUBU\u0160KI\",\"isPartOf\":{\"@id\":\"https:\\\/\\\/radioljubuski.ba\\\/#website\"},\"primaryImageOfPage\":{\"@id\":\"https:\\\/\\\/radioljubuski.ba\\\/index.php\\\/2022\\\/06\\\/24\\\/opcini-neum-ni-marke-od-uplovljavanja-broda-kapetanija-kaze-sve-po-zakonu\\\/#primaryimage\"},\"image\":{\"@id\":\"https:\\\/\\\/radioljubuski.ba\\\/index.php\\\/2022\\\/06\\\/24\\\/opcini-neum-ni-marke-od-uplovljavanja-broda-kapetanija-kaze-sve-po-zakonu\\\/#primaryimage\"},\"thumbnailUrl\":\"https:\\\/\\\/radioljubuski.ba\\\/wp-content\\\/uploads\\\/2022\\\/06\\\/2-2022-06-23-07-56-09-kruzer-1.jpg\",\"datePublished\":\"2022-06-24T09:47:17+00:00\",\"dateModified\":\"2022-06-24T09:47:19+00:00\",\"breadcrumb\":{\"@id\":\"https:\\\/\\\/radioljubuski.ba\\\/index.php\\\/2022\\\/06\\\/24\\\/opcini-neum-ni-marke-od-uplovljavanja-broda-kapetanija-kaze-sve-po-zakonu\\\/#breadcrumb\"},\"inLanguage\":\"hr\",\"potentialAction\":[{\"@type\":\"ReadAction\",\"target\":[\"https:\\\/\\\/radioljubuski.ba\\\/index.php\\\/2022\\\/06\\\/24\\\/opcini-neum-ni-marke-od-uplovljavanja-broda-kapetanija-kaze-sve-po-zakonu\\\/\"]}]},{\"@type\":\"ImageObject\",\"inLanguage\":\"hr\",\"@id\":\"https:\\\/\\\/radioljubuski.ba\\\/index.php\\\/2022\\\/06\\\/24\\\/opcini-neum-ni-marke-od-uplovljavanja-broda-kapetanija-kaze-sve-po-zakonu\\\/#primaryimage\",\"url\":\"https:\\\/\\\/radioljubuski.ba\\\/wp-content\\\/uploads\\\/2022\\\/06\\\/2-2022-06-23-07-56-09-kruzer-1.jpg\",\"contentUrl\":\"https:\\\/\\\/radioljubuski.ba\\\/wp-content\\\/uploads\\\/2022\\\/06\\\/2-2022-06-23-07-56-09-kruzer-1.jpg\",\"width\":1000,\"height\":625},{\"@type\":\"BreadcrumbList\",\"@id\":\"https:\\\/\\\/radioljubuski.ba\\\/index.php\\\/2022\\\/06\\\/24\\\/opcini-neum-ni-marke-od-uplovljavanja-broda-kapetanija-kaze-sve-po-zakonu\\\/#breadcrumb\",\"itemListElement\":[{\"@type\":\"ListItem\",\"position\":1,\"name\":\"Po\u010detna stranica\",\"item\":\"https:\\\/\\\/radioljubuski.ba\\\/\"},{\"@type\":\"ListItem\",\"position\":2,\"name\":\"Op\u0107ini Neum ni marke od uplovljavanja broda, kapetanija ka\u017ee sve po zakonu\"}]},{\"@type\":\"WebSite\",\"@id\":\"https:\\\/\\\/radioljubuski.ba\\\/#website\",\"url\":\"https:\\\/\\\/radioljubuski.ba\\\/\",\"name\":\"Radio Ljubu\u0161ki\",\"description\":\"Sun\u010dana frekvencija Hercegovine\",\"publisher\":{\"@id\":\"https:\\\/\\\/radioljubuski.ba\\\/#organization\"},\"potentialAction\":[{\"@type\":\"SearchAction\",\"target\":{\"@type\":\"EntryPoint\",\"urlTemplate\":\"https:\\\/\\\/radioljubuski.ba\\\/?s={search_term_string}\"},\"query-input\":{\"@type\":\"PropertyValueSpecification\",\"valueRequired\":true,\"valueName\":\"search_term_string\"}}],\"inLanguage\":\"hr\"},{\"@type\":\"Organization\",\"@id\":\"https:\\\/\\\/radioljubuski.ba\\\/#organization\",\"name\":\"Radio Ljubu\u0161ki\",\"url\":\"https:\\\/\\\/radioljubuski.ba\\\/\",\"logo\":{\"@type\":\"ImageObject\",\"inLanguage\":\"hr\",\"@id\":\"https:\\\/\\\/radioljubuski.ba\\\/#\\\/schema\\\/logo\\\/image\\\/\",\"url\":\"https:\\\/\\\/radioljubuski.ba\\\/wp-content\\\/uploads\\\/2021\\\/02\\\/cropped-Radio_Ljubuski_logo1.jpg\",\"contentUrl\":\"https:\\\/\\\/radioljubuski.ba\\\/wp-content\\\/uploads\\\/2021\\\/02\\\/cropped-Radio_Ljubuski_logo1.jpg\",\"width\":512,\"height\":512,\"caption\":\"Radio Ljubu\u0161ki\"},\"image\":{\"@id\":\"https:\\\/\\\/radioljubuski.ba\\\/#\\\/schema\\\/logo\\\/image\\\/\"},\"sameAs\":[\"https:\\\/\\\/www.facebook.com\\\/Radiio-Ljubuski-1490835324566332\",\"https:\\\/\\\/x.com\\\/radioljubuski\",\"https:\\\/\\\/hr.linkedin.com\\\/company\\\/radio-ljubuski\",\"https:\\\/\\\/www.youtube.com\\\/channel\\\/UCHYaeO_n0Db3tjNGudGpXyw\"]},{\"@type\":\"Person\",\"@id\":\"https:\\\/\\\/radioljubuski.ba\\\/#\\\/schema\\\/person\\\/19fc700381a780f69665d7956c469e3b\",\"name\":\"Radio Ljubu\u0161ki\"}]}<\/script>\n<!-- \/ Yoast SEO plugin. -->","yoast_head_json":{"title":"Op\u0107ini Neum ni marke od uplovljavanja broda, kapetanija ka\u017ee sve po zakonu - RADIO LJUBU\u0160KI","robots":{"index":"index","follow":"follow","max-snippet":"max-snippet:-1","max-image-preview":"max-image-preview:large","max-video-preview":"max-video-preview:-1"},"canonical":"https:\/\/radioljubuski.ba\/index.php\/2022\/06\/24\/opcini-neum-ni-marke-od-uplovljavanja-broda-kapetanija-kaze-sve-po-zakonu\/","og_locale":"hr_HR","og_type":"article","og_title":"Op\u0107ini Neum ni marke od uplovljavanja broda, kapetanija ka\u017ee sve po zakonu - RADIO LJUBU\u0160KI","og_description":"Ovih dana u Neumu, ali i \u0161ire, je glavna tema uplovljavanje putni\u010dkog broda \u201cBollete\u201d u neumski akvatorij. Podsje\u0107amo, gra\u0111ani su se okupili u mirni prosvjed protiv toga, na\u010delnik ka\u017ee da Op\u0107ina nema ni\u0161ta s uplovljavanjem te se i on sam pridru\u017eio gra\u0111anima. Portal Neum online je zatra\u017eio odgovore na pitanja o nadle\u017enosti, izdavanju dozvola, usidravanju [&hellip;]","og_url":"https:\/\/radioljubuski.ba\/index.php\/2022\/06\/24\/opcini-neum-ni-marke-od-uplovljavanja-broda-kapetanija-kaze-sve-po-zakonu\/","og_site_name":"RADIO LJUBU\u0160KI","article_publisher":"https:\/\/www.facebook.com\/Radiio-Ljubuski-1490835324566332","article_published_time":"2022-06-24T09:47:17+00:00","article_modified_time":"2022-06-24T09:47:19+00:00","og_image":[{"width":1000,"height":625,"url":"https:\/\/radioljubuski.ba\/wp-content\/uploads\/2022\/06\/2-2022-06-23-07-56-09-kruzer-1.jpg","type":"image\/jpeg"}],"author":"Radio Ljubu\u0161ki","twitter_card":"summary_large_image","twitter_creator":"@radioljubuski","twitter_site":"@radioljubuski","twitter_misc":{"Napisao\/la":"Radio Ljubu\u0161ki","Procijenjeno vrijeme \u010ditanja":"2 minute"},"schema":{"@context":"https:\/\/schema.org","@graph":[{"@type":"Article","@id":"https:\/\/radioljubuski.ba\/index.php\/2022\/06\/24\/opcini-neum-ni-marke-od-uplovljavanja-broda-kapetanija-kaze-sve-po-zakonu\/#article","isPartOf":{"@id":"https:\/\/radioljubuski.ba\/index.php\/2022\/06\/24\/opcini-neum-ni-marke-od-uplovljavanja-broda-kapetanija-kaze-sve-po-zakonu\/"},"author":{"name":"Radio Ljubu\u0161ki","@id":"https:\/\/radioljubuski.ba\/#\/schema\/person\/19fc700381a780f69665d7956c469e3b"},"headline":"Op\u0107ini Neum ni marke od uplovljavanja broda, kapetanija ka\u017ee sve po zakonu","datePublished":"2022-06-24T09:47:17+00:00","dateModified":"2022-06-24T09:47:19+00:00","mainEntityOfPage":{"@id":"https:\/\/radioljubuski.ba\/index.php\/2022\/06\/24\/opcini-neum-ni-marke-od-uplovljavanja-broda-kapetanija-kaze-sve-po-zakonu\/"},"wordCount":480,"publisher":{"@id":"https:\/\/radioljubuski.ba\/#organization"},"image":{"@id":"https:\/\/radioljubuski.ba\/index.php\/2022\/06\/24\/opcini-neum-ni-marke-od-uplovljavanja-broda-kapetanija-kaze-sve-po-zakonu\/#primaryimage"},"thumbnailUrl":"https:\/\/radioljubuski.ba\/wp-content\/uploads\/2022\/06\/2-2022-06-23-07-56-09-kruzer-1.jpg","articleSection":["BIH i regija"],"inLanguage":"hr"},{"@type":"WebPage","@id":"https:\/\/radioljubuski.ba\/index.php\/2022\/06\/24\/opcini-neum-ni-marke-od-uplovljavanja-broda-kapetanija-kaze-sve-po-zakonu\/","url":"https:\/\/radioljubuski.ba\/index.php\/2022\/06\/24\/opcini-neum-ni-marke-od-uplovljavanja-broda-kapetanija-kaze-sve-po-zakonu\/","name":"Op\u0107ini Neum ni marke od uplovljavanja broda, kapetanija ka\u017ee sve po zakonu - RADIO LJUBU\u0160KI","isPartOf":{"@id":"https:\/\/radioljubuski.ba\/#website"},"primaryImageOfPage":{"@id":"https:\/\/radioljubuski.ba\/index.php\/2022\/06\/24\/opcini-neum-ni-marke-od-uplovljavanja-broda-kapetanija-kaze-sve-po-zakonu\/#primaryimage"},"image":{"@id":"https:\/\/radioljubuski.ba\/index.php\/2022\/06\/24\/opcini-neum-ni-marke-od-uplovljavanja-broda-kapetanija-kaze-sve-po-zakonu\/#primaryimage"},"thumbnailUrl":"https:\/\/radioljubuski.ba\/wp-content\/uploads\/2022\/06\/2-2022-06-23-07-56-09-kruzer-1.jpg","datePublished":"2022-06-24T09:47:17+00:00","dateModified":"2022-06-24T09:47:19+00:00","breadcrumb":{"@id":"https:\/\/radioljubuski.ba\/index.php\/2022\/06\/24\/opcini-neum-ni-marke-od-uplovljavanja-broda-kapetanija-kaze-sve-po-zakonu\/#breadcrumb"},"inLanguage":"hr","potentialAction":[{"@type":"ReadAction","target":["https:\/\/radioljubuski.ba\/index.php\/2022\/06\/24\/opcini-neum-ni-marke-od-uplovljavanja-broda-kapetanija-kaze-sve-po-zakonu\/"]}]},{"@type":"ImageObject","inLanguage":"hr","@id":"https:\/\/radioljubuski.ba\/index.php\/2022\/06\/24\/opcini-neum-ni-marke-od-uplovljavanja-broda-kapetanija-kaze-sve-po-zakonu\/#primaryimage","url":"https:\/\/radioljubuski.ba\/wp-content\/uploads\/2022\/06\/2-2022-06-23-07-56-09-kruzer-1.jpg","contentUrl":"https:\/\/radioljubuski.ba\/wp-content\/uploads\/2022\/06\/2-2022-06-23-07-56-09-kruzer-1.jpg","width":1000,"height":625},{"@type":"BreadcrumbList","@id":"https:\/\/radioljubuski.ba\/index.php\/2022\/06\/24\/opcini-neum-ni-marke-od-uplovljavanja-broda-kapetanija-kaze-sve-po-zakonu\/#breadcrumb","itemListElement":[{"@type":"ListItem","position":1,"name":"Po\u010detna stranica","item":"https:\/\/radioljubuski.ba\/"},{"@type":"ListItem","position":2,"name":"Op\u0107ini Neum ni marke od uplovljavanja broda, kapetanija ka\u017ee sve po zakonu"}]},{"@type":"WebSite","@id":"https:\/\/radioljubuski.ba\/#website","url":"https:\/\/radioljubuski.ba\/","name":"Radio Ljubu\u0161ki","description":"Sun\u010dana frekvencija Hercegovine","publisher":{"@id":"https:\/\/radioljubuski.ba\/#organization"},"potentialAction":[{"@type":"SearchAction","target":{"@type":"EntryPoint","urlTemplate":"https:\/\/radioljubuski.ba\/?s={search_term_string}"},"query-input":{"@type":"PropertyValueSpecification","valueRequired":true,"valueName":"search_term_string"}}],"inLanguage":"hr"},{"@type":"Organization","@id":"https:\/\/radioljubuski.ba\/#organization","name":"Radio Ljubu\u0161ki","url":"https:\/\/radioljubuski.ba\/","logo":{"@type":"ImageObject","inLanguage":"hr","@id":"https:\/\/radioljubuski.ba\/#\/schema\/logo\/image\/","url":"https:\/\/radioljubuski.ba\/wp-content\/uploads\/2021\/02\/cropped-Radio_Ljubuski_logo1.jpg","contentUrl":"https:\/\/radioljubuski.ba\/wp-content\/uploads\/2021\/02\/cropped-Radio_Ljubuski_logo1.jpg","width":512,"height":512,"caption":"Radio Ljubu\u0161ki"},"image":{"@id":"https:\/\/radioljubuski.ba\/#\/schema\/logo\/image\/"},"sameAs":["https:\/\/www.facebook.com\/Radiio-Ljubuski-1490835324566332","https:\/\/x.com\/radioljubuski","https:\/\/hr.linkedin.com\/company\/radio-ljubuski","https:\/\/www.youtube.com\/channel\/UCHYaeO_n0Db3tjNGudGpXyw"]},{"@type":"Person","@id":"https:\/\/radioljubuski.ba\/#\/schema\/person\/19fc700381a780f69665d7956c469e3b","name":"Radio Ljubu\u0161ki"}]}},"_links":{"self":[{"href":"https:\/\/radioljubuski.ba\/index.php\/wp-json\/wp\/v2\/posts\/152880","targetHints":{"allow":["GET"]}}],"collection":[{"href":"https:\/\/radioljubuski.ba\/index.php\/wp-json\/wp\/v2\/posts"}],"about":[{"href":"https:\/\/radioljubuski.ba\/index.php\/wp-json\/wp\/v2\/types\/post"}],"author":[{"embeddable":true,"href":"https:\/\/radioljubuski.ba\/index.php\/wp-json\/wp\/v2\/users\/2"}],"replies":[{"embeddable":true,"href":"https:\/\/radioljubuski.ba\/index.php\/wp-json\/wp\/v2\/comments?post=152880"}],"version-history":[{"count":1,"href":"https:\/\/radioljubuski.ba\/index.php\/wp-json\/wp\/v2\/posts\/152880\/revisions"}],"predecessor-version":[{"id":152882,"href":"https:\/\/radioljubuski.ba\/index.php\/wp-json\/wp\/v2\/posts\/152880\/revisions\/152882"}],"wp:featuredmedia":[{"embeddable":true,"href":"https:\/\/radioljubuski.ba\/index.php\/wp-json\/wp\/v2\/media\/152881"}],"wp:attachment":[{"href":"https:\/\/radioljubuski.ba\/index.php\/wp-json\/wp\/v2\/media?parent=152880"}],"wp:term":[{"taxonomy":"category","embeddable":true,"href":"https:\/\/radioljubuski.ba\/index.php\/wp-json\/wp\/v2\/categories?post=152880"},{"taxonomy":"post_tag","embeddable":true,"href":"https:\/\/radioljubuski.ba\/index.php\/wp-json\/wp\/v2\/tags?post=152880"}],"curies":[{"name":"wp","href":"https:\/\/api.w.org\/{rel}","templated":true}]}}