{"id":152884,"date":"2022-06-24T10:48:18","date_gmt":"2022-06-24T09:48:18","guid":{"rendered":"https:\/\/radioljubuski.ba\/?p=152884"},"modified":"2022-06-24T10:48:19","modified_gmt":"2022-06-24T09:48:19","slug":"golob-bih-smo-izvukli-iz-europskog-zaborava-sada-sve-ovisi-od-tamosnjih-vlasti","status":"publish","type":"post","link":"https:\/\/radioljubuski.ba\/index.php\/2022\/06\/24\/golob-bih-smo-izvukli-iz-europskog-zaborava-sada-sve-ovisi-od-tamosnjih-vlasti\/","title":{"rendered":"Golob: BiH smo izvukli iz europskog zaborava, sada sve ovisi od tamo\u0161njih vlasti"},"content":{"rendered":"\n<p><strong>Slovenski premijer Robert Golob kazao je da nije razo\u010daran \u0161to BiH nije dobila status kandidata, naglasiv\u0161i da je pozitivno \u0161to je ta zemlja izvu\u010dena iz \u201ceuropskog zaborava\u201d.<\/strong><\/p>\n\n\n\n<p>\u2013 Nisam razo\u010daran i mislim da je do\u0161lo do va\u017enog pomaka na tu temu. Vo\u0111ena je o tome vrlo produbljena rasprava, \u010dime smo BiH izvukli iz jedne vrste europskog zaborava \u2013 rekao je novinarima nakon prvog dana summita slovenski premijer.<\/p>\n\n\n\n<p><strong>Bez konsenzusa<\/strong><\/p>\n\n\n\n<p>Slovenija je prije nekoliko dana iznijela prijedlog o dodjeli statusa kandidata Bosni i Hercegovini \u0161to je inicijativa koja je dobila podr\u0161ku jo\u0161 nekoliko zemalja ali na summitu nije bilo potrebnog konsenzusa.<\/p>\n\n\n\n<p>Na sastanku na vrhu EU u \u010detvrtak usvojeni su zaklju\u010dci o zapadnom Balkanu, u kojima su dva paragrafa posve\u0107ena Bosni i Hercegovini. U tim zaklju\u010dcima se prvi put navodi mogu\u0107nost da BiH dobije kandidatski status ako ispuni manji dio reformi od onih 14 prioriteta koje je Komisija postavila ranije u svom mi\u0161ljenju.<\/p>\n\n\n\n<p>Osvr\u0107u\u0107i se na zaklju\u010dke skupa, Golob je rekao da je za BiH postavljen vremenski okvir u kojemu bi se pitanje njene kandidature opet na\u0161lo na dnevnom redu Vije\u0107a Europske unije, a tada bi se, kako je pojasnio, do\u0161lo i do \u201ckonkretnog rje\u0161enja\u201d glede njenog statusa u pribli\u017eavanju Europskoj uniji.<\/p>\n\n\n\n<p><strong>Klju\u010dni kriteriji<\/strong><\/p>\n\n\n\n<p>Predvi\u0111eno je da \u0107e EK izvje\u0161taj o BiH pripremiti do listopada, nakon \u010dega bi se po mi\u0161ljenju Goloba moglo realnije ocijeniti kad bi BiH mogla dobiti status kandidata.<\/p>\n\n\n\n<p>\u2013 Sasvim je mogu\u0107e da se to dogodi i do kraja ove godine, ali to ne ovisi ni o Sloveniji niti o Europskoj komisiji nego o vlastima Bosne i Hercegovine \u2013 kazao je Golob.<\/p>\n\n\n\n<p>On je upozorio da \u0107e se u novom izvje\u0161taju Komisije odlu\u010divati o tome kako BiH ispunjava 14 prioritetnih zada\u0107a koje su joj odre\u0111ene prilikom tra\u017eenja statusa kandidata za \u010dlanstvo, pri \u010demu se BiH mora koncentrirati na klju\u010dne kriterije.<\/p>\n\n\n\n<p>\/Hina\/HMS\/<\/p>\n","protected":false},"excerpt":{"rendered":"<p>Slovenski premijer Robert Golob kazao je da nije razo\u010daran \u0161to BiH nije dobila status kandidata, naglasiv\u0161i da je pozitivno \u0161to je ta zemlja izvu\u010dena iz \u201ceuropskog zaborava\u201d. \u2013 Nisam razo\u010daran i mislim da je do\u0161lo do va\u017enog pomaka na tu temu. Vo\u0111ena je o tome vrlo produbljena rasprava, \u010dime smo BiH izvukli iz jedne vrste [&hellip;]<\/p>\n","protected":false},"author":2,"featured_media":152885,"comment_status":"closed","ping_status":"closed","sticky":false,"template":"","format":"standard","meta":{"h5ap_radio_sources":[],"footnotes":""},"categories":[1],"tags":[],"class_list":["post-152884","post","type-post","status-publish","format-standard","has-post-thumbnail","hentry","category-bihiregija"],"yoast_head":"<!-- This site is optimized with the Yoast SEO plugin v27.5 - https:\/\/yoast.com\/product\/yoast-seo-wordpress\/ -->\n<title>Golob: BiH smo izvukli iz europskog zaborava, sada sve ovisi od tamo\u0161njih vlasti - RADIO LJUBU\u0160KI<\/title>\n<meta name=\"robots\" content=\"index, follow, max-snippet:-1, max-image-preview:large, max-video-preview:-1\" \/>\n<link rel=\"canonical\" href=\"https:\/\/radioljubuski.ba\/index.php\/2022\/06\/24\/golob-bih-smo-izvukli-iz-europskog-zaborava-sada-sve-ovisi-od-tamosnjih-vlasti\/\" \/>\n<meta property=\"og:locale\" content=\"hr_HR\" \/>\n<meta property=\"og:type\" content=\"article\" \/>\n<meta property=\"og:title\" content=\"Golob: BiH smo izvukli iz europskog zaborava, sada sve ovisi od tamo\u0161njih vlasti - RADIO LJUBU\u0160KI\" \/>\n<meta property=\"og:description\" content=\"Slovenski premijer Robert Golob kazao je da nije razo\u010daran \u0161to BiH nije dobila status kandidata, naglasiv\u0161i da je pozitivno \u0161to je ta zemlja izvu\u010dena iz \u201ceuropskog zaborava\u201d. \u2013 Nisam razo\u010daran i mislim da je do\u0161lo do va\u017enog pomaka na tu temu. Vo\u0111ena je o tome vrlo produbljena rasprava, \u010dime smo BiH izvukli iz jedne vrste [&hellip;]\" \/>\n<meta property=\"og:url\" content=\"https:\/\/radioljubuski.ba\/index.php\/2022\/06\/24\/golob-bih-smo-izvukli-iz-europskog-zaborava-sada-sve-ovisi-od-tamosnjih-vlasti\/\" \/>\n<meta property=\"og:site_name\" content=\"RADIO LJUBU\u0160KI\" \/>\n<meta property=\"article:publisher\" content=\"https:\/\/www.facebook.com\/Radiio-Ljubuski-1490835324566332\" \/>\n<meta property=\"article:published_time\" content=\"2022-06-24T09:48:18+00:00\" \/>\n<meta property=\"article:modified_time\" content=\"2022-06-24T09:48:19+00:00\" \/>\n<meta property=\"og:image\" content=\"https:\/\/radioljubuski.ba\/wp-content\/uploads\/2022\/06\/golob.jpg\" \/>\n\t<meta property=\"og:image:width\" content=\"750\" \/>\n\t<meta property=\"og:image:height\" content=\"465\" \/>\n\t<meta property=\"og:image:type\" content=\"image\/jpeg\" \/>\n<meta name=\"author\" content=\"Radio Ljubu\u0161ki\" \/>\n<meta name=\"twitter:card\" content=\"summary_large_image\" \/>\n<meta name=\"twitter:creator\" content=\"@radioljubuski\" \/>\n<meta name=\"twitter:site\" content=\"@radioljubuski\" \/>\n<meta name=\"twitter:label1\" content=\"Napisao\/la\" \/>\n\t<meta name=\"twitter:data1\" content=\"Radio Ljubu\u0161ki\" \/>\n\t<meta name=\"twitter:label2\" content=\"Procijenjeno vrijeme \u010ditanja\" \/>\n\t<meta name=\"twitter:data2\" content=\"2 minute\" \/>\n<script type=\"application\/ld+json\" class=\"yoast-schema-graph\">{\"@context\":\"https:\\\/\\\/schema.org\",\"@graph\":[{\"@type\":\"Article\",\"@id\":\"https:\\\/\\\/radioljubuski.ba\\\/index.php\\\/2022\\\/06\\\/24\\\/golob-bih-smo-izvukli-iz-europskog-zaborava-sada-sve-ovisi-od-tamosnjih-vlasti\\\/#article\",\"isPartOf\":{\"@id\":\"https:\\\/\\\/radioljubuski.ba\\\/index.php\\\/2022\\\/06\\\/24\\\/golob-bih-smo-izvukli-iz-europskog-zaborava-sada-sve-ovisi-od-tamosnjih-vlasti\\\/\"},\"author\":{\"name\":\"Radio Ljubu\u0161ki\",\"@id\":\"https:\\\/\\\/radioljubuski.ba\\\/#\\\/schema\\\/person\\\/19fc700381a780f69665d7956c469e3b\"},\"headline\":\"Golob: BiH smo izvukli iz europskog zaborava, sada sve ovisi od tamo\u0161njih vlasti\",\"datePublished\":\"2022-06-24T09:48:18+00:00\",\"dateModified\":\"2022-06-24T09:48:19+00:00\",\"mainEntityOfPage\":{\"@id\":\"https:\\\/\\\/radioljubuski.ba\\\/index.php\\\/2022\\\/06\\\/24\\\/golob-bih-smo-izvukli-iz-europskog-zaborava-sada-sve-ovisi-od-tamosnjih-vlasti\\\/\"},\"wordCount\":345,\"publisher\":{\"@id\":\"https:\\\/\\\/radioljubuski.ba\\\/#organization\"},\"image\":{\"@id\":\"https:\\\/\\\/radioljubuski.ba\\\/index.php\\\/2022\\\/06\\\/24\\\/golob-bih-smo-izvukli-iz-europskog-zaborava-sada-sve-ovisi-od-tamosnjih-vlasti\\\/#primaryimage\"},\"thumbnailUrl\":\"https:\\\/\\\/radioljubuski.ba\\\/wp-content\\\/uploads\\\/2022\\\/06\\\/golob.jpg\",\"articleSection\":[\"BIH i regija\"],\"inLanguage\":\"hr\"},{\"@type\":\"WebPage\",\"@id\":\"https:\\\/\\\/radioljubuski.ba\\\/index.php\\\/2022\\\/06\\\/24\\\/golob-bih-smo-izvukli-iz-europskog-zaborava-sada-sve-ovisi-od-tamosnjih-vlasti\\\/\",\"url\":\"https:\\\/\\\/radioljubuski.ba\\\/index.php\\\/2022\\\/06\\\/24\\\/golob-bih-smo-izvukli-iz-europskog-zaborava-sada-sve-ovisi-od-tamosnjih-vlasti\\\/\",\"name\":\"Golob: BiH smo izvukli iz europskog zaborava, sada sve ovisi od tamo\u0161njih vlasti - RADIO LJUBU\u0160KI\",\"isPartOf\":{\"@id\":\"https:\\\/\\\/radioljubuski.ba\\\/#website\"},\"primaryImageOfPage\":{\"@id\":\"https:\\\/\\\/radioljubuski.ba\\\/index.php\\\/2022\\\/06\\\/24\\\/golob-bih-smo-izvukli-iz-europskog-zaborava-sada-sve-ovisi-od-tamosnjih-vlasti\\\/#primaryimage\"},\"image\":{\"@id\":\"https:\\\/\\\/radioljubuski.ba\\\/index.php\\\/2022\\\/06\\\/24\\\/golob-bih-smo-izvukli-iz-europskog-zaborava-sada-sve-ovisi-od-tamosnjih-vlasti\\\/#primaryimage\"},\"thumbnailUrl\":\"https:\\\/\\\/radioljubuski.ba\\\/wp-content\\\/uploads\\\/2022\\\/06\\\/golob.jpg\",\"datePublished\":\"2022-06-24T09:48:18+00:00\",\"dateModified\":\"2022-06-24T09:48:19+00:00\",\"breadcrumb\":{\"@id\":\"https:\\\/\\\/radioljubuski.ba\\\/index.php\\\/2022\\\/06\\\/24\\\/golob-bih-smo-izvukli-iz-europskog-zaborava-sada-sve-ovisi-od-tamosnjih-vlasti\\\/#breadcrumb\"},\"inLanguage\":\"hr\",\"potentialAction\":[{\"@type\":\"ReadAction\",\"target\":[\"https:\\\/\\\/radioljubuski.ba\\\/index.php\\\/2022\\\/06\\\/24\\\/golob-bih-smo-izvukli-iz-europskog-zaborava-sada-sve-ovisi-od-tamosnjih-vlasti\\\/\"]}]},{\"@type\":\"ImageObject\",\"inLanguage\":\"hr\",\"@id\":\"https:\\\/\\\/radioljubuski.ba\\\/index.php\\\/2022\\\/06\\\/24\\\/golob-bih-smo-izvukli-iz-europskog-zaborava-sada-sve-ovisi-od-tamosnjih-vlasti\\\/#primaryimage\",\"url\":\"https:\\\/\\\/radioljubuski.ba\\\/wp-content\\\/uploads\\\/2022\\\/06\\\/golob.jpg\",\"contentUrl\":\"https:\\\/\\\/radioljubuski.ba\\\/wp-content\\\/uploads\\\/2022\\\/06\\\/golob.jpg\",\"width\":750,\"height\":465},{\"@type\":\"BreadcrumbList\",\"@id\":\"https:\\\/\\\/radioljubuski.ba\\\/index.php\\\/2022\\\/06\\\/24\\\/golob-bih-smo-izvukli-iz-europskog-zaborava-sada-sve-ovisi-od-tamosnjih-vlasti\\\/#breadcrumb\",\"itemListElement\":[{\"@type\":\"ListItem\",\"position\":1,\"name\":\"Po\u010detna stranica\",\"item\":\"https:\\\/\\\/radioljubuski.ba\\\/\"},{\"@type\":\"ListItem\",\"position\":2,\"name\":\"Golob: BiH smo izvukli iz europskog zaborava, sada sve ovisi od tamo\u0161njih vlasti\"}]},{\"@type\":\"WebSite\",\"@id\":\"https:\\\/\\\/radioljubuski.ba\\\/#website\",\"url\":\"https:\\\/\\\/radioljubuski.ba\\\/\",\"name\":\"Radio Ljubu\u0161ki\",\"description\":\"Sun\u010dana frekvencija Hercegovine\",\"publisher\":{\"@id\":\"https:\\\/\\\/radioljubuski.ba\\\/#organization\"},\"potentialAction\":[{\"@type\":\"SearchAction\",\"target\":{\"@type\":\"EntryPoint\",\"urlTemplate\":\"https:\\\/\\\/radioljubuski.ba\\\/?s={search_term_string}\"},\"query-input\":{\"@type\":\"PropertyValueSpecification\",\"valueRequired\":true,\"valueName\":\"search_term_string\"}}],\"inLanguage\":\"hr\"},{\"@type\":\"Organization\",\"@id\":\"https:\\\/\\\/radioljubuski.ba\\\/#organization\",\"name\":\"Radio Ljubu\u0161ki\",\"url\":\"https:\\\/\\\/radioljubuski.ba\\\/\",\"logo\":{\"@type\":\"ImageObject\",\"inLanguage\":\"hr\",\"@id\":\"https:\\\/\\\/radioljubuski.ba\\\/#\\\/schema\\\/logo\\\/image\\\/\",\"url\":\"https:\\\/\\\/radioljubuski.ba\\\/wp-content\\\/uploads\\\/2021\\\/02\\\/cropped-Radio_Ljubuski_logo1.jpg\",\"contentUrl\":\"https:\\\/\\\/radioljubuski.ba\\\/wp-content\\\/uploads\\\/2021\\\/02\\\/cropped-Radio_Ljubuski_logo1.jpg\",\"width\":512,\"height\":512,\"caption\":\"Radio Ljubu\u0161ki\"},\"image\":{\"@id\":\"https:\\\/\\\/radioljubuski.ba\\\/#\\\/schema\\\/logo\\\/image\\\/\"},\"sameAs\":[\"https:\\\/\\\/www.facebook.com\\\/Radiio-Ljubuski-1490835324566332\",\"https:\\\/\\\/x.com\\\/radioljubuski\",\"https:\\\/\\\/hr.linkedin.com\\\/company\\\/radio-ljubuski\",\"https:\\\/\\\/www.youtube.com\\\/channel\\\/UCHYaeO_n0Db3tjNGudGpXyw\"]},{\"@type\":\"Person\",\"@id\":\"https:\\\/\\\/radioljubuski.ba\\\/#\\\/schema\\\/person\\\/19fc700381a780f69665d7956c469e3b\",\"name\":\"Radio Ljubu\u0161ki\"}]}<\/script>\n<!-- \/ Yoast SEO plugin. -->","yoast_head_json":{"title":"Golob: BiH smo izvukli iz europskog zaborava, sada sve ovisi od tamo\u0161njih vlasti - RADIO LJUBU\u0160KI","robots":{"index":"index","follow":"follow","max-snippet":"max-snippet:-1","max-image-preview":"max-image-preview:large","max-video-preview":"max-video-preview:-1"},"canonical":"https:\/\/radioljubuski.ba\/index.php\/2022\/06\/24\/golob-bih-smo-izvukli-iz-europskog-zaborava-sada-sve-ovisi-od-tamosnjih-vlasti\/","og_locale":"hr_HR","og_type":"article","og_title":"Golob: BiH smo izvukli iz europskog zaborava, sada sve ovisi od tamo\u0161njih vlasti - RADIO LJUBU\u0160KI","og_description":"Slovenski premijer Robert Golob kazao je da nije razo\u010daran \u0161to BiH nije dobila status kandidata, naglasiv\u0161i da je pozitivno \u0161to je ta zemlja izvu\u010dena iz \u201ceuropskog zaborava\u201d. \u2013 Nisam razo\u010daran i mislim da je do\u0161lo do va\u017enog pomaka na tu temu. Vo\u0111ena je o tome vrlo produbljena rasprava, \u010dime smo BiH izvukli iz jedne vrste [&hellip;]","og_url":"https:\/\/radioljubuski.ba\/index.php\/2022\/06\/24\/golob-bih-smo-izvukli-iz-europskog-zaborava-sada-sve-ovisi-od-tamosnjih-vlasti\/","og_site_name":"RADIO LJUBU\u0160KI","article_publisher":"https:\/\/www.facebook.com\/Radiio-Ljubuski-1490835324566332","article_published_time":"2022-06-24T09:48:18+00:00","article_modified_time":"2022-06-24T09:48:19+00:00","og_image":[{"width":750,"height":465,"url":"https:\/\/radioljubuski.ba\/wp-content\/uploads\/2022\/06\/golob.jpg","type":"image\/jpeg"}],"author":"Radio Ljubu\u0161ki","twitter_card":"summary_large_image","twitter_creator":"@radioljubuski","twitter_site":"@radioljubuski","twitter_misc":{"Napisao\/la":"Radio Ljubu\u0161ki","Procijenjeno vrijeme \u010ditanja":"2 minute"},"schema":{"@context":"https:\/\/schema.org","@graph":[{"@type":"Article","@id":"https:\/\/radioljubuski.ba\/index.php\/2022\/06\/24\/golob-bih-smo-izvukli-iz-europskog-zaborava-sada-sve-ovisi-od-tamosnjih-vlasti\/#article","isPartOf":{"@id":"https:\/\/radioljubuski.ba\/index.php\/2022\/06\/24\/golob-bih-smo-izvukli-iz-europskog-zaborava-sada-sve-ovisi-od-tamosnjih-vlasti\/"},"author":{"name":"Radio Ljubu\u0161ki","@id":"https:\/\/radioljubuski.ba\/#\/schema\/person\/19fc700381a780f69665d7956c469e3b"},"headline":"Golob: BiH smo izvukli iz europskog zaborava, sada sve ovisi od tamo\u0161njih vlasti","datePublished":"2022-06-24T09:48:18+00:00","dateModified":"2022-06-24T09:48:19+00:00","mainEntityOfPage":{"@id":"https:\/\/radioljubuski.ba\/index.php\/2022\/06\/24\/golob-bih-smo-izvukli-iz-europskog-zaborava-sada-sve-ovisi-od-tamosnjih-vlasti\/"},"wordCount":345,"publisher":{"@id":"https:\/\/radioljubuski.ba\/#organization"},"image":{"@id":"https:\/\/radioljubuski.ba\/index.php\/2022\/06\/24\/golob-bih-smo-izvukli-iz-europskog-zaborava-sada-sve-ovisi-od-tamosnjih-vlasti\/#primaryimage"},"thumbnailUrl":"https:\/\/radioljubuski.ba\/wp-content\/uploads\/2022\/06\/golob.jpg","articleSection":["BIH i regija"],"inLanguage":"hr"},{"@type":"WebPage","@id":"https:\/\/radioljubuski.ba\/index.php\/2022\/06\/24\/golob-bih-smo-izvukli-iz-europskog-zaborava-sada-sve-ovisi-od-tamosnjih-vlasti\/","url":"https:\/\/radioljubuski.ba\/index.php\/2022\/06\/24\/golob-bih-smo-izvukli-iz-europskog-zaborava-sada-sve-ovisi-od-tamosnjih-vlasti\/","name":"Golob: BiH smo izvukli iz europskog zaborava, sada sve ovisi od tamo\u0161njih vlasti - RADIO LJUBU\u0160KI","isPartOf":{"@id":"https:\/\/radioljubuski.ba\/#website"},"primaryImageOfPage":{"@id":"https:\/\/radioljubuski.ba\/index.php\/2022\/06\/24\/golob-bih-smo-izvukli-iz-europskog-zaborava-sada-sve-ovisi-od-tamosnjih-vlasti\/#primaryimage"},"image":{"@id":"https:\/\/radioljubuski.ba\/index.php\/2022\/06\/24\/golob-bih-smo-izvukli-iz-europskog-zaborava-sada-sve-ovisi-od-tamosnjih-vlasti\/#primaryimage"},"thumbnailUrl":"https:\/\/radioljubuski.ba\/wp-content\/uploads\/2022\/06\/golob.jpg","datePublished":"2022-06-24T09:48:18+00:00","dateModified":"2022-06-24T09:48:19+00:00","breadcrumb":{"@id":"https:\/\/radioljubuski.ba\/index.php\/2022\/06\/24\/golob-bih-smo-izvukli-iz-europskog-zaborava-sada-sve-ovisi-od-tamosnjih-vlasti\/#breadcrumb"},"inLanguage":"hr","potentialAction":[{"@type":"ReadAction","target":["https:\/\/radioljubuski.ba\/index.php\/2022\/06\/24\/golob-bih-smo-izvukli-iz-europskog-zaborava-sada-sve-ovisi-od-tamosnjih-vlasti\/"]}]},{"@type":"ImageObject","inLanguage":"hr","@id":"https:\/\/radioljubuski.ba\/index.php\/2022\/06\/24\/golob-bih-smo-izvukli-iz-europskog-zaborava-sada-sve-ovisi-od-tamosnjih-vlasti\/#primaryimage","url":"https:\/\/radioljubuski.ba\/wp-content\/uploads\/2022\/06\/golob.jpg","contentUrl":"https:\/\/radioljubuski.ba\/wp-content\/uploads\/2022\/06\/golob.jpg","width":750,"height":465},{"@type":"BreadcrumbList","@id":"https:\/\/radioljubuski.ba\/index.php\/2022\/06\/24\/golob-bih-smo-izvukli-iz-europskog-zaborava-sada-sve-ovisi-od-tamosnjih-vlasti\/#breadcrumb","itemListElement":[{"@type":"ListItem","position":1,"name":"Po\u010detna stranica","item":"https:\/\/radioljubuski.ba\/"},{"@type":"ListItem","position":2,"name":"Golob: BiH smo izvukli iz europskog zaborava, sada sve ovisi od tamo\u0161njih vlasti"}]},{"@type":"WebSite","@id":"https:\/\/radioljubuski.ba\/#website","url":"https:\/\/radioljubuski.ba\/","name":"Radio Ljubu\u0161ki","description":"Sun\u010dana frekvencija Hercegovine","publisher":{"@id":"https:\/\/radioljubuski.ba\/#organization"},"potentialAction":[{"@type":"SearchAction","target":{"@type":"EntryPoint","urlTemplate":"https:\/\/radioljubuski.ba\/?s={search_term_string}"},"query-input":{"@type":"PropertyValueSpecification","valueRequired":true,"valueName":"search_term_string"}}],"inLanguage":"hr"},{"@type":"Organization","@id":"https:\/\/radioljubuski.ba\/#organization","name":"Radio Ljubu\u0161ki","url":"https:\/\/radioljubuski.ba\/","logo":{"@type":"ImageObject","inLanguage":"hr","@id":"https:\/\/radioljubuski.ba\/#\/schema\/logo\/image\/","url":"https:\/\/radioljubuski.ba\/wp-content\/uploads\/2021\/02\/cropped-Radio_Ljubuski_logo1.jpg","contentUrl":"https:\/\/radioljubuski.ba\/wp-content\/uploads\/2021\/02\/cropped-Radio_Ljubuski_logo1.jpg","width":512,"height":512,"caption":"Radio Ljubu\u0161ki"},"image":{"@id":"https:\/\/radioljubuski.ba\/#\/schema\/logo\/image\/"},"sameAs":["https:\/\/www.facebook.com\/Radiio-Ljubuski-1490835324566332","https:\/\/x.com\/radioljubuski","https:\/\/hr.linkedin.com\/company\/radio-ljubuski","https:\/\/www.youtube.com\/channel\/UCHYaeO_n0Db3tjNGudGpXyw"]},{"@type":"Person","@id":"https:\/\/radioljubuski.ba\/#\/schema\/person\/19fc700381a780f69665d7956c469e3b","name":"Radio Ljubu\u0161ki"}]}},"_links":{"self":[{"href":"https:\/\/radioljubuski.ba\/index.php\/wp-json\/wp\/v2\/posts\/152884","targetHints":{"allow":["GET"]}}],"collection":[{"href":"https:\/\/radioljubuski.ba\/index.php\/wp-json\/wp\/v2\/posts"}],"about":[{"href":"https:\/\/radioljubuski.ba\/index.php\/wp-json\/wp\/v2\/types\/post"}],"author":[{"embeddable":true,"href":"https:\/\/radioljubuski.ba\/index.php\/wp-json\/wp\/v2\/users\/2"}],"replies":[{"embeddable":true,"href":"https:\/\/radioljubuski.ba\/index.php\/wp-json\/wp\/v2\/comments?post=152884"}],"version-history":[{"count":1,"href":"https:\/\/radioljubuski.ba\/index.php\/wp-json\/wp\/v2\/posts\/152884\/revisions"}],"predecessor-version":[{"id":152886,"href":"https:\/\/radioljubuski.ba\/index.php\/wp-json\/wp\/v2\/posts\/152884\/revisions\/152886"}],"wp:featuredmedia":[{"embeddable":true,"href":"https:\/\/radioljubuski.ba\/index.php\/wp-json\/wp\/v2\/media\/152885"}],"wp:attachment":[{"href":"https:\/\/radioljubuski.ba\/index.php\/wp-json\/wp\/v2\/media?parent=152884"}],"wp:term":[{"taxonomy":"category","embeddable":true,"href":"https:\/\/radioljubuski.ba\/index.php\/wp-json\/wp\/v2\/categories?post=152884"},{"taxonomy":"post_tag","embeddable":true,"href":"https:\/\/radioljubuski.ba\/index.php\/wp-json\/wp\/v2\/tags?post=152884"}],"curies":[{"name":"wp","href":"https:\/\/api.w.org\/{rel}","templated":true}]}}