{"id":152903,"date":"2022-06-24T11:37:56","date_gmt":"2022-06-24T10:37:56","guid":{"rendered":"https:\/\/radioljubuski.ba\/?p=152903"},"modified":"2022-06-24T11:37:57","modified_gmt":"2022-06-24T10:37:57","slug":"koncert-fra-zvonimira-pavicica-u-sovicima","status":"publish","type":"post","link":"https:\/\/radioljubuski.ba\/index.php\/2022\/06\/24\/koncert-fra-zvonimira-pavicica-u-sovicima\/","title":{"rendered":"Koncert fra Zvonimira Pavi\u010di\u0107a u Sovi\u0107ima"},"content":{"rendered":"\n<h5 class=\"wp-block-heading\">U ponedjeljak 27.06.2022. godine na drugu ve\u010der trodnevnice svetom Petru i Pavlu u Sovi\u0107ima, a u sklopu Kulturnog ljeta 2022. godine u \u017eupi Gorica-Sovi\u0107i, nakon Svete mise koja \u0107e se slaviti s po\u010detkom u 19:00 sati odr\u017eat \u0107e se koncert duhovne glazbe u izvedbi fra Zvonimira Pavi\u010di\u0107a \u017eupnog vikara iz Me\u0111ugorju.<\/h5>\n\n\n\n<p>Fra Zvonimir u svom sve\u0107eni\u010dkom \u017eivotu posebno isti\u010de\u00a0ljubav prema liturgiji i liturgijskoj glazbi\u00a0s naglaskom na gregorijanske napjeve.<\/p>\n\n\n\n<p>Ve\u0107 pet godina na radio postaji Mir Me\u0111ugorje ure\u0111uje i\u00a0vodi emisiju\u00a0o liturgijskoj glazbi u kojoj nastoji vjernicima pribli\u017eiti sami pojam liturgijske glazbe i njezinu svrhu u liturgiji.<\/p>\n\n\n\n<p>Voditelj je glazbene sekcije Frame i Zbora Frame Hercegovine.<\/p>\n\n\n\n<p>Na koncertu \u0107e uz njega nastupiti i glazbena sekcija Frame\u00a0Me\u0111ugorje, koji se svojim pjevanjem uveli\u010dati misno slavlje.<\/p>\n\n\n\n<figure class=\"wp-block-embed is-type-video is-provider-youtube wp-block-embed-youtube wp-embed-aspect-16-9 wp-has-aspect-ratio\"><div class=\"wp-block-embed__wrapper\">\nhttps:\/\/www.youtube.com\/watch?v=OGUyQ1hwIjM&#038;t=2s\n<\/div><\/figure>\n\n\n\n<p>Izvor<a href=\"https:\/\/www.jabuka.tv\/koncert-fra-zvonimira-pavicica-u-sovicima\/\">:Jabuka.tv<\/a><\/p>\n","protected":false},"excerpt":{"rendered":"<p>U ponedjeljak 27.06.2022. godine na drugu ve\u010der trodnevnice svetom Petru i Pavlu u Sovi\u0107ima, a u sklopu Kulturnog ljeta 2022. godine u \u017eupi Gorica-Sovi\u0107i, nakon Svete mise koja \u0107e se slaviti s po\u010detkom u 19:00 sati odr\u017eat \u0107e se koncert duhovne glazbe u izvedbi fra Zvonimira Pavi\u010di\u0107a \u017eupnog vikara iz Me\u0111ugorju. Fra Zvonimir u svom [&hellip;]<\/p>\n","protected":false},"author":2,"featured_media":152904,"comment_status":"closed","ping_status":"closed","sticky":false,"template":"","format":"standard","meta":{"h5ap_radio_sources":[],"footnotes":""},"categories":[1],"tags":[],"class_list":["post-152903","post","type-post","status-publish","format-standard","has-post-thumbnail","hentry","category-bihiregija"],"yoast_head":"<!-- This site is optimized with the Yoast SEO plugin v27.4 - https:\/\/yoast.com\/product\/yoast-seo-wordpress\/ -->\n<title>Koncert fra Zvonimira Pavi\u010di\u0107a u Sovi\u0107ima - RADIO LJUBU\u0160KI<\/title>\n<meta name=\"robots\" content=\"index, follow, max-snippet:-1, max-image-preview:large, max-video-preview:-1\" \/>\n<link rel=\"canonical\" href=\"https:\/\/radioljubuski.ba\/index.php\/2022\/06\/24\/koncert-fra-zvonimira-pavicica-u-sovicima\/\" \/>\n<meta property=\"og:locale\" content=\"hr_HR\" \/>\n<meta property=\"og:type\" content=\"article\" \/>\n<meta property=\"og:title\" content=\"Koncert fra Zvonimira Pavi\u010di\u0107a u Sovi\u0107ima - RADIO LJUBU\u0160KI\" \/>\n<meta property=\"og:description\" content=\"U ponedjeljak 27.06.2022. godine na drugu ve\u010der trodnevnice svetom Petru i Pavlu u Sovi\u0107ima, a u sklopu Kulturnog ljeta 2022. godine u \u017eupi Gorica-Sovi\u0107i, nakon Svete mise koja \u0107e se slaviti s po\u010detkom u 19:00 sati odr\u017eat \u0107e se koncert duhovne glazbe u izvedbi fra Zvonimira Pavi\u010di\u0107a \u017eupnog vikara iz Me\u0111ugorju. Fra Zvonimir u svom [&hellip;]\" \/>\n<meta property=\"og:url\" content=\"https:\/\/radioljubuski.ba\/index.php\/2022\/06\/24\/koncert-fra-zvonimira-pavicica-u-sovicima\/\" \/>\n<meta property=\"og:site_name\" content=\"RADIO LJUBU\u0160KI\" \/>\n<meta property=\"article:publisher\" content=\"https:\/\/www.facebook.com\/Radiio-Ljubuski-1490835324566332\" \/>\n<meta property=\"article:published_time\" content=\"2022-06-24T10:37:56+00:00\" \/>\n<meta property=\"article:modified_time\" content=\"2022-06-24T10:37:57+00:00\" \/>\n<meta property=\"og:image\" content=\"https:\/\/radioljubuski.ba\/wp-content\/uploads\/2022\/06\/fra-Zvonimir-Pavicic.jpg\" \/>\n\t<meta property=\"og:image:width\" content=\"810\" \/>\n\t<meta property=\"og:image:height\" content=\"561\" \/>\n\t<meta property=\"og:image:type\" content=\"image\/jpeg\" \/>\n<meta name=\"author\" content=\"Radio Ljubu\u0161ki\" \/>\n<meta name=\"twitter:card\" content=\"summary_large_image\" \/>\n<meta name=\"twitter:creator\" content=\"@radioljubuski\" \/>\n<meta name=\"twitter:site\" content=\"@radioljubuski\" \/>\n<meta name=\"twitter:label1\" content=\"Napisao\/la\" \/>\n\t<meta name=\"twitter:data1\" content=\"Radio Ljubu\u0161ki\" \/>\n\t<meta name=\"twitter:label2\" content=\"Procijenjeno vrijeme \u010ditanja\" \/>\n\t<meta name=\"twitter:data2\" content=\"1 minuta\" \/>\n<script type=\"application\/ld+json\" class=\"yoast-schema-graph\">{\"@context\":\"https:\\\/\\\/schema.org\",\"@graph\":[{\"@type\":\"Article\",\"@id\":\"https:\\\/\\\/radioljubuski.ba\\\/index.php\\\/2022\\\/06\\\/24\\\/koncert-fra-zvonimira-pavicica-u-sovicima\\\/#article\",\"isPartOf\":{\"@id\":\"https:\\\/\\\/radioljubuski.ba\\\/index.php\\\/2022\\\/06\\\/24\\\/koncert-fra-zvonimira-pavicica-u-sovicima\\\/\"},\"author\":{\"name\":\"Radio Ljubu\u0161ki\",\"@id\":\"https:\\\/\\\/radioljubuski.ba\\\/#\\\/schema\\\/person\\\/19fc700381a780f69665d7956c469e3b\"},\"headline\":\"Koncert fra Zvonimira Pavi\u010di\u0107a u Sovi\u0107ima\",\"datePublished\":\"2022-06-24T10:37:56+00:00\",\"dateModified\":\"2022-06-24T10:37:57+00:00\",\"mainEntityOfPage\":{\"@id\":\"https:\\\/\\\/radioljubuski.ba\\\/index.php\\\/2022\\\/06\\\/24\\\/koncert-fra-zvonimira-pavicica-u-sovicima\\\/\"},\"wordCount\":162,\"publisher\":{\"@id\":\"https:\\\/\\\/radioljubuski.ba\\\/#organization\"},\"image\":{\"@id\":\"https:\\\/\\\/radioljubuski.ba\\\/index.php\\\/2022\\\/06\\\/24\\\/koncert-fra-zvonimira-pavicica-u-sovicima\\\/#primaryimage\"},\"thumbnailUrl\":\"https:\\\/\\\/radioljubuski.ba\\\/wp-content\\\/uploads\\\/2022\\\/06\\\/fra-Zvonimir-Pavicic.jpg\",\"articleSection\":[\"BIH i regija\"],\"inLanguage\":\"hr\"},{\"@type\":\"WebPage\",\"@id\":\"https:\\\/\\\/radioljubuski.ba\\\/index.php\\\/2022\\\/06\\\/24\\\/koncert-fra-zvonimira-pavicica-u-sovicima\\\/\",\"url\":\"https:\\\/\\\/radioljubuski.ba\\\/index.php\\\/2022\\\/06\\\/24\\\/koncert-fra-zvonimira-pavicica-u-sovicima\\\/\",\"name\":\"Koncert fra Zvonimira Pavi\u010di\u0107a u Sovi\u0107ima - RADIO LJUBU\u0160KI\",\"isPartOf\":{\"@id\":\"https:\\\/\\\/radioljubuski.ba\\\/#website\"},\"primaryImageOfPage\":{\"@id\":\"https:\\\/\\\/radioljubuski.ba\\\/index.php\\\/2022\\\/06\\\/24\\\/koncert-fra-zvonimira-pavicica-u-sovicima\\\/#primaryimage\"},\"image\":{\"@id\":\"https:\\\/\\\/radioljubuski.ba\\\/index.php\\\/2022\\\/06\\\/24\\\/koncert-fra-zvonimira-pavicica-u-sovicima\\\/#primaryimage\"},\"thumbnailUrl\":\"https:\\\/\\\/radioljubuski.ba\\\/wp-content\\\/uploads\\\/2022\\\/06\\\/fra-Zvonimir-Pavicic.jpg\",\"datePublished\":\"2022-06-24T10:37:56+00:00\",\"dateModified\":\"2022-06-24T10:37:57+00:00\",\"breadcrumb\":{\"@id\":\"https:\\\/\\\/radioljubuski.ba\\\/index.php\\\/2022\\\/06\\\/24\\\/koncert-fra-zvonimira-pavicica-u-sovicima\\\/#breadcrumb\"},\"inLanguage\":\"hr\",\"potentialAction\":[{\"@type\":\"ReadAction\",\"target\":[\"https:\\\/\\\/radioljubuski.ba\\\/index.php\\\/2022\\\/06\\\/24\\\/koncert-fra-zvonimira-pavicica-u-sovicima\\\/\"]}]},{\"@type\":\"ImageObject\",\"inLanguage\":\"hr\",\"@id\":\"https:\\\/\\\/radioljubuski.ba\\\/index.php\\\/2022\\\/06\\\/24\\\/koncert-fra-zvonimira-pavicica-u-sovicima\\\/#primaryimage\",\"url\":\"https:\\\/\\\/radioljubuski.ba\\\/wp-content\\\/uploads\\\/2022\\\/06\\\/fra-Zvonimir-Pavicic.jpg\",\"contentUrl\":\"https:\\\/\\\/radioljubuski.ba\\\/wp-content\\\/uploads\\\/2022\\\/06\\\/fra-Zvonimir-Pavicic.jpg\",\"width\":810,\"height\":561},{\"@type\":\"BreadcrumbList\",\"@id\":\"https:\\\/\\\/radioljubuski.ba\\\/index.php\\\/2022\\\/06\\\/24\\\/koncert-fra-zvonimira-pavicica-u-sovicima\\\/#breadcrumb\",\"itemListElement\":[{\"@type\":\"ListItem\",\"position\":1,\"name\":\"Po\u010detna stranica\",\"item\":\"https:\\\/\\\/radioljubuski.ba\\\/\"},{\"@type\":\"ListItem\",\"position\":2,\"name\":\"Koncert fra Zvonimira Pavi\u010di\u0107a u Sovi\u0107ima\"}]},{\"@type\":\"WebSite\",\"@id\":\"https:\\\/\\\/radioljubuski.ba\\\/#website\",\"url\":\"https:\\\/\\\/radioljubuski.ba\\\/\",\"name\":\"Radio Ljubu\u0161ki\",\"description\":\"Sun\u010dana frekvencija Hercegovine\",\"publisher\":{\"@id\":\"https:\\\/\\\/radioljubuski.ba\\\/#organization\"},\"potentialAction\":[{\"@type\":\"SearchAction\",\"target\":{\"@type\":\"EntryPoint\",\"urlTemplate\":\"https:\\\/\\\/radioljubuski.ba\\\/?s={search_term_string}\"},\"query-input\":{\"@type\":\"PropertyValueSpecification\",\"valueRequired\":true,\"valueName\":\"search_term_string\"}}],\"inLanguage\":\"hr\"},{\"@type\":\"Organization\",\"@id\":\"https:\\\/\\\/radioljubuski.ba\\\/#organization\",\"name\":\"Radio Ljubu\u0161ki\",\"url\":\"https:\\\/\\\/radioljubuski.ba\\\/\",\"logo\":{\"@type\":\"ImageObject\",\"inLanguage\":\"hr\",\"@id\":\"https:\\\/\\\/radioljubuski.ba\\\/#\\\/schema\\\/logo\\\/image\\\/\",\"url\":\"https:\\\/\\\/radioljubuski.ba\\\/wp-content\\\/uploads\\\/2021\\\/02\\\/cropped-Radio_Ljubuski_logo1.jpg\",\"contentUrl\":\"https:\\\/\\\/radioljubuski.ba\\\/wp-content\\\/uploads\\\/2021\\\/02\\\/cropped-Radio_Ljubuski_logo1.jpg\",\"width\":512,\"height\":512,\"caption\":\"Radio Ljubu\u0161ki\"},\"image\":{\"@id\":\"https:\\\/\\\/radioljubuski.ba\\\/#\\\/schema\\\/logo\\\/image\\\/\"},\"sameAs\":[\"https:\\\/\\\/www.facebook.com\\\/Radiio-Ljubuski-1490835324566332\",\"https:\\\/\\\/x.com\\\/radioljubuski\",\"https:\\\/\\\/hr.linkedin.com\\\/company\\\/radio-ljubuski\",\"https:\\\/\\\/www.youtube.com\\\/channel\\\/UCHYaeO_n0Db3tjNGudGpXyw\"]},{\"@type\":\"Person\",\"@id\":\"https:\\\/\\\/radioljubuski.ba\\\/#\\\/schema\\\/person\\\/19fc700381a780f69665d7956c469e3b\",\"name\":\"Radio Ljubu\u0161ki\"}]}<\/script>\n<!-- \/ Yoast SEO plugin. -->","yoast_head_json":{"title":"Koncert fra Zvonimira Pavi\u010di\u0107a u Sovi\u0107ima - RADIO LJUBU\u0160KI","robots":{"index":"index","follow":"follow","max-snippet":"max-snippet:-1","max-image-preview":"max-image-preview:large","max-video-preview":"max-video-preview:-1"},"canonical":"https:\/\/radioljubuski.ba\/index.php\/2022\/06\/24\/koncert-fra-zvonimira-pavicica-u-sovicima\/","og_locale":"hr_HR","og_type":"article","og_title":"Koncert fra Zvonimira Pavi\u010di\u0107a u Sovi\u0107ima - RADIO LJUBU\u0160KI","og_description":"U ponedjeljak 27.06.2022. godine na drugu ve\u010der trodnevnice svetom Petru i Pavlu u Sovi\u0107ima, a u sklopu Kulturnog ljeta 2022. godine u \u017eupi Gorica-Sovi\u0107i, nakon Svete mise koja \u0107e se slaviti s po\u010detkom u 19:00 sati odr\u017eat \u0107e se koncert duhovne glazbe u izvedbi fra Zvonimira Pavi\u010di\u0107a \u017eupnog vikara iz Me\u0111ugorju. Fra Zvonimir u svom [&hellip;]","og_url":"https:\/\/radioljubuski.ba\/index.php\/2022\/06\/24\/koncert-fra-zvonimira-pavicica-u-sovicima\/","og_site_name":"RADIO LJUBU\u0160KI","article_publisher":"https:\/\/www.facebook.com\/Radiio-Ljubuski-1490835324566332","article_published_time":"2022-06-24T10:37:56+00:00","article_modified_time":"2022-06-24T10:37:57+00:00","og_image":[{"width":810,"height":561,"url":"https:\/\/radioljubuski.ba\/wp-content\/uploads\/2022\/06\/fra-Zvonimir-Pavicic.jpg","type":"image\/jpeg"}],"author":"Radio Ljubu\u0161ki","twitter_card":"summary_large_image","twitter_creator":"@radioljubuski","twitter_site":"@radioljubuski","twitter_misc":{"Napisao\/la":"Radio Ljubu\u0161ki","Procijenjeno vrijeme \u010ditanja":"1 minuta"},"schema":{"@context":"https:\/\/schema.org","@graph":[{"@type":"Article","@id":"https:\/\/radioljubuski.ba\/index.php\/2022\/06\/24\/koncert-fra-zvonimira-pavicica-u-sovicima\/#article","isPartOf":{"@id":"https:\/\/radioljubuski.ba\/index.php\/2022\/06\/24\/koncert-fra-zvonimira-pavicica-u-sovicima\/"},"author":{"name":"Radio Ljubu\u0161ki","@id":"https:\/\/radioljubuski.ba\/#\/schema\/person\/19fc700381a780f69665d7956c469e3b"},"headline":"Koncert fra Zvonimira Pavi\u010di\u0107a u Sovi\u0107ima","datePublished":"2022-06-24T10:37:56+00:00","dateModified":"2022-06-24T10:37:57+00:00","mainEntityOfPage":{"@id":"https:\/\/radioljubuski.ba\/index.php\/2022\/06\/24\/koncert-fra-zvonimira-pavicica-u-sovicima\/"},"wordCount":162,"publisher":{"@id":"https:\/\/radioljubuski.ba\/#organization"},"image":{"@id":"https:\/\/radioljubuski.ba\/index.php\/2022\/06\/24\/koncert-fra-zvonimira-pavicica-u-sovicima\/#primaryimage"},"thumbnailUrl":"https:\/\/radioljubuski.ba\/wp-content\/uploads\/2022\/06\/fra-Zvonimir-Pavicic.jpg","articleSection":["BIH i regija"],"inLanguage":"hr"},{"@type":"WebPage","@id":"https:\/\/radioljubuski.ba\/index.php\/2022\/06\/24\/koncert-fra-zvonimira-pavicica-u-sovicima\/","url":"https:\/\/radioljubuski.ba\/index.php\/2022\/06\/24\/koncert-fra-zvonimira-pavicica-u-sovicima\/","name":"Koncert fra Zvonimira Pavi\u010di\u0107a u Sovi\u0107ima - RADIO LJUBU\u0160KI","isPartOf":{"@id":"https:\/\/radioljubuski.ba\/#website"},"primaryImageOfPage":{"@id":"https:\/\/radioljubuski.ba\/index.php\/2022\/06\/24\/koncert-fra-zvonimira-pavicica-u-sovicima\/#primaryimage"},"image":{"@id":"https:\/\/radioljubuski.ba\/index.php\/2022\/06\/24\/koncert-fra-zvonimira-pavicica-u-sovicima\/#primaryimage"},"thumbnailUrl":"https:\/\/radioljubuski.ba\/wp-content\/uploads\/2022\/06\/fra-Zvonimir-Pavicic.jpg","datePublished":"2022-06-24T10:37:56+00:00","dateModified":"2022-06-24T10:37:57+00:00","breadcrumb":{"@id":"https:\/\/radioljubuski.ba\/index.php\/2022\/06\/24\/koncert-fra-zvonimira-pavicica-u-sovicima\/#breadcrumb"},"inLanguage":"hr","potentialAction":[{"@type":"ReadAction","target":["https:\/\/radioljubuski.ba\/index.php\/2022\/06\/24\/koncert-fra-zvonimira-pavicica-u-sovicima\/"]}]},{"@type":"ImageObject","inLanguage":"hr","@id":"https:\/\/radioljubuski.ba\/index.php\/2022\/06\/24\/koncert-fra-zvonimira-pavicica-u-sovicima\/#primaryimage","url":"https:\/\/radioljubuski.ba\/wp-content\/uploads\/2022\/06\/fra-Zvonimir-Pavicic.jpg","contentUrl":"https:\/\/radioljubuski.ba\/wp-content\/uploads\/2022\/06\/fra-Zvonimir-Pavicic.jpg","width":810,"height":561},{"@type":"BreadcrumbList","@id":"https:\/\/radioljubuski.ba\/index.php\/2022\/06\/24\/koncert-fra-zvonimira-pavicica-u-sovicima\/#breadcrumb","itemListElement":[{"@type":"ListItem","position":1,"name":"Po\u010detna stranica","item":"https:\/\/radioljubuski.ba\/"},{"@type":"ListItem","position":2,"name":"Koncert fra Zvonimira Pavi\u010di\u0107a u Sovi\u0107ima"}]},{"@type":"WebSite","@id":"https:\/\/radioljubuski.ba\/#website","url":"https:\/\/radioljubuski.ba\/","name":"Radio Ljubu\u0161ki","description":"Sun\u010dana frekvencija Hercegovine","publisher":{"@id":"https:\/\/radioljubuski.ba\/#organization"},"potentialAction":[{"@type":"SearchAction","target":{"@type":"EntryPoint","urlTemplate":"https:\/\/radioljubuski.ba\/?s={search_term_string}"},"query-input":{"@type":"PropertyValueSpecification","valueRequired":true,"valueName":"search_term_string"}}],"inLanguage":"hr"},{"@type":"Organization","@id":"https:\/\/radioljubuski.ba\/#organization","name":"Radio Ljubu\u0161ki","url":"https:\/\/radioljubuski.ba\/","logo":{"@type":"ImageObject","inLanguage":"hr","@id":"https:\/\/radioljubuski.ba\/#\/schema\/logo\/image\/","url":"https:\/\/radioljubuski.ba\/wp-content\/uploads\/2021\/02\/cropped-Radio_Ljubuski_logo1.jpg","contentUrl":"https:\/\/radioljubuski.ba\/wp-content\/uploads\/2021\/02\/cropped-Radio_Ljubuski_logo1.jpg","width":512,"height":512,"caption":"Radio Ljubu\u0161ki"},"image":{"@id":"https:\/\/radioljubuski.ba\/#\/schema\/logo\/image\/"},"sameAs":["https:\/\/www.facebook.com\/Radiio-Ljubuski-1490835324566332","https:\/\/x.com\/radioljubuski","https:\/\/hr.linkedin.com\/company\/radio-ljubuski","https:\/\/www.youtube.com\/channel\/UCHYaeO_n0Db3tjNGudGpXyw"]},{"@type":"Person","@id":"https:\/\/radioljubuski.ba\/#\/schema\/person\/19fc700381a780f69665d7956c469e3b","name":"Radio Ljubu\u0161ki"}]}},"_links":{"self":[{"href":"https:\/\/radioljubuski.ba\/index.php\/wp-json\/wp\/v2\/posts\/152903","targetHints":{"allow":["GET"]}}],"collection":[{"href":"https:\/\/radioljubuski.ba\/index.php\/wp-json\/wp\/v2\/posts"}],"about":[{"href":"https:\/\/radioljubuski.ba\/index.php\/wp-json\/wp\/v2\/types\/post"}],"author":[{"embeddable":true,"href":"https:\/\/radioljubuski.ba\/index.php\/wp-json\/wp\/v2\/users\/2"}],"replies":[{"embeddable":true,"href":"https:\/\/radioljubuski.ba\/index.php\/wp-json\/wp\/v2\/comments?post=152903"}],"version-history":[{"count":1,"href":"https:\/\/radioljubuski.ba\/index.php\/wp-json\/wp\/v2\/posts\/152903\/revisions"}],"predecessor-version":[{"id":152905,"href":"https:\/\/radioljubuski.ba\/index.php\/wp-json\/wp\/v2\/posts\/152903\/revisions\/152905"}],"wp:featuredmedia":[{"embeddable":true,"href":"https:\/\/radioljubuski.ba\/index.php\/wp-json\/wp\/v2\/media\/152904"}],"wp:attachment":[{"href":"https:\/\/radioljubuski.ba\/index.php\/wp-json\/wp\/v2\/media?parent=152903"}],"wp:term":[{"taxonomy":"category","embeddable":true,"href":"https:\/\/radioljubuski.ba\/index.php\/wp-json\/wp\/v2\/categories?post=152903"},{"taxonomy":"post_tag","embeddable":true,"href":"https:\/\/radioljubuski.ba\/index.php\/wp-json\/wp\/v2\/tags?post=152903"}],"curies":[{"name":"wp","href":"https:\/\/api.w.org\/{rel}","templated":true}]}}