{"id":152919,"date":"2022-06-24T13:38:36","date_gmt":"2022-06-24T12:38:36","guid":{"rendered":"https:\/\/radioljubuski.ba\/?p=152919"},"modified":"2022-06-24T13:38:37","modified_gmt":"2022-06-24T12:38:37","slug":"mozete-li-prepoznati-koja-od-zena-na-slici-upravo-ima-infarkt","status":"publish","type":"post","link":"https:\/\/radioljubuski.ba\/index.php\/2022\/06\/24\/mozete-li-prepoznati-koja-od-zena-na-slici-upravo-ima-infarkt\/","title":{"rendered":"Mo\u017eete li prepoznati koja od \u017eena na slici upravo ima infarkt?"},"content":{"rendered":"\n<p>Linda Johns je vrlo uspje\u0161na autorica romana i knji\u017eni\u010darka te netko tko redovito vje\u017eba, dobro jede i ne pu\u0161i, no usprkos tome do\u017eivjela je infarkt. Kako bi podigla svijest opasnosti infarkta kod \u017eena, objavila je i fotografiju s promocije knjige. snimljene u trenutku kada je po\u010dela osje\u0107ati simptome<\/p>\n\n\n\n<p>&#8220;Moj sr\u010dani udar nije bio holivudski, kada se netko uhvati za prsa i prevrne od boli. Svaki od mojih simptoma bio je onaj koji bi stajao sam za sebe kao mogu\u0107i sr\u010dani udar. Svi moji simptomi su oni koji bi mogli biti i \u010desto jesu, odba\u010deni od strane zdravstvenih djelatnika, a kamoli ljudi koji ih imaju. Kad sam u\u0161la u hitnu, brzo sam ih i konkretno navela &#8220;, napisala je Linda na svom blogu, prenosi <a href=\"https:\/\/net.hr\/magazin\/zdravlje\/mozete-li-prepoznati-tko-na-slici-ima-infarkt-sve-moje-simptome-odbace-i-zdravstveni-djelatnici-a-kamoli-zene-koje-ih-dozive-5eb5e594-f2e5-11ec-b151-7693eacf2067\" target=\"_blank\" rel=\"noreferrer noopener\">Net.<\/a><\/p>\n\n\n\n<p><strong>&#8216;Snimila je ovo ba\u0161 kada je po\u010deo&#8217;<\/strong><\/p>\n\n\n\n<figure class=\"wp-block-image\"><img decoding=\"async\" src=\"https:\/\/storage.pogled.ba\/images\/c0d8\/a7cd\/229815\/original\/8-2022-06-23-16-07-28-infarkt.webp\" alt=\"8-2022-06-23-16-07-28-infarkt.webp\"\/><\/figure>\n\n\n\n<p>Linda je \u017eena u sredini fotografije, s nao\u010dalama. Mo\u017eda izgleda dobro, ali upravo u trenutku snimanja fotografije ima sr\u010dani udar.<\/p>\n\n\n\n<p>&#8220;Moja prijateljica Jane snimila je ovu fotografiju ba\u0161 kada je po\u010dinjao sr\u010dani udar. Jo\u0161 uvijek se ovdje osje\u0107am kao osoba, iako je moja nova normala definitivno druga\u010dija&#8221;, napisala je Linda na svom blogu.<\/p>\n\n\n\n<p>I Hrvatski zavod za javno zdravstvo isti\u010de kako su simptomi sr\u010danog udara razli\u010diti kod mu\u0161karaca i \u017eena.<\/p>\n\n\n\n<p>&#8220;Simptomi sr\u010danog udara kod mu\u0161karaca su sna\u017ena bol u prsima, bol u lijevoj ruci ili \u010deljusti, te ote\u017eano disanje. \u017dene mogu imati neke od tih simptoma, no bol kod njih mo\u017ee biti vi\u0161e difuzna, te se \u0161iriti na ramena, vrat, ruke, abdomen ili \u010dak le\u0111a. Bol koju \u017eene osje\u0107aju mo\u017ee vi\u0161e nalikovati problemima s probavom, i ne mora biti stalna. Tako\u0111er, ne moraju nu\u017eno osje\u0107ati bol nego neobja\u0161njenu anksioznost, mu\u010dninu, vrtoglavicu, palpitacije i mo\u017ee ih obliti hladan znoj. Sr\u010danom udaru kod \u017eena mo\u017ee prethoditi neobja\u0161njen umor.&#8221;, navode<\/p>\n\n\n\n<p>&#8220;Kod \u017eena je tako\u0111er zna\u010dajno da je prvi sr\u010dani udar kojeg do\u017eive te\u017ei i ozbiljniji nego kod mu\u0161karaca, i \u010de\u0161\u0107e dovodi do smrtnog ishoda&#8221;, upozorava HZJZ.<\/p>\n\n\n\n<p><strong>Sedam simptoma sr\u010danog udara kod \u017eena<\/strong><\/p>\n\n\n\n<p>YourTango je i detaljno pobrojao simptome sr\u010danog udara kod \u017eena.<\/p>\n\n\n\n<p>1. Ekstremni umor<br>U danima ili \u010dak tjednima prije sr\u010danog udara, vi\u0161e od 70 posto \u017eena iskusi jaku iscrpljenost nalik gripi.<\/p>\n\n\n\n<p>2. Bol<br>Ponekad to mo\u017ee biti u\u017easna bol, ali \u010desto za \u017eene ta bol vi\u0161e nalikuje pritisku &#8211; i nije uvijek u predjelu srca. Ova bol se mo\u017ee pojaviti u prsnoj kosti, gornjem dijelu le\u0111a, ramenima, vratu i \u010deljusti. Linda je do\u017eivjela ubodnu bol u le\u0111ima izme\u0111u lopatica. Tako\u0111er su se bolovi \u0161irili niz lijevu ruku do malog prsta i prstenjaka.<\/p>\n\n\n\n<p>3. Obilno znojenje<br>Mo\u017eete biti potpuno mokri ili imati blijedo i pepeljasto lice. &#8220;Rekla sam im da mi je prijatelj rekao da izgledam pepeljasto&#8221;. ispri\u010dala je Linda kada je navodila simptome na hitnoj.<\/p>\n\n\n\n<p>4. Mu\u010dnina ili vrtoglavica<br>Prije sr\u010danog udara, \u017eene \u010desto imaju probavne smetnje ili povra\u0107aju. Tako\u0111er se mogu osje\u0107ati kao da \u0107e se onesvijestiti. Linda je povratila kad se vratila ku\u0107i s priredbe knjige.<\/p>\n\n\n\n<p>5. Nedostatak daha<br>Dahtanje i nemogu\u0107nost vo\u0111enja razgovora znakovi su sr\u010danog udara.<\/p>\n\n\n\n<p>6. Problemi sa spavanjem<br>Pote\u0161ko\u0107e s uspavljivanjem ili bu\u0111enje usred no\u0107i mogu se dogoditi tjednima prije.<\/p>\n\n\n\n<p>7. Anksioznost<br>Ako osjetite nadolaze\u0107u propast ili strah, mo\u017eda vas tijelo upozorava. Sr\u010dani udar ili infarkt se javljaju i kod \u017eena koje su u formi i zdrave, s prosje\u010dnom dobi od 42 godine, a ne postoji definitivno istra\u017eivanje o tome za\u0161to se pojavljuju, prenosi YourTango.<\/p>\n\n\n\n<p>Izvor:net.hr<\/p>\n","protected":false},"excerpt":{"rendered":"<p>Linda Johns je vrlo uspje\u0161na autorica romana i knji\u017eni\u010darka te netko tko redovito vje\u017eba, dobro jede i ne pu\u0161i, no usprkos tome do\u017eivjela je infarkt. Kako bi podigla svijest opasnosti infarkta kod \u017eena, objavila je i fotografiju s promocije knjige. snimljene u trenutku kada je po\u010dela osje\u0107ati simptome &#8220;Moj sr\u010dani udar nije bio holivudski, kada [&hellip;]<\/p>\n","protected":false},"author":2,"featured_media":152920,"comment_status":"closed","ping_status":"closed","sticky":false,"template":"","format":"standard","meta":{"h5ap_radio_sources":[],"footnotes":""},"categories":[1],"tags":[],"class_list":["post-152919","post","type-post","status-publish","format-standard","has-post-thumbnail","hentry","category-bihiregija"],"yoast_head":"<!-- This site is optimized with the Yoast SEO plugin v27.5 - https:\/\/yoast.com\/product\/yoast-seo-wordpress\/ -->\n<title>Mo\u017eete li prepoznati koja od \u017eena na slici upravo ima infarkt? - RADIO LJUBU\u0160KI<\/title>\n<meta name=\"robots\" content=\"index, follow, max-snippet:-1, max-image-preview:large, max-video-preview:-1\" \/>\n<link rel=\"canonical\" href=\"https:\/\/radioljubuski.ba\/index.php\/2022\/06\/24\/mozete-li-prepoznati-koja-od-zena-na-slici-upravo-ima-infarkt\/\" \/>\n<meta property=\"og:locale\" content=\"hr_HR\" \/>\n<meta property=\"og:type\" content=\"article\" \/>\n<meta property=\"og:title\" content=\"Mo\u017eete li prepoznati koja od \u017eena na slici upravo ima infarkt? - RADIO LJUBU\u0160KI\" \/>\n<meta property=\"og:description\" content=\"Linda Johns je vrlo uspje\u0161na autorica romana i knji\u017eni\u010darka te netko tko redovito vje\u017eba, dobro jede i ne pu\u0161i, no usprkos tome do\u017eivjela je infarkt. Kako bi podigla svijest opasnosti infarkta kod \u017eena, objavila je i fotografiju s promocije knjige. snimljene u trenutku kada je po\u010dela osje\u0107ati simptome &#8220;Moj sr\u010dani udar nije bio holivudski, kada [&hellip;]\" \/>\n<meta property=\"og:url\" content=\"https:\/\/radioljubuski.ba\/index.php\/2022\/06\/24\/mozete-li-prepoznati-koja-od-zena-na-slici-upravo-ima-infarkt\/\" \/>\n<meta property=\"og:site_name\" content=\"RADIO LJUBU\u0160KI\" \/>\n<meta property=\"article:publisher\" content=\"https:\/\/www.facebook.com\/Radiio-Ljubuski-1490835324566332\" \/>\n<meta property=\"article:published_time\" content=\"2022-06-24T12:38:36+00:00\" \/>\n<meta property=\"article:modified_time\" content=\"2022-06-24T12:38:37+00:00\" \/>\n<meta property=\"og:image\" content=\"https:\/\/radioljubuski.ba\/wp-content\/uploads\/2022\/06\/873x400-2.jpg\" \/>\n\t<meta property=\"og:image:width\" content=\"750\" \/>\n\t<meta property=\"og:image:height\" content=\"465\" \/>\n\t<meta property=\"og:image:type\" content=\"image\/jpeg\" \/>\n<meta name=\"author\" content=\"Radio Ljubu\u0161ki\" \/>\n<meta name=\"twitter:card\" content=\"summary_large_image\" \/>\n<meta name=\"twitter:creator\" content=\"@radioljubuski\" \/>\n<meta name=\"twitter:site\" content=\"@radioljubuski\" \/>\n<meta name=\"twitter:label1\" content=\"Napisao\/la\" \/>\n\t<meta name=\"twitter:data1\" content=\"Radio Ljubu\u0161ki\" \/>\n\t<meta name=\"twitter:label2\" content=\"Procijenjeno vrijeme \u010ditanja\" \/>\n\t<meta name=\"twitter:data2\" content=\"3 minute\" \/>\n<script type=\"application\/ld+json\" class=\"yoast-schema-graph\">{\"@context\":\"https:\\\/\\\/schema.org\",\"@graph\":[{\"@type\":\"Article\",\"@id\":\"https:\\\/\\\/radioljubuski.ba\\\/index.php\\\/2022\\\/06\\\/24\\\/mozete-li-prepoznati-koja-od-zena-na-slici-upravo-ima-infarkt\\\/#article\",\"isPartOf\":{\"@id\":\"https:\\\/\\\/radioljubuski.ba\\\/index.php\\\/2022\\\/06\\\/24\\\/mozete-li-prepoznati-koja-od-zena-na-slici-upravo-ima-infarkt\\\/\"},\"author\":{\"name\":\"Radio Ljubu\u0161ki\",\"@id\":\"https:\\\/\\\/radioljubuski.ba\\\/#\\\/schema\\\/person\\\/19fc700381a780f69665d7956c469e3b\"},\"headline\":\"Mo\u017eete li prepoznati koja od \u017eena na slici upravo ima infarkt?\",\"datePublished\":\"2022-06-24T12:38:36+00:00\",\"dateModified\":\"2022-06-24T12:38:37+00:00\",\"mainEntityOfPage\":{\"@id\":\"https:\\\/\\\/radioljubuski.ba\\\/index.php\\\/2022\\\/06\\\/24\\\/mozete-li-prepoznati-koja-od-zena-na-slici-upravo-ima-infarkt\\\/\"},\"wordCount\":634,\"publisher\":{\"@id\":\"https:\\\/\\\/radioljubuski.ba\\\/#organization\"},\"image\":{\"@id\":\"https:\\\/\\\/radioljubuski.ba\\\/index.php\\\/2022\\\/06\\\/24\\\/mozete-li-prepoznati-koja-od-zena-na-slici-upravo-ima-infarkt\\\/#primaryimage\"},\"thumbnailUrl\":\"https:\\\/\\\/radioljubuski.ba\\\/wp-content\\\/uploads\\\/2022\\\/06\\\/873x400-2.jpg\",\"articleSection\":[\"BIH i regija\"],\"inLanguage\":\"hr\"},{\"@type\":\"WebPage\",\"@id\":\"https:\\\/\\\/radioljubuski.ba\\\/index.php\\\/2022\\\/06\\\/24\\\/mozete-li-prepoznati-koja-od-zena-na-slici-upravo-ima-infarkt\\\/\",\"url\":\"https:\\\/\\\/radioljubuski.ba\\\/index.php\\\/2022\\\/06\\\/24\\\/mozete-li-prepoznati-koja-od-zena-na-slici-upravo-ima-infarkt\\\/\",\"name\":\"Mo\u017eete li prepoznati koja od \u017eena na slici upravo ima infarkt? - RADIO LJUBU\u0160KI\",\"isPartOf\":{\"@id\":\"https:\\\/\\\/radioljubuski.ba\\\/#website\"},\"primaryImageOfPage\":{\"@id\":\"https:\\\/\\\/radioljubuski.ba\\\/index.php\\\/2022\\\/06\\\/24\\\/mozete-li-prepoznati-koja-od-zena-na-slici-upravo-ima-infarkt\\\/#primaryimage\"},\"image\":{\"@id\":\"https:\\\/\\\/radioljubuski.ba\\\/index.php\\\/2022\\\/06\\\/24\\\/mozete-li-prepoznati-koja-od-zena-na-slici-upravo-ima-infarkt\\\/#primaryimage\"},\"thumbnailUrl\":\"https:\\\/\\\/radioljubuski.ba\\\/wp-content\\\/uploads\\\/2022\\\/06\\\/873x400-2.jpg\",\"datePublished\":\"2022-06-24T12:38:36+00:00\",\"dateModified\":\"2022-06-24T12:38:37+00:00\",\"breadcrumb\":{\"@id\":\"https:\\\/\\\/radioljubuski.ba\\\/index.php\\\/2022\\\/06\\\/24\\\/mozete-li-prepoznati-koja-od-zena-na-slici-upravo-ima-infarkt\\\/#breadcrumb\"},\"inLanguage\":\"hr\",\"potentialAction\":[{\"@type\":\"ReadAction\",\"target\":[\"https:\\\/\\\/radioljubuski.ba\\\/index.php\\\/2022\\\/06\\\/24\\\/mozete-li-prepoznati-koja-od-zena-na-slici-upravo-ima-infarkt\\\/\"]}]},{\"@type\":\"ImageObject\",\"inLanguage\":\"hr\",\"@id\":\"https:\\\/\\\/radioljubuski.ba\\\/index.php\\\/2022\\\/06\\\/24\\\/mozete-li-prepoznati-koja-od-zena-na-slici-upravo-ima-infarkt\\\/#primaryimage\",\"url\":\"https:\\\/\\\/radioljubuski.ba\\\/wp-content\\\/uploads\\\/2022\\\/06\\\/873x400-2.jpg\",\"contentUrl\":\"https:\\\/\\\/radioljubuski.ba\\\/wp-content\\\/uploads\\\/2022\\\/06\\\/873x400-2.jpg\",\"width\":750,\"height\":465},{\"@type\":\"BreadcrumbList\",\"@id\":\"https:\\\/\\\/radioljubuski.ba\\\/index.php\\\/2022\\\/06\\\/24\\\/mozete-li-prepoznati-koja-od-zena-na-slici-upravo-ima-infarkt\\\/#breadcrumb\",\"itemListElement\":[{\"@type\":\"ListItem\",\"position\":1,\"name\":\"Po\u010detna stranica\",\"item\":\"https:\\\/\\\/radioljubuski.ba\\\/\"},{\"@type\":\"ListItem\",\"position\":2,\"name\":\"Mo\u017eete li prepoznati koja od \u017eena na slici upravo ima infarkt?\"}]},{\"@type\":\"WebSite\",\"@id\":\"https:\\\/\\\/radioljubuski.ba\\\/#website\",\"url\":\"https:\\\/\\\/radioljubuski.ba\\\/\",\"name\":\"Radio Ljubu\u0161ki\",\"description\":\"Sun\u010dana frekvencija Hercegovine\",\"publisher\":{\"@id\":\"https:\\\/\\\/radioljubuski.ba\\\/#organization\"},\"potentialAction\":[{\"@type\":\"SearchAction\",\"target\":{\"@type\":\"EntryPoint\",\"urlTemplate\":\"https:\\\/\\\/radioljubuski.ba\\\/?s={search_term_string}\"},\"query-input\":{\"@type\":\"PropertyValueSpecification\",\"valueRequired\":true,\"valueName\":\"search_term_string\"}}],\"inLanguage\":\"hr\"},{\"@type\":\"Organization\",\"@id\":\"https:\\\/\\\/radioljubuski.ba\\\/#organization\",\"name\":\"Radio Ljubu\u0161ki\",\"url\":\"https:\\\/\\\/radioljubuski.ba\\\/\",\"logo\":{\"@type\":\"ImageObject\",\"inLanguage\":\"hr\",\"@id\":\"https:\\\/\\\/radioljubuski.ba\\\/#\\\/schema\\\/logo\\\/image\\\/\",\"url\":\"https:\\\/\\\/radioljubuski.ba\\\/wp-content\\\/uploads\\\/2021\\\/02\\\/cropped-Radio_Ljubuski_logo1.jpg\",\"contentUrl\":\"https:\\\/\\\/radioljubuski.ba\\\/wp-content\\\/uploads\\\/2021\\\/02\\\/cropped-Radio_Ljubuski_logo1.jpg\",\"width\":512,\"height\":512,\"caption\":\"Radio Ljubu\u0161ki\"},\"image\":{\"@id\":\"https:\\\/\\\/radioljubuski.ba\\\/#\\\/schema\\\/logo\\\/image\\\/\"},\"sameAs\":[\"https:\\\/\\\/www.facebook.com\\\/Radiio-Ljubuski-1490835324566332\",\"https:\\\/\\\/x.com\\\/radioljubuski\",\"https:\\\/\\\/hr.linkedin.com\\\/company\\\/radio-ljubuski\",\"https:\\\/\\\/www.youtube.com\\\/channel\\\/UCHYaeO_n0Db3tjNGudGpXyw\"]},{\"@type\":\"Person\",\"@id\":\"https:\\\/\\\/radioljubuski.ba\\\/#\\\/schema\\\/person\\\/19fc700381a780f69665d7956c469e3b\",\"name\":\"Radio Ljubu\u0161ki\"}]}<\/script>\n<!-- \/ Yoast SEO plugin. -->","yoast_head_json":{"title":"Mo\u017eete li prepoznati koja od \u017eena na slici upravo ima infarkt? - RADIO LJUBU\u0160KI","robots":{"index":"index","follow":"follow","max-snippet":"max-snippet:-1","max-image-preview":"max-image-preview:large","max-video-preview":"max-video-preview:-1"},"canonical":"https:\/\/radioljubuski.ba\/index.php\/2022\/06\/24\/mozete-li-prepoznati-koja-od-zena-na-slici-upravo-ima-infarkt\/","og_locale":"hr_HR","og_type":"article","og_title":"Mo\u017eete li prepoznati koja od \u017eena na slici upravo ima infarkt? - RADIO LJUBU\u0160KI","og_description":"Linda Johns je vrlo uspje\u0161na autorica romana i knji\u017eni\u010darka te netko tko redovito vje\u017eba, dobro jede i ne pu\u0161i, no usprkos tome do\u017eivjela je infarkt. Kako bi podigla svijest opasnosti infarkta kod \u017eena, objavila je i fotografiju s promocije knjige. snimljene u trenutku kada je po\u010dela osje\u0107ati simptome &#8220;Moj sr\u010dani udar nije bio holivudski, kada [&hellip;]","og_url":"https:\/\/radioljubuski.ba\/index.php\/2022\/06\/24\/mozete-li-prepoznati-koja-od-zena-na-slici-upravo-ima-infarkt\/","og_site_name":"RADIO LJUBU\u0160KI","article_publisher":"https:\/\/www.facebook.com\/Radiio-Ljubuski-1490835324566332","article_published_time":"2022-06-24T12:38:36+00:00","article_modified_time":"2022-06-24T12:38:37+00:00","og_image":[{"width":750,"height":465,"url":"https:\/\/radioljubuski.ba\/wp-content\/uploads\/2022\/06\/873x400-2.jpg","type":"image\/jpeg"}],"author":"Radio Ljubu\u0161ki","twitter_card":"summary_large_image","twitter_creator":"@radioljubuski","twitter_site":"@radioljubuski","twitter_misc":{"Napisao\/la":"Radio Ljubu\u0161ki","Procijenjeno vrijeme \u010ditanja":"3 minute"},"schema":{"@context":"https:\/\/schema.org","@graph":[{"@type":"Article","@id":"https:\/\/radioljubuski.ba\/index.php\/2022\/06\/24\/mozete-li-prepoznati-koja-od-zena-na-slici-upravo-ima-infarkt\/#article","isPartOf":{"@id":"https:\/\/radioljubuski.ba\/index.php\/2022\/06\/24\/mozete-li-prepoznati-koja-od-zena-na-slici-upravo-ima-infarkt\/"},"author":{"name":"Radio Ljubu\u0161ki","@id":"https:\/\/radioljubuski.ba\/#\/schema\/person\/19fc700381a780f69665d7956c469e3b"},"headline":"Mo\u017eete li prepoznati koja od \u017eena na slici upravo ima infarkt?","datePublished":"2022-06-24T12:38:36+00:00","dateModified":"2022-06-24T12:38:37+00:00","mainEntityOfPage":{"@id":"https:\/\/radioljubuski.ba\/index.php\/2022\/06\/24\/mozete-li-prepoznati-koja-od-zena-na-slici-upravo-ima-infarkt\/"},"wordCount":634,"publisher":{"@id":"https:\/\/radioljubuski.ba\/#organization"},"image":{"@id":"https:\/\/radioljubuski.ba\/index.php\/2022\/06\/24\/mozete-li-prepoznati-koja-od-zena-na-slici-upravo-ima-infarkt\/#primaryimage"},"thumbnailUrl":"https:\/\/radioljubuski.ba\/wp-content\/uploads\/2022\/06\/873x400-2.jpg","articleSection":["BIH i regija"],"inLanguage":"hr"},{"@type":"WebPage","@id":"https:\/\/radioljubuski.ba\/index.php\/2022\/06\/24\/mozete-li-prepoznati-koja-od-zena-na-slici-upravo-ima-infarkt\/","url":"https:\/\/radioljubuski.ba\/index.php\/2022\/06\/24\/mozete-li-prepoznati-koja-od-zena-na-slici-upravo-ima-infarkt\/","name":"Mo\u017eete li prepoznati koja od \u017eena na slici upravo ima infarkt? - RADIO LJUBU\u0160KI","isPartOf":{"@id":"https:\/\/radioljubuski.ba\/#website"},"primaryImageOfPage":{"@id":"https:\/\/radioljubuski.ba\/index.php\/2022\/06\/24\/mozete-li-prepoznati-koja-od-zena-na-slici-upravo-ima-infarkt\/#primaryimage"},"image":{"@id":"https:\/\/radioljubuski.ba\/index.php\/2022\/06\/24\/mozete-li-prepoznati-koja-od-zena-na-slici-upravo-ima-infarkt\/#primaryimage"},"thumbnailUrl":"https:\/\/radioljubuski.ba\/wp-content\/uploads\/2022\/06\/873x400-2.jpg","datePublished":"2022-06-24T12:38:36+00:00","dateModified":"2022-06-24T12:38:37+00:00","breadcrumb":{"@id":"https:\/\/radioljubuski.ba\/index.php\/2022\/06\/24\/mozete-li-prepoznati-koja-od-zena-na-slici-upravo-ima-infarkt\/#breadcrumb"},"inLanguage":"hr","potentialAction":[{"@type":"ReadAction","target":["https:\/\/radioljubuski.ba\/index.php\/2022\/06\/24\/mozete-li-prepoznati-koja-od-zena-na-slici-upravo-ima-infarkt\/"]}]},{"@type":"ImageObject","inLanguage":"hr","@id":"https:\/\/radioljubuski.ba\/index.php\/2022\/06\/24\/mozete-li-prepoznati-koja-od-zena-na-slici-upravo-ima-infarkt\/#primaryimage","url":"https:\/\/radioljubuski.ba\/wp-content\/uploads\/2022\/06\/873x400-2.jpg","contentUrl":"https:\/\/radioljubuski.ba\/wp-content\/uploads\/2022\/06\/873x400-2.jpg","width":750,"height":465},{"@type":"BreadcrumbList","@id":"https:\/\/radioljubuski.ba\/index.php\/2022\/06\/24\/mozete-li-prepoznati-koja-od-zena-na-slici-upravo-ima-infarkt\/#breadcrumb","itemListElement":[{"@type":"ListItem","position":1,"name":"Po\u010detna stranica","item":"https:\/\/radioljubuski.ba\/"},{"@type":"ListItem","position":2,"name":"Mo\u017eete li prepoznati koja od \u017eena na slici upravo ima infarkt?"}]},{"@type":"WebSite","@id":"https:\/\/radioljubuski.ba\/#website","url":"https:\/\/radioljubuski.ba\/","name":"Radio Ljubu\u0161ki","description":"Sun\u010dana frekvencija Hercegovine","publisher":{"@id":"https:\/\/radioljubuski.ba\/#organization"},"potentialAction":[{"@type":"SearchAction","target":{"@type":"EntryPoint","urlTemplate":"https:\/\/radioljubuski.ba\/?s={search_term_string}"},"query-input":{"@type":"PropertyValueSpecification","valueRequired":true,"valueName":"search_term_string"}}],"inLanguage":"hr"},{"@type":"Organization","@id":"https:\/\/radioljubuski.ba\/#organization","name":"Radio Ljubu\u0161ki","url":"https:\/\/radioljubuski.ba\/","logo":{"@type":"ImageObject","inLanguage":"hr","@id":"https:\/\/radioljubuski.ba\/#\/schema\/logo\/image\/","url":"https:\/\/radioljubuski.ba\/wp-content\/uploads\/2021\/02\/cropped-Radio_Ljubuski_logo1.jpg","contentUrl":"https:\/\/radioljubuski.ba\/wp-content\/uploads\/2021\/02\/cropped-Radio_Ljubuski_logo1.jpg","width":512,"height":512,"caption":"Radio Ljubu\u0161ki"},"image":{"@id":"https:\/\/radioljubuski.ba\/#\/schema\/logo\/image\/"},"sameAs":["https:\/\/www.facebook.com\/Radiio-Ljubuski-1490835324566332","https:\/\/x.com\/radioljubuski","https:\/\/hr.linkedin.com\/company\/radio-ljubuski","https:\/\/www.youtube.com\/channel\/UCHYaeO_n0Db3tjNGudGpXyw"]},{"@type":"Person","@id":"https:\/\/radioljubuski.ba\/#\/schema\/person\/19fc700381a780f69665d7956c469e3b","name":"Radio Ljubu\u0161ki"}]}},"_links":{"self":[{"href":"https:\/\/radioljubuski.ba\/index.php\/wp-json\/wp\/v2\/posts\/152919","targetHints":{"allow":["GET"]}}],"collection":[{"href":"https:\/\/radioljubuski.ba\/index.php\/wp-json\/wp\/v2\/posts"}],"about":[{"href":"https:\/\/radioljubuski.ba\/index.php\/wp-json\/wp\/v2\/types\/post"}],"author":[{"embeddable":true,"href":"https:\/\/radioljubuski.ba\/index.php\/wp-json\/wp\/v2\/users\/2"}],"replies":[{"embeddable":true,"href":"https:\/\/radioljubuski.ba\/index.php\/wp-json\/wp\/v2\/comments?post=152919"}],"version-history":[{"count":1,"href":"https:\/\/radioljubuski.ba\/index.php\/wp-json\/wp\/v2\/posts\/152919\/revisions"}],"predecessor-version":[{"id":152921,"href":"https:\/\/radioljubuski.ba\/index.php\/wp-json\/wp\/v2\/posts\/152919\/revisions\/152921"}],"wp:featuredmedia":[{"embeddable":true,"href":"https:\/\/radioljubuski.ba\/index.php\/wp-json\/wp\/v2\/media\/152920"}],"wp:attachment":[{"href":"https:\/\/radioljubuski.ba\/index.php\/wp-json\/wp\/v2\/media?parent=152919"}],"wp:term":[{"taxonomy":"category","embeddable":true,"href":"https:\/\/radioljubuski.ba\/index.php\/wp-json\/wp\/v2\/categories?post=152919"},{"taxonomy":"post_tag","embeddable":true,"href":"https:\/\/radioljubuski.ba\/index.php\/wp-json\/wp\/v2\/tags?post=152919"}],"curies":[{"name":"wp","href":"https:\/\/api.w.org\/{rel}","templated":true}]}}