{"id":152952,"date":"2022-06-24T13:52:57","date_gmt":"2022-06-24T12:52:57","guid":{"rendered":"https:\/\/radioljubuski.ba\/?p=152952"},"modified":"2022-06-24T13:52:58","modified_gmt":"2022-06-24T12:52:58","slug":"slovenska-vlada-smanjuje-cijenu-dizela-na-autocestama-za-sve","status":"publish","type":"post","link":"https:\/\/radioljubuski.ba\/index.php\/2022\/06\/24\/slovenska-vlada-smanjuje-cijenu-dizela-na-autocestama-za-sve\/","title":{"rendered":"Slovenska vlada smanjuje cijenu dizela na autocestama za sve"},"content":{"rendered":"\n<p>Ukidanjem dvaju doprinosa na dizel gorivo slovenska vlada u \u010detvrtak je djelovala na smanjenje njihove maloprodajne cijene koje \u0107e se primjenjivati dan nakon objave dviju uredbi u slu\u017ebenom listu.&nbsp;<\/p>\n\n\n\n<p>Uredbe kojima se cijene dizela smanjuju primjenjivat \u0107e se samo na dizel gorivo na postajama&nbsp;uz autoceste, gdje su cijene zadnjih desetak dana bile sasvim liberalizirane \u0161to je izazvalo proteste voza\u010da i povremene nesta\u0161ice&nbsp;goriva na ostalim postajama u naseljima.&nbsp;<\/p>\n\n\n\n<p>Uredbom je propisano da \u0107e ni\u017ee cijene dizela na autocestama vrijediti za sve, kazao je na konferenciji za novinare u Ljubljani nakon sjednice vlade ministar za infrastrukturu Bojan Kumer.&nbsp;<\/p>\n\n\n\n<p>Dizel gorivo po toj uredbama sni\u017eenoj cijeni&nbsp;mo\u0107i \u0107e kupovati svi, i voza\u010di osobnih automobila, i voza\u010di u tranzitu, dodao je time otkloniv\u0161i ranije najave da \u0107e se nove cijene dizela odnositi samo za voza\u010de transportnih vozila i putni\u010dkog prometa.&nbsp;<\/p>\n\n\n\n<p>Rije\u010d je o privremenoj mjeri koja stupa na snagu dan nakon objave u slu\u017ebenom listu, mo\u017eda ve\u0107 u petak ili koji dan kasnije, pojasnio je Kumer.&nbsp;<\/p>\n\n\n\n<p>Prema rije\u010dima ministra, vlada od distributera&nbsp;o\u010dekuje od da \u0161to vi\u0161e smanje svoje mar\u017ee, a od voza\u010da teretnih i putni\u010dkih vozila na dizel dobila je obe\u0107anja da vi\u0161e ne\u0107e za gorivo skretati na lokalne pumpe u naseljima i tako stvarati gu\u017eve.&nbsp;<\/p>\n\n\n\n<p>&nbsp;\u0160to se ti\u010de izvanrednog stanja na benzinskim postajama zadnjih dana, osobito proteklog vikenda i nervoza zbog nesta\u0161ice nekih goriva, kazao je da je vlada od distributera dobila jamstva da su sada obnovili zalihe i da se situacija \u201cstabilizira\u201d.&nbsp;<\/p>\n\n\n\n<p>U odluku o na\u010dinu smanjenja cijene dizel goriva na prodajnim mjestima uz autoceste i\u0161lo se i ciljano zato jer dizel vi\u0161e od svih ostalih goriva utje\u010de generalno na cijenu prijevoza, a time i na pove\u0107anje kona\u010dnih maloprodajnih cijena.&nbsp;<\/p>\n\n\n\n<p>Kumer nije \u017eelio komentirati odluku regulatornog tijela za tr\u017ei\u0161no natjecanje Europske unije koje je uvelo dodatni postupak dubinskog ispitivanja dogovorene transakcije u kojoj je ma\u0111arski MOL trebao preuzeti crpke OMV-a Slovenija, drugog najve\u0107eg distributera naftnih derivata.&nbsp;<\/p>\n\n\n\n<p>Europska komisija objavila je da \u0107e postupak dodatnog ispitivanja tog spajanja trajati nekoliko mjeseci, a kona\u010dnu odluku bi li MOL-ova akvizicija u Sloveniji potencijalno mogla smanjiti tr\u017ei\u0161nu konkurenciju i dovesti do kartelnih dogovora o vi\u0161im cijenama i tako utjecati na inflaciju donijet \u0107e do kraja listopada ove godine.&nbsp;<\/p>\n\n\n\n<p>Izvor:pogled.ba<\/p>\n","protected":false},"excerpt":{"rendered":"<p>Ukidanjem dvaju doprinosa na dizel gorivo slovenska vlada u \u010detvrtak je djelovala na smanjenje njihove maloprodajne cijene koje \u0107e se primjenjivati dan nakon objave dviju uredbi u slu\u017ebenom listu.&nbsp; Uredbe kojima se cijene dizela smanjuju primjenjivat \u0107e se samo na dizel gorivo na postajama&nbsp;uz autoceste, gdje su cijene zadnjih desetak dana bile sasvim liberalizirane \u0161to [&hellip;]<\/p>\n","protected":false},"author":2,"featured_media":0,"comment_status":"closed","ping_status":"closed","sticky":false,"template":"","format":"standard","meta":{"h5ap_radio_sources":[],"footnotes":""},"categories":[1],"tags":[],"class_list":["post-152952","post","type-post","status-publish","format-standard","hentry","category-bihiregija"],"yoast_head":"<!-- This site is optimized with the Yoast SEO plugin v27.4 - https:\/\/yoast.com\/product\/yoast-seo-wordpress\/ -->\n<title>Slovenska vlada smanjuje cijenu dizela na autocestama za sve - RADIO LJUBU\u0160KI<\/title>\n<meta name=\"robots\" content=\"index, follow, max-snippet:-1, max-image-preview:large, max-video-preview:-1\" \/>\n<link rel=\"canonical\" href=\"https:\/\/radioljubuski.ba\/index.php\/2022\/06\/24\/slovenska-vlada-smanjuje-cijenu-dizela-na-autocestama-za-sve\/\" \/>\n<meta property=\"og:locale\" content=\"hr_HR\" \/>\n<meta property=\"og:type\" content=\"article\" \/>\n<meta property=\"og:title\" content=\"Slovenska vlada smanjuje cijenu dizela na autocestama za sve - RADIO LJUBU\u0160KI\" \/>\n<meta property=\"og:description\" content=\"Ukidanjem dvaju doprinosa na dizel gorivo slovenska vlada u \u010detvrtak je djelovala na smanjenje njihove maloprodajne cijene koje \u0107e se primjenjivati dan nakon objave dviju uredbi u slu\u017ebenom listu.&nbsp; Uredbe kojima se cijene dizela smanjuju primjenjivat \u0107e se samo na dizel gorivo na postajama&nbsp;uz autoceste, gdje su cijene zadnjih desetak dana bile sasvim liberalizirane \u0161to [&hellip;]\" \/>\n<meta property=\"og:url\" content=\"https:\/\/radioljubuski.ba\/index.php\/2022\/06\/24\/slovenska-vlada-smanjuje-cijenu-dizela-na-autocestama-za-sve\/\" \/>\n<meta property=\"og:site_name\" content=\"RADIO LJUBU\u0160KI\" \/>\n<meta property=\"article:publisher\" content=\"https:\/\/www.facebook.com\/Radiio-Ljubuski-1490835324566332\" \/>\n<meta property=\"article:published_time\" content=\"2022-06-24T12:52:57+00:00\" \/>\n<meta property=\"article:modified_time\" content=\"2022-06-24T12:52:58+00:00\" \/>\n<meta property=\"og:image\" content=\"https:\/\/radioljubuski.ba\/wp-content\/uploads\/2022\/06\/10-2022-06-17-17-36-26-Gorivo-pojeftinilo-najvise-u-novijoj-povijesti-ali-prije-tankanja-se-informirajte.-Razlike-u-cijeni-su-ogromne-scaled-1-1.jpg\" \/>\n\t<meta property=\"og:image:width\" content=\"1000\" \/>\n\t<meta property=\"og:image:height\" content=\"625\" \/>\n\t<meta property=\"og:image:type\" content=\"image\/jpeg\" \/>\n<meta name=\"author\" content=\"Radio Ljubu\u0161ki\" \/>\n<meta name=\"twitter:card\" content=\"summary_large_image\" \/>\n<meta name=\"twitter:creator\" content=\"@radioljubuski\" \/>\n<meta name=\"twitter:site\" content=\"@radioljubuski\" \/>\n<meta name=\"twitter:label1\" content=\"Napisao\/la\" \/>\n\t<meta name=\"twitter:data1\" content=\"Radio Ljubu\u0161ki\" \/>\n\t<meta name=\"twitter:label2\" content=\"Procijenjeno vrijeme \u010ditanja\" \/>\n\t<meta name=\"twitter:data2\" content=\"2 minute\" \/>\n<script type=\"application\/ld+json\" class=\"yoast-schema-graph\">{\"@context\":\"https:\\\/\\\/schema.org\",\"@graph\":[{\"@type\":\"Article\",\"@id\":\"https:\\\/\\\/radioljubuski.ba\\\/index.php\\\/2022\\\/06\\\/24\\\/slovenska-vlada-smanjuje-cijenu-dizela-na-autocestama-za-sve\\\/#article\",\"isPartOf\":{\"@id\":\"https:\\\/\\\/radioljubuski.ba\\\/index.php\\\/2022\\\/06\\\/24\\\/slovenska-vlada-smanjuje-cijenu-dizela-na-autocestama-za-sve\\\/\"},\"author\":{\"name\":\"Radio Ljubu\u0161ki\",\"@id\":\"https:\\\/\\\/radioljubuski.ba\\\/#\\\/schema\\\/person\\\/19fc700381a780f69665d7956c469e3b\"},\"headline\":\"Slovenska vlada smanjuje cijenu dizela na autocestama za sve\",\"datePublished\":\"2022-06-24T12:52:57+00:00\",\"dateModified\":\"2022-06-24T12:52:58+00:00\",\"mainEntityOfPage\":{\"@id\":\"https:\\\/\\\/radioljubuski.ba\\\/index.php\\\/2022\\\/06\\\/24\\\/slovenska-vlada-smanjuje-cijenu-dizela-na-autocestama-za-sve\\\/\"},\"wordCount\":431,\"publisher\":{\"@id\":\"https:\\\/\\\/radioljubuski.ba\\\/#organization\"},\"articleSection\":[\"BIH i regija\"],\"inLanguage\":\"hr\"},{\"@type\":\"WebPage\",\"@id\":\"https:\\\/\\\/radioljubuski.ba\\\/index.php\\\/2022\\\/06\\\/24\\\/slovenska-vlada-smanjuje-cijenu-dizela-na-autocestama-za-sve\\\/\",\"url\":\"https:\\\/\\\/radioljubuski.ba\\\/index.php\\\/2022\\\/06\\\/24\\\/slovenska-vlada-smanjuje-cijenu-dizela-na-autocestama-za-sve\\\/\",\"name\":\"Slovenska vlada smanjuje cijenu dizela na autocestama za sve - RADIO LJUBU\u0160KI\",\"isPartOf\":{\"@id\":\"https:\\\/\\\/radioljubuski.ba\\\/#website\"},\"datePublished\":\"2022-06-24T12:52:57+00:00\",\"dateModified\":\"2022-06-24T12:52:58+00:00\",\"breadcrumb\":{\"@id\":\"https:\\\/\\\/radioljubuski.ba\\\/index.php\\\/2022\\\/06\\\/24\\\/slovenska-vlada-smanjuje-cijenu-dizela-na-autocestama-za-sve\\\/#breadcrumb\"},\"inLanguage\":\"hr\",\"potentialAction\":[{\"@type\":\"ReadAction\",\"target\":[\"https:\\\/\\\/radioljubuski.ba\\\/index.php\\\/2022\\\/06\\\/24\\\/slovenska-vlada-smanjuje-cijenu-dizela-na-autocestama-za-sve\\\/\"]}]},{\"@type\":\"BreadcrumbList\",\"@id\":\"https:\\\/\\\/radioljubuski.ba\\\/index.php\\\/2022\\\/06\\\/24\\\/slovenska-vlada-smanjuje-cijenu-dizela-na-autocestama-za-sve\\\/#breadcrumb\",\"itemListElement\":[{\"@type\":\"ListItem\",\"position\":1,\"name\":\"Po\u010detna stranica\",\"item\":\"https:\\\/\\\/radioljubuski.ba\\\/\"},{\"@type\":\"ListItem\",\"position\":2,\"name\":\"Slovenska vlada smanjuje cijenu dizela na autocestama za sve\"}]},{\"@type\":\"WebSite\",\"@id\":\"https:\\\/\\\/radioljubuski.ba\\\/#website\",\"url\":\"https:\\\/\\\/radioljubuski.ba\\\/\",\"name\":\"Radio Ljubu\u0161ki\",\"description\":\"Sun\u010dana frekvencija Hercegovine\",\"publisher\":{\"@id\":\"https:\\\/\\\/radioljubuski.ba\\\/#organization\"},\"potentialAction\":[{\"@type\":\"SearchAction\",\"target\":{\"@type\":\"EntryPoint\",\"urlTemplate\":\"https:\\\/\\\/radioljubuski.ba\\\/?s={search_term_string}\"},\"query-input\":{\"@type\":\"PropertyValueSpecification\",\"valueRequired\":true,\"valueName\":\"search_term_string\"}}],\"inLanguage\":\"hr\"},{\"@type\":\"Organization\",\"@id\":\"https:\\\/\\\/radioljubuski.ba\\\/#organization\",\"name\":\"Radio Ljubu\u0161ki\",\"url\":\"https:\\\/\\\/radioljubuski.ba\\\/\",\"logo\":{\"@type\":\"ImageObject\",\"inLanguage\":\"hr\",\"@id\":\"https:\\\/\\\/radioljubuski.ba\\\/#\\\/schema\\\/logo\\\/image\\\/\",\"url\":\"https:\\\/\\\/radioljubuski.ba\\\/wp-content\\\/uploads\\\/2021\\\/02\\\/cropped-Radio_Ljubuski_logo1.jpg\",\"contentUrl\":\"https:\\\/\\\/radioljubuski.ba\\\/wp-content\\\/uploads\\\/2021\\\/02\\\/cropped-Radio_Ljubuski_logo1.jpg\",\"width\":512,\"height\":512,\"caption\":\"Radio Ljubu\u0161ki\"},\"image\":{\"@id\":\"https:\\\/\\\/radioljubuski.ba\\\/#\\\/schema\\\/logo\\\/image\\\/\"},\"sameAs\":[\"https:\\\/\\\/www.facebook.com\\\/Radiio-Ljubuski-1490835324566332\",\"https:\\\/\\\/x.com\\\/radioljubuski\",\"https:\\\/\\\/hr.linkedin.com\\\/company\\\/radio-ljubuski\",\"https:\\\/\\\/www.youtube.com\\\/channel\\\/UCHYaeO_n0Db3tjNGudGpXyw\"]},{\"@type\":\"Person\",\"@id\":\"https:\\\/\\\/radioljubuski.ba\\\/#\\\/schema\\\/person\\\/19fc700381a780f69665d7956c469e3b\",\"name\":\"Radio Ljubu\u0161ki\"}]}<\/script>\n<!-- \/ Yoast SEO plugin. -->","yoast_head_json":{"title":"Slovenska vlada smanjuje cijenu dizela na autocestama za sve - RADIO LJUBU\u0160KI","robots":{"index":"index","follow":"follow","max-snippet":"max-snippet:-1","max-image-preview":"max-image-preview:large","max-video-preview":"max-video-preview:-1"},"canonical":"https:\/\/radioljubuski.ba\/index.php\/2022\/06\/24\/slovenska-vlada-smanjuje-cijenu-dizela-na-autocestama-za-sve\/","og_locale":"hr_HR","og_type":"article","og_title":"Slovenska vlada smanjuje cijenu dizela na autocestama za sve - RADIO LJUBU\u0160KI","og_description":"Ukidanjem dvaju doprinosa na dizel gorivo slovenska vlada u \u010detvrtak je djelovala na smanjenje njihove maloprodajne cijene koje \u0107e se primjenjivati dan nakon objave dviju uredbi u slu\u017ebenom listu.&nbsp; Uredbe kojima se cijene dizela smanjuju primjenjivat \u0107e se samo na dizel gorivo na postajama&nbsp;uz autoceste, gdje su cijene zadnjih desetak dana bile sasvim liberalizirane \u0161to [&hellip;]","og_url":"https:\/\/radioljubuski.ba\/index.php\/2022\/06\/24\/slovenska-vlada-smanjuje-cijenu-dizela-na-autocestama-za-sve\/","og_site_name":"RADIO LJUBU\u0160KI","article_publisher":"https:\/\/www.facebook.com\/Radiio-Ljubuski-1490835324566332","article_published_time":"2022-06-24T12:52:57+00:00","article_modified_time":"2022-06-24T12:52:58+00:00","og_image":[{"width":1000,"height":625,"url":"https:\/\/radioljubuski.ba\/wp-content\/uploads\/2022\/06\/10-2022-06-17-17-36-26-Gorivo-pojeftinilo-najvise-u-novijoj-povijesti-ali-prije-tankanja-se-informirajte.-Razlike-u-cijeni-su-ogromne-scaled-1-1.jpg","type":"image\/jpeg"}],"author":"Radio Ljubu\u0161ki","twitter_card":"summary_large_image","twitter_creator":"@radioljubuski","twitter_site":"@radioljubuski","twitter_misc":{"Napisao\/la":"Radio Ljubu\u0161ki","Procijenjeno vrijeme \u010ditanja":"2 minute"},"schema":{"@context":"https:\/\/schema.org","@graph":[{"@type":"Article","@id":"https:\/\/radioljubuski.ba\/index.php\/2022\/06\/24\/slovenska-vlada-smanjuje-cijenu-dizela-na-autocestama-za-sve\/#article","isPartOf":{"@id":"https:\/\/radioljubuski.ba\/index.php\/2022\/06\/24\/slovenska-vlada-smanjuje-cijenu-dizela-na-autocestama-za-sve\/"},"author":{"name":"Radio Ljubu\u0161ki","@id":"https:\/\/radioljubuski.ba\/#\/schema\/person\/19fc700381a780f69665d7956c469e3b"},"headline":"Slovenska vlada smanjuje cijenu dizela na autocestama za sve","datePublished":"2022-06-24T12:52:57+00:00","dateModified":"2022-06-24T12:52:58+00:00","mainEntityOfPage":{"@id":"https:\/\/radioljubuski.ba\/index.php\/2022\/06\/24\/slovenska-vlada-smanjuje-cijenu-dizela-na-autocestama-za-sve\/"},"wordCount":431,"publisher":{"@id":"https:\/\/radioljubuski.ba\/#organization"},"articleSection":["BIH i regija"],"inLanguage":"hr"},{"@type":"WebPage","@id":"https:\/\/radioljubuski.ba\/index.php\/2022\/06\/24\/slovenska-vlada-smanjuje-cijenu-dizela-na-autocestama-za-sve\/","url":"https:\/\/radioljubuski.ba\/index.php\/2022\/06\/24\/slovenska-vlada-smanjuje-cijenu-dizela-na-autocestama-za-sve\/","name":"Slovenska vlada smanjuje cijenu dizela na autocestama za sve - RADIO LJUBU\u0160KI","isPartOf":{"@id":"https:\/\/radioljubuski.ba\/#website"},"datePublished":"2022-06-24T12:52:57+00:00","dateModified":"2022-06-24T12:52:58+00:00","breadcrumb":{"@id":"https:\/\/radioljubuski.ba\/index.php\/2022\/06\/24\/slovenska-vlada-smanjuje-cijenu-dizela-na-autocestama-za-sve\/#breadcrumb"},"inLanguage":"hr","potentialAction":[{"@type":"ReadAction","target":["https:\/\/radioljubuski.ba\/index.php\/2022\/06\/24\/slovenska-vlada-smanjuje-cijenu-dizela-na-autocestama-za-sve\/"]}]},{"@type":"BreadcrumbList","@id":"https:\/\/radioljubuski.ba\/index.php\/2022\/06\/24\/slovenska-vlada-smanjuje-cijenu-dizela-na-autocestama-za-sve\/#breadcrumb","itemListElement":[{"@type":"ListItem","position":1,"name":"Po\u010detna stranica","item":"https:\/\/radioljubuski.ba\/"},{"@type":"ListItem","position":2,"name":"Slovenska vlada smanjuje cijenu dizela na autocestama za sve"}]},{"@type":"WebSite","@id":"https:\/\/radioljubuski.ba\/#website","url":"https:\/\/radioljubuski.ba\/","name":"Radio Ljubu\u0161ki","description":"Sun\u010dana frekvencija Hercegovine","publisher":{"@id":"https:\/\/radioljubuski.ba\/#organization"},"potentialAction":[{"@type":"SearchAction","target":{"@type":"EntryPoint","urlTemplate":"https:\/\/radioljubuski.ba\/?s={search_term_string}"},"query-input":{"@type":"PropertyValueSpecification","valueRequired":true,"valueName":"search_term_string"}}],"inLanguage":"hr"},{"@type":"Organization","@id":"https:\/\/radioljubuski.ba\/#organization","name":"Radio Ljubu\u0161ki","url":"https:\/\/radioljubuski.ba\/","logo":{"@type":"ImageObject","inLanguage":"hr","@id":"https:\/\/radioljubuski.ba\/#\/schema\/logo\/image\/","url":"https:\/\/radioljubuski.ba\/wp-content\/uploads\/2021\/02\/cropped-Radio_Ljubuski_logo1.jpg","contentUrl":"https:\/\/radioljubuski.ba\/wp-content\/uploads\/2021\/02\/cropped-Radio_Ljubuski_logo1.jpg","width":512,"height":512,"caption":"Radio Ljubu\u0161ki"},"image":{"@id":"https:\/\/radioljubuski.ba\/#\/schema\/logo\/image\/"},"sameAs":["https:\/\/www.facebook.com\/Radiio-Ljubuski-1490835324566332","https:\/\/x.com\/radioljubuski","https:\/\/hr.linkedin.com\/company\/radio-ljubuski","https:\/\/www.youtube.com\/channel\/UCHYaeO_n0Db3tjNGudGpXyw"]},{"@type":"Person","@id":"https:\/\/radioljubuski.ba\/#\/schema\/person\/19fc700381a780f69665d7956c469e3b","name":"Radio Ljubu\u0161ki"}]}},"_links":{"self":[{"href":"https:\/\/radioljubuski.ba\/index.php\/wp-json\/wp\/v2\/posts\/152952","targetHints":{"allow":["GET"]}}],"collection":[{"href":"https:\/\/radioljubuski.ba\/index.php\/wp-json\/wp\/v2\/posts"}],"about":[{"href":"https:\/\/radioljubuski.ba\/index.php\/wp-json\/wp\/v2\/types\/post"}],"author":[{"embeddable":true,"href":"https:\/\/radioljubuski.ba\/index.php\/wp-json\/wp\/v2\/users\/2"}],"replies":[{"embeddable":true,"href":"https:\/\/radioljubuski.ba\/index.php\/wp-json\/wp\/v2\/comments?post=152952"}],"version-history":[{"count":1,"href":"https:\/\/radioljubuski.ba\/index.php\/wp-json\/wp\/v2\/posts\/152952\/revisions"}],"predecessor-version":[{"id":152953,"href":"https:\/\/radioljubuski.ba\/index.php\/wp-json\/wp\/v2\/posts\/152952\/revisions\/152953"}],"wp:attachment":[{"href":"https:\/\/radioljubuski.ba\/index.php\/wp-json\/wp\/v2\/media?parent=152952"}],"wp:term":[{"taxonomy":"category","embeddable":true,"href":"https:\/\/radioljubuski.ba\/index.php\/wp-json\/wp\/v2\/categories?post=152952"},{"taxonomy":"post_tag","embeddable":true,"href":"https:\/\/radioljubuski.ba\/index.php\/wp-json\/wp\/v2\/tags?post=152952"}],"curies":[{"name":"wp","href":"https:\/\/api.w.org\/{rel}","templated":true}]}}