{"id":152960,"date":"2022-06-24T13:56:33","date_gmt":"2022-06-24T12:56:33","guid":{"rendered":"https:\/\/radioljubuski.ba\/?p=152960"},"modified":"2022-06-24T13:56:34","modified_gmt":"2022-06-24T12:56:34","slug":"boracko-jezero-obogaceno-nizom-novih-sadrzaja","status":"publish","type":"post","link":"https:\/\/radioljubuski.ba\/index.php\/2022\/06\/24\/boracko-jezero-obogaceno-nizom-novih-sadrzaja\/","title":{"rendered":"Bora\u010dko jezero oboga\u0107eno nizom novih sadr\u017eaja"},"content":{"rendered":"\n<p>Bora\u010dko jezero u susret ljetnoj turisti\u010dkoj sezoni oboga\u0107eno je nizom novih sadr\u017eaja, osiguranim kroz projekt &#8216;Via Dinarica&#8217;, koji su financirali USAID i Italijanska razvojna agencija, a realizirali i sufinancirali Grad Konjic i UNDP.<\/p>\n\n\n\n<p>&#8220;S ciljem stvaranja \u0161to kvalitetnijih uvjeta za vi\u0161ednevni boravak doma\u0107ih i stranih gostiju na podru\u010dju Konjica, te unaprije\u0111enja uvjeta za boravak u prirodi, Grad Konjic i UNDP su kroz projekt &#8216;Via Dinarica&#8217; svima koji ovog ljeta posjete Bora\u010dko jezero osigurali niz novih sadr\u017eaja&#8221;, saop\u0107ili su iz Grada Konjica.<\/p>\n\n\n\n<p>Projekt je zavr\u0161en prije nekoliko mjeseci, a danas je u tu \u010dast uprili\u010deno sve\u010dano otkrivanje info table, koja \u0107e gostima ponuditi sve bitne informacije o sadr\u017eajima Bora\u010dkog jezera i njegove okoline, \u0161to su u\u010dinili gradona\u010delnik Konjica Osman \u0106ati\u0107 i Bo\u017eena Kaltak, menad\u017eerica UNDP-ovog programa u Hercegovini.<\/p>\n\n\n\n<p>U sklopu projekta zavr\u0161eni su radovi na ure\u0111enju pristupnih puteva, pje\u0161a\u010dke staze, te postavljene klupe i kante za otpatke, postavljen je i monta\u017eni ponton za lak\u0161i pristup kupa\u010dima, a ono \u0161to \u0107e uslijediti u narednom razdoblju jesu aktivnosti na ure\u0111enju dijela javne rasvjete, \u0161to se realizira kroz druge projekte.<\/p>\n\n\n\n<p>U okviru projekta &#8216;Via Dinarica&#8217; osigurani su i bolji uvjeti za posjet i boravak planinara na Prenju, podr\u017eavaju\u0107i aktivnosti Planinarskog dru\u0161tva &#8220;Bora\u0161nica&#8221; na obilje\u017eavanju i ure\u0111enju planinarskih staza kroz nabavku potrebnih materijala i opreme za te aktivnosti.<\/p>\n\n\n\n<p>Projektom su podr\u017eana i dva manja projekta unaprije\u0111enja turisti\u010dke ponude te dva projekta za razvoj i promociju doma\u0107ih turisti\u010dkih proizvoda, navodi se u saop\u0107enju.<\/p>\n\n\n\n<p>Izvor:pogled.ba<\/p>\n","protected":false},"excerpt":{"rendered":"<p>Bora\u010dko jezero u susret ljetnoj turisti\u010dkoj sezoni oboga\u0107eno je nizom novih sadr\u017eaja, osiguranim kroz projekt &#8216;Via Dinarica&#8217;, koji su financirali USAID i Italijanska razvojna agencija, a realizirali i sufinancirali Grad Konjic i UNDP. &#8220;S ciljem stvaranja \u0161to kvalitetnijih uvjeta za vi\u0161ednevni boravak doma\u0107ih i stranih gostiju na podru\u010dju Konjica, te unaprije\u0111enja uvjeta za boravak u [&hellip;]<\/p>\n","protected":false},"author":2,"featured_media":152961,"comment_status":"closed","ping_status":"closed","sticky":false,"template":"","format":"standard","meta":{"h5ap_radio_sources":[],"footnotes":""},"categories":[1],"tags":[],"class_list":["post-152960","post","type-post","status-publish","format-standard","has-post-thumbnail","hentry","category-bihiregija"],"yoast_head":"<!-- This site is optimized with the Yoast SEO plugin v27.4 - https:\/\/yoast.com\/product\/yoast-seo-wordpress\/ -->\n<title>Bora\u010dko jezero oboga\u0107eno nizom novih sadr\u017eaja - RADIO LJUBU\u0160KI<\/title>\n<meta name=\"robots\" content=\"index, follow, max-snippet:-1, max-image-preview:large, max-video-preview:-1\" \/>\n<link rel=\"canonical\" href=\"https:\/\/radioljubuski.ba\/index.php\/2022\/06\/24\/boracko-jezero-obogaceno-nizom-novih-sadrzaja\/\" \/>\n<meta property=\"og:locale\" content=\"hr_HR\" \/>\n<meta property=\"og:type\" content=\"article\" \/>\n<meta property=\"og:title\" content=\"Bora\u010dko jezero oboga\u0107eno nizom novih sadr\u017eaja - RADIO LJUBU\u0160KI\" \/>\n<meta property=\"og:description\" content=\"Bora\u010dko jezero u susret ljetnoj turisti\u010dkoj sezoni oboga\u0107eno je nizom novih sadr\u017eaja, osiguranim kroz projekt &#8216;Via Dinarica&#8217;, koji su financirali USAID i Italijanska razvojna agencija, a realizirali i sufinancirali Grad Konjic i UNDP. &#8220;S ciljem stvaranja \u0161to kvalitetnijih uvjeta za vi\u0161ednevni boravak doma\u0107ih i stranih gostiju na podru\u010dju Konjica, te unaprije\u0111enja uvjeta za boravak u [&hellip;]\" \/>\n<meta property=\"og:url\" content=\"https:\/\/radioljubuski.ba\/index.php\/2022\/06\/24\/boracko-jezero-obogaceno-nizom-novih-sadrzaja\/\" \/>\n<meta property=\"og:site_name\" content=\"RADIO LJUBU\u0160KI\" \/>\n<meta property=\"article:publisher\" content=\"https:\/\/www.facebook.com\/Radiio-Ljubuski-1490835324566332\" \/>\n<meta property=\"article:published_time\" content=\"2022-06-24T12:56:33+00:00\" \/>\n<meta property=\"article:modified_time\" content=\"2022-06-24T12:56:34+00:00\" \/>\n<meta property=\"og:image\" content=\"https:\/\/radioljubuski.ba\/wp-content\/uploads\/2022\/06\/10-2022-06-23-18-34-38-Snimka-zaslona-2022-06-23-183315.jpg\" \/>\n\t<meta property=\"og:image:width\" content=\"1000\" \/>\n\t<meta property=\"og:image:height\" content=\"625\" \/>\n\t<meta property=\"og:image:type\" content=\"image\/jpeg\" \/>\n<meta name=\"author\" content=\"Radio Ljubu\u0161ki\" \/>\n<meta name=\"twitter:card\" content=\"summary_large_image\" \/>\n<meta name=\"twitter:creator\" content=\"@radioljubuski\" \/>\n<meta name=\"twitter:site\" content=\"@radioljubuski\" \/>\n<meta name=\"twitter:label1\" content=\"Napisao\/la\" \/>\n\t<meta name=\"twitter:data1\" content=\"Radio Ljubu\u0161ki\" \/>\n\t<meta name=\"twitter:label2\" content=\"Procijenjeno vrijeme \u010ditanja\" \/>\n\t<meta name=\"twitter:data2\" content=\"2 minute\" \/>\n<script type=\"application\/ld+json\" class=\"yoast-schema-graph\">{\"@context\":\"https:\\\/\\\/schema.org\",\"@graph\":[{\"@type\":\"Article\",\"@id\":\"https:\\\/\\\/radioljubuski.ba\\\/index.php\\\/2022\\\/06\\\/24\\\/boracko-jezero-obogaceno-nizom-novih-sadrzaja\\\/#article\",\"isPartOf\":{\"@id\":\"https:\\\/\\\/radioljubuski.ba\\\/index.php\\\/2022\\\/06\\\/24\\\/boracko-jezero-obogaceno-nizom-novih-sadrzaja\\\/\"},\"author\":{\"name\":\"Radio Ljubu\u0161ki\",\"@id\":\"https:\\\/\\\/radioljubuski.ba\\\/#\\\/schema\\\/person\\\/19fc700381a780f69665d7956c469e3b\"},\"headline\":\"Bora\u010dko jezero oboga\u0107eno nizom novih sadr\u017eaja\",\"datePublished\":\"2022-06-24T12:56:33+00:00\",\"dateModified\":\"2022-06-24T12:56:34+00:00\",\"mainEntityOfPage\":{\"@id\":\"https:\\\/\\\/radioljubuski.ba\\\/index.php\\\/2022\\\/06\\\/24\\\/boracko-jezero-obogaceno-nizom-novih-sadrzaja\\\/\"},\"wordCount\":289,\"publisher\":{\"@id\":\"https:\\\/\\\/radioljubuski.ba\\\/#organization\"},\"image\":{\"@id\":\"https:\\\/\\\/radioljubuski.ba\\\/index.php\\\/2022\\\/06\\\/24\\\/boracko-jezero-obogaceno-nizom-novih-sadrzaja\\\/#primaryimage\"},\"thumbnailUrl\":\"https:\\\/\\\/radioljubuski.ba\\\/wp-content\\\/uploads\\\/2022\\\/06\\\/10-2022-06-23-18-34-38-Snimka-zaslona-2022-06-23-183315.jpg\",\"articleSection\":[\"BIH i regija\"],\"inLanguage\":\"hr\"},{\"@type\":\"WebPage\",\"@id\":\"https:\\\/\\\/radioljubuski.ba\\\/index.php\\\/2022\\\/06\\\/24\\\/boracko-jezero-obogaceno-nizom-novih-sadrzaja\\\/\",\"url\":\"https:\\\/\\\/radioljubuski.ba\\\/index.php\\\/2022\\\/06\\\/24\\\/boracko-jezero-obogaceno-nizom-novih-sadrzaja\\\/\",\"name\":\"Bora\u010dko jezero oboga\u0107eno nizom novih sadr\u017eaja - RADIO LJUBU\u0160KI\",\"isPartOf\":{\"@id\":\"https:\\\/\\\/radioljubuski.ba\\\/#website\"},\"primaryImageOfPage\":{\"@id\":\"https:\\\/\\\/radioljubuski.ba\\\/index.php\\\/2022\\\/06\\\/24\\\/boracko-jezero-obogaceno-nizom-novih-sadrzaja\\\/#primaryimage\"},\"image\":{\"@id\":\"https:\\\/\\\/radioljubuski.ba\\\/index.php\\\/2022\\\/06\\\/24\\\/boracko-jezero-obogaceno-nizom-novih-sadrzaja\\\/#primaryimage\"},\"thumbnailUrl\":\"https:\\\/\\\/radioljubuski.ba\\\/wp-content\\\/uploads\\\/2022\\\/06\\\/10-2022-06-23-18-34-38-Snimka-zaslona-2022-06-23-183315.jpg\",\"datePublished\":\"2022-06-24T12:56:33+00:00\",\"dateModified\":\"2022-06-24T12:56:34+00:00\",\"breadcrumb\":{\"@id\":\"https:\\\/\\\/radioljubuski.ba\\\/index.php\\\/2022\\\/06\\\/24\\\/boracko-jezero-obogaceno-nizom-novih-sadrzaja\\\/#breadcrumb\"},\"inLanguage\":\"hr\",\"potentialAction\":[{\"@type\":\"ReadAction\",\"target\":[\"https:\\\/\\\/radioljubuski.ba\\\/index.php\\\/2022\\\/06\\\/24\\\/boracko-jezero-obogaceno-nizom-novih-sadrzaja\\\/\"]}]},{\"@type\":\"ImageObject\",\"inLanguage\":\"hr\",\"@id\":\"https:\\\/\\\/radioljubuski.ba\\\/index.php\\\/2022\\\/06\\\/24\\\/boracko-jezero-obogaceno-nizom-novih-sadrzaja\\\/#primaryimage\",\"url\":\"https:\\\/\\\/radioljubuski.ba\\\/wp-content\\\/uploads\\\/2022\\\/06\\\/10-2022-06-23-18-34-38-Snimka-zaslona-2022-06-23-183315.jpg\",\"contentUrl\":\"https:\\\/\\\/radioljubuski.ba\\\/wp-content\\\/uploads\\\/2022\\\/06\\\/10-2022-06-23-18-34-38-Snimka-zaslona-2022-06-23-183315.jpg\",\"width\":1000,\"height\":625},{\"@type\":\"BreadcrumbList\",\"@id\":\"https:\\\/\\\/radioljubuski.ba\\\/index.php\\\/2022\\\/06\\\/24\\\/boracko-jezero-obogaceno-nizom-novih-sadrzaja\\\/#breadcrumb\",\"itemListElement\":[{\"@type\":\"ListItem\",\"position\":1,\"name\":\"Po\u010detna stranica\",\"item\":\"https:\\\/\\\/radioljubuski.ba\\\/\"},{\"@type\":\"ListItem\",\"position\":2,\"name\":\"Bora\u010dko jezero oboga\u0107eno nizom novih sadr\u017eaja\"}]},{\"@type\":\"WebSite\",\"@id\":\"https:\\\/\\\/radioljubuski.ba\\\/#website\",\"url\":\"https:\\\/\\\/radioljubuski.ba\\\/\",\"name\":\"Radio Ljubu\u0161ki\",\"description\":\"Sun\u010dana frekvencija Hercegovine\",\"publisher\":{\"@id\":\"https:\\\/\\\/radioljubuski.ba\\\/#organization\"},\"potentialAction\":[{\"@type\":\"SearchAction\",\"target\":{\"@type\":\"EntryPoint\",\"urlTemplate\":\"https:\\\/\\\/radioljubuski.ba\\\/?s={search_term_string}\"},\"query-input\":{\"@type\":\"PropertyValueSpecification\",\"valueRequired\":true,\"valueName\":\"search_term_string\"}}],\"inLanguage\":\"hr\"},{\"@type\":\"Organization\",\"@id\":\"https:\\\/\\\/radioljubuski.ba\\\/#organization\",\"name\":\"Radio Ljubu\u0161ki\",\"url\":\"https:\\\/\\\/radioljubuski.ba\\\/\",\"logo\":{\"@type\":\"ImageObject\",\"inLanguage\":\"hr\",\"@id\":\"https:\\\/\\\/radioljubuski.ba\\\/#\\\/schema\\\/logo\\\/image\\\/\",\"url\":\"https:\\\/\\\/radioljubuski.ba\\\/wp-content\\\/uploads\\\/2021\\\/02\\\/cropped-Radio_Ljubuski_logo1.jpg\",\"contentUrl\":\"https:\\\/\\\/radioljubuski.ba\\\/wp-content\\\/uploads\\\/2021\\\/02\\\/cropped-Radio_Ljubuski_logo1.jpg\",\"width\":512,\"height\":512,\"caption\":\"Radio Ljubu\u0161ki\"},\"image\":{\"@id\":\"https:\\\/\\\/radioljubuski.ba\\\/#\\\/schema\\\/logo\\\/image\\\/\"},\"sameAs\":[\"https:\\\/\\\/www.facebook.com\\\/Radiio-Ljubuski-1490835324566332\",\"https:\\\/\\\/x.com\\\/radioljubuski\",\"https:\\\/\\\/hr.linkedin.com\\\/company\\\/radio-ljubuski\",\"https:\\\/\\\/www.youtube.com\\\/channel\\\/UCHYaeO_n0Db3tjNGudGpXyw\"]},{\"@type\":\"Person\",\"@id\":\"https:\\\/\\\/radioljubuski.ba\\\/#\\\/schema\\\/person\\\/19fc700381a780f69665d7956c469e3b\",\"name\":\"Radio Ljubu\u0161ki\"}]}<\/script>\n<!-- \/ Yoast SEO plugin. -->","yoast_head_json":{"title":"Bora\u010dko jezero oboga\u0107eno nizom novih sadr\u017eaja - RADIO LJUBU\u0160KI","robots":{"index":"index","follow":"follow","max-snippet":"max-snippet:-1","max-image-preview":"max-image-preview:large","max-video-preview":"max-video-preview:-1"},"canonical":"https:\/\/radioljubuski.ba\/index.php\/2022\/06\/24\/boracko-jezero-obogaceno-nizom-novih-sadrzaja\/","og_locale":"hr_HR","og_type":"article","og_title":"Bora\u010dko jezero oboga\u0107eno nizom novih sadr\u017eaja - RADIO LJUBU\u0160KI","og_description":"Bora\u010dko jezero u susret ljetnoj turisti\u010dkoj sezoni oboga\u0107eno je nizom novih sadr\u017eaja, osiguranim kroz projekt &#8216;Via Dinarica&#8217;, koji su financirali USAID i Italijanska razvojna agencija, a realizirali i sufinancirali Grad Konjic i UNDP. &#8220;S ciljem stvaranja \u0161to kvalitetnijih uvjeta za vi\u0161ednevni boravak doma\u0107ih i stranih gostiju na podru\u010dju Konjica, te unaprije\u0111enja uvjeta za boravak u [&hellip;]","og_url":"https:\/\/radioljubuski.ba\/index.php\/2022\/06\/24\/boracko-jezero-obogaceno-nizom-novih-sadrzaja\/","og_site_name":"RADIO LJUBU\u0160KI","article_publisher":"https:\/\/www.facebook.com\/Radiio-Ljubuski-1490835324566332","article_published_time":"2022-06-24T12:56:33+00:00","article_modified_time":"2022-06-24T12:56:34+00:00","og_image":[{"width":1000,"height":625,"url":"https:\/\/radioljubuski.ba\/wp-content\/uploads\/2022\/06\/10-2022-06-23-18-34-38-Snimka-zaslona-2022-06-23-183315.jpg","type":"image\/jpeg"}],"author":"Radio Ljubu\u0161ki","twitter_card":"summary_large_image","twitter_creator":"@radioljubuski","twitter_site":"@radioljubuski","twitter_misc":{"Napisao\/la":"Radio Ljubu\u0161ki","Procijenjeno vrijeme \u010ditanja":"2 minute"},"schema":{"@context":"https:\/\/schema.org","@graph":[{"@type":"Article","@id":"https:\/\/radioljubuski.ba\/index.php\/2022\/06\/24\/boracko-jezero-obogaceno-nizom-novih-sadrzaja\/#article","isPartOf":{"@id":"https:\/\/radioljubuski.ba\/index.php\/2022\/06\/24\/boracko-jezero-obogaceno-nizom-novih-sadrzaja\/"},"author":{"name":"Radio Ljubu\u0161ki","@id":"https:\/\/radioljubuski.ba\/#\/schema\/person\/19fc700381a780f69665d7956c469e3b"},"headline":"Bora\u010dko jezero oboga\u0107eno nizom novih sadr\u017eaja","datePublished":"2022-06-24T12:56:33+00:00","dateModified":"2022-06-24T12:56:34+00:00","mainEntityOfPage":{"@id":"https:\/\/radioljubuski.ba\/index.php\/2022\/06\/24\/boracko-jezero-obogaceno-nizom-novih-sadrzaja\/"},"wordCount":289,"publisher":{"@id":"https:\/\/radioljubuski.ba\/#organization"},"image":{"@id":"https:\/\/radioljubuski.ba\/index.php\/2022\/06\/24\/boracko-jezero-obogaceno-nizom-novih-sadrzaja\/#primaryimage"},"thumbnailUrl":"https:\/\/radioljubuski.ba\/wp-content\/uploads\/2022\/06\/10-2022-06-23-18-34-38-Snimka-zaslona-2022-06-23-183315.jpg","articleSection":["BIH i regija"],"inLanguage":"hr"},{"@type":"WebPage","@id":"https:\/\/radioljubuski.ba\/index.php\/2022\/06\/24\/boracko-jezero-obogaceno-nizom-novih-sadrzaja\/","url":"https:\/\/radioljubuski.ba\/index.php\/2022\/06\/24\/boracko-jezero-obogaceno-nizom-novih-sadrzaja\/","name":"Bora\u010dko jezero oboga\u0107eno nizom novih sadr\u017eaja - RADIO LJUBU\u0160KI","isPartOf":{"@id":"https:\/\/radioljubuski.ba\/#website"},"primaryImageOfPage":{"@id":"https:\/\/radioljubuski.ba\/index.php\/2022\/06\/24\/boracko-jezero-obogaceno-nizom-novih-sadrzaja\/#primaryimage"},"image":{"@id":"https:\/\/radioljubuski.ba\/index.php\/2022\/06\/24\/boracko-jezero-obogaceno-nizom-novih-sadrzaja\/#primaryimage"},"thumbnailUrl":"https:\/\/radioljubuski.ba\/wp-content\/uploads\/2022\/06\/10-2022-06-23-18-34-38-Snimka-zaslona-2022-06-23-183315.jpg","datePublished":"2022-06-24T12:56:33+00:00","dateModified":"2022-06-24T12:56:34+00:00","breadcrumb":{"@id":"https:\/\/radioljubuski.ba\/index.php\/2022\/06\/24\/boracko-jezero-obogaceno-nizom-novih-sadrzaja\/#breadcrumb"},"inLanguage":"hr","potentialAction":[{"@type":"ReadAction","target":["https:\/\/radioljubuski.ba\/index.php\/2022\/06\/24\/boracko-jezero-obogaceno-nizom-novih-sadrzaja\/"]}]},{"@type":"ImageObject","inLanguage":"hr","@id":"https:\/\/radioljubuski.ba\/index.php\/2022\/06\/24\/boracko-jezero-obogaceno-nizom-novih-sadrzaja\/#primaryimage","url":"https:\/\/radioljubuski.ba\/wp-content\/uploads\/2022\/06\/10-2022-06-23-18-34-38-Snimka-zaslona-2022-06-23-183315.jpg","contentUrl":"https:\/\/radioljubuski.ba\/wp-content\/uploads\/2022\/06\/10-2022-06-23-18-34-38-Snimka-zaslona-2022-06-23-183315.jpg","width":1000,"height":625},{"@type":"BreadcrumbList","@id":"https:\/\/radioljubuski.ba\/index.php\/2022\/06\/24\/boracko-jezero-obogaceno-nizom-novih-sadrzaja\/#breadcrumb","itemListElement":[{"@type":"ListItem","position":1,"name":"Po\u010detna stranica","item":"https:\/\/radioljubuski.ba\/"},{"@type":"ListItem","position":2,"name":"Bora\u010dko jezero oboga\u0107eno nizom novih sadr\u017eaja"}]},{"@type":"WebSite","@id":"https:\/\/radioljubuski.ba\/#website","url":"https:\/\/radioljubuski.ba\/","name":"Radio Ljubu\u0161ki","description":"Sun\u010dana frekvencija Hercegovine","publisher":{"@id":"https:\/\/radioljubuski.ba\/#organization"},"potentialAction":[{"@type":"SearchAction","target":{"@type":"EntryPoint","urlTemplate":"https:\/\/radioljubuski.ba\/?s={search_term_string}"},"query-input":{"@type":"PropertyValueSpecification","valueRequired":true,"valueName":"search_term_string"}}],"inLanguage":"hr"},{"@type":"Organization","@id":"https:\/\/radioljubuski.ba\/#organization","name":"Radio Ljubu\u0161ki","url":"https:\/\/radioljubuski.ba\/","logo":{"@type":"ImageObject","inLanguage":"hr","@id":"https:\/\/radioljubuski.ba\/#\/schema\/logo\/image\/","url":"https:\/\/radioljubuski.ba\/wp-content\/uploads\/2021\/02\/cropped-Radio_Ljubuski_logo1.jpg","contentUrl":"https:\/\/radioljubuski.ba\/wp-content\/uploads\/2021\/02\/cropped-Radio_Ljubuski_logo1.jpg","width":512,"height":512,"caption":"Radio Ljubu\u0161ki"},"image":{"@id":"https:\/\/radioljubuski.ba\/#\/schema\/logo\/image\/"},"sameAs":["https:\/\/www.facebook.com\/Radiio-Ljubuski-1490835324566332","https:\/\/x.com\/radioljubuski","https:\/\/hr.linkedin.com\/company\/radio-ljubuski","https:\/\/www.youtube.com\/channel\/UCHYaeO_n0Db3tjNGudGpXyw"]},{"@type":"Person","@id":"https:\/\/radioljubuski.ba\/#\/schema\/person\/19fc700381a780f69665d7956c469e3b","name":"Radio Ljubu\u0161ki"}]}},"_links":{"self":[{"href":"https:\/\/radioljubuski.ba\/index.php\/wp-json\/wp\/v2\/posts\/152960","targetHints":{"allow":["GET"]}}],"collection":[{"href":"https:\/\/radioljubuski.ba\/index.php\/wp-json\/wp\/v2\/posts"}],"about":[{"href":"https:\/\/radioljubuski.ba\/index.php\/wp-json\/wp\/v2\/types\/post"}],"author":[{"embeddable":true,"href":"https:\/\/radioljubuski.ba\/index.php\/wp-json\/wp\/v2\/users\/2"}],"replies":[{"embeddable":true,"href":"https:\/\/radioljubuski.ba\/index.php\/wp-json\/wp\/v2\/comments?post=152960"}],"version-history":[{"count":1,"href":"https:\/\/radioljubuski.ba\/index.php\/wp-json\/wp\/v2\/posts\/152960\/revisions"}],"predecessor-version":[{"id":152962,"href":"https:\/\/radioljubuski.ba\/index.php\/wp-json\/wp\/v2\/posts\/152960\/revisions\/152962"}],"wp:featuredmedia":[{"embeddable":true,"href":"https:\/\/radioljubuski.ba\/index.php\/wp-json\/wp\/v2\/media\/152961"}],"wp:attachment":[{"href":"https:\/\/radioljubuski.ba\/index.php\/wp-json\/wp\/v2\/media?parent=152960"}],"wp:term":[{"taxonomy":"category","embeddable":true,"href":"https:\/\/radioljubuski.ba\/index.php\/wp-json\/wp\/v2\/categories?post=152960"},{"taxonomy":"post_tag","embeddable":true,"href":"https:\/\/radioljubuski.ba\/index.php\/wp-json\/wp\/v2\/tags?post=152960"}],"curies":[{"name":"wp","href":"https:\/\/api.w.org\/{rel}","templated":true}]}}