{"id":152963,"date":"2022-06-24T13:57:53","date_gmt":"2022-06-24T12:57:53","guid":{"rendered":"https:\/\/radioljubuski.ba\/?p=152963"},"modified":"2022-06-24T13:57:54","modified_gmt":"2022-06-24T12:57:54","slug":"netflix-najavio-promjene-uvode-se-oglasi-ali-i-nize-cijene-pretplate","status":"publish","type":"post","link":"https:\/\/radioljubuski.ba\/index.php\/2022\/06\/24\/netflix-najavio-promjene-uvode-se-oglasi-ali-i-nize-cijene-pretplate\/","title":{"rendered":"Netflix najavio promjene: Uvode se oglasi, ali i ni\u017ee cijene pretplate"},"content":{"rendered":"\n<p>IZVR\u0160NI direktor Netflixa Ted Sarandos potvrdio je da oglasi dolaze na streaming platformu.<\/p>\n\n\n\n<p>Bila je ovo te\u0161ka godina za vode\u0107e ime me\u0111u streaming servisima, u kojoj je Netflix izgubio oko 200 tisu\u0107a pretplatnika u prvom tromjese\u010dju 2022., a o\u010dekuje se da \u0107e u sljede\u0107ih nekoliko mjeseci izgubiti jo\u0161 vi\u0161e. To je prvi put da je opao ukupan broj pretplatnika na Netflix, \u0161to je izazvalo zabrinutost unutar kompanije.<\/p>\n\n\n\n<p>Osim toga, cijena pretplate i dalje raste, zbog \u010dega ljudi jo\u0161 vi\u0161e razmi\u0161ljaju \u017eele li ostati pretpla\u0107eni. Rje\u0161enje koje je predlo\u017eio Ted Sarandos, izvr\u0161ni direktor Netflixa, je uvo\u0111enje jeftinije razine pretplate koja bi uklju\u010divala oglase na platformi.<\/p>\n\n\n\n<p>Prema&nbsp;Hollywood Reporteru, Sarandos je na marketin\u0161kom festivalu Cannes Lions potvrdio da je streaming servis ve\u0107 zapo\u010deo razgovore s potencijalnim ogla\u0161iva\u010dima. Izvr\u0161ni direktor objasnio je promjenu u Netflixovom stajali\u0161tu, koji se dugo vremena opirao oglasima na platformi i oslanjao se na pretplatu kao izvor prihoda.<\/p>\n\n\n\n<p>Dionice Netflixa bilje\u017ee ozbiljan pad<\/p>\n\n\n\n<p>&#8220;Ostavili smo veliki dio klijenata izvan rasprave, a to su ljudi koji ka\u017eu: &#8216;Hej, Netflix je preskup za mene i ne smeta mi reklamiranje&#8217;. Dodajemo razinu pretplate s oglasima, ne dodajemo oglase na Netflix kakav danas poznajete. Dodajemo oglasnu razinu za ljude koji ka\u017eu: &#8216;Hej, \u017eelim ni\u017eu cijenu i gledat \u0107u oglase'&#8221;, kazao je Sarandos.<\/p>\n\n\n\n<p>Tako\u0111er je govorio o mogu\u0107nosti da bi Netflix u nekom trenutku u budu\u0107nosti mogao biti prodan jer je cijena dionica kompanije pala od po\u010detka godine.&nbsp;Na kraju 2021. dionica Netflixa vrijedila je vi\u0161e od 602 dolara, dok je danas cijena dionice oko 180 dolara.&nbsp;<\/p>\n\n\n\n<p>Sarandos je priznao da su \u0161anse da bi netko mogao kupiti Netflix &#8220;uvijek realne&#8221;, ali je inzistirao da je streaming div sposoban sam se vratiti u prosperitet.&nbsp;Uvo\u0111enje ni\u017ee pla\u0107ene razine s oglasima nije novo, Disney+ ve\u0107 je izradio planove za jeftiniju pretplatu po cijenu reklama koje prekidaju emisiju, prenosi The Verge.<\/p>\n\n\n\n<p>Izvor:index.hr<\/p>\n","protected":false},"excerpt":{"rendered":"<p>IZVR\u0160NI direktor Netflixa Ted Sarandos potvrdio je da oglasi dolaze na streaming platformu. Bila je ovo te\u0161ka godina za vode\u0107e ime me\u0111u streaming servisima, u kojoj je Netflix izgubio oko 200 tisu\u0107a pretplatnika u prvom tromjese\u010dju 2022., a o\u010dekuje se da \u0107e u sljede\u0107ih nekoliko mjeseci izgubiti jo\u0161 vi\u0161e. To je prvi put da je [&hellip;]<\/p>\n","protected":false},"author":2,"featured_media":152964,"comment_status":"closed","ping_status":"closed","sticky":false,"template":"","format":"standard","meta":{"h5ap_radio_sources":[],"footnotes":""},"categories":[1],"tags":[],"class_list":["post-152963","post","type-post","status-publish","format-standard","has-post-thumbnail","hentry","category-bihiregija"],"yoast_head":"<!-- This site is optimized with the Yoast SEO plugin v27.5 - https:\/\/yoast.com\/product\/yoast-seo-wordpress\/ -->\n<title>Netflix najavio promjene: Uvode se oglasi, ali i ni\u017ee cijene pretplate - RADIO LJUBU\u0160KI<\/title>\n<meta name=\"robots\" content=\"index, follow, max-snippet:-1, max-image-preview:large, max-video-preview:-1\" \/>\n<link rel=\"canonical\" href=\"https:\/\/radioljubuski.ba\/index.php\/2022\/06\/24\/netflix-najavio-promjene-uvode-se-oglasi-ali-i-nize-cijene-pretplate\/\" \/>\n<meta property=\"og:locale\" content=\"hr_HR\" \/>\n<meta property=\"og:type\" content=\"article\" \/>\n<meta property=\"og:title\" content=\"Netflix najavio promjene: Uvode se oglasi, ali i ni\u017ee cijene pretplate - RADIO LJUBU\u0160KI\" \/>\n<meta property=\"og:description\" content=\"IZVR\u0160NI direktor Netflixa Ted Sarandos potvrdio je da oglasi dolaze na streaming platformu. Bila je ovo te\u0161ka godina za vode\u0107e ime me\u0111u streaming servisima, u kojoj je Netflix izgubio oko 200 tisu\u0107a pretplatnika u prvom tromjese\u010dju 2022., a o\u010dekuje se da \u0107e u sljede\u0107ih nekoliko mjeseci izgubiti jo\u0161 vi\u0161e. To je prvi put da je [&hellip;]\" \/>\n<meta property=\"og:url\" content=\"https:\/\/radioljubuski.ba\/index.php\/2022\/06\/24\/netflix-najavio-promjene-uvode-se-oglasi-ali-i-nize-cijene-pretplate\/\" \/>\n<meta property=\"og:site_name\" content=\"RADIO LJUBU\u0160KI\" \/>\n<meta property=\"article:publisher\" content=\"https:\/\/www.facebook.com\/Radiio-Ljubuski-1490835324566332\" \/>\n<meta property=\"article:published_time\" content=\"2022-06-24T12:57:53+00:00\" \/>\n<meta property=\"article:modified_time\" content=\"2022-06-24T12:57:54+00:00\" \/>\n<meta property=\"og:image\" content=\"https:\/\/radioljubuski.ba\/wp-content\/uploads\/2022\/06\/netflix.jpg\" \/>\n\t<meta property=\"og:image:width\" content=\"1000\" \/>\n\t<meta property=\"og:image:height\" content=\"625\" \/>\n\t<meta property=\"og:image:type\" content=\"image\/jpeg\" \/>\n<meta name=\"author\" content=\"Radio Ljubu\u0161ki\" \/>\n<meta name=\"twitter:card\" content=\"summary_large_image\" \/>\n<meta name=\"twitter:creator\" content=\"@radioljubuski\" \/>\n<meta name=\"twitter:site\" content=\"@radioljubuski\" \/>\n<meta name=\"twitter:label1\" content=\"Napisao\/la\" \/>\n\t<meta name=\"twitter:data1\" content=\"Radio Ljubu\u0161ki\" \/>\n\t<meta name=\"twitter:label2\" content=\"Procijenjeno vrijeme \u010ditanja\" \/>\n\t<meta name=\"twitter:data2\" content=\"2 minute\" \/>\n<script type=\"application\/ld+json\" class=\"yoast-schema-graph\">{\"@context\":\"https:\\\/\\\/schema.org\",\"@graph\":[{\"@type\":\"Article\",\"@id\":\"https:\\\/\\\/radioljubuski.ba\\\/index.php\\\/2022\\\/06\\\/24\\\/netflix-najavio-promjene-uvode-se-oglasi-ali-i-nize-cijene-pretplate\\\/#article\",\"isPartOf\":{\"@id\":\"https:\\\/\\\/radioljubuski.ba\\\/index.php\\\/2022\\\/06\\\/24\\\/netflix-najavio-promjene-uvode-se-oglasi-ali-i-nize-cijene-pretplate\\\/\"},\"author\":{\"name\":\"Radio Ljubu\u0161ki\",\"@id\":\"https:\\\/\\\/radioljubuski.ba\\\/#\\\/schema\\\/person\\\/19fc700381a780f69665d7956c469e3b\"},\"headline\":\"Netflix najavio promjene: Uvode se oglasi, ali i ni\u017ee cijene pretplate\",\"datePublished\":\"2022-06-24T12:57:53+00:00\",\"dateModified\":\"2022-06-24T12:57:54+00:00\",\"mainEntityOfPage\":{\"@id\":\"https:\\\/\\\/radioljubuski.ba\\\/index.php\\\/2022\\\/06\\\/24\\\/netflix-najavio-promjene-uvode-se-oglasi-ali-i-nize-cijene-pretplate\\\/\"},\"wordCount\":354,\"publisher\":{\"@id\":\"https:\\\/\\\/radioljubuski.ba\\\/#organization\"},\"image\":{\"@id\":\"https:\\\/\\\/radioljubuski.ba\\\/index.php\\\/2022\\\/06\\\/24\\\/netflix-najavio-promjene-uvode-se-oglasi-ali-i-nize-cijene-pretplate\\\/#primaryimage\"},\"thumbnailUrl\":\"https:\\\/\\\/radioljubuski.ba\\\/wp-content\\\/uploads\\\/2022\\\/06\\\/netflix.jpg\",\"articleSection\":[\"BIH i regija\"],\"inLanguage\":\"hr\"},{\"@type\":\"WebPage\",\"@id\":\"https:\\\/\\\/radioljubuski.ba\\\/index.php\\\/2022\\\/06\\\/24\\\/netflix-najavio-promjene-uvode-se-oglasi-ali-i-nize-cijene-pretplate\\\/\",\"url\":\"https:\\\/\\\/radioljubuski.ba\\\/index.php\\\/2022\\\/06\\\/24\\\/netflix-najavio-promjene-uvode-se-oglasi-ali-i-nize-cijene-pretplate\\\/\",\"name\":\"Netflix najavio promjene: Uvode se oglasi, ali i ni\u017ee cijene pretplate - RADIO LJUBU\u0160KI\",\"isPartOf\":{\"@id\":\"https:\\\/\\\/radioljubuski.ba\\\/#website\"},\"primaryImageOfPage\":{\"@id\":\"https:\\\/\\\/radioljubuski.ba\\\/index.php\\\/2022\\\/06\\\/24\\\/netflix-najavio-promjene-uvode-se-oglasi-ali-i-nize-cijene-pretplate\\\/#primaryimage\"},\"image\":{\"@id\":\"https:\\\/\\\/radioljubuski.ba\\\/index.php\\\/2022\\\/06\\\/24\\\/netflix-najavio-promjene-uvode-se-oglasi-ali-i-nize-cijene-pretplate\\\/#primaryimage\"},\"thumbnailUrl\":\"https:\\\/\\\/radioljubuski.ba\\\/wp-content\\\/uploads\\\/2022\\\/06\\\/netflix.jpg\",\"datePublished\":\"2022-06-24T12:57:53+00:00\",\"dateModified\":\"2022-06-24T12:57:54+00:00\",\"breadcrumb\":{\"@id\":\"https:\\\/\\\/radioljubuski.ba\\\/index.php\\\/2022\\\/06\\\/24\\\/netflix-najavio-promjene-uvode-se-oglasi-ali-i-nize-cijene-pretplate\\\/#breadcrumb\"},\"inLanguage\":\"hr\",\"potentialAction\":[{\"@type\":\"ReadAction\",\"target\":[\"https:\\\/\\\/radioljubuski.ba\\\/index.php\\\/2022\\\/06\\\/24\\\/netflix-najavio-promjene-uvode-se-oglasi-ali-i-nize-cijene-pretplate\\\/\"]}]},{\"@type\":\"ImageObject\",\"inLanguage\":\"hr\",\"@id\":\"https:\\\/\\\/radioljubuski.ba\\\/index.php\\\/2022\\\/06\\\/24\\\/netflix-najavio-promjene-uvode-se-oglasi-ali-i-nize-cijene-pretplate\\\/#primaryimage\",\"url\":\"https:\\\/\\\/radioljubuski.ba\\\/wp-content\\\/uploads\\\/2022\\\/06\\\/netflix.jpg\",\"contentUrl\":\"https:\\\/\\\/radioljubuski.ba\\\/wp-content\\\/uploads\\\/2022\\\/06\\\/netflix.jpg\",\"width\":1000,\"height\":625},{\"@type\":\"BreadcrumbList\",\"@id\":\"https:\\\/\\\/radioljubuski.ba\\\/index.php\\\/2022\\\/06\\\/24\\\/netflix-najavio-promjene-uvode-se-oglasi-ali-i-nize-cijene-pretplate\\\/#breadcrumb\",\"itemListElement\":[{\"@type\":\"ListItem\",\"position\":1,\"name\":\"Po\u010detna stranica\",\"item\":\"https:\\\/\\\/radioljubuski.ba\\\/\"},{\"@type\":\"ListItem\",\"position\":2,\"name\":\"Netflix najavio promjene: Uvode se oglasi, ali i ni\u017ee cijene pretplate\"}]},{\"@type\":\"WebSite\",\"@id\":\"https:\\\/\\\/radioljubuski.ba\\\/#website\",\"url\":\"https:\\\/\\\/radioljubuski.ba\\\/\",\"name\":\"Radio Ljubu\u0161ki\",\"description\":\"Sun\u010dana frekvencija Hercegovine\",\"publisher\":{\"@id\":\"https:\\\/\\\/radioljubuski.ba\\\/#organization\"},\"potentialAction\":[{\"@type\":\"SearchAction\",\"target\":{\"@type\":\"EntryPoint\",\"urlTemplate\":\"https:\\\/\\\/radioljubuski.ba\\\/?s={search_term_string}\"},\"query-input\":{\"@type\":\"PropertyValueSpecification\",\"valueRequired\":true,\"valueName\":\"search_term_string\"}}],\"inLanguage\":\"hr\"},{\"@type\":\"Organization\",\"@id\":\"https:\\\/\\\/radioljubuski.ba\\\/#organization\",\"name\":\"Radio Ljubu\u0161ki\",\"url\":\"https:\\\/\\\/radioljubuski.ba\\\/\",\"logo\":{\"@type\":\"ImageObject\",\"inLanguage\":\"hr\",\"@id\":\"https:\\\/\\\/radioljubuski.ba\\\/#\\\/schema\\\/logo\\\/image\\\/\",\"url\":\"https:\\\/\\\/radioljubuski.ba\\\/wp-content\\\/uploads\\\/2021\\\/02\\\/cropped-Radio_Ljubuski_logo1.jpg\",\"contentUrl\":\"https:\\\/\\\/radioljubuski.ba\\\/wp-content\\\/uploads\\\/2021\\\/02\\\/cropped-Radio_Ljubuski_logo1.jpg\",\"width\":512,\"height\":512,\"caption\":\"Radio Ljubu\u0161ki\"},\"image\":{\"@id\":\"https:\\\/\\\/radioljubuski.ba\\\/#\\\/schema\\\/logo\\\/image\\\/\"},\"sameAs\":[\"https:\\\/\\\/www.facebook.com\\\/Radiio-Ljubuski-1490835324566332\",\"https:\\\/\\\/x.com\\\/radioljubuski\",\"https:\\\/\\\/hr.linkedin.com\\\/company\\\/radio-ljubuski\",\"https:\\\/\\\/www.youtube.com\\\/channel\\\/UCHYaeO_n0Db3tjNGudGpXyw\"]},{\"@type\":\"Person\",\"@id\":\"https:\\\/\\\/radioljubuski.ba\\\/#\\\/schema\\\/person\\\/19fc700381a780f69665d7956c469e3b\",\"name\":\"Radio Ljubu\u0161ki\"}]}<\/script>\n<!-- \/ Yoast SEO plugin. -->","yoast_head_json":{"title":"Netflix najavio promjene: Uvode se oglasi, ali i ni\u017ee cijene pretplate - RADIO LJUBU\u0160KI","robots":{"index":"index","follow":"follow","max-snippet":"max-snippet:-1","max-image-preview":"max-image-preview:large","max-video-preview":"max-video-preview:-1"},"canonical":"https:\/\/radioljubuski.ba\/index.php\/2022\/06\/24\/netflix-najavio-promjene-uvode-se-oglasi-ali-i-nize-cijene-pretplate\/","og_locale":"hr_HR","og_type":"article","og_title":"Netflix najavio promjene: Uvode se oglasi, ali i ni\u017ee cijene pretplate - RADIO LJUBU\u0160KI","og_description":"IZVR\u0160NI direktor Netflixa Ted Sarandos potvrdio je da oglasi dolaze na streaming platformu. Bila je ovo te\u0161ka godina za vode\u0107e ime me\u0111u streaming servisima, u kojoj je Netflix izgubio oko 200 tisu\u0107a pretplatnika u prvom tromjese\u010dju 2022., a o\u010dekuje se da \u0107e u sljede\u0107ih nekoliko mjeseci izgubiti jo\u0161 vi\u0161e. To je prvi put da je [&hellip;]","og_url":"https:\/\/radioljubuski.ba\/index.php\/2022\/06\/24\/netflix-najavio-promjene-uvode-se-oglasi-ali-i-nize-cijene-pretplate\/","og_site_name":"RADIO LJUBU\u0160KI","article_publisher":"https:\/\/www.facebook.com\/Radiio-Ljubuski-1490835324566332","article_published_time":"2022-06-24T12:57:53+00:00","article_modified_time":"2022-06-24T12:57:54+00:00","og_image":[{"width":1000,"height":625,"url":"https:\/\/radioljubuski.ba\/wp-content\/uploads\/2022\/06\/netflix.jpg","type":"image\/jpeg"}],"author":"Radio Ljubu\u0161ki","twitter_card":"summary_large_image","twitter_creator":"@radioljubuski","twitter_site":"@radioljubuski","twitter_misc":{"Napisao\/la":"Radio Ljubu\u0161ki","Procijenjeno vrijeme \u010ditanja":"2 minute"},"schema":{"@context":"https:\/\/schema.org","@graph":[{"@type":"Article","@id":"https:\/\/radioljubuski.ba\/index.php\/2022\/06\/24\/netflix-najavio-promjene-uvode-se-oglasi-ali-i-nize-cijene-pretplate\/#article","isPartOf":{"@id":"https:\/\/radioljubuski.ba\/index.php\/2022\/06\/24\/netflix-najavio-promjene-uvode-se-oglasi-ali-i-nize-cijene-pretplate\/"},"author":{"name":"Radio Ljubu\u0161ki","@id":"https:\/\/radioljubuski.ba\/#\/schema\/person\/19fc700381a780f69665d7956c469e3b"},"headline":"Netflix najavio promjene: Uvode se oglasi, ali i ni\u017ee cijene pretplate","datePublished":"2022-06-24T12:57:53+00:00","dateModified":"2022-06-24T12:57:54+00:00","mainEntityOfPage":{"@id":"https:\/\/radioljubuski.ba\/index.php\/2022\/06\/24\/netflix-najavio-promjene-uvode-se-oglasi-ali-i-nize-cijene-pretplate\/"},"wordCount":354,"publisher":{"@id":"https:\/\/radioljubuski.ba\/#organization"},"image":{"@id":"https:\/\/radioljubuski.ba\/index.php\/2022\/06\/24\/netflix-najavio-promjene-uvode-se-oglasi-ali-i-nize-cijene-pretplate\/#primaryimage"},"thumbnailUrl":"https:\/\/radioljubuski.ba\/wp-content\/uploads\/2022\/06\/netflix.jpg","articleSection":["BIH i regija"],"inLanguage":"hr"},{"@type":"WebPage","@id":"https:\/\/radioljubuski.ba\/index.php\/2022\/06\/24\/netflix-najavio-promjene-uvode-se-oglasi-ali-i-nize-cijene-pretplate\/","url":"https:\/\/radioljubuski.ba\/index.php\/2022\/06\/24\/netflix-najavio-promjene-uvode-se-oglasi-ali-i-nize-cijene-pretplate\/","name":"Netflix najavio promjene: Uvode se oglasi, ali i ni\u017ee cijene pretplate - RADIO LJUBU\u0160KI","isPartOf":{"@id":"https:\/\/radioljubuski.ba\/#website"},"primaryImageOfPage":{"@id":"https:\/\/radioljubuski.ba\/index.php\/2022\/06\/24\/netflix-najavio-promjene-uvode-se-oglasi-ali-i-nize-cijene-pretplate\/#primaryimage"},"image":{"@id":"https:\/\/radioljubuski.ba\/index.php\/2022\/06\/24\/netflix-najavio-promjene-uvode-se-oglasi-ali-i-nize-cijene-pretplate\/#primaryimage"},"thumbnailUrl":"https:\/\/radioljubuski.ba\/wp-content\/uploads\/2022\/06\/netflix.jpg","datePublished":"2022-06-24T12:57:53+00:00","dateModified":"2022-06-24T12:57:54+00:00","breadcrumb":{"@id":"https:\/\/radioljubuski.ba\/index.php\/2022\/06\/24\/netflix-najavio-promjene-uvode-se-oglasi-ali-i-nize-cijene-pretplate\/#breadcrumb"},"inLanguage":"hr","potentialAction":[{"@type":"ReadAction","target":["https:\/\/radioljubuski.ba\/index.php\/2022\/06\/24\/netflix-najavio-promjene-uvode-se-oglasi-ali-i-nize-cijene-pretplate\/"]}]},{"@type":"ImageObject","inLanguage":"hr","@id":"https:\/\/radioljubuski.ba\/index.php\/2022\/06\/24\/netflix-najavio-promjene-uvode-se-oglasi-ali-i-nize-cijene-pretplate\/#primaryimage","url":"https:\/\/radioljubuski.ba\/wp-content\/uploads\/2022\/06\/netflix.jpg","contentUrl":"https:\/\/radioljubuski.ba\/wp-content\/uploads\/2022\/06\/netflix.jpg","width":1000,"height":625},{"@type":"BreadcrumbList","@id":"https:\/\/radioljubuski.ba\/index.php\/2022\/06\/24\/netflix-najavio-promjene-uvode-se-oglasi-ali-i-nize-cijene-pretplate\/#breadcrumb","itemListElement":[{"@type":"ListItem","position":1,"name":"Po\u010detna stranica","item":"https:\/\/radioljubuski.ba\/"},{"@type":"ListItem","position":2,"name":"Netflix najavio promjene: Uvode se oglasi, ali i ni\u017ee cijene pretplate"}]},{"@type":"WebSite","@id":"https:\/\/radioljubuski.ba\/#website","url":"https:\/\/radioljubuski.ba\/","name":"Radio Ljubu\u0161ki","description":"Sun\u010dana frekvencija Hercegovine","publisher":{"@id":"https:\/\/radioljubuski.ba\/#organization"},"potentialAction":[{"@type":"SearchAction","target":{"@type":"EntryPoint","urlTemplate":"https:\/\/radioljubuski.ba\/?s={search_term_string}"},"query-input":{"@type":"PropertyValueSpecification","valueRequired":true,"valueName":"search_term_string"}}],"inLanguage":"hr"},{"@type":"Organization","@id":"https:\/\/radioljubuski.ba\/#organization","name":"Radio Ljubu\u0161ki","url":"https:\/\/radioljubuski.ba\/","logo":{"@type":"ImageObject","inLanguage":"hr","@id":"https:\/\/radioljubuski.ba\/#\/schema\/logo\/image\/","url":"https:\/\/radioljubuski.ba\/wp-content\/uploads\/2021\/02\/cropped-Radio_Ljubuski_logo1.jpg","contentUrl":"https:\/\/radioljubuski.ba\/wp-content\/uploads\/2021\/02\/cropped-Radio_Ljubuski_logo1.jpg","width":512,"height":512,"caption":"Radio Ljubu\u0161ki"},"image":{"@id":"https:\/\/radioljubuski.ba\/#\/schema\/logo\/image\/"},"sameAs":["https:\/\/www.facebook.com\/Radiio-Ljubuski-1490835324566332","https:\/\/x.com\/radioljubuski","https:\/\/hr.linkedin.com\/company\/radio-ljubuski","https:\/\/www.youtube.com\/channel\/UCHYaeO_n0Db3tjNGudGpXyw"]},{"@type":"Person","@id":"https:\/\/radioljubuski.ba\/#\/schema\/person\/19fc700381a780f69665d7956c469e3b","name":"Radio Ljubu\u0161ki"}]}},"_links":{"self":[{"href":"https:\/\/radioljubuski.ba\/index.php\/wp-json\/wp\/v2\/posts\/152963","targetHints":{"allow":["GET"]}}],"collection":[{"href":"https:\/\/radioljubuski.ba\/index.php\/wp-json\/wp\/v2\/posts"}],"about":[{"href":"https:\/\/radioljubuski.ba\/index.php\/wp-json\/wp\/v2\/types\/post"}],"author":[{"embeddable":true,"href":"https:\/\/radioljubuski.ba\/index.php\/wp-json\/wp\/v2\/users\/2"}],"replies":[{"embeddable":true,"href":"https:\/\/radioljubuski.ba\/index.php\/wp-json\/wp\/v2\/comments?post=152963"}],"version-history":[{"count":1,"href":"https:\/\/radioljubuski.ba\/index.php\/wp-json\/wp\/v2\/posts\/152963\/revisions"}],"predecessor-version":[{"id":152965,"href":"https:\/\/radioljubuski.ba\/index.php\/wp-json\/wp\/v2\/posts\/152963\/revisions\/152965"}],"wp:featuredmedia":[{"embeddable":true,"href":"https:\/\/radioljubuski.ba\/index.php\/wp-json\/wp\/v2\/media\/152964"}],"wp:attachment":[{"href":"https:\/\/radioljubuski.ba\/index.php\/wp-json\/wp\/v2\/media?parent=152963"}],"wp:term":[{"taxonomy":"category","embeddable":true,"href":"https:\/\/radioljubuski.ba\/index.php\/wp-json\/wp\/v2\/categories?post=152963"},{"taxonomy":"post_tag","embeddable":true,"href":"https:\/\/radioljubuski.ba\/index.php\/wp-json\/wp\/v2\/tags?post=152963"}],"curies":[{"name":"wp","href":"https:\/\/api.w.org\/{rel}","templated":true}]}}