{"id":152966,"date":"2022-06-24T13:59:01","date_gmt":"2022-06-24T12:59:01","guid":{"rendered":"https:\/\/radioljubuski.ba\/?p=152966"},"modified":"2022-06-24T13:59:02","modified_gmt":"2022-06-24T12:59:02","slug":"zasto-je-maslac-tako-skup-cijena-ide-i-do-950-km-a-moguce-da-ce-biti-i-skuplje","status":"publish","type":"post","link":"https:\/\/radioljubuski.ba\/index.php\/2022\/06\/24\/zasto-je-maslac-tako-skup-cijena-ide-i-do-950-km-a-moguce-da-ce-biti-i-skuplje\/","title":{"rendered":"Za\u0161to je maslac tako skup, cijena ide i do 9,50 KM, a mogu\u0107e da \u0107e biti i skuplje"},"content":{"rendered":"\n<p>Porast cijena maslaca novi je udarac na prora\u010dun gra\u0111ana Bosne i Hercegovine. Na policama tr\u017enih centara i prodavnica cijene ovog mlije\u010dnog proizvoda za pakiranje od 250 grama su i do 9,50 KM, a mogu\u0107e je da \u0107e jo\u0161 vi\u0161e rasti, potvrdio je to za Faktor Admir Kahriman, predsjednik Udru\u017eenja poljoprivrednih proizvo\u0111a\u010da FBiH.<\/p>\n\n\n\n<p>Objasnio je \u0161to je prethodilo novonastaloj situaciji.<\/p>\n\n\n\n<p>&#8211; Pove\u0107anje cijena na polici rezultiralo je iz razloga \u0161to su proizvo\u0111a\u010di mlijeka inzistirali na pove\u0107anje cijene otkupnog mlijeka jer je sto\u010dna hrana u proteklih godinu dana do\u017eivjela porast za 300 posto. To se dogodilo kako bi se sa\u010duvao mljekarski sektor jer je bilo do\u0161lo do ga\u0161enja. Onda su otkupljiva\u010di i proizvo\u0111a\u010di krenuli u periodi\u010dno podizanje cijene otkupa za mlijeko, a i\u0161lo se linearnim pove\u0107anjem na policama. Jer moralo se, kada uzmete da su dizel i sve ostale stvari poskupjele, tako je i cijena mlije\u010dnih proizvoda na policama do\u017eivjela rast \u2013 pojasnio je Kahriman.<\/p>\n\n\n\n<p>Isti\u010de da kada prera\u0111iva\u010di otkupe sirovi proizvod od proizvo\u0111a\u010da, oni su ponovno u trgova\u010dkom lancima, daju proizvod po nekoj cijeni, te da su u toj pri\u010di najve\u0107i problem trgova\u010dki lanci koji ne \u017eele odustati&nbsp;od neke svoje zami\u0161ljene mar\u017ee.<\/p>\n\n\n\n<p>&#8211; Ovdje su svi trebali u ovoj godini da malo za\u017emiriti, napraviti&nbsp;kompromis, kako bi se sa\u010duvao taj mljekarski sektor. Jer cijena koncentrata iz 2020. koji je bio 48 feninga je danas 1,10 KM. Sav mljekarski sektor trpi pove\u0107anje dizela za proizvodnju hrane kabaste, pove\u0107ane su cijena mineralnog \u0111ubriva&#8230; Mi smo sve te tro\u0161kove pretrpjeli, tako da je na\u0161a proizvodna cijena mlijeka 1,10 KM na na\u0161im farmama, i ne mo\u017eemo opstati bez pove\u0107anja cijene tog otkupa koja je do\u0161la na 70 feninga. Tako da su ti krajnji proizvodi na policama do\u017eivjeli porast. I mo\u017eda \u0107e to vjerojatno i\u0107i jo\u0161 vi\u0161e, ako bude i\u0161lo linearno u odnosu na ostale stvari \u2013 dodaje Kahriman.<\/p>\n\n\n\n<p>Ka\u017ee da ih dodatno ubija uvoz mlije\u010dnih proizvoda iz Europe.<\/p>\n\n\n\n<p>&#8211; Ali evo, imamo provjerene informacije da je Europa zabranila izvoz mlije\u010dnih proizvoda tako da \u0161to \u0107e se de\u0161avati u budu\u0107em razdoblju ne znamo. Ali ne mo\u017eemo utjecati na tr\u017ene centre o formiranju krajnje cijene. Nas zanima da se poku\u0161a barem zadr\u017eati proizvodnja u mljekarskom sektoru \u2013 zaklju\u010dio je Kahriman.<\/p>\n\n\n\n<p>Izvor:vecernji.ba<\/p>\n","protected":false},"excerpt":{"rendered":"<p>Porast cijena maslaca novi je udarac na prora\u010dun gra\u0111ana Bosne i Hercegovine. Na policama tr\u017enih centara i prodavnica cijene ovog mlije\u010dnog proizvoda za pakiranje od 250 grama su i do 9,50 KM, a mogu\u0107e je da \u0107e jo\u0161 vi\u0161e rasti, potvrdio je to za Faktor Admir Kahriman, predsjednik Udru\u017eenja poljoprivrednih proizvo\u0111a\u010da FBiH. Objasnio je \u0161to [&hellip;]<\/p>\n","protected":false},"author":2,"featured_media":152967,"comment_status":"closed","ping_status":"closed","sticky":false,"template":"","format":"standard","meta":{"h5ap_radio_sources":[],"footnotes":""},"categories":[1],"tags":[],"class_list":["post-152966","post","type-post","status-publish","format-standard","has-post-thumbnail","hentry","category-bihiregija"],"yoast_head":"<!-- This site is optimized with the Yoast SEO plugin v27.5 - https:\/\/yoast.com\/product\/yoast-seo-wordpress\/ -->\n<title>Za\u0161to je maslac tako skup, cijena ide i do 9,50 KM, a mogu\u0107e da \u0107e biti i skuplje - RADIO LJUBU\u0160KI<\/title>\n<meta name=\"robots\" content=\"index, follow, max-snippet:-1, max-image-preview:large, max-video-preview:-1\" \/>\n<link rel=\"canonical\" href=\"https:\/\/radioljubuski.ba\/index.php\/2022\/06\/24\/zasto-je-maslac-tako-skup-cijena-ide-i-do-950-km-a-moguce-da-ce-biti-i-skuplje\/\" \/>\n<meta property=\"og:locale\" content=\"hr_HR\" \/>\n<meta property=\"og:type\" content=\"article\" \/>\n<meta property=\"og:title\" content=\"Za\u0161to je maslac tako skup, cijena ide i do 9,50 KM, a mogu\u0107e da \u0107e biti i skuplje - RADIO LJUBU\u0160KI\" \/>\n<meta property=\"og:description\" content=\"Porast cijena maslaca novi je udarac na prora\u010dun gra\u0111ana Bosne i Hercegovine. Na policama tr\u017enih centara i prodavnica cijene ovog mlije\u010dnog proizvoda za pakiranje od 250 grama su i do 9,50 KM, a mogu\u0107e je da \u0107e jo\u0161 vi\u0161e rasti, potvrdio je to za Faktor Admir Kahriman, predsjednik Udru\u017eenja poljoprivrednih proizvo\u0111a\u010da FBiH. Objasnio je \u0161to [&hellip;]\" \/>\n<meta property=\"og:url\" content=\"https:\/\/radioljubuski.ba\/index.php\/2022\/06\/24\/zasto-je-maslac-tako-skup-cijena-ide-i-do-950-km-a-moguce-da-ce-biti-i-skuplje\/\" \/>\n<meta property=\"og:site_name\" content=\"RADIO LJUBU\u0160KI\" \/>\n<meta property=\"article:publisher\" content=\"https:\/\/www.facebook.com\/Radiio-Ljubuski-1490835324566332\" \/>\n<meta property=\"article:published_time\" content=\"2022-06-24T12:59:01+00:00\" \/>\n<meta property=\"article:modified_time\" content=\"2022-06-24T12:59:02+00:00\" \/>\n<meta property=\"og:image\" content=\"https:\/\/radioljubuski.ba\/wp-content\/uploads\/2022\/06\/maslac.jpg\" \/>\n\t<meta property=\"og:image:width\" content=\"1000\" \/>\n\t<meta property=\"og:image:height\" content=\"625\" \/>\n\t<meta property=\"og:image:type\" content=\"image\/jpeg\" \/>\n<meta name=\"author\" content=\"Radio Ljubu\u0161ki\" \/>\n<meta name=\"twitter:card\" content=\"summary_large_image\" \/>\n<meta name=\"twitter:creator\" content=\"@radioljubuski\" \/>\n<meta name=\"twitter:site\" content=\"@radioljubuski\" \/>\n<meta name=\"twitter:label1\" content=\"Napisao\/la\" \/>\n\t<meta name=\"twitter:data1\" content=\"Radio Ljubu\u0161ki\" \/>\n\t<meta name=\"twitter:label2\" content=\"Procijenjeno vrijeme \u010ditanja\" \/>\n\t<meta name=\"twitter:data2\" content=\"2 minute\" \/>\n<script type=\"application\/ld+json\" class=\"yoast-schema-graph\">{\"@context\":\"https:\\\/\\\/schema.org\",\"@graph\":[{\"@type\":\"Article\",\"@id\":\"https:\\\/\\\/radioljubuski.ba\\\/index.php\\\/2022\\\/06\\\/24\\\/zasto-je-maslac-tako-skup-cijena-ide-i-do-950-km-a-moguce-da-ce-biti-i-skuplje\\\/#article\",\"isPartOf\":{\"@id\":\"https:\\\/\\\/radioljubuski.ba\\\/index.php\\\/2022\\\/06\\\/24\\\/zasto-je-maslac-tako-skup-cijena-ide-i-do-950-km-a-moguce-da-ce-biti-i-skuplje\\\/\"},\"author\":{\"name\":\"Radio Ljubu\u0161ki\",\"@id\":\"https:\\\/\\\/radioljubuski.ba\\\/#\\\/schema\\\/person\\\/19fc700381a780f69665d7956c469e3b\"},\"headline\":\"Za\u0161to je maslac tako skup, cijena ide i do 9,50 KM, a mogu\u0107e da \u0107e biti i skuplje\",\"datePublished\":\"2022-06-24T12:59:01+00:00\",\"dateModified\":\"2022-06-24T12:59:02+00:00\",\"mainEntityOfPage\":{\"@id\":\"https:\\\/\\\/radioljubuski.ba\\\/index.php\\\/2022\\\/06\\\/24\\\/zasto-je-maslac-tako-skup-cijena-ide-i-do-950-km-a-moguce-da-ce-biti-i-skuplje\\\/\"},\"wordCount\":439,\"publisher\":{\"@id\":\"https:\\\/\\\/radioljubuski.ba\\\/#organization\"},\"image\":{\"@id\":\"https:\\\/\\\/radioljubuski.ba\\\/index.php\\\/2022\\\/06\\\/24\\\/zasto-je-maslac-tako-skup-cijena-ide-i-do-950-km-a-moguce-da-ce-biti-i-skuplje\\\/#primaryimage\"},\"thumbnailUrl\":\"https:\\\/\\\/radioljubuski.ba\\\/wp-content\\\/uploads\\\/2022\\\/06\\\/maslac.jpg\",\"articleSection\":[\"BIH i regija\"],\"inLanguage\":\"hr\"},{\"@type\":\"WebPage\",\"@id\":\"https:\\\/\\\/radioljubuski.ba\\\/index.php\\\/2022\\\/06\\\/24\\\/zasto-je-maslac-tako-skup-cijena-ide-i-do-950-km-a-moguce-da-ce-biti-i-skuplje\\\/\",\"url\":\"https:\\\/\\\/radioljubuski.ba\\\/index.php\\\/2022\\\/06\\\/24\\\/zasto-je-maslac-tako-skup-cijena-ide-i-do-950-km-a-moguce-da-ce-biti-i-skuplje\\\/\",\"name\":\"Za\u0161to je maslac tako skup, cijena ide i do 9,50 KM, a mogu\u0107e da \u0107e biti i skuplje - RADIO LJUBU\u0160KI\",\"isPartOf\":{\"@id\":\"https:\\\/\\\/radioljubuski.ba\\\/#website\"},\"primaryImageOfPage\":{\"@id\":\"https:\\\/\\\/radioljubuski.ba\\\/index.php\\\/2022\\\/06\\\/24\\\/zasto-je-maslac-tako-skup-cijena-ide-i-do-950-km-a-moguce-da-ce-biti-i-skuplje\\\/#primaryimage\"},\"image\":{\"@id\":\"https:\\\/\\\/radioljubuski.ba\\\/index.php\\\/2022\\\/06\\\/24\\\/zasto-je-maslac-tako-skup-cijena-ide-i-do-950-km-a-moguce-da-ce-biti-i-skuplje\\\/#primaryimage\"},\"thumbnailUrl\":\"https:\\\/\\\/radioljubuski.ba\\\/wp-content\\\/uploads\\\/2022\\\/06\\\/maslac.jpg\",\"datePublished\":\"2022-06-24T12:59:01+00:00\",\"dateModified\":\"2022-06-24T12:59:02+00:00\",\"breadcrumb\":{\"@id\":\"https:\\\/\\\/radioljubuski.ba\\\/index.php\\\/2022\\\/06\\\/24\\\/zasto-je-maslac-tako-skup-cijena-ide-i-do-950-km-a-moguce-da-ce-biti-i-skuplje\\\/#breadcrumb\"},\"inLanguage\":\"hr\",\"potentialAction\":[{\"@type\":\"ReadAction\",\"target\":[\"https:\\\/\\\/radioljubuski.ba\\\/index.php\\\/2022\\\/06\\\/24\\\/zasto-je-maslac-tako-skup-cijena-ide-i-do-950-km-a-moguce-da-ce-biti-i-skuplje\\\/\"]}]},{\"@type\":\"ImageObject\",\"inLanguage\":\"hr\",\"@id\":\"https:\\\/\\\/radioljubuski.ba\\\/index.php\\\/2022\\\/06\\\/24\\\/zasto-je-maslac-tako-skup-cijena-ide-i-do-950-km-a-moguce-da-ce-biti-i-skuplje\\\/#primaryimage\",\"url\":\"https:\\\/\\\/radioljubuski.ba\\\/wp-content\\\/uploads\\\/2022\\\/06\\\/maslac.jpg\",\"contentUrl\":\"https:\\\/\\\/radioljubuski.ba\\\/wp-content\\\/uploads\\\/2022\\\/06\\\/maslac.jpg\",\"width\":1000,\"height\":625},{\"@type\":\"BreadcrumbList\",\"@id\":\"https:\\\/\\\/radioljubuski.ba\\\/index.php\\\/2022\\\/06\\\/24\\\/zasto-je-maslac-tako-skup-cijena-ide-i-do-950-km-a-moguce-da-ce-biti-i-skuplje\\\/#breadcrumb\",\"itemListElement\":[{\"@type\":\"ListItem\",\"position\":1,\"name\":\"Po\u010detna stranica\",\"item\":\"https:\\\/\\\/radioljubuski.ba\\\/\"},{\"@type\":\"ListItem\",\"position\":2,\"name\":\"Za\u0161to je maslac tako skup, cijena ide i do 9,50 KM, a mogu\u0107e da \u0107e biti i skuplje\"}]},{\"@type\":\"WebSite\",\"@id\":\"https:\\\/\\\/radioljubuski.ba\\\/#website\",\"url\":\"https:\\\/\\\/radioljubuski.ba\\\/\",\"name\":\"Radio Ljubu\u0161ki\",\"description\":\"Sun\u010dana frekvencija Hercegovine\",\"publisher\":{\"@id\":\"https:\\\/\\\/radioljubuski.ba\\\/#organization\"},\"potentialAction\":[{\"@type\":\"SearchAction\",\"target\":{\"@type\":\"EntryPoint\",\"urlTemplate\":\"https:\\\/\\\/radioljubuski.ba\\\/?s={search_term_string}\"},\"query-input\":{\"@type\":\"PropertyValueSpecification\",\"valueRequired\":true,\"valueName\":\"search_term_string\"}}],\"inLanguage\":\"hr\"},{\"@type\":\"Organization\",\"@id\":\"https:\\\/\\\/radioljubuski.ba\\\/#organization\",\"name\":\"Radio Ljubu\u0161ki\",\"url\":\"https:\\\/\\\/radioljubuski.ba\\\/\",\"logo\":{\"@type\":\"ImageObject\",\"inLanguage\":\"hr\",\"@id\":\"https:\\\/\\\/radioljubuski.ba\\\/#\\\/schema\\\/logo\\\/image\\\/\",\"url\":\"https:\\\/\\\/radioljubuski.ba\\\/wp-content\\\/uploads\\\/2021\\\/02\\\/cropped-Radio_Ljubuski_logo1.jpg\",\"contentUrl\":\"https:\\\/\\\/radioljubuski.ba\\\/wp-content\\\/uploads\\\/2021\\\/02\\\/cropped-Radio_Ljubuski_logo1.jpg\",\"width\":512,\"height\":512,\"caption\":\"Radio Ljubu\u0161ki\"},\"image\":{\"@id\":\"https:\\\/\\\/radioljubuski.ba\\\/#\\\/schema\\\/logo\\\/image\\\/\"},\"sameAs\":[\"https:\\\/\\\/www.facebook.com\\\/Radiio-Ljubuski-1490835324566332\",\"https:\\\/\\\/x.com\\\/radioljubuski\",\"https:\\\/\\\/hr.linkedin.com\\\/company\\\/radio-ljubuski\",\"https:\\\/\\\/www.youtube.com\\\/channel\\\/UCHYaeO_n0Db3tjNGudGpXyw\"]},{\"@type\":\"Person\",\"@id\":\"https:\\\/\\\/radioljubuski.ba\\\/#\\\/schema\\\/person\\\/19fc700381a780f69665d7956c469e3b\",\"name\":\"Radio Ljubu\u0161ki\"}]}<\/script>\n<!-- \/ Yoast SEO plugin. -->","yoast_head_json":{"title":"Za\u0161to je maslac tako skup, cijena ide i do 9,50 KM, a mogu\u0107e da \u0107e biti i skuplje - RADIO LJUBU\u0160KI","robots":{"index":"index","follow":"follow","max-snippet":"max-snippet:-1","max-image-preview":"max-image-preview:large","max-video-preview":"max-video-preview:-1"},"canonical":"https:\/\/radioljubuski.ba\/index.php\/2022\/06\/24\/zasto-je-maslac-tako-skup-cijena-ide-i-do-950-km-a-moguce-da-ce-biti-i-skuplje\/","og_locale":"hr_HR","og_type":"article","og_title":"Za\u0161to je maslac tako skup, cijena ide i do 9,50 KM, a mogu\u0107e da \u0107e biti i skuplje - RADIO LJUBU\u0160KI","og_description":"Porast cijena maslaca novi je udarac na prora\u010dun gra\u0111ana Bosne i Hercegovine. Na policama tr\u017enih centara i prodavnica cijene ovog mlije\u010dnog proizvoda za pakiranje od 250 grama su i do 9,50 KM, a mogu\u0107e je da \u0107e jo\u0161 vi\u0161e rasti, potvrdio je to za Faktor Admir Kahriman, predsjednik Udru\u017eenja poljoprivrednih proizvo\u0111a\u010da FBiH. Objasnio je \u0161to [&hellip;]","og_url":"https:\/\/radioljubuski.ba\/index.php\/2022\/06\/24\/zasto-je-maslac-tako-skup-cijena-ide-i-do-950-km-a-moguce-da-ce-biti-i-skuplje\/","og_site_name":"RADIO LJUBU\u0160KI","article_publisher":"https:\/\/www.facebook.com\/Radiio-Ljubuski-1490835324566332","article_published_time":"2022-06-24T12:59:01+00:00","article_modified_time":"2022-06-24T12:59:02+00:00","og_image":[{"width":1000,"height":625,"url":"https:\/\/radioljubuski.ba\/wp-content\/uploads\/2022\/06\/maslac.jpg","type":"image\/jpeg"}],"author":"Radio Ljubu\u0161ki","twitter_card":"summary_large_image","twitter_creator":"@radioljubuski","twitter_site":"@radioljubuski","twitter_misc":{"Napisao\/la":"Radio Ljubu\u0161ki","Procijenjeno vrijeme \u010ditanja":"2 minute"},"schema":{"@context":"https:\/\/schema.org","@graph":[{"@type":"Article","@id":"https:\/\/radioljubuski.ba\/index.php\/2022\/06\/24\/zasto-je-maslac-tako-skup-cijena-ide-i-do-950-km-a-moguce-da-ce-biti-i-skuplje\/#article","isPartOf":{"@id":"https:\/\/radioljubuski.ba\/index.php\/2022\/06\/24\/zasto-je-maslac-tako-skup-cijena-ide-i-do-950-km-a-moguce-da-ce-biti-i-skuplje\/"},"author":{"name":"Radio Ljubu\u0161ki","@id":"https:\/\/radioljubuski.ba\/#\/schema\/person\/19fc700381a780f69665d7956c469e3b"},"headline":"Za\u0161to je maslac tako skup, cijena ide i do 9,50 KM, a mogu\u0107e da \u0107e biti i skuplje","datePublished":"2022-06-24T12:59:01+00:00","dateModified":"2022-06-24T12:59:02+00:00","mainEntityOfPage":{"@id":"https:\/\/radioljubuski.ba\/index.php\/2022\/06\/24\/zasto-je-maslac-tako-skup-cijena-ide-i-do-950-km-a-moguce-da-ce-biti-i-skuplje\/"},"wordCount":439,"publisher":{"@id":"https:\/\/radioljubuski.ba\/#organization"},"image":{"@id":"https:\/\/radioljubuski.ba\/index.php\/2022\/06\/24\/zasto-je-maslac-tako-skup-cijena-ide-i-do-950-km-a-moguce-da-ce-biti-i-skuplje\/#primaryimage"},"thumbnailUrl":"https:\/\/radioljubuski.ba\/wp-content\/uploads\/2022\/06\/maslac.jpg","articleSection":["BIH i regija"],"inLanguage":"hr"},{"@type":"WebPage","@id":"https:\/\/radioljubuski.ba\/index.php\/2022\/06\/24\/zasto-je-maslac-tako-skup-cijena-ide-i-do-950-km-a-moguce-da-ce-biti-i-skuplje\/","url":"https:\/\/radioljubuski.ba\/index.php\/2022\/06\/24\/zasto-je-maslac-tako-skup-cijena-ide-i-do-950-km-a-moguce-da-ce-biti-i-skuplje\/","name":"Za\u0161to je maslac tako skup, cijena ide i do 9,50 KM, a mogu\u0107e da \u0107e biti i skuplje - RADIO LJUBU\u0160KI","isPartOf":{"@id":"https:\/\/radioljubuski.ba\/#website"},"primaryImageOfPage":{"@id":"https:\/\/radioljubuski.ba\/index.php\/2022\/06\/24\/zasto-je-maslac-tako-skup-cijena-ide-i-do-950-km-a-moguce-da-ce-biti-i-skuplje\/#primaryimage"},"image":{"@id":"https:\/\/radioljubuski.ba\/index.php\/2022\/06\/24\/zasto-je-maslac-tako-skup-cijena-ide-i-do-950-km-a-moguce-da-ce-biti-i-skuplje\/#primaryimage"},"thumbnailUrl":"https:\/\/radioljubuski.ba\/wp-content\/uploads\/2022\/06\/maslac.jpg","datePublished":"2022-06-24T12:59:01+00:00","dateModified":"2022-06-24T12:59:02+00:00","breadcrumb":{"@id":"https:\/\/radioljubuski.ba\/index.php\/2022\/06\/24\/zasto-je-maslac-tako-skup-cijena-ide-i-do-950-km-a-moguce-da-ce-biti-i-skuplje\/#breadcrumb"},"inLanguage":"hr","potentialAction":[{"@type":"ReadAction","target":["https:\/\/radioljubuski.ba\/index.php\/2022\/06\/24\/zasto-je-maslac-tako-skup-cijena-ide-i-do-950-km-a-moguce-da-ce-biti-i-skuplje\/"]}]},{"@type":"ImageObject","inLanguage":"hr","@id":"https:\/\/radioljubuski.ba\/index.php\/2022\/06\/24\/zasto-je-maslac-tako-skup-cijena-ide-i-do-950-km-a-moguce-da-ce-biti-i-skuplje\/#primaryimage","url":"https:\/\/radioljubuski.ba\/wp-content\/uploads\/2022\/06\/maslac.jpg","contentUrl":"https:\/\/radioljubuski.ba\/wp-content\/uploads\/2022\/06\/maslac.jpg","width":1000,"height":625},{"@type":"BreadcrumbList","@id":"https:\/\/radioljubuski.ba\/index.php\/2022\/06\/24\/zasto-je-maslac-tako-skup-cijena-ide-i-do-950-km-a-moguce-da-ce-biti-i-skuplje\/#breadcrumb","itemListElement":[{"@type":"ListItem","position":1,"name":"Po\u010detna stranica","item":"https:\/\/radioljubuski.ba\/"},{"@type":"ListItem","position":2,"name":"Za\u0161to je maslac tako skup, cijena ide i do 9,50 KM, a mogu\u0107e da \u0107e biti i skuplje"}]},{"@type":"WebSite","@id":"https:\/\/radioljubuski.ba\/#website","url":"https:\/\/radioljubuski.ba\/","name":"Radio Ljubu\u0161ki","description":"Sun\u010dana frekvencija Hercegovine","publisher":{"@id":"https:\/\/radioljubuski.ba\/#organization"},"potentialAction":[{"@type":"SearchAction","target":{"@type":"EntryPoint","urlTemplate":"https:\/\/radioljubuski.ba\/?s={search_term_string}"},"query-input":{"@type":"PropertyValueSpecification","valueRequired":true,"valueName":"search_term_string"}}],"inLanguage":"hr"},{"@type":"Organization","@id":"https:\/\/radioljubuski.ba\/#organization","name":"Radio Ljubu\u0161ki","url":"https:\/\/radioljubuski.ba\/","logo":{"@type":"ImageObject","inLanguage":"hr","@id":"https:\/\/radioljubuski.ba\/#\/schema\/logo\/image\/","url":"https:\/\/radioljubuski.ba\/wp-content\/uploads\/2021\/02\/cropped-Radio_Ljubuski_logo1.jpg","contentUrl":"https:\/\/radioljubuski.ba\/wp-content\/uploads\/2021\/02\/cropped-Radio_Ljubuski_logo1.jpg","width":512,"height":512,"caption":"Radio Ljubu\u0161ki"},"image":{"@id":"https:\/\/radioljubuski.ba\/#\/schema\/logo\/image\/"},"sameAs":["https:\/\/www.facebook.com\/Radiio-Ljubuski-1490835324566332","https:\/\/x.com\/radioljubuski","https:\/\/hr.linkedin.com\/company\/radio-ljubuski","https:\/\/www.youtube.com\/channel\/UCHYaeO_n0Db3tjNGudGpXyw"]},{"@type":"Person","@id":"https:\/\/radioljubuski.ba\/#\/schema\/person\/19fc700381a780f69665d7956c469e3b","name":"Radio Ljubu\u0161ki"}]}},"_links":{"self":[{"href":"https:\/\/radioljubuski.ba\/index.php\/wp-json\/wp\/v2\/posts\/152966","targetHints":{"allow":["GET"]}}],"collection":[{"href":"https:\/\/radioljubuski.ba\/index.php\/wp-json\/wp\/v2\/posts"}],"about":[{"href":"https:\/\/radioljubuski.ba\/index.php\/wp-json\/wp\/v2\/types\/post"}],"author":[{"embeddable":true,"href":"https:\/\/radioljubuski.ba\/index.php\/wp-json\/wp\/v2\/users\/2"}],"replies":[{"embeddable":true,"href":"https:\/\/radioljubuski.ba\/index.php\/wp-json\/wp\/v2\/comments?post=152966"}],"version-history":[{"count":1,"href":"https:\/\/radioljubuski.ba\/index.php\/wp-json\/wp\/v2\/posts\/152966\/revisions"}],"predecessor-version":[{"id":152968,"href":"https:\/\/radioljubuski.ba\/index.php\/wp-json\/wp\/v2\/posts\/152966\/revisions\/152968"}],"wp:featuredmedia":[{"embeddable":true,"href":"https:\/\/radioljubuski.ba\/index.php\/wp-json\/wp\/v2\/media\/152967"}],"wp:attachment":[{"href":"https:\/\/radioljubuski.ba\/index.php\/wp-json\/wp\/v2\/media?parent=152966"}],"wp:term":[{"taxonomy":"category","embeddable":true,"href":"https:\/\/radioljubuski.ba\/index.php\/wp-json\/wp\/v2\/categories?post=152966"},{"taxonomy":"post_tag","embeddable":true,"href":"https:\/\/radioljubuski.ba\/index.php\/wp-json\/wp\/v2\/tags?post=152966"}],"curies":[{"name":"wp","href":"https:\/\/api.w.org\/{rel}","templated":true}]}}