{"id":152978,"date":"2022-06-24T14:04:19","date_gmt":"2022-06-24T13:04:19","guid":{"rendered":"https:\/\/radioljubuski.ba\/?p=152978"},"modified":"2022-06-24T14:04:20","modified_gmt":"2022-06-24T13:04:20","slug":"tuzitelj-trazi-zatvorsku-kaznu-od-25-godina-za-chauvina-zbog-krsenja-floydovih-prava","status":"publish","type":"post","link":"https:\/\/radioljubuski.ba\/index.php\/2022\/06\/24\/tuzitelj-trazi-zatvorsku-kaznu-od-25-godina-za-chauvina-zbog-krsenja-floydovih-prava\/","title":{"rendered":"Tu\u017eitelj tra\u017ei zatvorsku kaznu od 25 godina za Chauvina zbog kr\u0161enja Floydovih prava"},"content":{"rendered":"\n<p>Ameri\u010dko savezno dr\u017eavno odvjetni\u0161tvo zatra\u017eilo je 25&nbsp;godina zatvora za&nbsp;biv\u0161eg policajca iz Minneapolisa Dereka Chauvina zbog kr\u0161enja gra\u0111anskih prava Georgea Floyda tijekom njegova uhi\u0107enja i ubojstva, pokazala je online sudska evidencija.<\/p>\n\n\n\n<p>U prijedlogu podnesenom&nbsp;u srijedu u Okru\u017enom sudu&nbsp;Minnesote, tu\u017eitelji ameri\u010dkog Ministarstva&nbsp;pravosu\u0111a&nbsp;kazali su da je Chauvin zloupotrijebio&nbsp;svoje policijske ovlasti te na\u0161tetio povjerenju javnosti&nbsp;u provedbu zakona&nbsp;i kaznenopravni sustav.<\/p>\n\n\n\n<p>&#8220;Postupio je be\u0161\u0107utno&nbsp;i nemarno prema \u017eivotu gospodina Floyda&#8221;, napisali su. &#8220;Nadalje, optu\u017eeni je priznao da je bio svjestan da je to \u0161to \u010dini lo\u0161e.&#8221;&nbsp;<\/p>\n\n\n\n<p>Chauvina, bijelca, u\u017easnuti su promatra\u010di snimili kako kle\u010di na vratu Floyda, lisicama vezanog dulje od 9 minuta tijekom brutalnog privo\u0111enja&nbsp;u Minneapolisu 25. svibnja 2020. i to&nbsp;ubojstvo izazvalo je jedan od najve\u0107ih prosvjednih pokreta u SAD-u.&nbsp;<\/p>\n\n\n\n<p>Predlo\u017eili su&nbsp;zatvorsku kaznu u trajanju od 25 godina kao dio sporazuma o priznavanju krivnje&nbsp;izme\u0111u tu\u017eitelja&nbsp;i Chauvina, koji je u prosincu priznao krivnju za kr\u0161enje Floydovih gra\u0111anskih prava.<\/p>\n\n\n\n<p>Chauvinu je u slu\u010daju su\u0111enja prijetila do\u017eivotna zatvorska kazna.<\/p>\n\n\n\n<p>Okru\u017eni sudac Paul Magnuson tek treba odrediti datum za saslu\u0161anje o kazni.<\/p>\n\n\n\n<p>Dr\u017eavni&nbsp;sudac osudio je Chauvina na 22 i pol godine&nbsp;u zatvoru u lipnju 2021. nakon \u0161to ga je porota&nbsp;osudila zbog ubojstva&nbsp;Floyda 2020.<\/p>\n\n\n\n<p>U prijedlogu od srijede, savezno tu\u017eiteljstvo tra\u017eilo je da se savezna kazna slu\u017ei istodobno o s dr\u017eavnom.<\/p>\n\n\n\n<p>Chauvin je, u sklopu dogovora, priznao da je prekr\u0161io gra\u0111anska prava&nbsp;dje\u010daka&nbsp;kojega je uhitio 2017., kad je dje\u010daku bilo 14 godina.<\/p>\n\n\n\n<p>Dvama biv\u0161im policajcima koja su bila uklju\u010dena u incident, Tou Thaou i J. Alexanderu Kuengu, sudit \u0107e se na dr\u017eavnom&nbsp;sudu u sije\u010dnju. Jo\u0161 jedan biv\u0161i policajac, Thomas Lane, priznao je krivnju za pomaganje i sudioni\u0161tvo u ubojstvu.<\/p>\n\n\n\n<p>Sva trojica osu\u0111ena su zbog&nbsp;oduzimanja gra\u0111anskih prava Floydu na federalnom sudu u velja\u010di.<\/p>\n\n\n\n<p>Izvor:pogled.ba<\/p>\n","protected":false},"excerpt":{"rendered":"<p>Ameri\u010dko savezno dr\u017eavno odvjetni\u0161tvo zatra\u017eilo je 25&nbsp;godina zatvora za&nbsp;biv\u0161eg policajca iz Minneapolisa Dereka Chauvina zbog kr\u0161enja gra\u0111anskih prava Georgea Floyda tijekom njegova uhi\u0107enja i ubojstva, pokazala je online sudska evidencija. U prijedlogu podnesenom&nbsp;u srijedu u Okru\u017enom sudu&nbsp;Minnesote, tu\u017eitelji ameri\u010dkog Ministarstva&nbsp;pravosu\u0111a&nbsp;kazali su da je Chauvin zloupotrijebio&nbsp;svoje policijske ovlasti te na\u0161tetio povjerenju javnosti&nbsp;u provedbu zakona&nbsp;i kaznenopravni sustav. [&hellip;]<\/p>\n","protected":false},"author":2,"featured_media":152979,"comment_status":"closed","ping_status":"closed","sticky":false,"template":"","format":"standard","meta":{"h5ap_radio_sources":[],"footnotes":""},"categories":[1],"tags":[],"class_list":["post-152978","post","type-post","status-publish","format-standard","has-post-thumbnail","hentry","category-bihiregija"],"yoast_head":"<!-- This site is optimized with the Yoast SEO plugin v27.4 - https:\/\/yoast.com\/product\/yoast-seo-wordpress\/ -->\n<title>Tu\u017eitelj tra\u017ei zatvorsku kaznu od 25 godina za Chauvina zbog kr\u0161enja Floydovih prava - RADIO LJUBU\u0160KI<\/title>\n<meta name=\"robots\" content=\"index, follow, max-snippet:-1, max-image-preview:large, max-video-preview:-1\" \/>\n<link rel=\"canonical\" href=\"https:\/\/radioljubuski.ba\/index.php\/2022\/06\/24\/tuzitelj-trazi-zatvorsku-kaznu-od-25-godina-za-chauvina-zbog-krsenja-floydovih-prava\/\" \/>\n<meta property=\"og:locale\" content=\"hr_HR\" \/>\n<meta property=\"og:type\" content=\"article\" \/>\n<meta property=\"og:title\" content=\"Tu\u017eitelj tra\u017ei zatvorsku kaznu od 25 godina za Chauvina zbog kr\u0161enja Floydovih prava - RADIO LJUBU\u0160KI\" \/>\n<meta property=\"og:description\" content=\"Ameri\u010dko savezno dr\u017eavno odvjetni\u0161tvo zatra\u017eilo je 25&nbsp;godina zatvora za&nbsp;biv\u0161eg policajca iz Minneapolisa Dereka Chauvina zbog kr\u0161enja gra\u0111anskih prava Georgea Floyda tijekom njegova uhi\u0107enja i ubojstva, pokazala je online sudska evidencija. U prijedlogu podnesenom&nbsp;u srijedu u Okru\u017enom sudu&nbsp;Minnesote, tu\u017eitelji ameri\u010dkog Ministarstva&nbsp;pravosu\u0111a&nbsp;kazali su da je Chauvin zloupotrijebio&nbsp;svoje policijske ovlasti te na\u0161tetio povjerenju javnosti&nbsp;u provedbu zakona&nbsp;i kaznenopravni sustav. [&hellip;]\" \/>\n<meta property=\"og:url\" content=\"https:\/\/radioljubuski.ba\/index.php\/2022\/06\/24\/tuzitelj-trazi-zatvorsku-kaznu-od-25-godina-za-chauvina-zbog-krsenja-floydovih-prava\/\" \/>\n<meta property=\"og:site_name\" content=\"RADIO LJUBU\u0160KI\" \/>\n<meta property=\"article:publisher\" content=\"https:\/\/www.facebook.com\/Radiio-Ljubuski-1490835324566332\" \/>\n<meta property=\"article:published_time\" content=\"2022-06-24T13:04:19+00:00\" \/>\n<meta property=\"article:modified_time\" content=\"2022-06-24T13:04:20+00:00\" \/>\n<meta property=\"og:image\" content=\"https:\/\/radioljubuski.ba\/wp-content\/uploads\/2022\/06\/10-2022-06-23-19-12-07-Snimka-zaslona-2022-06-23-191032.jpg\" \/>\n\t<meta property=\"og:image:width\" content=\"1000\" \/>\n\t<meta property=\"og:image:height\" content=\"625\" \/>\n\t<meta property=\"og:image:type\" content=\"image\/jpeg\" \/>\n<meta name=\"author\" content=\"Radio Ljubu\u0161ki\" \/>\n<meta name=\"twitter:card\" content=\"summary_large_image\" \/>\n<meta name=\"twitter:creator\" content=\"@radioljubuski\" \/>\n<meta name=\"twitter:site\" content=\"@radioljubuski\" \/>\n<meta name=\"twitter:label1\" content=\"Napisao\/la\" \/>\n\t<meta name=\"twitter:data1\" content=\"Radio Ljubu\u0161ki\" \/>\n\t<meta name=\"twitter:label2\" content=\"Procijenjeno vrijeme \u010ditanja\" \/>\n\t<meta name=\"twitter:data2\" content=\"2 minute\" \/>\n<script type=\"application\/ld+json\" class=\"yoast-schema-graph\">{\"@context\":\"https:\\\/\\\/schema.org\",\"@graph\":[{\"@type\":\"Article\",\"@id\":\"https:\\\/\\\/radioljubuski.ba\\\/index.php\\\/2022\\\/06\\\/24\\\/tuzitelj-trazi-zatvorsku-kaznu-od-25-godina-za-chauvina-zbog-krsenja-floydovih-prava\\\/#article\",\"isPartOf\":{\"@id\":\"https:\\\/\\\/radioljubuski.ba\\\/index.php\\\/2022\\\/06\\\/24\\\/tuzitelj-trazi-zatvorsku-kaznu-od-25-godina-za-chauvina-zbog-krsenja-floydovih-prava\\\/\"},\"author\":{\"name\":\"Radio Ljubu\u0161ki\",\"@id\":\"https:\\\/\\\/radioljubuski.ba\\\/#\\\/schema\\\/person\\\/19fc700381a780f69665d7956c469e3b\"},\"headline\":\"Tu\u017eitelj tra\u017ei zatvorsku kaznu od 25 godina za Chauvina zbog kr\u0161enja Floydovih prava\",\"datePublished\":\"2022-06-24T13:04:19+00:00\",\"dateModified\":\"2022-06-24T13:04:20+00:00\",\"mainEntityOfPage\":{\"@id\":\"https:\\\/\\\/radioljubuski.ba\\\/index.php\\\/2022\\\/06\\\/24\\\/tuzitelj-trazi-zatvorsku-kaznu-od-25-godina-za-chauvina-zbog-krsenja-floydovih-prava\\\/\"},\"wordCount\":375,\"publisher\":{\"@id\":\"https:\\\/\\\/radioljubuski.ba\\\/#organization\"},\"image\":{\"@id\":\"https:\\\/\\\/radioljubuski.ba\\\/index.php\\\/2022\\\/06\\\/24\\\/tuzitelj-trazi-zatvorsku-kaznu-od-25-godina-za-chauvina-zbog-krsenja-floydovih-prava\\\/#primaryimage\"},\"thumbnailUrl\":\"https:\\\/\\\/radioljubuski.ba\\\/wp-content\\\/uploads\\\/2022\\\/06\\\/10-2022-06-23-19-12-07-Snimka-zaslona-2022-06-23-191032.jpg\",\"articleSection\":[\"BIH i regija\"],\"inLanguage\":\"hr\"},{\"@type\":\"WebPage\",\"@id\":\"https:\\\/\\\/radioljubuski.ba\\\/index.php\\\/2022\\\/06\\\/24\\\/tuzitelj-trazi-zatvorsku-kaznu-od-25-godina-za-chauvina-zbog-krsenja-floydovih-prava\\\/\",\"url\":\"https:\\\/\\\/radioljubuski.ba\\\/index.php\\\/2022\\\/06\\\/24\\\/tuzitelj-trazi-zatvorsku-kaznu-od-25-godina-za-chauvina-zbog-krsenja-floydovih-prava\\\/\",\"name\":\"Tu\u017eitelj tra\u017ei zatvorsku kaznu od 25 godina za Chauvina zbog kr\u0161enja Floydovih prava - RADIO LJUBU\u0160KI\",\"isPartOf\":{\"@id\":\"https:\\\/\\\/radioljubuski.ba\\\/#website\"},\"primaryImageOfPage\":{\"@id\":\"https:\\\/\\\/radioljubuski.ba\\\/index.php\\\/2022\\\/06\\\/24\\\/tuzitelj-trazi-zatvorsku-kaznu-od-25-godina-za-chauvina-zbog-krsenja-floydovih-prava\\\/#primaryimage\"},\"image\":{\"@id\":\"https:\\\/\\\/radioljubuski.ba\\\/index.php\\\/2022\\\/06\\\/24\\\/tuzitelj-trazi-zatvorsku-kaznu-od-25-godina-za-chauvina-zbog-krsenja-floydovih-prava\\\/#primaryimage\"},\"thumbnailUrl\":\"https:\\\/\\\/radioljubuski.ba\\\/wp-content\\\/uploads\\\/2022\\\/06\\\/10-2022-06-23-19-12-07-Snimka-zaslona-2022-06-23-191032.jpg\",\"datePublished\":\"2022-06-24T13:04:19+00:00\",\"dateModified\":\"2022-06-24T13:04:20+00:00\",\"breadcrumb\":{\"@id\":\"https:\\\/\\\/radioljubuski.ba\\\/index.php\\\/2022\\\/06\\\/24\\\/tuzitelj-trazi-zatvorsku-kaznu-od-25-godina-za-chauvina-zbog-krsenja-floydovih-prava\\\/#breadcrumb\"},\"inLanguage\":\"hr\",\"potentialAction\":[{\"@type\":\"ReadAction\",\"target\":[\"https:\\\/\\\/radioljubuski.ba\\\/index.php\\\/2022\\\/06\\\/24\\\/tuzitelj-trazi-zatvorsku-kaznu-od-25-godina-za-chauvina-zbog-krsenja-floydovih-prava\\\/\"]}]},{\"@type\":\"ImageObject\",\"inLanguage\":\"hr\",\"@id\":\"https:\\\/\\\/radioljubuski.ba\\\/index.php\\\/2022\\\/06\\\/24\\\/tuzitelj-trazi-zatvorsku-kaznu-od-25-godina-za-chauvina-zbog-krsenja-floydovih-prava\\\/#primaryimage\",\"url\":\"https:\\\/\\\/radioljubuski.ba\\\/wp-content\\\/uploads\\\/2022\\\/06\\\/10-2022-06-23-19-12-07-Snimka-zaslona-2022-06-23-191032.jpg\",\"contentUrl\":\"https:\\\/\\\/radioljubuski.ba\\\/wp-content\\\/uploads\\\/2022\\\/06\\\/10-2022-06-23-19-12-07-Snimka-zaslona-2022-06-23-191032.jpg\",\"width\":1000,\"height\":625},{\"@type\":\"BreadcrumbList\",\"@id\":\"https:\\\/\\\/radioljubuski.ba\\\/index.php\\\/2022\\\/06\\\/24\\\/tuzitelj-trazi-zatvorsku-kaznu-od-25-godina-za-chauvina-zbog-krsenja-floydovih-prava\\\/#breadcrumb\",\"itemListElement\":[{\"@type\":\"ListItem\",\"position\":1,\"name\":\"Po\u010detna stranica\",\"item\":\"https:\\\/\\\/radioljubuski.ba\\\/\"},{\"@type\":\"ListItem\",\"position\":2,\"name\":\"Tu\u017eitelj tra\u017ei zatvorsku kaznu od 25 godina za Chauvina zbog kr\u0161enja Floydovih prava\"}]},{\"@type\":\"WebSite\",\"@id\":\"https:\\\/\\\/radioljubuski.ba\\\/#website\",\"url\":\"https:\\\/\\\/radioljubuski.ba\\\/\",\"name\":\"Radio Ljubu\u0161ki\",\"description\":\"Sun\u010dana frekvencija Hercegovine\",\"publisher\":{\"@id\":\"https:\\\/\\\/radioljubuski.ba\\\/#organization\"},\"potentialAction\":[{\"@type\":\"SearchAction\",\"target\":{\"@type\":\"EntryPoint\",\"urlTemplate\":\"https:\\\/\\\/radioljubuski.ba\\\/?s={search_term_string}\"},\"query-input\":{\"@type\":\"PropertyValueSpecification\",\"valueRequired\":true,\"valueName\":\"search_term_string\"}}],\"inLanguage\":\"hr\"},{\"@type\":\"Organization\",\"@id\":\"https:\\\/\\\/radioljubuski.ba\\\/#organization\",\"name\":\"Radio Ljubu\u0161ki\",\"url\":\"https:\\\/\\\/radioljubuski.ba\\\/\",\"logo\":{\"@type\":\"ImageObject\",\"inLanguage\":\"hr\",\"@id\":\"https:\\\/\\\/radioljubuski.ba\\\/#\\\/schema\\\/logo\\\/image\\\/\",\"url\":\"https:\\\/\\\/radioljubuski.ba\\\/wp-content\\\/uploads\\\/2021\\\/02\\\/cropped-Radio_Ljubuski_logo1.jpg\",\"contentUrl\":\"https:\\\/\\\/radioljubuski.ba\\\/wp-content\\\/uploads\\\/2021\\\/02\\\/cropped-Radio_Ljubuski_logo1.jpg\",\"width\":512,\"height\":512,\"caption\":\"Radio Ljubu\u0161ki\"},\"image\":{\"@id\":\"https:\\\/\\\/radioljubuski.ba\\\/#\\\/schema\\\/logo\\\/image\\\/\"},\"sameAs\":[\"https:\\\/\\\/www.facebook.com\\\/Radiio-Ljubuski-1490835324566332\",\"https:\\\/\\\/x.com\\\/radioljubuski\",\"https:\\\/\\\/hr.linkedin.com\\\/company\\\/radio-ljubuski\",\"https:\\\/\\\/www.youtube.com\\\/channel\\\/UCHYaeO_n0Db3tjNGudGpXyw\"]},{\"@type\":\"Person\",\"@id\":\"https:\\\/\\\/radioljubuski.ba\\\/#\\\/schema\\\/person\\\/19fc700381a780f69665d7956c469e3b\",\"name\":\"Radio Ljubu\u0161ki\"}]}<\/script>\n<!-- \/ Yoast SEO plugin. -->","yoast_head_json":{"title":"Tu\u017eitelj tra\u017ei zatvorsku kaznu od 25 godina za Chauvina zbog kr\u0161enja Floydovih prava - RADIO LJUBU\u0160KI","robots":{"index":"index","follow":"follow","max-snippet":"max-snippet:-1","max-image-preview":"max-image-preview:large","max-video-preview":"max-video-preview:-1"},"canonical":"https:\/\/radioljubuski.ba\/index.php\/2022\/06\/24\/tuzitelj-trazi-zatvorsku-kaznu-od-25-godina-za-chauvina-zbog-krsenja-floydovih-prava\/","og_locale":"hr_HR","og_type":"article","og_title":"Tu\u017eitelj tra\u017ei zatvorsku kaznu od 25 godina za Chauvina zbog kr\u0161enja Floydovih prava - RADIO LJUBU\u0160KI","og_description":"Ameri\u010dko savezno dr\u017eavno odvjetni\u0161tvo zatra\u017eilo je 25&nbsp;godina zatvora za&nbsp;biv\u0161eg policajca iz Minneapolisa Dereka Chauvina zbog kr\u0161enja gra\u0111anskih prava Georgea Floyda tijekom njegova uhi\u0107enja i ubojstva, pokazala je online sudska evidencija. U prijedlogu podnesenom&nbsp;u srijedu u Okru\u017enom sudu&nbsp;Minnesote, tu\u017eitelji ameri\u010dkog Ministarstva&nbsp;pravosu\u0111a&nbsp;kazali su da je Chauvin zloupotrijebio&nbsp;svoje policijske ovlasti te na\u0161tetio povjerenju javnosti&nbsp;u provedbu zakona&nbsp;i kaznenopravni sustav. [&hellip;]","og_url":"https:\/\/radioljubuski.ba\/index.php\/2022\/06\/24\/tuzitelj-trazi-zatvorsku-kaznu-od-25-godina-za-chauvina-zbog-krsenja-floydovih-prava\/","og_site_name":"RADIO LJUBU\u0160KI","article_publisher":"https:\/\/www.facebook.com\/Radiio-Ljubuski-1490835324566332","article_published_time":"2022-06-24T13:04:19+00:00","article_modified_time":"2022-06-24T13:04:20+00:00","og_image":[{"width":1000,"height":625,"url":"https:\/\/radioljubuski.ba\/wp-content\/uploads\/2022\/06\/10-2022-06-23-19-12-07-Snimka-zaslona-2022-06-23-191032.jpg","type":"image\/jpeg"}],"author":"Radio Ljubu\u0161ki","twitter_card":"summary_large_image","twitter_creator":"@radioljubuski","twitter_site":"@radioljubuski","twitter_misc":{"Napisao\/la":"Radio Ljubu\u0161ki","Procijenjeno vrijeme \u010ditanja":"2 minute"},"schema":{"@context":"https:\/\/schema.org","@graph":[{"@type":"Article","@id":"https:\/\/radioljubuski.ba\/index.php\/2022\/06\/24\/tuzitelj-trazi-zatvorsku-kaznu-od-25-godina-za-chauvina-zbog-krsenja-floydovih-prava\/#article","isPartOf":{"@id":"https:\/\/radioljubuski.ba\/index.php\/2022\/06\/24\/tuzitelj-trazi-zatvorsku-kaznu-od-25-godina-za-chauvina-zbog-krsenja-floydovih-prava\/"},"author":{"name":"Radio Ljubu\u0161ki","@id":"https:\/\/radioljubuski.ba\/#\/schema\/person\/19fc700381a780f69665d7956c469e3b"},"headline":"Tu\u017eitelj tra\u017ei zatvorsku kaznu od 25 godina za Chauvina zbog kr\u0161enja Floydovih prava","datePublished":"2022-06-24T13:04:19+00:00","dateModified":"2022-06-24T13:04:20+00:00","mainEntityOfPage":{"@id":"https:\/\/radioljubuski.ba\/index.php\/2022\/06\/24\/tuzitelj-trazi-zatvorsku-kaznu-od-25-godina-za-chauvina-zbog-krsenja-floydovih-prava\/"},"wordCount":375,"publisher":{"@id":"https:\/\/radioljubuski.ba\/#organization"},"image":{"@id":"https:\/\/radioljubuski.ba\/index.php\/2022\/06\/24\/tuzitelj-trazi-zatvorsku-kaznu-od-25-godina-za-chauvina-zbog-krsenja-floydovih-prava\/#primaryimage"},"thumbnailUrl":"https:\/\/radioljubuski.ba\/wp-content\/uploads\/2022\/06\/10-2022-06-23-19-12-07-Snimka-zaslona-2022-06-23-191032.jpg","articleSection":["BIH i regija"],"inLanguage":"hr"},{"@type":"WebPage","@id":"https:\/\/radioljubuski.ba\/index.php\/2022\/06\/24\/tuzitelj-trazi-zatvorsku-kaznu-od-25-godina-za-chauvina-zbog-krsenja-floydovih-prava\/","url":"https:\/\/radioljubuski.ba\/index.php\/2022\/06\/24\/tuzitelj-trazi-zatvorsku-kaznu-od-25-godina-za-chauvina-zbog-krsenja-floydovih-prava\/","name":"Tu\u017eitelj tra\u017ei zatvorsku kaznu od 25 godina za Chauvina zbog kr\u0161enja Floydovih prava - RADIO LJUBU\u0160KI","isPartOf":{"@id":"https:\/\/radioljubuski.ba\/#website"},"primaryImageOfPage":{"@id":"https:\/\/radioljubuski.ba\/index.php\/2022\/06\/24\/tuzitelj-trazi-zatvorsku-kaznu-od-25-godina-za-chauvina-zbog-krsenja-floydovih-prava\/#primaryimage"},"image":{"@id":"https:\/\/radioljubuski.ba\/index.php\/2022\/06\/24\/tuzitelj-trazi-zatvorsku-kaznu-od-25-godina-za-chauvina-zbog-krsenja-floydovih-prava\/#primaryimage"},"thumbnailUrl":"https:\/\/radioljubuski.ba\/wp-content\/uploads\/2022\/06\/10-2022-06-23-19-12-07-Snimka-zaslona-2022-06-23-191032.jpg","datePublished":"2022-06-24T13:04:19+00:00","dateModified":"2022-06-24T13:04:20+00:00","breadcrumb":{"@id":"https:\/\/radioljubuski.ba\/index.php\/2022\/06\/24\/tuzitelj-trazi-zatvorsku-kaznu-od-25-godina-za-chauvina-zbog-krsenja-floydovih-prava\/#breadcrumb"},"inLanguage":"hr","potentialAction":[{"@type":"ReadAction","target":["https:\/\/radioljubuski.ba\/index.php\/2022\/06\/24\/tuzitelj-trazi-zatvorsku-kaznu-od-25-godina-za-chauvina-zbog-krsenja-floydovih-prava\/"]}]},{"@type":"ImageObject","inLanguage":"hr","@id":"https:\/\/radioljubuski.ba\/index.php\/2022\/06\/24\/tuzitelj-trazi-zatvorsku-kaznu-od-25-godina-za-chauvina-zbog-krsenja-floydovih-prava\/#primaryimage","url":"https:\/\/radioljubuski.ba\/wp-content\/uploads\/2022\/06\/10-2022-06-23-19-12-07-Snimka-zaslona-2022-06-23-191032.jpg","contentUrl":"https:\/\/radioljubuski.ba\/wp-content\/uploads\/2022\/06\/10-2022-06-23-19-12-07-Snimka-zaslona-2022-06-23-191032.jpg","width":1000,"height":625},{"@type":"BreadcrumbList","@id":"https:\/\/radioljubuski.ba\/index.php\/2022\/06\/24\/tuzitelj-trazi-zatvorsku-kaznu-od-25-godina-za-chauvina-zbog-krsenja-floydovih-prava\/#breadcrumb","itemListElement":[{"@type":"ListItem","position":1,"name":"Po\u010detna stranica","item":"https:\/\/radioljubuski.ba\/"},{"@type":"ListItem","position":2,"name":"Tu\u017eitelj tra\u017ei zatvorsku kaznu od 25 godina za Chauvina zbog kr\u0161enja Floydovih prava"}]},{"@type":"WebSite","@id":"https:\/\/radioljubuski.ba\/#website","url":"https:\/\/radioljubuski.ba\/","name":"Radio Ljubu\u0161ki","description":"Sun\u010dana frekvencija Hercegovine","publisher":{"@id":"https:\/\/radioljubuski.ba\/#organization"},"potentialAction":[{"@type":"SearchAction","target":{"@type":"EntryPoint","urlTemplate":"https:\/\/radioljubuski.ba\/?s={search_term_string}"},"query-input":{"@type":"PropertyValueSpecification","valueRequired":true,"valueName":"search_term_string"}}],"inLanguage":"hr"},{"@type":"Organization","@id":"https:\/\/radioljubuski.ba\/#organization","name":"Radio Ljubu\u0161ki","url":"https:\/\/radioljubuski.ba\/","logo":{"@type":"ImageObject","inLanguage":"hr","@id":"https:\/\/radioljubuski.ba\/#\/schema\/logo\/image\/","url":"https:\/\/radioljubuski.ba\/wp-content\/uploads\/2021\/02\/cropped-Radio_Ljubuski_logo1.jpg","contentUrl":"https:\/\/radioljubuski.ba\/wp-content\/uploads\/2021\/02\/cropped-Radio_Ljubuski_logo1.jpg","width":512,"height":512,"caption":"Radio Ljubu\u0161ki"},"image":{"@id":"https:\/\/radioljubuski.ba\/#\/schema\/logo\/image\/"},"sameAs":["https:\/\/www.facebook.com\/Radiio-Ljubuski-1490835324566332","https:\/\/x.com\/radioljubuski","https:\/\/hr.linkedin.com\/company\/radio-ljubuski","https:\/\/www.youtube.com\/channel\/UCHYaeO_n0Db3tjNGudGpXyw"]},{"@type":"Person","@id":"https:\/\/radioljubuski.ba\/#\/schema\/person\/19fc700381a780f69665d7956c469e3b","name":"Radio Ljubu\u0161ki"}]}},"_links":{"self":[{"href":"https:\/\/radioljubuski.ba\/index.php\/wp-json\/wp\/v2\/posts\/152978","targetHints":{"allow":["GET"]}}],"collection":[{"href":"https:\/\/radioljubuski.ba\/index.php\/wp-json\/wp\/v2\/posts"}],"about":[{"href":"https:\/\/radioljubuski.ba\/index.php\/wp-json\/wp\/v2\/types\/post"}],"author":[{"embeddable":true,"href":"https:\/\/radioljubuski.ba\/index.php\/wp-json\/wp\/v2\/users\/2"}],"replies":[{"embeddable":true,"href":"https:\/\/radioljubuski.ba\/index.php\/wp-json\/wp\/v2\/comments?post=152978"}],"version-history":[{"count":1,"href":"https:\/\/radioljubuski.ba\/index.php\/wp-json\/wp\/v2\/posts\/152978\/revisions"}],"predecessor-version":[{"id":152980,"href":"https:\/\/radioljubuski.ba\/index.php\/wp-json\/wp\/v2\/posts\/152978\/revisions\/152980"}],"wp:featuredmedia":[{"embeddable":true,"href":"https:\/\/radioljubuski.ba\/index.php\/wp-json\/wp\/v2\/media\/152979"}],"wp:attachment":[{"href":"https:\/\/radioljubuski.ba\/index.php\/wp-json\/wp\/v2\/media?parent=152978"}],"wp:term":[{"taxonomy":"category","embeddable":true,"href":"https:\/\/radioljubuski.ba\/index.php\/wp-json\/wp\/v2\/categories?post=152978"},{"taxonomy":"post_tag","embeddable":true,"href":"https:\/\/radioljubuski.ba\/index.php\/wp-json\/wp\/v2\/tags?post=152978"}],"curies":[{"name":"wp","href":"https:\/\/api.w.org\/{rel}","templated":true}]}}