{"id":15298,"date":"2021-04-22T09:16:19","date_gmt":"2021-04-22T08:16:19","guid":{"rendered":"https:\/\/radioljubuski.ba\/?p=15298"},"modified":"2021-04-22T09:16:20","modified_gmt":"2021-04-22T08:16:20","slug":"europska-unija-postaje-klimatski-neutralna","status":"publish","type":"post","link":"https:\/\/radioljubuski.ba\/index.php\/2021\/04\/22\/europska-unija-postaje-klimatski-neutralna\/","title":{"rendered":"Europska unija postaje klimatski neutralna"},"content":{"rendered":"\n<p>Europska komisija pozdravila je privremeni dogovor o europskom propisu o klimi. Kao jedan od klju\u010dnih elemenata europskog zelenog plana, ovaj dokument obuhva\u0107a ambiciju Europske unije da do 2050. postigne potpunu klimatsku neutralnost. Tu je i prijelazni cilj da se do 2030. godine neto emisije stakleni\u010dkih plinova smanje za najmanje 55% u odnosu na razine emisija iz 1990. godine. <\/p>\n\n\n\n<p>Dogovor o europskom propisu o klimi va\u017ean je korak jer ispunjava jednu od obveza najavljenih u politi\u010dkim smjernicama predsjednice Ursule von der Leyen iz srpnja 2019., objavila je danas EK. <\/p>\n\n\n\n<p>&#8220;Na\u0161a politi\u010dka te\u017enja da do 2050. postanemo prvi klimatski neutralan kontinent sada je i pravna obveza. Propis o klimi EU-u \u0107e omogu\u0107iti da u samo jednoj generaciji postigne svoj zeleni cilj. To dugujemo svojoj djeci i unucima&#8221;, poru\u010dila je von der Leyen, prenosi Bug. <\/p>\n\n\n\n<blockquote class=\"twitter-tweet\"><p lang=\"en\" dir=\"ltr\">Deal on the Climate Law!<br><br>The European Climate Law turns our <a href=\"https:\/\/twitter.com\/hashtag\/EUGreenDeal?src=hash&amp;ref_src=twsrc%5Etfw\">#EUGreenDeal<\/a> targets into legal obligations:<br>\ud83d\udcc9 reducing net greenhouse gas emissions by at least 55% by 2030<br>\ud83c\udf0d reaching climate neutrality by 2050<br> <br>Climate neutrality will guide our policies for the next 30 years. <a href=\"https:\/\/t.co\/XvJkscP1Ee\">pic.twitter.com\/XvJkscP1Ee<\/a><\/p>&mdash; European Commission \ud83c\uddea\ud83c\uddfa (@EU_Commission) <a href=\"https:\/\/twitter.com\/EU_Commission\/status\/1384733859179339776?ref_src=twsrc%5Etfw\">April 21, 2021<\/a><\/blockquote> <script async src=\"https:\/\/platform.twitter.com\/widgets.js\" charset=\"utf-8\"><\/script>\n\n\n\n<p>Izvor: <a href=\"https:\/\/www.bljesak.info\/gospodarstvo\/ekologija\/europska-unija-postaje-klimatski-neutralna\/345387\">Bljesak.info<\/a><\/p>\n","protected":false},"excerpt":{"rendered":"<p>Europska komisija pozdravila je privremeni dogovor o europskom propisu o klimi. Kao jedan od klju\u010dnih elemenata europskog zelenog plana, ovaj dokument obuhva\u0107a ambiciju Europske unije da do 2050. postigne potpunu klimatsku neutralnost. Tu je i prijelazni cilj da se do 2030. godine neto emisije stakleni\u010dkih plinova smanje za najmanje 55% u odnosu na razine emisija [&hellip;]<\/p>\n","protected":false},"author":2,"featured_media":15299,"comment_status":"closed","ping_status":"closed","sticky":false,"template":"","format":"standard","meta":{"h5ap_radio_sources":[],"footnotes":""},"categories":[1],"tags":[],"class_list":["post-15298","post","type-post","status-publish","format-standard","has-post-thumbnail","hentry","category-bihiregija"],"yoast_head":"<!-- This site is optimized with the Yoast SEO plugin v27.5 - https:\/\/yoast.com\/product\/yoast-seo-wordpress\/ -->\n<title>Europska unija postaje klimatski neutralna - RADIO LJUBU\u0160KI<\/title>\n<meta name=\"robots\" content=\"index, follow, max-snippet:-1, max-image-preview:large, max-video-preview:-1\" \/>\n<link rel=\"canonical\" href=\"https:\/\/radioljubuski.ba\/index.php\/2021\/04\/22\/europska-unija-postaje-klimatski-neutralna\/\" \/>\n<meta property=\"og:locale\" content=\"hr_HR\" \/>\n<meta property=\"og:type\" content=\"article\" \/>\n<meta property=\"og:title\" content=\"Europska unija postaje klimatski neutralna - RADIO LJUBU\u0160KI\" \/>\n<meta property=\"og:description\" content=\"Europska komisija pozdravila je privremeni dogovor o europskom propisu o klimi. Kao jedan od klju\u010dnih elemenata europskog zelenog plana, ovaj dokument obuhva\u0107a ambiciju Europske unije da do 2050. postigne potpunu klimatsku neutralnost. Tu je i prijelazni cilj da se do 2030. godine neto emisije stakleni\u010dkih plinova smanje za najmanje 55% u odnosu na razine emisija [&hellip;]\" \/>\n<meta property=\"og:url\" content=\"https:\/\/radioljubuski.ba\/index.php\/2021\/04\/22\/europska-unija-postaje-klimatski-neutralna\/\" \/>\n<meta property=\"og:site_name\" content=\"RADIO LJUBU\u0160KI\" \/>\n<meta property=\"article:publisher\" content=\"https:\/\/www.facebook.com\/Radiio-Ljubuski-1490835324566332\" \/>\n<meta property=\"article:published_time\" content=\"2021-04-22T08:16:19+00:00\" \/>\n<meta property=\"article:modified_time\" content=\"2021-04-22T08:16:20+00:00\" \/>\n<meta property=\"og:image\" content=\"https:\/\/radioljubuski.ba\/wp-content\/uploads\/2021\/04\/EU-ruke-drvo.jpg\" \/>\n\t<meta property=\"og:image:width\" content=\"800\" \/>\n\t<meta property=\"og:image:height\" content=\"550\" \/>\n\t<meta property=\"og:image:type\" content=\"image\/jpeg\" \/>\n<meta name=\"author\" content=\"Radio Ljubu\u0161ki\" \/>\n<meta name=\"twitter:card\" content=\"summary_large_image\" \/>\n<meta name=\"twitter:creator\" content=\"@radioljubuski\" \/>\n<meta name=\"twitter:site\" content=\"@radioljubuski\" \/>\n<meta name=\"twitter:label1\" content=\"Napisao\/la\" \/>\n\t<meta name=\"twitter:data1\" content=\"Radio Ljubu\u0161ki\" \/>\n\t<meta name=\"twitter:label2\" content=\"Procijenjeno vrijeme \u010ditanja\" \/>\n\t<meta name=\"twitter:data2\" content=\"1 minuta\" \/>\n<script type=\"application\/ld+json\" class=\"yoast-schema-graph\">{\"@context\":\"https:\\\/\\\/schema.org\",\"@graph\":[{\"@type\":\"Article\",\"@id\":\"https:\\\/\\\/radioljubuski.ba\\\/index.php\\\/2021\\\/04\\\/22\\\/europska-unija-postaje-klimatski-neutralna\\\/#article\",\"isPartOf\":{\"@id\":\"https:\\\/\\\/radioljubuski.ba\\\/index.php\\\/2021\\\/04\\\/22\\\/europska-unija-postaje-klimatski-neutralna\\\/\"},\"author\":{\"name\":\"Radio Ljubu\u0161ki\",\"@id\":\"https:\\\/\\\/radioljubuski.ba\\\/#\\\/schema\\\/person\\\/19fc700381a780f69665d7956c469e3b\"},\"headline\":\"Europska unija postaje klimatski neutralna\",\"datePublished\":\"2021-04-22T08:16:19+00:00\",\"dateModified\":\"2021-04-22T08:16:20+00:00\",\"mainEntityOfPage\":{\"@id\":\"https:\\\/\\\/radioljubuski.ba\\\/index.php\\\/2021\\\/04\\\/22\\\/europska-unija-postaje-klimatski-neutralna\\\/\"},\"wordCount\":194,\"publisher\":{\"@id\":\"https:\\\/\\\/radioljubuski.ba\\\/#organization\"},\"image\":{\"@id\":\"https:\\\/\\\/radioljubuski.ba\\\/index.php\\\/2021\\\/04\\\/22\\\/europska-unija-postaje-klimatski-neutralna\\\/#primaryimage\"},\"thumbnailUrl\":\"https:\\\/\\\/radioljubuski.ba\\\/wp-content\\\/uploads\\\/2021\\\/04\\\/EU-ruke-drvo.jpg\",\"articleSection\":[\"BIH i regija\"],\"inLanguage\":\"hr\"},{\"@type\":\"WebPage\",\"@id\":\"https:\\\/\\\/radioljubuski.ba\\\/index.php\\\/2021\\\/04\\\/22\\\/europska-unija-postaje-klimatski-neutralna\\\/\",\"url\":\"https:\\\/\\\/radioljubuski.ba\\\/index.php\\\/2021\\\/04\\\/22\\\/europska-unija-postaje-klimatski-neutralna\\\/\",\"name\":\"Europska unija postaje klimatski neutralna - RADIO LJUBU\u0160KI\",\"isPartOf\":{\"@id\":\"https:\\\/\\\/radioljubuski.ba\\\/#website\"},\"primaryImageOfPage\":{\"@id\":\"https:\\\/\\\/radioljubuski.ba\\\/index.php\\\/2021\\\/04\\\/22\\\/europska-unija-postaje-klimatski-neutralna\\\/#primaryimage\"},\"image\":{\"@id\":\"https:\\\/\\\/radioljubuski.ba\\\/index.php\\\/2021\\\/04\\\/22\\\/europska-unija-postaje-klimatski-neutralna\\\/#primaryimage\"},\"thumbnailUrl\":\"https:\\\/\\\/radioljubuski.ba\\\/wp-content\\\/uploads\\\/2021\\\/04\\\/EU-ruke-drvo.jpg\",\"datePublished\":\"2021-04-22T08:16:19+00:00\",\"dateModified\":\"2021-04-22T08:16:20+00:00\",\"breadcrumb\":{\"@id\":\"https:\\\/\\\/radioljubuski.ba\\\/index.php\\\/2021\\\/04\\\/22\\\/europska-unija-postaje-klimatski-neutralna\\\/#breadcrumb\"},\"inLanguage\":\"hr\",\"potentialAction\":[{\"@type\":\"ReadAction\",\"target\":[\"https:\\\/\\\/radioljubuski.ba\\\/index.php\\\/2021\\\/04\\\/22\\\/europska-unija-postaje-klimatski-neutralna\\\/\"]}]},{\"@type\":\"ImageObject\",\"inLanguage\":\"hr\",\"@id\":\"https:\\\/\\\/radioljubuski.ba\\\/index.php\\\/2021\\\/04\\\/22\\\/europska-unija-postaje-klimatski-neutralna\\\/#primaryimage\",\"url\":\"https:\\\/\\\/radioljubuski.ba\\\/wp-content\\\/uploads\\\/2021\\\/04\\\/EU-ruke-drvo.jpg\",\"contentUrl\":\"https:\\\/\\\/radioljubuski.ba\\\/wp-content\\\/uploads\\\/2021\\\/04\\\/EU-ruke-drvo.jpg\",\"width\":800,\"height\":550},{\"@type\":\"BreadcrumbList\",\"@id\":\"https:\\\/\\\/radioljubuski.ba\\\/index.php\\\/2021\\\/04\\\/22\\\/europska-unija-postaje-klimatski-neutralna\\\/#breadcrumb\",\"itemListElement\":[{\"@type\":\"ListItem\",\"position\":1,\"name\":\"Po\u010detna stranica\",\"item\":\"https:\\\/\\\/radioljubuski.ba\\\/\"},{\"@type\":\"ListItem\",\"position\":2,\"name\":\"Europska unija postaje klimatski neutralna\"}]},{\"@type\":\"WebSite\",\"@id\":\"https:\\\/\\\/radioljubuski.ba\\\/#website\",\"url\":\"https:\\\/\\\/radioljubuski.ba\\\/\",\"name\":\"Radio Ljubu\u0161ki\",\"description\":\"Sun\u010dana frekvencija Hercegovine\",\"publisher\":{\"@id\":\"https:\\\/\\\/radioljubuski.ba\\\/#organization\"},\"potentialAction\":[{\"@type\":\"SearchAction\",\"target\":{\"@type\":\"EntryPoint\",\"urlTemplate\":\"https:\\\/\\\/radioljubuski.ba\\\/?s={search_term_string}\"},\"query-input\":{\"@type\":\"PropertyValueSpecification\",\"valueRequired\":true,\"valueName\":\"search_term_string\"}}],\"inLanguage\":\"hr\"},{\"@type\":\"Organization\",\"@id\":\"https:\\\/\\\/radioljubuski.ba\\\/#organization\",\"name\":\"Radio Ljubu\u0161ki\",\"url\":\"https:\\\/\\\/radioljubuski.ba\\\/\",\"logo\":{\"@type\":\"ImageObject\",\"inLanguage\":\"hr\",\"@id\":\"https:\\\/\\\/radioljubuski.ba\\\/#\\\/schema\\\/logo\\\/image\\\/\",\"url\":\"https:\\\/\\\/radioljubuski.ba\\\/wp-content\\\/uploads\\\/2021\\\/02\\\/cropped-Radio_Ljubuski_logo1.jpg\",\"contentUrl\":\"https:\\\/\\\/radioljubuski.ba\\\/wp-content\\\/uploads\\\/2021\\\/02\\\/cropped-Radio_Ljubuski_logo1.jpg\",\"width\":512,\"height\":512,\"caption\":\"Radio Ljubu\u0161ki\"},\"image\":{\"@id\":\"https:\\\/\\\/radioljubuski.ba\\\/#\\\/schema\\\/logo\\\/image\\\/\"},\"sameAs\":[\"https:\\\/\\\/www.facebook.com\\\/Radiio-Ljubuski-1490835324566332\",\"https:\\\/\\\/x.com\\\/radioljubuski\",\"https:\\\/\\\/hr.linkedin.com\\\/company\\\/radio-ljubuski\",\"https:\\\/\\\/www.youtube.com\\\/channel\\\/UCHYaeO_n0Db3tjNGudGpXyw\"]},{\"@type\":\"Person\",\"@id\":\"https:\\\/\\\/radioljubuski.ba\\\/#\\\/schema\\\/person\\\/19fc700381a780f69665d7956c469e3b\",\"name\":\"Radio Ljubu\u0161ki\"}]}<\/script>\n<!-- \/ Yoast SEO plugin. -->","yoast_head_json":{"title":"Europska unija postaje klimatski neutralna - RADIO LJUBU\u0160KI","robots":{"index":"index","follow":"follow","max-snippet":"max-snippet:-1","max-image-preview":"max-image-preview:large","max-video-preview":"max-video-preview:-1"},"canonical":"https:\/\/radioljubuski.ba\/index.php\/2021\/04\/22\/europska-unija-postaje-klimatski-neutralna\/","og_locale":"hr_HR","og_type":"article","og_title":"Europska unija postaje klimatski neutralna - RADIO LJUBU\u0160KI","og_description":"Europska komisija pozdravila je privremeni dogovor o europskom propisu o klimi. Kao jedan od klju\u010dnih elemenata europskog zelenog plana, ovaj dokument obuhva\u0107a ambiciju Europske unije da do 2050. postigne potpunu klimatsku neutralnost. Tu je i prijelazni cilj da se do 2030. godine neto emisije stakleni\u010dkih plinova smanje za najmanje 55% u odnosu na razine emisija [&hellip;]","og_url":"https:\/\/radioljubuski.ba\/index.php\/2021\/04\/22\/europska-unija-postaje-klimatski-neutralna\/","og_site_name":"RADIO LJUBU\u0160KI","article_publisher":"https:\/\/www.facebook.com\/Radiio-Ljubuski-1490835324566332","article_published_time":"2021-04-22T08:16:19+00:00","article_modified_time":"2021-04-22T08:16:20+00:00","og_image":[{"width":800,"height":550,"url":"https:\/\/radioljubuski.ba\/wp-content\/uploads\/2021\/04\/EU-ruke-drvo.jpg","type":"image\/jpeg"}],"author":"Radio Ljubu\u0161ki","twitter_card":"summary_large_image","twitter_creator":"@radioljubuski","twitter_site":"@radioljubuski","twitter_misc":{"Napisao\/la":"Radio Ljubu\u0161ki","Procijenjeno vrijeme \u010ditanja":"1 minuta"},"schema":{"@context":"https:\/\/schema.org","@graph":[{"@type":"Article","@id":"https:\/\/radioljubuski.ba\/index.php\/2021\/04\/22\/europska-unija-postaje-klimatski-neutralna\/#article","isPartOf":{"@id":"https:\/\/radioljubuski.ba\/index.php\/2021\/04\/22\/europska-unija-postaje-klimatski-neutralna\/"},"author":{"name":"Radio Ljubu\u0161ki","@id":"https:\/\/radioljubuski.ba\/#\/schema\/person\/19fc700381a780f69665d7956c469e3b"},"headline":"Europska unija postaje klimatski neutralna","datePublished":"2021-04-22T08:16:19+00:00","dateModified":"2021-04-22T08:16:20+00:00","mainEntityOfPage":{"@id":"https:\/\/radioljubuski.ba\/index.php\/2021\/04\/22\/europska-unija-postaje-klimatski-neutralna\/"},"wordCount":194,"publisher":{"@id":"https:\/\/radioljubuski.ba\/#organization"},"image":{"@id":"https:\/\/radioljubuski.ba\/index.php\/2021\/04\/22\/europska-unija-postaje-klimatski-neutralna\/#primaryimage"},"thumbnailUrl":"https:\/\/radioljubuski.ba\/wp-content\/uploads\/2021\/04\/EU-ruke-drvo.jpg","articleSection":["BIH i regija"],"inLanguage":"hr"},{"@type":"WebPage","@id":"https:\/\/radioljubuski.ba\/index.php\/2021\/04\/22\/europska-unija-postaje-klimatski-neutralna\/","url":"https:\/\/radioljubuski.ba\/index.php\/2021\/04\/22\/europska-unija-postaje-klimatski-neutralna\/","name":"Europska unija postaje klimatski neutralna - RADIO LJUBU\u0160KI","isPartOf":{"@id":"https:\/\/radioljubuski.ba\/#website"},"primaryImageOfPage":{"@id":"https:\/\/radioljubuski.ba\/index.php\/2021\/04\/22\/europska-unija-postaje-klimatski-neutralna\/#primaryimage"},"image":{"@id":"https:\/\/radioljubuski.ba\/index.php\/2021\/04\/22\/europska-unija-postaje-klimatski-neutralna\/#primaryimage"},"thumbnailUrl":"https:\/\/radioljubuski.ba\/wp-content\/uploads\/2021\/04\/EU-ruke-drvo.jpg","datePublished":"2021-04-22T08:16:19+00:00","dateModified":"2021-04-22T08:16:20+00:00","breadcrumb":{"@id":"https:\/\/radioljubuski.ba\/index.php\/2021\/04\/22\/europska-unija-postaje-klimatski-neutralna\/#breadcrumb"},"inLanguage":"hr","potentialAction":[{"@type":"ReadAction","target":["https:\/\/radioljubuski.ba\/index.php\/2021\/04\/22\/europska-unija-postaje-klimatski-neutralna\/"]}]},{"@type":"ImageObject","inLanguage":"hr","@id":"https:\/\/radioljubuski.ba\/index.php\/2021\/04\/22\/europska-unija-postaje-klimatski-neutralna\/#primaryimage","url":"https:\/\/radioljubuski.ba\/wp-content\/uploads\/2021\/04\/EU-ruke-drvo.jpg","contentUrl":"https:\/\/radioljubuski.ba\/wp-content\/uploads\/2021\/04\/EU-ruke-drvo.jpg","width":800,"height":550},{"@type":"BreadcrumbList","@id":"https:\/\/radioljubuski.ba\/index.php\/2021\/04\/22\/europska-unija-postaje-klimatski-neutralna\/#breadcrumb","itemListElement":[{"@type":"ListItem","position":1,"name":"Po\u010detna stranica","item":"https:\/\/radioljubuski.ba\/"},{"@type":"ListItem","position":2,"name":"Europska unija postaje klimatski neutralna"}]},{"@type":"WebSite","@id":"https:\/\/radioljubuski.ba\/#website","url":"https:\/\/radioljubuski.ba\/","name":"Radio Ljubu\u0161ki","description":"Sun\u010dana frekvencija Hercegovine","publisher":{"@id":"https:\/\/radioljubuski.ba\/#organization"},"potentialAction":[{"@type":"SearchAction","target":{"@type":"EntryPoint","urlTemplate":"https:\/\/radioljubuski.ba\/?s={search_term_string}"},"query-input":{"@type":"PropertyValueSpecification","valueRequired":true,"valueName":"search_term_string"}}],"inLanguage":"hr"},{"@type":"Organization","@id":"https:\/\/radioljubuski.ba\/#organization","name":"Radio Ljubu\u0161ki","url":"https:\/\/radioljubuski.ba\/","logo":{"@type":"ImageObject","inLanguage":"hr","@id":"https:\/\/radioljubuski.ba\/#\/schema\/logo\/image\/","url":"https:\/\/radioljubuski.ba\/wp-content\/uploads\/2021\/02\/cropped-Radio_Ljubuski_logo1.jpg","contentUrl":"https:\/\/radioljubuski.ba\/wp-content\/uploads\/2021\/02\/cropped-Radio_Ljubuski_logo1.jpg","width":512,"height":512,"caption":"Radio Ljubu\u0161ki"},"image":{"@id":"https:\/\/radioljubuski.ba\/#\/schema\/logo\/image\/"},"sameAs":["https:\/\/www.facebook.com\/Radiio-Ljubuski-1490835324566332","https:\/\/x.com\/radioljubuski","https:\/\/hr.linkedin.com\/company\/radio-ljubuski","https:\/\/www.youtube.com\/channel\/UCHYaeO_n0Db3tjNGudGpXyw"]},{"@type":"Person","@id":"https:\/\/radioljubuski.ba\/#\/schema\/person\/19fc700381a780f69665d7956c469e3b","name":"Radio Ljubu\u0161ki"}]}},"_links":{"self":[{"href":"https:\/\/radioljubuski.ba\/index.php\/wp-json\/wp\/v2\/posts\/15298","targetHints":{"allow":["GET"]}}],"collection":[{"href":"https:\/\/radioljubuski.ba\/index.php\/wp-json\/wp\/v2\/posts"}],"about":[{"href":"https:\/\/radioljubuski.ba\/index.php\/wp-json\/wp\/v2\/types\/post"}],"author":[{"embeddable":true,"href":"https:\/\/radioljubuski.ba\/index.php\/wp-json\/wp\/v2\/users\/2"}],"replies":[{"embeddable":true,"href":"https:\/\/radioljubuski.ba\/index.php\/wp-json\/wp\/v2\/comments?post=15298"}],"version-history":[{"count":1,"href":"https:\/\/radioljubuski.ba\/index.php\/wp-json\/wp\/v2\/posts\/15298\/revisions"}],"predecessor-version":[{"id":15300,"href":"https:\/\/radioljubuski.ba\/index.php\/wp-json\/wp\/v2\/posts\/15298\/revisions\/15300"}],"wp:featuredmedia":[{"embeddable":true,"href":"https:\/\/radioljubuski.ba\/index.php\/wp-json\/wp\/v2\/media\/15299"}],"wp:attachment":[{"href":"https:\/\/radioljubuski.ba\/index.php\/wp-json\/wp\/v2\/media?parent=15298"}],"wp:term":[{"taxonomy":"category","embeddable":true,"href":"https:\/\/radioljubuski.ba\/index.php\/wp-json\/wp\/v2\/categories?post=15298"},{"taxonomy":"post_tag","embeddable":true,"href":"https:\/\/radioljubuski.ba\/index.php\/wp-json\/wp\/v2\/tags?post=15298"}],"curies":[{"name":"wp","href":"https:\/\/api.w.org\/{rel}","templated":true}]}}