{"id":152998,"date":"2022-06-24T14:12:44","date_gmt":"2022-06-24T13:12:44","guid":{"rendered":"https:\/\/radioljubuski.ba\/?p=152998"},"modified":"2022-06-24T14:12:45","modified_gmt":"2022-06-24T13:12:45","slug":"bit-ce-zitarica-i-povrca-ali-ratari-se-boje-slabih-uroda","status":"publish","type":"post","link":"https:\/\/radioljubuski.ba\/index.php\/2022\/06\/24\/bit-ce-zitarica-i-povrca-ali-ratari-se-boje-slabih-uroda\/","title":{"rendered":"Bit \u0107e \u017eitarica i povr\u0107a, ali ratari se boje slabih uroda"},"content":{"rendered":"\n<p>Ljeto je tek po\u010delo, a pogledi mnogih upereni su prema zimi. Ekonomski analiti\u010dari ovih dana izvla\u010de podatke, analizira se oporavak od pandemije i \u0161to nas \u010deka najesen, a na sve se nakalemio i rat u Ukrajini te se kriza prelijeva na cijeli svijet, pi\u0161e Ve\u010dernji list BiH.<\/p>\n\n\n\n<p>Nevrijeme u regiji<\/p>\n\n\n\n<p>Bosna i Hercegovina u najte\u017eoj je situaciji jo\u0161 od rata. Iako smo na slo\u017eenu politi\u010dku situaciju ve\u0107 navikli, ovakav ekonomski udar odavno nam se nije dogodio. Ipak, ostaje nada da \u0107e ono \u0161to se u zemlji proizvede prehraniti nas barem ove zime, tako su mnogi za svoje potrebe ne\u0161to sijali i sadili. Ali, zemljoradnici na terenu nam se \u017eale. Ki\u0161e nije bilo, krumpiri su sitniji nego ina\u010de, pa i ostale kulture nekako su slabije. Mnogi kao razlog isti\u010du nedostatak ki\u0161e. U ljubu\u0161kom kraju govore nam da je bolje i bez ki\u0161e, nego da nam se dogodi ono \u0161to se prethodnih tjedana doga\u0111a po Hrvatskoj, posljednje u Karlovcu, prije toga u Zagorju, a i u Srbiji gdje je taman po\u010dela berba malina, a krupa je bila tako jaka da je u nekim krajevima sve uni\u0161tila. &#8211; Tamo gdje se vi\u0161e natapalo, bit \u0107e i vi\u0161e ploda, a zgodno je tko ima rije\u0161enu vodoopskrbu, da nije skupa dr\u017eavna &#8211; pri\u010da nam \u010dovjek u Ljubu\u0161kom dok rezimiramo situaciju. Razgovarali smo i s ljudima iz Selja\u010dkog saveza Federacije BiH. Tko je u poljoprivredi, mora biti spreman buditi se u 6 ujutro da odradi \u0161to planira, ljeti prije vru\u0107ina, pa onda opet poslijepodne i nave\u010der, a mnogi se odlu\u010duju i cijeli dan unato\u010d vremenu ostati na svojim imanjima. Smijemo se, a pritom i ozbiljno mislimo, ne\u0161to poput posla novinara kojima je godi\u0161nji odmor u dobrom dijelu slu\u010dajeva utopija jer se doga\u0111aji ni\u017eu svakodnevno i nemogu\u0107e je procese zaustaviti. I dok gledamo tako prema jednom imanju na kojem se taman vr\u0161i kosidba, slu\u0161amo i o onim problemima s kojima se seljaci susre\u0107u. &#8211; Vidite i sami, pi\u0161ete o tome, situacija nije zadovoljavaju\u0107a, svi ovi ulazni inputi, sve ove cijene, sve ono \u0161to seljak proizvede, pitanje je ho\u0107e li biti isplativo. Nas stvarno mu\u010di cijena gnojiva, a pogotovo previsoka cijena goriva &#8211; nagla\u0161avaju nam u Selja\u010dkom savezu. Povla\u010de usporedbu s vrlo te\u0161kom 2008. godinom kada nas je pogodila najve\u0107a kriza jo\u0161 od Velike depresije (1929. &#8211; 1933.). Kako objasniti da je te 2008. barel nafte bio 147 dolara, a cijena goriva 2,10 KM. Danas imamo barel nafte za 113 dolara, a cijena litre goriva je 3,81 KM. Pa je li to normalno? &#8211; pitaju se seljaci. Isti\u010du da trenuta\u010dno nema zamjerki na Federalno ministarstvo poljoprivrede. &#8211; Pa smatramo da su shvatili ozbiljnost situacije i ti poticaji za poljoprivrednu proizvodnju redovito se ispla\u0107uju &#8211; ka\u017eu nam.<\/p>\n\n\n\n<p>Rijetki optimisti\u010dni<\/p>\n\n\n\n<p>Pitamo ih i za cijenu p\u0161enice. Proizvo\u0111a\u010di poku\u0161avaju dogovoriti otkupnu cijenu koja ne\u0107e biti ispod 0,80 feninga po kilogramu. &#8211; Gledajte, tko se bavi animalnom proizvodnjom, njemu je cijena \u017eitarica svakako skupa, me\u0111utim, svi mi koji smo u tom procesu poljoprivredne proizvodnje \u017eelimo i da te \u017eitarice ne\u0161to vrijede, da vrijedi ne\u0161to proizvodnja hrane, da ljudi imaju dovoljno za svoje potrebe &#8211; pri\u010daju nam u Savezu. A kako oni vide situaciju na zimu, izgleda da su rijetki optimisti\u010dni. &#8211; Trebat \u0107e biti puni nov\u010danici da bi se moglo prezimiti i da bi se moglo kupiti dovoljno hrane jer vidimo da cijene svakog dana idu. Hrana \u0107e sigurno biti skupa, a i energenti isto tako. Vidimo \u0161to se sada doga\u0111a, pa na\u017ealost, ne mo\u017ee se na sve ovo biti prevelik optimist ni oko zime. Bit \u0107e te\u0161ka zima, ali evo trudit \u0107emo se, raditi, da ne bude sve izgubljeno i da se nekako prebrodi ovo razdoblje &#8211; zaklju\u010duju iz Selja\u010dkog saveza Federacije BiH za Ve\u010dernji list.<\/p>\n\n\n\n<p>Izvor:vecernji.ba<\/p>\n","protected":false},"excerpt":{"rendered":"<p>Ljeto je tek po\u010delo, a pogledi mnogih upereni su prema zimi. Ekonomski analiti\u010dari ovih dana izvla\u010de podatke, analizira se oporavak od pandemije i \u0161to nas \u010deka najesen, a na sve se nakalemio i rat u Ukrajini te se kriza prelijeva na cijeli svijet, pi\u0161e Ve\u010dernji list BiH. Nevrijeme u regiji Bosna i Hercegovina u najte\u017eoj [&hellip;]<\/p>\n","protected":false},"author":2,"featured_media":152999,"comment_status":"closed","ping_status":"closed","sticky":false,"template":"","format":"standard","meta":{"h5ap_radio_sources":[],"footnotes":""},"categories":[1],"tags":[],"class_list":["post-152998","post","type-post","status-publish","format-standard","has-post-thumbnail","hentry","category-bihiregija"],"yoast_head":"<!-- This site is optimized with the Yoast SEO plugin v27.5 - https:\/\/yoast.com\/product\/yoast-seo-wordpress\/ -->\n<title>Bit \u0107e \u017eitarica i povr\u0107a, ali ratari se boje slabih uroda - RADIO LJUBU\u0160KI<\/title>\n<meta name=\"robots\" content=\"index, follow, max-snippet:-1, max-image-preview:large, max-video-preview:-1\" \/>\n<link rel=\"canonical\" href=\"https:\/\/radioljubuski.ba\/index.php\/2022\/06\/24\/bit-ce-zitarica-i-povrca-ali-ratari-se-boje-slabih-uroda\/\" \/>\n<meta property=\"og:locale\" content=\"hr_HR\" \/>\n<meta property=\"og:type\" content=\"article\" \/>\n<meta property=\"og:title\" content=\"Bit \u0107e \u017eitarica i povr\u0107a, ali ratari se boje slabih uroda - RADIO LJUBU\u0160KI\" \/>\n<meta property=\"og:description\" content=\"Ljeto je tek po\u010delo, a pogledi mnogih upereni su prema zimi. Ekonomski analiti\u010dari ovih dana izvla\u010de podatke, analizira se oporavak od pandemije i \u0161to nas \u010deka najesen, a na sve se nakalemio i rat u Ukrajini te se kriza prelijeva na cijeli svijet, pi\u0161e Ve\u010dernji list BiH. Nevrijeme u regiji Bosna i Hercegovina u najte\u017eoj [&hellip;]\" \/>\n<meta property=\"og:url\" content=\"https:\/\/radioljubuski.ba\/index.php\/2022\/06\/24\/bit-ce-zitarica-i-povrca-ali-ratari-se-boje-slabih-uroda\/\" \/>\n<meta property=\"og:site_name\" content=\"RADIO LJUBU\u0160KI\" \/>\n<meta property=\"article:publisher\" content=\"https:\/\/www.facebook.com\/Radiio-Ljubuski-1490835324566332\" \/>\n<meta property=\"article:published_time\" content=\"2022-06-24T13:12:44+00:00\" \/>\n<meta property=\"article:modified_time\" content=\"2022-06-24T13:12:45+00:00\" \/>\n<meta property=\"og:image\" content=\"https:\/\/radioljubuski.ba\/wp-content\/uploads\/2022\/06\/10-2022-06-23-20-12-32-Snimka-zaslona-2022-06-23-201126.jpg\" \/>\n\t<meta property=\"og:image:width\" content=\"1000\" \/>\n\t<meta property=\"og:image:height\" content=\"625\" \/>\n\t<meta property=\"og:image:type\" content=\"image\/jpeg\" \/>\n<meta name=\"author\" content=\"Radio Ljubu\u0161ki\" \/>\n<meta name=\"twitter:card\" content=\"summary_large_image\" \/>\n<meta name=\"twitter:creator\" content=\"@radioljubuski\" \/>\n<meta name=\"twitter:site\" content=\"@radioljubuski\" \/>\n<meta name=\"twitter:label1\" content=\"Napisao\/la\" \/>\n\t<meta name=\"twitter:data1\" content=\"Radio Ljubu\u0161ki\" \/>\n\t<meta name=\"twitter:label2\" content=\"Procijenjeno vrijeme \u010ditanja\" \/>\n\t<meta name=\"twitter:data2\" content=\"3 minute\" \/>\n<script type=\"application\/ld+json\" class=\"yoast-schema-graph\">{\"@context\":\"https:\\\/\\\/schema.org\",\"@graph\":[{\"@type\":\"Article\",\"@id\":\"https:\\\/\\\/radioljubuski.ba\\\/index.php\\\/2022\\\/06\\\/24\\\/bit-ce-zitarica-i-povrca-ali-ratari-se-boje-slabih-uroda\\\/#article\",\"isPartOf\":{\"@id\":\"https:\\\/\\\/radioljubuski.ba\\\/index.php\\\/2022\\\/06\\\/24\\\/bit-ce-zitarica-i-povrca-ali-ratari-se-boje-slabih-uroda\\\/\"},\"author\":{\"name\":\"Radio Ljubu\u0161ki\",\"@id\":\"https:\\\/\\\/radioljubuski.ba\\\/#\\\/schema\\\/person\\\/19fc700381a780f69665d7956c469e3b\"},\"headline\":\"Bit \u0107e \u017eitarica i povr\u0107a, ali ratari se boje slabih uroda\",\"datePublished\":\"2022-06-24T13:12:44+00:00\",\"dateModified\":\"2022-06-24T13:12:45+00:00\",\"mainEntityOfPage\":{\"@id\":\"https:\\\/\\\/radioljubuski.ba\\\/index.php\\\/2022\\\/06\\\/24\\\/bit-ce-zitarica-i-povrca-ali-ratari-se-boje-slabih-uroda\\\/\"},\"wordCount\":689,\"publisher\":{\"@id\":\"https:\\\/\\\/radioljubuski.ba\\\/#organization\"},\"image\":{\"@id\":\"https:\\\/\\\/radioljubuski.ba\\\/index.php\\\/2022\\\/06\\\/24\\\/bit-ce-zitarica-i-povrca-ali-ratari-se-boje-slabih-uroda\\\/#primaryimage\"},\"thumbnailUrl\":\"https:\\\/\\\/radioljubuski.ba\\\/wp-content\\\/uploads\\\/2022\\\/06\\\/10-2022-06-23-20-12-32-Snimka-zaslona-2022-06-23-201126.jpg\",\"articleSection\":[\"BIH i regija\"],\"inLanguage\":\"hr\"},{\"@type\":\"WebPage\",\"@id\":\"https:\\\/\\\/radioljubuski.ba\\\/index.php\\\/2022\\\/06\\\/24\\\/bit-ce-zitarica-i-povrca-ali-ratari-se-boje-slabih-uroda\\\/\",\"url\":\"https:\\\/\\\/radioljubuski.ba\\\/index.php\\\/2022\\\/06\\\/24\\\/bit-ce-zitarica-i-povrca-ali-ratari-se-boje-slabih-uroda\\\/\",\"name\":\"Bit \u0107e \u017eitarica i povr\u0107a, ali ratari se boje slabih uroda - RADIO LJUBU\u0160KI\",\"isPartOf\":{\"@id\":\"https:\\\/\\\/radioljubuski.ba\\\/#website\"},\"primaryImageOfPage\":{\"@id\":\"https:\\\/\\\/radioljubuski.ba\\\/index.php\\\/2022\\\/06\\\/24\\\/bit-ce-zitarica-i-povrca-ali-ratari-se-boje-slabih-uroda\\\/#primaryimage\"},\"image\":{\"@id\":\"https:\\\/\\\/radioljubuski.ba\\\/index.php\\\/2022\\\/06\\\/24\\\/bit-ce-zitarica-i-povrca-ali-ratari-se-boje-slabih-uroda\\\/#primaryimage\"},\"thumbnailUrl\":\"https:\\\/\\\/radioljubuski.ba\\\/wp-content\\\/uploads\\\/2022\\\/06\\\/10-2022-06-23-20-12-32-Snimka-zaslona-2022-06-23-201126.jpg\",\"datePublished\":\"2022-06-24T13:12:44+00:00\",\"dateModified\":\"2022-06-24T13:12:45+00:00\",\"breadcrumb\":{\"@id\":\"https:\\\/\\\/radioljubuski.ba\\\/index.php\\\/2022\\\/06\\\/24\\\/bit-ce-zitarica-i-povrca-ali-ratari-se-boje-slabih-uroda\\\/#breadcrumb\"},\"inLanguage\":\"hr\",\"potentialAction\":[{\"@type\":\"ReadAction\",\"target\":[\"https:\\\/\\\/radioljubuski.ba\\\/index.php\\\/2022\\\/06\\\/24\\\/bit-ce-zitarica-i-povrca-ali-ratari-se-boje-slabih-uroda\\\/\"]}]},{\"@type\":\"ImageObject\",\"inLanguage\":\"hr\",\"@id\":\"https:\\\/\\\/radioljubuski.ba\\\/index.php\\\/2022\\\/06\\\/24\\\/bit-ce-zitarica-i-povrca-ali-ratari-se-boje-slabih-uroda\\\/#primaryimage\",\"url\":\"https:\\\/\\\/radioljubuski.ba\\\/wp-content\\\/uploads\\\/2022\\\/06\\\/10-2022-06-23-20-12-32-Snimka-zaslona-2022-06-23-201126.jpg\",\"contentUrl\":\"https:\\\/\\\/radioljubuski.ba\\\/wp-content\\\/uploads\\\/2022\\\/06\\\/10-2022-06-23-20-12-32-Snimka-zaslona-2022-06-23-201126.jpg\",\"width\":1000,\"height\":625},{\"@type\":\"BreadcrumbList\",\"@id\":\"https:\\\/\\\/radioljubuski.ba\\\/index.php\\\/2022\\\/06\\\/24\\\/bit-ce-zitarica-i-povrca-ali-ratari-se-boje-slabih-uroda\\\/#breadcrumb\",\"itemListElement\":[{\"@type\":\"ListItem\",\"position\":1,\"name\":\"Po\u010detna stranica\",\"item\":\"https:\\\/\\\/radioljubuski.ba\\\/\"},{\"@type\":\"ListItem\",\"position\":2,\"name\":\"Bit \u0107e \u017eitarica i povr\u0107a, ali ratari se boje slabih uroda\"}]},{\"@type\":\"WebSite\",\"@id\":\"https:\\\/\\\/radioljubuski.ba\\\/#website\",\"url\":\"https:\\\/\\\/radioljubuski.ba\\\/\",\"name\":\"Radio Ljubu\u0161ki\",\"description\":\"Sun\u010dana frekvencija Hercegovine\",\"publisher\":{\"@id\":\"https:\\\/\\\/radioljubuski.ba\\\/#organization\"},\"potentialAction\":[{\"@type\":\"SearchAction\",\"target\":{\"@type\":\"EntryPoint\",\"urlTemplate\":\"https:\\\/\\\/radioljubuski.ba\\\/?s={search_term_string}\"},\"query-input\":{\"@type\":\"PropertyValueSpecification\",\"valueRequired\":true,\"valueName\":\"search_term_string\"}}],\"inLanguage\":\"hr\"},{\"@type\":\"Organization\",\"@id\":\"https:\\\/\\\/radioljubuski.ba\\\/#organization\",\"name\":\"Radio Ljubu\u0161ki\",\"url\":\"https:\\\/\\\/radioljubuski.ba\\\/\",\"logo\":{\"@type\":\"ImageObject\",\"inLanguage\":\"hr\",\"@id\":\"https:\\\/\\\/radioljubuski.ba\\\/#\\\/schema\\\/logo\\\/image\\\/\",\"url\":\"https:\\\/\\\/radioljubuski.ba\\\/wp-content\\\/uploads\\\/2021\\\/02\\\/cropped-Radio_Ljubuski_logo1.jpg\",\"contentUrl\":\"https:\\\/\\\/radioljubuski.ba\\\/wp-content\\\/uploads\\\/2021\\\/02\\\/cropped-Radio_Ljubuski_logo1.jpg\",\"width\":512,\"height\":512,\"caption\":\"Radio Ljubu\u0161ki\"},\"image\":{\"@id\":\"https:\\\/\\\/radioljubuski.ba\\\/#\\\/schema\\\/logo\\\/image\\\/\"},\"sameAs\":[\"https:\\\/\\\/www.facebook.com\\\/Radiio-Ljubuski-1490835324566332\",\"https:\\\/\\\/x.com\\\/radioljubuski\",\"https:\\\/\\\/hr.linkedin.com\\\/company\\\/radio-ljubuski\",\"https:\\\/\\\/www.youtube.com\\\/channel\\\/UCHYaeO_n0Db3tjNGudGpXyw\"]},{\"@type\":\"Person\",\"@id\":\"https:\\\/\\\/radioljubuski.ba\\\/#\\\/schema\\\/person\\\/19fc700381a780f69665d7956c469e3b\",\"name\":\"Radio Ljubu\u0161ki\"}]}<\/script>\n<!-- \/ Yoast SEO plugin. -->","yoast_head_json":{"title":"Bit \u0107e \u017eitarica i povr\u0107a, ali ratari se boje slabih uroda - RADIO LJUBU\u0160KI","robots":{"index":"index","follow":"follow","max-snippet":"max-snippet:-1","max-image-preview":"max-image-preview:large","max-video-preview":"max-video-preview:-1"},"canonical":"https:\/\/radioljubuski.ba\/index.php\/2022\/06\/24\/bit-ce-zitarica-i-povrca-ali-ratari-se-boje-slabih-uroda\/","og_locale":"hr_HR","og_type":"article","og_title":"Bit \u0107e \u017eitarica i povr\u0107a, ali ratari se boje slabih uroda - RADIO LJUBU\u0160KI","og_description":"Ljeto je tek po\u010delo, a pogledi mnogih upereni su prema zimi. Ekonomski analiti\u010dari ovih dana izvla\u010de podatke, analizira se oporavak od pandemije i \u0161to nas \u010deka najesen, a na sve se nakalemio i rat u Ukrajini te se kriza prelijeva na cijeli svijet, pi\u0161e Ve\u010dernji list BiH. Nevrijeme u regiji Bosna i Hercegovina u najte\u017eoj [&hellip;]","og_url":"https:\/\/radioljubuski.ba\/index.php\/2022\/06\/24\/bit-ce-zitarica-i-povrca-ali-ratari-se-boje-slabih-uroda\/","og_site_name":"RADIO LJUBU\u0160KI","article_publisher":"https:\/\/www.facebook.com\/Radiio-Ljubuski-1490835324566332","article_published_time":"2022-06-24T13:12:44+00:00","article_modified_time":"2022-06-24T13:12:45+00:00","og_image":[{"width":1000,"height":625,"url":"https:\/\/radioljubuski.ba\/wp-content\/uploads\/2022\/06\/10-2022-06-23-20-12-32-Snimka-zaslona-2022-06-23-201126.jpg","type":"image\/jpeg"}],"author":"Radio Ljubu\u0161ki","twitter_card":"summary_large_image","twitter_creator":"@radioljubuski","twitter_site":"@radioljubuski","twitter_misc":{"Napisao\/la":"Radio Ljubu\u0161ki","Procijenjeno vrijeme \u010ditanja":"3 minute"},"schema":{"@context":"https:\/\/schema.org","@graph":[{"@type":"Article","@id":"https:\/\/radioljubuski.ba\/index.php\/2022\/06\/24\/bit-ce-zitarica-i-povrca-ali-ratari-se-boje-slabih-uroda\/#article","isPartOf":{"@id":"https:\/\/radioljubuski.ba\/index.php\/2022\/06\/24\/bit-ce-zitarica-i-povrca-ali-ratari-se-boje-slabih-uroda\/"},"author":{"name":"Radio Ljubu\u0161ki","@id":"https:\/\/radioljubuski.ba\/#\/schema\/person\/19fc700381a780f69665d7956c469e3b"},"headline":"Bit \u0107e \u017eitarica i povr\u0107a, ali ratari se boje slabih uroda","datePublished":"2022-06-24T13:12:44+00:00","dateModified":"2022-06-24T13:12:45+00:00","mainEntityOfPage":{"@id":"https:\/\/radioljubuski.ba\/index.php\/2022\/06\/24\/bit-ce-zitarica-i-povrca-ali-ratari-se-boje-slabih-uroda\/"},"wordCount":689,"publisher":{"@id":"https:\/\/radioljubuski.ba\/#organization"},"image":{"@id":"https:\/\/radioljubuski.ba\/index.php\/2022\/06\/24\/bit-ce-zitarica-i-povrca-ali-ratari-se-boje-slabih-uroda\/#primaryimage"},"thumbnailUrl":"https:\/\/radioljubuski.ba\/wp-content\/uploads\/2022\/06\/10-2022-06-23-20-12-32-Snimka-zaslona-2022-06-23-201126.jpg","articleSection":["BIH i regija"],"inLanguage":"hr"},{"@type":"WebPage","@id":"https:\/\/radioljubuski.ba\/index.php\/2022\/06\/24\/bit-ce-zitarica-i-povrca-ali-ratari-se-boje-slabih-uroda\/","url":"https:\/\/radioljubuski.ba\/index.php\/2022\/06\/24\/bit-ce-zitarica-i-povrca-ali-ratari-se-boje-slabih-uroda\/","name":"Bit \u0107e \u017eitarica i povr\u0107a, ali ratari se boje slabih uroda - RADIO LJUBU\u0160KI","isPartOf":{"@id":"https:\/\/radioljubuski.ba\/#website"},"primaryImageOfPage":{"@id":"https:\/\/radioljubuski.ba\/index.php\/2022\/06\/24\/bit-ce-zitarica-i-povrca-ali-ratari-se-boje-slabih-uroda\/#primaryimage"},"image":{"@id":"https:\/\/radioljubuski.ba\/index.php\/2022\/06\/24\/bit-ce-zitarica-i-povrca-ali-ratari-se-boje-slabih-uroda\/#primaryimage"},"thumbnailUrl":"https:\/\/radioljubuski.ba\/wp-content\/uploads\/2022\/06\/10-2022-06-23-20-12-32-Snimka-zaslona-2022-06-23-201126.jpg","datePublished":"2022-06-24T13:12:44+00:00","dateModified":"2022-06-24T13:12:45+00:00","breadcrumb":{"@id":"https:\/\/radioljubuski.ba\/index.php\/2022\/06\/24\/bit-ce-zitarica-i-povrca-ali-ratari-se-boje-slabih-uroda\/#breadcrumb"},"inLanguage":"hr","potentialAction":[{"@type":"ReadAction","target":["https:\/\/radioljubuski.ba\/index.php\/2022\/06\/24\/bit-ce-zitarica-i-povrca-ali-ratari-se-boje-slabih-uroda\/"]}]},{"@type":"ImageObject","inLanguage":"hr","@id":"https:\/\/radioljubuski.ba\/index.php\/2022\/06\/24\/bit-ce-zitarica-i-povrca-ali-ratari-se-boje-slabih-uroda\/#primaryimage","url":"https:\/\/radioljubuski.ba\/wp-content\/uploads\/2022\/06\/10-2022-06-23-20-12-32-Snimka-zaslona-2022-06-23-201126.jpg","contentUrl":"https:\/\/radioljubuski.ba\/wp-content\/uploads\/2022\/06\/10-2022-06-23-20-12-32-Snimka-zaslona-2022-06-23-201126.jpg","width":1000,"height":625},{"@type":"BreadcrumbList","@id":"https:\/\/radioljubuski.ba\/index.php\/2022\/06\/24\/bit-ce-zitarica-i-povrca-ali-ratari-se-boje-slabih-uroda\/#breadcrumb","itemListElement":[{"@type":"ListItem","position":1,"name":"Po\u010detna stranica","item":"https:\/\/radioljubuski.ba\/"},{"@type":"ListItem","position":2,"name":"Bit \u0107e \u017eitarica i povr\u0107a, ali ratari se boje slabih uroda"}]},{"@type":"WebSite","@id":"https:\/\/radioljubuski.ba\/#website","url":"https:\/\/radioljubuski.ba\/","name":"Radio Ljubu\u0161ki","description":"Sun\u010dana frekvencija Hercegovine","publisher":{"@id":"https:\/\/radioljubuski.ba\/#organization"},"potentialAction":[{"@type":"SearchAction","target":{"@type":"EntryPoint","urlTemplate":"https:\/\/radioljubuski.ba\/?s={search_term_string}"},"query-input":{"@type":"PropertyValueSpecification","valueRequired":true,"valueName":"search_term_string"}}],"inLanguage":"hr"},{"@type":"Organization","@id":"https:\/\/radioljubuski.ba\/#organization","name":"Radio Ljubu\u0161ki","url":"https:\/\/radioljubuski.ba\/","logo":{"@type":"ImageObject","inLanguage":"hr","@id":"https:\/\/radioljubuski.ba\/#\/schema\/logo\/image\/","url":"https:\/\/radioljubuski.ba\/wp-content\/uploads\/2021\/02\/cropped-Radio_Ljubuski_logo1.jpg","contentUrl":"https:\/\/radioljubuski.ba\/wp-content\/uploads\/2021\/02\/cropped-Radio_Ljubuski_logo1.jpg","width":512,"height":512,"caption":"Radio Ljubu\u0161ki"},"image":{"@id":"https:\/\/radioljubuski.ba\/#\/schema\/logo\/image\/"},"sameAs":["https:\/\/www.facebook.com\/Radiio-Ljubuski-1490835324566332","https:\/\/x.com\/radioljubuski","https:\/\/hr.linkedin.com\/company\/radio-ljubuski","https:\/\/www.youtube.com\/channel\/UCHYaeO_n0Db3tjNGudGpXyw"]},{"@type":"Person","@id":"https:\/\/radioljubuski.ba\/#\/schema\/person\/19fc700381a780f69665d7956c469e3b","name":"Radio Ljubu\u0161ki"}]}},"_links":{"self":[{"href":"https:\/\/radioljubuski.ba\/index.php\/wp-json\/wp\/v2\/posts\/152998","targetHints":{"allow":["GET"]}}],"collection":[{"href":"https:\/\/radioljubuski.ba\/index.php\/wp-json\/wp\/v2\/posts"}],"about":[{"href":"https:\/\/radioljubuski.ba\/index.php\/wp-json\/wp\/v2\/types\/post"}],"author":[{"embeddable":true,"href":"https:\/\/radioljubuski.ba\/index.php\/wp-json\/wp\/v2\/users\/2"}],"replies":[{"embeddable":true,"href":"https:\/\/radioljubuski.ba\/index.php\/wp-json\/wp\/v2\/comments?post=152998"}],"version-history":[{"count":1,"href":"https:\/\/radioljubuski.ba\/index.php\/wp-json\/wp\/v2\/posts\/152998\/revisions"}],"predecessor-version":[{"id":153000,"href":"https:\/\/radioljubuski.ba\/index.php\/wp-json\/wp\/v2\/posts\/152998\/revisions\/153000"}],"wp:featuredmedia":[{"embeddable":true,"href":"https:\/\/radioljubuski.ba\/index.php\/wp-json\/wp\/v2\/media\/152999"}],"wp:attachment":[{"href":"https:\/\/radioljubuski.ba\/index.php\/wp-json\/wp\/v2\/media?parent=152998"}],"wp:term":[{"taxonomy":"category","embeddable":true,"href":"https:\/\/radioljubuski.ba\/index.php\/wp-json\/wp\/v2\/categories?post=152998"},{"taxonomy":"post_tag","embeddable":true,"href":"https:\/\/radioljubuski.ba\/index.php\/wp-json\/wp\/v2\/tags?post=152998"}],"curies":[{"name":"wp","href":"https:\/\/api.w.org\/{rel}","templated":true}]}}