{"id":153,"date":"2021-02-24T18:38:41","date_gmt":"2021-02-24T18:38:41","guid":{"rendered":"https:\/\/radioljubuski.ba\/?p=153"},"modified":"2021-02-24T18:38:43","modified_gmt":"2021-02-24T18:38:43","slug":"bih-je-narucila-platila-i-osigurala-sve-uvjete-za-prihvat-cjepiva","status":"publish","type":"post","link":"https:\/\/radioljubuski.ba\/index.php\/2021\/02\/24\/bih-je-narucila-platila-i-osigurala-sve-uvjete-za-prihvat-cjepiva\/","title":{"rendered":"BiH je naru\u010dila, platila i osigurala sve uvjete za prihvat cjepiva"},"content":{"rendered":"\n<p><strong>Ministarstvo civilnih poslova BiH oglasilo se priop\u0107enjem za javnost u vezi s isporukom cjepiva kupljenog kroz COVAX mehanizam.<\/strong><\/p>\n\n\n\n<p>Nakon natpisa u pojedinim medijima da Bosna i Hercegovina ne\u0107e dobiti cjepivo putem COVAX mehanizma do travnja, jer BiH nije ispunila tra\u017eene uvjete, obavje\u0161tavaju da je Bosna i Hercegovina ispunila sve obveze sukladno zahtjevima COVAX mehanizma.<\/p>\n\n\n\n<p>\u201cU tra\u017eenom roku je izvr\u0161ena uplata kompletnog iznosa za naru\u010denih 1.232.000 doza. Za potrebe po\u0161tivanja procedure ultra-hladnog lanca u ovom trenutku BiH raspola\u017ee hladnjacima za prihvat preko milijun i 100.000 doza Pfizerovog cjepiva. Svi hladnjaci su kalibrirani i mapirani od strane akreditiranih laboratorija i samim tim ve\u0107 uvelike spremni za dolazak cjepiva\u201c, navode iz Ministarstva civilnih poslova.<\/p>\n\n\n\n<p>Za potrebe uvoza identificirali su relevantne institucije, te, kako ka\u017eu, stavili ih na raspolaganje 24\/7 te donijeli Odluku o koordinaciji procedura interventnog uvoza lijekova namijenjenih lije\u010denju ili sprje\u010davanju zarazne bolesti izazvane virusom SARS-CoV-2 koju provodi Ministarstvo civilnih poslova BiH.<\/p>\n\n\n\n<p>\u201cDefiniranim hodogramom nadolaze\u0107ih aktivnosti, odre\u0111enim prioritetnim skupinama za cijepljenje, usvojenim planovima cijepljenja, oja\u010danim kapacitetima ultra-hladnih lanaca za prihvat na dana\u0161nji dan preko 1.100.000 doza Pfizer-ovog cjepiva, utvr\u0111enim na\u010dinom ulaska cjepiva u BiH, odre\u0111enim veleprometnikom koji \u0107e izvr\u0161iti usluge uvoza, pohrane i distribucije cjepiva i koji se nalazi u registru Agencije za lijekove i medicinska sredstva BiH sa potrebnim GDP certifikatom, potvrdili smo svoju spremnost\u201d, isti\u010du.<\/p>\n\n\n\n<p>Spremnost Bosne i Hercegovine za prihvat Pfizer cjepiva potvr\u0111ena je od COVAX-a, UNICEF-a i zadnjim izvje\u0161\u0107em Svjetske zdravstvene organizacije Regionalni ured za Europu u kojem, kako ka\u017eu, nedvosmisleno stoji da je BiH spremna za prihvat kupljene i pla\u0107ene koli\u010dine cjepiva Pfizer proizvo\u0111a\u010da.<\/p>\n\n\n\n<p>\u201cU korist tome govori i podatak da je ve\u0107 odre\u0111ena koli\u010dina prve alokacije za BiH. Uvezane su sve relevantne institucije za prihvat, Vije\u0107e ministara, Ministarstvo civilnih poslova, nadle\u017ena institucije entiteta i Br\u010dko distrikta, zavodi i instituti, Agencija za lijekove i medicinska sredstava BiH, Uprava za neizravno oporezivanje, Me\u0111unarodni aerodrom u Sarajevu kao to\u010dka ulaska u BiH\u2026\u201d, navode iz Ministarstva civilnih poslova.<\/p>\n\n\n\n<p>Dakle, Bosna i Hercegovina je, dalje navode, naru\u010dila, platila i osigurala sve uvjete za prihvat cjepiva.<\/p>\n\n\n\n<p>\u201cSvi do sada postavljeni uvjeti su ispunjeni, a pred BiH se postavljaju novi zahtjevi proizvo\u0111a\u010da cjepiva \u0161to nas navodi na pomisao da se radi o kupnji vremena uslijed nedovoljne proizvodnje na globalnoj razini\u201d, isti\u010du iz Ministarstva civilnih poslova BiH.<\/p>\n\n\n\n<p>Pozivaju COVAX, SZO, UNICEF i proizvo\u0111a\u010de cjepiva da do\u0111u u BiH i osobno se ponovno uvjere u spremnost za prihvat bilo kojeg cjepiva, umjesto \u0161to se iznova postavljaju dodatni uvjeti koji samo prolongiraju isporuku.<\/p>\n\n\n\n<p>\u201cPodsje\u0107amo da se najnovije pismo GAVI tajni\u0161tva odnosi na nove zahtjeve Pfizer-a u svezi s distribucijom njihovog cjepiva. U pismu se navodi da je proizvo\u0111a\u010d cjepiva Pfizer zatra\u017eio dodatne i izravne razgovore sa svim zemljama identificiranim za prijem cjepiva u prvom valu, a na temu dodatne kontrole uspostavljenih hladnih lanaca kao i pravno administrativnih procedura\u201d, zaklju\u010duju iz Ministarstva civilnih poslova BiH.<\/p>\n\n\n\n<p><strong>Izvor: HMS<\/strong><\/p>\n","protected":false},"excerpt":{"rendered":"<p>Ministarstvo civilnih poslova BiH oglasilo se priop\u0107enjem za javnost u vezi s isporukom cjepiva kupljenog kroz COVAX mehanizam. Nakon natpisa u pojedinim medijima da Bosna i Hercegovina ne\u0107e dobiti cjepivo putem COVAX mehanizma do travnja, jer BiH nije ispunila tra\u017eene uvjete, obavje\u0161tavaju da je Bosna i Hercegovina ispunila sve obveze sukladno zahtjevima COVAX mehanizma. \u201cU [&hellip;]<\/p>\n","protected":false},"author":2,"featured_media":154,"comment_status":"closed","ping_status":"closed","sticky":false,"template":"","format":"standard","meta":{"h5ap_radio_sources":[],"footnotes":""},"categories":[1],"tags":[],"class_list":["post-153","post","type-post","status-publish","format-standard","has-post-thumbnail","hentry","category-bihiregija"],"yoast_head":"<!-- This site is optimized with the Yoast SEO plugin v27.5 - https:\/\/yoast.com\/product\/yoast-seo-wordpress\/ -->\n<title>BiH je naru\u010dila, platila i osigurala sve uvjete za prihvat cjepiva - RADIO LJUBU\u0160KI<\/title>\n<meta name=\"robots\" content=\"index, follow, max-snippet:-1, max-image-preview:large, max-video-preview:-1\" \/>\n<link rel=\"canonical\" href=\"https:\/\/radioljubuski.ba\/index.php\/2021\/02\/24\/bih-je-narucila-platila-i-osigurala-sve-uvjete-za-prihvat-cjepiva\/\" \/>\n<meta property=\"og:locale\" content=\"hr_HR\" \/>\n<meta property=\"og:type\" content=\"article\" \/>\n<meta property=\"og:title\" content=\"BiH je naru\u010dila, platila i osigurala sve uvjete za prihvat cjepiva - RADIO LJUBU\u0160KI\" \/>\n<meta property=\"og:description\" content=\"Ministarstvo civilnih poslova BiH oglasilo se priop\u0107enjem za javnost u vezi s isporukom cjepiva kupljenog kroz COVAX mehanizam. Nakon natpisa u pojedinim medijima da Bosna i Hercegovina ne\u0107e dobiti cjepivo putem COVAX mehanizma do travnja, jer BiH nije ispunila tra\u017eene uvjete, obavje\u0161tavaju da je Bosna i Hercegovina ispunila sve obveze sukladno zahtjevima COVAX mehanizma. \u201cU [&hellip;]\" \/>\n<meta property=\"og:url\" content=\"https:\/\/radioljubuski.ba\/index.php\/2021\/02\/24\/bih-je-narucila-platila-i-osigurala-sve-uvjete-za-prihvat-cjepiva\/\" \/>\n<meta property=\"og:site_name\" content=\"RADIO LJUBU\u0160KI\" \/>\n<meta property=\"article:publisher\" content=\"https:\/\/www.facebook.com\/Radiio-Ljubuski-1490835324566332\" \/>\n<meta property=\"article:published_time\" content=\"2021-02-24T18:38:41+00:00\" \/>\n<meta property=\"article:modified_time\" content=\"2021-02-24T18:38:43+00:00\" \/>\n<meta property=\"og:image\" content=\"https:\/\/radioljubuski.ba\/wp-content\/uploads\/2021\/02\/ankica-gudeljevic.jpg\" \/>\n\t<meta property=\"og:image:width\" content=\"840\" \/>\n\t<meta property=\"og:image:height\" content=\"470\" \/>\n\t<meta property=\"og:image:type\" content=\"image\/jpeg\" \/>\n<meta name=\"author\" content=\"Radio Ljubu\u0161ki\" \/>\n<meta name=\"twitter:card\" content=\"summary_large_image\" \/>\n<meta name=\"twitter:creator\" content=\"@radioljubuski\" \/>\n<meta name=\"twitter:site\" content=\"@radioljubuski\" \/>\n<meta name=\"twitter:label1\" content=\"Napisao\/la\" \/>\n\t<meta name=\"twitter:data1\" content=\"Radio Ljubu\u0161ki\" \/>\n\t<meta name=\"twitter:label2\" content=\"Procijenjeno vrijeme \u010ditanja\" \/>\n\t<meta name=\"twitter:data2\" content=\"3 minute\" \/>\n<script type=\"application\/ld+json\" class=\"yoast-schema-graph\">{\"@context\":\"https:\\\/\\\/schema.org\",\"@graph\":[{\"@type\":\"Article\",\"@id\":\"https:\\\/\\\/radioljubuski.ba\\\/index.php\\\/2021\\\/02\\\/24\\\/bih-je-narucila-platila-i-osigurala-sve-uvjete-za-prihvat-cjepiva\\\/#article\",\"isPartOf\":{\"@id\":\"https:\\\/\\\/radioljubuski.ba\\\/index.php\\\/2021\\\/02\\\/24\\\/bih-je-narucila-platila-i-osigurala-sve-uvjete-za-prihvat-cjepiva\\\/\"},\"author\":{\"name\":\"Radio Ljubu\u0161ki\",\"@id\":\"https:\\\/\\\/radioljubuski.ba\\\/#\\\/schema\\\/person\\\/19fc700381a780f69665d7956c469e3b\"},\"headline\":\"BiH je naru\u010dila, platila i osigurala sve uvjete za prihvat cjepiva\",\"datePublished\":\"2021-02-24T18:38:41+00:00\",\"dateModified\":\"2021-02-24T18:38:43+00:00\",\"mainEntityOfPage\":{\"@id\":\"https:\\\/\\\/radioljubuski.ba\\\/index.php\\\/2021\\\/02\\\/24\\\/bih-je-narucila-platila-i-osigurala-sve-uvjete-za-prihvat-cjepiva\\\/\"},\"wordCount\":525,\"publisher\":{\"@id\":\"https:\\\/\\\/radioljubuski.ba\\\/#organization\"},\"image\":{\"@id\":\"https:\\\/\\\/radioljubuski.ba\\\/index.php\\\/2021\\\/02\\\/24\\\/bih-je-narucila-platila-i-osigurala-sve-uvjete-za-prihvat-cjepiva\\\/#primaryimage\"},\"thumbnailUrl\":\"https:\\\/\\\/radioljubuski.ba\\\/wp-content\\\/uploads\\\/2021\\\/02\\\/ankica-gudeljevic.jpg\",\"articleSection\":[\"BIH i regija\"],\"inLanguage\":\"hr\"},{\"@type\":\"WebPage\",\"@id\":\"https:\\\/\\\/radioljubuski.ba\\\/index.php\\\/2021\\\/02\\\/24\\\/bih-je-narucila-platila-i-osigurala-sve-uvjete-za-prihvat-cjepiva\\\/\",\"url\":\"https:\\\/\\\/radioljubuski.ba\\\/index.php\\\/2021\\\/02\\\/24\\\/bih-je-narucila-platila-i-osigurala-sve-uvjete-za-prihvat-cjepiva\\\/\",\"name\":\"BiH je naru\u010dila, platila i osigurala sve uvjete za prihvat cjepiva - RADIO LJUBU\u0160KI\",\"isPartOf\":{\"@id\":\"https:\\\/\\\/radioljubuski.ba\\\/#website\"},\"primaryImageOfPage\":{\"@id\":\"https:\\\/\\\/radioljubuski.ba\\\/index.php\\\/2021\\\/02\\\/24\\\/bih-je-narucila-platila-i-osigurala-sve-uvjete-za-prihvat-cjepiva\\\/#primaryimage\"},\"image\":{\"@id\":\"https:\\\/\\\/radioljubuski.ba\\\/index.php\\\/2021\\\/02\\\/24\\\/bih-je-narucila-platila-i-osigurala-sve-uvjete-za-prihvat-cjepiva\\\/#primaryimage\"},\"thumbnailUrl\":\"https:\\\/\\\/radioljubuski.ba\\\/wp-content\\\/uploads\\\/2021\\\/02\\\/ankica-gudeljevic.jpg\",\"datePublished\":\"2021-02-24T18:38:41+00:00\",\"dateModified\":\"2021-02-24T18:38:43+00:00\",\"breadcrumb\":{\"@id\":\"https:\\\/\\\/radioljubuski.ba\\\/index.php\\\/2021\\\/02\\\/24\\\/bih-je-narucila-platila-i-osigurala-sve-uvjete-za-prihvat-cjepiva\\\/#breadcrumb\"},\"inLanguage\":\"hr\",\"potentialAction\":[{\"@type\":\"ReadAction\",\"target\":[\"https:\\\/\\\/radioljubuski.ba\\\/index.php\\\/2021\\\/02\\\/24\\\/bih-je-narucila-platila-i-osigurala-sve-uvjete-za-prihvat-cjepiva\\\/\"]}]},{\"@type\":\"ImageObject\",\"inLanguage\":\"hr\",\"@id\":\"https:\\\/\\\/radioljubuski.ba\\\/index.php\\\/2021\\\/02\\\/24\\\/bih-je-narucila-platila-i-osigurala-sve-uvjete-za-prihvat-cjepiva\\\/#primaryimage\",\"url\":\"https:\\\/\\\/radioljubuski.ba\\\/wp-content\\\/uploads\\\/2021\\\/02\\\/ankica-gudeljevic.jpg\",\"contentUrl\":\"https:\\\/\\\/radioljubuski.ba\\\/wp-content\\\/uploads\\\/2021\\\/02\\\/ankica-gudeljevic.jpg\",\"width\":840,\"height\":470},{\"@type\":\"BreadcrumbList\",\"@id\":\"https:\\\/\\\/radioljubuski.ba\\\/index.php\\\/2021\\\/02\\\/24\\\/bih-je-narucila-platila-i-osigurala-sve-uvjete-za-prihvat-cjepiva\\\/#breadcrumb\",\"itemListElement\":[{\"@type\":\"ListItem\",\"position\":1,\"name\":\"Po\u010detna stranica\",\"item\":\"https:\\\/\\\/radioljubuski.ba\\\/\"},{\"@type\":\"ListItem\",\"position\":2,\"name\":\"BiH je naru\u010dila, platila i osigurala sve uvjete za prihvat cjepiva\"}]},{\"@type\":\"WebSite\",\"@id\":\"https:\\\/\\\/radioljubuski.ba\\\/#website\",\"url\":\"https:\\\/\\\/radioljubuski.ba\\\/\",\"name\":\"Radio Ljubu\u0161ki\",\"description\":\"Sun\u010dana frekvencija Hercegovine\",\"publisher\":{\"@id\":\"https:\\\/\\\/radioljubuski.ba\\\/#organization\"},\"potentialAction\":[{\"@type\":\"SearchAction\",\"target\":{\"@type\":\"EntryPoint\",\"urlTemplate\":\"https:\\\/\\\/radioljubuski.ba\\\/?s={search_term_string}\"},\"query-input\":{\"@type\":\"PropertyValueSpecification\",\"valueRequired\":true,\"valueName\":\"search_term_string\"}}],\"inLanguage\":\"hr\"},{\"@type\":\"Organization\",\"@id\":\"https:\\\/\\\/radioljubuski.ba\\\/#organization\",\"name\":\"Radio Ljubu\u0161ki\",\"url\":\"https:\\\/\\\/radioljubuski.ba\\\/\",\"logo\":{\"@type\":\"ImageObject\",\"inLanguage\":\"hr\",\"@id\":\"https:\\\/\\\/radioljubuski.ba\\\/#\\\/schema\\\/logo\\\/image\\\/\",\"url\":\"https:\\\/\\\/radioljubuski.ba\\\/wp-content\\\/uploads\\\/2021\\\/02\\\/cropped-Radio_Ljubuski_logo1.jpg\",\"contentUrl\":\"https:\\\/\\\/radioljubuski.ba\\\/wp-content\\\/uploads\\\/2021\\\/02\\\/cropped-Radio_Ljubuski_logo1.jpg\",\"width\":512,\"height\":512,\"caption\":\"Radio Ljubu\u0161ki\"},\"image\":{\"@id\":\"https:\\\/\\\/radioljubuski.ba\\\/#\\\/schema\\\/logo\\\/image\\\/\"},\"sameAs\":[\"https:\\\/\\\/www.facebook.com\\\/Radiio-Ljubuski-1490835324566332\",\"https:\\\/\\\/x.com\\\/radioljubuski\",\"https:\\\/\\\/hr.linkedin.com\\\/company\\\/radio-ljubuski\",\"https:\\\/\\\/www.youtube.com\\\/channel\\\/UCHYaeO_n0Db3tjNGudGpXyw\"]},{\"@type\":\"Person\",\"@id\":\"https:\\\/\\\/radioljubuski.ba\\\/#\\\/schema\\\/person\\\/19fc700381a780f69665d7956c469e3b\",\"name\":\"Radio Ljubu\u0161ki\"}]}<\/script>\n<!-- \/ Yoast SEO plugin. -->","yoast_head_json":{"title":"BiH je naru\u010dila, platila i osigurala sve uvjete za prihvat cjepiva - RADIO LJUBU\u0160KI","robots":{"index":"index","follow":"follow","max-snippet":"max-snippet:-1","max-image-preview":"max-image-preview:large","max-video-preview":"max-video-preview:-1"},"canonical":"https:\/\/radioljubuski.ba\/index.php\/2021\/02\/24\/bih-je-narucila-platila-i-osigurala-sve-uvjete-za-prihvat-cjepiva\/","og_locale":"hr_HR","og_type":"article","og_title":"BiH je naru\u010dila, platila i osigurala sve uvjete za prihvat cjepiva - RADIO LJUBU\u0160KI","og_description":"Ministarstvo civilnih poslova BiH oglasilo se priop\u0107enjem za javnost u vezi s isporukom cjepiva kupljenog kroz COVAX mehanizam. Nakon natpisa u pojedinim medijima da Bosna i Hercegovina ne\u0107e dobiti cjepivo putem COVAX mehanizma do travnja, jer BiH nije ispunila tra\u017eene uvjete, obavje\u0161tavaju da je Bosna i Hercegovina ispunila sve obveze sukladno zahtjevima COVAX mehanizma. \u201cU [&hellip;]","og_url":"https:\/\/radioljubuski.ba\/index.php\/2021\/02\/24\/bih-je-narucila-platila-i-osigurala-sve-uvjete-za-prihvat-cjepiva\/","og_site_name":"RADIO LJUBU\u0160KI","article_publisher":"https:\/\/www.facebook.com\/Radiio-Ljubuski-1490835324566332","article_published_time":"2021-02-24T18:38:41+00:00","article_modified_time":"2021-02-24T18:38:43+00:00","og_image":[{"width":840,"height":470,"url":"https:\/\/radioljubuski.ba\/wp-content\/uploads\/2021\/02\/ankica-gudeljevic.jpg","type":"image\/jpeg"}],"author":"Radio Ljubu\u0161ki","twitter_card":"summary_large_image","twitter_creator":"@radioljubuski","twitter_site":"@radioljubuski","twitter_misc":{"Napisao\/la":"Radio Ljubu\u0161ki","Procijenjeno vrijeme \u010ditanja":"3 minute"},"schema":{"@context":"https:\/\/schema.org","@graph":[{"@type":"Article","@id":"https:\/\/radioljubuski.ba\/index.php\/2021\/02\/24\/bih-je-narucila-platila-i-osigurala-sve-uvjete-za-prihvat-cjepiva\/#article","isPartOf":{"@id":"https:\/\/radioljubuski.ba\/index.php\/2021\/02\/24\/bih-je-narucila-platila-i-osigurala-sve-uvjete-za-prihvat-cjepiva\/"},"author":{"name":"Radio Ljubu\u0161ki","@id":"https:\/\/radioljubuski.ba\/#\/schema\/person\/19fc700381a780f69665d7956c469e3b"},"headline":"BiH je naru\u010dila, platila i osigurala sve uvjete za prihvat cjepiva","datePublished":"2021-02-24T18:38:41+00:00","dateModified":"2021-02-24T18:38:43+00:00","mainEntityOfPage":{"@id":"https:\/\/radioljubuski.ba\/index.php\/2021\/02\/24\/bih-je-narucila-platila-i-osigurala-sve-uvjete-za-prihvat-cjepiva\/"},"wordCount":525,"publisher":{"@id":"https:\/\/radioljubuski.ba\/#organization"},"image":{"@id":"https:\/\/radioljubuski.ba\/index.php\/2021\/02\/24\/bih-je-narucila-platila-i-osigurala-sve-uvjete-za-prihvat-cjepiva\/#primaryimage"},"thumbnailUrl":"https:\/\/radioljubuski.ba\/wp-content\/uploads\/2021\/02\/ankica-gudeljevic.jpg","articleSection":["BIH i regija"],"inLanguage":"hr"},{"@type":"WebPage","@id":"https:\/\/radioljubuski.ba\/index.php\/2021\/02\/24\/bih-je-narucila-platila-i-osigurala-sve-uvjete-za-prihvat-cjepiva\/","url":"https:\/\/radioljubuski.ba\/index.php\/2021\/02\/24\/bih-je-narucila-platila-i-osigurala-sve-uvjete-za-prihvat-cjepiva\/","name":"BiH je naru\u010dila, platila i osigurala sve uvjete za prihvat cjepiva - RADIO LJUBU\u0160KI","isPartOf":{"@id":"https:\/\/radioljubuski.ba\/#website"},"primaryImageOfPage":{"@id":"https:\/\/radioljubuski.ba\/index.php\/2021\/02\/24\/bih-je-narucila-platila-i-osigurala-sve-uvjete-za-prihvat-cjepiva\/#primaryimage"},"image":{"@id":"https:\/\/radioljubuski.ba\/index.php\/2021\/02\/24\/bih-je-narucila-platila-i-osigurala-sve-uvjete-za-prihvat-cjepiva\/#primaryimage"},"thumbnailUrl":"https:\/\/radioljubuski.ba\/wp-content\/uploads\/2021\/02\/ankica-gudeljevic.jpg","datePublished":"2021-02-24T18:38:41+00:00","dateModified":"2021-02-24T18:38:43+00:00","breadcrumb":{"@id":"https:\/\/radioljubuski.ba\/index.php\/2021\/02\/24\/bih-je-narucila-platila-i-osigurala-sve-uvjete-za-prihvat-cjepiva\/#breadcrumb"},"inLanguage":"hr","potentialAction":[{"@type":"ReadAction","target":["https:\/\/radioljubuski.ba\/index.php\/2021\/02\/24\/bih-je-narucila-platila-i-osigurala-sve-uvjete-za-prihvat-cjepiva\/"]}]},{"@type":"ImageObject","inLanguage":"hr","@id":"https:\/\/radioljubuski.ba\/index.php\/2021\/02\/24\/bih-je-narucila-platila-i-osigurala-sve-uvjete-za-prihvat-cjepiva\/#primaryimage","url":"https:\/\/radioljubuski.ba\/wp-content\/uploads\/2021\/02\/ankica-gudeljevic.jpg","contentUrl":"https:\/\/radioljubuski.ba\/wp-content\/uploads\/2021\/02\/ankica-gudeljevic.jpg","width":840,"height":470},{"@type":"BreadcrumbList","@id":"https:\/\/radioljubuski.ba\/index.php\/2021\/02\/24\/bih-je-narucila-platila-i-osigurala-sve-uvjete-za-prihvat-cjepiva\/#breadcrumb","itemListElement":[{"@type":"ListItem","position":1,"name":"Po\u010detna stranica","item":"https:\/\/radioljubuski.ba\/"},{"@type":"ListItem","position":2,"name":"BiH je naru\u010dila, platila i osigurala sve uvjete za prihvat cjepiva"}]},{"@type":"WebSite","@id":"https:\/\/radioljubuski.ba\/#website","url":"https:\/\/radioljubuski.ba\/","name":"Radio Ljubu\u0161ki","description":"Sun\u010dana frekvencija Hercegovine","publisher":{"@id":"https:\/\/radioljubuski.ba\/#organization"},"potentialAction":[{"@type":"SearchAction","target":{"@type":"EntryPoint","urlTemplate":"https:\/\/radioljubuski.ba\/?s={search_term_string}"},"query-input":{"@type":"PropertyValueSpecification","valueRequired":true,"valueName":"search_term_string"}}],"inLanguage":"hr"},{"@type":"Organization","@id":"https:\/\/radioljubuski.ba\/#organization","name":"Radio Ljubu\u0161ki","url":"https:\/\/radioljubuski.ba\/","logo":{"@type":"ImageObject","inLanguage":"hr","@id":"https:\/\/radioljubuski.ba\/#\/schema\/logo\/image\/","url":"https:\/\/radioljubuski.ba\/wp-content\/uploads\/2021\/02\/cropped-Radio_Ljubuski_logo1.jpg","contentUrl":"https:\/\/radioljubuski.ba\/wp-content\/uploads\/2021\/02\/cropped-Radio_Ljubuski_logo1.jpg","width":512,"height":512,"caption":"Radio Ljubu\u0161ki"},"image":{"@id":"https:\/\/radioljubuski.ba\/#\/schema\/logo\/image\/"},"sameAs":["https:\/\/www.facebook.com\/Radiio-Ljubuski-1490835324566332","https:\/\/x.com\/radioljubuski","https:\/\/hr.linkedin.com\/company\/radio-ljubuski","https:\/\/www.youtube.com\/channel\/UCHYaeO_n0Db3tjNGudGpXyw"]},{"@type":"Person","@id":"https:\/\/radioljubuski.ba\/#\/schema\/person\/19fc700381a780f69665d7956c469e3b","name":"Radio Ljubu\u0161ki"}]}},"_links":{"self":[{"href":"https:\/\/radioljubuski.ba\/index.php\/wp-json\/wp\/v2\/posts\/153","targetHints":{"allow":["GET"]}}],"collection":[{"href":"https:\/\/radioljubuski.ba\/index.php\/wp-json\/wp\/v2\/posts"}],"about":[{"href":"https:\/\/radioljubuski.ba\/index.php\/wp-json\/wp\/v2\/types\/post"}],"author":[{"embeddable":true,"href":"https:\/\/radioljubuski.ba\/index.php\/wp-json\/wp\/v2\/users\/2"}],"replies":[{"embeddable":true,"href":"https:\/\/radioljubuski.ba\/index.php\/wp-json\/wp\/v2\/comments?post=153"}],"version-history":[{"count":1,"href":"https:\/\/radioljubuski.ba\/index.php\/wp-json\/wp\/v2\/posts\/153\/revisions"}],"predecessor-version":[{"id":155,"href":"https:\/\/radioljubuski.ba\/index.php\/wp-json\/wp\/v2\/posts\/153\/revisions\/155"}],"wp:featuredmedia":[{"embeddable":true,"href":"https:\/\/radioljubuski.ba\/index.php\/wp-json\/wp\/v2\/media\/154"}],"wp:attachment":[{"href":"https:\/\/radioljubuski.ba\/index.php\/wp-json\/wp\/v2\/media?parent=153"}],"wp:term":[{"taxonomy":"category","embeddable":true,"href":"https:\/\/radioljubuski.ba\/index.php\/wp-json\/wp\/v2\/categories?post=153"},{"taxonomy":"post_tag","embeddable":true,"href":"https:\/\/radioljubuski.ba\/index.php\/wp-json\/wp\/v2\/tags?post=153"}],"curies":[{"name":"wp","href":"https:\/\/api.w.org\/{rel}","templated":true}]}}