{"id":153010,"date":"2022-06-24T15:40:20","date_gmt":"2022-06-24T14:40:20","guid":{"rendered":"https:\/\/radioljubuski.ba\/?p=153010"},"modified":"2022-06-24T15:40:22","modified_gmt":"2022-06-24T14:40:22","slug":"skola-u-prirodi-u-kojoj-djeca-ne-pitaju-koliko-traje-skolski-sat","status":"publish","type":"post","link":"https:\/\/radioljubuski.ba\/index.php\/2022\/06\/24\/skola-u-prirodi-u-kojoj-djeca-ne-pitaju-koliko-traje-skolski-sat\/","title":{"rendered":"\u0160kola u prirodi u kojoj djeca ne pitaju koliko traje \u0161kolski sat"},"content":{"rendered":"\n<p>Daleko od svijeta televizora, interneta, gadgeta, Tik-Toka, Facebooka i PlayStationa\u2026 u prirodnom ozra\u010dju u kojem se \u010duju huk vjetra, pjesma zrikavaca, isprekidano kliktanje orla, \u0161irokobrije\u0161ka Udruga za osmijeh na licu svakog djeteta &#8220;Zelenkapica&#8221; i ove godine na novoj lokaciji u Planinarskom domu Parka prirode Blidinje odr\u017eava ljetni edukativni kamp za djecu, pi\u0161e Ve\u010dernji list BiH.&nbsp;<\/p>\n\n\n\n<p>U pitoresknoj dolini okru\u017eenoj planinskim vrhovima Vrana i \u010cvrsnice u nekoliko ljetnih turnusa voditelji kampa pod pedago\u0161kom palicom prof. Vladimira Mikuli\u0107a Vave i Maje Mikuli\u0107 uz pomo\u0107 volontera i ostalog prate\u0107eg osoblja djecu u\u010de novim vje\u0161tinama, zanatima koje im njihovi roditelji ne mogu priu\u0161titi doma ili u\u010ditelji te nastavnici u \u0161kolama.<\/p>\n\n\n\n<p>Sva rasko\u0161 prirode<\/p>\n\n\n\n<p>Za razliku od ve\u0107ine njihovih vr\u0161njaka koji leptira, pticu ili ribu vi\u0111aju u slikovnicama, na TV ekranima, polaznici ljetnog kampa &#8220;Zelenkapica&#8221; sve to mogu u svojoj prirodnoj rasko\u0161i osjetiti u\u017eivo.<\/p>\n\n\n\n<p>&#8211; Ljetni kamp &#8220;Zelenkapica&#8221; zami\u0161ljen je kao mala \u0161kola u prirodi. Ova mala \u0161kola u\u010di, prije svega, voljeti i \u010duvati prirodu te \u017eivjeti u skladu s prirodom. Poku\u0161avamo ponoviti kako se igrati i zabavljati bez laptopa, tableta i mobitela, barem u vrijeme trajanja kampa. U\u010dimo djecu kako izgleda stvarno dru\u017eenje s vr\u0161njacima i koliko su va\u017ena prijateljstva te sli\u010dne vrijednosti koje polako zaboravljamo.<\/p>\n\n\n\n<p>Djeca u\u010de kroz igru, stalno su u pokretu, upoznaju prirodu, dru\u017ee se, vesele, pjevaju, glume, bave se sportom svaki dan, zdravo se hrane i dobro spavaju na \u010distom planinskom zraku. Na kraju odlaze puni pozitivnih dojmova &#8211; u kratkim crtama oslikava nam temeljnu konstrukciju na kojoj po\u010diva \u0161kola ljetnog kampa &#8220;Zelenkapica&#8221; njegova voditeljica Maja Mikuli\u0107 koja i ove godine zbog ogromnog zanimanja roditelja i djece mora jednostavno reducirati broj polaznika.<\/p>\n\n\n\n<p>Ljetni kamp &#8220;Zelenkapica&#8221; predvi\u0111en je za dob od osam do 15 godina. Nakon \u0161to su pro\u0161li fazu &#8220;inicijacije&#8221;, svi ti polaznici uglavnom nakon 17. godine \u017eivota u kamp se kasnije vra\u0107aju kao volonteri. Cijeli koncept kampa posve\u0107en je prirodi, zdravlju i razvoju dje\u010dje kreativnosti.<\/p>\n\n\n\n<p>Crtanje, ples, modeliranje&#8230;<\/p>\n\n\n\n<p>Od samih prirodnih namirnica koje djeca konzumiraju u kampu, intenzivnog u\u010denja engleskog jezika, niza kreativnih radionica snala\u017eenja &#8211; orijentacije u prirodi, male \u0161kole biologije &#8211; ekologije, recikliranja, \u010di\u0161\u0107enja prirode, \u0161tednje vode, kori\u0161tenja ekolo\u0161kih materijala, radionica za sve avanturiste pod nazivom &#8220;Indiana Jones&#8221; koja se sastoji od obuke za streli\u010darstvo, strelja\u0161tvo do tra\u017eenje skrivenog blaga, koje je posebno zanimljivo mla\u0111im dobnim skupinama.<\/p>\n\n\n\n<p>Me\u0111u nekoliko radionica koje su zastupljene tijekom kampa &#8211; od likovne radionice, literarne, preko filmske, plesne, ove godine voditelji kampa izdvajaju tehni\u010dku radionicu. Tu se, kako isti\u010du, naglasak stavlja na u\u010denje polaznika modelarstvu, obradi materijala koji su uvijek u korelaciji s ostalim nastavnim predmetima.<\/p>\n\n\n\n<p>Radionice su poticajne, razvijaju kreativnost, ma\u0161tu i motoriku, razvoj kriti\u010dkog mi\u0161ljenja i promatranja, lak\u0161e pam\u0107enje, lak\u0161u primjenu nau\u010denog te samostalnost u istra\u017eivanju i zaklju\u010divanju. Sve to za\u010dinjeno je velikim brojem sportskih disciplina, me\u0111u kojima se djecu u\u010di i onim tradicionalnima, a posebno odu\u0161evljenje izaziva \u0161kola jahanja konja kroz prirodu.\u2022<\/p>\n\n\n\n<p>Izvor:vecernji.ba<\/p>\n","protected":false},"excerpt":{"rendered":"<p>Daleko od svijeta televizora, interneta, gadgeta, Tik-Toka, Facebooka i PlayStationa\u2026 u prirodnom ozra\u010dju u kojem se \u010duju huk vjetra, pjesma zrikavaca, isprekidano kliktanje orla, \u0161irokobrije\u0161ka Udruga za osmijeh na licu svakog djeteta &#8220;Zelenkapica&#8221; i ove godine na novoj lokaciji u Planinarskom domu Parka prirode Blidinje odr\u017eava ljetni edukativni kamp za djecu, pi\u0161e Ve\u010dernji list BiH.&nbsp; [&hellip;]<\/p>\n","protected":false},"author":2,"featured_media":153011,"comment_status":"closed","ping_status":"closed","sticky":false,"template":"","format":"standard","meta":{"h5ap_radio_sources":[],"footnotes":""},"categories":[1],"tags":[],"class_list":["post-153010","post","type-post","status-publish","format-standard","has-post-thumbnail","hentry","category-bihiregija"],"yoast_head":"<!-- This site is optimized with the Yoast SEO plugin v27.4 - https:\/\/yoast.com\/product\/yoast-seo-wordpress\/ -->\n<title>\u0160kola u prirodi u kojoj djeca ne pitaju koliko traje \u0161kolski sat - RADIO LJUBU\u0160KI<\/title>\n<meta name=\"robots\" content=\"index, follow, max-snippet:-1, max-image-preview:large, max-video-preview:-1\" \/>\n<link rel=\"canonical\" href=\"https:\/\/radioljubuski.ba\/index.php\/2022\/06\/24\/skola-u-prirodi-u-kojoj-djeca-ne-pitaju-koliko-traje-skolski-sat\/\" \/>\n<meta property=\"og:locale\" content=\"hr_HR\" \/>\n<meta property=\"og:type\" content=\"article\" \/>\n<meta property=\"og:title\" content=\"\u0160kola u prirodi u kojoj djeca ne pitaju koliko traje \u0161kolski sat - RADIO LJUBU\u0160KI\" \/>\n<meta property=\"og:description\" content=\"Daleko od svijeta televizora, interneta, gadgeta, Tik-Toka, Facebooka i PlayStationa\u2026 u prirodnom ozra\u010dju u kojem se \u010duju huk vjetra, pjesma zrikavaca, isprekidano kliktanje orla, \u0161irokobrije\u0161ka Udruga za osmijeh na licu svakog djeteta &#8220;Zelenkapica&#8221; i ove godine na novoj lokaciji u Planinarskom domu Parka prirode Blidinje odr\u017eava ljetni edukativni kamp za djecu, pi\u0161e Ve\u010dernji list BiH.&nbsp; [&hellip;]\" \/>\n<meta property=\"og:url\" content=\"https:\/\/radioljubuski.ba\/index.php\/2022\/06\/24\/skola-u-prirodi-u-kojoj-djeca-ne-pitaju-koliko-traje-skolski-sat\/\" \/>\n<meta property=\"og:site_name\" content=\"RADIO LJUBU\u0160KI\" \/>\n<meta property=\"article:publisher\" content=\"https:\/\/www.facebook.com\/Radiio-Ljubuski-1490835324566332\" \/>\n<meta property=\"article:published_time\" content=\"2022-06-24T14:40:20+00:00\" \/>\n<meta property=\"article:modified_time\" content=\"2022-06-24T14:40:22+00:00\" \/>\n<meta property=\"og:image\" content=\"https:\/\/radioljubuski.ba\/wp-content\/uploads\/2022\/06\/10-2022-06-23-21-20-07-Snimka-zaslona-2022-06-23-211958.jpg\" \/>\n\t<meta property=\"og:image:width\" content=\"1000\" \/>\n\t<meta property=\"og:image:height\" content=\"625\" \/>\n\t<meta property=\"og:image:type\" content=\"image\/jpeg\" \/>\n<meta name=\"author\" content=\"Radio Ljubu\u0161ki\" \/>\n<meta name=\"twitter:card\" content=\"summary_large_image\" \/>\n<meta name=\"twitter:creator\" content=\"@radioljubuski\" \/>\n<meta name=\"twitter:site\" content=\"@radioljubuski\" \/>\n<meta name=\"twitter:label1\" content=\"Napisao\/la\" \/>\n\t<meta name=\"twitter:data1\" content=\"Radio Ljubu\u0161ki\" \/>\n\t<meta name=\"twitter:label2\" content=\"Procijenjeno vrijeme \u010ditanja\" \/>\n\t<meta name=\"twitter:data2\" content=\"3 minute\" \/>\n<script type=\"application\/ld+json\" class=\"yoast-schema-graph\">{\"@context\":\"https:\\\/\\\/schema.org\",\"@graph\":[{\"@type\":\"Article\",\"@id\":\"https:\\\/\\\/radioljubuski.ba\\\/index.php\\\/2022\\\/06\\\/24\\\/skola-u-prirodi-u-kojoj-djeca-ne-pitaju-koliko-traje-skolski-sat\\\/#article\",\"isPartOf\":{\"@id\":\"https:\\\/\\\/radioljubuski.ba\\\/index.php\\\/2022\\\/06\\\/24\\\/skola-u-prirodi-u-kojoj-djeca-ne-pitaju-koliko-traje-skolski-sat\\\/\"},\"author\":{\"name\":\"Radio Ljubu\u0161ki\",\"@id\":\"https:\\\/\\\/radioljubuski.ba\\\/#\\\/schema\\\/person\\\/19fc700381a780f69665d7956c469e3b\"},\"headline\":\"\u0160kola u prirodi u kojoj djeca ne pitaju koliko traje \u0161kolski sat\",\"datePublished\":\"2022-06-24T14:40:20+00:00\",\"dateModified\":\"2022-06-24T14:40:22+00:00\",\"mainEntityOfPage\":{\"@id\":\"https:\\\/\\\/radioljubuski.ba\\\/index.php\\\/2022\\\/06\\\/24\\\/skola-u-prirodi-u-kojoj-djeca-ne-pitaju-koliko-traje-skolski-sat\\\/\"},\"wordCount\":547,\"publisher\":{\"@id\":\"https:\\\/\\\/radioljubuski.ba\\\/#organization\"},\"image\":{\"@id\":\"https:\\\/\\\/radioljubuski.ba\\\/index.php\\\/2022\\\/06\\\/24\\\/skola-u-prirodi-u-kojoj-djeca-ne-pitaju-koliko-traje-skolski-sat\\\/#primaryimage\"},\"thumbnailUrl\":\"https:\\\/\\\/radioljubuski.ba\\\/wp-content\\\/uploads\\\/2022\\\/06\\\/10-2022-06-23-21-20-07-Snimka-zaslona-2022-06-23-211958.jpg\",\"articleSection\":[\"BIH i regija\"],\"inLanguage\":\"hr\"},{\"@type\":\"WebPage\",\"@id\":\"https:\\\/\\\/radioljubuski.ba\\\/index.php\\\/2022\\\/06\\\/24\\\/skola-u-prirodi-u-kojoj-djeca-ne-pitaju-koliko-traje-skolski-sat\\\/\",\"url\":\"https:\\\/\\\/radioljubuski.ba\\\/index.php\\\/2022\\\/06\\\/24\\\/skola-u-prirodi-u-kojoj-djeca-ne-pitaju-koliko-traje-skolski-sat\\\/\",\"name\":\"\u0160kola u prirodi u kojoj djeca ne pitaju koliko traje \u0161kolski sat - RADIO LJUBU\u0160KI\",\"isPartOf\":{\"@id\":\"https:\\\/\\\/radioljubuski.ba\\\/#website\"},\"primaryImageOfPage\":{\"@id\":\"https:\\\/\\\/radioljubuski.ba\\\/index.php\\\/2022\\\/06\\\/24\\\/skola-u-prirodi-u-kojoj-djeca-ne-pitaju-koliko-traje-skolski-sat\\\/#primaryimage\"},\"image\":{\"@id\":\"https:\\\/\\\/radioljubuski.ba\\\/index.php\\\/2022\\\/06\\\/24\\\/skola-u-prirodi-u-kojoj-djeca-ne-pitaju-koliko-traje-skolski-sat\\\/#primaryimage\"},\"thumbnailUrl\":\"https:\\\/\\\/radioljubuski.ba\\\/wp-content\\\/uploads\\\/2022\\\/06\\\/10-2022-06-23-21-20-07-Snimka-zaslona-2022-06-23-211958.jpg\",\"datePublished\":\"2022-06-24T14:40:20+00:00\",\"dateModified\":\"2022-06-24T14:40:22+00:00\",\"breadcrumb\":{\"@id\":\"https:\\\/\\\/radioljubuski.ba\\\/index.php\\\/2022\\\/06\\\/24\\\/skola-u-prirodi-u-kojoj-djeca-ne-pitaju-koliko-traje-skolski-sat\\\/#breadcrumb\"},\"inLanguage\":\"hr\",\"potentialAction\":[{\"@type\":\"ReadAction\",\"target\":[\"https:\\\/\\\/radioljubuski.ba\\\/index.php\\\/2022\\\/06\\\/24\\\/skola-u-prirodi-u-kojoj-djeca-ne-pitaju-koliko-traje-skolski-sat\\\/\"]}]},{\"@type\":\"ImageObject\",\"inLanguage\":\"hr\",\"@id\":\"https:\\\/\\\/radioljubuski.ba\\\/index.php\\\/2022\\\/06\\\/24\\\/skola-u-prirodi-u-kojoj-djeca-ne-pitaju-koliko-traje-skolski-sat\\\/#primaryimage\",\"url\":\"https:\\\/\\\/radioljubuski.ba\\\/wp-content\\\/uploads\\\/2022\\\/06\\\/10-2022-06-23-21-20-07-Snimka-zaslona-2022-06-23-211958.jpg\",\"contentUrl\":\"https:\\\/\\\/radioljubuski.ba\\\/wp-content\\\/uploads\\\/2022\\\/06\\\/10-2022-06-23-21-20-07-Snimka-zaslona-2022-06-23-211958.jpg\",\"width\":1000,\"height\":625},{\"@type\":\"BreadcrumbList\",\"@id\":\"https:\\\/\\\/radioljubuski.ba\\\/index.php\\\/2022\\\/06\\\/24\\\/skola-u-prirodi-u-kojoj-djeca-ne-pitaju-koliko-traje-skolski-sat\\\/#breadcrumb\",\"itemListElement\":[{\"@type\":\"ListItem\",\"position\":1,\"name\":\"Po\u010detna stranica\",\"item\":\"https:\\\/\\\/radioljubuski.ba\\\/\"},{\"@type\":\"ListItem\",\"position\":2,\"name\":\"\u0160kola u prirodi u kojoj djeca ne pitaju koliko traje \u0161kolski sat\"}]},{\"@type\":\"WebSite\",\"@id\":\"https:\\\/\\\/radioljubuski.ba\\\/#website\",\"url\":\"https:\\\/\\\/radioljubuski.ba\\\/\",\"name\":\"Radio Ljubu\u0161ki\",\"description\":\"Sun\u010dana frekvencija Hercegovine\",\"publisher\":{\"@id\":\"https:\\\/\\\/radioljubuski.ba\\\/#organization\"},\"potentialAction\":[{\"@type\":\"SearchAction\",\"target\":{\"@type\":\"EntryPoint\",\"urlTemplate\":\"https:\\\/\\\/radioljubuski.ba\\\/?s={search_term_string}\"},\"query-input\":{\"@type\":\"PropertyValueSpecification\",\"valueRequired\":true,\"valueName\":\"search_term_string\"}}],\"inLanguage\":\"hr\"},{\"@type\":\"Organization\",\"@id\":\"https:\\\/\\\/radioljubuski.ba\\\/#organization\",\"name\":\"Radio Ljubu\u0161ki\",\"url\":\"https:\\\/\\\/radioljubuski.ba\\\/\",\"logo\":{\"@type\":\"ImageObject\",\"inLanguage\":\"hr\",\"@id\":\"https:\\\/\\\/radioljubuski.ba\\\/#\\\/schema\\\/logo\\\/image\\\/\",\"url\":\"https:\\\/\\\/radioljubuski.ba\\\/wp-content\\\/uploads\\\/2021\\\/02\\\/cropped-Radio_Ljubuski_logo1.jpg\",\"contentUrl\":\"https:\\\/\\\/radioljubuski.ba\\\/wp-content\\\/uploads\\\/2021\\\/02\\\/cropped-Radio_Ljubuski_logo1.jpg\",\"width\":512,\"height\":512,\"caption\":\"Radio Ljubu\u0161ki\"},\"image\":{\"@id\":\"https:\\\/\\\/radioljubuski.ba\\\/#\\\/schema\\\/logo\\\/image\\\/\"},\"sameAs\":[\"https:\\\/\\\/www.facebook.com\\\/Radiio-Ljubuski-1490835324566332\",\"https:\\\/\\\/x.com\\\/radioljubuski\",\"https:\\\/\\\/hr.linkedin.com\\\/company\\\/radio-ljubuski\",\"https:\\\/\\\/www.youtube.com\\\/channel\\\/UCHYaeO_n0Db3tjNGudGpXyw\"]},{\"@type\":\"Person\",\"@id\":\"https:\\\/\\\/radioljubuski.ba\\\/#\\\/schema\\\/person\\\/19fc700381a780f69665d7956c469e3b\",\"name\":\"Radio Ljubu\u0161ki\"}]}<\/script>\n<!-- \/ Yoast SEO plugin. -->","yoast_head_json":{"title":"\u0160kola u prirodi u kojoj djeca ne pitaju koliko traje \u0161kolski sat - RADIO LJUBU\u0160KI","robots":{"index":"index","follow":"follow","max-snippet":"max-snippet:-1","max-image-preview":"max-image-preview:large","max-video-preview":"max-video-preview:-1"},"canonical":"https:\/\/radioljubuski.ba\/index.php\/2022\/06\/24\/skola-u-prirodi-u-kojoj-djeca-ne-pitaju-koliko-traje-skolski-sat\/","og_locale":"hr_HR","og_type":"article","og_title":"\u0160kola u prirodi u kojoj djeca ne pitaju koliko traje \u0161kolski sat - RADIO LJUBU\u0160KI","og_description":"Daleko od svijeta televizora, interneta, gadgeta, Tik-Toka, Facebooka i PlayStationa\u2026 u prirodnom ozra\u010dju u kojem se \u010duju huk vjetra, pjesma zrikavaca, isprekidano kliktanje orla, \u0161irokobrije\u0161ka Udruga za osmijeh na licu svakog djeteta &#8220;Zelenkapica&#8221; i ove godine na novoj lokaciji u Planinarskom domu Parka prirode Blidinje odr\u017eava ljetni edukativni kamp za djecu, pi\u0161e Ve\u010dernji list BiH.&nbsp; [&hellip;]","og_url":"https:\/\/radioljubuski.ba\/index.php\/2022\/06\/24\/skola-u-prirodi-u-kojoj-djeca-ne-pitaju-koliko-traje-skolski-sat\/","og_site_name":"RADIO LJUBU\u0160KI","article_publisher":"https:\/\/www.facebook.com\/Radiio-Ljubuski-1490835324566332","article_published_time":"2022-06-24T14:40:20+00:00","article_modified_time":"2022-06-24T14:40:22+00:00","og_image":[{"width":1000,"height":625,"url":"https:\/\/radioljubuski.ba\/wp-content\/uploads\/2022\/06\/10-2022-06-23-21-20-07-Snimka-zaslona-2022-06-23-211958.jpg","type":"image\/jpeg"}],"author":"Radio Ljubu\u0161ki","twitter_card":"summary_large_image","twitter_creator":"@radioljubuski","twitter_site":"@radioljubuski","twitter_misc":{"Napisao\/la":"Radio Ljubu\u0161ki","Procijenjeno vrijeme \u010ditanja":"3 minute"},"schema":{"@context":"https:\/\/schema.org","@graph":[{"@type":"Article","@id":"https:\/\/radioljubuski.ba\/index.php\/2022\/06\/24\/skola-u-prirodi-u-kojoj-djeca-ne-pitaju-koliko-traje-skolski-sat\/#article","isPartOf":{"@id":"https:\/\/radioljubuski.ba\/index.php\/2022\/06\/24\/skola-u-prirodi-u-kojoj-djeca-ne-pitaju-koliko-traje-skolski-sat\/"},"author":{"name":"Radio Ljubu\u0161ki","@id":"https:\/\/radioljubuski.ba\/#\/schema\/person\/19fc700381a780f69665d7956c469e3b"},"headline":"\u0160kola u prirodi u kojoj djeca ne pitaju koliko traje \u0161kolski sat","datePublished":"2022-06-24T14:40:20+00:00","dateModified":"2022-06-24T14:40:22+00:00","mainEntityOfPage":{"@id":"https:\/\/radioljubuski.ba\/index.php\/2022\/06\/24\/skola-u-prirodi-u-kojoj-djeca-ne-pitaju-koliko-traje-skolski-sat\/"},"wordCount":547,"publisher":{"@id":"https:\/\/radioljubuski.ba\/#organization"},"image":{"@id":"https:\/\/radioljubuski.ba\/index.php\/2022\/06\/24\/skola-u-prirodi-u-kojoj-djeca-ne-pitaju-koliko-traje-skolski-sat\/#primaryimage"},"thumbnailUrl":"https:\/\/radioljubuski.ba\/wp-content\/uploads\/2022\/06\/10-2022-06-23-21-20-07-Snimka-zaslona-2022-06-23-211958.jpg","articleSection":["BIH i regija"],"inLanguage":"hr"},{"@type":"WebPage","@id":"https:\/\/radioljubuski.ba\/index.php\/2022\/06\/24\/skola-u-prirodi-u-kojoj-djeca-ne-pitaju-koliko-traje-skolski-sat\/","url":"https:\/\/radioljubuski.ba\/index.php\/2022\/06\/24\/skola-u-prirodi-u-kojoj-djeca-ne-pitaju-koliko-traje-skolski-sat\/","name":"\u0160kola u prirodi u kojoj djeca ne pitaju koliko traje \u0161kolski sat - RADIO LJUBU\u0160KI","isPartOf":{"@id":"https:\/\/radioljubuski.ba\/#website"},"primaryImageOfPage":{"@id":"https:\/\/radioljubuski.ba\/index.php\/2022\/06\/24\/skola-u-prirodi-u-kojoj-djeca-ne-pitaju-koliko-traje-skolski-sat\/#primaryimage"},"image":{"@id":"https:\/\/radioljubuski.ba\/index.php\/2022\/06\/24\/skola-u-prirodi-u-kojoj-djeca-ne-pitaju-koliko-traje-skolski-sat\/#primaryimage"},"thumbnailUrl":"https:\/\/radioljubuski.ba\/wp-content\/uploads\/2022\/06\/10-2022-06-23-21-20-07-Snimka-zaslona-2022-06-23-211958.jpg","datePublished":"2022-06-24T14:40:20+00:00","dateModified":"2022-06-24T14:40:22+00:00","breadcrumb":{"@id":"https:\/\/radioljubuski.ba\/index.php\/2022\/06\/24\/skola-u-prirodi-u-kojoj-djeca-ne-pitaju-koliko-traje-skolski-sat\/#breadcrumb"},"inLanguage":"hr","potentialAction":[{"@type":"ReadAction","target":["https:\/\/radioljubuski.ba\/index.php\/2022\/06\/24\/skola-u-prirodi-u-kojoj-djeca-ne-pitaju-koliko-traje-skolski-sat\/"]}]},{"@type":"ImageObject","inLanguage":"hr","@id":"https:\/\/radioljubuski.ba\/index.php\/2022\/06\/24\/skola-u-prirodi-u-kojoj-djeca-ne-pitaju-koliko-traje-skolski-sat\/#primaryimage","url":"https:\/\/radioljubuski.ba\/wp-content\/uploads\/2022\/06\/10-2022-06-23-21-20-07-Snimka-zaslona-2022-06-23-211958.jpg","contentUrl":"https:\/\/radioljubuski.ba\/wp-content\/uploads\/2022\/06\/10-2022-06-23-21-20-07-Snimka-zaslona-2022-06-23-211958.jpg","width":1000,"height":625},{"@type":"BreadcrumbList","@id":"https:\/\/radioljubuski.ba\/index.php\/2022\/06\/24\/skola-u-prirodi-u-kojoj-djeca-ne-pitaju-koliko-traje-skolski-sat\/#breadcrumb","itemListElement":[{"@type":"ListItem","position":1,"name":"Po\u010detna stranica","item":"https:\/\/radioljubuski.ba\/"},{"@type":"ListItem","position":2,"name":"\u0160kola u prirodi u kojoj djeca ne pitaju koliko traje \u0161kolski sat"}]},{"@type":"WebSite","@id":"https:\/\/radioljubuski.ba\/#website","url":"https:\/\/radioljubuski.ba\/","name":"Radio Ljubu\u0161ki","description":"Sun\u010dana frekvencija Hercegovine","publisher":{"@id":"https:\/\/radioljubuski.ba\/#organization"},"potentialAction":[{"@type":"SearchAction","target":{"@type":"EntryPoint","urlTemplate":"https:\/\/radioljubuski.ba\/?s={search_term_string}"},"query-input":{"@type":"PropertyValueSpecification","valueRequired":true,"valueName":"search_term_string"}}],"inLanguage":"hr"},{"@type":"Organization","@id":"https:\/\/radioljubuski.ba\/#organization","name":"Radio Ljubu\u0161ki","url":"https:\/\/radioljubuski.ba\/","logo":{"@type":"ImageObject","inLanguage":"hr","@id":"https:\/\/radioljubuski.ba\/#\/schema\/logo\/image\/","url":"https:\/\/radioljubuski.ba\/wp-content\/uploads\/2021\/02\/cropped-Radio_Ljubuski_logo1.jpg","contentUrl":"https:\/\/radioljubuski.ba\/wp-content\/uploads\/2021\/02\/cropped-Radio_Ljubuski_logo1.jpg","width":512,"height":512,"caption":"Radio Ljubu\u0161ki"},"image":{"@id":"https:\/\/radioljubuski.ba\/#\/schema\/logo\/image\/"},"sameAs":["https:\/\/www.facebook.com\/Radiio-Ljubuski-1490835324566332","https:\/\/x.com\/radioljubuski","https:\/\/hr.linkedin.com\/company\/radio-ljubuski","https:\/\/www.youtube.com\/channel\/UCHYaeO_n0Db3tjNGudGpXyw"]},{"@type":"Person","@id":"https:\/\/radioljubuski.ba\/#\/schema\/person\/19fc700381a780f69665d7956c469e3b","name":"Radio Ljubu\u0161ki"}]}},"_links":{"self":[{"href":"https:\/\/radioljubuski.ba\/index.php\/wp-json\/wp\/v2\/posts\/153010","targetHints":{"allow":["GET"]}}],"collection":[{"href":"https:\/\/radioljubuski.ba\/index.php\/wp-json\/wp\/v2\/posts"}],"about":[{"href":"https:\/\/radioljubuski.ba\/index.php\/wp-json\/wp\/v2\/types\/post"}],"author":[{"embeddable":true,"href":"https:\/\/radioljubuski.ba\/index.php\/wp-json\/wp\/v2\/users\/2"}],"replies":[{"embeddable":true,"href":"https:\/\/radioljubuski.ba\/index.php\/wp-json\/wp\/v2\/comments?post=153010"}],"version-history":[{"count":1,"href":"https:\/\/radioljubuski.ba\/index.php\/wp-json\/wp\/v2\/posts\/153010\/revisions"}],"predecessor-version":[{"id":153012,"href":"https:\/\/radioljubuski.ba\/index.php\/wp-json\/wp\/v2\/posts\/153010\/revisions\/153012"}],"wp:featuredmedia":[{"embeddable":true,"href":"https:\/\/radioljubuski.ba\/index.php\/wp-json\/wp\/v2\/media\/153011"}],"wp:attachment":[{"href":"https:\/\/radioljubuski.ba\/index.php\/wp-json\/wp\/v2\/media?parent=153010"}],"wp:term":[{"taxonomy":"category","embeddable":true,"href":"https:\/\/radioljubuski.ba\/index.php\/wp-json\/wp\/v2\/categories?post=153010"},{"taxonomy":"post_tag","embeddable":true,"href":"https:\/\/radioljubuski.ba\/index.php\/wp-json\/wp\/v2\/tags?post=153010"}],"curies":[{"name":"wp","href":"https:\/\/api.w.org\/{rel}","templated":true}]}}