{"id":153021,"date":"2022-06-24T15:45:36","date_gmt":"2022-06-24T14:45:36","guid":{"rendered":"https:\/\/radioljubuski.ba\/?p=153021"},"modified":"2022-06-24T15:45:38","modified_gmt":"2022-06-24T14:45:38","slug":"poruka-strucnjaka-gradanima-ne-kupujte-zlato-nego-solarne-panele","status":"publish","type":"post","link":"https:\/\/radioljubuski.ba\/index.php\/2022\/06\/24\/poruka-strucnjaka-gradanima-ne-kupujte-zlato-nego-solarne-panele\/","title":{"rendered":"Poruka stru\u010dnjaka gra\u0111anima: Ne kupujte zlato nego solarne panele"},"content":{"rendered":"\n<p>Ne kupujte zlato, nego solarne panele, poruka je gra\u0111anima s okruglog stola &#8220;Gra\u0111anska energija i integracija DG i DER&#8221;&#8221; na kojemu se, me\u0111u ostalim, razgovaralo o elektri\u010dnoj energiji, kao i o novim konceptima bavljenja energijom u Mostaru.<\/p>\n\n\n\n<p>Predsjednik Upravnog odbora Centra za odr\u017eivu energetsku tranziciju \u201cReSET\u201d Mirza Ku\u0161ljugi\u0107 kazao je kako tranzicija podrazumijeva dramati\u010dnu promjenu psiholo\u0161kog pristupa energetici, te da ne\u0107e vi\u0161e bizi jeftine energije iz fosilnih goriva.<\/p>\n\n\n\n<p>\u2013 Gra\u0111ani lokalne zajednice, mala i srednja poduze\u0107a moraju postati akteri, ne samo potro\u0161a\u010di, nego i proizvo\u0111a\u010di. Gra\u0111anska energija je osnova nove direktive Europske unije (EU), kazao je Ku\u0161ljugi\u0107.<\/p>\n\n\n\n<p>Da bi gra\u0111ani mogli biti proizvo\u0111a\u010di elektri\u010dne energije prvo se mora usvojiti zakon koji \u0107e to omogu\u0107iti.<br>\u2013 Osim usvajanja zakona, tako\u0111er moramo dobiti i poticaje jer trenutna cijena elektri\u010dne energije je takva da to nije stimulativno. Sve ovo bi omogu\u0107ilo da, na primjer, na svoje krovove postavite solarne panele, da proizvodite energiju, vi\u0161ak razmjenjujete po zakonskim regulativama i da vam se to nakon odre\u0111enog roka isplati. Industrija to ve\u0107 radi, kazao je Ku\u0161ljugi\u0107, prenosi Fena.<\/p>\n\n\n\n<p>Jedan od tri istra\u017eiva\u010da koji su pripremali i obra\u0111ivali podatke za radove koji su predstavljeni ju\u010der, Armin \u0110uliman poru\u010dio je:<\/p>\n\n\n\n<p>\u2013 Kupujte invertore, stavite ih u hodnik i neka vam smetaju dok prolazite jer \u0107ete ih u narednih godinu dana sigurno staviti, samo sa\u010dekajte da se zakoni o kojima danas pri\u010damo po\u010dnu primjenjivat u potpunosti. Tada \u0107e gra\u0111ani imati mogu\u0107nost na jedan od tri na\u010dina, bez da osnivaju obrt, spasiti svoje ku\u0107ne prora\u010dune proizvodnjom osobne elektri\u010dne energije. Tako\u0111er, mo\u0107i \u0107e se pojaviti i kao investitori i na taj na\u010din svojoj op\u0107ini, domu zdravlja i sli\u010dno, prodavati elektri\u010dnu energiju duplo jeftinije nego \u0161to je oni mogu na\u0107i na tr\u017ei\u0161tu, a to je situacija u kojoj svi dobivaju.<\/p>\n\n\n\n<p>Kazao je kako se radi o tri reformska zakona, od kojih su dva ve\u0107 upu\u0107ena u parlamentarnu proceduru, a to su novi Zakon o elektri\u010dnoj energiji i Zakon o energiji i reguliranju energetskih djelatnosti.<br>Tre\u0107i zakon, koji se jo\u0161 uvijek nije na\u0161ao u Parlamentu, je Zakon o kori\u0161tenju obnovljivih izvora energije.<\/p>\n\n\n\n<p>&#8211; To je krucijalni zakon koji omogu\u0107uje sve ovo o \u010demu pri\u010damo, kazao je \u0110uliman.<\/p>\n\n\n\n<p>Izvor:pogled.ba<\/p>\n","protected":false},"excerpt":{"rendered":"<p>Ne kupujte zlato, nego solarne panele, poruka je gra\u0111anima s okruglog stola &#8220;Gra\u0111anska energija i integracija DG i DER&#8221;&#8221; na kojemu se, me\u0111u ostalim, razgovaralo o elektri\u010dnoj energiji, kao i o novim konceptima bavljenja energijom u Mostaru. Predsjednik Upravnog odbora Centra za odr\u017eivu energetsku tranziciju \u201cReSET\u201d Mirza Ku\u0161ljugi\u0107 kazao je kako tranzicija podrazumijeva dramati\u010dnu promjenu [&hellip;]<\/p>\n","protected":false},"author":2,"featured_media":153022,"comment_status":"closed","ping_status":"closed","sticky":false,"template":"","format":"standard","meta":{"h5ap_radio_sources":[],"footnotes":""},"categories":[1],"tags":[],"class_list":["post-153021","post","type-post","status-publish","format-standard","has-post-thumbnail","hentry","category-bihiregija"],"yoast_head":"<!-- This site is optimized with the Yoast SEO plugin v27.5 - https:\/\/yoast.com\/product\/yoast-seo-wordpress\/ -->\n<title>Poruka stru\u010dnjaka gra\u0111anima: Ne kupujte zlato nego solarne panele - RADIO LJUBU\u0160KI<\/title>\n<meta name=\"robots\" content=\"index, follow, max-snippet:-1, max-image-preview:large, max-video-preview:-1\" \/>\n<link rel=\"canonical\" href=\"https:\/\/radioljubuski.ba\/index.php\/2022\/06\/24\/poruka-strucnjaka-gradanima-ne-kupujte-zlato-nego-solarne-panele\/\" \/>\n<meta property=\"og:locale\" content=\"hr_HR\" \/>\n<meta property=\"og:type\" content=\"article\" \/>\n<meta property=\"og:title\" content=\"Poruka stru\u010dnjaka gra\u0111anima: Ne kupujte zlato nego solarne panele - RADIO LJUBU\u0160KI\" \/>\n<meta property=\"og:description\" content=\"Ne kupujte zlato, nego solarne panele, poruka je gra\u0111anima s okruglog stola &#8220;Gra\u0111anska energija i integracija DG i DER&#8221;&#8221; na kojemu se, me\u0111u ostalim, razgovaralo o elektri\u010dnoj energiji, kao i o novim konceptima bavljenja energijom u Mostaru. Predsjednik Upravnog odbora Centra za odr\u017eivu energetsku tranziciju \u201cReSET\u201d Mirza Ku\u0161ljugi\u0107 kazao je kako tranzicija podrazumijeva dramati\u010dnu promjenu [&hellip;]\" \/>\n<meta property=\"og:url\" content=\"https:\/\/radioljubuski.ba\/index.php\/2022\/06\/24\/poruka-strucnjaka-gradanima-ne-kupujte-zlato-nego-solarne-panele\/\" \/>\n<meta property=\"og:site_name\" content=\"RADIO LJUBU\u0160KI\" \/>\n<meta property=\"article:publisher\" content=\"https:\/\/www.facebook.com\/Radiio-Ljubuski-1490835324566332\" \/>\n<meta property=\"article:published_time\" content=\"2022-06-24T14:45:36+00:00\" \/>\n<meta property=\"article:modified_time\" content=\"2022-06-24T14:45:38+00:00\" \/>\n<meta property=\"og:image\" content=\"https:\/\/radioljubuski.ba\/wp-content\/uploads\/2022\/06\/2-2021-06-01-07-35-48-solarni-paneli.jpg\" \/>\n\t<meta property=\"og:image:width\" content=\"1000\" \/>\n\t<meta property=\"og:image:height\" content=\"625\" \/>\n\t<meta property=\"og:image:type\" content=\"image\/jpeg\" \/>\n<meta name=\"author\" content=\"Radio Ljubu\u0161ki\" \/>\n<meta name=\"twitter:card\" content=\"summary_large_image\" \/>\n<meta name=\"twitter:creator\" content=\"@radioljubuski\" \/>\n<meta name=\"twitter:site\" content=\"@radioljubuski\" \/>\n<meta name=\"twitter:label1\" content=\"Napisao\/la\" \/>\n\t<meta name=\"twitter:data1\" content=\"Radio Ljubu\u0161ki\" \/>\n\t<meta name=\"twitter:label2\" content=\"Procijenjeno vrijeme \u010ditanja\" \/>\n\t<meta name=\"twitter:data2\" content=\"2 minute\" \/>\n<script type=\"application\/ld+json\" class=\"yoast-schema-graph\">{\"@context\":\"https:\\\/\\\/schema.org\",\"@graph\":[{\"@type\":\"Article\",\"@id\":\"https:\\\/\\\/radioljubuski.ba\\\/index.php\\\/2022\\\/06\\\/24\\\/poruka-strucnjaka-gradanima-ne-kupujte-zlato-nego-solarne-panele\\\/#article\",\"isPartOf\":{\"@id\":\"https:\\\/\\\/radioljubuski.ba\\\/index.php\\\/2022\\\/06\\\/24\\\/poruka-strucnjaka-gradanima-ne-kupujte-zlato-nego-solarne-panele\\\/\"},\"author\":{\"name\":\"Radio Ljubu\u0161ki\",\"@id\":\"https:\\\/\\\/radioljubuski.ba\\\/#\\\/schema\\\/person\\\/19fc700381a780f69665d7956c469e3b\"},\"headline\":\"Poruka stru\u010dnjaka gra\u0111anima: Ne kupujte zlato nego solarne panele\",\"datePublished\":\"2022-06-24T14:45:36+00:00\",\"dateModified\":\"2022-06-24T14:45:38+00:00\",\"mainEntityOfPage\":{\"@id\":\"https:\\\/\\\/radioljubuski.ba\\\/index.php\\\/2022\\\/06\\\/24\\\/poruka-strucnjaka-gradanima-ne-kupujte-zlato-nego-solarne-panele\\\/\"},\"wordCount\":425,\"publisher\":{\"@id\":\"https:\\\/\\\/radioljubuski.ba\\\/#organization\"},\"image\":{\"@id\":\"https:\\\/\\\/radioljubuski.ba\\\/index.php\\\/2022\\\/06\\\/24\\\/poruka-strucnjaka-gradanima-ne-kupujte-zlato-nego-solarne-panele\\\/#primaryimage\"},\"thumbnailUrl\":\"https:\\\/\\\/radioljubuski.ba\\\/wp-content\\\/uploads\\\/2022\\\/06\\\/2-2021-06-01-07-35-48-solarni-paneli.jpg\",\"articleSection\":[\"BIH i regija\"],\"inLanguage\":\"hr\"},{\"@type\":\"WebPage\",\"@id\":\"https:\\\/\\\/radioljubuski.ba\\\/index.php\\\/2022\\\/06\\\/24\\\/poruka-strucnjaka-gradanima-ne-kupujte-zlato-nego-solarne-panele\\\/\",\"url\":\"https:\\\/\\\/radioljubuski.ba\\\/index.php\\\/2022\\\/06\\\/24\\\/poruka-strucnjaka-gradanima-ne-kupujte-zlato-nego-solarne-panele\\\/\",\"name\":\"Poruka stru\u010dnjaka gra\u0111anima: Ne kupujte zlato nego solarne panele - RADIO LJUBU\u0160KI\",\"isPartOf\":{\"@id\":\"https:\\\/\\\/radioljubuski.ba\\\/#website\"},\"primaryImageOfPage\":{\"@id\":\"https:\\\/\\\/radioljubuski.ba\\\/index.php\\\/2022\\\/06\\\/24\\\/poruka-strucnjaka-gradanima-ne-kupujte-zlato-nego-solarne-panele\\\/#primaryimage\"},\"image\":{\"@id\":\"https:\\\/\\\/radioljubuski.ba\\\/index.php\\\/2022\\\/06\\\/24\\\/poruka-strucnjaka-gradanima-ne-kupujte-zlato-nego-solarne-panele\\\/#primaryimage\"},\"thumbnailUrl\":\"https:\\\/\\\/radioljubuski.ba\\\/wp-content\\\/uploads\\\/2022\\\/06\\\/2-2021-06-01-07-35-48-solarni-paneli.jpg\",\"datePublished\":\"2022-06-24T14:45:36+00:00\",\"dateModified\":\"2022-06-24T14:45:38+00:00\",\"breadcrumb\":{\"@id\":\"https:\\\/\\\/radioljubuski.ba\\\/index.php\\\/2022\\\/06\\\/24\\\/poruka-strucnjaka-gradanima-ne-kupujte-zlato-nego-solarne-panele\\\/#breadcrumb\"},\"inLanguage\":\"hr\",\"potentialAction\":[{\"@type\":\"ReadAction\",\"target\":[\"https:\\\/\\\/radioljubuski.ba\\\/index.php\\\/2022\\\/06\\\/24\\\/poruka-strucnjaka-gradanima-ne-kupujte-zlato-nego-solarne-panele\\\/\"]}]},{\"@type\":\"ImageObject\",\"inLanguage\":\"hr\",\"@id\":\"https:\\\/\\\/radioljubuski.ba\\\/index.php\\\/2022\\\/06\\\/24\\\/poruka-strucnjaka-gradanima-ne-kupujte-zlato-nego-solarne-panele\\\/#primaryimage\",\"url\":\"https:\\\/\\\/radioljubuski.ba\\\/wp-content\\\/uploads\\\/2022\\\/06\\\/2-2021-06-01-07-35-48-solarni-paneli.jpg\",\"contentUrl\":\"https:\\\/\\\/radioljubuski.ba\\\/wp-content\\\/uploads\\\/2022\\\/06\\\/2-2021-06-01-07-35-48-solarni-paneli.jpg\",\"width\":1000,\"height\":625},{\"@type\":\"BreadcrumbList\",\"@id\":\"https:\\\/\\\/radioljubuski.ba\\\/index.php\\\/2022\\\/06\\\/24\\\/poruka-strucnjaka-gradanima-ne-kupujte-zlato-nego-solarne-panele\\\/#breadcrumb\",\"itemListElement\":[{\"@type\":\"ListItem\",\"position\":1,\"name\":\"Po\u010detna stranica\",\"item\":\"https:\\\/\\\/radioljubuski.ba\\\/\"},{\"@type\":\"ListItem\",\"position\":2,\"name\":\"Poruka stru\u010dnjaka gra\u0111anima: Ne kupujte zlato nego solarne panele\"}]},{\"@type\":\"WebSite\",\"@id\":\"https:\\\/\\\/radioljubuski.ba\\\/#website\",\"url\":\"https:\\\/\\\/radioljubuski.ba\\\/\",\"name\":\"Radio Ljubu\u0161ki\",\"description\":\"Sun\u010dana frekvencija Hercegovine\",\"publisher\":{\"@id\":\"https:\\\/\\\/radioljubuski.ba\\\/#organization\"},\"potentialAction\":[{\"@type\":\"SearchAction\",\"target\":{\"@type\":\"EntryPoint\",\"urlTemplate\":\"https:\\\/\\\/radioljubuski.ba\\\/?s={search_term_string}\"},\"query-input\":{\"@type\":\"PropertyValueSpecification\",\"valueRequired\":true,\"valueName\":\"search_term_string\"}}],\"inLanguage\":\"hr\"},{\"@type\":\"Organization\",\"@id\":\"https:\\\/\\\/radioljubuski.ba\\\/#organization\",\"name\":\"Radio Ljubu\u0161ki\",\"url\":\"https:\\\/\\\/radioljubuski.ba\\\/\",\"logo\":{\"@type\":\"ImageObject\",\"inLanguage\":\"hr\",\"@id\":\"https:\\\/\\\/radioljubuski.ba\\\/#\\\/schema\\\/logo\\\/image\\\/\",\"url\":\"https:\\\/\\\/radioljubuski.ba\\\/wp-content\\\/uploads\\\/2021\\\/02\\\/cropped-Radio_Ljubuski_logo1.jpg\",\"contentUrl\":\"https:\\\/\\\/radioljubuski.ba\\\/wp-content\\\/uploads\\\/2021\\\/02\\\/cropped-Radio_Ljubuski_logo1.jpg\",\"width\":512,\"height\":512,\"caption\":\"Radio Ljubu\u0161ki\"},\"image\":{\"@id\":\"https:\\\/\\\/radioljubuski.ba\\\/#\\\/schema\\\/logo\\\/image\\\/\"},\"sameAs\":[\"https:\\\/\\\/www.facebook.com\\\/Radiio-Ljubuski-1490835324566332\",\"https:\\\/\\\/x.com\\\/radioljubuski\",\"https:\\\/\\\/hr.linkedin.com\\\/company\\\/radio-ljubuski\",\"https:\\\/\\\/www.youtube.com\\\/channel\\\/UCHYaeO_n0Db3tjNGudGpXyw\"]},{\"@type\":\"Person\",\"@id\":\"https:\\\/\\\/radioljubuski.ba\\\/#\\\/schema\\\/person\\\/19fc700381a780f69665d7956c469e3b\",\"name\":\"Radio Ljubu\u0161ki\"}]}<\/script>\n<!-- \/ Yoast SEO plugin. -->","yoast_head_json":{"title":"Poruka stru\u010dnjaka gra\u0111anima: Ne kupujte zlato nego solarne panele - RADIO LJUBU\u0160KI","robots":{"index":"index","follow":"follow","max-snippet":"max-snippet:-1","max-image-preview":"max-image-preview:large","max-video-preview":"max-video-preview:-1"},"canonical":"https:\/\/radioljubuski.ba\/index.php\/2022\/06\/24\/poruka-strucnjaka-gradanima-ne-kupujte-zlato-nego-solarne-panele\/","og_locale":"hr_HR","og_type":"article","og_title":"Poruka stru\u010dnjaka gra\u0111anima: Ne kupujte zlato nego solarne panele - RADIO LJUBU\u0160KI","og_description":"Ne kupujte zlato, nego solarne panele, poruka je gra\u0111anima s okruglog stola &#8220;Gra\u0111anska energija i integracija DG i DER&#8221;&#8221; na kojemu se, me\u0111u ostalim, razgovaralo o elektri\u010dnoj energiji, kao i o novim konceptima bavljenja energijom u Mostaru. Predsjednik Upravnog odbora Centra za odr\u017eivu energetsku tranziciju \u201cReSET\u201d Mirza Ku\u0161ljugi\u0107 kazao je kako tranzicija podrazumijeva dramati\u010dnu promjenu [&hellip;]","og_url":"https:\/\/radioljubuski.ba\/index.php\/2022\/06\/24\/poruka-strucnjaka-gradanima-ne-kupujte-zlato-nego-solarne-panele\/","og_site_name":"RADIO LJUBU\u0160KI","article_publisher":"https:\/\/www.facebook.com\/Radiio-Ljubuski-1490835324566332","article_published_time":"2022-06-24T14:45:36+00:00","article_modified_time":"2022-06-24T14:45:38+00:00","og_image":[{"width":1000,"height":625,"url":"https:\/\/radioljubuski.ba\/wp-content\/uploads\/2022\/06\/2-2021-06-01-07-35-48-solarni-paneli.jpg","type":"image\/jpeg"}],"author":"Radio Ljubu\u0161ki","twitter_card":"summary_large_image","twitter_creator":"@radioljubuski","twitter_site":"@radioljubuski","twitter_misc":{"Napisao\/la":"Radio Ljubu\u0161ki","Procijenjeno vrijeme \u010ditanja":"2 minute"},"schema":{"@context":"https:\/\/schema.org","@graph":[{"@type":"Article","@id":"https:\/\/radioljubuski.ba\/index.php\/2022\/06\/24\/poruka-strucnjaka-gradanima-ne-kupujte-zlato-nego-solarne-panele\/#article","isPartOf":{"@id":"https:\/\/radioljubuski.ba\/index.php\/2022\/06\/24\/poruka-strucnjaka-gradanima-ne-kupujte-zlato-nego-solarne-panele\/"},"author":{"name":"Radio Ljubu\u0161ki","@id":"https:\/\/radioljubuski.ba\/#\/schema\/person\/19fc700381a780f69665d7956c469e3b"},"headline":"Poruka stru\u010dnjaka gra\u0111anima: Ne kupujte zlato nego solarne panele","datePublished":"2022-06-24T14:45:36+00:00","dateModified":"2022-06-24T14:45:38+00:00","mainEntityOfPage":{"@id":"https:\/\/radioljubuski.ba\/index.php\/2022\/06\/24\/poruka-strucnjaka-gradanima-ne-kupujte-zlato-nego-solarne-panele\/"},"wordCount":425,"publisher":{"@id":"https:\/\/radioljubuski.ba\/#organization"},"image":{"@id":"https:\/\/radioljubuski.ba\/index.php\/2022\/06\/24\/poruka-strucnjaka-gradanima-ne-kupujte-zlato-nego-solarne-panele\/#primaryimage"},"thumbnailUrl":"https:\/\/radioljubuski.ba\/wp-content\/uploads\/2022\/06\/2-2021-06-01-07-35-48-solarni-paneli.jpg","articleSection":["BIH i regija"],"inLanguage":"hr"},{"@type":"WebPage","@id":"https:\/\/radioljubuski.ba\/index.php\/2022\/06\/24\/poruka-strucnjaka-gradanima-ne-kupujte-zlato-nego-solarne-panele\/","url":"https:\/\/radioljubuski.ba\/index.php\/2022\/06\/24\/poruka-strucnjaka-gradanima-ne-kupujte-zlato-nego-solarne-panele\/","name":"Poruka stru\u010dnjaka gra\u0111anima: Ne kupujte zlato nego solarne panele - RADIO LJUBU\u0160KI","isPartOf":{"@id":"https:\/\/radioljubuski.ba\/#website"},"primaryImageOfPage":{"@id":"https:\/\/radioljubuski.ba\/index.php\/2022\/06\/24\/poruka-strucnjaka-gradanima-ne-kupujte-zlato-nego-solarne-panele\/#primaryimage"},"image":{"@id":"https:\/\/radioljubuski.ba\/index.php\/2022\/06\/24\/poruka-strucnjaka-gradanima-ne-kupujte-zlato-nego-solarne-panele\/#primaryimage"},"thumbnailUrl":"https:\/\/radioljubuski.ba\/wp-content\/uploads\/2022\/06\/2-2021-06-01-07-35-48-solarni-paneli.jpg","datePublished":"2022-06-24T14:45:36+00:00","dateModified":"2022-06-24T14:45:38+00:00","breadcrumb":{"@id":"https:\/\/radioljubuski.ba\/index.php\/2022\/06\/24\/poruka-strucnjaka-gradanima-ne-kupujte-zlato-nego-solarne-panele\/#breadcrumb"},"inLanguage":"hr","potentialAction":[{"@type":"ReadAction","target":["https:\/\/radioljubuski.ba\/index.php\/2022\/06\/24\/poruka-strucnjaka-gradanima-ne-kupujte-zlato-nego-solarne-panele\/"]}]},{"@type":"ImageObject","inLanguage":"hr","@id":"https:\/\/radioljubuski.ba\/index.php\/2022\/06\/24\/poruka-strucnjaka-gradanima-ne-kupujte-zlato-nego-solarne-panele\/#primaryimage","url":"https:\/\/radioljubuski.ba\/wp-content\/uploads\/2022\/06\/2-2021-06-01-07-35-48-solarni-paneli.jpg","contentUrl":"https:\/\/radioljubuski.ba\/wp-content\/uploads\/2022\/06\/2-2021-06-01-07-35-48-solarni-paneli.jpg","width":1000,"height":625},{"@type":"BreadcrumbList","@id":"https:\/\/radioljubuski.ba\/index.php\/2022\/06\/24\/poruka-strucnjaka-gradanima-ne-kupujte-zlato-nego-solarne-panele\/#breadcrumb","itemListElement":[{"@type":"ListItem","position":1,"name":"Po\u010detna stranica","item":"https:\/\/radioljubuski.ba\/"},{"@type":"ListItem","position":2,"name":"Poruka stru\u010dnjaka gra\u0111anima: Ne kupujte zlato nego solarne panele"}]},{"@type":"WebSite","@id":"https:\/\/radioljubuski.ba\/#website","url":"https:\/\/radioljubuski.ba\/","name":"Radio Ljubu\u0161ki","description":"Sun\u010dana frekvencija Hercegovine","publisher":{"@id":"https:\/\/radioljubuski.ba\/#organization"},"potentialAction":[{"@type":"SearchAction","target":{"@type":"EntryPoint","urlTemplate":"https:\/\/radioljubuski.ba\/?s={search_term_string}"},"query-input":{"@type":"PropertyValueSpecification","valueRequired":true,"valueName":"search_term_string"}}],"inLanguage":"hr"},{"@type":"Organization","@id":"https:\/\/radioljubuski.ba\/#organization","name":"Radio Ljubu\u0161ki","url":"https:\/\/radioljubuski.ba\/","logo":{"@type":"ImageObject","inLanguage":"hr","@id":"https:\/\/radioljubuski.ba\/#\/schema\/logo\/image\/","url":"https:\/\/radioljubuski.ba\/wp-content\/uploads\/2021\/02\/cropped-Radio_Ljubuski_logo1.jpg","contentUrl":"https:\/\/radioljubuski.ba\/wp-content\/uploads\/2021\/02\/cropped-Radio_Ljubuski_logo1.jpg","width":512,"height":512,"caption":"Radio Ljubu\u0161ki"},"image":{"@id":"https:\/\/radioljubuski.ba\/#\/schema\/logo\/image\/"},"sameAs":["https:\/\/www.facebook.com\/Radiio-Ljubuski-1490835324566332","https:\/\/x.com\/radioljubuski","https:\/\/hr.linkedin.com\/company\/radio-ljubuski","https:\/\/www.youtube.com\/channel\/UCHYaeO_n0Db3tjNGudGpXyw"]},{"@type":"Person","@id":"https:\/\/radioljubuski.ba\/#\/schema\/person\/19fc700381a780f69665d7956c469e3b","name":"Radio Ljubu\u0161ki"}]}},"_links":{"self":[{"href":"https:\/\/radioljubuski.ba\/index.php\/wp-json\/wp\/v2\/posts\/153021","targetHints":{"allow":["GET"]}}],"collection":[{"href":"https:\/\/radioljubuski.ba\/index.php\/wp-json\/wp\/v2\/posts"}],"about":[{"href":"https:\/\/radioljubuski.ba\/index.php\/wp-json\/wp\/v2\/types\/post"}],"author":[{"embeddable":true,"href":"https:\/\/radioljubuski.ba\/index.php\/wp-json\/wp\/v2\/users\/2"}],"replies":[{"embeddable":true,"href":"https:\/\/radioljubuski.ba\/index.php\/wp-json\/wp\/v2\/comments?post=153021"}],"version-history":[{"count":1,"href":"https:\/\/radioljubuski.ba\/index.php\/wp-json\/wp\/v2\/posts\/153021\/revisions"}],"predecessor-version":[{"id":153023,"href":"https:\/\/radioljubuski.ba\/index.php\/wp-json\/wp\/v2\/posts\/153021\/revisions\/153023"}],"wp:featuredmedia":[{"embeddable":true,"href":"https:\/\/radioljubuski.ba\/index.php\/wp-json\/wp\/v2\/media\/153022"}],"wp:attachment":[{"href":"https:\/\/radioljubuski.ba\/index.php\/wp-json\/wp\/v2\/media?parent=153021"}],"wp:term":[{"taxonomy":"category","embeddable":true,"href":"https:\/\/radioljubuski.ba\/index.php\/wp-json\/wp\/v2\/categories?post=153021"},{"taxonomy":"post_tag","embeddable":true,"href":"https:\/\/radioljubuski.ba\/index.php\/wp-json\/wp\/v2\/tags?post=153021"}],"curies":[{"name":"wp","href":"https:\/\/api.w.org\/{rel}","templated":true}]}}