{"id":153042,"date":"2022-06-24T15:54:17","date_gmt":"2022-06-24T14:54:17","guid":{"rendered":"https:\/\/radioljubuski.ba\/?p=153042"},"modified":"2022-06-24T15:54:19","modified_gmt":"2022-06-24T14:54:19","slug":"josip-brkic-poruke-iz-bruxellesa-jasan-znak-kako-hrvati-s-pravom-traze-promjene-izbornog-zakona-na-osnovu-odluka-ustavnog-suda","status":"publish","type":"post","link":"https:\/\/radioljubuski.ba\/index.php\/2022\/06\/24\/josip-brkic-poruke-iz-bruxellesa-jasan-znak-kako-hrvati-s-pravom-traze-promjene-izbornog-zakona-na-osnovu-odluka-ustavnog-suda\/","title":{"rendered":"Josip Brki\u0107: Poruke iz Bruxellesa jasan znak kako Hrvati s pravom tra\u017ee promjene Izbornog zakona na osnovu odluka Ustavnog suda"},"content":{"rendered":"\n<p>Ministar vanjskih i europskih poslova Gordan Grli\u0107 Radman ve\u010deras je u HTV-ovoj emisiji Otvoreno Bosnu i Hercegovinu nazvao disfunkcionalnom zemljom s velikim demokratskim deficitom, upitav\u0161i se kako takva zemlja mo\u017ee dobiti status kandidata za \u010dlanstvo u Europskoj uniji.<\/p>\n\n\n\n<p>Nakon \u0161to su Ukrajina i Moldavija dobile kandidatski status za ulazak u Europsku uniju, otvoreno je pitanje \u0161to je s Bosnom i Hercegovinom. Me\u0111u ostalima, predsjednik RH Zoran Milanovi\u0107 poru\u010dio je da bih i BiH trebala dobiti taj status.<\/p>\n\n\n\n<p>Ministar Grli\u0107 Radman ve\u010deras je u Otvorenom rekao da je Ukrajina pokazala da je demokratska zemlja, da ima sve kapacitete institucionalno funkcionalne zemlje, a istaknuo je i rusku agresiju.<\/p>\n\n\n\n<p>-Naravno da je to jedino \u0161to Europska unija u ovom trenutku mo\u017ee napraviti kako bi ohrabrila Ukrajinu samu, a i kako bi poslala poruku Rusiji da je to sfera interesa Europske unije, rekao je Grli\u0107 Radman, dodaju\u0107i da je sli\u010dna situacija s Moldavijom.<\/p>\n\n\n\n<p>\u0160to se ti\u010de BiH, rekao je da je 2016. upravo Andrej Plenkovi\u0107 pomogao u podno\u0161enju aplikacije za \u010dlanstvo u Europskoj uniji.<\/p>\n\n\n\n<p>-Ali ne bilo kakva BiH, ne BiH koja je institucionalno disfunkcionalna, koja nema reforme, koja nije napravila zapravo u ovih \u0161est godina nikakvih pomaka, rekao je Grli\u0107 Radman.<\/p>\n\n\n\n<p>-Nu\u017eno je vidjeti odre\u0111ene pomake, a prije svega izbornu reformu. Ustavne reforme, izborne reforme&#8230; Kako mo\u017ee disfunkcionalna zemlja s velikim demokratskim deficitom dobiti kandidatski status?, dodao je.<\/p>\n\n\n\n<p>Ante Prka\u010din (Domovinski pokret) rekao je da je u obra\u010dunu predsjednika Milanovi\u0107a i premijera Plenkovi\u0107a sklon Milanovi\u0107u.<\/p>\n\n\n\n<p>-Zato \u0161to je dogorjelo do noktiju, rekao je Prka\u010din.<\/p>\n\n\n\n<p>-Dogorjelo je i sad treba i\u0107i u kost, dodao je.<\/p>\n\n\n\n<p>Prka\u010din je rekao da je u emisiju do\u0161ao kako bi progovorio o kontinuitetu 20-godi\u0161njeg politi\u010dkog uni\u0161tavanja Hrvata u BiH.<\/p>\n\n\n\n<p>-Gaze nam ponos, i to nam ponos gazi gori od nas, poru\u010dio je.<\/p>\n\n\n\n<p>Grli\u0107 Radman reagirao je rekav\u0161i da se stvar ne mo\u017ee simplificirati te da Milanovi\u0107 obmanjuje javnost da se stvari mogu rije\u0161iti preko no\u0107i. Predsjednika je tako\u0111er optu\u017eio da dijeli hrvatsko politi\u010dko tijelo i ru\u0161i hrvatsku Vladu.<\/p>\n\n\n\n<p>-Na jednom brodu kojim mi zajedni\u010dki plovimo, gdje bi trebao on biti na vrhu jarbola kao hrvatska zastava, on svojim uvredama danas upravo ru\u0161i tu Vladu. On bu\u0161i brod na kojem plovimo, poru\u010dio je inoministar.<\/p>\n\n\n\n<p>Pitao je Prka\u010dina je li pitao Milanovi\u0107a \u0161to je napravio, dodaju\u0107i da nije napravio ni\u0161ta, ve\u0107 &#8220;\u0161kandal&#8221; s Finskom i \u0160vedskom.<\/p>\n\n\n\n<p>-Nama je drago da je predsjednik Milanovi\u0107 skinuo mrenu s o\u010diju. Ja imam, gospodine Prka\u010din, puno godina, i znam \u0161to je radio on u Ministarstvu i kakav je bio, i drago mi je da se on sada na\u0161ao na strani Vladine politike, rekao je Grli\u0107 Radman, na \u0161to mu je Prka\u010din odgovorio da emisija nije o Milanovi\u0107u.<\/p>\n\n\n\n<p>-Ja vrlo cijenim i predsjednika i premijera, ali i svoje poznavanje BiH, i vi\u0161e bi oni mogli nau\u010diti od mene nego ja od njih, rekao je Prka\u010din.<\/p>\n\n\n\n<p>Zvonimir Troskot (Most) rekao je da sada vi\u0161e nije jasno \u0161to je to zapravo EU i koji su kriteriji pro\u0161irivanja.<\/p>\n\n\n\n<p>-Postojali su odre\u0111eni kriteriji koje smo mi krvavo platili kada smo ulazili u EU, koji sada vi\u0161e nikome nisu jasni, dodao je.<\/p>\n\n\n\n<p>Troskot je izme\u0111u ostalog njema\u010dku vanjsku politiku nazvao diskriminatornom, maloumnom i zlo\u010dina\u010dkom.<\/p>\n\n\n\n<p>-Na\u0161 narod iz BiH pla\u0107a danak kako bi se pripremio dolazak Andreja Plenkovi\u0107a i njegovih privatnih interesa u Bruxelles. To je cijela pri\u010da koja stoji iza ovoga, poru\u010dio je Troskot, kojega je potom kritizirao Grli\u0107 Radman.<\/p>\n\n\n\n<p>-Vi \u017eivite izvan svijeta i izvan vremena, rekao je izme\u0111u ostalog Grli\u0107 Radman Troskotu.<\/p>\n\n\n\n<p>Josip Brki\u0107, zamjenik ministrice vanjskih poslova BiH, rekao je da ima zemalja Europske unije gdje se na temu pro\u0161irenja ne mo\u017ee na\u0107i sugovornika niti razgovarati argumentirano.<\/p>\n\n\n\n<p>-Mi naravno, i podr\u017eavamo i pridru\u017eujemo se europskoj perspektivi i Ukrajine i Gruzije i Moldove, ali tra\u017eimo svoje mjesto pod suncem, rekao je Brki\u0107.<\/p>\n\n\n\n<p>-Inzistiranje na dosljednoj provedbi presuda Europskog suda za ljudska prava i Ustavnog suda BiH da se promijeni, limitirano, ustav BiH i izborni zakon, sada upravo govori da je to bila europska vrijednost koju smo inzistirali cijelo vrijeme i to je jedini preduvjet da Hrvati u BiH na predstoje\u0107im izborima ostanu i opstanu kao politi\u010dki narod, poru\u010dio je Brki\u0107.<\/p>\n\n\n\n<p>Na pitanje je li na strani Plenkovi\u0107a ili Milanovi\u0107a, odgovorio je da vjeruje kako sve institucije RH imaju podjednaku odgovornost spram Hrvata u BiH te da razumiju u kakvoj se oni situaciji danas politi\u010dki nalaze.<\/p>\n\n\n\n<p>Izvor:pogled.ba<\/p>\n","protected":false},"excerpt":{"rendered":"<p>Ministar vanjskih i europskih poslova Gordan Grli\u0107 Radman ve\u010deras je u HTV-ovoj emisiji Otvoreno Bosnu i Hercegovinu nazvao disfunkcionalnom zemljom s velikim demokratskim deficitom, upitav\u0161i se kako takva zemlja mo\u017ee dobiti status kandidata za \u010dlanstvo u Europskoj uniji. Nakon \u0161to su Ukrajina i Moldavija dobile kandidatski status za ulazak u Europsku uniju, otvoreno je pitanje [&hellip;]<\/p>\n","protected":false},"author":2,"featured_media":153043,"comment_status":"closed","ping_status":"closed","sticky":false,"template":"","format":"standard","meta":{"h5ap_radio_sources":[],"footnotes":""},"categories":[1],"tags":[],"class_list":["post-153042","post","type-post","status-publish","format-standard","has-post-thumbnail","hentry","category-bihiregija"],"yoast_head":"<!-- This site is optimized with the Yoast SEO plugin v27.4 - https:\/\/yoast.com\/product\/yoast-seo-wordpress\/ -->\n<title>Josip Brki\u0107: Poruke iz Bruxellesa jasan znak kako Hrvati s pravom tra\u017ee promjene Izbornog zakona na osnovu odluka Ustavnog suda - RADIO LJUBU\u0160KI<\/title>\n<meta name=\"robots\" content=\"index, follow, max-snippet:-1, max-image-preview:large, max-video-preview:-1\" \/>\n<link rel=\"canonical\" href=\"https:\/\/radioljubuski.ba\/index.php\/2022\/06\/24\/josip-brkic-poruke-iz-bruxellesa-jasan-znak-kako-hrvati-s-pravom-traze-promjene-izbornog-zakona-na-osnovu-odluka-ustavnog-suda\/\" \/>\n<meta property=\"og:locale\" content=\"hr_HR\" \/>\n<meta property=\"og:type\" content=\"article\" \/>\n<meta property=\"og:title\" content=\"Josip Brki\u0107: Poruke iz Bruxellesa jasan znak kako Hrvati s pravom tra\u017ee promjene Izbornog zakona na osnovu odluka Ustavnog suda - RADIO LJUBU\u0160KI\" \/>\n<meta property=\"og:description\" content=\"Ministar vanjskih i europskih poslova Gordan Grli\u0107 Radman ve\u010deras je u HTV-ovoj emisiji Otvoreno Bosnu i Hercegovinu nazvao disfunkcionalnom zemljom s velikim demokratskim deficitom, upitav\u0161i se kako takva zemlja mo\u017ee dobiti status kandidata za \u010dlanstvo u Europskoj uniji. Nakon \u0161to su Ukrajina i Moldavija dobile kandidatski status za ulazak u Europsku uniju, otvoreno je pitanje [&hellip;]\" \/>\n<meta property=\"og:url\" content=\"https:\/\/radioljubuski.ba\/index.php\/2022\/06\/24\/josip-brkic-poruke-iz-bruxellesa-jasan-znak-kako-hrvati-s-pravom-traze-promjene-izbornog-zakona-na-osnovu-odluka-ustavnog-suda\/\" \/>\n<meta property=\"og:site_name\" content=\"RADIO LJUBU\u0160KI\" \/>\n<meta property=\"article:publisher\" content=\"https:\/\/www.facebook.com\/Radiio-Ljubuski-1490835324566332\" \/>\n<meta property=\"article:published_time\" content=\"2022-06-24T14:54:17+00:00\" \/>\n<meta property=\"article:modified_time\" content=\"2022-06-24T14:54:19+00:00\" \/>\n<meta property=\"og:image\" content=\"https:\/\/radioljubuski.ba\/wp-content\/uploads\/2022\/06\/brkic.jpg\" \/>\n\t<meta property=\"og:image:width\" content=\"1000\" \/>\n\t<meta property=\"og:image:height\" content=\"625\" \/>\n\t<meta property=\"og:image:type\" content=\"image\/jpeg\" \/>\n<meta name=\"author\" content=\"Radio Ljubu\u0161ki\" \/>\n<meta name=\"twitter:card\" content=\"summary_large_image\" \/>\n<meta name=\"twitter:creator\" content=\"@radioljubuski\" \/>\n<meta name=\"twitter:site\" content=\"@radioljubuski\" \/>\n<meta name=\"twitter:label1\" content=\"Napisao\/la\" \/>\n\t<meta name=\"twitter:data1\" content=\"Radio Ljubu\u0161ki\" \/>\n\t<meta name=\"twitter:label2\" content=\"Procijenjeno vrijeme \u010ditanja\" \/>\n\t<meta name=\"twitter:data2\" content=\"4 minute\" \/>\n<script type=\"application\/ld+json\" class=\"yoast-schema-graph\">{\"@context\":\"https:\\\/\\\/schema.org\",\"@graph\":[{\"@type\":\"Article\",\"@id\":\"https:\\\/\\\/radioljubuski.ba\\\/index.php\\\/2022\\\/06\\\/24\\\/josip-brkic-poruke-iz-bruxellesa-jasan-znak-kako-hrvati-s-pravom-traze-promjene-izbornog-zakona-na-osnovu-odluka-ustavnog-suda\\\/#article\",\"isPartOf\":{\"@id\":\"https:\\\/\\\/radioljubuski.ba\\\/index.php\\\/2022\\\/06\\\/24\\\/josip-brkic-poruke-iz-bruxellesa-jasan-znak-kako-hrvati-s-pravom-traze-promjene-izbornog-zakona-na-osnovu-odluka-ustavnog-suda\\\/\"},\"author\":{\"name\":\"Radio Ljubu\u0161ki\",\"@id\":\"https:\\\/\\\/radioljubuski.ba\\\/#\\\/schema\\\/person\\\/19fc700381a780f69665d7956c469e3b\"},\"headline\":\"Josip Brki\u0107: Poruke iz Bruxellesa jasan znak kako Hrvati s pravom tra\u017ee promjene Izbornog zakona na osnovu odluka Ustavnog suda\",\"datePublished\":\"2022-06-24T14:54:17+00:00\",\"dateModified\":\"2022-06-24T14:54:19+00:00\",\"mainEntityOfPage\":{\"@id\":\"https:\\\/\\\/radioljubuski.ba\\\/index.php\\\/2022\\\/06\\\/24\\\/josip-brkic-poruke-iz-bruxellesa-jasan-znak-kako-hrvati-s-pravom-traze-promjene-izbornog-zakona-na-osnovu-odluka-ustavnog-suda\\\/\"},\"wordCount\":815,\"publisher\":{\"@id\":\"https:\\\/\\\/radioljubuski.ba\\\/#organization\"},\"image\":{\"@id\":\"https:\\\/\\\/radioljubuski.ba\\\/index.php\\\/2022\\\/06\\\/24\\\/josip-brkic-poruke-iz-bruxellesa-jasan-znak-kako-hrvati-s-pravom-traze-promjene-izbornog-zakona-na-osnovu-odluka-ustavnog-suda\\\/#primaryimage\"},\"thumbnailUrl\":\"https:\\\/\\\/radioljubuski.ba\\\/wp-content\\\/uploads\\\/2022\\\/06\\\/brkic.jpg\",\"articleSection\":[\"BIH i regija\"],\"inLanguage\":\"hr\"},{\"@type\":\"WebPage\",\"@id\":\"https:\\\/\\\/radioljubuski.ba\\\/index.php\\\/2022\\\/06\\\/24\\\/josip-brkic-poruke-iz-bruxellesa-jasan-znak-kako-hrvati-s-pravom-traze-promjene-izbornog-zakona-na-osnovu-odluka-ustavnog-suda\\\/\",\"url\":\"https:\\\/\\\/radioljubuski.ba\\\/index.php\\\/2022\\\/06\\\/24\\\/josip-brkic-poruke-iz-bruxellesa-jasan-znak-kako-hrvati-s-pravom-traze-promjene-izbornog-zakona-na-osnovu-odluka-ustavnog-suda\\\/\",\"name\":\"Josip Brki\u0107: Poruke iz Bruxellesa jasan znak kako Hrvati s pravom tra\u017ee promjene Izbornog zakona na osnovu odluka Ustavnog suda - RADIO LJUBU\u0160KI\",\"isPartOf\":{\"@id\":\"https:\\\/\\\/radioljubuski.ba\\\/#website\"},\"primaryImageOfPage\":{\"@id\":\"https:\\\/\\\/radioljubuski.ba\\\/index.php\\\/2022\\\/06\\\/24\\\/josip-brkic-poruke-iz-bruxellesa-jasan-znak-kako-hrvati-s-pravom-traze-promjene-izbornog-zakona-na-osnovu-odluka-ustavnog-suda\\\/#primaryimage\"},\"image\":{\"@id\":\"https:\\\/\\\/radioljubuski.ba\\\/index.php\\\/2022\\\/06\\\/24\\\/josip-brkic-poruke-iz-bruxellesa-jasan-znak-kako-hrvati-s-pravom-traze-promjene-izbornog-zakona-na-osnovu-odluka-ustavnog-suda\\\/#primaryimage\"},\"thumbnailUrl\":\"https:\\\/\\\/radioljubuski.ba\\\/wp-content\\\/uploads\\\/2022\\\/06\\\/brkic.jpg\",\"datePublished\":\"2022-06-24T14:54:17+00:00\",\"dateModified\":\"2022-06-24T14:54:19+00:00\",\"breadcrumb\":{\"@id\":\"https:\\\/\\\/radioljubuski.ba\\\/index.php\\\/2022\\\/06\\\/24\\\/josip-brkic-poruke-iz-bruxellesa-jasan-znak-kako-hrvati-s-pravom-traze-promjene-izbornog-zakona-na-osnovu-odluka-ustavnog-suda\\\/#breadcrumb\"},\"inLanguage\":\"hr\",\"potentialAction\":[{\"@type\":\"ReadAction\",\"target\":[\"https:\\\/\\\/radioljubuski.ba\\\/index.php\\\/2022\\\/06\\\/24\\\/josip-brkic-poruke-iz-bruxellesa-jasan-znak-kako-hrvati-s-pravom-traze-promjene-izbornog-zakona-na-osnovu-odluka-ustavnog-suda\\\/\"]}]},{\"@type\":\"ImageObject\",\"inLanguage\":\"hr\",\"@id\":\"https:\\\/\\\/radioljubuski.ba\\\/index.php\\\/2022\\\/06\\\/24\\\/josip-brkic-poruke-iz-bruxellesa-jasan-znak-kako-hrvati-s-pravom-traze-promjene-izbornog-zakona-na-osnovu-odluka-ustavnog-suda\\\/#primaryimage\",\"url\":\"https:\\\/\\\/radioljubuski.ba\\\/wp-content\\\/uploads\\\/2022\\\/06\\\/brkic.jpg\",\"contentUrl\":\"https:\\\/\\\/radioljubuski.ba\\\/wp-content\\\/uploads\\\/2022\\\/06\\\/brkic.jpg\",\"width\":1000,\"height\":625},{\"@type\":\"BreadcrumbList\",\"@id\":\"https:\\\/\\\/radioljubuski.ba\\\/index.php\\\/2022\\\/06\\\/24\\\/josip-brkic-poruke-iz-bruxellesa-jasan-znak-kako-hrvati-s-pravom-traze-promjene-izbornog-zakona-na-osnovu-odluka-ustavnog-suda\\\/#breadcrumb\",\"itemListElement\":[{\"@type\":\"ListItem\",\"position\":1,\"name\":\"Po\u010detna stranica\",\"item\":\"https:\\\/\\\/radioljubuski.ba\\\/\"},{\"@type\":\"ListItem\",\"position\":2,\"name\":\"Josip Brki\u0107: Poruke iz Bruxellesa jasan znak kako Hrvati s pravom tra\u017ee promjene Izbornog zakona na osnovu odluka Ustavnog suda\"}]},{\"@type\":\"WebSite\",\"@id\":\"https:\\\/\\\/radioljubuski.ba\\\/#website\",\"url\":\"https:\\\/\\\/radioljubuski.ba\\\/\",\"name\":\"Radio Ljubu\u0161ki\",\"description\":\"Sun\u010dana frekvencija Hercegovine\",\"publisher\":{\"@id\":\"https:\\\/\\\/radioljubuski.ba\\\/#organization\"},\"potentialAction\":[{\"@type\":\"SearchAction\",\"target\":{\"@type\":\"EntryPoint\",\"urlTemplate\":\"https:\\\/\\\/radioljubuski.ba\\\/?s={search_term_string}\"},\"query-input\":{\"@type\":\"PropertyValueSpecification\",\"valueRequired\":true,\"valueName\":\"search_term_string\"}}],\"inLanguage\":\"hr\"},{\"@type\":\"Organization\",\"@id\":\"https:\\\/\\\/radioljubuski.ba\\\/#organization\",\"name\":\"Radio Ljubu\u0161ki\",\"url\":\"https:\\\/\\\/radioljubuski.ba\\\/\",\"logo\":{\"@type\":\"ImageObject\",\"inLanguage\":\"hr\",\"@id\":\"https:\\\/\\\/radioljubuski.ba\\\/#\\\/schema\\\/logo\\\/image\\\/\",\"url\":\"https:\\\/\\\/radioljubuski.ba\\\/wp-content\\\/uploads\\\/2021\\\/02\\\/cropped-Radio_Ljubuski_logo1.jpg\",\"contentUrl\":\"https:\\\/\\\/radioljubuski.ba\\\/wp-content\\\/uploads\\\/2021\\\/02\\\/cropped-Radio_Ljubuski_logo1.jpg\",\"width\":512,\"height\":512,\"caption\":\"Radio Ljubu\u0161ki\"},\"image\":{\"@id\":\"https:\\\/\\\/radioljubuski.ba\\\/#\\\/schema\\\/logo\\\/image\\\/\"},\"sameAs\":[\"https:\\\/\\\/www.facebook.com\\\/Radiio-Ljubuski-1490835324566332\",\"https:\\\/\\\/x.com\\\/radioljubuski\",\"https:\\\/\\\/hr.linkedin.com\\\/company\\\/radio-ljubuski\",\"https:\\\/\\\/www.youtube.com\\\/channel\\\/UCHYaeO_n0Db3tjNGudGpXyw\"]},{\"@type\":\"Person\",\"@id\":\"https:\\\/\\\/radioljubuski.ba\\\/#\\\/schema\\\/person\\\/19fc700381a780f69665d7956c469e3b\",\"name\":\"Radio Ljubu\u0161ki\"}]}<\/script>\n<!-- \/ Yoast SEO plugin. -->","yoast_head_json":{"title":"Josip Brki\u0107: Poruke iz Bruxellesa jasan znak kako Hrvati s pravom tra\u017ee promjene Izbornog zakona na osnovu odluka Ustavnog suda - RADIO LJUBU\u0160KI","robots":{"index":"index","follow":"follow","max-snippet":"max-snippet:-1","max-image-preview":"max-image-preview:large","max-video-preview":"max-video-preview:-1"},"canonical":"https:\/\/radioljubuski.ba\/index.php\/2022\/06\/24\/josip-brkic-poruke-iz-bruxellesa-jasan-znak-kako-hrvati-s-pravom-traze-promjene-izbornog-zakona-na-osnovu-odluka-ustavnog-suda\/","og_locale":"hr_HR","og_type":"article","og_title":"Josip Brki\u0107: Poruke iz Bruxellesa jasan znak kako Hrvati s pravom tra\u017ee promjene Izbornog zakona na osnovu odluka Ustavnog suda - RADIO LJUBU\u0160KI","og_description":"Ministar vanjskih i europskih poslova Gordan Grli\u0107 Radman ve\u010deras je u HTV-ovoj emisiji Otvoreno Bosnu i Hercegovinu nazvao disfunkcionalnom zemljom s velikim demokratskim deficitom, upitav\u0161i se kako takva zemlja mo\u017ee dobiti status kandidata za \u010dlanstvo u Europskoj uniji. Nakon \u0161to su Ukrajina i Moldavija dobile kandidatski status za ulazak u Europsku uniju, otvoreno je pitanje [&hellip;]","og_url":"https:\/\/radioljubuski.ba\/index.php\/2022\/06\/24\/josip-brkic-poruke-iz-bruxellesa-jasan-znak-kako-hrvati-s-pravom-traze-promjene-izbornog-zakona-na-osnovu-odluka-ustavnog-suda\/","og_site_name":"RADIO LJUBU\u0160KI","article_publisher":"https:\/\/www.facebook.com\/Radiio-Ljubuski-1490835324566332","article_published_time":"2022-06-24T14:54:17+00:00","article_modified_time":"2022-06-24T14:54:19+00:00","og_image":[{"width":1000,"height":625,"url":"https:\/\/radioljubuski.ba\/wp-content\/uploads\/2022\/06\/brkic.jpg","type":"image\/jpeg"}],"author":"Radio Ljubu\u0161ki","twitter_card":"summary_large_image","twitter_creator":"@radioljubuski","twitter_site":"@radioljubuski","twitter_misc":{"Napisao\/la":"Radio Ljubu\u0161ki","Procijenjeno vrijeme \u010ditanja":"4 minute"},"schema":{"@context":"https:\/\/schema.org","@graph":[{"@type":"Article","@id":"https:\/\/radioljubuski.ba\/index.php\/2022\/06\/24\/josip-brkic-poruke-iz-bruxellesa-jasan-znak-kako-hrvati-s-pravom-traze-promjene-izbornog-zakona-na-osnovu-odluka-ustavnog-suda\/#article","isPartOf":{"@id":"https:\/\/radioljubuski.ba\/index.php\/2022\/06\/24\/josip-brkic-poruke-iz-bruxellesa-jasan-znak-kako-hrvati-s-pravom-traze-promjene-izbornog-zakona-na-osnovu-odluka-ustavnog-suda\/"},"author":{"name":"Radio Ljubu\u0161ki","@id":"https:\/\/radioljubuski.ba\/#\/schema\/person\/19fc700381a780f69665d7956c469e3b"},"headline":"Josip Brki\u0107: Poruke iz Bruxellesa jasan znak kako Hrvati s pravom tra\u017ee promjene Izbornog zakona na osnovu odluka Ustavnog suda","datePublished":"2022-06-24T14:54:17+00:00","dateModified":"2022-06-24T14:54:19+00:00","mainEntityOfPage":{"@id":"https:\/\/radioljubuski.ba\/index.php\/2022\/06\/24\/josip-brkic-poruke-iz-bruxellesa-jasan-znak-kako-hrvati-s-pravom-traze-promjene-izbornog-zakona-na-osnovu-odluka-ustavnog-suda\/"},"wordCount":815,"publisher":{"@id":"https:\/\/radioljubuski.ba\/#organization"},"image":{"@id":"https:\/\/radioljubuski.ba\/index.php\/2022\/06\/24\/josip-brkic-poruke-iz-bruxellesa-jasan-znak-kako-hrvati-s-pravom-traze-promjene-izbornog-zakona-na-osnovu-odluka-ustavnog-suda\/#primaryimage"},"thumbnailUrl":"https:\/\/radioljubuski.ba\/wp-content\/uploads\/2022\/06\/brkic.jpg","articleSection":["BIH i regija"],"inLanguage":"hr"},{"@type":"WebPage","@id":"https:\/\/radioljubuski.ba\/index.php\/2022\/06\/24\/josip-brkic-poruke-iz-bruxellesa-jasan-znak-kako-hrvati-s-pravom-traze-promjene-izbornog-zakona-na-osnovu-odluka-ustavnog-suda\/","url":"https:\/\/radioljubuski.ba\/index.php\/2022\/06\/24\/josip-brkic-poruke-iz-bruxellesa-jasan-znak-kako-hrvati-s-pravom-traze-promjene-izbornog-zakona-na-osnovu-odluka-ustavnog-suda\/","name":"Josip Brki\u0107: Poruke iz Bruxellesa jasan znak kako Hrvati s pravom tra\u017ee promjene Izbornog zakona na osnovu odluka Ustavnog suda - RADIO LJUBU\u0160KI","isPartOf":{"@id":"https:\/\/radioljubuski.ba\/#website"},"primaryImageOfPage":{"@id":"https:\/\/radioljubuski.ba\/index.php\/2022\/06\/24\/josip-brkic-poruke-iz-bruxellesa-jasan-znak-kako-hrvati-s-pravom-traze-promjene-izbornog-zakona-na-osnovu-odluka-ustavnog-suda\/#primaryimage"},"image":{"@id":"https:\/\/radioljubuski.ba\/index.php\/2022\/06\/24\/josip-brkic-poruke-iz-bruxellesa-jasan-znak-kako-hrvati-s-pravom-traze-promjene-izbornog-zakona-na-osnovu-odluka-ustavnog-suda\/#primaryimage"},"thumbnailUrl":"https:\/\/radioljubuski.ba\/wp-content\/uploads\/2022\/06\/brkic.jpg","datePublished":"2022-06-24T14:54:17+00:00","dateModified":"2022-06-24T14:54:19+00:00","breadcrumb":{"@id":"https:\/\/radioljubuski.ba\/index.php\/2022\/06\/24\/josip-brkic-poruke-iz-bruxellesa-jasan-znak-kako-hrvati-s-pravom-traze-promjene-izbornog-zakona-na-osnovu-odluka-ustavnog-suda\/#breadcrumb"},"inLanguage":"hr","potentialAction":[{"@type":"ReadAction","target":["https:\/\/radioljubuski.ba\/index.php\/2022\/06\/24\/josip-brkic-poruke-iz-bruxellesa-jasan-znak-kako-hrvati-s-pravom-traze-promjene-izbornog-zakona-na-osnovu-odluka-ustavnog-suda\/"]}]},{"@type":"ImageObject","inLanguage":"hr","@id":"https:\/\/radioljubuski.ba\/index.php\/2022\/06\/24\/josip-brkic-poruke-iz-bruxellesa-jasan-znak-kako-hrvati-s-pravom-traze-promjene-izbornog-zakona-na-osnovu-odluka-ustavnog-suda\/#primaryimage","url":"https:\/\/radioljubuski.ba\/wp-content\/uploads\/2022\/06\/brkic.jpg","contentUrl":"https:\/\/radioljubuski.ba\/wp-content\/uploads\/2022\/06\/brkic.jpg","width":1000,"height":625},{"@type":"BreadcrumbList","@id":"https:\/\/radioljubuski.ba\/index.php\/2022\/06\/24\/josip-brkic-poruke-iz-bruxellesa-jasan-znak-kako-hrvati-s-pravom-traze-promjene-izbornog-zakona-na-osnovu-odluka-ustavnog-suda\/#breadcrumb","itemListElement":[{"@type":"ListItem","position":1,"name":"Po\u010detna stranica","item":"https:\/\/radioljubuski.ba\/"},{"@type":"ListItem","position":2,"name":"Josip Brki\u0107: Poruke iz Bruxellesa jasan znak kako Hrvati s pravom tra\u017ee promjene Izbornog zakona na osnovu odluka Ustavnog suda"}]},{"@type":"WebSite","@id":"https:\/\/radioljubuski.ba\/#website","url":"https:\/\/radioljubuski.ba\/","name":"Radio Ljubu\u0161ki","description":"Sun\u010dana frekvencija Hercegovine","publisher":{"@id":"https:\/\/radioljubuski.ba\/#organization"},"potentialAction":[{"@type":"SearchAction","target":{"@type":"EntryPoint","urlTemplate":"https:\/\/radioljubuski.ba\/?s={search_term_string}"},"query-input":{"@type":"PropertyValueSpecification","valueRequired":true,"valueName":"search_term_string"}}],"inLanguage":"hr"},{"@type":"Organization","@id":"https:\/\/radioljubuski.ba\/#organization","name":"Radio Ljubu\u0161ki","url":"https:\/\/radioljubuski.ba\/","logo":{"@type":"ImageObject","inLanguage":"hr","@id":"https:\/\/radioljubuski.ba\/#\/schema\/logo\/image\/","url":"https:\/\/radioljubuski.ba\/wp-content\/uploads\/2021\/02\/cropped-Radio_Ljubuski_logo1.jpg","contentUrl":"https:\/\/radioljubuski.ba\/wp-content\/uploads\/2021\/02\/cropped-Radio_Ljubuski_logo1.jpg","width":512,"height":512,"caption":"Radio Ljubu\u0161ki"},"image":{"@id":"https:\/\/radioljubuski.ba\/#\/schema\/logo\/image\/"},"sameAs":["https:\/\/www.facebook.com\/Radiio-Ljubuski-1490835324566332","https:\/\/x.com\/radioljubuski","https:\/\/hr.linkedin.com\/company\/radio-ljubuski","https:\/\/www.youtube.com\/channel\/UCHYaeO_n0Db3tjNGudGpXyw"]},{"@type":"Person","@id":"https:\/\/radioljubuski.ba\/#\/schema\/person\/19fc700381a780f69665d7956c469e3b","name":"Radio Ljubu\u0161ki"}]}},"_links":{"self":[{"href":"https:\/\/radioljubuski.ba\/index.php\/wp-json\/wp\/v2\/posts\/153042","targetHints":{"allow":["GET"]}}],"collection":[{"href":"https:\/\/radioljubuski.ba\/index.php\/wp-json\/wp\/v2\/posts"}],"about":[{"href":"https:\/\/radioljubuski.ba\/index.php\/wp-json\/wp\/v2\/types\/post"}],"author":[{"embeddable":true,"href":"https:\/\/radioljubuski.ba\/index.php\/wp-json\/wp\/v2\/users\/2"}],"replies":[{"embeddable":true,"href":"https:\/\/radioljubuski.ba\/index.php\/wp-json\/wp\/v2\/comments?post=153042"}],"version-history":[{"count":1,"href":"https:\/\/radioljubuski.ba\/index.php\/wp-json\/wp\/v2\/posts\/153042\/revisions"}],"predecessor-version":[{"id":153044,"href":"https:\/\/radioljubuski.ba\/index.php\/wp-json\/wp\/v2\/posts\/153042\/revisions\/153044"}],"wp:featuredmedia":[{"embeddable":true,"href":"https:\/\/radioljubuski.ba\/index.php\/wp-json\/wp\/v2\/media\/153043"}],"wp:attachment":[{"href":"https:\/\/radioljubuski.ba\/index.php\/wp-json\/wp\/v2\/media?parent=153042"}],"wp:term":[{"taxonomy":"category","embeddable":true,"href":"https:\/\/radioljubuski.ba\/index.php\/wp-json\/wp\/v2\/categories?post=153042"},{"taxonomy":"post_tag","embeddable":true,"href":"https:\/\/radioljubuski.ba\/index.php\/wp-json\/wp\/v2\/tags?post=153042"}],"curies":[{"name":"wp","href":"https:\/\/api.w.org\/{rel}","templated":true}]}}