{"id":153059,"date":"2022-06-24T16:07:58","date_gmt":"2022-06-24T15:07:58","guid":{"rendered":"https:\/\/radioljubuski.ba\/?p=153059"},"modified":"2022-06-24T16:07:59","modified_gmt":"2022-06-24T15:07:59","slug":"inspektori-na-crpkama-samo-za-ovaj-mjesec-urucit-ce-227-800-km-kazni-zbog-cijena","status":"publish","type":"post","link":"https:\/\/radioljubuski.ba\/index.php\/2022\/06\/24\/inspektori-na-crpkama-samo-za-ovaj-mjesec-urucit-ce-227-800-km-kazni-zbog-cijena\/","title":{"rendered":"Inspektori na crpkama: Samo za ovaj mjesec uru\u010dit \u0107e 227.800 KM kazni zbog cijena"},"content":{"rendered":"\n<p>Vidljivi svakodnevni rast cijena goriva na benzinskim crpkama u Bosni i Hercegovini izazvao je ogor\u010denje gra\u0111ana, ali i sumnje da prometnici naftom koriste priliku za ekstra zaradu.<\/p>\n\n\n\n<p>Almir Be\u010darevi\u0107, stru\u010dnjak za energetiku, kazao je da rast cijena ima objektivne razloge, ali da ima i subjektivnih zbog kojih bi inspekcije trebale ja\u010de djelovati. U prilog toj tvrdnji naveo je da postoji velika razlika, od 50 do 60 feninga, u cijeni jednog naftnog derivata, u zavisnosti od crpke do crpke, a maksimalna mar\u017ea svima je 25 feninga.<\/p>\n\n\n\n<p>Tako se, prema podacima Ministarstva trgovine FBiH, cijena benzina ju\u010der kretala od 3,06 do 3,61 KM po litri, a dizela od 3,36 KM do 3,81 KM po litri.<\/p>\n\n\n\n<p>Iz Federalne uprave za inspekcijske poslove su za&nbsp;<a href=\"https:\/\/faktor.ba\/vijest\/inspektori-na-pumpama-samo-za-ovaj-mjesec-urucit-ce-227800-km-kazni-zbog-cijena\/167342\" target=\"_blank\" rel=\"noreferrer noopener\">Faktor<\/a>&nbsp;odgovorili da li trenutno kontroliraju po\u0161tivanje ograni\u010denja mar\u017ei na benzinskim crpkama.<\/p>\n\n\n\n<p>Istakli su da se od 14. o\u017eujka provodi poja\u010dan inspekcijski nadzor ne samo goriva nego svih oblasti za koje su nadle\u017eni, i tako \u0107e biti do kraja srpnja.<\/p>\n\n\n\n<p>Kada je u pitanju cijena naftnih derivata, tokom o\u017eujka je utvr\u0111eno \u010dak 50 posto nepravilnosti, tokom travnja oko 24 posto, a svibnja&nbsp; opet oko 43 posto, \u0161to govori o &#8220;trendovima umjerenog rasta i konstante u utvr\u0111enim nepravilnostima od kraja sije\u010dnja odnosno velja\u010de mjeseca do danas&#8221;.<\/p>\n\n\n\n<p>U svibnju&nbsp; su inpektori izvr\u0161ili 23 nadzora i utvrdili deset nepravilnosti za koje su izdati prekr\u0161ajni nalozi u iznosu od 12.500 KM. Nakon 20 kontrolnih pregleda na benzinskim crpkama u svibnju je evidentirano da nije do\u0161lo do pove\u0107anja cijena.<\/p>\n\n\n\n<p>Kada je u pitanju ovaj mjesec, odnosno period od 1. do 22. lipnja, izvr\u0161ena su 184 inspekcijska nadzora.<\/p>\n\n\n\n<p>&#8211; Zbog ustanovljenih nepravilnosti je planirano izdavanje 134 prekr\u0161ajna naloga s financijskim teretom od 227.800 KM \u2013 naveli su iz Federalne uprave za inspekcijske poslove.<\/p>\n\n\n\n<p>Dodaju da se u ovom mjesecu, osim cijena, kontrolira koli\u010dina istakanja goriva u vozila.<\/p>\n\n\n\n<p>&#8211; Nadalje, kod dva uvoznika je ustanovljeno da je do\u0161lo do enormnog pove\u0107anja cijena, za oko 30 feninga i vi\u0161e po litru, u odnosu na druge uvoznike i manje benzinske crpke gdje su kod ve\u0107ine evidentirane stabilne cijene \u2013 naglasili su u inspekciji.<\/p>\n\n\n\n<p>Izvor:faktor.ba<\/p>\n","protected":false},"excerpt":{"rendered":"<p>Vidljivi svakodnevni rast cijena goriva na benzinskim crpkama u Bosni i Hercegovini izazvao je ogor\u010denje gra\u0111ana, ali i sumnje da prometnici naftom koriste priliku za ekstra zaradu. Almir Be\u010darevi\u0107, stru\u010dnjak za energetiku, kazao je da rast cijena ima objektivne razloge, ali da ima i subjektivnih zbog kojih bi inspekcije trebale ja\u010de djelovati. U prilog toj [&hellip;]<\/p>\n","protected":false},"author":2,"featured_media":150411,"comment_status":"closed","ping_status":"closed","sticky":false,"template":"","format":"standard","meta":{"h5ap_radio_sources":[],"footnotes":""},"categories":[1],"tags":[],"class_list":["post-153059","post","type-post","status-publish","format-standard","has-post-thumbnail","hentry","category-bihiregija"],"yoast_head":"<!-- This site is optimized with the Yoast SEO plugin v27.4 - https:\/\/yoast.com\/product\/yoast-seo-wordpress\/ -->\n<title>Inspektori na crpkama: Samo za ovaj mjesec uru\u010dit \u0107e 227.800 KM kazni zbog cijena - RADIO LJUBU\u0160KI<\/title>\n<meta name=\"robots\" content=\"index, follow, max-snippet:-1, max-image-preview:large, max-video-preview:-1\" \/>\n<link rel=\"canonical\" href=\"https:\/\/radioljubuski.ba\/index.php\/2022\/06\/24\/inspektori-na-crpkama-samo-za-ovaj-mjesec-urucit-ce-227-800-km-kazni-zbog-cijena\/\" \/>\n<meta property=\"og:locale\" content=\"hr_HR\" \/>\n<meta property=\"og:type\" content=\"article\" \/>\n<meta property=\"og:title\" content=\"Inspektori na crpkama: Samo za ovaj mjesec uru\u010dit \u0107e 227.800 KM kazni zbog cijena - RADIO LJUBU\u0160KI\" \/>\n<meta property=\"og:description\" content=\"Vidljivi svakodnevni rast cijena goriva na benzinskim crpkama u Bosni i Hercegovini izazvao je ogor\u010denje gra\u0111ana, ali i sumnje da prometnici naftom koriste priliku za ekstra zaradu. Almir Be\u010darevi\u0107, stru\u010dnjak za energetiku, kazao je da rast cijena ima objektivne razloge, ali da ima i subjektivnih zbog kojih bi inspekcije trebale ja\u010de djelovati. U prilog toj [&hellip;]\" \/>\n<meta property=\"og:url\" content=\"https:\/\/radioljubuski.ba\/index.php\/2022\/06\/24\/inspektori-na-crpkama-samo-za-ovaj-mjesec-urucit-ce-227-800-km-kazni-zbog-cijena\/\" \/>\n<meta property=\"og:site_name\" content=\"RADIO LJUBU\u0160KI\" \/>\n<meta property=\"article:publisher\" content=\"https:\/\/www.facebook.com\/Radiio-Ljubuski-1490835324566332\" \/>\n<meta property=\"article:published_time\" content=\"2022-06-24T15:07:58+00:00\" \/>\n<meta property=\"article:modified_time\" content=\"2022-06-24T15:07:59+00:00\" \/>\n<meta property=\"og:image\" content=\"https:\/\/radioljubuski.ba\/wp-content\/uploads\/2022\/06\/s3MrzoSw_inspekcija_federalna.jpg\" \/>\n\t<meta property=\"og:image:width\" content=\"1000\" \/>\n\t<meta property=\"og:image:height\" content=\"625\" \/>\n\t<meta property=\"og:image:type\" content=\"image\/jpeg\" \/>\n<meta name=\"author\" content=\"Radio Ljubu\u0161ki\" \/>\n<meta name=\"twitter:card\" content=\"summary_large_image\" \/>\n<meta name=\"twitter:creator\" content=\"@radioljubuski\" \/>\n<meta name=\"twitter:site\" content=\"@radioljubuski\" \/>\n<meta name=\"twitter:label1\" content=\"Napisao\/la\" \/>\n\t<meta name=\"twitter:data1\" content=\"Radio Ljubu\u0161ki\" \/>\n\t<meta name=\"twitter:label2\" content=\"Procijenjeno vrijeme \u010ditanja\" \/>\n\t<meta name=\"twitter:data2\" content=\"2 minute\" \/>\n<script type=\"application\/ld+json\" class=\"yoast-schema-graph\">{\"@context\":\"https:\\\/\\\/schema.org\",\"@graph\":[{\"@type\":\"Article\",\"@id\":\"https:\\\/\\\/radioljubuski.ba\\\/index.php\\\/2022\\\/06\\\/24\\\/inspektori-na-crpkama-samo-za-ovaj-mjesec-urucit-ce-227-800-km-kazni-zbog-cijena\\\/#article\",\"isPartOf\":{\"@id\":\"https:\\\/\\\/radioljubuski.ba\\\/index.php\\\/2022\\\/06\\\/24\\\/inspektori-na-crpkama-samo-za-ovaj-mjesec-urucit-ce-227-800-km-kazni-zbog-cijena\\\/\"},\"author\":{\"name\":\"Radio Ljubu\u0161ki\",\"@id\":\"https:\\\/\\\/radioljubuski.ba\\\/#\\\/schema\\\/person\\\/19fc700381a780f69665d7956c469e3b\"},\"headline\":\"Inspektori na crpkama: Samo za ovaj mjesec uru\u010dit \u0107e 227.800 KM kazni zbog cijena\",\"datePublished\":\"2022-06-24T15:07:58+00:00\",\"dateModified\":\"2022-06-24T15:07:59+00:00\",\"mainEntityOfPage\":{\"@id\":\"https:\\\/\\\/radioljubuski.ba\\\/index.php\\\/2022\\\/06\\\/24\\\/inspektori-na-crpkama-samo-za-ovaj-mjesec-urucit-ce-227-800-km-kazni-zbog-cijena\\\/\"},\"wordCount\":373,\"publisher\":{\"@id\":\"https:\\\/\\\/radioljubuski.ba\\\/#organization\"},\"image\":{\"@id\":\"https:\\\/\\\/radioljubuski.ba\\\/index.php\\\/2022\\\/06\\\/24\\\/inspektori-na-crpkama-samo-za-ovaj-mjesec-urucit-ce-227-800-km-kazni-zbog-cijena\\\/#primaryimage\"},\"thumbnailUrl\":\"https:\\\/\\\/radioljubuski.ba\\\/wp-content\\\/uploads\\\/2022\\\/06\\\/s3MrzoSw_inspekcija_federalna.jpg\",\"articleSection\":[\"BIH i regija\"],\"inLanguage\":\"hr\"},{\"@type\":\"WebPage\",\"@id\":\"https:\\\/\\\/radioljubuski.ba\\\/index.php\\\/2022\\\/06\\\/24\\\/inspektori-na-crpkama-samo-za-ovaj-mjesec-urucit-ce-227-800-km-kazni-zbog-cijena\\\/\",\"url\":\"https:\\\/\\\/radioljubuski.ba\\\/index.php\\\/2022\\\/06\\\/24\\\/inspektori-na-crpkama-samo-za-ovaj-mjesec-urucit-ce-227-800-km-kazni-zbog-cijena\\\/\",\"name\":\"Inspektori na crpkama: Samo za ovaj mjesec uru\u010dit \u0107e 227.800 KM kazni zbog cijena - RADIO LJUBU\u0160KI\",\"isPartOf\":{\"@id\":\"https:\\\/\\\/radioljubuski.ba\\\/#website\"},\"primaryImageOfPage\":{\"@id\":\"https:\\\/\\\/radioljubuski.ba\\\/index.php\\\/2022\\\/06\\\/24\\\/inspektori-na-crpkama-samo-za-ovaj-mjesec-urucit-ce-227-800-km-kazni-zbog-cijena\\\/#primaryimage\"},\"image\":{\"@id\":\"https:\\\/\\\/radioljubuski.ba\\\/index.php\\\/2022\\\/06\\\/24\\\/inspektori-na-crpkama-samo-za-ovaj-mjesec-urucit-ce-227-800-km-kazni-zbog-cijena\\\/#primaryimage\"},\"thumbnailUrl\":\"https:\\\/\\\/radioljubuski.ba\\\/wp-content\\\/uploads\\\/2022\\\/06\\\/s3MrzoSw_inspekcija_federalna.jpg\",\"datePublished\":\"2022-06-24T15:07:58+00:00\",\"dateModified\":\"2022-06-24T15:07:59+00:00\",\"breadcrumb\":{\"@id\":\"https:\\\/\\\/radioljubuski.ba\\\/index.php\\\/2022\\\/06\\\/24\\\/inspektori-na-crpkama-samo-za-ovaj-mjesec-urucit-ce-227-800-km-kazni-zbog-cijena\\\/#breadcrumb\"},\"inLanguage\":\"hr\",\"potentialAction\":[{\"@type\":\"ReadAction\",\"target\":[\"https:\\\/\\\/radioljubuski.ba\\\/index.php\\\/2022\\\/06\\\/24\\\/inspektori-na-crpkama-samo-za-ovaj-mjesec-urucit-ce-227-800-km-kazni-zbog-cijena\\\/\"]}]},{\"@type\":\"ImageObject\",\"inLanguage\":\"hr\",\"@id\":\"https:\\\/\\\/radioljubuski.ba\\\/index.php\\\/2022\\\/06\\\/24\\\/inspektori-na-crpkama-samo-za-ovaj-mjesec-urucit-ce-227-800-km-kazni-zbog-cijena\\\/#primaryimage\",\"url\":\"https:\\\/\\\/radioljubuski.ba\\\/wp-content\\\/uploads\\\/2022\\\/06\\\/s3MrzoSw_inspekcija_federalna.jpg\",\"contentUrl\":\"https:\\\/\\\/radioljubuski.ba\\\/wp-content\\\/uploads\\\/2022\\\/06\\\/s3MrzoSw_inspekcija_federalna.jpg\",\"width\":1000,\"height\":625},{\"@type\":\"BreadcrumbList\",\"@id\":\"https:\\\/\\\/radioljubuski.ba\\\/index.php\\\/2022\\\/06\\\/24\\\/inspektori-na-crpkama-samo-za-ovaj-mjesec-urucit-ce-227-800-km-kazni-zbog-cijena\\\/#breadcrumb\",\"itemListElement\":[{\"@type\":\"ListItem\",\"position\":1,\"name\":\"Po\u010detna stranica\",\"item\":\"https:\\\/\\\/radioljubuski.ba\\\/\"},{\"@type\":\"ListItem\",\"position\":2,\"name\":\"Inspektori na crpkama: Samo za ovaj mjesec uru\u010dit \u0107e 227.800 KM kazni zbog cijena\"}]},{\"@type\":\"WebSite\",\"@id\":\"https:\\\/\\\/radioljubuski.ba\\\/#website\",\"url\":\"https:\\\/\\\/radioljubuski.ba\\\/\",\"name\":\"Radio Ljubu\u0161ki\",\"description\":\"Sun\u010dana frekvencija Hercegovine\",\"publisher\":{\"@id\":\"https:\\\/\\\/radioljubuski.ba\\\/#organization\"},\"potentialAction\":[{\"@type\":\"SearchAction\",\"target\":{\"@type\":\"EntryPoint\",\"urlTemplate\":\"https:\\\/\\\/radioljubuski.ba\\\/?s={search_term_string}\"},\"query-input\":{\"@type\":\"PropertyValueSpecification\",\"valueRequired\":true,\"valueName\":\"search_term_string\"}}],\"inLanguage\":\"hr\"},{\"@type\":\"Organization\",\"@id\":\"https:\\\/\\\/radioljubuski.ba\\\/#organization\",\"name\":\"Radio Ljubu\u0161ki\",\"url\":\"https:\\\/\\\/radioljubuski.ba\\\/\",\"logo\":{\"@type\":\"ImageObject\",\"inLanguage\":\"hr\",\"@id\":\"https:\\\/\\\/radioljubuski.ba\\\/#\\\/schema\\\/logo\\\/image\\\/\",\"url\":\"https:\\\/\\\/radioljubuski.ba\\\/wp-content\\\/uploads\\\/2021\\\/02\\\/cropped-Radio_Ljubuski_logo1.jpg\",\"contentUrl\":\"https:\\\/\\\/radioljubuski.ba\\\/wp-content\\\/uploads\\\/2021\\\/02\\\/cropped-Radio_Ljubuski_logo1.jpg\",\"width\":512,\"height\":512,\"caption\":\"Radio Ljubu\u0161ki\"},\"image\":{\"@id\":\"https:\\\/\\\/radioljubuski.ba\\\/#\\\/schema\\\/logo\\\/image\\\/\"},\"sameAs\":[\"https:\\\/\\\/www.facebook.com\\\/Radiio-Ljubuski-1490835324566332\",\"https:\\\/\\\/x.com\\\/radioljubuski\",\"https:\\\/\\\/hr.linkedin.com\\\/company\\\/radio-ljubuski\",\"https:\\\/\\\/www.youtube.com\\\/channel\\\/UCHYaeO_n0Db3tjNGudGpXyw\"]},{\"@type\":\"Person\",\"@id\":\"https:\\\/\\\/radioljubuski.ba\\\/#\\\/schema\\\/person\\\/19fc700381a780f69665d7956c469e3b\",\"name\":\"Radio Ljubu\u0161ki\"}]}<\/script>\n<!-- \/ Yoast SEO plugin. -->","yoast_head_json":{"title":"Inspektori na crpkama: Samo za ovaj mjesec uru\u010dit \u0107e 227.800 KM kazni zbog cijena - RADIO LJUBU\u0160KI","robots":{"index":"index","follow":"follow","max-snippet":"max-snippet:-1","max-image-preview":"max-image-preview:large","max-video-preview":"max-video-preview:-1"},"canonical":"https:\/\/radioljubuski.ba\/index.php\/2022\/06\/24\/inspektori-na-crpkama-samo-za-ovaj-mjesec-urucit-ce-227-800-km-kazni-zbog-cijena\/","og_locale":"hr_HR","og_type":"article","og_title":"Inspektori na crpkama: Samo za ovaj mjesec uru\u010dit \u0107e 227.800 KM kazni zbog cijena - RADIO LJUBU\u0160KI","og_description":"Vidljivi svakodnevni rast cijena goriva na benzinskim crpkama u Bosni i Hercegovini izazvao je ogor\u010denje gra\u0111ana, ali i sumnje da prometnici naftom koriste priliku za ekstra zaradu. Almir Be\u010darevi\u0107, stru\u010dnjak za energetiku, kazao je da rast cijena ima objektivne razloge, ali da ima i subjektivnih zbog kojih bi inspekcije trebale ja\u010de djelovati. U prilog toj [&hellip;]","og_url":"https:\/\/radioljubuski.ba\/index.php\/2022\/06\/24\/inspektori-na-crpkama-samo-za-ovaj-mjesec-urucit-ce-227-800-km-kazni-zbog-cijena\/","og_site_name":"RADIO LJUBU\u0160KI","article_publisher":"https:\/\/www.facebook.com\/Radiio-Ljubuski-1490835324566332","article_published_time":"2022-06-24T15:07:58+00:00","article_modified_time":"2022-06-24T15:07:59+00:00","og_image":[{"width":1000,"height":625,"url":"https:\/\/radioljubuski.ba\/wp-content\/uploads\/2022\/06\/s3MrzoSw_inspekcija_federalna.jpg","type":"image\/jpeg"}],"author":"Radio Ljubu\u0161ki","twitter_card":"summary_large_image","twitter_creator":"@radioljubuski","twitter_site":"@radioljubuski","twitter_misc":{"Napisao\/la":"Radio Ljubu\u0161ki","Procijenjeno vrijeme \u010ditanja":"2 minute"},"schema":{"@context":"https:\/\/schema.org","@graph":[{"@type":"Article","@id":"https:\/\/radioljubuski.ba\/index.php\/2022\/06\/24\/inspektori-na-crpkama-samo-za-ovaj-mjesec-urucit-ce-227-800-km-kazni-zbog-cijena\/#article","isPartOf":{"@id":"https:\/\/radioljubuski.ba\/index.php\/2022\/06\/24\/inspektori-na-crpkama-samo-za-ovaj-mjesec-urucit-ce-227-800-km-kazni-zbog-cijena\/"},"author":{"name":"Radio Ljubu\u0161ki","@id":"https:\/\/radioljubuski.ba\/#\/schema\/person\/19fc700381a780f69665d7956c469e3b"},"headline":"Inspektori na crpkama: Samo za ovaj mjesec uru\u010dit \u0107e 227.800 KM kazni zbog cijena","datePublished":"2022-06-24T15:07:58+00:00","dateModified":"2022-06-24T15:07:59+00:00","mainEntityOfPage":{"@id":"https:\/\/radioljubuski.ba\/index.php\/2022\/06\/24\/inspektori-na-crpkama-samo-za-ovaj-mjesec-urucit-ce-227-800-km-kazni-zbog-cijena\/"},"wordCount":373,"publisher":{"@id":"https:\/\/radioljubuski.ba\/#organization"},"image":{"@id":"https:\/\/radioljubuski.ba\/index.php\/2022\/06\/24\/inspektori-na-crpkama-samo-za-ovaj-mjesec-urucit-ce-227-800-km-kazni-zbog-cijena\/#primaryimage"},"thumbnailUrl":"https:\/\/radioljubuski.ba\/wp-content\/uploads\/2022\/06\/s3MrzoSw_inspekcija_federalna.jpg","articleSection":["BIH i regija"],"inLanguage":"hr"},{"@type":"WebPage","@id":"https:\/\/radioljubuski.ba\/index.php\/2022\/06\/24\/inspektori-na-crpkama-samo-za-ovaj-mjesec-urucit-ce-227-800-km-kazni-zbog-cijena\/","url":"https:\/\/radioljubuski.ba\/index.php\/2022\/06\/24\/inspektori-na-crpkama-samo-za-ovaj-mjesec-urucit-ce-227-800-km-kazni-zbog-cijena\/","name":"Inspektori na crpkama: Samo za ovaj mjesec uru\u010dit \u0107e 227.800 KM kazni zbog cijena - RADIO LJUBU\u0160KI","isPartOf":{"@id":"https:\/\/radioljubuski.ba\/#website"},"primaryImageOfPage":{"@id":"https:\/\/radioljubuski.ba\/index.php\/2022\/06\/24\/inspektori-na-crpkama-samo-za-ovaj-mjesec-urucit-ce-227-800-km-kazni-zbog-cijena\/#primaryimage"},"image":{"@id":"https:\/\/radioljubuski.ba\/index.php\/2022\/06\/24\/inspektori-na-crpkama-samo-za-ovaj-mjesec-urucit-ce-227-800-km-kazni-zbog-cijena\/#primaryimage"},"thumbnailUrl":"https:\/\/radioljubuski.ba\/wp-content\/uploads\/2022\/06\/s3MrzoSw_inspekcija_federalna.jpg","datePublished":"2022-06-24T15:07:58+00:00","dateModified":"2022-06-24T15:07:59+00:00","breadcrumb":{"@id":"https:\/\/radioljubuski.ba\/index.php\/2022\/06\/24\/inspektori-na-crpkama-samo-za-ovaj-mjesec-urucit-ce-227-800-km-kazni-zbog-cijena\/#breadcrumb"},"inLanguage":"hr","potentialAction":[{"@type":"ReadAction","target":["https:\/\/radioljubuski.ba\/index.php\/2022\/06\/24\/inspektori-na-crpkama-samo-za-ovaj-mjesec-urucit-ce-227-800-km-kazni-zbog-cijena\/"]}]},{"@type":"ImageObject","inLanguage":"hr","@id":"https:\/\/radioljubuski.ba\/index.php\/2022\/06\/24\/inspektori-na-crpkama-samo-za-ovaj-mjesec-urucit-ce-227-800-km-kazni-zbog-cijena\/#primaryimage","url":"https:\/\/radioljubuski.ba\/wp-content\/uploads\/2022\/06\/s3MrzoSw_inspekcija_federalna.jpg","contentUrl":"https:\/\/radioljubuski.ba\/wp-content\/uploads\/2022\/06\/s3MrzoSw_inspekcija_federalna.jpg","width":1000,"height":625},{"@type":"BreadcrumbList","@id":"https:\/\/radioljubuski.ba\/index.php\/2022\/06\/24\/inspektori-na-crpkama-samo-za-ovaj-mjesec-urucit-ce-227-800-km-kazni-zbog-cijena\/#breadcrumb","itemListElement":[{"@type":"ListItem","position":1,"name":"Po\u010detna stranica","item":"https:\/\/radioljubuski.ba\/"},{"@type":"ListItem","position":2,"name":"Inspektori na crpkama: Samo za ovaj mjesec uru\u010dit \u0107e 227.800 KM kazni zbog cijena"}]},{"@type":"WebSite","@id":"https:\/\/radioljubuski.ba\/#website","url":"https:\/\/radioljubuski.ba\/","name":"Radio Ljubu\u0161ki","description":"Sun\u010dana frekvencija Hercegovine","publisher":{"@id":"https:\/\/radioljubuski.ba\/#organization"},"potentialAction":[{"@type":"SearchAction","target":{"@type":"EntryPoint","urlTemplate":"https:\/\/radioljubuski.ba\/?s={search_term_string}"},"query-input":{"@type":"PropertyValueSpecification","valueRequired":true,"valueName":"search_term_string"}}],"inLanguage":"hr"},{"@type":"Organization","@id":"https:\/\/radioljubuski.ba\/#organization","name":"Radio Ljubu\u0161ki","url":"https:\/\/radioljubuski.ba\/","logo":{"@type":"ImageObject","inLanguage":"hr","@id":"https:\/\/radioljubuski.ba\/#\/schema\/logo\/image\/","url":"https:\/\/radioljubuski.ba\/wp-content\/uploads\/2021\/02\/cropped-Radio_Ljubuski_logo1.jpg","contentUrl":"https:\/\/radioljubuski.ba\/wp-content\/uploads\/2021\/02\/cropped-Radio_Ljubuski_logo1.jpg","width":512,"height":512,"caption":"Radio Ljubu\u0161ki"},"image":{"@id":"https:\/\/radioljubuski.ba\/#\/schema\/logo\/image\/"},"sameAs":["https:\/\/www.facebook.com\/Radiio-Ljubuski-1490835324566332","https:\/\/x.com\/radioljubuski","https:\/\/hr.linkedin.com\/company\/radio-ljubuski","https:\/\/www.youtube.com\/channel\/UCHYaeO_n0Db3tjNGudGpXyw"]},{"@type":"Person","@id":"https:\/\/radioljubuski.ba\/#\/schema\/person\/19fc700381a780f69665d7956c469e3b","name":"Radio Ljubu\u0161ki"}]}},"_links":{"self":[{"href":"https:\/\/radioljubuski.ba\/index.php\/wp-json\/wp\/v2\/posts\/153059","targetHints":{"allow":["GET"]}}],"collection":[{"href":"https:\/\/radioljubuski.ba\/index.php\/wp-json\/wp\/v2\/posts"}],"about":[{"href":"https:\/\/radioljubuski.ba\/index.php\/wp-json\/wp\/v2\/types\/post"}],"author":[{"embeddable":true,"href":"https:\/\/radioljubuski.ba\/index.php\/wp-json\/wp\/v2\/users\/2"}],"replies":[{"embeddable":true,"href":"https:\/\/radioljubuski.ba\/index.php\/wp-json\/wp\/v2\/comments?post=153059"}],"version-history":[{"count":1,"href":"https:\/\/radioljubuski.ba\/index.php\/wp-json\/wp\/v2\/posts\/153059\/revisions"}],"predecessor-version":[{"id":153060,"href":"https:\/\/radioljubuski.ba\/index.php\/wp-json\/wp\/v2\/posts\/153059\/revisions\/153060"}],"wp:featuredmedia":[{"embeddable":true,"href":"https:\/\/radioljubuski.ba\/index.php\/wp-json\/wp\/v2\/media\/150411"}],"wp:attachment":[{"href":"https:\/\/radioljubuski.ba\/index.php\/wp-json\/wp\/v2\/media?parent=153059"}],"wp:term":[{"taxonomy":"category","embeddable":true,"href":"https:\/\/radioljubuski.ba\/index.php\/wp-json\/wp\/v2\/categories?post=153059"},{"taxonomy":"post_tag","embeddable":true,"href":"https:\/\/radioljubuski.ba\/index.php\/wp-json\/wp\/v2\/tags?post=153059"}],"curies":[{"name":"wp","href":"https:\/\/api.w.org\/{rel}","templated":true}]}}