{"id":153069,"date":"2022-06-24T16:14:06","date_gmt":"2022-06-24T15:14:06","guid":{"rendered":"https:\/\/radioljubuski.ba\/?p=153069"},"modified":"2022-06-24T16:14:07","modified_gmt":"2022-06-24T15:14:07","slug":"epidemiolog-odgovara-zasto-je-sad-poceo-rasti-broj-novozarazenih-koronom","status":"publish","type":"post","link":"https:\/\/radioljubuski.ba\/index.php\/2022\/06\/24\/epidemiolog-odgovara-zasto-je-sad-poceo-rasti-broj-novozarazenih-koronom\/","title":{"rendered":"Epidemiolog odgovara za\u0161to je sad po\u010deo rasti broj novozara\u017eenih koronom"},"content":{"rendered":"\n<p>Epidemiolog Bernard Kai\u0107 gostovao je u&nbsp;<a href=\"https:\/\/hr.n1info.com\/vijesti\/kaic-objasnio-o-cemu-ce-ovisiti-moguce-ponovno-uvodenje-mjera\/\" target=\"_blank\" rel=\"noreferrer noopener\">N1&nbsp;<\/a>studiju u\u017eivo i komentirao porast broja slu\u010dajeva zaraze koronavirusom, kao i pojavu majmunskih boginja u Hrvatskoj.<\/p>\n\n\n\n<p>Upitan brine li ga porast broja zara\u017eenih koronavirusom, Kai\u0107 je rekao da ga ne brinu jako.<\/p>\n\n\n\n<p>\u201c\u010cinjenica je da je izgleda po\u010deo ponovno rasti broj novootkrivenih \u0161to nismo o\u010dekivali ve\u0107 sada, nego smo se nadali da \u0107e se to mo\u017eda odgoditi do kraja ljeta ili po\u010detka jeseni. \u0160to se ti\u010de zabrinutosti, to su zasad jo\u0161 uvijek razne podvarijante omikrona koje ne izazivaju te\u0161ke oblike bolesti kao ranije varijante pa ne bih rekao da smo jako zabrinuti zbog toga, ali brojke rastu i to nam nije drago\u201d, rekao je Kai\u0107.<\/p>\n\n\n\n<p>Za\u0161to brojke rastu ba\u0161 sad?<\/p>\n\n\n\n<p>\u201cNajvjerojatnije tuma\u010denje je to \u0161to ove nove podvarijante omikrona, BA.4 i BA.5 uspijevaju u znatnoj mjeri izbje\u0107i imunolo\u0161ki odgovor ljudi koji su i cijepljeni i ljudi koji su preboljeli covid. Recimo, u Portugalu gdje su imali veliki porast novooboljelih, ve\u0107 prevladavaju te dvije podvarijante. Kod nas jo\u0161 ne prevladavaju, ali ih nalazimo u sve ve\u0107em postotku sekvenciranjem, a drugo je mo\u017eda razlog popu\u0161tanje mjera posvuda u Europi, ali mislim da je ipak glavni razlog pojava novih podvarijanti\u201d, rekao je Kai\u0107.<\/p>\n\n\n\n<p>\u0160to se ti\u010de cijepljenja, Kai\u0107 je rekao da je dobro razvijati novo cjepivo prilago\u0111eno novim varijantama i podvarijantama, ali i da ljudi koji su se cijepili u pravilu razviju bla\u017ei oblik bolesti.<\/p>\n\n\n\n<p>Usto, epidemiolog savjetuje svima koji su primili dvije doze da se docijepe, a onima koji se dosad uop\u0107e nisu cijepili da to u\u010dine.<\/p>\n\n\n\n<p>\u201cS turistima ili bez turista dogodit \u0107e se da \u0107e biti vi\u0161e oboljelih kod nas, a do koliko \u0107e i\u0107i ti brojevi stvarno je te\u0161ko re\u0107i, na to utje\u010de sva\u0161ta, od vremenskih prilika do na\u010dina pona\u0161anja\u201d, rekao je Kai\u0107.<\/p>\n\n\n\n<p>Upitan \u0161to \u0107e biti s mjerama i o \u010demu \u0107e one najvi\u0161e ovisiti, epidemiolog Kai\u0107 dao je svoju prognozu.<\/p>\n\n\n\n<p>\u201cMjere \u0107e najvi\u0161e ovisiti o brojkama koje je sad nemogu\u0107e predvidjeti, a pogotovo \u0107e ovisiti o tome ho\u0107e li do\u0107i nove varijante i podvarijante koje bi mogle izazivati te\u017ee oblike bolesti. Ako ostane omikron i ove poznate podvarijante, onda \u0107e se jo\u0161 proku\u017eiti prirodnim putem oni koji se nisu dosad, velik broj vjerojatno i bez simptoma, tako da ako ne do\u0111e do neke nove virulentnije varijante, mislim da ne bi trebalo uvoditi neke mjere, ali to \u0107e vrijeme pokazati\u201d, rekao je Kai\u0107.<\/p>\n\n\n\n<p>Izvor:N1<\/p>\n","protected":false},"excerpt":{"rendered":"<p>Epidemiolog Bernard Kai\u0107 gostovao je u&nbsp;N1&nbsp;studiju u\u017eivo i komentirao porast broja slu\u010dajeva zaraze koronavirusom, kao i pojavu majmunskih boginja u Hrvatskoj. Upitan brine li ga porast broja zara\u017eenih koronavirusom, Kai\u0107 je rekao da ga ne brinu jako. \u201c\u010cinjenica je da je izgleda po\u010deo ponovno rasti broj novootkrivenih \u0161to nismo o\u010dekivali ve\u0107 sada, nego smo se [&hellip;]<\/p>\n","protected":false},"author":2,"featured_media":97090,"comment_status":"closed","ping_status":"closed","sticky":false,"template":"","format":"standard","meta":{"h5ap_radio_sources":[],"footnotes":""},"categories":[1],"tags":[],"class_list":["post-153069","post","type-post","status-publish","format-standard","has-post-thumbnail","hentry","category-bihiregija"],"yoast_head":"<!-- This site is optimized with the Yoast SEO plugin v27.4 - https:\/\/yoast.com\/product\/yoast-seo-wordpress\/ -->\n<title>Epidemiolog odgovara za\u0161to je sad po\u010deo rasti broj novozara\u017eenih koronom - RADIO LJUBU\u0160KI<\/title>\n<meta name=\"robots\" content=\"index, follow, max-snippet:-1, max-image-preview:large, max-video-preview:-1\" \/>\n<link rel=\"canonical\" href=\"https:\/\/radioljubuski.ba\/index.php\/2022\/06\/24\/epidemiolog-odgovara-zasto-je-sad-poceo-rasti-broj-novozarazenih-koronom\/\" \/>\n<meta property=\"og:locale\" content=\"hr_HR\" \/>\n<meta property=\"og:type\" content=\"article\" \/>\n<meta property=\"og:title\" content=\"Epidemiolog odgovara za\u0161to je sad po\u010deo rasti broj novozara\u017eenih koronom - RADIO LJUBU\u0160KI\" \/>\n<meta property=\"og:description\" content=\"Epidemiolog Bernard Kai\u0107 gostovao je u&nbsp;N1&nbsp;studiju u\u017eivo i komentirao porast broja slu\u010dajeva zaraze koronavirusom, kao i pojavu majmunskih boginja u Hrvatskoj. Upitan brine li ga porast broja zara\u017eenih koronavirusom, Kai\u0107 je rekao da ga ne brinu jako. \u201c\u010cinjenica je da je izgleda po\u010deo ponovno rasti broj novootkrivenih \u0161to nismo o\u010dekivali ve\u0107 sada, nego smo se [&hellip;]\" \/>\n<meta property=\"og:url\" content=\"https:\/\/radioljubuski.ba\/index.php\/2022\/06\/24\/epidemiolog-odgovara-zasto-je-sad-poceo-rasti-broj-novozarazenih-koronom\/\" \/>\n<meta property=\"og:site_name\" content=\"RADIO LJUBU\u0160KI\" \/>\n<meta property=\"article:publisher\" content=\"https:\/\/www.facebook.com\/Radiio-Ljubuski-1490835324566332\" \/>\n<meta property=\"article:published_time\" content=\"2022-06-24T15:14:06+00:00\" \/>\n<meta property=\"article:modified_time\" content=\"2022-06-24T15:14:07+00:00\" \/>\n<meta property=\"og:image\" content=\"https:\/\/radioljubuski.ba\/wp-content\/uploads\/2021\/12\/kaic.png\" \/>\n\t<meta property=\"og:image:width\" content=\"696\" \/>\n\t<meta property=\"og:image:height\" content=\"499\" \/>\n\t<meta property=\"og:image:type\" content=\"image\/png\" \/>\n<meta name=\"author\" content=\"Radio Ljubu\u0161ki\" \/>\n<meta name=\"twitter:card\" content=\"summary_large_image\" \/>\n<meta name=\"twitter:creator\" content=\"@radioljubuski\" \/>\n<meta name=\"twitter:site\" content=\"@radioljubuski\" \/>\n<meta name=\"twitter:label1\" content=\"Napisao\/la\" \/>\n\t<meta name=\"twitter:data1\" content=\"Radio Ljubu\u0161ki\" \/>\n\t<meta name=\"twitter:label2\" content=\"Procijenjeno vrijeme \u010ditanja\" \/>\n\t<meta name=\"twitter:data2\" content=\"2 minute\" \/>\n<script type=\"application\/ld+json\" class=\"yoast-schema-graph\">{\"@context\":\"https:\\\/\\\/schema.org\",\"@graph\":[{\"@type\":\"Article\",\"@id\":\"https:\\\/\\\/radioljubuski.ba\\\/index.php\\\/2022\\\/06\\\/24\\\/epidemiolog-odgovara-zasto-je-sad-poceo-rasti-broj-novozarazenih-koronom\\\/#article\",\"isPartOf\":{\"@id\":\"https:\\\/\\\/radioljubuski.ba\\\/index.php\\\/2022\\\/06\\\/24\\\/epidemiolog-odgovara-zasto-je-sad-poceo-rasti-broj-novozarazenih-koronom\\\/\"},\"author\":{\"name\":\"Radio Ljubu\u0161ki\",\"@id\":\"https:\\\/\\\/radioljubuski.ba\\\/#\\\/schema\\\/person\\\/19fc700381a780f69665d7956c469e3b\"},\"headline\":\"Epidemiolog odgovara za\u0161to je sad po\u010deo rasti broj novozara\u017eenih koronom\",\"datePublished\":\"2022-06-24T15:14:06+00:00\",\"dateModified\":\"2022-06-24T15:14:07+00:00\",\"mainEntityOfPage\":{\"@id\":\"https:\\\/\\\/radioljubuski.ba\\\/index.php\\\/2022\\\/06\\\/24\\\/epidemiolog-odgovara-zasto-je-sad-poceo-rasti-broj-novozarazenih-koronom\\\/\"},\"wordCount\":446,\"publisher\":{\"@id\":\"https:\\\/\\\/radioljubuski.ba\\\/#organization\"},\"image\":{\"@id\":\"https:\\\/\\\/radioljubuski.ba\\\/index.php\\\/2022\\\/06\\\/24\\\/epidemiolog-odgovara-zasto-je-sad-poceo-rasti-broj-novozarazenih-koronom\\\/#primaryimage\"},\"thumbnailUrl\":\"https:\\\/\\\/radioljubuski.ba\\\/wp-content\\\/uploads\\\/2021\\\/12\\\/kaic.png\",\"articleSection\":[\"BIH i regija\"],\"inLanguage\":\"hr\"},{\"@type\":\"WebPage\",\"@id\":\"https:\\\/\\\/radioljubuski.ba\\\/index.php\\\/2022\\\/06\\\/24\\\/epidemiolog-odgovara-zasto-je-sad-poceo-rasti-broj-novozarazenih-koronom\\\/\",\"url\":\"https:\\\/\\\/radioljubuski.ba\\\/index.php\\\/2022\\\/06\\\/24\\\/epidemiolog-odgovara-zasto-je-sad-poceo-rasti-broj-novozarazenih-koronom\\\/\",\"name\":\"Epidemiolog odgovara za\u0161to je sad po\u010deo rasti broj novozara\u017eenih koronom - RADIO LJUBU\u0160KI\",\"isPartOf\":{\"@id\":\"https:\\\/\\\/radioljubuski.ba\\\/#website\"},\"primaryImageOfPage\":{\"@id\":\"https:\\\/\\\/radioljubuski.ba\\\/index.php\\\/2022\\\/06\\\/24\\\/epidemiolog-odgovara-zasto-je-sad-poceo-rasti-broj-novozarazenih-koronom\\\/#primaryimage\"},\"image\":{\"@id\":\"https:\\\/\\\/radioljubuski.ba\\\/index.php\\\/2022\\\/06\\\/24\\\/epidemiolog-odgovara-zasto-je-sad-poceo-rasti-broj-novozarazenih-koronom\\\/#primaryimage\"},\"thumbnailUrl\":\"https:\\\/\\\/radioljubuski.ba\\\/wp-content\\\/uploads\\\/2021\\\/12\\\/kaic.png\",\"datePublished\":\"2022-06-24T15:14:06+00:00\",\"dateModified\":\"2022-06-24T15:14:07+00:00\",\"breadcrumb\":{\"@id\":\"https:\\\/\\\/radioljubuski.ba\\\/index.php\\\/2022\\\/06\\\/24\\\/epidemiolog-odgovara-zasto-je-sad-poceo-rasti-broj-novozarazenih-koronom\\\/#breadcrumb\"},\"inLanguage\":\"hr\",\"potentialAction\":[{\"@type\":\"ReadAction\",\"target\":[\"https:\\\/\\\/radioljubuski.ba\\\/index.php\\\/2022\\\/06\\\/24\\\/epidemiolog-odgovara-zasto-je-sad-poceo-rasti-broj-novozarazenih-koronom\\\/\"]}]},{\"@type\":\"ImageObject\",\"inLanguage\":\"hr\",\"@id\":\"https:\\\/\\\/radioljubuski.ba\\\/index.php\\\/2022\\\/06\\\/24\\\/epidemiolog-odgovara-zasto-je-sad-poceo-rasti-broj-novozarazenih-koronom\\\/#primaryimage\",\"url\":\"https:\\\/\\\/radioljubuski.ba\\\/wp-content\\\/uploads\\\/2021\\\/12\\\/kaic.png\",\"contentUrl\":\"https:\\\/\\\/radioljubuski.ba\\\/wp-content\\\/uploads\\\/2021\\\/12\\\/kaic.png\",\"width\":696,\"height\":499},{\"@type\":\"BreadcrumbList\",\"@id\":\"https:\\\/\\\/radioljubuski.ba\\\/index.php\\\/2022\\\/06\\\/24\\\/epidemiolog-odgovara-zasto-je-sad-poceo-rasti-broj-novozarazenih-koronom\\\/#breadcrumb\",\"itemListElement\":[{\"@type\":\"ListItem\",\"position\":1,\"name\":\"Po\u010detna stranica\",\"item\":\"https:\\\/\\\/radioljubuski.ba\\\/\"},{\"@type\":\"ListItem\",\"position\":2,\"name\":\"Epidemiolog odgovara za\u0161to je sad po\u010deo rasti broj novozara\u017eenih koronom\"}]},{\"@type\":\"WebSite\",\"@id\":\"https:\\\/\\\/radioljubuski.ba\\\/#website\",\"url\":\"https:\\\/\\\/radioljubuski.ba\\\/\",\"name\":\"Radio Ljubu\u0161ki\",\"description\":\"Sun\u010dana frekvencija Hercegovine\",\"publisher\":{\"@id\":\"https:\\\/\\\/radioljubuski.ba\\\/#organization\"},\"potentialAction\":[{\"@type\":\"SearchAction\",\"target\":{\"@type\":\"EntryPoint\",\"urlTemplate\":\"https:\\\/\\\/radioljubuski.ba\\\/?s={search_term_string}\"},\"query-input\":{\"@type\":\"PropertyValueSpecification\",\"valueRequired\":true,\"valueName\":\"search_term_string\"}}],\"inLanguage\":\"hr\"},{\"@type\":\"Organization\",\"@id\":\"https:\\\/\\\/radioljubuski.ba\\\/#organization\",\"name\":\"Radio Ljubu\u0161ki\",\"url\":\"https:\\\/\\\/radioljubuski.ba\\\/\",\"logo\":{\"@type\":\"ImageObject\",\"inLanguage\":\"hr\",\"@id\":\"https:\\\/\\\/radioljubuski.ba\\\/#\\\/schema\\\/logo\\\/image\\\/\",\"url\":\"https:\\\/\\\/radioljubuski.ba\\\/wp-content\\\/uploads\\\/2021\\\/02\\\/cropped-Radio_Ljubuski_logo1.jpg\",\"contentUrl\":\"https:\\\/\\\/radioljubuski.ba\\\/wp-content\\\/uploads\\\/2021\\\/02\\\/cropped-Radio_Ljubuski_logo1.jpg\",\"width\":512,\"height\":512,\"caption\":\"Radio Ljubu\u0161ki\"},\"image\":{\"@id\":\"https:\\\/\\\/radioljubuski.ba\\\/#\\\/schema\\\/logo\\\/image\\\/\"},\"sameAs\":[\"https:\\\/\\\/www.facebook.com\\\/Radiio-Ljubuski-1490835324566332\",\"https:\\\/\\\/x.com\\\/radioljubuski\",\"https:\\\/\\\/hr.linkedin.com\\\/company\\\/radio-ljubuski\",\"https:\\\/\\\/www.youtube.com\\\/channel\\\/UCHYaeO_n0Db3tjNGudGpXyw\"]},{\"@type\":\"Person\",\"@id\":\"https:\\\/\\\/radioljubuski.ba\\\/#\\\/schema\\\/person\\\/19fc700381a780f69665d7956c469e3b\",\"name\":\"Radio Ljubu\u0161ki\"}]}<\/script>\n<!-- \/ Yoast SEO plugin. -->","yoast_head_json":{"title":"Epidemiolog odgovara za\u0161to je sad po\u010deo rasti broj novozara\u017eenih koronom - RADIO LJUBU\u0160KI","robots":{"index":"index","follow":"follow","max-snippet":"max-snippet:-1","max-image-preview":"max-image-preview:large","max-video-preview":"max-video-preview:-1"},"canonical":"https:\/\/radioljubuski.ba\/index.php\/2022\/06\/24\/epidemiolog-odgovara-zasto-je-sad-poceo-rasti-broj-novozarazenih-koronom\/","og_locale":"hr_HR","og_type":"article","og_title":"Epidemiolog odgovara za\u0161to je sad po\u010deo rasti broj novozara\u017eenih koronom - RADIO LJUBU\u0160KI","og_description":"Epidemiolog Bernard Kai\u0107 gostovao je u&nbsp;N1&nbsp;studiju u\u017eivo i komentirao porast broja slu\u010dajeva zaraze koronavirusom, kao i pojavu majmunskih boginja u Hrvatskoj. Upitan brine li ga porast broja zara\u017eenih koronavirusom, Kai\u0107 je rekao da ga ne brinu jako. \u201c\u010cinjenica je da je izgleda po\u010deo ponovno rasti broj novootkrivenih \u0161to nismo o\u010dekivali ve\u0107 sada, nego smo se [&hellip;]","og_url":"https:\/\/radioljubuski.ba\/index.php\/2022\/06\/24\/epidemiolog-odgovara-zasto-je-sad-poceo-rasti-broj-novozarazenih-koronom\/","og_site_name":"RADIO LJUBU\u0160KI","article_publisher":"https:\/\/www.facebook.com\/Radiio-Ljubuski-1490835324566332","article_published_time":"2022-06-24T15:14:06+00:00","article_modified_time":"2022-06-24T15:14:07+00:00","og_image":[{"width":696,"height":499,"url":"https:\/\/radioljubuski.ba\/wp-content\/uploads\/2021\/12\/kaic.png","type":"image\/png"}],"author":"Radio Ljubu\u0161ki","twitter_card":"summary_large_image","twitter_creator":"@radioljubuski","twitter_site":"@radioljubuski","twitter_misc":{"Napisao\/la":"Radio Ljubu\u0161ki","Procijenjeno vrijeme \u010ditanja":"2 minute"},"schema":{"@context":"https:\/\/schema.org","@graph":[{"@type":"Article","@id":"https:\/\/radioljubuski.ba\/index.php\/2022\/06\/24\/epidemiolog-odgovara-zasto-je-sad-poceo-rasti-broj-novozarazenih-koronom\/#article","isPartOf":{"@id":"https:\/\/radioljubuski.ba\/index.php\/2022\/06\/24\/epidemiolog-odgovara-zasto-je-sad-poceo-rasti-broj-novozarazenih-koronom\/"},"author":{"name":"Radio Ljubu\u0161ki","@id":"https:\/\/radioljubuski.ba\/#\/schema\/person\/19fc700381a780f69665d7956c469e3b"},"headline":"Epidemiolog odgovara za\u0161to je sad po\u010deo rasti broj novozara\u017eenih koronom","datePublished":"2022-06-24T15:14:06+00:00","dateModified":"2022-06-24T15:14:07+00:00","mainEntityOfPage":{"@id":"https:\/\/radioljubuski.ba\/index.php\/2022\/06\/24\/epidemiolog-odgovara-zasto-je-sad-poceo-rasti-broj-novozarazenih-koronom\/"},"wordCount":446,"publisher":{"@id":"https:\/\/radioljubuski.ba\/#organization"},"image":{"@id":"https:\/\/radioljubuski.ba\/index.php\/2022\/06\/24\/epidemiolog-odgovara-zasto-je-sad-poceo-rasti-broj-novozarazenih-koronom\/#primaryimage"},"thumbnailUrl":"https:\/\/radioljubuski.ba\/wp-content\/uploads\/2021\/12\/kaic.png","articleSection":["BIH i regija"],"inLanguage":"hr"},{"@type":"WebPage","@id":"https:\/\/radioljubuski.ba\/index.php\/2022\/06\/24\/epidemiolog-odgovara-zasto-je-sad-poceo-rasti-broj-novozarazenih-koronom\/","url":"https:\/\/radioljubuski.ba\/index.php\/2022\/06\/24\/epidemiolog-odgovara-zasto-je-sad-poceo-rasti-broj-novozarazenih-koronom\/","name":"Epidemiolog odgovara za\u0161to je sad po\u010deo rasti broj novozara\u017eenih koronom - RADIO LJUBU\u0160KI","isPartOf":{"@id":"https:\/\/radioljubuski.ba\/#website"},"primaryImageOfPage":{"@id":"https:\/\/radioljubuski.ba\/index.php\/2022\/06\/24\/epidemiolog-odgovara-zasto-je-sad-poceo-rasti-broj-novozarazenih-koronom\/#primaryimage"},"image":{"@id":"https:\/\/radioljubuski.ba\/index.php\/2022\/06\/24\/epidemiolog-odgovara-zasto-je-sad-poceo-rasti-broj-novozarazenih-koronom\/#primaryimage"},"thumbnailUrl":"https:\/\/radioljubuski.ba\/wp-content\/uploads\/2021\/12\/kaic.png","datePublished":"2022-06-24T15:14:06+00:00","dateModified":"2022-06-24T15:14:07+00:00","breadcrumb":{"@id":"https:\/\/radioljubuski.ba\/index.php\/2022\/06\/24\/epidemiolog-odgovara-zasto-je-sad-poceo-rasti-broj-novozarazenih-koronom\/#breadcrumb"},"inLanguage":"hr","potentialAction":[{"@type":"ReadAction","target":["https:\/\/radioljubuski.ba\/index.php\/2022\/06\/24\/epidemiolog-odgovara-zasto-je-sad-poceo-rasti-broj-novozarazenih-koronom\/"]}]},{"@type":"ImageObject","inLanguage":"hr","@id":"https:\/\/radioljubuski.ba\/index.php\/2022\/06\/24\/epidemiolog-odgovara-zasto-je-sad-poceo-rasti-broj-novozarazenih-koronom\/#primaryimage","url":"https:\/\/radioljubuski.ba\/wp-content\/uploads\/2021\/12\/kaic.png","contentUrl":"https:\/\/radioljubuski.ba\/wp-content\/uploads\/2021\/12\/kaic.png","width":696,"height":499},{"@type":"BreadcrumbList","@id":"https:\/\/radioljubuski.ba\/index.php\/2022\/06\/24\/epidemiolog-odgovara-zasto-je-sad-poceo-rasti-broj-novozarazenih-koronom\/#breadcrumb","itemListElement":[{"@type":"ListItem","position":1,"name":"Po\u010detna stranica","item":"https:\/\/radioljubuski.ba\/"},{"@type":"ListItem","position":2,"name":"Epidemiolog odgovara za\u0161to je sad po\u010deo rasti broj novozara\u017eenih koronom"}]},{"@type":"WebSite","@id":"https:\/\/radioljubuski.ba\/#website","url":"https:\/\/radioljubuski.ba\/","name":"Radio Ljubu\u0161ki","description":"Sun\u010dana frekvencija Hercegovine","publisher":{"@id":"https:\/\/radioljubuski.ba\/#organization"},"potentialAction":[{"@type":"SearchAction","target":{"@type":"EntryPoint","urlTemplate":"https:\/\/radioljubuski.ba\/?s={search_term_string}"},"query-input":{"@type":"PropertyValueSpecification","valueRequired":true,"valueName":"search_term_string"}}],"inLanguage":"hr"},{"@type":"Organization","@id":"https:\/\/radioljubuski.ba\/#organization","name":"Radio Ljubu\u0161ki","url":"https:\/\/radioljubuski.ba\/","logo":{"@type":"ImageObject","inLanguage":"hr","@id":"https:\/\/radioljubuski.ba\/#\/schema\/logo\/image\/","url":"https:\/\/radioljubuski.ba\/wp-content\/uploads\/2021\/02\/cropped-Radio_Ljubuski_logo1.jpg","contentUrl":"https:\/\/radioljubuski.ba\/wp-content\/uploads\/2021\/02\/cropped-Radio_Ljubuski_logo1.jpg","width":512,"height":512,"caption":"Radio Ljubu\u0161ki"},"image":{"@id":"https:\/\/radioljubuski.ba\/#\/schema\/logo\/image\/"},"sameAs":["https:\/\/www.facebook.com\/Radiio-Ljubuski-1490835324566332","https:\/\/x.com\/radioljubuski","https:\/\/hr.linkedin.com\/company\/radio-ljubuski","https:\/\/www.youtube.com\/channel\/UCHYaeO_n0Db3tjNGudGpXyw"]},{"@type":"Person","@id":"https:\/\/radioljubuski.ba\/#\/schema\/person\/19fc700381a780f69665d7956c469e3b","name":"Radio Ljubu\u0161ki"}]}},"_links":{"self":[{"href":"https:\/\/radioljubuski.ba\/index.php\/wp-json\/wp\/v2\/posts\/153069","targetHints":{"allow":["GET"]}}],"collection":[{"href":"https:\/\/radioljubuski.ba\/index.php\/wp-json\/wp\/v2\/posts"}],"about":[{"href":"https:\/\/radioljubuski.ba\/index.php\/wp-json\/wp\/v2\/types\/post"}],"author":[{"embeddable":true,"href":"https:\/\/radioljubuski.ba\/index.php\/wp-json\/wp\/v2\/users\/2"}],"replies":[{"embeddable":true,"href":"https:\/\/radioljubuski.ba\/index.php\/wp-json\/wp\/v2\/comments?post=153069"}],"version-history":[{"count":1,"href":"https:\/\/radioljubuski.ba\/index.php\/wp-json\/wp\/v2\/posts\/153069\/revisions"}],"predecessor-version":[{"id":153070,"href":"https:\/\/radioljubuski.ba\/index.php\/wp-json\/wp\/v2\/posts\/153069\/revisions\/153070"}],"wp:featuredmedia":[{"embeddable":true,"href":"https:\/\/radioljubuski.ba\/index.php\/wp-json\/wp\/v2\/media\/97090"}],"wp:attachment":[{"href":"https:\/\/radioljubuski.ba\/index.php\/wp-json\/wp\/v2\/media?parent=153069"}],"wp:term":[{"taxonomy":"category","embeddable":true,"href":"https:\/\/radioljubuski.ba\/index.php\/wp-json\/wp\/v2\/categories?post=153069"},{"taxonomy":"post_tag","embeddable":true,"href":"https:\/\/radioljubuski.ba\/index.php\/wp-json\/wp\/v2\/tags?post=153069"}],"curies":[{"name":"wp","href":"https:\/\/api.w.org\/{rel}","templated":true}]}}