{"id":153071,"date":"2022-06-24T16:15:10","date_gmt":"2022-06-24T15:15:10","guid":{"rendered":"https:\/\/radioljubuski.ba\/?p=153071"},"modified":"2022-06-24T16:15:11","modified_gmt":"2022-06-24T15:15:11","slug":"rodaci-se-gadali-cigaretama-pa-zapalili-stan","status":"publish","type":"post","link":"https:\/\/radioljubuski.ba\/index.php\/2022\/06\/24\/rodaci-se-gadali-cigaretama-pa-zapalili-stan\/","title":{"rendered":"Ro\u0111aci se ga\u0111ali cigaretama pa zapalili stan"},"content":{"rendered":"\n<p>U stanu smje\u0161tenom u prizemlju ku\u0107e u sarajevskoj op\u0107ini Stari Grad izbio je po\u017ear koji je nastao zbog opu\u0161ka cigarete. Kako pi\u0161e&nbsp;<a href=\"https:\/\/avaz.ba\/vijesti\/crna-hronika\/753147\/poznat-uzrok-pozara-u-starom-gradu-gadali-se-cigaretama-pa-zapalili-kauc\" target=\"_blank\" rel=\"noreferrer noopener\">Avaz<\/a>, u trenutku izbijanja po\u017eara u stanu su se nalazila dvojica ro\u0111aka, a jedan od njih je policiji ispri\u010dao \u0161to se dogodilo.<\/p>\n\n\n\n<p>Rekao je da su se on i ro\u0111ak jutros ga\u0111ali cigaretama te da je jedan od opu\u0161aka zapalio kau\u010d. Ro\u0111ak koji je vlasnik stana napustio je mjesto nesre\u0107e.<\/p>\n\n\n\n<p>&#8220;Ma nije pobjegao, samo je oti\u0161ao svojim poslom&#8221;, obja\u0161njavao je ro\u0111ak policajcima. Vatrogasci su brzo lokalizirali po\u017ear. Po\u017ear je izbio u prizemnom stanu ku\u0107e u kojoj \u017eivi jo\u0161 ljudi. Na prvom katu \u017eivi jo\u0161 jedna obitelj, ali su oni dan ranije oti\u0161li van Sarajeva.<\/p>\n\n\n\n<p>Avaz saznaje da se po\u017ear nije pro\u0161irio na prvi kat. Na mjesto nesre\u0107e do\u0161li su i pripadnici Civilne za\u0161tite.<\/p>\n\n\n\n<p>Izvor:avaz.ba<\/p>\n","protected":false},"excerpt":{"rendered":"<p>U stanu smje\u0161tenom u prizemlju ku\u0107e u sarajevskoj op\u0107ini Stari Grad izbio je po\u017ear koji je nastao zbog opu\u0161ka cigarete. Kako pi\u0161e&nbsp;Avaz, u trenutku izbijanja po\u017eara u stanu su se nalazila dvojica ro\u0111aka, a jedan od njih je policiji ispri\u010dao \u0161to se dogodilo. Rekao je da su se on i ro\u0111ak jutros ga\u0111ali cigaretama te [&hellip;]<\/p>\n","protected":false},"author":2,"featured_media":111934,"comment_status":"closed","ping_status":"closed","sticky":false,"template":"","format":"standard","meta":{"h5ap_radio_sources":[],"footnotes":""},"categories":[1],"tags":[],"class_list":["post-153071","post","type-post","status-publish","format-standard","has-post-thumbnail","hentry","category-bihiregija"],"yoast_head":"<!-- This site is optimized with the Yoast SEO plugin v27.4 - https:\/\/yoast.com\/product\/yoast-seo-wordpress\/ -->\n<title>Ro\u0111aci se ga\u0111ali cigaretama pa zapalili stan - RADIO LJUBU\u0160KI<\/title>\n<meta name=\"robots\" content=\"index, follow, max-snippet:-1, max-image-preview:large, max-video-preview:-1\" \/>\n<link rel=\"canonical\" href=\"https:\/\/radioljubuski.ba\/index.php\/2022\/06\/24\/rodaci-se-gadali-cigaretama-pa-zapalili-stan\/\" \/>\n<meta property=\"og:locale\" content=\"hr_HR\" \/>\n<meta property=\"og:type\" content=\"article\" \/>\n<meta property=\"og:title\" content=\"Ro\u0111aci se ga\u0111ali cigaretama pa zapalili stan - RADIO LJUBU\u0160KI\" \/>\n<meta property=\"og:description\" content=\"U stanu smje\u0161tenom u prizemlju ku\u0107e u sarajevskoj op\u0107ini Stari Grad izbio je po\u017ear koji je nastao zbog opu\u0161ka cigarete. Kako pi\u0161e&nbsp;Avaz, u trenutku izbijanja po\u017eara u stanu su se nalazila dvojica ro\u0111aka, a jedan od njih je policiji ispri\u010dao \u0161to se dogodilo. Rekao je da su se on i ro\u0111ak jutros ga\u0111ali cigaretama te [&hellip;]\" \/>\n<meta property=\"og:url\" content=\"https:\/\/radioljubuski.ba\/index.php\/2022\/06\/24\/rodaci-se-gadali-cigaretama-pa-zapalili-stan\/\" \/>\n<meta property=\"og:site_name\" content=\"RADIO LJUBU\u0160KI\" \/>\n<meta property=\"article:publisher\" content=\"https:\/\/www.facebook.com\/Radiio-Ljubuski-1490835324566332\" \/>\n<meta property=\"article:published_time\" content=\"2022-06-24T15:15:10+00:00\" \/>\n<meta property=\"article:modified_time\" content=\"2022-06-24T15:15:11+00:00\" \/>\n<meta property=\"og:image\" content=\"https:\/\/radioljubuski.ba\/wp-content\/uploads\/2022\/02\/8-2022-02-08-09-31-56-VATROGASCI-SARAJEVO.jpg\" \/>\n\t<meta property=\"og:image:width\" content=\"1000\" \/>\n\t<meta property=\"og:image:height\" content=\"625\" \/>\n\t<meta property=\"og:image:type\" content=\"image\/jpeg\" \/>\n<meta name=\"author\" content=\"Radio Ljubu\u0161ki\" \/>\n<meta name=\"twitter:card\" content=\"summary_large_image\" \/>\n<meta name=\"twitter:creator\" content=\"@radioljubuski\" \/>\n<meta name=\"twitter:site\" content=\"@radioljubuski\" \/>\n<meta name=\"twitter:label1\" content=\"Napisao\/la\" \/>\n\t<meta name=\"twitter:data1\" content=\"Radio Ljubu\u0161ki\" \/>\n\t<meta name=\"twitter:label2\" content=\"Procijenjeno vrijeme \u010ditanja\" \/>\n\t<meta name=\"twitter:data2\" content=\"1 minuta\" \/>\n<script type=\"application\/ld+json\" class=\"yoast-schema-graph\">{\"@context\":\"https:\\\/\\\/schema.org\",\"@graph\":[{\"@type\":\"Article\",\"@id\":\"https:\\\/\\\/radioljubuski.ba\\\/index.php\\\/2022\\\/06\\\/24\\\/rodaci-se-gadali-cigaretama-pa-zapalili-stan\\\/#article\",\"isPartOf\":{\"@id\":\"https:\\\/\\\/radioljubuski.ba\\\/index.php\\\/2022\\\/06\\\/24\\\/rodaci-se-gadali-cigaretama-pa-zapalili-stan\\\/\"},\"author\":{\"name\":\"Radio Ljubu\u0161ki\",\"@id\":\"https:\\\/\\\/radioljubuski.ba\\\/#\\\/schema\\\/person\\\/19fc700381a780f69665d7956c469e3b\"},\"headline\":\"Ro\u0111aci se ga\u0111ali cigaretama pa zapalili stan\",\"datePublished\":\"2022-06-24T15:15:10+00:00\",\"dateModified\":\"2022-06-24T15:15:11+00:00\",\"mainEntityOfPage\":{\"@id\":\"https:\\\/\\\/radioljubuski.ba\\\/index.php\\\/2022\\\/06\\\/24\\\/rodaci-se-gadali-cigaretama-pa-zapalili-stan\\\/\"},\"wordCount\":174,\"publisher\":{\"@id\":\"https:\\\/\\\/radioljubuski.ba\\\/#organization\"},\"image\":{\"@id\":\"https:\\\/\\\/radioljubuski.ba\\\/index.php\\\/2022\\\/06\\\/24\\\/rodaci-se-gadali-cigaretama-pa-zapalili-stan\\\/#primaryimage\"},\"thumbnailUrl\":\"https:\\\/\\\/radioljubuski.ba\\\/wp-content\\\/uploads\\\/2022\\\/02\\\/8-2022-02-08-09-31-56-VATROGASCI-SARAJEVO.jpg\",\"articleSection\":[\"BIH i regija\"],\"inLanguage\":\"hr\"},{\"@type\":\"WebPage\",\"@id\":\"https:\\\/\\\/radioljubuski.ba\\\/index.php\\\/2022\\\/06\\\/24\\\/rodaci-se-gadali-cigaretama-pa-zapalili-stan\\\/\",\"url\":\"https:\\\/\\\/radioljubuski.ba\\\/index.php\\\/2022\\\/06\\\/24\\\/rodaci-se-gadali-cigaretama-pa-zapalili-stan\\\/\",\"name\":\"Ro\u0111aci se ga\u0111ali cigaretama pa zapalili stan - RADIO LJUBU\u0160KI\",\"isPartOf\":{\"@id\":\"https:\\\/\\\/radioljubuski.ba\\\/#website\"},\"primaryImageOfPage\":{\"@id\":\"https:\\\/\\\/radioljubuski.ba\\\/index.php\\\/2022\\\/06\\\/24\\\/rodaci-se-gadali-cigaretama-pa-zapalili-stan\\\/#primaryimage\"},\"image\":{\"@id\":\"https:\\\/\\\/radioljubuski.ba\\\/index.php\\\/2022\\\/06\\\/24\\\/rodaci-se-gadali-cigaretama-pa-zapalili-stan\\\/#primaryimage\"},\"thumbnailUrl\":\"https:\\\/\\\/radioljubuski.ba\\\/wp-content\\\/uploads\\\/2022\\\/02\\\/8-2022-02-08-09-31-56-VATROGASCI-SARAJEVO.jpg\",\"datePublished\":\"2022-06-24T15:15:10+00:00\",\"dateModified\":\"2022-06-24T15:15:11+00:00\",\"breadcrumb\":{\"@id\":\"https:\\\/\\\/radioljubuski.ba\\\/index.php\\\/2022\\\/06\\\/24\\\/rodaci-se-gadali-cigaretama-pa-zapalili-stan\\\/#breadcrumb\"},\"inLanguage\":\"hr\",\"potentialAction\":[{\"@type\":\"ReadAction\",\"target\":[\"https:\\\/\\\/radioljubuski.ba\\\/index.php\\\/2022\\\/06\\\/24\\\/rodaci-se-gadali-cigaretama-pa-zapalili-stan\\\/\"]}]},{\"@type\":\"ImageObject\",\"inLanguage\":\"hr\",\"@id\":\"https:\\\/\\\/radioljubuski.ba\\\/index.php\\\/2022\\\/06\\\/24\\\/rodaci-se-gadali-cigaretama-pa-zapalili-stan\\\/#primaryimage\",\"url\":\"https:\\\/\\\/radioljubuski.ba\\\/wp-content\\\/uploads\\\/2022\\\/02\\\/8-2022-02-08-09-31-56-VATROGASCI-SARAJEVO.jpg\",\"contentUrl\":\"https:\\\/\\\/radioljubuski.ba\\\/wp-content\\\/uploads\\\/2022\\\/02\\\/8-2022-02-08-09-31-56-VATROGASCI-SARAJEVO.jpg\",\"width\":1000,\"height\":625},{\"@type\":\"BreadcrumbList\",\"@id\":\"https:\\\/\\\/radioljubuski.ba\\\/index.php\\\/2022\\\/06\\\/24\\\/rodaci-se-gadali-cigaretama-pa-zapalili-stan\\\/#breadcrumb\",\"itemListElement\":[{\"@type\":\"ListItem\",\"position\":1,\"name\":\"Po\u010detna stranica\",\"item\":\"https:\\\/\\\/radioljubuski.ba\\\/\"},{\"@type\":\"ListItem\",\"position\":2,\"name\":\"Ro\u0111aci se ga\u0111ali cigaretama pa zapalili stan\"}]},{\"@type\":\"WebSite\",\"@id\":\"https:\\\/\\\/radioljubuski.ba\\\/#website\",\"url\":\"https:\\\/\\\/radioljubuski.ba\\\/\",\"name\":\"Radio Ljubu\u0161ki\",\"description\":\"Sun\u010dana frekvencija Hercegovine\",\"publisher\":{\"@id\":\"https:\\\/\\\/radioljubuski.ba\\\/#organization\"},\"potentialAction\":[{\"@type\":\"SearchAction\",\"target\":{\"@type\":\"EntryPoint\",\"urlTemplate\":\"https:\\\/\\\/radioljubuski.ba\\\/?s={search_term_string}\"},\"query-input\":{\"@type\":\"PropertyValueSpecification\",\"valueRequired\":true,\"valueName\":\"search_term_string\"}}],\"inLanguage\":\"hr\"},{\"@type\":\"Organization\",\"@id\":\"https:\\\/\\\/radioljubuski.ba\\\/#organization\",\"name\":\"Radio Ljubu\u0161ki\",\"url\":\"https:\\\/\\\/radioljubuski.ba\\\/\",\"logo\":{\"@type\":\"ImageObject\",\"inLanguage\":\"hr\",\"@id\":\"https:\\\/\\\/radioljubuski.ba\\\/#\\\/schema\\\/logo\\\/image\\\/\",\"url\":\"https:\\\/\\\/radioljubuski.ba\\\/wp-content\\\/uploads\\\/2021\\\/02\\\/cropped-Radio_Ljubuski_logo1.jpg\",\"contentUrl\":\"https:\\\/\\\/radioljubuski.ba\\\/wp-content\\\/uploads\\\/2021\\\/02\\\/cropped-Radio_Ljubuski_logo1.jpg\",\"width\":512,\"height\":512,\"caption\":\"Radio Ljubu\u0161ki\"},\"image\":{\"@id\":\"https:\\\/\\\/radioljubuski.ba\\\/#\\\/schema\\\/logo\\\/image\\\/\"},\"sameAs\":[\"https:\\\/\\\/www.facebook.com\\\/Radiio-Ljubuski-1490835324566332\",\"https:\\\/\\\/x.com\\\/radioljubuski\",\"https:\\\/\\\/hr.linkedin.com\\\/company\\\/radio-ljubuski\",\"https:\\\/\\\/www.youtube.com\\\/channel\\\/UCHYaeO_n0Db3tjNGudGpXyw\"]},{\"@type\":\"Person\",\"@id\":\"https:\\\/\\\/radioljubuski.ba\\\/#\\\/schema\\\/person\\\/19fc700381a780f69665d7956c469e3b\",\"name\":\"Radio Ljubu\u0161ki\"}]}<\/script>\n<!-- \/ Yoast SEO plugin. -->","yoast_head_json":{"title":"Ro\u0111aci se ga\u0111ali cigaretama pa zapalili stan - RADIO LJUBU\u0160KI","robots":{"index":"index","follow":"follow","max-snippet":"max-snippet:-1","max-image-preview":"max-image-preview:large","max-video-preview":"max-video-preview:-1"},"canonical":"https:\/\/radioljubuski.ba\/index.php\/2022\/06\/24\/rodaci-se-gadali-cigaretama-pa-zapalili-stan\/","og_locale":"hr_HR","og_type":"article","og_title":"Ro\u0111aci se ga\u0111ali cigaretama pa zapalili stan - RADIO LJUBU\u0160KI","og_description":"U stanu smje\u0161tenom u prizemlju ku\u0107e u sarajevskoj op\u0107ini Stari Grad izbio je po\u017ear koji je nastao zbog opu\u0161ka cigarete. Kako pi\u0161e&nbsp;Avaz, u trenutku izbijanja po\u017eara u stanu su se nalazila dvojica ro\u0111aka, a jedan od njih je policiji ispri\u010dao \u0161to se dogodilo. Rekao je da su se on i ro\u0111ak jutros ga\u0111ali cigaretama te [&hellip;]","og_url":"https:\/\/radioljubuski.ba\/index.php\/2022\/06\/24\/rodaci-se-gadali-cigaretama-pa-zapalili-stan\/","og_site_name":"RADIO LJUBU\u0160KI","article_publisher":"https:\/\/www.facebook.com\/Radiio-Ljubuski-1490835324566332","article_published_time":"2022-06-24T15:15:10+00:00","article_modified_time":"2022-06-24T15:15:11+00:00","og_image":[{"width":1000,"height":625,"url":"https:\/\/radioljubuski.ba\/wp-content\/uploads\/2022\/02\/8-2022-02-08-09-31-56-VATROGASCI-SARAJEVO.jpg","type":"image\/jpeg"}],"author":"Radio Ljubu\u0161ki","twitter_card":"summary_large_image","twitter_creator":"@radioljubuski","twitter_site":"@radioljubuski","twitter_misc":{"Napisao\/la":"Radio Ljubu\u0161ki","Procijenjeno vrijeme \u010ditanja":"1 minuta"},"schema":{"@context":"https:\/\/schema.org","@graph":[{"@type":"Article","@id":"https:\/\/radioljubuski.ba\/index.php\/2022\/06\/24\/rodaci-se-gadali-cigaretama-pa-zapalili-stan\/#article","isPartOf":{"@id":"https:\/\/radioljubuski.ba\/index.php\/2022\/06\/24\/rodaci-se-gadali-cigaretama-pa-zapalili-stan\/"},"author":{"name":"Radio Ljubu\u0161ki","@id":"https:\/\/radioljubuski.ba\/#\/schema\/person\/19fc700381a780f69665d7956c469e3b"},"headline":"Ro\u0111aci se ga\u0111ali cigaretama pa zapalili stan","datePublished":"2022-06-24T15:15:10+00:00","dateModified":"2022-06-24T15:15:11+00:00","mainEntityOfPage":{"@id":"https:\/\/radioljubuski.ba\/index.php\/2022\/06\/24\/rodaci-se-gadali-cigaretama-pa-zapalili-stan\/"},"wordCount":174,"publisher":{"@id":"https:\/\/radioljubuski.ba\/#organization"},"image":{"@id":"https:\/\/radioljubuski.ba\/index.php\/2022\/06\/24\/rodaci-se-gadali-cigaretama-pa-zapalili-stan\/#primaryimage"},"thumbnailUrl":"https:\/\/radioljubuski.ba\/wp-content\/uploads\/2022\/02\/8-2022-02-08-09-31-56-VATROGASCI-SARAJEVO.jpg","articleSection":["BIH i regija"],"inLanguage":"hr"},{"@type":"WebPage","@id":"https:\/\/radioljubuski.ba\/index.php\/2022\/06\/24\/rodaci-se-gadali-cigaretama-pa-zapalili-stan\/","url":"https:\/\/radioljubuski.ba\/index.php\/2022\/06\/24\/rodaci-se-gadali-cigaretama-pa-zapalili-stan\/","name":"Ro\u0111aci se ga\u0111ali cigaretama pa zapalili stan - RADIO LJUBU\u0160KI","isPartOf":{"@id":"https:\/\/radioljubuski.ba\/#website"},"primaryImageOfPage":{"@id":"https:\/\/radioljubuski.ba\/index.php\/2022\/06\/24\/rodaci-se-gadali-cigaretama-pa-zapalili-stan\/#primaryimage"},"image":{"@id":"https:\/\/radioljubuski.ba\/index.php\/2022\/06\/24\/rodaci-se-gadali-cigaretama-pa-zapalili-stan\/#primaryimage"},"thumbnailUrl":"https:\/\/radioljubuski.ba\/wp-content\/uploads\/2022\/02\/8-2022-02-08-09-31-56-VATROGASCI-SARAJEVO.jpg","datePublished":"2022-06-24T15:15:10+00:00","dateModified":"2022-06-24T15:15:11+00:00","breadcrumb":{"@id":"https:\/\/radioljubuski.ba\/index.php\/2022\/06\/24\/rodaci-se-gadali-cigaretama-pa-zapalili-stan\/#breadcrumb"},"inLanguage":"hr","potentialAction":[{"@type":"ReadAction","target":["https:\/\/radioljubuski.ba\/index.php\/2022\/06\/24\/rodaci-se-gadali-cigaretama-pa-zapalili-stan\/"]}]},{"@type":"ImageObject","inLanguage":"hr","@id":"https:\/\/radioljubuski.ba\/index.php\/2022\/06\/24\/rodaci-se-gadali-cigaretama-pa-zapalili-stan\/#primaryimage","url":"https:\/\/radioljubuski.ba\/wp-content\/uploads\/2022\/02\/8-2022-02-08-09-31-56-VATROGASCI-SARAJEVO.jpg","contentUrl":"https:\/\/radioljubuski.ba\/wp-content\/uploads\/2022\/02\/8-2022-02-08-09-31-56-VATROGASCI-SARAJEVO.jpg","width":1000,"height":625},{"@type":"BreadcrumbList","@id":"https:\/\/radioljubuski.ba\/index.php\/2022\/06\/24\/rodaci-se-gadali-cigaretama-pa-zapalili-stan\/#breadcrumb","itemListElement":[{"@type":"ListItem","position":1,"name":"Po\u010detna stranica","item":"https:\/\/radioljubuski.ba\/"},{"@type":"ListItem","position":2,"name":"Ro\u0111aci se ga\u0111ali cigaretama pa zapalili stan"}]},{"@type":"WebSite","@id":"https:\/\/radioljubuski.ba\/#website","url":"https:\/\/radioljubuski.ba\/","name":"Radio Ljubu\u0161ki","description":"Sun\u010dana frekvencija Hercegovine","publisher":{"@id":"https:\/\/radioljubuski.ba\/#organization"},"potentialAction":[{"@type":"SearchAction","target":{"@type":"EntryPoint","urlTemplate":"https:\/\/radioljubuski.ba\/?s={search_term_string}"},"query-input":{"@type":"PropertyValueSpecification","valueRequired":true,"valueName":"search_term_string"}}],"inLanguage":"hr"},{"@type":"Organization","@id":"https:\/\/radioljubuski.ba\/#organization","name":"Radio Ljubu\u0161ki","url":"https:\/\/radioljubuski.ba\/","logo":{"@type":"ImageObject","inLanguage":"hr","@id":"https:\/\/radioljubuski.ba\/#\/schema\/logo\/image\/","url":"https:\/\/radioljubuski.ba\/wp-content\/uploads\/2021\/02\/cropped-Radio_Ljubuski_logo1.jpg","contentUrl":"https:\/\/radioljubuski.ba\/wp-content\/uploads\/2021\/02\/cropped-Radio_Ljubuski_logo1.jpg","width":512,"height":512,"caption":"Radio Ljubu\u0161ki"},"image":{"@id":"https:\/\/radioljubuski.ba\/#\/schema\/logo\/image\/"},"sameAs":["https:\/\/www.facebook.com\/Radiio-Ljubuski-1490835324566332","https:\/\/x.com\/radioljubuski","https:\/\/hr.linkedin.com\/company\/radio-ljubuski","https:\/\/www.youtube.com\/channel\/UCHYaeO_n0Db3tjNGudGpXyw"]},{"@type":"Person","@id":"https:\/\/radioljubuski.ba\/#\/schema\/person\/19fc700381a780f69665d7956c469e3b","name":"Radio Ljubu\u0161ki"}]}},"_links":{"self":[{"href":"https:\/\/radioljubuski.ba\/index.php\/wp-json\/wp\/v2\/posts\/153071","targetHints":{"allow":["GET"]}}],"collection":[{"href":"https:\/\/radioljubuski.ba\/index.php\/wp-json\/wp\/v2\/posts"}],"about":[{"href":"https:\/\/radioljubuski.ba\/index.php\/wp-json\/wp\/v2\/types\/post"}],"author":[{"embeddable":true,"href":"https:\/\/radioljubuski.ba\/index.php\/wp-json\/wp\/v2\/users\/2"}],"replies":[{"embeddable":true,"href":"https:\/\/radioljubuski.ba\/index.php\/wp-json\/wp\/v2\/comments?post=153071"}],"version-history":[{"count":1,"href":"https:\/\/radioljubuski.ba\/index.php\/wp-json\/wp\/v2\/posts\/153071\/revisions"}],"predecessor-version":[{"id":153072,"href":"https:\/\/radioljubuski.ba\/index.php\/wp-json\/wp\/v2\/posts\/153071\/revisions\/153072"}],"wp:featuredmedia":[{"embeddable":true,"href":"https:\/\/radioljubuski.ba\/index.php\/wp-json\/wp\/v2\/media\/111934"}],"wp:attachment":[{"href":"https:\/\/radioljubuski.ba\/index.php\/wp-json\/wp\/v2\/media?parent=153071"}],"wp:term":[{"taxonomy":"category","embeddable":true,"href":"https:\/\/radioljubuski.ba\/index.php\/wp-json\/wp\/v2\/categories?post=153071"},{"taxonomy":"post_tag","embeddable":true,"href":"https:\/\/radioljubuski.ba\/index.php\/wp-json\/wp\/v2\/tags?post=153071"}],"curies":[{"name":"wp","href":"https:\/\/api.w.org\/{rel}","templated":true}]}}