{"id":153092,"date":"2022-06-24T16:27:41","date_gmt":"2022-06-24T15:27:41","guid":{"rendered":"https:\/\/radioljubuski.ba\/?p=153092"},"modified":"2022-06-24T16:27:42","modified_gmt":"2022-06-24T15:27:42","slug":"24-lipnja-1941-valerijanov-memorandum-velikosrpska-laz-u-reziji-spc-a","status":"publish","type":"post","link":"https:\/\/radioljubuski.ba\/index.php\/2022\/06\/24\/24-lipnja-1941-valerijanov-memorandum-velikosrpska-laz-u-reziji-spc-a\/","title":{"rendered":"24. lipnja 1941. \u2013 Valerijanov memorandum: velikosrpska la\u017e u re\u017eiji SPC-a"},"content":{"rendered":"\n<p><strong>Dva dokumenta, Valerijanov memorandum i Homogena Srbija, nastali su u isto vrijeme u lipnju 1941. godine. Dok se prvi u re\u017eiji SPC-a bavi brojkama o stotinama tisu\u0107a stradalih Srba samo u prvim mjesecima rata, drugi u re\u017eiji \u010detni\u010dkih ideologa Moljevi\u0107a i Vasi\u0107a bavi se planom ubijanja i etni\u010dkog \u010di\u0161\u0107enja Hrvata i Muslimana ju\u017eno od linije Virovitica-Karlovac-Karlobag, \u0161to je \u010dinilo gotovo 3\/4 teritorija NDH.<\/strong><\/p>\n\n\n\n<p>Valerijanov memorandum predstavnici Srpske Pravoslavne Crkve predali su prvo njema\u010dkim vlastima u Beogradu, a kasnije je ra\u0161iren po svijetu. La\u017e u re\u017eiji SPC-a je tolika da su tvrdili da je ve\u0107 u lipnju 1941., dva mjeseca od uspostave NDH ubijeno vi\u0161e od 100.000 Srba. U kolovozu 1941. broj je narastao na 180.000, a u rujnu 1941. slu\u017ebeni broj ubijenih Srba u NDH koji je SPC \u0161irila svijetom bio je ve\u0107i od 300.000 \u017ertava.<br>\u201eTakva sramotna la\u017e ostala je nad Hrvatima do dana dana\u0161njega\u201c (Stjepan Lozo)<\/p>\n\n\n\n<h3 class=\"wp-block-heading\"><strong>Valerijanov memorandum<\/strong><\/h3>\n\n\n\n<p>Valerijanov memorandum je dokument Srpske Pravoslavne Crkve izdan 24. lipnja 1941. godine, kao potpora i propagandna poluga Dokumentu Stevana Moljevi\u0107a \u201eHomogena Srbija\u201c, koji je zahtijevao uspostavu Velike Srbije izvr\u0161enjem genocida nad Hrvatima. Zanimljivo je da su oba dokumenta iza\u0161la u razmaku od sedam dana: Valerijanov memorandum se bavi izmi\u0161ljenim stradanjima Srba s brojevima \u201cprenapuhanim\u201d preko svake mjere, a Homogena Srbija koju izdaju \u010detnici i njihov ideolog Stevan Moljevi\u0107 se bavi time kako uspostaviti Veliku Srbiju na liniji Virovitica-Karlovac-Karlobag. Naravno, to podrazumijeva ubijanje, progon i etni\u010dko \u010di\u0161\u0107enje svih Hrvata ju\u017eno od te linije, te etni\u010dki \u010distu dr\u017eavu u kojoj \u017eive samo Srbi.<\/p>\n\n\n\n<p>Dva dokumenta u isto vrijeme: jedan se bavi brojevima ubijenih Srba, a drugi stvara idejne pretpostavke da se ubijanje dogodi \u2013 Hrvatima i Muslimanima. O kakvoj se propagandi radi mo\u017ee se vidjeti iz tvrdnji da su ve\u0107 u ljeto 1941. godine, primjerice, svi Srbi u kotarevima Imotski, Gospi\u0107, Glina, Grahovo, Korenica, Gra\u010dac, i nizu drugih, pobijeni i istrijebljeni.<\/p>\n\n\n\n<p>O \u010demu se radi lako se mo\u017ee vidjeti i iz popisa stanovni\u0161tva 1948. godine gdje u tim kotarevima \u017eivi veliki broj Srba. Primjer nastranosti i dijaboli\u010dnosti takve propagande slu\u010daj je kotara Lapac, pri \u010demu SPC kleve\u0107e Hrvate da su istrijebili Srbe, dok je istina izravno suprotna, Srbi su gotovo potpuno istrijebili Hrvate, uni\u0161tili veliku \u017eupu Bori\u010devac, te istrijebili cijeli rod obitelji Ivezi\u0107a kod Srba klanjem i bacanjem u jame, od male djece do staraca.<\/p>\n\n\n\n<h3 class=\"wp-block-heading\"><strong>Pad izbjegli\u010dke vlade generala Simovi\u0107a<\/strong><\/h3>\n\n\n\n<p>Izravna posljedica \u201cValerijanova memoranduma\u201c bio je pad izbjegli\u010dke vlade generala Simovi\u0107a u Londonu, istog onog koji je organizirao demonstracije u Beogradu u o\u017eujku 1941. nakon potpisivanja Trojnog pakta. Taj potpis garantirao je mir u Jugoslaviji na sli\u010dan na\u010din kao u \u0160panjolskoj koja je bila po\u0161te\u0111ena II. Svjetskog rata: opstanak Jugoslavije i svaku garanciju da njema\u010dke trupe ne\u0107e koristiti teritorij Jugoslavije za transport robe i trupa, a kamoli za ratne aktivnosti. Crnoruka\u0161ke aktivnosti uvijek su vidljive u srbijanskoj politici, pa tako i u svim aktivnostima koje se ti\u010du Velike Srbije, \u0161to zna\u010di i pisanju Valerijanovog memoranduma, te smjene izbjegli\u010dke vlade. Nastupilo je crnoruka\u0161ko preuzimanje izbjegli\u010dke vlade te dovo\u0111enje Dra\u017ee Mihailovi\u0107a za ministra obrane i zapovjednika vojske Jugoslavije, poznatije kao \u010detnici (JVO).<\/p>\n\n\n\n<p>General Dra\u017ea Mihailovi\u0107 jedan je od najve\u0107ih zlo\u010dinaca europske povijesti u 20. stolje\u0107u, a njegove postrojbe provele su genocid nad Hrvatima i Muslimanima u Drugom svjetskom ratu. Danas je u Srbiji i Republici Srpskoj posve rehabilitiran, kao i cijeli \u010detni\u010dki zlo\u010dina\u010dki pokret.<\/p>\n\n\n\n<p>U danima kada SPC plasira prvu verziju \u201cValerijanova memoranduma\u201c, 24. lipnja 1941. po\u010dinje prva srpska pobuna u NDH. U isto\u010dnoj Hercegovini masovno stradavaju nedu\u017eni Hrvati i Muslimani, a na \u201csrpski Vidovdan\u201c, 28. lipnja 1941. Srbi \u010dine i prvi genocidni zlo\u010din uop\u0107e na prostoru NDH. Pod vodstvom pravoslavnog popa Radojice Peri\u0161i\u0107a vr\u0161e pokolj svega zate\u010denog stanovni\u0161tva u Avtovcu u blizini Gackog, uklju\u010divo \u017eene i djecu, te uni\u0161tavaju \u010ditavo naselje. Tako su \u010detnici po\u010deli genocid nad Hrvatima i Muslimanima uz istodobnu klevetu za genocid nad Srbima, \u010dija je propaganda zapo\u010deta ba\u0161 Valerijanovim memorandumom. Danas ta propaganda izgleda sasvim prozirna, no nije bilo lako do\u0107i do ovakve rekonstrukcije i saznanja.<\/p>\n\n\n\n<h3 class=\"wp-block-heading\"><strong>Optu\u017ebe SPC-a na ra\u010dun vlasti NDH<\/strong><\/h3>\n\n\n\n<p>Dokument iz lipnja 1941. godine&nbsp;<strong>iznosi te\u0161ku optu\u017ebu hrvatske strane za pokolj 100.000 Srba<\/strong>&nbsp;nakon samo dva i pol mjeseca rata, \u0161to bi zna\u010dilo da su vlasti NDH svakog dana ubile gotovo 1500 Srba, dan za danom. Naravno da je&nbsp;<strong>ta konstrukcija bila nemogu\u0107a<\/strong>, posebno jer se rat i stabilizacija vlasti i prostora u dr\u017eavama nastalim raspadom prve kraljevske Jugoslavije potrajalo i do svibnja mjeseca, pa i dulje u dijelovima NDH.<\/p>\n\n\n\n<p>Dakle, Srpska pravoslavna crkva je odmah na po\u010detku rata optu\u017eila vlasti NDH za genocid i nevi\u0111eni pokolj kakvog do tada nije bilo u Europi. Osim toga, opisi mu\u010denja i bestijalnosti u dokumentu ovjereni su autoritetom jedne kr\u0161\u0107anske crkve, a postoje pokazatelji da je memorandum dostavljan i na druge adrese. (1)<\/p>\n\n\n\n<p>Me\u0111u brojnim mjestima ubijanja 100.000 Srba navode se:<br>*Biha\u0107:\u201cistrebljen do posljednjeg Srbina. Svi su poubijani, internirani, raseljeni i u zbjegovima\u201c.<\/p>\n\n\n\n<p>*Donji Lapac (gdje se nalazio i Srb, mjesto pokolja Hrvata): \u201ePostoje sela koja su potpuno uni\u0161tena i Srbi istrijebljeni. Sela Srb i Suvaja bili su objekt progona hrvatskih usta\u0161a i hrvatske vojske. Na dan 2. srpnja (\u2026) samo u ova dva sela ubijeno je oko 3.000 du\u0161a (\u2026) pa ima sigurnosti da su Srbi ovdje uistinu istrijebljeni.\u201c<\/p>\n\n\n\n<p>*Glina: \u201eRa\u010duna se da u kotaru nema ni jednog jedinog Srbina\u201c.<\/p>\n\n\n\n<p>*Korenica: \u201eI ovo li\u010dko mjesto, s gotovo cijelom okolinom, istrebljeno je od Srba.\u201c (2)<\/p>\n\n\n\n<h3 class=\"wp-block-heading\"><strong>Izmi\u0161ljena brojka ubijenih Srba<\/strong><\/h3>\n\n\n\n<p>Sli\u010dno navedenome donose se izmi\u0161ljeni podaci i za druge kotareve u NDH, od Slavonije i Banovine, do Like i Bosne, pa \u010dak i u kotaru Imotski pod rednim brojem 49: \u201eU ovom grani\u010dnom dalmatinskom kotaru koji je od prije \u010duven po zvjerskoj mr\u017enji prema Srbima poubijani su svi Srbi mu\u0161karci do jednoga\u201c. Naravno da je to bila apsolutna la\u017e jer su manjinski Srbi kotara Imotski velikom ve\u0107inom pre\u017eivjeli rat, \u0161to se vidi i iz popisa stanovni\u0161tva 1948. godine.<\/p>\n\n\n\n<p>Valerijanov memorandum je u svojoj prvoj varijanti krajem lipnja 1941., iznosio&nbsp;<strong>izmi\u0161ljenu brojku<\/strong>&nbsp;od<strong>&nbsp;100.000 ubijenih Srba u NDH<\/strong>. U kolovozu je brojka narasla na 180.000 ubijenih Srba, a do rujna 1941. se ve\u0107 izlazilo s brojem od 300.000 pobijenih Srba u NDH, \u0161to je kasnije jo\u0161 uve\u0107avano. Takve stra\u0161ne&nbsp;<strong>klevete koje nemaju gotovo nikakve veze sa stvarno\u0161\u0107u<\/strong>&nbsp;odaslane su izvan zemlje i sna\u017enom propagandom velikosrpske mre\u017ee \u0161irene po \u010ditavom svijetu, a takv<strong>e tvrdnje je argumentirano pobio mr. sc. Stjepan Lozo<\/strong>&nbsp;\u010diji intervju za Slobodnu Dalmaciju mo\u017eete pro\u010ditati&nbsp;<a href=\"https:\/\/slobodnadalmacija.hr\/vijesti\/hrvatska\/povjesnicar-stjepan-lozo-u-ndh-su-srbi-provodili-genocid-nad-hrvatima-a-onda-su-39-strasne-39-ustase-optuzili-za-zlocin-nad-njima-573398\">ovdje<\/a>.<\/p>\n\n\n\n<p><em>(1)Stjepan Lozo: \u201eIdeologija i proaganda velikosrpskog genocida nad Hrvatima\u201c, str. 115<\/em><\/p>\n\n\n\n<p><em>(2)Stjepan Lozo: \u201eIdeologija i proaganda velikosrpskog genocida nad Hrvatima\u201c, str. 125<\/em><\/p>\n\n\n\n<p><em>Izvor: narod.hr<\/em><\/p>\n","protected":false},"excerpt":{"rendered":"<p>Dva dokumenta, Valerijanov memorandum i Homogena Srbija, nastali su u isto vrijeme u lipnju 1941. godine. Dok se prvi u re\u017eiji SPC-a bavi brojkama o stotinama tisu\u0107a stradalih Srba samo u prvim mjesecima rata, drugi u re\u017eiji \u010detni\u010dkih ideologa Moljevi\u0107a i Vasi\u0107a bavi se planom ubijanja i etni\u010dkog \u010di\u0161\u0107enja Hrvata i Muslimana ju\u017eno od linije [&hellip;]<\/p>\n","protected":false},"author":2,"featured_media":153093,"comment_status":"closed","ping_status":"closed","sticky":false,"template":"","format":"standard","meta":{"h5ap_radio_sources":[],"footnotes":""},"categories":[1],"tags":[],"class_list":["post-153092","post","type-post","status-publish","format-standard","has-post-thumbnail","hentry","category-bihiregija"],"yoast_head":"<!-- This site is optimized with the Yoast SEO plugin v27.4 - https:\/\/yoast.com\/product\/yoast-seo-wordpress\/ -->\n<title>24. lipnja 1941. \u2013 Valerijanov memorandum: velikosrpska la\u017e u re\u017eiji SPC-a - RADIO LJUBU\u0160KI<\/title>\n<meta name=\"robots\" content=\"index, follow, max-snippet:-1, max-image-preview:large, max-video-preview:-1\" \/>\n<link rel=\"canonical\" href=\"https:\/\/radioljubuski.ba\/index.php\/2022\/06\/24\/24-lipnja-1941-valerijanov-memorandum-velikosrpska-laz-u-reziji-spc-a\/\" \/>\n<meta property=\"og:locale\" content=\"hr_HR\" \/>\n<meta property=\"og:type\" content=\"article\" \/>\n<meta property=\"og:title\" content=\"24. lipnja 1941. \u2013 Valerijanov memorandum: velikosrpska la\u017e u re\u017eiji SPC-a - RADIO LJUBU\u0160KI\" \/>\n<meta property=\"og:description\" content=\"Dva dokumenta, Valerijanov memorandum i Homogena Srbija, nastali su u isto vrijeme u lipnju 1941. godine. Dok se prvi u re\u017eiji SPC-a bavi brojkama o stotinama tisu\u0107a stradalih Srba samo u prvim mjesecima rata, drugi u re\u017eiji \u010detni\u010dkih ideologa Moljevi\u0107a i Vasi\u0107a bavi se planom ubijanja i etni\u010dkog \u010di\u0161\u0107enja Hrvata i Muslimana ju\u017eno od linije [&hellip;]\" \/>\n<meta property=\"og:url\" content=\"https:\/\/radioljubuski.ba\/index.php\/2022\/06\/24\/24-lipnja-1941-valerijanov-memorandum-velikosrpska-laz-u-reziji-spc-a\/\" \/>\n<meta property=\"og:site_name\" content=\"RADIO LJUBU\u0160KI\" \/>\n<meta property=\"article:publisher\" content=\"https:\/\/www.facebook.com\/Radiio-Ljubuski-1490835324566332\" \/>\n<meta property=\"article:published_time\" content=\"2022-06-24T15:27:41+00:00\" \/>\n<meta property=\"article:modified_time\" content=\"2022-06-24T15:27:42+00:00\" \/>\n<meta property=\"og:image\" content=\"https:\/\/radioljubuski.ba\/wp-content\/uploads\/2022\/06\/800px-Patrijarh_Gavrilo_Dozic_Episkop_Nikolaj_Velimirovic_vojvoda_Momcilo_Dujic_Dimitrije_Ljotic_i_drugi_u_Sloveniji_1945._go-696x433-1.png\" \/>\n\t<meta property=\"og:image:width\" content=\"696\" \/>\n\t<meta property=\"og:image:height\" content=\"433\" \/>\n\t<meta property=\"og:image:type\" content=\"image\/png\" \/>\n<meta name=\"author\" content=\"Radio Ljubu\u0161ki\" \/>\n<meta name=\"twitter:card\" content=\"summary_large_image\" \/>\n<meta name=\"twitter:creator\" content=\"@radioljubuski\" \/>\n<meta name=\"twitter:site\" content=\"@radioljubuski\" \/>\n<meta name=\"twitter:label1\" content=\"Napisao\/la\" \/>\n\t<meta name=\"twitter:data1\" content=\"Radio Ljubu\u0161ki\" \/>\n\t<meta name=\"twitter:label2\" content=\"Procijenjeno vrijeme \u010ditanja\" \/>\n\t<meta name=\"twitter:data2\" content=\"5 minuta\" \/>\n<script type=\"application\/ld+json\" class=\"yoast-schema-graph\">{\"@context\":\"https:\\\/\\\/schema.org\",\"@graph\":[{\"@type\":\"Article\",\"@id\":\"https:\\\/\\\/radioljubuski.ba\\\/index.php\\\/2022\\\/06\\\/24\\\/24-lipnja-1941-valerijanov-memorandum-velikosrpska-laz-u-reziji-spc-a\\\/#article\",\"isPartOf\":{\"@id\":\"https:\\\/\\\/radioljubuski.ba\\\/index.php\\\/2022\\\/06\\\/24\\\/24-lipnja-1941-valerijanov-memorandum-velikosrpska-laz-u-reziji-spc-a\\\/\"},\"author\":{\"name\":\"Radio Ljubu\u0161ki\",\"@id\":\"https:\\\/\\\/radioljubuski.ba\\\/#\\\/schema\\\/person\\\/19fc700381a780f69665d7956c469e3b\"},\"headline\":\"24. lipnja 1941. \u2013 Valerijanov memorandum: velikosrpska la\u017e u re\u017eiji SPC-a\",\"datePublished\":\"2022-06-24T15:27:41+00:00\",\"dateModified\":\"2022-06-24T15:27:42+00:00\",\"mainEntityOfPage\":{\"@id\":\"https:\\\/\\\/radioljubuski.ba\\\/index.php\\\/2022\\\/06\\\/24\\\/24-lipnja-1941-valerijanov-memorandum-velikosrpska-laz-u-reziji-spc-a\\\/\"},\"wordCount\":1176,\"publisher\":{\"@id\":\"https:\\\/\\\/radioljubuski.ba\\\/#organization\"},\"image\":{\"@id\":\"https:\\\/\\\/radioljubuski.ba\\\/index.php\\\/2022\\\/06\\\/24\\\/24-lipnja-1941-valerijanov-memorandum-velikosrpska-laz-u-reziji-spc-a\\\/#primaryimage\"},\"thumbnailUrl\":\"https:\\\/\\\/radioljubuski.ba\\\/wp-content\\\/uploads\\\/2022\\\/06\\\/800px-Patrijarh_Gavrilo_Dozic_Episkop_Nikolaj_Velimirovic_vojvoda_Momcilo_Dujic_Dimitrije_Ljotic_i_drugi_u_Sloveniji_1945._go-696x433-1.png\",\"articleSection\":[\"BIH i regija\"],\"inLanguage\":\"hr\"},{\"@type\":\"WebPage\",\"@id\":\"https:\\\/\\\/radioljubuski.ba\\\/index.php\\\/2022\\\/06\\\/24\\\/24-lipnja-1941-valerijanov-memorandum-velikosrpska-laz-u-reziji-spc-a\\\/\",\"url\":\"https:\\\/\\\/radioljubuski.ba\\\/index.php\\\/2022\\\/06\\\/24\\\/24-lipnja-1941-valerijanov-memorandum-velikosrpska-laz-u-reziji-spc-a\\\/\",\"name\":\"24. lipnja 1941. \u2013 Valerijanov memorandum: velikosrpska la\u017e u re\u017eiji SPC-a - RADIO LJUBU\u0160KI\",\"isPartOf\":{\"@id\":\"https:\\\/\\\/radioljubuski.ba\\\/#website\"},\"primaryImageOfPage\":{\"@id\":\"https:\\\/\\\/radioljubuski.ba\\\/index.php\\\/2022\\\/06\\\/24\\\/24-lipnja-1941-valerijanov-memorandum-velikosrpska-laz-u-reziji-spc-a\\\/#primaryimage\"},\"image\":{\"@id\":\"https:\\\/\\\/radioljubuski.ba\\\/index.php\\\/2022\\\/06\\\/24\\\/24-lipnja-1941-valerijanov-memorandum-velikosrpska-laz-u-reziji-spc-a\\\/#primaryimage\"},\"thumbnailUrl\":\"https:\\\/\\\/radioljubuski.ba\\\/wp-content\\\/uploads\\\/2022\\\/06\\\/800px-Patrijarh_Gavrilo_Dozic_Episkop_Nikolaj_Velimirovic_vojvoda_Momcilo_Dujic_Dimitrije_Ljotic_i_drugi_u_Sloveniji_1945._go-696x433-1.png\",\"datePublished\":\"2022-06-24T15:27:41+00:00\",\"dateModified\":\"2022-06-24T15:27:42+00:00\",\"breadcrumb\":{\"@id\":\"https:\\\/\\\/radioljubuski.ba\\\/index.php\\\/2022\\\/06\\\/24\\\/24-lipnja-1941-valerijanov-memorandum-velikosrpska-laz-u-reziji-spc-a\\\/#breadcrumb\"},\"inLanguage\":\"hr\",\"potentialAction\":[{\"@type\":\"ReadAction\",\"target\":[\"https:\\\/\\\/radioljubuski.ba\\\/index.php\\\/2022\\\/06\\\/24\\\/24-lipnja-1941-valerijanov-memorandum-velikosrpska-laz-u-reziji-spc-a\\\/\"]}]},{\"@type\":\"ImageObject\",\"inLanguage\":\"hr\",\"@id\":\"https:\\\/\\\/radioljubuski.ba\\\/index.php\\\/2022\\\/06\\\/24\\\/24-lipnja-1941-valerijanov-memorandum-velikosrpska-laz-u-reziji-spc-a\\\/#primaryimage\",\"url\":\"https:\\\/\\\/radioljubuski.ba\\\/wp-content\\\/uploads\\\/2022\\\/06\\\/800px-Patrijarh_Gavrilo_Dozic_Episkop_Nikolaj_Velimirovic_vojvoda_Momcilo_Dujic_Dimitrije_Ljotic_i_drugi_u_Sloveniji_1945._go-696x433-1.png\",\"contentUrl\":\"https:\\\/\\\/radioljubuski.ba\\\/wp-content\\\/uploads\\\/2022\\\/06\\\/800px-Patrijarh_Gavrilo_Dozic_Episkop_Nikolaj_Velimirovic_vojvoda_Momcilo_Dujic_Dimitrije_Ljotic_i_drugi_u_Sloveniji_1945._go-696x433-1.png\",\"width\":696,\"height\":433},{\"@type\":\"BreadcrumbList\",\"@id\":\"https:\\\/\\\/radioljubuski.ba\\\/index.php\\\/2022\\\/06\\\/24\\\/24-lipnja-1941-valerijanov-memorandum-velikosrpska-laz-u-reziji-spc-a\\\/#breadcrumb\",\"itemListElement\":[{\"@type\":\"ListItem\",\"position\":1,\"name\":\"Po\u010detna stranica\",\"item\":\"https:\\\/\\\/radioljubuski.ba\\\/\"},{\"@type\":\"ListItem\",\"position\":2,\"name\":\"24. lipnja 1941. \u2013 Valerijanov memorandum: velikosrpska la\u017e u re\u017eiji SPC-a\"}]},{\"@type\":\"WebSite\",\"@id\":\"https:\\\/\\\/radioljubuski.ba\\\/#website\",\"url\":\"https:\\\/\\\/radioljubuski.ba\\\/\",\"name\":\"Radio Ljubu\u0161ki\",\"description\":\"Sun\u010dana frekvencija Hercegovine\",\"publisher\":{\"@id\":\"https:\\\/\\\/radioljubuski.ba\\\/#organization\"},\"potentialAction\":[{\"@type\":\"SearchAction\",\"target\":{\"@type\":\"EntryPoint\",\"urlTemplate\":\"https:\\\/\\\/radioljubuski.ba\\\/?s={search_term_string}\"},\"query-input\":{\"@type\":\"PropertyValueSpecification\",\"valueRequired\":true,\"valueName\":\"search_term_string\"}}],\"inLanguage\":\"hr\"},{\"@type\":\"Organization\",\"@id\":\"https:\\\/\\\/radioljubuski.ba\\\/#organization\",\"name\":\"Radio Ljubu\u0161ki\",\"url\":\"https:\\\/\\\/radioljubuski.ba\\\/\",\"logo\":{\"@type\":\"ImageObject\",\"inLanguage\":\"hr\",\"@id\":\"https:\\\/\\\/radioljubuski.ba\\\/#\\\/schema\\\/logo\\\/image\\\/\",\"url\":\"https:\\\/\\\/radioljubuski.ba\\\/wp-content\\\/uploads\\\/2021\\\/02\\\/cropped-Radio_Ljubuski_logo1.jpg\",\"contentUrl\":\"https:\\\/\\\/radioljubuski.ba\\\/wp-content\\\/uploads\\\/2021\\\/02\\\/cropped-Radio_Ljubuski_logo1.jpg\",\"width\":512,\"height\":512,\"caption\":\"Radio Ljubu\u0161ki\"},\"image\":{\"@id\":\"https:\\\/\\\/radioljubuski.ba\\\/#\\\/schema\\\/logo\\\/image\\\/\"},\"sameAs\":[\"https:\\\/\\\/www.facebook.com\\\/Radiio-Ljubuski-1490835324566332\",\"https:\\\/\\\/x.com\\\/radioljubuski\",\"https:\\\/\\\/hr.linkedin.com\\\/company\\\/radio-ljubuski\",\"https:\\\/\\\/www.youtube.com\\\/channel\\\/UCHYaeO_n0Db3tjNGudGpXyw\"]},{\"@type\":\"Person\",\"@id\":\"https:\\\/\\\/radioljubuski.ba\\\/#\\\/schema\\\/person\\\/19fc700381a780f69665d7956c469e3b\",\"name\":\"Radio Ljubu\u0161ki\"}]}<\/script>\n<!-- \/ Yoast SEO plugin. -->","yoast_head_json":{"title":"24. lipnja 1941. \u2013 Valerijanov memorandum: velikosrpska la\u017e u re\u017eiji SPC-a - RADIO LJUBU\u0160KI","robots":{"index":"index","follow":"follow","max-snippet":"max-snippet:-1","max-image-preview":"max-image-preview:large","max-video-preview":"max-video-preview:-1"},"canonical":"https:\/\/radioljubuski.ba\/index.php\/2022\/06\/24\/24-lipnja-1941-valerijanov-memorandum-velikosrpska-laz-u-reziji-spc-a\/","og_locale":"hr_HR","og_type":"article","og_title":"24. lipnja 1941. \u2013 Valerijanov memorandum: velikosrpska la\u017e u re\u017eiji SPC-a - RADIO LJUBU\u0160KI","og_description":"Dva dokumenta, Valerijanov memorandum i Homogena Srbija, nastali su u isto vrijeme u lipnju 1941. godine. Dok se prvi u re\u017eiji SPC-a bavi brojkama o stotinama tisu\u0107a stradalih Srba samo u prvim mjesecima rata, drugi u re\u017eiji \u010detni\u010dkih ideologa Moljevi\u0107a i Vasi\u0107a bavi se planom ubijanja i etni\u010dkog \u010di\u0161\u0107enja Hrvata i Muslimana ju\u017eno od linije [&hellip;]","og_url":"https:\/\/radioljubuski.ba\/index.php\/2022\/06\/24\/24-lipnja-1941-valerijanov-memorandum-velikosrpska-laz-u-reziji-spc-a\/","og_site_name":"RADIO LJUBU\u0160KI","article_publisher":"https:\/\/www.facebook.com\/Radiio-Ljubuski-1490835324566332","article_published_time":"2022-06-24T15:27:41+00:00","article_modified_time":"2022-06-24T15:27:42+00:00","og_image":[{"width":696,"height":433,"url":"https:\/\/radioljubuski.ba\/wp-content\/uploads\/2022\/06\/800px-Patrijarh_Gavrilo_Dozic_Episkop_Nikolaj_Velimirovic_vojvoda_Momcilo_Dujic_Dimitrije_Ljotic_i_drugi_u_Sloveniji_1945._go-696x433-1.png","type":"image\/png"}],"author":"Radio Ljubu\u0161ki","twitter_card":"summary_large_image","twitter_creator":"@radioljubuski","twitter_site":"@radioljubuski","twitter_misc":{"Napisao\/la":"Radio Ljubu\u0161ki","Procijenjeno vrijeme \u010ditanja":"5 minuta"},"schema":{"@context":"https:\/\/schema.org","@graph":[{"@type":"Article","@id":"https:\/\/radioljubuski.ba\/index.php\/2022\/06\/24\/24-lipnja-1941-valerijanov-memorandum-velikosrpska-laz-u-reziji-spc-a\/#article","isPartOf":{"@id":"https:\/\/radioljubuski.ba\/index.php\/2022\/06\/24\/24-lipnja-1941-valerijanov-memorandum-velikosrpska-laz-u-reziji-spc-a\/"},"author":{"name":"Radio Ljubu\u0161ki","@id":"https:\/\/radioljubuski.ba\/#\/schema\/person\/19fc700381a780f69665d7956c469e3b"},"headline":"24. lipnja 1941. \u2013 Valerijanov memorandum: velikosrpska la\u017e u re\u017eiji SPC-a","datePublished":"2022-06-24T15:27:41+00:00","dateModified":"2022-06-24T15:27:42+00:00","mainEntityOfPage":{"@id":"https:\/\/radioljubuski.ba\/index.php\/2022\/06\/24\/24-lipnja-1941-valerijanov-memorandum-velikosrpska-laz-u-reziji-spc-a\/"},"wordCount":1176,"publisher":{"@id":"https:\/\/radioljubuski.ba\/#organization"},"image":{"@id":"https:\/\/radioljubuski.ba\/index.php\/2022\/06\/24\/24-lipnja-1941-valerijanov-memorandum-velikosrpska-laz-u-reziji-spc-a\/#primaryimage"},"thumbnailUrl":"https:\/\/radioljubuski.ba\/wp-content\/uploads\/2022\/06\/800px-Patrijarh_Gavrilo_Dozic_Episkop_Nikolaj_Velimirovic_vojvoda_Momcilo_Dujic_Dimitrije_Ljotic_i_drugi_u_Sloveniji_1945._go-696x433-1.png","articleSection":["BIH i regija"],"inLanguage":"hr"},{"@type":"WebPage","@id":"https:\/\/radioljubuski.ba\/index.php\/2022\/06\/24\/24-lipnja-1941-valerijanov-memorandum-velikosrpska-laz-u-reziji-spc-a\/","url":"https:\/\/radioljubuski.ba\/index.php\/2022\/06\/24\/24-lipnja-1941-valerijanov-memorandum-velikosrpska-laz-u-reziji-spc-a\/","name":"24. lipnja 1941. \u2013 Valerijanov memorandum: velikosrpska la\u017e u re\u017eiji SPC-a - RADIO LJUBU\u0160KI","isPartOf":{"@id":"https:\/\/radioljubuski.ba\/#website"},"primaryImageOfPage":{"@id":"https:\/\/radioljubuski.ba\/index.php\/2022\/06\/24\/24-lipnja-1941-valerijanov-memorandum-velikosrpska-laz-u-reziji-spc-a\/#primaryimage"},"image":{"@id":"https:\/\/radioljubuski.ba\/index.php\/2022\/06\/24\/24-lipnja-1941-valerijanov-memorandum-velikosrpska-laz-u-reziji-spc-a\/#primaryimage"},"thumbnailUrl":"https:\/\/radioljubuski.ba\/wp-content\/uploads\/2022\/06\/800px-Patrijarh_Gavrilo_Dozic_Episkop_Nikolaj_Velimirovic_vojvoda_Momcilo_Dujic_Dimitrije_Ljotic_i_drugi_u_Sloveniji_1945._go-696x433-1.png","datePublished":"2022-06-24T15:27:41+00:00","dateModified":"2022-06-24T15:27:42+00:00","breadcrumb":{"@id":"https:\/\/radioljubuski.ba\/index.php\/2022\/06\/24\/24-lipnja-1941-valerijanov-memorandum-velikosrpska-laz-u-reziji-spc-a\/#breadcrumb"},"inLanguage":"hr","potentialAction":[{"@type":"ReadAction","target":["https:\/\/radioljubuski.ba\/index.php\/2022\/06\/24\/24-lipnja-1941-valerijanov-memorandum-velikosrpska-laz-u-reziji-spc-a\/"]}]},{"@type":"ImageObject","inLanguage":"hr","@id":"https:\/\/radioljubuski.ba\/index.php\/2022\/06\/24\/24-lipnja-1941-valerijanov-memorandum-velikosrpska-laz-u-reziji-spc-a\/#primaryimage","url":"https:\/\/radioljubuski.ba\/wp-content\/uploads\/2022\/06\/800px-Patrijarh_Gavrilo_Dozic_Episkop_Nikolaj_Velimirovic_vojvoda_Momcilo_Dujic_Dimitrije_Ljotic_i_drugi_u_Sloveniji_1945._go-696x433-1.png","contentUrl":"https:\/\/radioljubuski.ba\/wp-content\/uploads\/2022\/06\/800px-Patrijarh_Gavrilo_Dozic_Episkop_Nikolaj_Velimirovic_vojvoda_Momcilo_Dujic_Dimitrije_Ljotic_i_drugi_u_Sloveniji_1945._go-696x433-1.png","width":696,"height":433},{"@type":"BreadcrumbList","@id":"https:\/\/radioljubuski.ba\/index.php\/2022\/06\/24\/24-lipnja-1941-valerijanov-memorandum-velikosrpska-laz-u-reziji-spc-a\/#breadcrumb","itemListElement":[{"@type":"ListItem","position":1,"name":"Po\u010detna stranica","item":"https:\/\/radioljubuski.ba\/"},{"@type":"ListItem","position":2,"name":"24. lipnja 1941. \u2013 Valerijanov memorandum: velikosrpska la\u017e u re\u017eiji SPC-a"}]},{"@type":"WebSite","@id":"https:\/\/radioljubuski.ba\/#website","url":"https:\/\/radioljubuski.ba\/","name":"Radio Ljubu\u0161ki","description":"Sun\u010dana frekvencija Hercegovine","publisher":{"@id":"https:\/\/radioljubuski.ba\/#organization"},"potentialAction":[{"@type":"SearchAction","target":{"@type":"EntryPoint","urlTemplate":"https:\/\/radioljubuski.ba\/?s={search_term_string}"},"query-input":{"@type":"PropertyValueSpecification","valueRequired":true,"valueName":"search_term_string"}}],"inLanguage":"hr"},{"@type":"Organization","@id":"https:\/\/radioljubuski.ba\/#organization","name":"Radio Ljubu\u0161ki","url":"https:\/\/radioljubuski.ba\/","logo":{"@type":"ImageObject","inLanguage":"hr","@id":"https:\/\/radioljubuski.ba\/#\/schema\/logo\/image\/","url":"https:\/\/radioljubuski.ba\/wp-content\/uploads\/2021\/02\/cropped-Radio_Ljubuski_logo1.jpg","contentUrl":"https:\/\/radioljubuski.ba\/wp-content\/uploads\/2021\/02\/cropped-Radio_Ljubuski_logo1.jpg","width":512,"height":512,"caption":"Radio Ljubu\u0161ki"},"image":{"@id":"https:\/\/radioljubuski.ba\/#\/schema\/logo\/image\/"},"sameAs":["https:\/\/www.facebook.com\/Radiio-Ljubuski-1490835324566332","https:\/\/x.com\/radioljubuski","https:\/\/hr.linkedin.com\/company\/radio-ljubuski","https:\/\/www.youtube.com\/channel\/UCHYaeO_n0Db3tjNGudGpXyw"]},{"@type":"Person","@id":"https:\/\/radioljubuski.ba\/#\/schema\/person\/19fc700381a780f69665d7956c469e3b","name":"Radio Ljubu\u0161ki"}]}},"_links":{"self":[{"href":"https:\/\/radioljubuski.ba\/index.php\/wp-json\/wp\/v2\/posts\/153092","targetHints":{"allow":["GET"]}}],"collection":[{"href":"https:\/\/radioljubuski.ba\/index.php\/wp-json\/wp\/v2\/posts"}],"about":[{"href":"https:\/\/radioljubuski.ba\/index.php\/wp-json\/wp\/v2\/types\/post"}],"author":[{"embeddable":true,"href":"https:\/\/radioljubuski.ba\/index.php\/wp-json\/wp\/v2\/users\/2"}],"replies":[{"embeddable":true,"href":"https:\/\/radioljubuski.ba\/index.php\/wp-json\/wp\/v2\/comments?post=153092"}],"version-history":[{"count":1,"href":"https:\/\/radioljubuski.ba\/index.php\/wp-json\/wp\/v2\/posts\/153092\/revisions"}],"predecessor-version":[{"id":153094,"href":"https:\/\/radioljubuski.ba\/index.php\/wp-json\/wp\/v2\/posts\/153092\/revisions\/153094"}],"wp:featuredmedia":[{"embeddable":true,"href":"https:\/\/radioljubuski.ba\/index.php\/wp-json\/wp\/v2\/media\/153093"}],"wp:attachment":[{"href":"https:\/\/radioljubuski.ba\/index.php\/wp-json\/wp\/v2\/media?parent=153092"}],"wp:term":[{"taxonomy":"category","embeddable":true,"href":"https:\/\/radioljubuski.ba\/index.php\/wp-json\/wp\/v2\/categories?post=153092"},{"taxonomy":"post_tag","embeddable":true,"href":"https:\/\/radioljubuski.ba\/index.php\/wp-json\/wp\/v2\/tags?post=153092"}],"curies":[{"name":"wp","href":"https:\/\/api.w.org\/{rel}","templated":true}]}}