{"id":153097,"date":"2022-06-24T16:30:14","date_gmt":"2022-06-24T15:30:14","guid":{"rendered":"https:\/\/radioljubuski.ba\/?p=153097"},"modified":"2022-06-24T16:30:15","modified_gmt":"2022-06-24T15:30:15","slug":"rodenje-sv-ivana-krstitelja-jedini-covjek-kojem-crkva-uz-gospu-i-isusa-slavi-rodenje","status":"publish","type":"post","link":"https:\/\/radioljubuski.ba\/index.php\/2022\/06\/24\/rodenje-sv-ivana-krstitelja-jedini-covjek-kojem-crkva-uz-gospu-i-isusa-slavi-rodenje\/","title":{"rendered":"Ro\u0111enje sv. Ivana Krstitelja: jedini \u010dovjek kojem Crkva, uz Gospu i Isusa, slavi ro\u0111enje!"},"content":{"rendered":"\n<p>Danas vjernici slave blagdan ro\u0111enja sv. Ivana Krsitelja, Isusovog \u201cprete\u010de\u201d i osobe koja ga je javno krstila i navijestila kao Mesiju. Ovo je gotovo jedinstveni slu\u010daj sveca za kojeg \u010dastimo dan njegova ro\u0111enja, uz blagdan njegove smrti \u2013 \u201cGlavosijek\u201d, koji se slavi 29. kolovoza. Naime, u crkvenom se kalendaru slave samo jo\u0161 dva ro\u0111enja \u2013 Isusovo ro\u0111enje \u2013 Bo\u017ei\u0107 (25. prosinca) i ro\u0111enje Bla\u017eene Djevice Marije, \u201cMala Gospa\u201d (8. rujna).<\/p>\n\n\n\n<p>Ivan Krstitelj zavrijedio je da se i njegovo ro\u0111enje posebno slavi jer upravo taj doga\u0111aj bio iznimno znakovit, kao \u0161to to opisuje Evan\u0111elje.<\/p>\n\n\n\n<h3 class=\"wp-block-heading\"><strong>Ivan kao \u201cBo\u017eji dar\u201d&nbsp;<\/strong><\/h3>\n\n\n\n<p>Sveti Luka u svom Evan\u0111elju, opisuju\u0107i ro\u0111enje Gospodinova prete\u010de Ivana Krstitelja, predstavlja nam ga kao vrlo znakovit i zna\u010dajan doga\u0111aj. Znakovit je na na\u010din kako se odvio, jer je tim ro\u0111enjem Bog \u017eelio ostaviti znak u kojem \u0107e se prepoznati njegovo djelovanje i skrb za spasenje ljudi.<\/p>\n\n\n\n<p>Ivan je doista bio Bo\u017eji dar, ne samo Zahariji i Elizabeti nego i cijelom Bo\u017ejem narodu kojemu je bio poslan da pripremi njihova srca za Mesijin dolazak. U tom smislu sveti Luka predstavlja znakovitima sve doga\u0111aje vezani uz njegovo ro\u0111enje, te davanje imena dje\u010daku. A koliko je trebala biti zna\u010dajno njegovo ro\u0111enje, govori \u010dinjenica da mu je&nbsp;<strong>povjerena uloga Mesijina prete\u010de i blagovjesnika<\/strong>.<\/p>\n\n\n\n<h3 class=\"wp-block-heading\"><strong>Ivanova uloga<\/strong><\/h3>\n\n\n\n<p>Razmi\u0161ljaju\u0107i pozorno o Ivanovoj ulozi i zna\u010denju u onom vremenu, mo\u017ee nam dakle biti o\u010dito i jasno \u0161to je Bog htio kad ga ja pozvao na svijet. Me\u0111utim, postavlja se pitanje mo\u017ee li on imati ikakvu va\u017enost za nas danas, jer je on ipak ispunio svoju ulogu prema Mesiji, nakon \u010dega je oti\u0161ao s povijesne scene. \u010cak bi se moglo postaviti pitanje koliko je uop\u0107e njegovo ro\u0111enje bilo neophodno i potrebnu u odnosu na Mesiju.<\/p>\n\n\n\n<p>Je li Mesija mogao bez njega ispuniti svoje poslanje? Je li Ivan trebao imati ikakvo zna\u010denje u narodu, kad se ima u vidu da on u striktnom smislu rije\u010di nije u ni\u010demu izravno doprinio djelu Spasenja koje je izvr\u0161io Gospodin? Osim toga, iz perspektive nas koji \u017eivimo ve\u0107 kao \u010dlanovi novoga saveza i novoga naroda Bo\u017ejega, \u0161to mo\u017ee predstavljati i zna\u010diti netko tko je bio na prijelazu iz staroga u novi?<\/p>\n\n\n\n<p>Nije li \u010dinjenica da je Gospodin Isus i sam predimenzionirao njegovu ulogu kad je rekao da je i najmanji u kraljevstvu Bo\u017ejemu ve\u0107i od Ivana Krstitelja, premda je on najve\u0107i od ro\u0111enih od \u017eene? A ako je to istina, \u0161to onda nama mo\u017ee zna\u010diti primjer jednog \u010dovjeka koji je imao bio zada\u0107u da srca otaca, to jest starozavjetne nade, usmjeri prema Kristu Gospodinu, kad smo mi i tako ve\u0107 zapo\u010deli svoj \u017eivot crpe\u0107i iz njega, kad \u017eivimo u novom savezu i ne trebamo se vra\u0107ati u stari?<\/p>\n\n\n\n<h3 class=\"wp-block-heading\"><strong>Neophodna je dobra priprava<\/strong><\/h3>\n\n\n\n<p>Treba li nam sada prete\u010da, kad ve\u0107 imamo Gospodina, kad je i sam prete\u010da znao, nakon pojavka Gospodnjega, da se treba umanjivati, kako bi dopustio Kristu da raste? Nije li okretanje prema Ivanu Krstitelju okretanje od Mesije, pa \u010dak i korak nazad u odnosu na novozavjetnu Gospodinovu ekonomiju spasenja? Nije li usmjeravanje prema Krstitelju bijeg od punine, prema djelomi\u010dnome?<\/p>\n\n\n\n<p>Naravno, sva postavljena pitanja mogla bi se sagledati i iz te perspektive, te bi doista mogla dovesti u pitanje zna\u010denje i ulogu Ivana Krstitelja me\u0111u nama progla\u0161avaju\u0107i ga suvi\u0161nim. No s druge pak strane kad znamo da je nama ljudima neophodna dobra priprava, ako \u017eelimo dobro napraviti neki posao, to bismo trebali primijeniti i na duhovno stanje napredak.<\/p>\n\n\n\n<p>Svatko zna kako se te\u0161ko mo\u017ee uspjeti i do\u0107i do cilja, ako se nije dobro predvidjelo sve \u0161to treba napraviti pri svakom koraku, to jest ako se nije vodilo ra\u010duna o tome \u0161to je neophodno kako bi se savladalo pojedine dionice puta. Uostalom, nitko ne ulijeva teku\u0107inu u probu\u0161enu posudu, jer je svakome jasno da je nikad ne bi napunio, to jest da bi izgubio sve \u0161to bi u nju ulio.<\/p>\n\n\n\n<p>Iz toga mo\u017eemo povu\u0107i zanimljive paralele s duhovnim \u017eivotom. Svjesni smo da je neophodan proces sazrijevanja i rasta, jer se mi ne ra\u0111amo s uro\u0111enom puninom, nego blago duhovne punine pabir\u010dimo iz dana u dan u mukotrpnom naporu, onda je razvidno kako nam mo\u017ee biti vrlo koristan primjer nekoga tko je imao&nbsp;<strong>iskustvo postupnog rasta prema punini<\/strong>. Ivan Krstitelj, kao prete\u010da Gospodinov, mo\u017ee nam onda u tome biti vrlo dragocjena pomo\u0107. On sam je primjerom svoga \u017eivota pokazao \u0161to treba \u010diniti kako bismo prihvatili Mesiju, ali ne samo formalno nego i plodonosno.<\/p>\n\n\n\n<p>On je pokazao primjerom koje su neophodne predradnje kako bi se uop\u0107e moglo biti kr\u0161\u0107aninom na na\u010din na koji to Gospodin o\u010dekuje od svojih vjernika. \u010citamo to u Evan\u0111elju koje nam ga predstavlja kao<strong>&nbsp;isposnika koji je \u017eivio u pustinji rastu\u0107i u mudrosti Bo\u017ejoj<\/strong>, kako veli sveti Luka: Dje\u010dak je rastao i duhom ja\u010dao, ili pak: Ruka Gospodnja bija\u0161e s njime. Ivan je primjer duhovnog rasta i kreposnog \u017eivota pred Bogom koji je neophodan kako bi se potom moglo osjetiti Bo\u017eju puninu i njegovo milosno djelovanje.<\/p>\n\n\n\n<h3 class=\"wp-block-heading\"><strong>Dragocjen primjer<\/strong><\/h3>\n\n\n\n<p>Nije stoga na odmet i danas re\u0107i da nam njegov primjer mo\u017ee i treba biti dragocjen, jer je Prete\u010da svjedo\u010dio o univerzalnim vrijednostima koje i sami trebamo usvojiti kako bismo dobro razumjeli poruku Krista Gospodina. A, na \u017ealost, mnogi kr\u0161\u0107ani \u017eive svoju vjeru kao obi\u010dni formalni ili usputni \u010din. Mnogi kr\u0161\u0107ani nemaju ni temelje duhovnog \u017eivota niti po\u0161tuju osnovne \u0107udoredne principe, kojima je Krstitelj znak i svjedok, a bez kojih je nemogu\u0107e razumjeti Krista Gospodina i njegovu bo\u017eansku snagu. Govoriti o Kristu onima koji u \u0107udorednom smislu nisu nimalo osvije\u0161teni, koji ne mare ili se protive zdravim na\u010delima duhovnosti, doslovno bi bilo kao da netko ulijeva teku\u0107inu u probu\u0161ene spremnike.<\/p>\n\n\n\n<p>Ivan Krstitelj je bio svjedok ove velike istine kako treba pripraviti vlastito srce u cjelovitosti \u0107udorednog \u017eivljenja. On je i bio prete\u010da koji je pokazao da obra\u0107enje i asketski \u017eivot prethodi punini koju daje Krist. A mi smo danas, na \u017ealost, kr\u0161\u0107ansku vjeru sveli na nekoliko nau\u010denih informacija, a ne stvarne \u017eivljene stavove neporo\u010dna \u017eivota.<\/p>\n\n\n\n<p>Me\u0111utim, samo neporo\u010dnost \u017eivota poput Gospodinova prete\u010de Ivana Krstitelja, mo\u017ee biti du\u017eni okvir u koji se mo\u017ee smjestiti i Gospodinova evan\u0111eoska punina, te kraljevstvo Bo\u017eje u na\u0161 ljudski \u017eivot. \u010cesto nam nedostaje upravo ovaj bitni preduvjet kr\u0161\u0107anskog \u017eivota, te nije stoga \u010dudno da toliki pola\u017eu pravo zvati se kr\u0161\u0107anima, a ne razumiju da bi to pretpostavljalo i podrazumijevalo istinsku cjelovitost duhovnog i \u0107udorednog \u017eivljenja. Neka nas stoga nadahne dana\u0161nja svetkovina da u svom kr\u0161\u0107anskom \u017eivotu prepoznamo bitne preduvjete, te da ih ne smatramo suvi\u0161nima, nego doista zna\u010dajnim \u010dimbenicima rasta prema punini u Kristu Gospodinu, kojemu onda i sami tako postajemo prete\u010de.<\/p>\n\n\n\n<p><em>Izvor: narod.hr<\/em><\/p>\n","protected":false},"excerpt":{"rendered":"<p>Danas vjernici slave blagdan ro\u0111enja sv. Ivana Krsitelja, Isusovog \u201cprete\u010de\u201d i osobe koja ga je javno krstila i navijestila kao Mesiju. Ovo je gotovo jedinstveni slu\u010daj sveca za kojeg \u010dastimo dan njegova ro\u0111enja, uz blagdan njegove smrti \u2013 \u201cGlavosijek\u201d, koji se slavi 29. kolovoza. Naime, u crkvenom se kalendaru slave samo jo\u0161 dva ro\u0111enja \u2013 [&hellip;]<\/p>\n","protected":false},"author":2,"featured_media":153098,"comment_status":"closed","ping_status":"closed","sticky":false,"template":"","format":"standard","meta":{"h5ap_radio_sources":[],"footnotes":""},"categories":[1],"tags":[],"class_list":["post-153097","post","type-post","status-publish","format-standard","has-post-thumbnail","hentry","category-bihiregija"],"yoast_head":"<!-- This site is optimized with the Yoast SEO plugin v27.4 - https:\/\/yoast.com\/product\/yoast-seo-wordpress\/ -->\n<title>Ro\u0111enje sv. Ivana Krstitelja: jedini \u010dovjek kojem Crkva, uz Gospu i Isusa, slavi ro\u0111enje! - RADIO LJUBU\u0160KI<\/title>\n<meta name=\"robots\" content=\"index, follow, max-snippet:-1, max-image-preview:large, max-video-preview:-1\" \/>\n<link rel=\"canonical\" href=\"https:\/\/radioljubuski.ba\/index.php\/2022\/06\/24\/rodenje-sv-ivana-krstitelja-jedini-covjek-kojem-crkva-uz-gospu-i-isusa-slavi-rodenje\/\" \/>\n<meta property=\"og:locale\" content=\"hr_HR\" \/>\n<meta property=\"og:type\" content=\"article\" \/>\n<meta property=\"og:title\" content=\"Ro\u0111enje sv. Ivana Krstitelja: jedini \u010dovjek kojem Crkva, uz Gospu i Isusa, slavi ro\u0111enje! - RADIO LJUBU\u0160KI\" \/>\n<meta property=\"og:description\" content=\"Danas vjernici slave blagdan ro\u0111enja sv. Ivana Krsitelja, Isusovog \u201cprete\u010de\u201d i osobe koja ga je javno krstila i navijestila kao Mesiju. Ovo je gotovo jedinstveni slu\u010daj sveca za kojeg \u010dastimo dan njegova ro\u0111enja, uz blagdan njegove smrti \u2013 \u201cGlavosijek\u201d, koji se slavi 29. kolovoza. Naime, u crkvenom se kalendaru slave samo jo\u0161 dva ro\u0111enja \u2013 [&hellip;]\" \/>\n<meta property=\"og:url\" content=\"https:\/\/radioljubuski.ba\/index.php\/2022\/06\/24\/rodenje-sv-ivana-krstitelja-jedini-covjek-kojem-crkva-uz-gospu-i-isusa-slavi-rodenje\/\" \/>\n<meta property=\"og:site_name\" content=\"RADIO LJUBU\u0160KI\" \/>\n<meta property=\"article:publisher\" content=\"https:\/\/www.facebook.com\/Radiio-Ljubuski-1490835324566332\" \/>\n<meta property=\"article:published_time\" content=\"2022-06-24T15:30:14+00:00\" \/>\n<meta property=\"article:modified_time\" content=\"2022-06-24T15:30:15+00:00\" \/>\n<meta property=\"og:image\" content=\"https:\/\/radioljubuski.ba\/wp-content\/uploads\/2022\/06\/Rodenje-svetog-Ivana-Krstitelja-696x348-1.jpg\" \/>\n\t<meta property=\"og:image:width\" content=\"696\" \/>\n\t<meta property=\"og:image:height\" content=\"348\" \/>\n\t<meta property=\"og:image:type\" content=\"image\/jpeg\" \/>\n<meta name=\"author\" content=\"Radio Ljubu\u0161ki\" \/>\n<meta name=\"twitter:card\" content=\"summary_large_image\" \/>\n<meta name=\"twitter:creator\" content=\"@radioljubuski\" \/>\n<meta name=\"twitter:site\" content=\"@radioljubuski\" \/>\n<meta name=\"twitter:label1\" content=\"Napisao\/la\" \/>\n\t<meta name=\"twitter:data1\" content=\"Radio Ljubu\u0161ki\" \/>\n\t<meta name=\"twitter:label2\" content=\"Procijenjeno vrijeme \u010ditanja\" \/>\n\t<meta name=\"twitter:data2\" content=\"5 minuta\" \/>\n<script type=\"application\/ld+json\" class=\"yoast-schema-graph\">{\"@context\":\"https:\\\/\\\/schema.org\",\"@graph\":[{\"@type\":\"Article\",\"@id\":\"https:\\\/\\\/radioljubuski.ba\\\/index.php\\\/2022\\\/06\\\/24\\\/rodenje-sv-ivana-krstitelja-jedini-covjek-kojem-crkva-uz-gospu-i-isusa-slavi-rodenje\\\/#article\",\"isPartOf\":{\"@id\":\"https:\\\/\\\/radioljubuski.ba\\\/index.php\\\/2022\\\/06\\\/24\\\/rodenje-sv-ivana-krstitelja-jedini-covjek-kojem-crkva-uz-gospu-i-isusa-slavi-rodenje\\\/\"},\"author\":{\"name\":\"Radio Ljubu\u0161ki\",\"@id\":\"https:\\\/\\\/radioljubuski.ba\\\/#\\\/schema\\\/person\\\/19fc700381a780f69665d7956c469e3b\"},\"headline\":\"Ro\u0111enje sv. Ivana Krstitelja: jedini \u010dovjek kojem Crkva, uz Gospu i Isusa, slavi ro\u0111enje!\",\"datePublished\":\"2022-06-24T15:30:14+00:00\",\"dateModified\":\"2022-06-24T15:30:15+00:00\",\"mainEntityOfPage\":{\"@id\":\"https:\\\/\\\/radioljubuski.ba\\\/index.php\\\/2022\\\/06\\\/24\\\/rodenje-sv-ivana-krstitelja-jedini-covjek-kojem-crkva-uz-gospu-i-isusa-slavi-rodenje\\\/\"},\"wordCount\":1222,\"publisher\":{\"@id\":\"https:\\\/\\\/radioljubuski.ba\\\/#organization\"},\"image\":{\"@id\":\"https:\\\/\\\/radioljubuski.ba\\\/index.php\\\/2022\\\/06\\\/24\\\/rodenje-sv-ivana-krstitelja-jedini-covjek-kojem-crkva-uz-gospu-i-isusa-slavi-rodenje\\\/#primaryimage\"},\"thumbnailUrl\":\"https:\\\/\\\/radioljubuski.ba\\\/wp-content\\\/uploads\\\/2022\\\/06\\\/Rodenje-svetog-Ivana-Krstitelja-696x348-1.jpg\",\"articleSection\":[\"BIH i regija\"],\"inLanguage\":\"hr\"},{\"@type\":\"WebPage\",\"@id\":\"https:\\\/\\\/radioljubuski.ba\\\/index.php\\\/2022\\\/06\\\/24\\\/rodenje-sv-ivana-krstitelja-jedini-covjek-kojem-crkva-uz-gospu-i-isusa-slavi-rodenje\\\/\",\"url\":\"https:\\\/\\\/radioljubuski.ba\\\/index.php\\\/2022\\\/06\\\/24\\\/rodenje-sv-ivana-krstitelja-jedini-covjek-kojem-crkva-uz-gospu-i-isusa-slavi-rodenje\\\/\",\"name\":\"Ro\u0111enje sv. Ivana Krstitelja: jedini \u010dovjek kojem Crkva, uz Gospu i Isusa, slavi ro\u0111enje! - RADIO LJUBU\u0160KI\",\"isPartOf\":{\"@id\":\"https:\\\/\\\/radioljubuski.ba\\\/#website\"},\"primaryImageOfPage\":{\"@id\":\"https:\\\/\\\/radioljubuski.ba\\\/index.php\\\/2022\\\/06\\\/24\\\/rodenje-sv-ivana-krstitelja-jedini-covjek-kojem-crkva-uz-gospu-i-isusa-slavi-rodenje\\\/#primaryimage\"},\"image\":{\"@id\":\"https:\\\/\\\/radioljubuski.ba\\\/index.php\\\/2022\\\/06\\\/24\\\/rodenje-sv-ivana-krstitelja-jedini-covjek-kojem-crkva-uz-gospu-i-isusa-slavi-rodenje\\\/#primaryimage\"},\"thumbnailUrl\":\"https:\\\/\\\/radioljubuski.ba\\\/wp-content\\\/uploads\\\/2022\\\/06\\\/Rodenje-svetog-Ivana-Krstitelja-696x348-1.jpg\",\"datePublished\":\"2022-06-24T15:30:14+00:00\",\"dateModified\":\"2022-06-24T15:30:15+00:00\",\"breadcrumb\":{\"@id\":\"https:\\\/\\\/radioljubuski.ba\\\/index.php\\\/2022\\\/06\\\/24\\\/rodenje-sv-ivana-krstitelja-jedini-covjek-kojem-crkva-uz-gospu-i-isusa-slavi-rodenje\\\/#breadcrumb\"},\"inLanguage\":\"hr\",\"potentialAction\":[{\"@type\":\"ReadAction\",\"target\":[\"https:\\\/\\\/radioljubuski.ba\\\/index.php\\\/2022\\\/06\\\/24\\\/rodenje-sv-ivana-krstitelja-jedini-covjek-kojem-crkva-uz-gospu-i-isusa-slavi-rodenje\\\/\"]}]},{\"@type\":\"ImageObject\",\"inLanguage\":\"hr\",\"@id\":\"https:\\\/\\\/radioljubuski.ba\\\/index.php\\\/2022\\\/06\\\/24\\\/rodenje-sv-ivana-krstitelja-jedini-covjek-kojem-crkva-uz-gospu-i-isusa-slavi-rodenje\\\/#primaryimage\",\"url\":\"https:\\\/\\\/radioljubuski.ba\\\/wp-content\\\/uploads\\\/2022\\\/06\\\/Rodenje-svetog-Ivana-Krstitelja-696x348-1.jpg\",\"contentUrl\":\"https:\\\/\\\/radioljubuski.ba\\\/wp-content\\\/uploads\\\/2022\\\/06\\\/Rodenje-svetog-Ivana-Krstitelja-696x348-1.jpg\",\"width\":696,\"height\":348},{\"@type\":\"BreadcrumbList\",\"@id\":\"https:\\\/\\\/radioljubuski.ba\\\/index.php\\\/2022\\\/06\\\/24\\\/rodenje-sv-ivana-krstitelja-jedini-covjek-kojem-crkva-uz-gospu-i-isusa-slavi-rodenje\\\/#breadcrumb\",\"itemListElement\":[{\"@type\":\"ListItem\",\"position\":1,\"name\":\"Po\u010detna stranica\",\"item\":\"https:\\\/\\\/radioljubuski.ba\\\/\"},{\"@type\":\"ListItem\",\"position\":2,\"name\":\"Ro\u0111enje sv. Ivana Krstitelja: jedini \u010dovjek kojem Crkva, uz Gospu i Isusa, slavi ro\u0111enje!\"}]},{\"@type\":\"WebSite\",\"@id\":\"https:\\\/\\\/radioljubuski.ba\\\/#website\",\"url\":\"https:\\\/\\\/radioljubuski.ba\\\/\",\"name\":\"Radio Ljubu\u0161ki\",\"description\":\"Sun\u010dana frekvencija Hercegovine\",\"publisher\":{\"@id\":\"https:\\\/\\\/radioljubuski.ba\\\/#organization\"},\"potentialAction\":[{\"@type\":\"SearchAction\",\"target\":{\"@type\":\"EntryPoint\",\"urlTemplate\":\"https:\\\/\\\/radioljubuski.ba\\\/?s={search_term_string}\"},\"query-input\":{\"@type\":\"PropertyValueSpecification\",\"valueRequired\":true,\"valueName\":\"search_term_string\"}}],\"inLanguage\":\"hr\"},{\"@type\":\"Organization\",\"@id\":\"https:\\\/\\\/radioljubuski.ba\\\/#organization\",\"name\":\"Radio Ljubu\u0161ki\",\"url\":\"https:\\\/\\\/radioljubuski.ba\\\/\",\"logo\":{\"@type\":\"ImageObject\",\"inLanguage\":\"hr\",\"@id\":\"https:\\\/\\\/radioljubuski.ba\\\/#\\\/schema\\\/logo\\\/image\\\/\",\"url\":\"https:\\\/\\\/radioljubuski.ba\\\/wp-content\\\/uploads\\\/2021\\\/02\\\/cropped-Radio_Ljubuski_logo1.jpg\",\"contentUrl\":\"https:\\\/\\\/radioljubuski.ba\\\/wp-content\\\/uploads\\\/2021\\\/02\\\/cropped-Radio_Ljubuski_logo1.jpg\",\"width\":512,\"height\":512,\"caption\":\"Radio Ljubu\u0161ki\"},\"image\":{\"@id\":\"https:\\\/\\\/radioljubuski.ba\\\/#\\\/schema\\\/logo\\\/image\\\/\"},\"sameAs\":[\"https:\\\/\\\/www.facebook.com\\\/Radiio-Ljubuski-1490835324566332\",\"https:\\\/\\\/x.com\\\/radioljubuski\",\"https:\\\/\\\/hr.linkedin.com\\\/company\\\/radio-ljubuski\",\"https:\\\/\\\/www.youtube.com\\\/channel\\\/UCHYaeO_n0Db3tjNGudGpXyw\"]},{\"@type\":\"Person\",\"@id\":\"https:\\\/\\\/radioljubuski.ba\\\/#\\\/schema\\\/person\\\/19fc700381a780f69665d7956c469e3b\",\"name\":\"Radio Ljubu\u0161ki\"}]}<\/script>\n<!-- \/ Yoast SEO plugin. -->","yoast_head_json":{"title":"Ro\u0111enje sv. Ivana Krstitelja: jedini \u010dovjek kojem Crkva, uz Gospu i Isusa, slavi ro\u0111enje! - RADIO LJUBU\u0160KI","robots":{"index":"index","follow":"follow","max-snippet":"max-snippet:-1","max-image-preview":"max-image-preview:large","max-video-preview":"max-video-preview:-1"},"canonical":"https:\/\/radioljubuski.ba\/index.php\/2022\/06\/24\/rodenje-sv-ivana-krstitelja-jedini-covjek-kojem-crkva-uz-gospu-i-isusa-slavi-rodenje\/","og_locale":"hr_HR","og_type":"article","og_title":"Ro\u0111enje sv. Ivana Krstitelja: jedini \u010dovjek kojem Crkva, uz Gospu i Isusa, slavi ro\u0111enje! - RADIO LJUBU\u0160KI","og_description":"Danas vjernici slave blagdan ro\u0111enja sv. Ivana Krsitelja, Isusovog \u201cprete\u010de\u201d i osobe koja ga je javno krstila i navijestila kao Mesiju. Ovo je gotovo jedinstveni slu\u010daj sveca za kojeg \u010dastimo dan njegova ro\u0111enja, uz blagdan njegove smrti \u2013 \u201cGlavosijek\u201d, koji se slavi 29. kolovoza. Naime, u crkvenom se kalendaru slave samo jo\u0161 dva ro\u0111enja \u2013 [&hellip;]","og_url":"https:\/\/radioljubuski.ba\/index.php\/2022\/06\/24\/rodenje-sv-ivana-krstitelja-jedini-covjek-kojem-crkva-uz-gospu-i-isusa-slavi-rodenje\/","og_site_name":"RADIO LJUBU\u0160KI","article_publisher":"https:\/\/www.facebook.com\/Radiio-Ljubuski-1490835324566332","article_published_time":"2022-06-24T15:30:14+00:00","article_modified_time":"2022-06-24T15:30:15+00:00","og_image":[{"width":696,"height":348,"url":"https:\/\/radioljubuski.ba\/wp-content\/uploads\/2022\/06\/Rodenje-svetog-Ivana-Krstitelja-696x348-1.jpg","type":"image\/jpeg"}],"author":"Radio Ljubu\u0161ki","twitter_card":"summary_large_image","twitter_creator":"@radioljubuski","twitter_site":"@radioljubuski","twitter_misc":{"Napisao\/la":"Radio Ljubu\u0161ki","Procijenjeno vrijeme \u010ditanja":"5 minuta"},"schema":{"@context":"https:\/\/schema.org","@graph":[{"@type":"Article","@id":"https:\/\/radioljubuski.ba\/index.php\/2022\/06\/24\/rodenje-sv-ivana-krstitelja-jedini-covjek-kojem-crkva-uz-gospu-i-isusa-slavi-rodenje\/#article","isPartOf":{"@id":"https:\/\/radioljubuski.ba\/index.php\/2022\/06\/24\/rodenje-sv-ivana-krstitelja-jedini-covjek-kojem-crkva-uz-gospu-i-isusa-slavi-rodenje\/"},"author":{"name":"Radio Ljubu\u0161ki","@id":"https:\/\/radioljubuski.ba\/#\/schema\/person\/19fc700381a780f69665d7956c469e3b"},"headline":"Ro\u0111enje sv. Ivana Krstitelja: jedini \u010dovjek kojem Crkva, uz Gospu i Isusa, slavi ro\u0111enje!","datePublished":"2022-06-24T15:30:14+00:00","dateModified":"2022-06-24T15:30:15+00:00","mainEntityOfPage":{"@id":"https:\/\/radioljubuski.ba\/index.php\/2022\/06\/24\/rodenje-sv-ivana-krstitelja-jedini-covjek-kojem-crkva-uz-gospu-i-isusa-slavi-rodenje\/"},"wordCount":1222,"publisher":{"@id":"https:\/\/radioljubuski.ba\/#organization"},"image":{"@id":"https:\/\/radioljubuski.ba\/index.php\/2022\/06\/24\/rodenje-sv-ivana-krstitelja-jedini-covjek-kojem-crkva-uz-gospu-i-isusa-slavi-rodenje\/#primaryimage"},"thumbnailUrl":"https:\/\/radioljubuski.ba\/wp-content\/uploads\/2022\/06\/Rodenje-svetog-Ivana-Krstitelja-696x348-1.jpg","articleSection":["BIH i regija"],"inLanguage":"hr"},{"@type":"WebPage","@id":"https:\/\/radioljubuski.ba\/index.php\/2022\/06\/24\/rodenje-sv-ivana-krstitelja-jedini-covjek-kojem-crkva-uz-gospu-i-isusa-slavi-rodenje\/","url":"https:\/\/radioljubuski.ba\/index.php\/2022\/06\/24\/rodenje-sv-ivana-krstitelja-jedini-covjek-kojem-crkva-uz-gospu-i-isusa-slavi-rodenje\/","name":"Ro\u0111enje sv. Ivana Krstitelja: jedini \u010dovjek kojem Crkva, uz Gospu i Isusa, slavi ro\u0111enje! - RADIO LJUBU\u0160KI","isPartOf":{"@id":"https:\/\/radioljubuski.ba\/#website"},"primaryImageOfPage":{"@id":"https:\/\/radioljubuski.ba\/index.php\/2022\/06\/24\/rodenje-sv-ivana-krstitelja-jedini-covjek-kojem-crkva-uz-gospu-i-isusa-slavi-rodenje\/#primaryimage"},"image":{"@id":"https:\/\/radioljubuski.ba\/index.php\/2022\/06\/24\/rodenje-sv-ivana-krstitelja-jedini-covjek-kojem-crkva-uz-gospu-i-isusa-slavi-rodenje\/#primaryimage"},"thumbnailUrl":"https:\/\/radioljubuski.ba\/wp-content\/uploads\/2022\/06\/Rodenje-svetog-Ivana-Krstitelja-696x348-1.jpg","datePublished":"2022-06-24T15:30:14+00:00","dateModified":"2022-06-24T15:30:15+00:00","breadcrumb":{"@id":"https:\/\/radioljubuski.ba\/index.php\/2022\/06\/24\/rodenje-sv-ivana-krstitelja-jedini-covjek-kojem-crkva-uz-gospu-i-isusa-slavi-rodenje\/#breadcrumb"},"inLanguage":"hr","potentialAction":[{"@type":"ReadAction","target":["https:\/\/radioljubuski.ba\/index.php\/2022\/06\/24\/rodenje-sv-ivana-krstitelja-jedini-covjek-kojem-crkva-uz-gospu-i-isusa-slavi-rodenje\/"]}]},{"@type":"ImageObject","inLanguage":"hr","@id":"https:\/\/radioljubuski.ba\/index.php\/2022\/06\/24\/rodenje-sv-ivana-krstitelja-jedini-covjek-kojem-crkva-uz-gospu-i-isusa-slavi-rodenje\/#primaryimage","url":"https:\/\/radioljubuski.ba\/wp-content\/uploads\/2022\/06\/Rodenje-svetog-Ivana-Krstitelja-696x348-1.jpg","contentUrl":"https:\/\/radioljubuski.ba\/wp-content\/uploads\/2022\/06\/Rodenje-svetog-Ivana-Krstitelja-696x348-1.jpg","width":696,"height":348},{"@type":"BreadcrumbList","@id":"https:\/\/radioljubuski.ba\/index.php\/2022\/06\/24\/rodenje-sv-ivana-krstitelja-jedini-covjek-kojem-crkva-uz-gospu-i-isusa-slavi-rodenje\/#breadcrumb","itemListElement":[{"@type":"ListItem","position":1,"name":"Po\u010detna stranica","item":"https:\/\/radioljubuski.ba\/"},{"@type":"ListItem","position":2,"name":"Ro\u0111enje sv. Ivana Krstitelja: jedini \u010dovjek kojem Crkva, uz Gospu i Isusa, slavi ro\u0111enje!"}]},{"@type":"WebSite","@id":"https:\/\/radioljubuski.ba\/#website","url":"https:\/\/radioljubuski.ba\/","name":"Radio Ljubu\u0161ki","description":"Sun\u010dana frekvencija Hercegovine","publisher":{"@id":"https:\/\/radioljubuski.ba\/#organization"},"potentialAction":[{"@type":"SearchAction","target":{"@type":"EntryPoint","urlTemplate":"https:\/\/radioljubuski.ba\/?s={search_term_string}"},"query-input":{"@type":"PropertyValueSpecification","valueRequired":true,"valueName":"search_term_string"}}],"inLanguage":"hr"},{"@type":"Organization","@id":"https:\/\/radioljubuski.ba\/#organization","name":"Radio Ljubu\u0161ki","url":"https:\/\/radioljubuski.ba\/","logo":{"@type":"ImageObject","inLanguage":"hr","@id":"https:\/\/radioljubuski.ba\/#\/schema\/logo\/image\/","url":"https:\/\/radioljubuski.ba\/wp-content\/uploads\/2021\/02\/cropped-Radio_Ljubuski_logo1.jpg","contentUrl":"https:\/\/radioljubuski.ba\/wp-content\/uploads\/2021\/02\/cropped-Radio_Ljubuski_logo1.jpg","width":512,"height":512,"caption":"Radio Ljubu\u0161ki"},"image":{"@id":"https:\/\/radioljubuski.ba\/#\/schema\/logo\/image\/"},"sameAs":["https:\/\/www.facebook.com\/Radiio-Ljubuski-1490835324566332","https:\/\/x.com\/radioljubuski","https:\/\/hr.linkedin.com\/company\/radio-ljubuski","https:\/\/www.youtube.com\/channel\/UCHYaeO_n0Db3tjNGudGpXyw"]},{"@type":"Person","@id":"https:\/\/radioljubuski.ba\/#\/schema\/person\/19fc700381a780f69665d7956c469e3b","name":"Radio Ljubu\u0161ki"}]}},"_links":{"self":[{"href":"https:\/\/radioljubuski.ba\/index.php\/wp-json\/wp\/v2\/posts\/153097","targetHints":{"allow":["GET"]}}],"collection":[{"href":"https:\/\/radioljubuski.ba\/index.php\/wp-json\/wp\/v2\/posts"}],"about":[{"href":"https:\/\/radioljubuski.ba\/index.php\/wp-json\/wp\/v2\/types\/post"}],"author":[{"embeddable":true,"href":"https:\/\/radioljubuski.ba\/index.php\/wp-json\/wp\/v2\/users\/2"}],"replies":[{"embeddable":true,"href":"https:\/\/radioljubuski.ba\/index.php\/wp-json\/wp\/v2\/comments?post=153097"}],"version-history":[{"count":1,"href":"https:\/\/radioljubuski.ba\/index.php\/wp-json\/wp\/v2\/posts\/153097\/revisions"}],"predecessor-version":[{"id":153099,"href":"https:\/\/radioljubuski.ba\/index.php\/wp-json\/wp\/v2\/posts\/153097\/revisions\/153099"}],"wp:featuredmedia":[{"embeddable":true,"href":"https:\/\/radioljubuski.ba\/index.php\/wp-json\/wp\/v2\/media\/153098"}],"wp:attachment":[{"href":"https:\/\/radioljubuski.ba\/index.php\/wp-json\/wp\/v2\/media?parent=153097"}],"wp:term":[{"taxonomy":"category","embeddable":true,"href":"https:\/\/radioljubuski.ba\/index.php\/wp-json\/wp\/v2\/categories?post=153097"},{"taxonomy":"post_tag","embeddable":true,"href":"https:\/\/radioljubuski.ba\/index.php\/wp-json\/wp\/v2\/tags?post=153097"}],"curies":[{"name":"wp","href":"https:\/\/api.w.org\/{rel}","templated":true}]}}