{"id":153100,"date":"2022-06-24T16:31:46","date_gmt":"2022-06-24T15:31:46","guid":{"rendered":"https:\/\/radioljubuski.ba\/?p=153100"},"modified":"2022-06-24T16:31:47","modified_gmt":"2022-06-24T15:31:47","slug":"zagrebacka-skupstina-jednoglasno-prihvatila-prijedlog-o-objavi-primanja-u-holdingu-tomasevicev-kopernikanski-obrat-od-onog-sto-je-rekao","status":"publish","type":"post","link":"https:\/\/radioljubuski.ba\/index.php\/2022\/06\/24\/zagrebacka-skupstina-jednoglasno-prihvatila-prijedlog-o-objavi-primanja-u-holdingu-tomasevicev-kopernikanski-obrat-od-onog-sto-je-rekao\/","title":{"rendered":"Zagreba\u010dka skup\u0161tina jednoglasno prihvatila prijedlog o objavi primanja u Holdingu: \u2018Toma\u0161evi\u0107ev kopernikanski obrat od onog \u0161to je rekao\u2019"},"content":{"rendered":"\n<p>U \u010detvrtak je odr\u017eana sjednica Gradske skup\u0161tine Grada Zagreba na kojoj je donesen niz odluka, a me\u0111u njima je jednoglasno prihva\u0107ena i ona prema kojoj \u0107e gradona\u010delnik biti du\u017ean objaviti podatke o svim primanjima i pravima iz radnog odnosa predsjednika i \u010dlanova uprave Zagreba\u010dkog holdinga, voditelja podru\u017enica, direktora trgova\u010dkih dru\u0161tava i ustanove u kojima Grad ili Holding ima udjele.<\/p>\n\n\n\n<p>Prijedlog je do\u0161ao od SDP-a, a prihva\u0107en je jednoglasno.<\/p>\n\n\n\n<p>Od gradona\u010delnika Tomislava Toma\u0161evi\u0107a zatra\u017eeno je da poduzme mjere koje \u0107e osigurati objavu tra\u017eenih podataka, da zatra\u017ei od predsjednika i \u010dlanova uprave Holdinga, voditelja podru\u017enica, direktora trgova\u010dkih dru\u0161tava i ustanove u kojima Grad ili Holding ima poslovne udjele, svih zajedno i svakog ponaosob, da na mre\u017enim stranicama odgovaraju\u0107ih trgova\u010dkih dru\u0161tava, podru\u017enica i ustanova, objave sva prava iz radnog odnosa i svih primitaka te da ih redovito a\u017euriraju.<\/p>\n\n\n\n<p>Predsjednik Kluba SDP-a Viktor Gotovac poru\u010dio je da je to prvi korak u smjeru transparentnosti te da \u0107e time unaprijediti rad Holdinga.<\/p>\n\n\n\n<p>Igor Peternel (DP) ka\u017ee kako \u0107e u ime Kluba podr\u017eati ovaj prijedlog, ali i da se nikad nisu pokazali kao populisti. \u201cPodr\u017eavamo da se dobre menad\u017eere anga\u017eira i da ih se plati\u201d, ka\u017ee Peternel.<\/p>\n\n\n\n<h3 class=\"wp-block-heading\"><strong>Golu\u017ea (Most) optu\u017eio Toma\u0161evi\u0107a da \u201cispod stola\u201d daje dodatke \u010dlanovima Uprave Holdinga<\/strong><\/h3>\n\n\n\n<p>Trpimir Golu\u017ea (Most) optu\u017eio je Toma\u0161evi\u0107a da je \u201cperfidno i ispod stola\u201d dao naknade i dodatke \u010dlanovima Uprave Holdinga. Rekao je kako je gradona\u010delnik doveden u kut. \u201cNapravili ste kopernikanski obrat od onoga \u0161to se najavili na Skup\u0161tini kada ste govorili da vas samo zakon mo\u017ee natjerati da na ovo pristanete\u201d, kazao je Golu\u017ea. \u201cZanima me koga \u0107ete sada okriviti!\u201d<\/p>\n\n\n\n<p>Tijekom rasprave predsjednik skup\u0161tine Jo\u0161ko Klisovi\u0107 (SDP) dva je puta dao opomenu zastupniku Golu\u017ei.<\/p>\n\n\n\n<p>Gradona\u010delnik Toma\u0161evi\u0107 je tijekom rasprave kazao: \u201cJa \u010dak ovdje ne moram niti biti, a biv\u0161i gradona\u010delnik nije tu bio\u201d, kazao je. Rekao je i da predsjednik Uprave Hrvatske po\u0161te ima 52 tisu\u0107e kuna mjese\u010dnu pla\u0107u, Luk\u0161a Novak, direktor Zra\u010dne Luke Split ima 49 tisu\u0107a kuna, dakle duplo ve\u0107e, rekao je.<\/p>\n\n\n\n<p>Nenad Predovan (BM 365): \u201cPremala su primanja u Holdingu i kod radnika i kod vodstva, a uvjeren sam da \u0107e se ova gradska vlast suo\u010diti s time najesen, na natje\u010daj se ne javlja najbolji ve\u0107 oni koji tra\u017ee ne\u0161to sitno za sebe. Smanjili su pro\u010delnicima pla\u0107u za 30 posto, a oni upravljaju milijardama, tko \u0107e do\u0107i raditi za tu pla\u0107u\u201d, kazao je Predovan i \u201cupravo zato se pokrenuli skandal s Vi\u0107em i Sesarom\u201d.<\/p>\n\n\n\n<h3 class=\"wp-block-heading\"><strong>Toma\u0161evi\u0107eva opravdanja<\/strong><\/h3>\n\n\n\n<p>Mario \u017dupan (HDZ) rekao je: \u201cNitko nije rekao da su njihove pla\u0107e niti premale niti prevelike, vi odre\u0111ujete pla\u0107u kao uprava dru\u0161tva, \u0161to se ti\u010de bruto pla\u0107e mi se nikad nismo bunili, ve\u0107 na anekse i dodatke!\u201d<\/p>\n\n\n\n<p>Toma\u0161evi\u0107 je rekao: \u201cVa\u0161a stranka nikada nije dala niti jedan ugovor, a tra\u017eili smo objavu materijalnih prava. Kao \u010dlan Nadzornog odbora niste dali da se objave ti dokumenti, bili su tajni.\u201d<\/p>\n\n\n\n<p>Mislav Herman (HDZ) ka\u017ee da je razlog da javnost vidi postoji li jo\u0161 jedna Tesla za koju ne znamo.<\/p>\n\n\n\n<p>\u201cNiste planirali u\u0161tedjeti na Tesli, ve\u0107 na ple\u0107ima gra\u0111ana\u201d, poru\u010dio je Herman rekav\u0161i kako jo\u0161 uvijek nije provedena sistematizacija.<\/p>\n\n\n\n<h3 class=\"wp-block-heading\"><strong>Narod.hr uputio zahtjev za pristup informacijama Holdingu i njegovim podru\u017enicama<\/strong><\/h3>\n\n\n\n<p>Povezano s temom primanja u Zagreba\u010dkom holdingu, Narod.hr nedavno je uputio zahtjev za pristup informacijama Zagreba\u010dkom holdingu, njegovim podru\u017enicama te ustanovama u kojima ima poslovne udjele. Zatra\u017eili smo od njih podatke o iznosima koji su u posljednjih godinu dana ispla\u0107eni voditeljima\/direktorima podru\u017enica ili ustanova u kojima Holding ima udjele te predsjedniku i \u010dlanovima uprave te podru\u017enice\/ustanove.<\/p>\n\n\n\n<p>Tako\u0111er smo ih upitali koje su, uz redovitu pla\u0107u, dodatne naknade i u kojem iznosu koje se ispla\u0107uju iz Zagreba\u010dkog holdinga za navedene osobe \u2013 poput naknade za stanovanje, re\u017eije, kori\u0161tenje privatnog automobila u privatne svrhe\u2026?<\/p>\n\n\n\n<p>Odgovore \u0107emo objaviti kad ih dobijemo.<\/p>\n\n\n\n<p><em>Izvor: narod.hr<\/em><\/p>\n","protected":false},"excerpt":{"rendered":"<p>U \u010detvrtak je odr\u017eana sjednica Gradske skup\u0161tine Grada Zagreba na kojoj je donesen niz odluka, a me\u0111u njima je jednoglasno prihva\u0107ena i ona prema kojoj \u0107e gradona\u010delnik biti du\u017ean objaviti podatke o svim primanjima i pravima iz radnog odnosa predsjednika i \u010dlanova uprave Zagreba\u010dkog holdinga, voditelja podru\u017enica, direktora trgova\u010dkih dru\u0161tava i ustanove u kojima Grad [&hellip;]<\/p>\n","protected":false},"author":2,"featured_media":153101,"comment_status":"closed","ping_status":"closed","sticky":false,"template":"","format":"standard","meta":{"h5ap_radio_sources":[],"footnotes":""},"categories":[1],"tags":[],"class_list":["post-153100","post","type-post","status-publish","format-standard","has-post-thumbnail","hentry","category-bihiregija"],"yoast_head":"<!-- This site is optimized with the Yoast SEO plugin v27.4 - https:\/\/yoast.com\/product\/yoast-seo-wordpress\/ -->\n<title>Zagreba\u010dka skup\u0161tina jednoglasno prihvatila prijedlog o objavi primanja u Holdingu: \u2018Toma\u0161evi\u0107ev kopernikanski obrat od onog \u0161to je rekao\u2019 - RADIO LJUBU\u0160KI<\/title>\n<meta name=\"robots\" content=\"index, follow, max-snippet:-1, max-image-preview:large, max-video-preview:-1\" \/>\n<link rel=\"canonical\" href=\"https:\/\/radioljubuski.ba\/index.php\/2022\/06\/24\/zagrebacka-skupstina-jednoglasno-prihvatila-prijedlog-o-objavi-primanja-u-holdingu-tomasevicev-kopernikanski-obrat-od-onog-sto-je-rekao\/\" \/>\n<meta property=\"og:locale\" content=\"hr_HR\" \/>\n<meta property=\"og:type\" content=\"article\" \/>\n<meta property=\"og:title\" content=\"Zagreba\u010dka skup\u0161tina jednoglasno prihvatila prijedlog o objavi primanja u Holdingu: \u2018Toma\u0161evi\u0107ev kopernikanski obrat od onog \u0161to je rekao\u2019 - RADIO LJUBU\u0160KI\" \/>\n<meta property=\"og:description\" content=\"U \u010detvrtak je odr\u017eana sjednica Gradske skup\u0161tine Grada Zagreba na kojoj je donesen niz odluka, a me\u0111u njima je jednoglasno prihva\u0107ena i ona prema kojoj \u0107e gradona\u010delnik biti du\u017ean objaviti podatke o svim primanjima i pravima iz radnog odnosa predsjednika i \u010dlanova uprave Zagreba\u010dkog holdinga, voditelja podru\u017enica, direktora trgova\u010dkih dru\u0161tava i ustanove u kojima Grad [&hellip;]\" \/>\n<meta property=\"og:url\" content=\"https:\/\/radioljubuski.ba\/index.php\/2022\/06\/24\/zagrebacka-skupstina-jednoglasno-prihvatila-prijedlog-o-objavi-primanja-u-holdingu-tomasevicev-kopernikanski-obrat-od-onog-sto-je-rekao\/\" \/>\n<meta property=\"og:site_name\" content=\"RADIO LJUBU\u0160KI\" \/>\n<meta property=\"article:publisher\" content=\"https:\/\/www.facebook.com\/Radiio-Ljubuski-1490835324566332\" \/>\n<meta property=\"article:published_time\" content=\"2022-06-24T15:31:46+00:00\" \/>\n<meta property=\"article:modified_time\" content=\"2022-06-24T15:31:47+00:00\" \/>\n<meta property=\"og:image\" content=\"https:\/\/radioljubuski.ba\/wp-content\/uploads\/2022\/06\/Zagrebacka_gradska_skupstina-696x381-1.jpg\" \/>\n\t<meta property=\"og:image:width\" content=\"696\" \/>\n\t<meta property=\"og:image:height\" content=\"381\" \/>\n\t<meta property=\"og:image:type\" content=\"image\/jpeg\" \/>\n<meta name=\"author\" content=\"Radio Ljubu\u0161ki\" \/>\n<meta name=\"twitter:card\" content=\"summary_large_image\" \/>\n<meta name=\"twitter:creator\" content=\"@radioljubuski\" \/>\n<meta name=\"twitter:site\" content=\"@radioljubuski\" \/>\n<meta name=\"twitter:label1\" content=\"Napisao\/la\" \/>\n\t<meta name=\"twitter:data1\" content=\"Radio Ljubu\u0161ki\" \/>\n\t<meta name=\"twitter:label2\" content=\"Procijenjeno vrijeme \u010ditanja\" \/>\n\t<meta name=\"twitter:data2\" content=\"3 minute\" \/>\n<script type=\"application\/ld+json\" class=\"yoast-schema-graph\">{\"@context\":\"https:\\\/\\\/schema.org\",\"@graph\":[{\"@type\":\"Article\",\"@id\":\"https:\\\/\\\/radioljubuski.ba\\\/index.php\\\/2022\\\/06\\\/24\\\/zagrebacka-skupstina-jednoglasno-prihvatila-prijedlog-o-objavi-primanja-u-holdingu-tomasevicev-kopernikanski-obrat-od-onog-sto-je-rekao\\\/#article\",\"isPartOf\":{\"@id\":\"https:\\\/\\\/radioljubuski.ba\\\/index.php\\\/2022\\\/06\\\/24\\\/zagrebacka-skupstina-jednoglasno-prihvatila-prijedlog-o-objavi-primanja-u-holdingu-tomasevicev-kopernikanski-obrat-od-onog-sto-je-rekao\\\/\"},\"author\":{\"name\":\"Radio Ljubu\u0161ki\",\"@id\":\"https:\\\/\\\/radioljubuski.ba\\\/#\\\/schema\\\/person\\\/19fc700381a780f69665d7956c469e3b\"},\"headline\":\"Zagreba\u010dka skup\u0161tina jednoglasno prihvatila prijedlog o objavi primanja u Holdingu: \u2018Toma\u0161evi\u0107ev kopernikanski obrat od onog \u0161to je rekao\u2019\",\"datePublished\":\"2022-06-24T15:31:46+00:00\",\"dateModified\":\"2022-06-24T15:31:47+00:00\",\"mainEntityOfPage\":{\"@id\":\"https:\\\/\\\/radioljubuski.ba\\\/index.php\\\/2022\\\/06\\\/24\\\/zagrebacka-skupstina-jednoglasno-prihvatila-prijedlog-o-objavi-primanja-u-holdingu-tomasevicev-kopernikanski-obrat-od-onog-sto-je-rekao\\\/\"},\"wordCount\":741,\"publisher\":{\"@id\":\"https:\\\/\\\/radioljubuski.ba\\\/#organization\"},\"image\":{\"@id\":\"https:\\\/\\\/radioljubuski.ba\\\/index.php\\\/2022\\\/06\\\/24\\\/zagrebacka-skupstina-jednoglasno-prihvatila-prijedlog-o-objavi-primanja-u-holdingu-tomasevicev-kopernikanski-obrat-od-onog-sto-je-rekao\\\/#primaryimage\"},\"thumbnailUrl\":\"https:\\\/\\\/radioljubuski.ba\\\/wp-content\\\/uploads\\\/2022\\\/06\\\/Zagrebacka_gradska_skupstina-696x381-1.jpg\",\"articleSection\":[\"BIH i regija\"],\"inLanguage\":\"hr\"},{\"@type\":\"WebPage\",\"@id\":\"https:\\\/\\\/radioljubuski.ba\\\/index.php\\\/2022\\\/06\\\/24\\\/zagrebacka-skupstina-jednoglasno-prihvatila-prijedlog-o-objavi-primanja-u-holdingu-tomasevicev-kopernikanski-obrat-od-onog-sto-je-rekao\\\/\",\"url\":\"https:\\\/\\\/radioljubuski.ba\\\/index.php\\\/2022\\\/06\\\/24\\\/zagrebacka-skupstina-jednoglasno-prihvatila-prijedlog-o-objavi-primanja-u-holdingu-tomasevicev-kopernikanski-obrat-od-onog-sto-je-rekao\\\/\",\"name\":\"Zagreba\u010dka skup\u0161tina jednoglasno prihvatila prijedlog o objavi primanja u Holdingu: \u2018Toma\u0161evi\u0107ev kopernikanski obrat od onog \u0161to je rekao\u2019 - RADIO LJUBU\u0160KI\",\"isPartOf\":{\"@id\":\"https:\\\/\\\/radioljubuski.ba\\\/#website\"},\"primaryImageOfPage\":{\"@id\":\"https:\\\/\\\/radioljubuski.ba\\\/index.php\\\/2022\\\/06\\\/24\\\/zagrebacka-skupstina-jednoglasno-prihvatila-prijedlog-o-objavi-primanja-u-holdingu-tomasevicev-kopernikanski-obrat-od-onog-sto-je-rekao\\\/#primaryimage\"},\"image\":{\"@id\":\"https:\\\/\\\/radioljubuski.ba\\\/index.php\\\/2022\\\/06\\\/24\\\/zagrebacka-skupstina-jednoglasno-prihvatila-prijedlog-o-objavi-primanja-u-holdingu-tomasevicev-kopernikanski-obrat-od-onog-sto-je-rekao\\\/#primaryimage\"},\"thumbnailUrl\":\"https:\\\/\\\/radioljubuski.ba\\\/wp-content\\\/uploads\\\/2022\\\/06\\\/Zagrebacka_gradska_skupstina-696x381-1.jpg\",\"datePublished\":\"2022-06-24T15:31:46+00:00\",\"dateModified\":\"2022-06-24T15:31:47+00:00\",\"breadcrumb\":{\"@id\":\"https:\\\/\\\/radioljubuski.ba\\\/index.php\\\/2022\\\/06\\\/24\\\/zagrebacka-skupstina-jednoglasno-prihvatila-prijedlog-o-objavi-primanja-u-holdingu-tomasevicev-kopernikanski-obrat-od-onog-sto-je-rekao\\\/#breadcrumb\"},\"inLanguage\":\"hr\",\"potentialAction\":[{\"@type\":\"ReadAction\",\"target\":[\"https:\\\/\\\/radioljubuski.ba\\\/index.php\\\/2022\\\/06\\\/24\\\/zagrebacka-skupstina-jednoglasno-prihvatila-prijedlog-o-objavi-primanja-u-holdingu-tomasevicev-kopernikanski-obrat-od-onog-sto-je-rekao\\\/\"]}]},{\"@type\":\"ImageObject\",\"inLanguage\":\"hr\",\"@id\":\"https:\\\/\\\/radioljubuski.ba\\\/index.php\\\/2022\\\/06\\\/24\\\/zagrebacka-skupstina-jednoglasno-prihvatila-prijedlog-o-objavi-primanja-u-holdingu-tomasevicev-kopernikanski-obrat-od-onog-sto-je-rekao\\\/#primaryimage\",\"url\":\"https:\\\/\\\/radioljubuski.ba\\\/wp-content\\\/uploads\\\/2022\\\/06\\\/Zagrebacka_gradska_skupstina-696x381-1.jpg\",\"contentUrl\":\"https:\\\/\\\/radioljubuski.ba\\\/wp-content\\\/uploads\\\/2022\\\/06\\\/Zagrebacka_gradska_skupstina-696x381-1.jpg\",\"width\":696,\"height\":381},{\"@type\":\"BreadcrumbList\",\"@id\":\"https:\\\/\\\/radioljubuski.ba\\\/index.php\\\/2022\\\/06\\\/24\\\/zagrebacka-skupstina-jednoglasno-prihvatila-prijedlog-o-objavi-primanja-u-holdingu-tomasevicev-kopernikanski-obrat-od-onog-sto-je-rekao\\\/#breadcrumb\",\"itemListElement\":[{\"@type\":\"ListItem\",\"position\":1,\"name\":\"Po\u010detna stranica\",\"item\":\"https:\\\/\\\/radioljubuski.ba\\\/\"},{\"@type\":\"ListItem\",\"position\":2,\"name\":\"Zagreba\u010dka skup\u0161tina jednoglasno prihvatila prijedlog o objavi primanja u Holdingu: \u2018Toma\u0161evi\u0107ev kopernikanski obrat od onog \u0161to je rekao\u2019\"}]},{\"@type\":\"WebSite\",\"@id\":\"https:\\\/\\\/radioljubuski.ba\\\/#website\",\"url\":\"https:\\\/\\\/radioljubuski.ba\\\/\",\"name\":\"Radio Ljubu\u0161ki\",\"description\":\"Sun\u010dana frekvencija Hercegovine\",\"publisher\":{\"@id\":\"https:\\\/\\\/radioljubuski.ba\\\/#organization\"},\"potentialAction\":[{\"@type\":\"SearchAction\",\"target\":{\"@type\":\"EntryPoint\",\"urlTemplate\":\"https:\\\/\\\/radioljubuski.ba\\\/?s={search_term_string}\"},\"query-input\":{\"@type\":\"PropertyValueSpecification\",\"valueRequired\":true,\"valueName\":\"search_term_string\"}}],\"inLanguage\":\"hr\"},{\"@type\":\"Organization\",\"@id\":\"https:\\\/\\\/radioljubuski.ba\\\/#organization\",\"name\":\"Radio Ljubu\u0161ki\",\"url\":\"https:\\\/\\\/radioljubuski.ba\\\/\",\"logo\":{\"@type\":\"ImageObject\",\"inLanguage\":\"hr\",\"@id\":\"https:\\\/\\\/radioljubuski.ba\\\/#\\\/schema\\\/logo\\\/image\\\/\",\"url\":\"https:\\\/\\\/radioljubuski.ba\\\/wp-content\\\/uploads\\\/2021\\\/02\\\/cropped-Radio_Ljubuski_logo1.jpg\",\"contentUrl\":\"https:\\\/\\\/radioljubuski.ba\\\/wp-content\\\/uploads\\\/2021\\\/02\\\/cropped-Radio_Ljubuski_logo1.jpg\",\"width\":512,\"height\":512,\"caption\":\"Radio Ljubu\u0161ki\"},\"image\":{\"@id\":\"https:\\\/\\\/radioljubuski.ba\\\/#\\\/schema\\\/logo\\\/image\\\/\"},\"sameAs\":[\"https:\\\/\\\/www.facebook.com\\\/Radiio-Ljubuski-1490835324566332\",\"https:\\\/\\\/x.com\\\/radioljubuski\",\"https:\\\/\\\/hr.linkedin.com\\\/company\\\/radio-ljubuski\",\"https:\\\/\\\/www.youtube.com\\\/channel\\\/UCHYaeO_n0Db3tjNGudGpXyw\"]},{\"@type\":\"Person\",\"@id\":\"https:\\\/\\\/radioljubuski.ba\\\/#\\\/schema\\\/person\\\/19fc700381a780f69665d7956c469e3b\",\"name\":\"Radio Ljubu\u0161ki\"}]}<\/script>\n<!-- \/ Yoast SEO plugin. -->","yoast_head_json":{"title":"Zagreba\u010dka skup\u0161tina jednoglasno prihvatila prijedlog o objavi primanja u Holdingu: \u2018Toma\u0161evi\u0107ev kopernikanski obrat od onog \u0161to je rekao\u2019 - RADIO LJUBU\u0160KI","robots":{"index":"index","follow":"follow","max-snippet":"max-snippet:-1","max-image-preview":"max-image-preview:large","max-video-preview":"max-video-preview:-1"},"canonical":"https:\/\/radioljubuski.ba\/index.php\/2022\/06\/24\/zagrebacka-skupstina-jednoglasno-prihvatila-prijedlog-o-objavi-primanja-u-holdingu-tomasevicev-kopernikanski-obrat-od-onog-sto-je-rekao\/","og_locale":"hr_HR","og_type":"article","og_title":"Zagreba\u010dka skup\u0161tina jednoglasno prihvatila prijedlog o objavi primanja u Holdingu: \u2018Toma\u0161evi\u0107ev kopernikanski obrat od onog \u0161to je rekao\u2019 - RADIO LJUBU\u0160KI","og_description":"U \u010detvrtak je odr\u017eana sjednica Gradske skup\u0161tine Grada Zagreba na kojoj je donesen niz odluka, a me\u0111u njima je jednoglasno prihva\u0107ena i ona prema kojoj \u0107e gradona\u010delnik biti du\u017ean objaviti podatke o svim primanjima i pravima iz radnog odnosa predsjednika i \u010dlanova uprave Zagreba\u010dkog holdinga, voditelja podru\u017enica, direktora trgova\u010dkih dru\u0161tava i ustanove u kojima Grad [&hellip;]","og_url":"https:\/\/radioljubuski.ba\/index.php\/2022\/06\/24\/zagrebacka-skupstina-jednoglasno-prihvatila-prijedlog-o-objavi-primanja-u-holdingu-tomasevicev-kopernikanski-obrat-od-onog-sto-je-rekao\/","og_site_name":"RADIO LJUBU\u0160KI","article_publisher":"https:\/\/www.facebook.com\/Radiio-Ljubuski-1490835324566332","article_published_time":"2022-06-24T15:31:46+00:00","article_modified_time":"2022-06-24T15:31:47+00:00","og_image":[{"width":696,"height":381,"url":"https:\/\/radioljubuski.ba\/wp-content\/uploads\/2022\/06\/Zagrebacka_gradska_skupstina-696x381-1.jpg","type":"image\/jpeg"}],"author":"Radio Ljubu\u0161ki","twitter_card":"summary_large_image","twitter_creator":"@radioljubuski","twitter_site":"@radioljubuski","twitter_misc":{"Napisao\/la":"Radio Ljubu\u0161ki","Procijenjeno vrijeme \u010ditanja":"3 minute"},"schema":{"@context":"https:\/\/schema.org","@graph":[{"@type":"Article","@id":"https:\/\/radioljubuski.ba\/index.php\/2022\/06\/24\/zagrebacka-skupstina-jednoglasno-prihvatila-prijedlog-o-objavi-primanja-u-holdingu-tomasevicev-kopernikanski-obrat-od-onog-sto-je-rekao\/#article","isPartOf":{"@id":"https:\/\/radioljubuski.ba\/index.php\/2022\/06\/24\/zagrebacka-skupstina-jednoglasno-prihvatila-prijedlog-o-objavi-primanja-u-holdingu-tomasevicev-kopernikanski-obrat-od-onog-sto-je-rekao\/"},"author":{"name":"Radio Ljubu\u0161ki","@id":"https:\/\/radioljubuski.ba\/#\/schema\/person\/19fc700381a780f69665d7956c469e3b"},"headline":"Zagreba\u010dka skup\u0161tina jednoglasno prihvatila prijedlog o objavi primanja u Holdingu: \u2018Toma\u0161evi\u0107ev kopernikanski obrat od onog \u0161to je rekao\u2019","datePublished":"2022-06-24T15:31:46+00:00","dateModified":"2022-06-24T15:31:47+00:00","mainEntityOfPage":{"@id":"https:\/\/radioljubuski.ba\/index.php\/2022\/06\/24\/zagrebacka-skupstina-jednoglasno-prihvatila-prijedlog-o-objavi-primanja-u-holdingu-tomasevicev-kopernikanski-obrat-od-onog-sto-je-rekao\/"},"wordCount":741,"publisher":{"@id":"https:\/\/radioljubuski.ba\/#organization"},"image":{"@id":"https:\/\/radioljubuski.ba\/index.php\/2022\/06\/24\/zagrebacka-skupstina-jednoglasno-prihvatila-prijedlog-o-objavi-primanja-u-holdingu-tomasevicev-kopernikanski-obrat-od-onog-sto-je-rekao\/#primaryimage"},"thumbnailUrl":"https:\/\/radioljubuski.ba\/wp-content\/uploads\/2022\/06\/Zagrebacka_gradska_skupstina-696x381-1.jpg","articleSection":["BIH i regija"],"inLanguage":"hr"},{"@type":"WebPage","@id":"https:\/\/radioljubuski.ba\/index.php\/2022\/06\/24\/zagrebacka-skupstina-jednoglasno-prihvatila-prijedlog-o-objavi-primanja-u-holdingu-tomasevicev-kopernikanski-obrat-od-onog-sto-je-rekao\/","url":"https:\/\/radioljubuski.ba\/index.php\/2022\/06\/24\/zagrebacka-skupstina-jednoglasno-prihvatila-prijedlog-o-objavi-primanja-u-holdingu-tomasevicev-kopernikanski-obrat-od-onog-sto-je-rekao\/","name":"Zagreba\u010dka skup\u0161tina jednoglasno prihvatila prijedlog o objavi primanja u Holdingu: \u2018Toma\u0161evi\u0107ev kopernikanski obrat od onog \u0161to je rekao\u2019 - RADIO LJUBU\u0160KI","isPartOf":{"@id":"https:\/\/radioljubuski.ba\/#website"},"primaryImageOfPage":{"@id":"https:\/\/radioljubuski.ba\/index.php\/2022\/06\/24\/zagrebacka-skupstina-jednoglasno-prihvatila-prijedlog-o-objavi-primanja-u-holdingu-tomasevicev-kopernikanski-obrat-od-onog-sto-je-rekao\/#primaryimage"},"image":{"@id":"https:\/\/radioljubuski.ba\/index.php\/2022\/06\/24\/zagrebacka-skupstina-jednoglasno-prihvatila-prijedlog-o-objavi-primanja-u-holdingu-tomasevicev-kopernikanski-obrat-od-onog-sto-je-rekao\/#primaryimage"},"thumbnailUrl":"https:\/\/radioljubuski.ba\/wp-content\/uploads\/2022\/06\/Zagrebacka_gradska_skupstina-696x381-1.jpg","datePublished":"2022-06-24T15:31:46+00:00","dateModified":"2022-06-24T15:31:47+00:00","breadcrumb":{"@id":"https:\/\/radioljubuski.ba\/index.php\/2022\/06\/24\/zagrebacka-skupstina-jednoglasno-prihvatila-prijedlog-o-objavi-primanja-u-holdingu-tomasevicev-kopernikanski-obrat-od-onog-sto-je-rekao\/#breadcrumb"},"inLanguage":"hr","potentialAction":[{"@type":"ReadAction","target":["https:\/\/radioljubuski.ba\/index.php\/2022\/06\/24\/zagrebacka-skupstina-jednoglasno-prihvatila-prijedlog-o-objavi-primanja-u-holdingu-tomasevicev-kopernikanski-obrat-od-onog-sto-je-rekao\/"]}]},{"@type":"ImageObject","inLanguage":"hr","@id":"https:\/\/radioljubuski.ba\/index.php\/2022\/06\/24\/zagrebacka-skupstina-jednoglasno-prihvatila-prijedlog-o-objavi-primanja-u-holdingu-tomasevicev-kopernikanski-obrat-od-onog-sto-je-rekao\/#primaryimage","url":"https:\/\/radioljubuski.ba\/wp-content\/uploads\/2022\/06\/Zagrebacka_gradska_skupstina-696x381-1.jpg","contentUrl":"https:\/\/radioljubuski.ba\/wp-content\/uploads\/2022\/06\/Zagrebacka_gradska_skupstina-696x381-1.jpg","width":696,"height":381},{"@type":"BreadcrumbList","@id":"https:\/\/radioljubuski.ba\/index.php\/2022\/06\/24\/zagrebacka-skupstina-jednoglasno-prihvatila-prijedlog-o-objavi-primanja-u-holdingu-tomasevicev-kopernikanski-obrat-od-onog-sto-je-rekao\/#breadcrumb","itemListElement":[{"@type":"ListItem","position":1,"name":"Po\u010detna stranica","item":"https:\/\/radioljubuski.ba\/"},{"@type":"ListItem","position":2,"name":"Zagreba\u010dka skup\u0161tina jednoglasno prihvatila prijedlog o objavi primanja u Holdingu: \u2018Toma\u0161evi\u0107ev kopernikanski obrat od onog \u0161to je rekao\u2019"}]},{"@type":"WebSite","@id":"https:\/\/radioljubuski.ba\/#website","url":"https:\/\/radioljubuski.ba\/","name":"Radio Ljubu\u0161ki","description":"Sun\u010dana frekvencija Hercegovine","publisher":{"@id":"https:\/\/radioljubuski.ba\/#organization"},"potentialAction":[{"@type":"SearchAction","target":{"@type":"EntryPoint","urlTemplate":"https:\/\/radioljubuski.ba\/?s={search_term_string}"},"query-input":{"@type":"PropertyValueSpecification","valueRequired":true,"valueName":"search_term_string"}}],"inLanguage":"hr"},{"@type":"Organization","@id":"https:\/\/radioljubuski.ba\/#organization","name":"Radio Ljubu\u0161ki","url":"https:\/\/radioljubuski.ba\/","logo":{"@type":"ImageObject","inLanguage":"hr","@id":"https:\/\/radioljubuski.ba\/#\/schema\/logo\/image\/","url":"https:\/\/radioljubuski.ba\/wp-content\/uploads\/2021\/02\/cropped-Radio_Ljubuski_logo1.jpg","contentUrl":"https:\/\/radioljubuski.ba\/wp-content\/uploads\/2021\/02\/cropped-Radio_Ljubuski_logo1.jpg","width":512,"height":512,"caption":"Radio Ljubu\u0161ki"},"image":{"@id":"https:\/\/radioljubuski.ba\/#\/schema\/logo\/image\/"},"sameAs":["https:\/\/www.facebook.com\/Radiio-Ljubuski-1490835324566332","https:\/\/x.com\/radioljubuski","https:\/\/hr.linkedin.com\/company\/radio-ljubuski","https:\/\/www.youtube.com\/channel\/UCHYaeO_n0Db3tjNGudGpXyw"]},{"@type":"Person","@id":"https:\/\/radioljubuski.ba\/#\/schema\/person\/19fc700381a780f69665d7956c469e3b","name":"Radio Ljubu\u0161ki"}]}},"_links":{"self":[{"href":"https:\/\/radioljubuski.ba\/index.php\/wp-json\/wp\/v2\/posts\/153100","targetHints":{"allow":["GET"]}}],"collection":[{"href":"https:\/\/radioljubuski.ba\/index.php\/wp-json\/wp\/v2\/posts"}],"about":[{"href":"https:\/\/radioljubuski.ba\/index.php\/wp-json\/wp\/v2\/types\/post"}],"author":[{"embeddable":true,"href":"https:\/\/radioljubuski.ba\/index.php\/wp-json\/wp\/v2\/users\/2"}],"replies":[{"embeddable":true,"href":"https:\/\/radioljubuski.ba\/index.php\/wp-json\/wp\/v2\/comments?post=153100"}],"version-history":[{"count":1,"href":"https:\/\/radioljubuski.ba\/index.php\/wp-json\/wp\/v2\/posts\/153100\/revisions"}],"predecessor-version":[{"id":153102,"href":"https:\/\/radioljubuski.ba\/index.php\/wp-json\/wp\/v2\/posts\/153100\/revisions\/153102"}],"wp:featuredmedia":[{"embeddable":true,"href":"https:\/\/radioljubuski.ba\/index.php\/wp-json\/wp\/v2\/media\/153101"}],"wp:attachment":[{"href":"https:\/\/radioljubuski.ba\/index.php\/wp-json\/wp\/v2\/media?parent=153100"}],"wp:term":[{"taxonomy":"category","embeddable":true,"href":"https:\/\/radioljubuski.ba\/index.php\/wp-json\/wp\/v2\/categories?post=153100"},{"taxonomy":"post_tag","embeddable":true,"href":"https:\/\/radioljubuski.ba\/index.php\/wp-json\/wp\/v2\/tags?post=153100"}],"curies":[{"name":"wp","href":"https:\/\/api.w.org\/{rel}","templated":true}]}}