{"id":153103,"date":"2022-06-24T16:33:37","date_gmt":"2022-06-24T15:33:37","guid":{"rendered":"https:\/\/radioljubuski.ba\/?p=153103"},"modified":"2022-06-24T16:33:38","modified_gmt":"2022-06-24T15:33:38","slug":"bivsi-predsjednik-mesic-izgubio-na-sudu-protiv-bulja-kojeg-je-tuzio-jer-ga-je-nazvao-elementarnom-nepogodom","status":"publish","type":"post","link":"https:\/\/radioljubuski.ba\/index.php\/2022\/06\/24\/bivsi-predsjednik-mesic-izgubio-na-sudu-protiv-bulja-kojeg-je-tuzio-jer-ga-je-nazvao-elementarnom-nepogodom\/","title":{"rendered":"Biv\u0161i predsjednik Mesi\u0107 izgubio na sudu protiv Bulja, kojeg je tu\u017eio jer ga je nazvao \u2018elementarnom nepogodom\u2019"},"content":{"rendered":"\n<p>Biv\u0161i predsjednik Stjepan Mesi\u0107 nepravomo\u0107no je izgubio na sudu u postupku koji je poveo protiv gradona\u010delnika Sinja Mire Bulja. Mesi\u0107 je zbog du\u0161evnih boli tra\u017eio 30.000 kuna od Mostova gradona\u010delnika Sinja, me\u0111utim je sutkinja Op\u0107inskog gra\u0111anskog suda u Zagrebu Ivana \u010ca\u010di\u0107 nepravomo\u0107no presudila druk\u010dije, te Mesi\u0107 mora naknaditi tro\u0161kove parnice od 6.562 kune, objavio je&nbsp;<a href=\"https:\/\/www.vecernji.hr\/vijesti\/bulj-dokazao-mesicu-da-mu-je-kao-glas-naroda-smio-reci-elementarna-nepogoda-i-klevetnik-rh-1596926\">Ve\u010dernji list<\/a>.<\/p>\n\n\n\n<h3 class=\"wp-block-heading\"><strong>Du\u0161evne boli<\/strong><\/h3>\n\n\n\n<p>Mesi\u0107 je tvrdio da je trpio du\u0161evne boli jer je Bulj na svom Facebook profilu 27. velja\u010de 2019. objavio neistine i uvrede komentiraju\u0107i njegov zahtjev Europskom sudu za ljudska prava protiv Republike Hrvatske:<\/p>\n\n\n\n<p>\u201cStipe Mesi\u0107 je elementarna nepogoda za Hrvatsku i klevetnik je na\u0161e dr\u017eave. Most mu je ukinuo ured da sprije\u010dimo Mesi\u0107a da nastavi sa svojim klevetama, ali on se o\u010dito ne da. A sad bi za svoju klevetni\u010dku propagandu htio jo\u0161 novca od Hrvatske. Mesi\u0107ev jedini cilj je do\u010depati se dr\u017eavne kese. Poru\u010dujem Mesi\u0107u neka od\u0161tetu tra\u017ei u Finskoj, ako tamo smije otputovati.\u201c \u2013 napisao je tada Bulj.<\/p>\n\n\n\n<h3 class=\"wp-block-heading\"><strong>\u201cDosta je dijelio hrvatski narod\u201d<\/strong><\/h3>\n\n\n\n<p>\u201cStojim iza svega \u0161to sam rekao o Stjepanu Mesi\u0107u. Dosta je dijelio hrvatski narod!<\/p>\n\n\n\n<p>Mnogi ljudi su i govorili i pisali da je Mesi\u0107 elementarna nepogoda za Hrvatsku i krivokletnik na\u0161e dr\u017eave. Pa, knjiga Miroslava Tu\u0111mana nosi naslov \u201cKrivokletnik\u201d i govori upravo o Mesi\u0107u, a isto su o njemu govorili i Ivan Aralica i Zdravko Tomac.<\/p>\n\n\n\n<p>Cijela Hrvatska zna za njegove govore, kada je po\u010detkom 90-ih veli\u010dao usta\u0161tvo, kao i za \u010dekove dijaspore koje je uzeo, pa su netragom nestali. Mene je tu\u017eio samo zato \u0161to ne mo\u017ee pre\u017ealiti svoj ured koji mu je oduzet na moju inicijativu, a tih 600 000 kuna koliko je stajao porezne obveznike, dao sam civilnim \u017ertvama Domovinskog rata. Mesi\u0107 kada je bilo najpotrebnija sloga dijelio je hrvatski narod.<\/p>\n\n\n\n<p>Zbog svega ovoga rekao sam da je Mesi\u0107 elementarna nepogoda za Hrvatsku, klevetao je na\u0161u dr\u017eavu u Australiji u najte\u017eim vremenima, a nakon faze usta\u0161tva, Mesi\u0107 je napravio zaokret i postao ikona antifa\u0161izma.<\/p>\n\n\n\n<p>Izabran sam za zastupnika naroda i moja du\u017enost je govoriti, upozoravati i iznijeti svoje mi\u0161ljenje. Stalno \u0107u govoriti i upozoravati na korupciju i kriminal te na one koje su izdali na\u0161u Domovinu.<\/p>\n\n\n\n<p>Ostajem kod svega \u0161to sam rekao za Mesi\u0107a!\u201d \u2013 napisao je na svojem Facebook profilu Miro Bulj i 1. listopada 2021.<\/p>\n\n\n\n<p><em>Izvor:&nbsp;<a href=\"http:\/\/narod.hr\/Ve%C4%8Dernji\">narod.hr\/Ve\u010dernji<\/a>&nbsp;list<\/em><\/p>\n","protected":false},"excerpt":{"rendered":"<p>Biv\u0161i predsjednik Stjepan Mesi\u0107 nepravomo\u0107no je izgubio na sudu u postupku koji je poveo protiv gradona\u010delnika Sinja Mire Bulja. Mesi\u0107 je zbog du\u0161evnih boli tra\u017eio 30.000 kuna od Mostova gradona\u010delnika Sinja, me\u0111utim je sutkinja Op\u0107inskog gra\u0111anskog suda u Zagrebu Ivana \u010ca\u010di\u0107 nepravomo\u0107no presudila druk\u010dije, te Mesi\u0107 mora naknaditi tro\u0161kove parnice od 6.562 kune, objavio je&nbsp;Ve\u010dernji [&hellip;]<\/p>\n","protected":false},"author":2,"featured_media":153104,"comment_status":"closed","ping_status":"closed","sticky":false,"template":"","format":"standard","meta":{"h5ap_radio_sources":[],"footnotes":""},"categories":[1],"tags":[],"class_list":["post-153103","post","type-post","status-publish","format-standard","has-post-thumbnail","hentry","category-bihiregija"],"yoast_head":"<!-- This site is optimized with the Yoast SEO plugin v27.4 - https:\/\/yoast.com\/product\/yoast-seo-wordpress\/ -->\n<title>Biv\u0161i predsjednik Mesi\u0107 izgubio na sudu protiv Bulja, kojeg je tu\u017eio jer ga je nazvao \u2018elementarnom nepogodom\u2019 - RADIO LJUBU\u0160KI<\/title>\n<meta name=\"robots\" content=\"index, follow, max-snippet:-1, max-image-preview:large, max-video-preview:-1\" \/>\n<link rel=\"canonical\" href=\"https:\/\/radioljubuski.ba\/index.php\/2022\/06\/24\/bivsi-predsjednik-mesic-izgubio-na-sudu-protiv-bulja-kojeg-je-tuzio-jer-ga-je-nazvao-elementarnom-nepogodom\/\" \/>\n<meta property=\"og:locale\" content=\"hr_HR\" \/>\n<meta property=\"og:type\" content=\"article\" \/>\n<meta property=\"og:title\" content=\"Biv\u0161i predsjednik Mesi\u0107 izgubio na sudu protiv Bulja, kojeg je tu\u017eio jer ga je nazvao \u2018elementarnom nepogodom\u2019 - RADIO LJUBU\u0160KI\" \/>\n<meta property=\"og:description\" content=\"Biv\u0161i predsjednik Stjepan Mesi\u0107 nepravomo\u0107no je izgubio na sudu u postupku koji je poveo protiv gradona\u010delnika Sinja Mire Bulja. Mesi\u0107 je zbog du\u0161evnih boli tra\u017eio 30.000 kuna od Mostova gradona\u010delnika Sinja, me\u0111utim je sutkinja Op\u0107inskog gra\u0111anskog suda u Zagrebu Ivana \u010ca\u010di\u0107 nepravomo\u0107no presudila druk\u010dije, te Mesi\u0107 mora naknaditi tro\u0161kove parnice od 6.562 kune, objavio je&nbsp;Ve\u010dernji [&hellip;]\" \/>\n<meta property=\"og:url\" content=\"https:\/\/radioljubuski.ba\/index.php\/2022\/06\/24\/bivsi-predsjednik-mesic-izgubio-na-sudu-protiv-bulja-kojeg-je-tuzio-jer-ga-je-nazvao-elementarnom-nepogodom\/\" \/>\n<meta property=\"og:site_name\" content=\"RADIO LJUBU\u0160KI\" \/>\n<meta property=\"article:publisher\" content=\"https:\/\/www.facebook.com\/Radiio-Ljubuski-1490835324566332\" \/>\n<meta property=\"article:published_time\" content=\"2022-06-24T15:33:37+00:00\" \/>\n<meta property=\"article:modified_time\" content=\"2022-06-24T15:33:38+00:00\" \/>\n<meta property=\"og:image\" content=\"https:\/\/radioljubuski.ba\/wp-content\/uploads\/2022\/06\/Mesic-i-Bulj-696x464-1.jpg\" \/>\n\t<meta property=\"og:image:width\" content=\"696\" \/>\n\t<meta property=\"og:image:height\" content=\"464\" \/>\n\t<meta property=\"og:image:type\" content=\"image\/jpeg\" \/>\n<meta name=\"author\" content=\"Radio Ljubu\u0161ki\" \/>\n<meta name=\"twitter:card\" content=\"summary_large_image\" \/>\n<meta name=\"twitter:creator\" content=\"@radioljubuski\" \/>\n<meta name=\"twitter:site\" content=\"@radioljubuski\" \/>\n<meta name=\"twitter:label1\" content=\"Napisao\/la\" \/>\n\t<meta name=\"twitter:data1\" content=\"Radio Ljubu\u0161ki\" \/>\n\t<meta name=\"twitter:label2\" content=\"Procijenjeno vrijeme \u010ditanja\" \/>\n\t<meta name=\"twitter:data2\" content=\"2 minute\" \/>\n<script type=\"application\/ld+json\" class=\"yoast-schema-graph\">{\"@context\":\"https:\\\/\\\/schema.org\",\"@graph\":[{\"@type\":\"Article\",\"@id\":\"https:\\\/\\\/radioljubuski.ba\\\/index.php\\\/2022\\\/06\\\/24\\\/bivsi-predsjednik-mesic-izgubio-na-sudu-protiv-bulja-kojeg-je-tuzio-jer-ga-je-nazvao-elementarnom-nepogodom\\\/#article\",\"isPartOf\":{\"@id\":\"https:\\\/\\\/radioljubuski.ba\\\/index.php\\\/2022\\\/06\\\/24\\\/bivsi-predsjednik-mesic-izgubio-na-sudu-protiv-bulja-kojeg-je-tuzio-jer-ga-je-nazvao-elementarnom-nepogodom\\\/\"},\"author\":{\"name\":\"Radio Ljubu\u0161ki\",\"@id\":\"https:\\\/\\\/radioljubuski.ba\\\/#\\\/schema\\\/person\\\/19fc700381a780f69665d7956c469e3b\"},\"headline\":\"Biv\u0161i predsjednik Mesi\u0107 izgubio na sudu protiv Bulja, kojeg je tu\u017eio jer ga je nazvao \u2018elementarnom nepogodom\u2019\",\"datePublished\":\"2022-06-24T15:33:37+00:00\",\"dateModified\":\"2022-06-24T15:33:38+00:00\",\"mainEntityOfPage\":{\"@id\":\"https:\\\/\\\/radioljubuski.ba\\\/index.php\\\/2022\\\/06\\\/24\\\/bivsi-predsjednik-mesic-izgubio-na-sudu-protiv-bulja-kojeg-je-tuzio-jer-ga-je-nazvao-elementarnom-nepogodom\\\/\"},\"wordCount\":443,\"publisher\":{\"@id\":\"https:\\\/\\\/radioljubuski.ba\\\/#organization\"},\"image\":{\"@id\":\"https:\\\/\\\/radioljubuski.ba\\\/index.php\\\/2022\\\/06\\\/24\\\/bivsi-predsjednik-mesic-izgubio-na-sudu-protiv-bulja-kojeg-je-tuzio-jer-ga-je-nazvao-elementarnom-nepogodom\\\/#primaryimage\"},\"thumbnailUrl\":\"https:\\\/\\\/radioljubuski.ba\\\/wp-content\\\/uploads\\\/2022\\\/06\\\/Mesic-i-Bulj-696x464-1.jpg\",\"articleSection\":[\"BIH i regija\"],\"inLanguage\":\"hr\"},{\"@type\":\"WebPage\",\"@id\":\"https:\\\/\\\/radioljubuski.ba\\\/index.php\\\/2022\\\/06\\\/24\\\/bivsi-predsjednik-mesic-izgubio-na-sudu-protiv-bulja-kojeg-je-tuzio-jer-ga-je-nazvao-elementarnom-nepogodom\\\/\",\"url\":\"https:\\\/\\\/radioljubuski.ba\\\/index.php\\\/2022\\\/06\\\/24\\\/bivsi-predsjednik-mesic-izgubio-na-sudu-protiv-bulja-kojeg-je-tuzio-jer-ga-je-nazvao-elementarnom-nepogodom\\\/\",\"name\":\"Biv\u0161i predsjednik Mesi\u0107 izgubio na sudu protiv Bulja, kojeg je tu\u017eio jer ga je nazvao \u2018elementarnom nepogodom\u2019 - RADIO LJUBU\u0160KI\",\"isPartOf\":{\"@id\":\"https:\\\/\\\/radioljubuski.ba\\\/#website\"},\"primaryImageOfPage\":{\"@id\":\"https:\\\/\\\/radioljubuski.ba\\\/index.php\\\/2022\\\/06\\\/24\\\/bivsi-predsjednik-mesic-izgubio-na-sudu-protiv-bulja-kojeg-je-tuzio-jer-ga-je-nazvao-elementarnom-nepogodom\\\/#primaryimage\"},\"image\":{\"@id\":\"https:\\\/\\\/radioljubuski.ba\\\/index.php\\\/2022\\\/06\\\/24\\\/bivsi-predsjednik-mesic-izgubio-na-sudu-protiv-bulja-kojeg-je-tuzio-jer-ga-je-nazvao-elementarnom-nepogodom\\\/#primaryimage\"},\"thumbnailUrl\":\"https:\\\/\\\/radioljubuski.ba\\\/wp-content\\\/uploads\\\/2022\\\/06\\\/Mesic-i-Bulj-696x464-1.jpg\",\"datePublished\":\"2022-06-24T15:33:37+00:00\",\"dateModified\":\"2022-06-24T15:33:38+00:00\",\"breadcrumb\":{\"@id\":\"https:\\\/\\\/radioljubuski.ba\\\/index.php\\\/2022\\\/06\\\/24\\\/bivsi-predsjednik-mesic-izgubio-na-sudu-protiv-bulja-kojeg-je-tuzio-jer-ga-je-nazvao-elementarnom-nepogodom\\\/#breadcrumb\"},\"inLanguage\":\"hr\",\"potentialAction\":[{\"@type\":\"ReadAction\",\"target\":[\"https:\\\/\\\/radioljubuski.ba\\\/index.php\\\/2022\\\/06\\\/24\\\/bivsi-predsjednik-mesic-izgubio-na-sudu-protiv-bulja-kojeg-je-tuzio-jer-ga-je-nazvao-elementarnom-nepogodom\\\/\"]}]},{\"@type\":\"ImageObject\",\"inLanguage\":\"hr\",\"@id\":\"https:\\\/\\\/radioljubuski.ba\\\/index.php\\\/2022\\\/06\\\/24\\\/bivsi-predsjednik-mesic-izgubio-na-sudu-protiv-bulja-kojeg-je-tuzio-jer-ga-je-nazvao-elementarnom-nepogodom\\\/#primaryimage\",\"url\":\"https:\\\/\\\/radioljubuski.ba\\\/wp-content\\\/uploads\\\/2022\\\/06\\\/Mesic-i-Bulj-696x464-1.jpg\",\"contentUrl\":\"https:\\\/\\\/radioljubuski.ba\\\/wp-content\\\/uploads\\\/2022\\\/06\\\/Mesic-i-Bulj-696x464-1.jpg\",\"width\":696,\"height\":464},{\"@type\":\"BreadcrumbList\",\"@id\":\"https:\\\/\\\/radioljubuski.ba\\\/index.php\\\/2022\\\/06\\\/24\\\/bivsi-predsjednik-mesic-izgubio-na-sudu-protiv-bulja-kojeg-je-tuzio-jer-ga-je-nazvao-elementarnom-nepogodom\\\/#breadcrumb\",\"itemListElement\":[{\"@type\":\"ListItem\",\"position\":1,\"name\":\"Po\u010detna stranica\",\"item\":\"https:\\\/\\\/radioljubuski.ba\\\/\"},{\"@type\":\"ListItem\",\"position\":2,\"name\":\"Biv\u0161i predsjednik Mesi\u0107 izgubio na sudu protiv Bulja, kojeg je tu\u017eio jer ga je nazvao \u2018elementarnom nepogodom\u2019\"}]},{\"@type\":\"WebSite\",\"@id\":\"https:\\\/\\\/radioljubuski.ba\\\/#website\",\"url\":\"https:\\\/\\\/radioljubuski.ba\\\/\",\"name\":\"Radio Ljubu\u0161ki\",\"description\":\"Sun\u010dana frekvencija Hercegovine\",\"publisher\":{\"@id\":\"https:\\\/\\\/radioljubuski.ba\\\/#organization\"},\"potentialAction\":[{\"@type\":\"SearchAction\",\"target\":{\"@type\":\"EntryPoint\",\"urlTemplate\":\"https:\\\/\\\/radioljubuski.ba\\\/?s={search_term_string}\"},\"query-input\":{\"@type\":\"PropertyValueSpecification\",\"valueRequired\":true,\"valueName\":\"search_term_string\"}}],\"inLanguage\":\"hr\"},{\"@type\":\"Organization\",\"@id\":\"https:\\\/\\\/radioljubuski.ba\\\/#organization\",\"name\":\"Radio Ljubu\u0161ki\",\"url\":\"https:\\\/\\\/radioljubuski.ba\\\/\",\"logo\":{\"@type\":\"ImageObject\",\"inLanguage\":\"hr\",\"@id\":\"https:\\\/\\\/radioljubuski.ba\\\/#\\\/schema\\\/logo\\\/image\\\/\",\"url\":\"https:\\\/\\\/radioljubuski.ba\\\/wp-content\\\/uploads\\\/2021\\\/02\\\/cropped-Radio_Ljubuski_logo1.jpg\",\"contentUrl\":\"https:\\\/\\\/radioljubuski.ba\\\/wp-content\\\/uploads\\\/2021\\\/02\\\/cropped-Radio_Ljubuski_logo1.jpg\",\"width\":512,\"height\":512,\"caption\":\"Radio Ljubu\u0161ki\"},\"image\":{\"@id\":\"https:\\\/\\\/radioljubuski.ba\\\/#\\\/schema\\\/logo\\\/image\\\/\"},\"sameAs\":[\"https:\\\/\\\/www.facebook.com\\\/Radiio-Ljubuski-1490835324566332\",\"https:\\\/\\\/x.com\\\/radioljubuski\",\"https:\\\/\\\/hr.linkedin.com\\\/company\\\/radio-ljubuski\",\"https:\\\/\\\/www.youtube.com\\\/channel\\\/UCHYaeO_n0Db3tjNGudGpXyw\"]},{\"@type\":\"Person\",\"@id\":\"https:\\\/\\\/radioljubuski.ba\\\/#\\\/schema\\\/person\\\/19fc700381a780f69665d7956c469e3b\",\"name\":\"Radio Ljubu\u0161ki\"}]}<\/script>\n<!-- \/ Yoast SEO plugin. -->","yoast_head_json":{"title":"Biv\u0161i predsjednik Mesi\u0107 izgubio na sudu protiv Bulja, kojeg je tu\u017eio jer ga je nazvao \u2018elementarnom nepogodom\u2019 - RADIO LJUBU\u0160KI","robots":{"index":"index","follow":"follow","max-snippet":"max-snippet:-1","max-image-preview":"max-image-preview:large","max-video-preview":"max-video-preview:-1"},"canonical":"https:\/\/radioljubuski.ba\/index.php\/2022\/06\/24\/bivsi-predsjednik-mesic-izgubio-na-sudu-protiv-bulja-kojeg-je-tuzio-jer-ga-je-nazvao-elementarnom-nepogodom\/","og_locale":"hr_HR","og_type":"article","og_title":"Biv\u0161i predsjednik Mesi\u0107 izgubio na sudu protiv Bulja, kojeg je tu\u017eio jer ga je nazvao \u2018elementarnom nepogodom\u2019 - RADIO LJUBU\u0160KI","og_description":"Biv\u0161i predsjednik Stjepan Mesi\u0107 nepravomo\u0107no je izgubio na sudu u postupku koji je poveo protiv gradona\u010delnika Sinja Mire Bulja. Mesi\u0107 je zbog du\u0161evnih boli tra\u017eio 30.000 kuna od Mostova gradona\u010delnika Sinja, me\u0111utim je sutkinja Op\u0107inskog gra\u0111anskog suda u Zagrebu Ivana \u010ca\u010di\u0107 nepravomo\u0107no presudila druk\u010dije, te Mesi\u0107 mora naknaditi tro\u0161kove parnice od 6.562 kune, objavio je&nbsp;Ve\u010dernji [&hellip;]","og_url":"https:\/\/radioljubuski.ba\/index.php\/2022\/06\/24\/bivsi-predsjednik-mesic-izgubio-na-sudu-protiv-bulja-kojeg-je-tuzio-jer-ga-je-nazvao-elementarnom-nepogodom\/","og_site_name":"RADIO LJUBU\u0160KI","article_publisher":"https:\/\/www.facebook.com\/Radiio-Ljubuski-1490835324566332","article_published_time":"2022-06-24T15:33:37+00:00","article_modified_time":"2022-06-24T15:33:38+00:00","og_image":[{"width":696,"height":464,"url":"https:\/\/radioljubuski.ba\/wp-content\/uploads\/2022\/06\/Mesic-i-Bulj-696x464-1.jpg","type":"image\/jpeg"}],"author":"Radio Ljubu\u0161ki","twitter_card":"summary_large_image","twitter_creator":"@radioljubuski","twitter_site":"@radioljubuski","twitter_misc":{"Napisao\/la":"Radio Ljubu\u0161ki","Procijenjeno vrijeme \u010ditanja":"2 minute"},"schema":{"@context":"https:\/\/schema.org","@graph":[{"@type":"Article","@id":"https:\/\/radioljubuski.ba\/index.php\/2022\/06\/24\/bivsi-predsjednik-mesic-izgubio-na-sudu-protiv-bulja-kojeg-je-tuzio-jer-ga-je-nazvao-elementarnom-nepogodom\/#article","isPartOf":{"@id":"https:\/\/radioljubuski.ba\/index.php\/2022\/06\/24\/bivsi-predsjednik-mesic-izgubio-na-sudu-protiv-bulja-kojeg-je-tuzio-jer-ga-je-nazvao-elementarnom-nepogodom\/"},"author":{"name":"Radio Ljubu\u0161ki","@id":"https:\/\/radioljubuski.ba\/#\/schema\/person\/19fc700381a780f69665d7956c469e3b"},"headline":"Biv\u0161i predsjednik Mesi\u0107 izgubio na sudu protiv Bulja, kojeg je tu\u017eio jer ga je nazvao \u2018elementarnom nepogodom\u2019","datePublished":"2022-06-24T15:33:37+00:00","dateModified":"2022-06-24T15:33:38+00:00","mainEntityOfPage":{"@id":"https:\/\/radioljubuski.ba\/index.php\/2022\/06\/24\/bivsi-predsjednik-mesic-izgubio-na-sudu-protiv-bulja-kojeg-je-tuzio-jer-ga-je-nazvao-elementarnom-nepogodom\/"},"wordCount":443,"publisher":{"@id":"https:\/\/radioljubuski.ba\/#organization"},"image":{"@id":"https:\/\/radioljubuski.ba\/index.php\/2022\/06\/24\/bivsi-predsjednik-mesic-izgubio-na-sudu-protiv-bulja-kojeg-je-tuzio-jer-ga-je-nazvao-elementarnom-nepogodom\/#primaryimage"},"thumbnailUrl":"https:\/\/radioljubuski.ba\/wp-content\/uploads\/2022\/06\/Mesic-i-Bulj-696x464-1.jpg","articleSection":["BIH i regija"],"inLanguage":"hr"},{"@type":"WebPage","@id":"https:\/\/radioljubuski.ba\/index.php\/2022\/06\/24\/bivsi-predsjednik-mesic-izgubio-na-sudu-protiv-bulja-kojeg-je-tuzio-jer-ga-je-nazvao-elementarnom-nepogodom\/","url":"https:\/\/radioljubuski.ba\/index.php\/2022\/06\/24\/bivsi-predsjednik-mesic-izgubio-na-sudu-protiv-bulja-kojeg-je-tuzio-jer-ga-je-nazvao-elementarnom-nepogodom\/","name":"Biv\u0161i predsjednik Mesi\u0107 izgubio na sudu protiv Bulja, kojeg je tu\u017eio jer ga je nazvao \u2018elementarnom nepogodom\u2019 - RADIO LJUBU\u0160KI","isPartOf":{"@id":"https:\/\/radioljubuski.ba\/#website"},"primaryImageOfPage":{"@id":"https:\/\/radioljubuski.ba\/index.php\/2022\/06\/24\/bivsi-predsjednik-mesic-izgubio-na-sudu-protiv-bulja-kojeg-je-tuzio-jer-ga-je-nazvao-elementarnom-nepogodom\/#primaryimage"},"image":{"@id":"https:\/\/radioljubuski.ba\/index.php\/2022\/06\/24\/bivsi-predsjednik-mesic-izgubio-na-sudu-protiv-bulja-kojeg-je-tuzio-jer-ga-je-nazvao-elementarnom-nepogodom\/#primaryimage"},"thumbnailUrl":"https:\/\/radioljubuski.ba\/wp-content\/uploads\/2022\/06\/Mesic-i-Bulj-696x464-1.jpg","datePublished":"2022-06-24T15:33:37+00:00","dateModified":"2022-06-24T15:33:38+00:00","breadcrumb":{"@id":"https:\/\/radioljubuski.ba\/index.php\/2022\/06\/24\/bivsi-predsjednik-mesic-izgubio-na-sudu-protiv-bulja-kojeg-je-tuzio-jer-ga-je-nazvao-elementarnom-nepogodom\/#breadcrumb"},"inLanguage":"hr","potentialAction":[{"@type":"ReadAction","target":["https:\/\/radioljubuski.ba\/index.php\/2022\/06\/24\/bivsi-predsjednik-mesic-izgubio-na-sudu-protiv-bulja-kojeg-je-tuzio-jer-ga-je-nazvao-elementarnom-nepogodom\/"]}]},{"@type":"ImageObject","inLanguage":"hr","@id":"https:\/\/radioljubuski.ba\/index.php\/2022\/06\/24\/bivsi-predsjednik-mesic-izgubio-na-sudu-protiv-bulja-kojeg-je-tuzio-jer-ga-je-nazvao-elementarnom-nepogodom\/#primaryimage","url":"https:\/\/radioljubuski.ba\/wp-content\/uploads\/2022\/06\/Mesic-i-Bulj-696x464-1.jpg","contentUrl":"https:\/\/radioljubuski.ba\/wp-content\/uploads\/2022\/06\/Mesic-i-Bulj-696x464-1.jpg","width":696,"height":464},{"@type":"BreadcrumbList","@id":"https:\/\/radioljubuski.ba\/index.php\/2022\/06\/24\/bivsi-predsjednik-mesic-izgubio-na-sudu-protiv-bulja-kojeg-je-tuzio-jer-ga-je-nazvao-elementarnom-nepogodom\/#breadcrumb","itemListElement":[{"@type":"ListItem","position":1,"name":"Po\u010detna stranica","item":"https:\/\/radioljubuski.ba\/"},{"@type":"ListItem","position":2,"name":"Biv\u0161i predsjednik Mesi\u0107 izgubio na sudu protiv Bulja, kojeg je tu\u017eio jer ga je nazvao \u2018elementarnom nepogodom\u2019"}]},{"@type":"WebSite","@id":"https:\/\/radioljubuski.ba\/#website","url":"https:\/\/radioljubuski.ba\/","name":"Radio Ljubu\u0161ki","description":"Sun\u010dana frekvencija Hercegovine","publisher":{"@id":"https:\/\/radioljubuski.ba\/#organization"},"potentialAction":[{"@type":"SearchAction","target":{"@type":"EntryPoint","urlTemplate":"https:\/\/radioljubuski.ba\/?s={search_term_string}"},"query-input":{"@type":"PropertyValueSpecification","valueRequired":true,"valueName":"search_term_string"}}],"inLanguage":"hr"},{"@type":"Organization","@id":"https:\/\/radioljubuski.ba\/#organization","name":"Radio Ljubu\u0161ki","url":"https:\/\/radioljubuski.ba\/","logo":{"@type":"ImageObject","inLanguage":"hr","@id":"https:\/\/radioljubuski.ba\/#\/schema\/logo\/image\/","url":"https:\/\/radioljubuski.ba\/wp-content\/uploads\/2021\/02\/cropped-Radio_Ljubuski_logo1.jpg","contentUrl":"https:\/\/radioljubuski.ba\/wp-content\/uploads\/2021\/02\/cropped-Radio_Ljubuski_logo1.jpg","width":512,"height":512,"caption":"Radio Ljubu\u0161ki"},"image":{"@id":"https:\/\/radioljubuski.ba\/#\/schema\/logo\/image\/"},"sameAs":["https:\/\/www.facebook.com\/Radiio-Ljubuski-1490835324566332","https:\/\/x.com\/radioljubuski","https:\/\/hr.linkedin.com\/company\/radio-ljubuski","https:\/\/www.youtube.com\/channel\/UCHYaeO_n0Db3tjNGudGpXyw"]},{"@type":"Person","@id":"https:\/\/radioljubuski.ba\/#\/schema\/person\/19fc700381a780f69665d7956c469e3b","name":"Radio Ljubu\u0161ki"}]}},"_links":{"self":[{"href":"https:\/\/radioljubuski.ba\/index.php\/wp-json\/wp\/v2\/posts\/153103","targetHints":{"allow":["GET"]}}],"collection":[{"href":"https:\/\/radioljubuski.ba\/index.php\/wp-json\/wp\/v2\/posts"}],"about":[{"href":"https:\/\/radioljubuski.ba\/index.php\/wp-json\/wp\/v2\/types\/post"}],"author":[{"embeddable":true,"href":"https:\/\/radioljubuski.ba\/index.php\/wp-json\/wp\/v2\/users\/2"}],"replies":[{"embeddable":true,"href":"https:\/\/radioljubuski.ba\/index.php\/wp-json\/wp\/v2\/comments?post=153103"}],"version-history":[{"count":1,"href":"https:\/\/radioljubuski.ba\/index.php\/wp-json\/wp\/v2\/posts\/153103\/revisions"}],"predecessor-version":[{"id":153105,"href":"https:\/\/radioljubuski.ba\/index.php\/wp-json\/wp\/v2\/posts\/153103\/revisions\/153105"}],"wp:featuredmedia":[{"embeddable":true,"href":"https:\/\/radioljubuski.ba\/index.php\/wp-json\/wp\/v2\/media\/153104"}],"wp:attachment":[{"href":"https:\/\/radioljubuski.ba\/index.php\/wp-json\/wp\/v2\/media?parent=153103"}],"wp:term":[{"taxonomy":"category","embeddable":true,"href":"https:\/\/radioljubuski.ba\/index.php\/wp-json\/wp\/v2\/categories?post=153103"},{"taxonomy":"post_tag","embeddable":true,"href":"https:\/\/radioljubuski.ba\/index.php\/wp-json\/wp\/v2\/tags?post=153103"}],"curies":[{"name":"wp","href":"https:\/\/api.w.org\/{rel}","templated":true}]}}