{"id":153115,"date":"2022-06-24T20:24:13","date_gmt":"2022-06-24T19:24:13","guid":{"rendered":"https:\/\/radioljubuski.ba\/?p=153115"},"modified":"2022-06-27T09:35:25","modified_gmt":"2022-06-27T08:35:25","slug":"proslavljena-svetkovina-srca-isusova-u-svetistu-presvetoga-srca-isusova-u-studencima","status":"publish","type":"post","link":"https:\/\/radioljubuski.ba\/index.php\/2022\/06\/24\/proslavljena-svetkovina-srca-isusova-u-svetistu-presvetoga-srca-isusova-u-studencima\/","title":{"rendered":"Proslavljena svetkovina Srca Isusova u sveti\u0161tu Presvetoga Srca Isusova u Studencima"},"content":{"rendered":"\n<p>Vjernici \u017eupe Presvetog Srca Isusova u Studencima i mnogobrojni hodo\u010dasnici, koji su pristizali sa svih strana, devet su dana hodili u sveti\u0161te na pobo\u017enost Srcu Isusovu i na svete Mise devetnice.<\/p>\n\n\n\n<p> Na sam blagdan u sveti\u0161tu su slavljene \u010detiri svete Mise, tri prije podne, prvu je slavio fra Marin Kara\u010di\u0107, te dvojica doma\u0107ih sve\u0107enika don Ilija Petkovi\u0107 \u2013 mla\u0111i i don Ante Pavlovi\u0107(\u0106ano), a sredi\u0161nja proslava i sve\u010dana sveta Misa bila je u 19 sati.<\/p>\n\n\n\n<p>&nbsp;Sve\u010dano misno slavlje predvodio je mons. Petar Pali\u0107, biskup Mostarsko-duvanjski i apostolski upravitelj Trebinjsko-mrkanski u koncelebraciji vi\u0161e sve\u0107enika. Liturgijske pjesme pjevao je mje\u0161oviti \u017eupni zbor \u201eVrelo \u017eivota. <\/p>\n\n\n\n<p>Na kraju svete Mise, prije biskupova blagoslova \u017eupnik don Ivan Peri\u0107 je jo\u0161 jednom zahvalio biskupu Petru na pohodu \u017eupi i sveti\u0161tu kao i na upu\u0107enim pastirskim rije\u010dima vjerni\u010dkom puku, bra\u0107i sve\u0107enicima i ispovjednicima, \u017eupljanima, policiji, Domu zdravlja Ljubu\u0161ki, zborovima, \u010dita\u010dima, ministrantima i medijima.<\/p>\n\n\n\n<p>Nakon biskupova blagoslova za uzvanike i goste prire\u0111ena je i ve\u010dera u Pastoralnom centru.<\/p>\n\n\n\n<figure class=\"wp-block-gallery columns-3 is-cropped wp-block-gallery-1 is-layout-flex wp-block-gallery-is-layout-flex\"><ul class=\"blocks-gallery-grid\"><li class=\"blocks-gallery-item\"><figure><img loading=\"lazy\" decoding=\"async\" width=\"683\" height=\"1024\" src=\"https:\/\/radioljubuski.ba\/wp-content\/uploads\/2022\/06\/IMG_4846-683x1024.jpg\" alt=\"\" data-id=\"153116\" data-full-url=\"https:\/\/radioljubuski.ba\/wp-content\/uploads\/2022\/06\/IMG_4846-scaled.jpg\" data-link=\"https:\/\/radioljubuski.ba\/?attachment_id=153116\" class=\"wp-image-153116\" srcset=\"https:\/\/radioljubuski.ba\/wp-content\/uploads\/2022\/06\/IMG_4846-683x1024.jpg 683w, https:\/\/radioljubuski.ba\/wp-content\/uploads\/2022\/06\/IMG_4846-200x300.jpg 200w, https:\/\/radioljubuski.ba\/wp-content\/uploads\/2022\/06\/IMG_4846-768x1152.jpg 768w, https:\/\/radioljubuski.ba\/wp-content\/uploads\/2022\/06\/IMG_4846-1024x1536.jpg 1024w, https:\/\/radioljubuski.ba\/wp-content\/uploads\/2022\/06\/IMG_4846-1365x2048.jpg 1365w, https:\/\/radioljubuski.ba\/wp-content\/uploads\/2022\/06\/IMG_4846-8x12.jpg 8w, https:\/\/radioljubuski.ba\/wp-content\/uploads\/2022\/06\/IMG_4846-scaled.jpg 1707w\" sizes=\"auto, (max-width: 683px) 100vw, 683px\" \/><\/figure><\/li><li class=\"blocks-gallery-item\"><figure><img loading=\"lazy\" decoding=\"async\" width=\"683\" height=\"1024\" src=\"https:\/\/radioljubuski.ba\/wp-content\/uploads\/2022\/06\/IMG_4847-683x1024.jpg\" alt=\"\" data-id=\"153117\" data-full-url=\"https:\/\/radioljubuski.ba\/wp-content\/uploads\/2022\/06\/IMG_4847-scaled.jpg\" data-link=\"https:\/\/radioljubuski.ba\/?attachment_id=153117\" class=\"wp-image-153117\" srcset=\"https:\/\/radioljubuski.ba\/wp-content\/uploads\/2022\/06\/IMG_4847-683x1024.jpg 683w, https:\/\/radioljubuski.ba\/wp-content\/uploads\/2022\/06\/IMG_4847-200x300.jpg 200w, https:\/\/radioljubuski.ba\/wp-content\/uploads\/2022\/06\/IMG_4847-768x1152.jpg 768w, https:\/\/radioljubuski.ba\/wp-content\/uploads\/2022\/06\/IMG_4847-1024x1536.jpg 1024w, https:\/\/radioljubuski.ba\/wp-content\/uploads\/2022\/06\/IMG_4847-1365x2048.jpg 1365w, https:\/\/radioljubuski.ba\/wp-content\/uploads\/2022\/06\/IMG_4847-8x12.jpg 8w, https:\/\/radioljubuski.ba\/wp-content\/uploads\/2022\/06\/IMG_4847-scaled.jpg 1707w\" sizes=\"auto, (max-width: 683px) 100vw, 683px\" \/><\/figure><\/li><li class=\"blocks-gallery-item\"><figure><img loading=\"lazy\" decoding=\"async\" width=\"683\" height=\"1024\" src=\"https:\/\/radioljubuski.ba\/wp-content\/uploads\/2022\/06\/IMG_4850-683x1024.jpg\" alt=\"\" data-id=\"153118\" data-full-url=\"https:\/\/radioljubuski.ba\/wp-content\/uploads\/2022\/06\/IMG_4850-scaled.jpg\" data-link=\"https:\/\/radioljubuski.ba\/?attachment_id=153118\" class=\"wp-image-153118\" srcset=\"https:\/\/radioljubuski.ba\/wp-content\/uploads\/2022\/06\/IMG_4850-683x1024.jpg 683w, https:\/\/radioljubuski.ba\/wp-content\/uploads\/2022\/06\/IMG_4850-200x300.jpg 200w, https:\/\/radioljubuski.ba\/wp-content\/uploads\/2022\/06\/IMG_4850-768x1152.jpg 768w, https:\/\/radioljubuski.ba\/wp-content\/uploads\/2022\/06\/IMG_4850-1024x1536.jpg 1024w, https:\/\/radioljubuski.ba\/wp-content\/uploads\/2022\/06\/IMG_4850-1365x2048.jpg 1365w, https:\/\/radioljubuski.ba\/wp-content\/uploads\/2022\/06\/IMG_4850-8x12.jpg 8w, https:\/\/radioljubuski.ba\/wp-content\/uploads\/2022\/06\/IMG_4850-scaled.jpg 1707w\" sizes=\"auto, (max-width: 683px) 100vw, 683px\" \/><\/figure><\/li><li class=\"blocks-gallery-item\"><figure><img loading=\"lazy\" decoding=\"async\" width=\"683\" height=\"1024\" src=\"https:\/\/radioljubuski.ba\/wp-content\/uploads\/2022\/06\/IMG_4854-683x1024.jpg\" alt=\"\" data-id=\"153119\" data-full-url=\"https:\/\/radioljubuski.ba\/wp-content\/uploads\/2022\/06\/IMG_4854-scaled.jpg\" data-link=\"https:\/\/radioljubuski.ba\/?attachment_id=153119\" class=\"wp-image-153119\" srcset=\"https:\/\/radioljubuski.ba\/wp-content\/uploads\/2022\/06\/IMG_4854-683x1024.jpg 683w, https:\/\/radioljubuski.ba\/wp-content\/uploads\/2022\/06\/IMG_4854-200x300.jpg 200w, https:\/\/radioljubuski.ba\/wp-content\/uploads\/2022\/06\/IMG_4854-768x1152.jpg 768w, https:\/\/radioljubuski.ba\/wp-content\/uploads\/2022\/06\/IMG_4854-1024x1536.jpg 1024w, https:\/\/radioljubuski.ba\/wp-content\/uploads\/2022\/06\/IMG_4854-1365x2048.jpg 1365w, https:\/\/radioljubuski.ba\/wp-content\/uploads\/2022\/06\/IMG_4854-8x12.jpg 8w, https:\/\/radioljubuski.ba\/wp-content\/uploads\/2022\/06\/IMG_4854-scaled.jpg 1707w\" sizes=\"auto, (max-width: 683px) 100vw, 683px\" \/><\/figure><\/li><li class=\"blocks-gallery-item\"><figure><img loading=\"lazy\" decoding=\"async\" width=\"1024\" height=\"683\" src=\"https:\/\/radioljubuski.ba\/wp-content\/uploads\/2022\/06\/IMG_4864-1024x683.jpg\" alt=\"\" data-id=\"153120\" data-full-url=\"https:\/\/radioljubuski.ba\/wp-content\/uploads\/2022\/06\/IMG_4864-scaled.jpg\" data-link=\"https:\/\/radioljubuski.ba\/?attachment_id=153120\" class=\"wp-image-153120\" srcset=\"https:\/\/radioljubuski.ba\/wp-content\/uploads\/2022\/06\/IMG_4864-1024x683.jpg 1024w, https:\/\/radioljubuski.ba\/wp-content\/uploads\/2022\/06\/IMG_4864-300x200.jpg 300w, https:\/\/radioljubuski.ba\/wp-content\/uploads\/2022\/06\/IMG_4864-768x512.jpg 768w, https:\/\/radioljubuski.ba\/wp-content\/uploads\/2022\/06\/IMG_4864-1536x1024.jpg 1536w, https:\/\/radioljubuski.ba\/wp-content\/uploads\/2022\/06\/IMG_4864-2048x1365.jpg 2048w, https:\/\/radioljubuski.ba\/wp-content\/uploads\/2022\/06\/IMG_4864-18x12.jpg 18w\" sizes=\"auto, (max-width: 1024px) 100vw, 1024px\" \/><\/figure><\/li><li class=\"blocks-gallery-item\"><figure><img loading=\"lazy\" decoding=\"async\" width=\"683\" height=\"1024\" src=\"https:\/\/radioljubuski.ba\/wp-content\/uploads\/2022\/06\/IMG_4889-683x1024.jpg\" alt=\"\" data-id=\"153121\" data-full-url=\"https:\/\/radioljubuski.ba\/wp-content\/uploads\/2022\/06\/IMG_4889-scaled.jpg\" data-link=\"https:\/\/radioljubuski.ba\/?attachment_id=153121\" class=\"wp-image-153121\" srcset=\"https:\/\/radioljubuski.ba\/wp-content\/uploads\/2022\/06\/IMG_4889-683x1024.jpg 683w, https:\/\/radioljubuski.ba\/wp-content\/uploads\/2022\/06\/IMG_4889-200x300.jpg 200w, https:\/\/radioljubuski.ba\/wp-content\/uploads\/2022\/06\/IMG_4889-768x1152.jpg 768w, https:\/\/radioljubuski.ba\/wp-content\/uploads\/2022\/06\/IMG_4889-1024x1536.jpg 1024w, https:\/\/radioljubuski.ba\/wp-content\/uploads\/2022\/06\/IMG_4889-1365x2048.jpg 1365w, https:\/\/radioljubuski.ba\/wp-content\/uploads\/2022\/06\/IMG_4889-8x12.jpg 8w, https:\/\/radioljubuski.ba\/wp-content\/uploads\/2022\/06\/IMG_4889-scaled.jpg 1707w\" sizes=\"auto, (max-width: 683px) 100vw, 683px\" \/><\/figure><\/li><li class=\"blocks-gallery-item\"><figure><img loading=\"lazy\" decoding=\"async\" width=\"1024\" height=\"683\" src=\"https:\/\/radioljubuski.ba\/wp-content\/uploads\/2022\/06\/IMG_4900-1024x683.jpg\" alt=\"\" data-id=\"153122\" data-full-url=\"https:\/\/radioljubuski.ba\/wp-content\/uploads\/2022\/06\/IMG_4900-scaled.jpg\" data-link=\"https:\/\/radioljubuski.ba\/?attachment_id=153122\" class=\"wp-image-153122\" srcset=\"https:\/\/radioljubuski.ba\/wp-content\/uploads\/2022\/06\/IMG_4900-1024x683.jpg 1024w, https:\/\/radioljubuski.ba\/wp-content\/uploads\/2022\/06\/IMG_4900-300x200.jpg 300w, https:\/\/radioljubuski.ba\/wp-content\/uploads\/2022\/06\/IMG_4900-768x512.jpg 768w, https:\/\/radioljubuski.ba\/wp-content\/uploads\/2022\/06\/IMG_4900-1536x1024.jpg 1536w, https:\/\/radioljubuski.ba\/wp-content\/uploads\/2022\/06\/IMG_4900-2048x1365.jpg 2048w, https:\/\/radioljubuski.ba\/wp-content\/uploads\/2022\/06\/IMG_4900-18x12.jpg 18w\" sizes=\"auto, (max-width: 1024px) 100vw, 1024px\" \/><\/figure><\/li><li class=\"blocks-gallery-item\"><figure><img loading=\"lazy\" decoding=\"async\" width=\"1024\" height=\"683\" src=\"https:\/\/radioljubuski.ba\/wp-content\/uploads\/2022\/06\/IMG_4918-1024x683.jpg\" alt=\"\" data-id=\"153123\" data-full-url=\"https:\/\/radioljubuski.ba\/wp-content\/uploads\/2022\/06\/IMG_4918-scaled.jpg\" data-link=\"https:\/\/radioljubuski.ba\/?attachment_id=153123\" class=\"wp-image-153123\" srcset=\"https:\/\/radioljubuski.ba\/wp-content\/uploads\/2022\/06\/IMG_4918-1024x683.jpg 1024w, https:\/\/radioljubuski.ba\/wp-content\/uploads\/2022\/06\/IMG_4918-300x200.jpg 300w, https:\/\/radioljubuski.ba\/wp-content\/uploads\/2022\/06\/IMG_4918-768x512.jpg 768w, https:\/\/radioljubuski.ba\/wp-content\/uploads\/2022\/06\/IMG_4918-1536x1024.jpg 1536w, https:\/\/radioljubuski.ba\/wp-content\/uploads\/2022\/06\/IMG_4918-2048x1365.jpg 2048w, https:\/\/radioljubuski.ba\/wp-content\/uploads\/2022\/06\/IMG_4918-18x12.jpg 18w\" sizes=\"auto, (max-width: 1024px) 100vw, 1024px\" \/><\/figure><\/li><li class=\"blocks-gallery-item\"><figure><img loading=\"lazy\" decoding=\"async\" width=\"1024\" height=\"683\" src=\"https:\/\/radioljubuski.ba\/wp-content\/uploads\/2022\/06\/IMG_4929-1024x683.jpg\" alt=\"\" data-id=\"153124\" data-full-url=\"https:\/\/radioljubuski.ba\/wp-content\/uploads\/2022\/06\/IMG_4929-scaled.jpg\" data-link=\"https:\/\/radioljubuski.ba\/?attachment_id=153124\" class=\"wp-image-153124\" srcset=\"https:\/\/radioljubuski.ba\/wp-content\/uploads\/2022\/06\/IMG_4929-1024x683.jpg 1024w, https:\/\/radioljubuski.ba\/wp-content\/uploads\/2022\/06\/IMG_4929-300x200.jpg 300w, https:\/\/radioljubuski.ba\/wp-content\/uploads\/2022\/06\/IMG_4929-768x512.jpg 768w, https:\/\/radioljubuski.ba\/wp-content\/uploads\/2022\/06\/IMG_4929-1536x1024.jpg 1536w, https:\/\/radioljubuski.ba\/wp-content\/uploads\/2022\/06\/IMG_4929-2048x1365.jpg 2048w, https:\/\/radioljubuski.ba\/wp-content\/uploads\/2022\/06\/IMG_4929-18x12.jpg 18w\" sizes=\"auto, (max-width: 1024px) 100vw, 1024px\" \/><\/figure><\/li><li class=\"blocks-gallery-item\"><figure><img loading=\"lazy\" decoding=\"async\" width=\"683\" height=\"1024\" src=\"https:\/\/radioljubuski.ba\/wp-content\/uploads\/2022\/06\/IMG_4949-683x1024.jpg\" alt=\"\" data-id=\"153125\" data-full-url=\"https:\/\/radioljubuski.ba\/wp-content\/uploads\/2022\/06\/IMG_4949-scaled.jpg\" data-link=\"https:\/\/radioljubuski.ba\/?attachment_id=153125\" class=\"wp-image-153125\" srcset=\"https:\/\/radioljubuski.ba\/wp-content\/uploads\/2022\/06\/IMG_4949-683x1024.jpg 683w, https:\/\/radioljubuski.ba\/wp-content\/uploads\/2022\/06\/IMG_4949-200x300.jpg 200w, https:\/\/radioljubuski.ba\/wp-content\/uploads\/2022\/06\/IMG_4949-768x1152.jpg 768w, https:\/\/radioljubuski.ba\/wp-content\/uploads\/2022\/06\/IMG_4949-1024x1536.jpg 1024w, https:\/\/radioljubuski.ba\/wp-content\/uploads\/2022\/06\/IMG_4949-1365x2048.jpg 1365w, https:\/\/radioljubuski.ba\/wp-content\/uploads\/2022\/06\/IMG_4949-8x12.jpg 8w, https:\/\/radioljubuski.ba\/wp-content\/uploads\/2022\/06\/IMG_4949-scaled.jpg 1707w\" sizes=\"auto, (max-width: 683px) 100vw, 683px\" \/><\/figure><\/li><li class=\"blocks-gallery-item\"><figure><img loading=\"lazy\" decoding=\"async\" width=\"683\" height=\"1024\" src=\"https:\/\/radioljubuski.ba\/wp-content\/uploads\/2022\/06\/IMG_4950-683x1024.jpg\" alt=\"\" data-id=\"153126\" data-full-url=\"https:\/\/radioljubuski.ba\/wp-content\/uploads\/2022\/06\/IMG_4950-scaled.jpg\" data-link=\"https:\/\/radioljubuski.ba\/?attachment_id=153126\" class=\"wp-image-153126\" srcset=\"https:\/\/radioljubuski.ba\/wp-content\/uploads\/2022\/06\/IMG_4950-683x1024.jpg 683w, https:\/\/radioljubuski.ba\/wp-content\/uploads\/2022\/06\/IMG_4950-200x300.jpg 200w, https:\/\/radioljubuski.ba\/wp-content\/uploads\/2022\/06\/IMG_4950-768x1152.jpg 768w, https:\/\/radioljubuski.ba\/wp-content\/uploads\/2022\/06\/IMG_4950-1024x1536.jpg 1024w, https:\/\/radioljubuski.ba\/wp-content\/uploads\/2022\/06\/IMG_4950-1365x2048.jpg 1365w, https:\/\/radioljubuski.ba\/wp-content\/uploads\/2022\/06\/IMG_4950-8x12.jpg 8w, https:\/\/radioljubuski.ba\/wp-content\/uploads\/2022\/06\/IMG_4950-scaled.jpg 1707w\" sizes=\"auto, (max-width: 683px) 100vw, 683px\" \/><\/figure><\/li><li class=\"blocks-gallery-item\"><figure><img loading=\"lazy\" decoding=\"async\" width=\"1024\" height=\"683\" src=\"https:\/\/radioljubuski.ba\/wp-content\/uploads\/2022\/06\/IMG_4963-1024x683.jpg\" alt=\"\" data-id=\"153127\" data-full-url=\"https:\/\/radioljubuski.ba\/wp-content\/uploads\/2022\/06\/IMG_4963-scaled.jpg\" data-link=\"https:\/\/radioljubuski.ba\/?attachment_id=153127\" class=\"wp-image-153127\" srcset=\"https:\/\/radioljubuski.ba\/wp-content\/uploads\/2022\/06\/IMG_4963-1024x683.jpg 1024w, https:\/\/radioljubuski.ba\/wp-content\/uploads\/2022\/06\/IMG_4963-300x200.jpg 300w, https:\/\/radioljubuski.ba\/wp-content\/uploads\/2022\/06\/IMG_4963-768x512.jpg 768w, https:\/\/radioljubuski.ba\/wp-content\/uploads\/2022\/06\/IMG_4963-1536x1024.jpg 1536w, https:\/\/radioljubuski.ba\/wp-content\/uploads\/2022\/06\/IMG_4963-2048x1365.jpg 2048w, https:\/\/radioljubuski.ba\/wp-content\/uploads\/2022\/06\/IMG_4963-18x12.jpg 18w\" sizes=\"auto, (max-width: 1024px) 100vw, 1024px\" \/><\/figure><\/li><li class=\"blocks-gallery-item\"><figure><img loading=\"lazy\" decoding=\"async\" width=\"683\" height=\"1024\" src=\"https:\/\/radioljubuski.ba\/wp-content\/uploads\/2022\/06\/IMG_4973-683x1024.jpg\" alt=\"\" data-id=\"153128\" data-full-url=\"https:\/\/radioljubuski.ba\/wp-content\/uploads\/2022\/06\/IMG_4973-scaled.jpg\" data-link=\"https:\/\/radioljubuski.ba\/?attachment_id=153128\" class=\"wp-image-153128\" srcset=\"https:\/\/radioljubuski.ba\/wp-content\/uploads\/2022\/06\/IMG_4973-683x1024.jpg 683w, https:\/\/radioljubuski.ba\/wp-content\/uploads\/2022\/06\/IMG_4973-200x300.jpg 200w, https:\/\/radioljubuski.ba\/wp-content\/uploads\/2022\/06\/IMG_4973-768x1152.jpg 768w, https:\/\/radioljubuski.ba\/wp-content\/uploads\/2022\/06\/IMG_4973-1024x1536.jpg 1024w, https:\/\/radioljubuski.ba\/wp-content\/uploads\/2022\/06\/IMG_4973-1365x2048.jpg 1365w, https:\/\/radioljubuski.ba\/wp-content\/uploads\/2022\/06\/IMG_4973-8x12.jpg 8w, https:\/\/radioljubuski.ba\/wp-content\/uploads\/2022\/06\/IMG_4973-scaled.jpg 1707w\" sizes=\"auto, (max-width: 683px) 100vw, 683px\" \/><\/figure><\/li><li class=\"blocks-gallery-item\"><figure><img loading=\"lazy\" decoding=\"async\" width=\"683\" height=\"1024\" src=\"https:\/\/radioljubuski.ba\/wp-content\/uploads\/2022\/06\/IMG_5011-683x1024.jpg\" alt=\"\" data-id=\"153130\" data-full-url=\"https:\/\/radioljubuski.ba\/wp-content\/uploads\/2022\/06\/IMG_5011-scaled.jpg\" data-link=\"https:\/\/radioljubuski.ba\/?attachment_id=153130\" class=\"wp-image-153130\" srcset=\"https:\/\/radioljubuski.ba\/wp-content\/uploads\/2022\/06\/IMG_5011-683x1024.jpg 683w, https:\/\/radioljubuski.ba\/wp-content\/uploads\/2022\/06\/IMG_5011-200x300.jpg 200w, https:\/\/radioljubuski.ba\/wp-content\/uploads\/2022\/06\/IMG_5011-768x1152.jpg 768w, https:\/\/radioljubuski.ba\/wp-content\/uploads\/2022\/06\/IMG_5011-1024x1536.jpg 1024w, https:\/\/radioljubuski.ba\/wp-content\/uploads\/2022\/06\/IMG_5011-1365x2048.jpg 1365w, https:\/\/radioljubuski.ba\/wp-content\/uploads\/2022\/06\/IMG_5011-8x12.jpg 8w, https:\/\/radioljubuski.ba\/wp-content\/uploads\/2022\/06\/IMG_5011-scaled.jpg 1707w\" sizes=\"auto, (max-width: 683px) 100vw, 683px\" \/><\/figure><\/li><li class=\"blocks-gallery-item\"><figure><img loading=\"lazy\" decoding=\"async\" width=\"683\" height=\"1024\" src=\"https:\/\/radioljubuski.ba\/wp-content\/uploads\/2022\/06\/IMG_5013-683x1024.jpg\" alt=\"\" data-id=\"153131\" data-full-url=\"https:\/\/radioljubuski.ba\/wp-content\/uploads\/2022\/06\/IMG_5013-scaled.jpg\" data-link=\"https:\/\/radioljubuski.ba\/?attachment_id=153131\" class=\"wp-image-153131\" srcset=\"https:\/\/radioljubuski.ba\/wp-content\/uploads\/2022\/06\/IMG_5013-683x1024.jpg 683w, https:\/\/radioljubuski.ba\/wp-content\/uploads\/2022\/06\/IMG_5013-200x300.jpg 200w, https:\/\/radioljubuski.ba\/wp-content\/uploads\/2022\/06\/IMG_5013-768x1152.jpg 768w, https:\/\/radioljubuski.ba\/wp-content\/uploads\/2022\/06\/IMG_5013-1024x1536.jpg 1024w, https:\/\/radioljubuski.ba\/wp-content\/uploads\/2022\/06\/IMG_5013-1365x2048.jpg 1365w, https:\/\/radioljubuski.ba\/wp-content\/uploads\/2022\/06\/IMG_5013-8x12.jpg 8w, https:\/\/radioljubuski.ba\/wp-content\/uploads\/2022\/06\/IMG_5013-scaled.jpg 1707w\" sizes=\"auto, (max-width: 683px) 100vw, 683px\" \/><\/figure><\/li><li class=\"blocks-gallery-item\"><figure><img loading=\"lazy\" decoding=\"async\" width=\"683\" height=\"1024\" src=\"https:\/\/radioljubuski.ba\/wp-content\/uploads\/2022\/06\/IMG_5019-683x1024.jpg\" alt=\"\" data-id=\"153132\" data-full-url=\"https:\/\/radioljubuski.ba\/wp-content\/uploads\/2022\/06\/IMG_5019-scaled.jpg\" data-link=\"https:\/\/radioljubuski.ba\/?attachment_id=153132\" class=\"wp-image-153132\" srcset=\"https:\/\/radioljubuski.ba\/wp-content\/uploads\/2022\/06\/IMG_5019-683x1024.jpg 683w, https:\/\/radioljubuski.ba\/wp-content\/uploads\/2022\/06\/IMG_5019-200x300.jpg 200w, https:\/\/radioljubuski.ba\/wp-content\/uploads\/2022\/06\/IMG_5019-768x1152.jpg 768w, https:\/\/radioljubuski.ba\/wp-content\/uploads\/2022\/06\/IMG_5019-1024x1536.jpg 1024w, https:\/\/radioljubuski.ba\/wp-content\/uploads\/2022\/06\/IMG_5019-1365x2048.jpg 1365w, https:\/\/radioljubuski.ba\/wp-content\/uploads\/2022\/06\/IMG_5019-8x12.jpg 8w, https:\/\/radioljubuski.ba\/wp-content\/uploads\/2022\/06\/IMG_5019-scaled.jpg 1707w\" sizes=\"auto, (max-width: 683px) 100vw, 683px\" \/><\/figure><\/li><li class=\"blocks-gallery-item\"><figure><img loading=\"lazy\" decoding=\"async\" width=\"683\" height=\"1024\" src=\"https:\/\/radioljubuski.ba\/wp-content\/uploads\/2022\/06\/IMG_5029-683x1024.jpg\" alt=\"\" data-id=\"153133\" data-full-url=\"https:\/\/radioljubuski.ba\/wp-content\/uploads\/2022\/06\/IMG_5029-scaled.jpg\" data-link=\"https:\/\/radioljubuski.ba\/?attachment_id=153133\" class=\"wp-image-153133\" srcset=\"https:\/\/radioljubuski.ba\/wp-content\/uploads\/2022\/06\/IMG_5029-683x1024.jpg 683w, https:\/\/radioljubuski.ba\/wp-content\/uploads\/2022\/06\/IMG_5029-200x300.jpg 200w, https:\/\/radioljubuski.ba\/wp-content\/uploads\/2022\/06\/IMG_5029-768x1152.jpg 768w, https:\/\/radioljubuski.ba\/wp-content\/uploads\/2022\/06\/IMG_5029-1024x1536.jpg 1024w, https:\/\/radioljubuski.ba\/wp-content\/uploads\/2022\/06\/IMG_5029-1365x2048.jpg 1365w, https:\/\/radioljubuski.ba\/wp-content\/uploads\/2022\/06\/IMG_5029-8x12.jpg 8w, https:\/\/radioljubuski.ba\/wp-content\/uploads\/2022\/06\/IMG_5029-scaled.jpg 1707w\" sizes=\"auto, (max-width: 683px) 100vw, 683px\" \/><\/figure><\/li><li class=\"blocks-gallery-item\"><figure><img loading=\"lazy\" decoding=\"async\" width=\"683\" height=\"1024\" src=\"https:\/\/radioljubuski.ba\/wp-content\/uploads\/2022\/06\/IMG_5031-683x1024.jpg\" alt=\"\" data-id=\"153134\" data-full-url=\"https:\/\/radioljubuski.ba\/wp-content\/uploads\/2022\/06\/IMG_5031-scaled.jpg\" data-link=\"https:\/\/radioljubuski.ba\/?attachment_id=153134\" class=\"wp-image-153134\" srcset=\"https:\/\/radioljubuski.ba\/wp-content\/uploads\/2022\/06\/IMG_5031-683x1024.jpg 683w, https:\/\/radioljubuski.ba\/wp-content\/uploads\/2022\/06\/IMG_5031-200x300.jpg 200w, https:\/\/radioljubuski.ba\/wp-content\/uploads\/2022\/06\/IMG_5031-768x1152.jpg 768w, https:\/\/radioljubuski.ba\/wp-content\/uploads\/2022\/06\/IMG_5031-1024x1536.jpg 1024w, https:\/\/radioljubuski.ba\/wp-content\/uploads\/2022\/06\/IMG_5031-1365x2048.jpg 1365w, https:\/\/radioljubuski.ba\/wp-content\/uploads\/2022\/06\/IMG_5031-8x12.jpg 8w, https:\/\/radioljubuski.ba\/wp-content\/uploads\/2022\/06\/IMG_5031-scaled.jpg 1707w\" sizes=\"auto, (max-width: 683px) 100vw, 683px\" \/><\/figure><\/li><li class=\"blocks-gallery-item\"><figure><img loading=\"lazy\" decoding=\"async\" width=\"683\" height=\"1024\" src=\"https:\/\/radioljubuski.ba\/wp-content\/uploads\/2022\/06\/IMG_5041-683x1024.jpg\" alt=\"\" data-id=\"153135\" data-full-url=\"https:\/\/radioljubuski.ba\/wp-content\/uploads\/2022\/06\/IMG_5041-scaled.jpg\" data-link=\"https:\/\/radioljubuski.ba\/?attachment_id=153135\" class=\"wp-image-153135\" srcset=\"https:\/\/radioljubuski.ba\/wp-content\/uploads\/2022\/06\/IMG_5041-683x1024.jpg 683w, https:\/\/radioljubuski.ba\/wp-content\/uploads\/2022\/06\/IMG_5041-200x300.jpg 200w, https:\/\/radioljubuski.ba\/wp-content\/uploads\/2022\/06\/IMG_5041-768x1152.jpg 768w, https:\/\/radioljubuski.ba\/wp-content\/uploads\/2022\/06\/IMG_5041-1024x1536.jpg 1024w, https:\/\/radioljubuski.ba\/wp-content\/uploads\/2022\/06\/IMG_5041-1365x2048.jpg 1365w, https:\/\/radioljubuski.ba\/wp-content\/uploads\/2022\/06\/IMG_5041-8x12.jpg 8w, https:\/\/radioljubuski.ba\/wp-content\/uploads\/2022\/06\/IMG_5041-scaled.jpg 1707w\" sizes=\"auto, (max-width: 683px) 100vw, 683px\" \/><\/figure><\/li><li class=\"blocks-gallery-item\"><figure><img loading=\"lazy\" decoding=\"async\" width=\"1024\" height=\"683\" src=\"https:\/\/radioljubuski.ba\/wp-content\/uploads\/2022\/06\/IMG_5049-1024x683.jpg\" alt=\"\" data-id=\"153136\" data-full-url=\"https:\/\/radioljubuski.ba\/wp-content\/uploads\/2022\/06\/IMG_5049-scaled.jpg\" data-link=\"https:\/\/radioljubuski.ba\/?attachment_id=153136\" class=\"wp-image-153136\" srcset=\"https:\/\/radioljubuski.ba\/wp-content\/uploads\/2022\/06\/IMG_5049-1024x683.jpg 1024w, https:\/\/radioljubuski.ba\/wp-content\/uploads\/2022\/06\/IMG_5049-300x200.jpg 300w, https:\/\/radioljubuski.ba\/wp-content\/uploads\/2022\/06\/IMG_5049-768x512.jpg 768w, https:\/\/radioljubuski.ba\/wp-content\/uploads\/2022\/06\/IMG_5049-1536x1024.jpg 1536w, https:\/\/radioljubuski.ba\/wp-content\/uploads\/2022\/06\/IMG_5049-2048x1365.jpg 2048w, https:\/\/radioljubuski.ba\/wp-content\/uploads\/2022\/06\/IMG_5049-18x12.jpg 18w\" sizes=\"auto, (max-width: 1024px) 100vw, 1024px\" \/><\/figure><\/li><li class=\"blocks-gallery-item\"><figure><img loading=\"lazy\" decoding=\"async\" width=\"683\" height=\"1024\" src=\"https:\/\/radioljubuski.ba\/wp-content\/uploads\/2022\/06\/IMG_5053-683x1024.jpg\" alt=\"\" data-id=\"153137\" data-full-url=\"https:\/\/radioljubuski.ba\/wp-content\/uploads\/2022\/06\/IMG_5053-scaled.jpg\" data-link=\"https:\/\/radioljubuski.ba\/?attachment_id=153137\" class=\"wp-image-153137\" srcset=\"https:\/\/radioljubuski.ba\/wp-content\/uploads\/2022\/06\/IMG_5053-683x1024.jpg 683w, https:\/\/radioljubuski.ba\/wp-content\/uploads\/2022\/06\/IMG_5053-200x300.jpg 200w, https:\/\/radioljubuski.ba\/wp-content\/uploads\/2022\/06\/IMG_5053-768x1152.jpg 768w, https:\/\/radioljubuski.ba\/wp-content\/uploads\/2022\/06\/IMG_5053-1024x1536.jpg 1024w, https:\/\/radioljubuski.ba\/wp-content\/uploads\/2022\/06\/IMG_5053-1365x2048.jpg 1365w, https:\/\/radioljubuski.ba\/wp-content\/uploads\/2022\/06\/IMG_5053-8x12.jpg 8w, https:\/\/radioljubuski.ba\/wp-content\/uploads\/2022\/06\/IMG_5053-scaled.jpg 1707w\" sizes=\"auto, (max-width: 683px) 100vw, 683px\" \/><\/figure><\/li><li class=\"blocks-gallery-item\"><figure><img loading=\"lazy\" decoding=\"async\" width=\"1024\" height=\"683\" src=\"https:\/\/radioljubuski.ba\/wp-content\/uploads\/2022\/06\/IMG_5070-1024x683.jpg\" alt=\"\" data-id=\"153138\" data-full-url=\"https:\/\/radioljubuski.ba\/wp-content\/uploads\/2022\/06\/IMG_5070-scaled.jpg\" data-link=\"https:\/\/radioljubuski.ba\/?attachment_id=153138\" class=\"wp-image-153138\" srcset=\"https:\/\/radioljubuski.ba\/wp-content\/uploads\/2022\/06\/IMG_5070-1024x683.jpg 1024w, https:\/\/radioljubuski.ba\/wp-content\/uploads\/2022\/06\/IMG_5070-300x200.jpg 300w, https:\/\/radioljubuski.ba\/wp-content\/uploads\/2022\/06\/IMG_5070-768x512.jpg 768w, https:\/\/radioljubuski.ba\/wp-content\/uploads\/2022\/06\/IMG_5070-1536x1024.jpg 1536w, https:\/\/radioljubuski.ba\/wp-content\/uploads\/2022\/06\/IMG_5070-2048x1365.jpg 2048w, https:\/\/radioljubuski.ba\/wp-content\/uploads\/2022\/06\/IMG_5070-18x12.jpg 18w\" sizes=\"auto, (max-width: 1024px) 100vw, 1024px\" \/><\/figure><\/li><li class=\"blocks-gallery-item\"><figure><img loading=\"lazy\" decoding=\"async\" width=\"683\" height=\"1024\" src=\"https:\/\/radioljubuski.ba\/wp-content\/uploads\/2022\/06\/IMG_5075-683x1024.jpg\" alt=\"\" data-id=\"153139\" data-full-url=\"https:\/\/radioljubuski.ba\/wp-content\/uploads\/2022\/06\/IMG_5075-scaled.jpg\" data-link=\"https:\/\/radioljubuski.ba\/?attachment_id=153139\" class=\"wp-image-153139\" srcset=\"https:\/\/radioljubuski.ba\/wp-content\/uploads\/2022\/06\/IMG_5075-683x1024.jpg 683w, https:\/\/radioljubuski.ba\/wp-content\/uploads\/2022\/06\/IMG_5075-200x300.jpg 200w, https:\/\/radioljubuski.ba\/wp-content\/uploads\/2022\/06\/IMG_5075-768x1152.jpg 768w, https:\/\/radioljubuski.ba\/wp-content\/uploads\/2022\/06\/IMG_5075-1024x1536.jpg 1024w, https:\/\/radioljubuski.ba\/wp-content\/uploads\/2022\/06\/IMG_5075-1365x2048.jpg 1365w, https:\/\/radioljubuski.ba\/wp-content\/uploads\/2022\/06\/IMG_5075-8x12.jpg 8w, https:\/\/radioljubuski.ba\/wp-content\/uploads\/2022\/06\/IMG_5075-scaled.jpg 1707w\" sizes=\"auto, (max-width: 683px) 100vw, 683px\" \/><\/figure><\/li><li class=\"blocks-gallery-item\"><figure><img loading=\"lazy\" decoding=\"async\" width=\"683\" height=\"1024\" src=\"https:\/\/radioljubuski.ba\/wp-content\/uploads\/2022\/06\/IMG_5076-683x1024.jpg\" alt=\"\" data-id=\"153140\" data-full-url=\"https:\/\/radioljubuski.ba\/wp-content\/uploads\/2022\/06\/IMG_5076-scaled.jpg\" data-link=\"https:\/\/radioljubuski.ba\/?attachment_id=153140\" class=\"wp-image-153140\" srcset=\"https:\/\/radioljubuski.ba\/wp-content\/uploads\/2022\/06\/IMG_5076-683x1024.jpg 683w, https:\/\/radioljubuski.ba\/wp-content\/uploads\/2022\/06\/IMG_5076-200x300.jpg 200w, https:\/\/radioljubuski.ba\/wp-content\/uploads\/2022\/06\/IMG_5076-768x1152.jpg 768w, https:\/\/radioljubuski.ba\/wp-content\/uploads\/2022\/06\/IMG_5076-1024x1536.jpg 1024w, https:\/\/radioljubuski.ba\/wp-content\/uploads\/2022\/06\/IMG_5076-1365x2048.jpg 1365w, https:\/\/radioljubuski.ba\/wp-content\/uploads\/2022\/06\/IMG_5076-8x12.jpg 8w, https:\/\/radioljubuski.ba\/wp-content\/uploads\/2022\/06\/IMG_5076-scaled.jpg 1707w\" sizes=\"auto, (max-width: 683px) 100vw, 683px\" \/><\/figure><\/li><li class=\"blocks-gallery-item\"><figure><img loading=\"lazy\" decoding=\"async\" width=\"1024\" height=\"683\" src=\"https:\/\/radioljubuski.ba\/wp-content\/uploads\/2022\/06\/IMG_5084-1024x683.jpg\" alt=\"\" data-id=\"153141\" data-full-url=\"https:\/\/radioljubuski.ba\/wp-content\/uploads\/2022\/06\/IMG_5084-scaled.jpg\" data-link=\"https:\/\/radioljubuski.ba\/?attachment_id=153141\" class=\"wp-image-153141\" srcset=\"https:\/\/radioljubuski.ba\/wp-content\/uploads\/2022\/06\/IMG_5084-1024x683.jpg 1024w, https:\/\/radioljubuski.ba\/wp-content\/uploads\/2022\/06\/IMG_5084-300x200.jpg 300w, https:\/\/radioljubuski.ba\/wp-content\/uploads\/2022\/06\/IMG_5084-768x512.jpg 768w, https:\/\/radioljubuski.ba\/wp-content\/uploads\/2022\/06\/IMG_5084-1536x1024.jpg 1536w, https:\/\/radioljubuski.ba\/wp-content\/uploads\/2022\/06\/IMG_5084-2048x1365.jpg 2048w, https:\/\/radioljubuski.ba\/wp-content\/uploads\/2022\/06\/IMG_5084-18x12.jpg 18w\" sizes=\"auto, (max-width: 1024px) 100vw, 1024px\" \/><\/figure><\/li><li class=\"blocks-gallery-item\"><figure><img loading=\"lazy\" decoding=\"async\" width=\"683\" height=\"1024\" src=\"https:\/\/radioljubuski.ba\/wp-content\/uploads\/2022\/06\/IMG_5098-683x1024.jpg\" alt=\"\" data-id=\"153142\" data-full-url=\"https:\/\/radioljubuski.ba\/wp-content\/uploads\/2022\/06\/IMG_5098-scaled.jpg\" data-link=\"https:\/\/radioljubuski.ba\/?attachment_id=153142\" class=\"wp-image-153142\" srcset=\"https:\/\/radioljubuski.ba\/wp-content\/uploads\/2022\/06\/IMG_5098-683x1024.jpg 683w, https:\/\/radioljubuski.ba\/wp-content\/uploads\/2022\/06\/IMG_5098-200x300.jpg 200w, https:\/\/radioljubuski.ba\/wp-content\/uploads\/2022\/06\/IMG_5098-768x1152.jpg 768w, https:\/\/radioljubuski.ba\/wp-content\/uploads\/2022\/06\/IMG_5098-1024x1536.jpg 1024w, https:\/\/radioljubuski.ba\/wp-content\/uploads\/2022\/06\/IMG_5098-1365x2048.jpg 1365w, https:\/\/radioljubuski.ba\/wp-content\/uploads\/2022\/06\/IMG_5098-8x12.jpg 8w, https:\/\/radioljubuski.ba\/wp-content\/uploads\/2022\/06\/IMG_5098-scaled.jpg 1707w\" sizes=\"auto, (max-width: 683px) 100vw, 683px\" \/><\/figure><\/li><li class=\"blocks-gallery-item\"><figure><img loading=\"lazy\" decoding=\"async\" width=\"1024\" height=\"765\" src=\"https:\/\/radioljubuski.ba\/wp-content\/uploads\/2022\/06\/WhatsApp-Image-2022-06-24-at-21.05.44-1024x765.jpeg\" alt=\"\" data-id=\"153143\" data-full-url=\"https:\/\/radioljubuski.ba\/wp-content\/uploads\/2022\/06\/WhatsApp-Image-2022-06-24-at-21.05.44.jpeg\" data-link=\"https:\/\/radioljubuski.ba\/?attachment_id=153143\" class=\"wp-image-153143\" srcset=\"https:\/\/radioljubuski.ba\/wp-content\/uploads\/2022\/06\/WhatsApp-Image-2022-06-24-at-21.05.44-1024x765.jpeg 1024w, https:\/\/radioljubuski.ba\/wp-content\/uploads\/2022\/06\/WhatsApp-Image-2022-06-24-at-21.05.44-300x224.jpeg 300w, https:\/\/radioljubuski.ba\/wp-content\/uploads\/2022\/06\/WhatsApp-Image-2022-06-24-at-21.05.44-768x574.jpeg 768w, https:\/\/radioljubuski.ba\/wp-content\/uploads\/2022\/06\/WhatsApp-Image-2022-06-24-at-21.05.44-1536x1148.jpeg 1536w, https:\/\/radioljubuski.ba\/wp-content\/uploads\/2022\/06\/WhatsApp-Image-2022-06-24-at-21.05.44-16x12.jpeg 16w, https:\/\/radioljubuski.ba\/wp-content\/uploads\/2022\/06\/WhatsApp-Image-2022-06-24-at-21.05.44.jpeg 1600w\" sizes=\"auto, (max-width: 1024px) 100vw, 1024px\" \/><\/figure><\/li><li class=\"blocks-gallery-item\"><figure><img loading=\"lazy\" decoding=\"async\" width=\"1024\" height=\"765\" src=\"https:\/\/radioljubuski.ba\/wp-content\/uploads\/2022\/06\/WhatsApp-Image-2022-06-24-at-21.05.46-1024x765.jpeg\" alt=\"\" data-id=\"153144\" data-full-url=\"https:\/\/radioljubuski.ba\/wp-content\/uploads\/2022\/06\/WhatsApp-Image-2022-06-24-at-21.05.46.jpeg\" data-link=\"https:\/\/radioljubuski.ba\/?attachment_id=153144\" class=\"wp-image-153144\" srcset=\"https:\/\/radioljubuski.ba\/wp-content\/uploads\/2022\/06\/WhatsApp-Image-2022-06-24-at-21.05.46-1024x765.jpeg 1024w, https:\/\/radioljubuski.ba\/wp-content\/uploads\/2022\/06\/WhatsApp-Image-2022-06-24-at-21.05.46-300x224.jpeg 300w, https:\/\/radioljubuski.ba\/wp-content\/uploads\/2022\/06\/WhatsApp-Image-2022-06-24-at-21.05.46-768x574.jpeg 768w, https:\/\/radioljubuski.ba\/wp-content\/uploads\/2022\/06\/WhatsApp-Image-2022-06-24-at-21.05.46-1536x1148.jpeg 1536w, https:\/\/radioljubuski.ba\/wp-content\/uploads\/2022\/06\/WhatsApp-Image-2022-06-24-at-21.05.46-16x12.jpeg 16w, https:\/\/radioljubuski.ba\/wp-content\/uploads\/2022\/06\/WhatsApp-Image-2022-06-24-at-21.05.46.jpeg 1600w\" sizes=\"auto, (max-width: 1024px) 100vw, 1024px\" \/><\/figure><\/li><li class=\"blocks-gallery-item\"><figure><img loading=\"lazy\" decoding=\"async\" width=\"1024\" height=\"765\" src=\"https:\/\/radioljubuski.ba\/wp-content\/uploads\/2022\/06\/WhatsApp-Image-2022-06-24-at-21.05.53-1024x765.jpeg\" alt=\"\" data-id=\"153150\" data-full-url=\"https:\/\/radioljubuski.ba\/wp-content\/uploads\/2022\/06\/WhatsApp-Image-2022-06-24-at-21.05.53.jpeg\" data-link=\"https:\/\/radioljubuski.ba\/?attachment_id=153150\" class=\"wp-image-153150\" srcset=\"https:\/\/radioljubuski.ba\/wp-content\/uploads\/2022\/06\/WhatsApp-Image-2022-06-24-at-21.05.53-1024x765.jpeg 1024w, https:\/\/radioljubuski.ba\/wp-content\/uploads\/2022\/06\/WhatsApp-Image-2022-06-24-at-21.05.53-300x224.jpeg 300w, https:\/\/radioljubuski.ba\/wp-content\/uploads\/2022\/06\/WhatsApp-Image-2022-06-24-at-21.05.53-768x574.jpeg 768w, https:\/\/radioljubuski.ba\/wp-content\/uploads\/2022\/06\/WhatsApp-Image-2022-06-24-at-21.05.53-1536x1148.jpeg 1536w, https:\/\/radioljubuski.ba\/wp-content\/uploads\/2022\/06\/WhatsApp-Image-2022-06-24-at-21.05.53-16x12.jpeg 16w, https:\/\/radioljubuski.ba\/wp-content\/uploads\/2022\/06\/WhatsApp-Image-2022-06-24-at-21.05.53.jpeg 1600w\" sizes=\"auto, (max-width: 1024px) 100vw, 1024px\" \/><\/figure><\/li><li class=\"blocks-gallery-item\"><figure><img loading=\"lazy\" decoding=\"async\" width=\"1024\" height=\"765\" src=\"https:\/\/radioljubuski.ba\/wp-content\/uploads\/2022\/06\/WhatsApp-Image-2022-06-24-at-21.05.54-1024x765.jpeg\" alt=\"\" data-id=\"153151\" data-full-url=\"https:\/\/radioljubuski.ba\/wp-content\/uploads\/2022\/06\/WhatsApp-Image-2022-06-24-at-21.05.54.jpeg\" data-link=\"https:\/\/radioljubuski.ba\/?attachment_id=153151\" class=\"wp-image-153151\" srcset=\"https:\/\/radioljubuski.ba\/wp-content\/uploads\/2022\/06\/WhatsApp-Image-2022-06-24-at-21.05.54-1024x765.jpeg 1024w, https:\/\/radioljubuski.ba\/wp-content\/uploads\/2022\/06\/WhatsApp-Image-2022-06-24-at-21.05.54-300x224.jpeg 300w, https:\/\/radioljubuski.ba\/wp-content\/uploads\/2022\/06\/WhatsApp-Image-2022-06-24-at-21.05.54-768x574.jpeg 768w, https:\/\/radioljubuski.ba\/wp-content\/uploads\/2022\/06\/WhatsApp-Image-2022-06-24-at-21.05.54-1536x1148.jpeg 1536w, https:\/\/radioljubuski.ba\/wp-content\/uploads\/2022\/06\/WhatsApp-Image-2022-06-24-at-21.05.54-16x12.jpeg 16w, https:\/\/radioljubuski.ba\/wp-content\/uploads\/2022\/06\/WhatsApp-Image-2022-06-24-at-21.05.54.jpeg 1600w\" sizes=\"auto, (max-width: 1024px) 100vw, 1024px\" \/><\/figure><\/li><li class=\"blocks-gallery-item\"><figure><img loading=\"lazy\" decoding=\"async\" width=\"1024\" height=\"765\" src=\"https:\/\/radioljubuski.ba\/wp-content\/uploads\/2022\/06\/WhatsApp-Image-2022-06-24-at-21.05.55-1-1024x765.jpeg\" alt=\"\" data-id=\"153152\" data-full-url=\"https:\/\/radioljubuski.ba\/wp-content\/uploads\/2022\/06\/WhatsApp-Image-2022-06-24-at-21.05.55-1.jpeg\" data-link=\"https:\/\/radioljubuski.ba\/?attachment_id=153152\" class=\"wp-image-153152\" srcset=\"https:\/\/radioljubuski.ba\/wp-content\/uploads\/2022\/06\/WhatsApp-Image-2022-06-24-at-21.05.55-1-1024x765.jpeg 1024w, https:\/\/radioljubuski.ba\/wp-content\/uploads\/2022\/06\/WhatsApp-Image-2022-06-24-at-21.05.55-1-300x224.jpeg 300w, https:\/\/radioljubuski.ba\/wp-content\/uploads\/2022\/06\/WhatsApp-Image-2022-06-24-at-21.05.55-1-768x574.jpeg 768w, https:\/\/radioljubuski.ba\/wp-content\/uploads\/2022\/06\/WhatsApp-Image-2022-06-24-at-21.05.55-1-1536x1148.jpeg 1536w, https:\/\/radioljubuski.ba\/wp-content\/uploads\/2022\/06\/WhatsApp-Image-2022-06-24-at-21.05.55-1-16x12.jpeg 16w, https:\/\/radioljubuski.ba\/wp-content\/uploads\/2022\/06\/WhatsApp-Image-2022-06-24-at-21.05.55-1.jpeg 1600w\" sizes=\"auto, (max-width: 1024px) 100vw, 1024px\" \/><\/figure><\/li><li class=\"blocks-gallery-item\"><figure><img loading=\"lazy\" decoding=\"async\" width=\"1024\" height=\"765\" src=\"https:\/\/radioljubuski.ba\/wp-content\/uploads\/2022\/06\/WhatsApp-Image-2022-06-24-at-21.05.55-1024x765.jpeg\" alt=\"\" data-id=\"153153\" data-full-url=\"https:\/\/radioljubuski.ba\/wp-content\/uploads\/2022\/06\/WhatsApp-Image-2022-06-24-at-21.05.55.jpeg\" data-link=\"https:\/\/radioljubuski.ba\/?attachment_id=153153\" class=\"wp-image-153153\" srcset=\"https:\/\/radioljubuski.ba\/wp-content\/uploads\/2022\/06\/WhatsApp-Image-2022-06-24-at-21.05.55-1024x765.jpeg 1024w, https:\/\/radioljubuski.ba\/wp-content\/uploads\/2022\/06\/WhatsApp-Image-2022-06-24-at-21.05.55-300x224.jpeg 300w, https:\/\/radioljubuski.ba\/wp-content\/uploads\/2022\/06\/WhatsApp-Image-2022-06-24-at-21.05.55-768x574.jpeg 768w, https:\/\/radioljubuski.ba\/wp-content\/uploads\/2022\/06\/WhatsApp-Image-2022-06-24-at-21.05.55-1536x1148.jpeg 1536w, https:\/\/radioljubuski.ba\/wp-content\/uploads\/2022\/06\/WhatsApp-Image-2022-06-24-at-21.05.55-16x12.jpeg 16w, https:\/\/radioljubuski.ba\/wp-content\/uploads\/2022\/06\/WhatsApp-Image-2022-06-24-at-21.05.55.jpeg 1600w\" sizes=\"auto, (max-width: 1024px) 100vw, 1024px\" \/><\/figure><\/li><li class=\"blocks-gallery-item\"><figure><img loading=\"lazy\" decoding=\"async\" width=\"1024\" height=\"765\" src=\"https:\/\/radioljubuski.ba\/wp-content\/uploads\/2022\/06\/WhatsApp-Image-2022-06-24-at-21.05.56-1-1024x765.jpeg\" alt=\"\" data-id=\"153154\" data-full-url=\"https:\/\/radioljubuski.ba\/wp-content\/uploads\/2022\/06\/WhatsApp-Image-2022-06-24-at-21.05.56-1.jpeg\" data-link=\"https:\/\/radioljubuski.ba\/?attachment_id=153154\" class=\"wp-image-153154\" srcset=\"https:\/\/radioljubuski.ba\/wp-content\/uploads\/2022\/06\/WhatsApp-Image-2022-06-24-at-21.05.56-1-1024x765.jpeg 1024w, https:\/\/radioljubuski.ba\/wp-content\/uploads\/2022\/06\/WhatsApp-Image-2022-06-24-at-21.05.56-1-300x224.jpeg 300w, https:\/\/radioljubuski.ba\/wp-content\/uploads\/2022\/06\/WhatsApp-Image-2022-06-24-at-21.05.56-1-768x574.jpeg 768w, https:\/\/radioljubuski.ba\/wp-content\/uploads\/2022\/06\/WhatsApp-Image-2022-06-24-at-21.05.56-1-1536x1148.jpeg 1536w, https:\/\/radioljubuski.ba\/wp-content\/uploads\/2022\/06\/WhatsApp-Image-2022-06-24-at-21.05.56-1-16x12.jpeg 16w, https:\/\/radioljubuski.ba\/wp-content\/uploads\/2022\/06\/WhatsApp-Image-2022-06-24-at-21.05.56-1.jpeg 1600w\" sizes=\"auto, (max-width: 1024px) 100vw, 1024px\" \/><\/figure><\/li><li class=\"blocks-gallery-item\"><figure><img loading=\"lazy\" decoding=\"async\" width=\"1024\" height=\"765\" src=\"https:\/\/radioljubuski.ba\/wp-content\/uploads\/2022\/06\/WhatsApp-Image-2022-06-24-at-21.05.56-2-1024x765.jpeg\" alt=\"\" data-id=\"153155\" data-full-url=\"https:\/\/radioljubuski.ba\/wp-content\/uploads\/2022\/06\/WhatsApp-Image-2022-06-24-at-21.05.56-2.jpeg\" data-link=\"https:\/\/radioljubuski.ba\/?attachment_id=153155\" class=\"wp-image-153155\" srcset=\"https:\/\/radioljubuski.ba\/wp-content\/uploads\/2022\/06\/WhatsApp-Image-2022-06-24-at-21.05.56-2-1024x765.jpeg 1024w, https:\/\/radioljubuski.ba\/wp-content\/uploads\/2022\/06\/WhatsApp-Image-2022-06-24-at-21.05.56-2-300x224.jpeg 300w, https:\/\/radioljubuski.ba\/wp-content\/uploads\/2022\/06\/WhatsApp-Image-2022-06-24-at-21.05.56-2-768x574.jpeg 768w, https:\/\/radioljubuski.ba\/wp-content\/uploads\/2022\/06\/WhatsApp-Image-2022-06-24-at-21.05.56-2-1536x1148.jpeg 1536w, https:\/\/radioljubuski.ba\/wp-content\/uploads\/2022\/06\/WhatsApp-Image-2022-06-24-at-21.05.56-2-16x12.jpeg 16w, https:\/\/radioljubuski.ba\/wp-content\/uploads\/2022\/06\/WhatsApp-Image-2022-06-24-at-21.05.56-2.jpeg 1600w\" sizes=\"auto, (max-width: 1024px) 100vw, 1024px\" \/><\/figure><\/li><\/ul><\/figure>\n\n\n\n<p>Gordana Ili\u0107&nbsp;\/ Radio Ljubu\u0161ki<\/p>\n","protected":false},"excerpt":{"rendered":"<p>Vjernici \u017eupe Presvetog Srca Isusova u Studencima i mnogobrojni hodo\u010dasnici, koji su pristizali sa svih strana, devet su dana hodili u sveti\u0161te na pobo\u017enost Srcu Isusovu i na svete Mise devetnice. Na sam blagdan u sveti\u0161tu su slavljene \u010detiri svete Mise, tri prije podne, prvu je slavio fra Marin Kara\u010di\u0107, te dvojica doma\u0107ih sve\u0107enika don [&hellip;]<\/p>\n","protected":false},"author":2,"featured_media":153129,"comment_status":"closed","ping_status":"closed","sticky":false,"template":"","format":"standard","meta":{"h5ap_radio_sources":[],"footnotes":""},"categories":[3],"tags":[],"class_list":["post-153115","post","type-post","status-publish","format-standard","has-post-thumbnail","hentry","category-ljubuski"],"yoast_head":"<!-- This site is optimized with the Yoast SEO plugin v27.4 - https:\/\/yoast.com\/product\/yoast-seo-wordpress\/ -->\n<title>Proslavljena svetkovina Srca Isusova u sveti\u0161tu Presvetoga Srca Isusova u Studencima - RADIO LJUBU\u0160KI<\/title>\n<meta name=\"robots\" content=\"index, follow, max-snippet:-1, max-image-preview:large, max-video-preview:-1\" \/>\n<link rel=\"canonical\" href=\"https:\/\/radioljubuski.ba\/index.php\/2022\/06\/24\/proslavljena-svetkovina-srca-isusova-u-svetistu-presvetoga-srca-isusova-u-studencima\/\" \/>\n<meta property=\"og:locale\" content=\"hr_HR\" \/>\n<meta property=\"og:type\" content=\"article\" \/>\n<meta property=\"og:title\" content=\"Proslavljena svetkovina Srca Isusova u sveti\u0161tu Presvetoga Srca Isusova u Studencima - RADIO LJUBU\u0160KI\" \/>\n<meta property=\"og:description\" content=\"Vjernici \u017eupe Presvetog Srca Isusova u Studencima i mnogobrojni hodo\u010dasnici, koji su pristizali sa svih strana, devet su dana hodili u sveti\u0161te na pobo\u017enost Srcu Isusovu i na svete Mise devetnice. Na sam blagdan u sveti\u0161tu su slavljene \u010detiri svete Mise, tri prije podne, prvu je slavio fra Marin Kara\u010di\u0107, te dvojica doma\u0107ih sve\u0107enika don [&hellip;]\" \/>\n<meta property=\"og:url\" content=\"https:\/\/radioljubuski.ba\/index.php\/2022\/06\/24\/proslavljena-svetkovina-srca-isusova-u-svetistu-presvetoga-srca-isusova-u-studencima\/\" \/>\n<meta property=\"og:site_name\" content=\"RADIO LJUBU\u0160KI\" \/>\n<meta property=\"article:publisher\" content=\"https:\/\/www.facebook.com\/Radiio-Ljubuski-1490835324566332\" \/>\n<meta property=\"article:published_time\" content=\"2022-06-24T19:24:13+00:00\" \/>\n<meta property=\"article:modified_time\" content=\"2022-06-27T08:35:25+00:00\" \/>\n<meta property=\"og:image\" content=\"https:\/\/radioljubuski.ba\/wp-content\/uploads\/2022\/06\/IMG_4864-1-scaled.jpg\" \/>\n\t<meta property=\"og:image:width\" content=\"2560\" \/>\n\t<meta property=\"og:image:height\" content=\"1707\" \/>\n\t<meta property=\"og:image:type\" content=\"image\/jpeg\" \/>\n<meta name=\"author\" content=\"Radio Ljubu\u0161ki\" \/>\n<meta name=\"twitter:card\" content=\"summary_large_image\" \/>\n<meta name=\"twitter:creator\" content=\"@radioljubuski\" \/>\n<meta name=\"twitter:site\" content=\"@radioljubuski\" \/>\n<meta name=\"twitter:label1\" content=\"Napisao\/la\" \/>\n\t<meta name=\"twitter:data1\" content=\"Radio Ljubu\u0161ki\" \/>\n\t<meta name=\"twitter:label2\" content=\"Procijenjeno vrijeme \u010ditanja\" \/>\n\t<meta name=\"twitter:data2\" content=\"8 minuta\" \/>\n<script type=\"application\/ld+json\" class=\"yoast-schema-graph\">{\"@context\":\"https:\\\/\\\/schema.org\",\"@graph\":[{\"@type\":\"Article\",\"@id\":\"https:\\\/\\\/radioljubuski.ba\\\/index.php\\\/2022\\\/06\\\/24\\\/proslavljena-svetkovina-srca-isusova-u-svetistu-presvetoga-srca-isusova-u-studencima\\\/#article\",\"isPartOf\":{\"@id\":\"https:\\\/\\\/radioljubuski.ba\\\/index.php\\\/2022\\\/06\\\/24\\\/proslavljena-svetkovina-srca-isusova-u-svetistu-presvetoga-srca-isusova-u-studencima\\\/\"},\"author\":{\"name\":\"Radio Ljubu\u0161ki\",\"@id\":\"https:\\\/\\\/radioljubuski.ba\\\/#\\\/schema\\\/person\\\/19fc700381a780f69665d7956c469e3b\"},\"headline\":\"Proslavljena svetkovina Srca Isusova u sveti\u0161tu Presvetoga Srca Isusova u Studencima\",\"datePublished\":\"2022-06-24T19:24:13+00:00\",\"dateModified\":\"2022-06-27T08:35:25+00:00\",\"mainEntityOfPage\":{\"@id\":\"https:\\\/\\\/radioljubuski.ba\\\/index.php\\\/2022\\\/06\\\/24\\\/proslavljena-svetkovina-srca-isusova-u-svetistu-presvetoga-srca-isusova-u-studencima\\\/\"},\"wordCount\":202,\"publisher\":{\"@id\":\"https:\\\/\\\/radioljubuski.ba\\\/#organization\"},\"image\":{\"@id\":\"https:\\\/\\\/radioljubuski.ba\\\/index.php\\\/2022\\\/06\\\/24\\\/proslavljena-svetkovina-srca-isusova-u-svetistu-presvetoga-srca-isusova-u-studencima\\\/#primaryimage\"},\"thumbnailUrl\":\"https:\\\/\\\/radioljubuski.ba\\\/wp-content\\\/uploads\\\/2022\\\/06\\\/IMG_4864-1-scaled.jpg\",\"articleSection\":[\"Ljubu\u0161ki\"],\"inLanguage\":\"hr\"},{\"@type\":\"WebPage\",\"@id\":\"https:\\\/\\\/radioljubuski.ba\\\/index.php\\\/2022\\\/06\\\/24\\\/proslavljena-svetkovina-srca-isusova-u-svetistu-presvetoga-srca-isusova-u-studencima\\\/\",\"url\":\"https:\\\/\\\/radioljubuski.ba\\\/index.php\\\/2022\\\/06\\\/24\\\/proslavljena-svetkovina-srca-isusova-u-svetistu-presvetoga-srca-isusova-u-studencima\\\/\",\"name\":\"Proslavljena svetkovina Srca Isusova u sveti\u0161tu Presvetoga Srca Isusova u Studencima - RADIO LJUBU\u0160KI\",\"isPartOf\":{\"@id\":\"https:\\\/\\\/radioljubuski.ba\\\/#website\"},\"primaryImageOfPage\":{\"@id\":\"https:\\\/\\\/radioljubuski.ba\\\/index.php\\\/2022\\\/06\\\/24\\\/proslavljena-svetkovina-srca-isusova-u-svetistu-presvetoga-srca-isusova-u-studencima\\\/#primaryimage\"},\"image\":{\"@id\":\"https:\\\/\\\/radioljubuski.ba\\\/index.php\\\/2022\\\/06\\\/24\\\/proslavljena-svetkovina-srca-isusova-u-svetistu-presvetoga-srca-isusova-u-studencima\\\/#primaryimage\"},\"thumbnailUrl\":\"https:\\\/\\\/radioljubuski.ba\\\/wp-content\\\/uploads\\\/2022\\\/06\\\/IMG_4864-1-scaled.jpg\",\"datePublished\":\"2022-06-24T19:24:13+00:00\",\"dateModified\":\"2022-06-27T08:35:25+00:00\",\"breadcrumb\":{\"@id\":\"https:\\\/\\\/radioljubuski.ba\\\/index.php\\\/2022\\\/06\\\/24\\\/proslavljena-svetkovina-srca-isusova-u-svetistu-presvetoga-srca-isusova-u-studencima\\\/#breadcrumb\"},\"inLanguage\":\"hr\",\"potentialAction\":[{\"@type\":\"ReadAction\",\"target\":[\"https:\\\/\\\/radioljubuski.ba\\\/index.php\\\/2022\\\/06\\\/24\\\/proslavljena-svetkovina-srca-isusova-u-svetistu-presvetoga-srca-isusova-u-studencima\\\/\"]}]},{\"@type\":\"ImageObject\",\"inLanguage\":\"hr\",\"@id\":\"https:\\\/\\\/radioljubuski.ba\\\/index.php\\\/2022\\\/06\\\/24\\\/proslavljena-svetkovina-srca-isusova-u-svetistu-presvetoga-srca-isusova-u-studencima\\\/#primaryimage\",\"url\":\"https:\\\/\\\/radioljubuski.ba\\\/wp-content\\\/uploads\\\/2022\\\/06\\\/IMG_4864-1-scaled.jpg\",\"contentUrl\":\"https:\\\/\\\/radioljubuski.ba\\\/wp-content\\\/uploads\\\/2022\\\/06\\\/IMG_4864-1-scaled.jpg\",\"width\":2560,\"height\":1707},{\"@type\":\"BreadcrumbList\",\"@id\":\"https:\\\/\\\/radioljubuski.ba\\\/index.php\\\/2022\\\/06\\\/24\\\/proslavljena-svetkovina-srca-isusova-u-svetistu-presvetoga-srca-isusova-u-studencima\\\/#breadcrumb\",\"itemListElement\":[{\"@type\":\"ListItem\",\"position\":1,\"name\":\"Po\u010detna stranica\",\"item\":\"https:\\\/\\\/radioljubuski.ba\\\/\"},{\"@type\":\"ListItem\",\"position\":2,\"name\":\"Proslavljena svetkovina Srca Isusova u sveti\u0161tu Presvetoga Srca Isusova u Studencima\"}]},{\"@type\":\"WebSite\",\"@id\":\"https:\\\/\\\/radioljubuski.ba\\\/#website\",\"url\":\"https:\\\/\\\/radioljubuski.ba\\\/\",\"name\":\"Radio Ljubu\u0161ki\",\"description\":\"Sun\u010dana frekvencija Hercegovine\",\"publisher\":{\"@id\":\"https:\\\/\\\/radioljubuski.ba\\\/#organization\"},\"potentialAction\":[{\"@type\":\"SearchAction\",\"target\":{\"@type\":\"EntryPoint\",\"urlTemplate\":\"https:\\\/\\\/radioljubuski.ba\\\/?s={search_term_string}\"},\"query-input\":{\"@type\":\"PropertyValueSpecification\",\"valueRequired\":true,\"valueName\":\"search_term_string\"}}],\"inLanguage\":\"hr\"},{\"@type\":\"Organization\",\"@id\":\"https:\\\/\\\/radioljubuski.ba\\\/#organization\",\"name\":\"Radio Ljubu\u0161ki\",\"url\":\"https:\\\/\\\/radioljubuski.ba\\\/\",\"logo\":{\"@type\":\"ImageObject\",\"inLanguage\":\"hr\",\"@id\":\"https:\\\/\\\/radioljubuski.ba\\\/#\\\/schema\\\/logo\\\/image\\\/\",\"url\":\"https:\\\/\\\/radioljubuski.ba\\\/wp-content\\\/uploads\\\/2021\\\/02\\\/cropped-Radio_Ljubuski_logo1.jpg\",\"contentUrl\":\"https:\\\/\\\/radioljubuski.ba\\\/wp-content\\\/uploads\\\/2021\\\/02\\\/cropped-Radio_Ljubuski_logo1.jpg\",\"width\":512,\"height\":512,\"caption\":\"Radio Ljubu\u0161ki\"},\"image\":{\"@id\":\"https:\\\/\\\/radioljubuski.ba\\\/#\\\/schema\\\/logo\\\/image\\\/\"},\"sameAs\":[\"https:\\\/\\\/www.facebook.com\\\/Radiio-Ljubuski-1490835324566332\",\"https:\\\/\\\/x.com\\\/radioljubuski\",\"https:\\\/\\\/hr.linkedin.com\\\/company\\\/radio-ljubuski\",\"https:\\\/\\\/www.youtube.com\\\/channel\\\/UCHYaeO_n0Db3tjNGudGpXyw\"]},{\"@type\":\"Person\",\"@id\":\"https:\\\/\\\/radioljubuski.ba\\\/#\\\/schema\\\/person\\\/19fc700381a780f69665d7956c469e3b\",\"name\":\"Radio Ljubu\u0161ki\"}]}<\/script>\n<!-- \/ Yoast SEO plugin. -->","yoast_head_json":{"title":"Proslavljena svetkovina Srca Isusova u sveti\u0161tu Presvetoga Srca Isusova u Studencima - RADIO LJUBU\u0160KI","robots":{"index":"index","follow":"follow","max-snippet":"max-snippet:-1","max-image-preview":"max-image-preview:large","max-video-preview":"max-video-preview:-1"},"canonical":"https:\/\/radioljubuski.ba\/index.php\/2022\/06\/24\/proslavljena-svetkovina-srca-isusova-u-svetistu-presvetoga-srca-isusova-u-studencima\/","og_locale":"hr_HR","og_type":"article","og_title":"Proslavljena svetkovina Srca Isusova u sveti\u0161tu Presvetoga Srca Isusova u Studencima - RADIO LJUBU\u0160KI","og_description":"Vjernici \u017eupe Presvetog Srca Isusova u Studencima i mnogobrojni hodo\u010dasnici, koji su pristizali sa svih strana, devet su dana hodili u sveti\u0161te na pobo\u017enost Srcu Isusovu i na svete Mise devetnice. Na sam blagdan u sveti\u0161tu su slavljene \u010detiri svete Mise, tri prije podne, prvu je slavio fra Marin Kara\u010di\u0107, te dvojica doma\u0107ih sve\u0107enika don [&hellip;]","og_url":"https:\/\/radioljubuski.ba\/index.php\/2022\/06\/24\/proslavljena-svetkovina-srca-isusova-u-svetistu-presvetoga-srca-isusova-u-studencima\/","og_site_name":"RADIO LJUBU\u0160KI","article_publisher":"https:\/\/www.facebook.com\/Radiio-Ljubuski-1490835324566332","article_published_time":"2022-06-24T19:24:13+00:00","article_modified_time":"2022-06-27T08:35:25+00:00","og_image":[{"width":2560,"height":1707,"url":"https:\/\/radioljubuski.ba\/wp-content\/uploads\/2022\/06\/IMG_4864-1-scaled.jpg","type":"image\/jpeg"}],"author":"Radio Ljubu\u0161ki","twitter_card":"summary_large_image","twitter_creator":"@radioljubuski","twitter_site":"@radioljubuski","twitter_misc":{"Napisao\/la":"Radio Ljubu\u0161ki","Procijenjeno vrijeme \u010ditanja":"8 minuta"},"schema":{"@context":"https:\/\/schema.org","@graph":[{"@type":"Article","@id":"https:\/\/radioljubuski.ba\/index.php\/2022\/06\/24\/proslavljena-svetkovina-srca-isusova-u-svetistu-presvetoga-srca-isusova-u-studencima\/#article","isPartOf":{"@id":"https:\/\/radioljubuski.ba\/index.php\/2022\/06\/24\/proslavljena-svetkovina-srca-isusova-u-svetistu-presvetoga-srca-isusova-u-studencima\/"},"author":{"name":"Radio Ljubu\u0161ki","@id":"https:\/\/radioljubuski.ba\/#\/schema\/person\/19fc700381a780f69665d7956c469e3b"},"headline":"Proslavljena svetkovina Srca Isusova u sveti\u0161tu Presvetoga Srca Isusova u Studencima","datePublished":"2022-06-24T19:24:13+00:00","dateModified":"2022-06-27T08:35:25+00:00","mainEntityOfPage":{"@id":"https:\/\/radioljubuski.ba\/index.php\/2022\/06\/24\/proslavljena-svetkovina-srca-isusova-u-svetistu-presvetoga-srca-isusova-u-studencima\/"},"wordCount":202,"publisher":{"@id":"https:\/\/radioljubuski.ba\/#organization"},"image":{"@id":"https:\/\/radioljubuski.ba\/index.php\/2022\/06\/24\/proslavljena-svetkovina-srca-isusova-u-svetistu-presvetoga-srca-isusova-u-studencima\/#primaryimage"},"thumbnailUrl":"https:\/\/radioljubuski.ba\/wp-content\/uploads\/2022\/06\/IMG_4864-1-scaled.jpg","articleSection":["Ljubu\u0161ki"],"inLanguage":"hr"},{"@type":"WebPage","@id":"https:\/\/radioljubuski.ba\/index.php\/2022\/06\/24\/proslavljena-svetkovina-srca-isusova-u-svetistu-presvetoga-srca-isusova-u-studencima\/","url":"https:\/\/radioljubuski.ba\/index.php\/2022\/06\/24\/proslavljena-svetkovina-srca-isusova-u-svetistu-presvetoga-srca-isusova-u-studencima\/","name":"Proslavljena svetkovina Srca Isusova u sveti\u0161tu Presvetoga Srca Isusova u Studencima - RADIO LJUBU\u0160KI","isPartOf":{"@id":"https:\/\/radioljubuski.ba\/#website"},"primaryImageOfPage":{"@id":"https:\/\/radioljubuski.ba\/index.php\/2022\/06\/24\/proslavljena-svetkovina-srca-isusova-u-svetistu-presvetoga-srca-isusova-u-studencima\/#primaryimage"},"image":{"@id":"https:\/\/radioljubuski.ba\/index.php\/2022\/06\/24\/proslavljena-svetkovina-srca-isusova-u-svetistu-presvetoga-srca-isusova-u-studencima\/#primaryimage"},"thumbnailUrl":"https:\/\/radioljubuski.ba\/wp-content\/uploads\/2022\/06\/IMG_4864-1-scaled.jpg","datePublished":"2022-06-24T19:24:13+00:00","dateModified":"2022-06-27T08:35:25+00:00","breadcrumb":{"@id":"https:\/\/radioljubuski.ba\/index.php\/2022\/06\/24\/proslavljena-svetkovina-srca-isusova-u-svetistu-presvetoga-srca-isusova-u-studencima\/#breadcrumb"},"inLanguage":"hr","potentialAction":[{"@type":"ReadAction","target":["https:\/\/radioljubuski.ba\/index.php\/2022\/06\/24\/proslavljena-svetkovina-srca-isusova-u-svetistu-presvetoga-srca-isusova-u-studencima\/"]}]},{"@type":"ImageObject","inLanguage":"hr","@id":"https:\/\/radioljubuski.ba\/index.php\/2022\/06\/24\/proslavljena-svetkovina-srca-isusova-u-svetistu-presvetoga-srca-isusova-u-studencima\/#primaryimage","url":"https:\/\/radioljubuski.ba\/wp-content\/uploads\/2022\/06\/IMG_4864-1-scaled.jpg","contentUrl":"https:\/\/radioljubuski.ba\/wp-content\/uploads\/2022\/06\/IMG_4864-1-scaled.jpg","width":2560,"height":1707},{"@type":"BreadcrumbList","@id":"https:\/\/radioljubuski.ba\/index.php\/2022\/06\/24\/proslavljena-svetkovina-srca-isusova-u-svetistu-presvetoga-srca-isusova-u-studencima\/#breadcrumb","itemListElement":[{"@type":"ListItem","position":1,"name":"Po\u010detna stranica","item":"https:\/\/radioljubuski.ba\/"},{"@type":"ListItem","position":2,"name":"Proslavljena svetkovina Srca Isusova u sveti\u0161tu Presvetoga Srca Isusova u Studencima"}]},{"@type":"WebSite","@id":"https:\/\/radioljubuski.ba\/#website","url":"https:\/\/radioljubuski.ba\/","name":"Radio Ljubu\u0161ki","description":"Sun\u010dana frekvencija Hercegovine","publisher":{"@id":"https:\/\/radioljubuski.ba\/#organization"},"potentialAction":[{"@type":"SearchAction","target":{"@type":"EntryPoint","urlTemplate":"https:\/\/radioljubuski.ba\/?s={search_term_string}"},"query-input":{"@type":"PropertyValueSpecification","valueRequired":true,"valueName":"search_term_string"}}],"inLanguage":"hr"},{"@type":"Organization","@id":"https:\/\/radioljubuski.ba\/#organization","name":"Radio Ljubu\u0161ki","url":"https:\/\/radioljubuski.ba\/","logo":{"@type":"ImageObject","inLanguage":"hr","@id":"https:\/\/radioljubuski.ba\/#\/schema\/logo\/image\/","url":"https:\/\/radioljubuski.ba\/wp-content\/uploads\/2021\/02\/cropped-Radio_Ljubuski_logo1.jpg","contentUrl":"https:\/\/radioljubuski.ba\/wp-content\/uploads\/2021\/02\/cropped-Radio_Ljubuski_logo1.jpg","width":512,"height":512,"caption":"Radio Ljubu\u0161ki"},"image":{"@id":"https:\/\/radioljubuski.ba\/#\/schema\/logo\/image\/"},"sameAs":["https:\/\/www.facebook.com\/Radiio-Ljubuski-1490835324566332","https:\/\/x.com\/radioljubuski","https:\/\/hr.linkedin.com\/company\/radio-ljubuski","https:\/\/www.youtube.com\/channel\/UCHYaeO_n0Db3tjNGudGpXyw"]},{"@type":"Person","@id":"https:\/\/radioljubuski.ba\/#\/schema\/person\/19fc700381a780f69665d7956c469e3b","name":"Radio Ljubu\u0161ki"}]}},"_links":{"self":[{"href":"https:\/\/radioljubuski.ba\/index.php\/wp-json\/wp\/v2\/posts\/153115","targetHints":{"allow":["GET"]}}],"collection":[{"href":"https:\/\/radioljubuski.ba\/index.php\/wp-json\/wp\/v2\/posts"}],"about":[{"href":"https:\/\/radioljubuski.ba\/index.php\/wp-json\/wp\/v2\/types\/post"}],"author":[{"embeddable":true,"href":"https:\/\/radioljubuski.ba\/index.php\/wp-json\/wp\/v2\/users\/2"}],"replies":[{"embeddable":true,"href":"https:\/\/radioljubuski.ba\/index.php\/wp-json\/wp\/v2\/comments?post=153115"}],"version-history":[{"count":2,"href":"https:\/\/radioljubuski.ba\/index.php\/wp-json\/wp\/v2\/posts\/153115\/revisions"}],"predecessor-version":[{"id":153861,"href":"https:\/\/radioljubuski.ba\/index.php\/wp-json\/wp\/v2\/posts\/153115\/revisions\/153861"}],"wp:featuredmedia":[{"embeddable":true,"href":"https:\/\/radioljubuski.ba\/index.php\/wp-json\/wp\/v2\/media\/153129"}],"wp:attachment":[{"href":"https:\/\/radioljubuski.ba\/index.php\/wp-json\/wp\/v2\/media?parent=153115"}],"wp:term":[{"taxonomy":"category","embeddable":true,"href":"https:\/\/radioljubuski.ba\/index.php\/wp-json\/wp\/v2\/categories?post=153115"},{"taxonomy":"post_tag","embeddable":true,"href":"https:\/\/radioljubuski.ba\/index.php\/wp-json\/wp\/v2\/tags?post=153115"}],"curies":[{"name":"wp","href":"https:\/\/api.w.org\/{rel}","templated":true}]}}