{"id":153208,"date":"2022-06-25T01:01:18","date_gmt":"2022-06-25T00:01:18","guid":{"rendered":"https:\/\/radioljubuski.ba\/?p=153208"},"modified":"2022-06-25T01:01:20","modified_gmt":"2022-06-25T00:01:20","slug":"cavar-medicinski-fakultet-i-skb-mostar-dvije-najvaznije-zdravstvene-ustanove-u-hercegovini","status":"publish","type":"post","link":"https:\/\/radioljubuski.ba\/index.php\/2022\/06\/25\/cavar-medicinski-fakultet-i-skb-mostar-dvije-najvaznije-zdravstvene-ustanove-u-hercegovini\/","title":{"rendered":"\u0106avar: Medicinski fakultet i SKB Mostar dvije najva\u017enije zdravstvene ustanove u Hercegovini"},"content":{"rendered":"\n<p>Medicinski fakultet Sveu\u010dili\u0161ta u Mostaru (SUM) u petak je proslavio 25. godi\u0161njicu svoga postojanja i djelovanja.<\/p>\n\n\n\n<figure class=\"wp-block-embed is-type-wp-embed is-provider-radio-ljubuski wp-block-embed-radio-ljubuski\"><div class=\"wp-block-embed__wrapper\">\n<blockquote class=\"wp-embedded-content\" data-secret=\"WbUNwkn31Y\"><a href=\"https:\/\/radioljubuski.ba\/index.php\/2022\/06\/25\/obiljezeno-25-godina-medicinskog-fakulteta\/\">Obilje\u017eeno 25 godina Medicinskog fakulteta<\/a><\/blockquote><iframe loading=\"lazy\" class=\"wp-embedded-content\" sandbox=\"allow-scripts\" security=\"restricted\" style=\"position: absolute; clip: rect(1px, 1px, 1px, 1px);\" title=\"&#8220;Obilje\u017eeno 25 godina Medicinskog fakulteta&#8221; &#8212;   RADIO LJUBU\u0160KI\" src=\"https:\/\/radioljubuski.ba\/index.php\/2022\/06\/25\/obiljezeno-25-godina-medicinskog-fakulteta\/embed\/#?secret=O8DUZUNpgZ#?secret=WbUNwkn31Y\" data-secret=\"WbUNwkn31Y\" width=\"600\" height=\"338\" frameborder=\"0\" marginwidth=\"0\" marginheight=\"0\" scrolling=\"no\"><\/iframe>\n<\/div><\/figure>\n\n\n\n<p>Dekan Medicinskog fakulteta SUM-a Ivan \u0106avar istaknuo je kako je iznimno ponosan na sve ono \u0161to je ta visoko\u0161kolska ustanova uradila u proteklih 25 godina.<\/p>\n\n\n\n<p>&#8211; Danas se prisje\u0107amo najva\u017enijih ljudi koji su doprinijeli razvoju na\u0161eg fakulteta i na ovoj proslavi smo im uru\u010dili zahvalnice, plakete i povelje. Medicinski fakultet SUM-a dosad je iznjedrila 725 diplomiranih lije\u010dnika, a od tog broja oko 300 lije\u010dnika uposleno je u Sveu\u010dili\u0161noj klini\u010dkoj bolnici (SKB) u Mostaru koja je najve\u0107a nastavna baza Medicinskog fakulteta, a te dvije ustanove su jedna cjelina i uvijek rade u simbiozi &#8211; kazao je \u0106avar.<\/p>\n\n\n\n<p>Po njegovim rije\u010dima, Medicinski fakultet i SKB Mostar su dvije najva\u017enije zdravstvene ustanove u Hercegovine.<\/p>\n\n\n\n<p>&#8211; One su temelj opstojnosti i zalog budu\u0107nosti zdravstva u Bosni i Hercegovini, posebno u hercegova\u010dkom kraju. Doista vjerujem da i jedna i druga ustanova imaju svijetlu budu\u0107nost pred sobom. Medicinski fakultet postao je moderna institucija koja prati suvremene europske trendove. Mi se trudimo unaprijediti nastavne planove i procese, ulagati u znanstveno-nastavni kadar koji \u010dini temelj fakulteta, poti\u010demo rad studentskih udruga, nagra\u0111ujemo izvrsne studente, \u0161irimo svoj kapacitet \u0161to se ti\u010de biomedicinskih usluga, dovr\u0161avamo dentalnu kliniku. To su najva\u017enije aktivnosti, a ima ih jo\u0161 jako puno &#8211; kazao je dekan.<\/p>\n\n\n\n<p>Ravnatelj SKB-a Mostar Ante Kvesi\u0107 prisjetio se po\u010detaka mostarskog Medicinskog fakulteta.<\/p>\n\n\n\n<p>-Nama koji smo radili na tome na po\u010detku je bilo smije\u0161no, a danas imamo fakultet koji ima vi\u0161estruk zna\u010daj za bolnicu. Kad smo formirali Fakultet imali smo klini\u010dku bolnicu u osnivanju jer nismo imali ni jednog nastavnika, a danas je u na\u0161oj bolnici preko 150 profesora i jedna smo od rijetkih bolnica koje nemaju problem s kadrovima jer svake godine u prosjeku dobijemo 40 novih doktora, a barem pola od njih \u017eeli ostati u bolnici &#8211; kazao je Kvesi\u0107.<\/p>\n\n\n\n<p>Dodao je kako je u po\u010decima najva\u017eniji doga\u0111aj za Medicinski fakultet bio dolazak profesora Filipa \u010cule.<\/p>\n\n\n\n<p>-On je bio autoritet u hrvatskoj medicini i doveo je ovdje sve ono \u0161to nam je trebalo, najja\u010de ljude iz Hrvatske, a s druge strane postavio standarde koji su, blago re\u010deno, europski, a mo\u017eda i stro\u017ei &#8211; naveo je ravnatelj SKB-a Mostar.<\/p>\n\n\n\n<p>Predsjednik HDZ-a BiH Dragan \u010covi\u0107 kazao je da je ponosan na jedino javno sveu\u010dili\u0161te u Mostaru na kome se nastava odvija na hrvatskom jeziku.<\/p>\n\n\n\n<p>-Danas imamo prigodu da se sjetimo kako je bilo mudro donijeti odluku o osnivanju Medicinskog fakulteta. To je znak da smo spremni prepoznati vrijeme ispred sebe, osigurati da imamo svoje kadrove koji \u0107e se obrazovati ovdje i koji \u0107e izgraditi najvi\u0161e standarde kad su u pitanju nastava i sve ono \u0161to prati nastavu neobi\u010dnog i specifi\u010dnog fakulteta kakav je Medicinski fakultet &#8211; kazao je \u010covi\u0107.<\/p>\n\n\n\n<p>Dodao je kako je ovaj fakultet u stanju osigurati potrebu za medicinskim radnicima, lije\u010dnicima, specijalistima i drugima, ne samo za SKB u Mostaru, nego i za sustav primarne, sekundarne i tercijarne za\u0161tite u \u010ditavoj BiH, ali i \u0161ire.<\/p>\n\n\n\n<p>-Na to mo\u017eemo biti ponosni, ali i na sve one koji su zavr\u0161ili ovaj fakultet, na dekana i sve uposlenike i sve divne ljudi koji svaki dan skrbe o na\u0161im \u017eivotima &#8211; istaknuo je \u010covi\u0107.<\/p>\n\n\n\n<iframe loading=\"lazy\" title=\"\u0106avar: Medicinski fakultet i SKB Mostar dvije najva\u017enije zdravstvene ustanove u Hercegovini\" width=\"640\" height=\"360\" src=\"https:\/\/www.youtube.com\/embed\/-vFVyRvWoL4?feature=oembed\" frameborder=\"0\" allow=\"accelerometer; autoplay; clipboard-write; encrypted-media; gyroscope; picture-in-picture; web-share\" referrerpolicy=\"strict-origin-when-cross-origin\" allowfullscreen><\/iframe>\n\n\n\n<p>Izvor:pogled.ba<\/p>\n","protected":false},"excerpt":{"rendered":"<p>Medicinski fakultet Sveu\u010dili\u0161ta u Mostaru (SUM) u petak je proslavio 25. godi\u0161njicu svoga postojanja i djelovanja. Dekan Medicinskog fakulteta SUM-a Ivan \u0106avar istaknuo je kako je iznimno ponosan na sve ono \u0161to je ta visoko\u0161kolska ustanova uradila u proteklih 25 godina. &#8211; Danas se prisje\u0107amo najva\u017enijih ljudi koji su doprinijeli razvoju na\u0161eg fakulteta i na [&hellip;]<\/p>\n","protected":false},"author":2,"featured_media":153209,"comment_status":"closed","ping_status":"closed","sticky":false,"template":"","format":"standard","meta":{"h5ap_radio_sources":[],"footnotes":""},"categories":[1],"tags":[],"class_list":["post-153208","post","type-post","status-publish","format-standard","has-post-thumbnail","hentry","category-bihiregija"],"yoast_head":"<!-- This site is optimized with the Yoast SEO plugin v27.4 - https:\/\/yoast.com\/product\/yoast-seo-wordpress\/ -->\n<title>\u0106avar: Medicinski fakultet i SKB Mostar dvije najva\u017enije zdravstvene ustanove u Hercegovini - RADIO LJUBU\u0160KI<\/title>\n<meta name=\"robots\" content=\"index, follow, max-snippet:-1, max-image-preview:large, max-video-preview:-1\" \/>\n<link rel=\"canonical\" href=\"https:\/\/radioljubuski.ba\/index.php\/2022\/06\/25\/cavar-medicinski-fakultet-i-skb-mostar-dvije-najvaznije-zdravstvene-ustanove-u-hercegovini\/\" \/>\n<meta property=\"og:locale\" content=\"hr_HR\" \/>\n<meta property=\"og:type\" content=\"article\" \/>\n<meta property=\"og:title\" content=\"\u0106avar: Medicinski fakultet i SKB Mostar dvije najva\u017enije zdravstvene ustanove u Hercegovini - RADIO LJUBU\u0160KI\" \/>\n<meta property=\"og:description\" content=\"Medicinski fakultet Sveu\u010dili\u0161ta u Mostaru (SUM) u petak je proslavio 25. godi\u0161njicu svoga postojanja i djelovanja. Dekan Medicinskog fakulteta SUM-a Ivan \u0106avar istaknuo je kako je iznimno ponosan na sve ono \u0161to je ta visoko\u0161kolska ustanova uradila u proteklih 25 godina. &#8211; Danas se prisje\u0107amo najva\u017enijih ljudi koji su doprinijeli razvoju na\u0161eg fakulteta i na [&hellip;]\" \/>\n<meta property=\"og:url\" content=\"https:\/\/radioljubuski.ba\/index.php\/2022\/06\/25\/cavar-medicinski-fakultet-i-skb-mostar-dvije-najvaznije-zdravstvene-ustanove-u-hercegovini\/\" \/>\n<meta property=\"og:site_name\" content=\"RADIO LJUBU\u0160KI\" \/>\n<meta property=\"article:publisher\" content=\"https:\/\/www.facebook.com\/Radiio-Ljubuski-1490835324566332\" \/>\n<meta property=\"article:published_time\" content=\"2022-06-25T00:01:18+00:00\" \/>\n<meta property=\"article:modified_time\" content=\"2022-06-25T00:01:20+00:00\" \/>\n<meta property=\"og:image\" content=\"https:\/\/radioljubuski.ba\/wp-content\/uploads\/2022\/06\/2-2022-06-24-15-00-04-cavar.jpg\" \/>\n\t<meta property=\"og:image:width\" content=\"1000\" \/>\n\t<meta property=\"og:image:height\" content=\"625\" \/>\n\t<meta property=\"og:image:type\" content=\"image\/jpeg\" \/>\n<meta name=\"author\" content=\"Radio Ljubu\u0161ki\" \/>\n<meta name=\"twitter:card\" content=\"summary_large_image\" \/>\n<meta name=\"twitter:creator\" content=\"@radioljubuski\" \/>\n<meta name=\"twitter:site\" content=\"@radioljubuski\" \/>\n<meta name=\"twitter:label1\" content=\"Napisao\/la\" \/>\n\t<meta name=\"twitter:data1\" content=\"Radio Ljubu\u0161ki\" \/>\n\t<meta name=\"twitter:label2\" content=\"Procijenjeno vrijeme \u010ditanja\" \/>\n\t<meta name=\"twitter:data2\" content=\"3 minute\" \/>\n<script type=\"application\/ld+json\" class=\"yoast-schema-graph\">{\"@context\":\"https:\\\/\\\/schema.org\",\"@graph\":[{\"@type\":\"Article\",\"@id\":\"https:\\\/\\\/radioljubuski.ba\\\/index.php\\\/2022\\\/06\\\/25\\\/cavar-medicinski-fakultet-i-skb-mostar-dvije-najvaznije-zdravstvene-ustanove-u-hercegovini\\\/#article\",\"isPartOf\":{\"@id\":\"https:\\\/\\\/radioljubuski.ba\\\/index.php\\\/2022\\\/06\\\/25\\\/cavar-medicinski-fakultet-i-skb-mostar-dvije-najvaznije-zdravstvene-ustanove-u-hercegovini\\\/\"},\"author\":{\"name\":\"Radio Ljubu\u0161ki\",\"@id\":\"https:\\\/\\\/radioljubuski.ba\\\/#\\\/schema\\\/person\\\/19fc700381a780f69665d7956c469e3b\"},\"headline\":\"\u0106avar: Medicinski fakultet i SKB Mostar dvije najva\u017enije zdravstvene ustanove u Hercegovini\",\"datePublished\":\"2022-06-25T00:01:18+00:00\",\"dateModified\":\"2022-06-25T00:01:20+00:00\",\"mainEntityOfPage\":{\"@id\":\"https:\\\/\\\/radioljubuski.ba\\\/index.php\\\/2022\\\/06\\\/25\\\/cavar-medicinski-fakultet-i-skb-mostar-dvije-najvaznije-zdravstvene-ustanove-u-hercegovini\\\/\"},\"wordCount\":598,\"publisher\":{\"@id\":\"https:\\\/\\\/radioljubuski.ba\\\/#organization\"},\"image\":{\"@id\":\"https:\\\/\\\/radioljubuski.ba\\\/index.php\\\/2022\\\/06\\\/25\\\/cavar-medicinski-fakultet-i-skb-mostar-dvije-najvaznije-zdravstvene-ustanove-u-hercegovini\\\/#primaryimage\"},\"thumbnailUrl\":\"https:\\\/\\\/radioljubuski.ba\\\/wp-content\\\/uploads\\\/2022\\\/06\\\/2-2022-06-24-15-00-04-cavar.jpg\",\"articleSection\":[\"BIH i regija\"],\"inLanguage\":\"hr\"},{\"@type\":\"WebPage\",\"@id\":\"https:\\\/\\\/radioljubuski.ba\\\/index.php\\\/2022\\\/06\\\/25\\\/cavar-medicinski-fakultet-i-skb-mostar-dvije-najvaznije-zdravstvene-ustanove-u-hercegovini\\\/\",\"url\":\"https:\\\/\\\/radioljubuski.ba\\\/index.php\\\/2022\\\/06\\\/25\\\/cavar-medicinski-fakultet-i-skb-mostar-dvije-najvaznije-zdravstvene-ustanove-u-hercegovini\\\/\",\"name\":\"\u0106avar: Medicinski fakultet i SKB Mostar dvije najva\u017enije zdravstvene ustanove u Hercegovini - RADIO LJUBU\u0160KI\",\"isPartOf\":{\"@id\":\"https:\\\/\\\/radioljubuski.ba\\\/#website\"},\"primaryImageOfPage\":{\"@id\":\"https:\\\/\\\/radioljubuski.ba\\\/index.php\\\/2022\\\/06\\\/25\\\/cavar-medicinski-fakultet-i-skb-mostar-dvije-najvaznije-zdravstvene-ustanove-u-hercegovini\\\/#primaryimage\"},\"image\":{\"@id\":\"https:\\\/\\\/radioljubuski.ba\\\/index.php\\\/2022\\\/06\\\/25\\\/cavar-medicinski-fakultet-i-skb-mostar-dvije-najvaznije-zdravstvene-ustanove-u-hercegovini\\\/#primaryimage\"},\"thumbnailUrl\":\"https:\\\/\\\/radioljubuski.ba\\\/wp-content\\\/uploads\\\/2022\\\/06\\\/2-2022-06-24-15-00-04-cavar.jpg\",\"datePublished\":\"2022-06-25T00:01:18+00:00\",\"dateModified\":\"2022-06-25T00:01:20+00:00\",\"breadcrumb\":{\"@id\":\"https:\\\/\\\/radioljubuski.ba\\\/index.php\\\/2022\\\/06\\\/25\\\/cavar-medicinski-fakultet-i-skb-mostar-dvije-najvaznije-zdravstvene-ustanove-u-hercegovini\\\/#breadcrumb\"},\"inLanguage\":\"hr\",\"potentialAction\":[{\"@type\":\"ReadAction\",\"target\":[\"https:\\\/\\\/radioljubuski.ba\\\/index.php\\\/2022\\\/06\\\/25\\\/cavar-medicinski-fakultet-i-skb-mostar-dvije-najvaznije-zdravstvene-ustanove-u-hercegovini\\\/\"]}]},{\"@type\":\"ImageObject\",\"inLanguage\":\"hr\",\"@id\":\"https:\\\/\\\/radioljubuski.ba\\\/index.php\\\/2022\\\/06\\\/25\\\/cavar-medicinski-fakultet-i-skb-mostar-dvije-najvaznije-zdravstvene-ustanove-u-hercegovini\\\/#primaryimage\",\"url\":\"https:\\\/\\\/radioljubuski.ba\\\/wp-content\\\/uploads\\\/2022\\\/06\\\/2-2022-06-24-15-00-04-cavar.jpg\",\"contentUrl\":\"https:\\\/\\\/radioljubuski.ba\\\/wp-content\\\/uploads\\\/2022\\\/06\\\/2-2022-06-24-15-00-04-cavar.jpg\",\"width\":1000,\"height\":625},{\"@type\":\"BreadcrumbList\",\"@id\":\"https:\\\/\\\/radioljubuski.ba\\\/index.php\\\/2022\\\/06\\\/25\\\/cavar-medicinski-fakultet-i-skb-mostar-dvije-najvaznije-zdravstvene-ustanove-u-hercegovini\\\/#breadcrumb\",\"itemListElement\":[{\"@type\":\"ListItem\",\"position\":1,\"name\":\"Po\u010detna stranica\",\"item\":\"https:\\\/\\\/radioljubuski.ba\\\/\"},{\"@type\":\"ListItem\",\"position\":2,\"name\":\"\u0106avar: Medicinski fakultet i SKB Mostar dvije najva\u017enije zdravstvene ustanove u Hercegovini\"}]},{\"@type\":\"WebSite\",\"@id\":\"https:\\\/\\\/radioljubuski.ba\\\/#website\",\"url\":\"https:\\\/\\\/radioljubuski.ba\\\/\",\"name\":\"Radio Ljubu\u0161ki\",\"description\":\"Sun\u010dana frekvencija Hercegovine\",\"publisher\":{\"@id\":\"https:\\\/\\\/radioljubuski.ba\\\/#organization\"},\"potentialAction\":[{\"@type\":\"SearchAction\",\"target\":{\"@type\":\"EntryPoint\",\"urlTemplate\":\"https:\\\/\\\/radioljubuski.ba\\\/?s={search_term_string}\"},\"query-input\":{\"@type\":\"PropertyValueSpecification\",\"valueRequired\":true,\"valueName\":\"search_term_string\"}}],\"inLanguage\":\"hr\"},{\"@type\":\"Organization\",\"@id\":\"https:\\\/\\\/radioljubuski.ba\\\/#organization\",\"name\":\"Radio Ljubu\u0161ki\",\"url\":\"https:\\\/\\\/radioljubuski.ba\\\/\",\"logo\":{\"@type\":\"ImageObject\",\"inLanguage\":\"hr\",\"@id\":\"https:\\\/\\\/radioljubuski.ba\\\/#\\\/schema\\\/logo\\\/image\\\/\",\"url\":\"https:\\\/\\\/radioljubuski.ba\\\/wp-content\\\/uploads\\\/2021\\\/02\\\/cropped-Radio_Ljubuski_logo1.jpg\",\"contentUrl\":\"https:\\\/\\\/radioljubuski.ba\\\/wp-content\\\/uploads\\\/2021\\\/02\\\/cropped-Radio_Ljubuski_logo1.jpg\",\"width\":512,\"height\":512,\"caption\":\"Radio Ljubu\u0161ki\"},\"image\":{\"@id\":\"https:\\\/\\\/radioljubuski.ba\\\/#\\\/schema\\\/logo\\\/image\\\/\"},\"sameAs\":[\"https:\\\/\\\/www.facebook.com\\\/Radiio-Ljubuski-1490835324566332\",\"https:\\\/\\\/x.com\\\/radioljubuski\",\"https:\\\/\\\/hr.linkedin.com\\\/company\\\/radio-ljubuski\",\"https:\\\/\\\/www.youtube.com\\\/channel\\\/UCHYaeO_n0Db3tjNGudGpXyw\"]},{\"@type\":\"Person\",\"@id\":\"https:\\\/\\\/radioljubuski.ba\\\/#\\\/schema\\\/person\\\/19fc700381a780f69665d7956c469e3b\",\"name\":\"Radio Ljubu\u0161ki\"}]}<\/script>\n<!-- \/ Yoast SEO plugin. -->","yoast_head_json":{"title":"\u0106avar: Medicinski fakultet i SKB Mostar dvije najva\u017enije zdravstvene ustanove u Hercegovini - RADIO LJUBU\u0160KI","robots":{"index":"index","follow":"follow","max-snippet":"max-snippet:-1","max-image-preview":"max-image-preview:large","max-video-preview":"max-video-preview:-1"},"canonical":"https:\/\/radioljubuski.ba\/index.php\/2022\/06\/25\/cavar-medicinski-fakultet-i-skb-mostar-dvije-najvaznije-zdravstvene-ustanove-u-hercegovini\/","og_locale":"hr_HR","og_type":"article","og_title":"\u0106avar: Medicinski fakultet i SKB Mostar dvije najva\u017enije zdravstvene ustanove u Hercegovini - RADIO LJUBU\u0160KI","og_description":"Medicinski fakultet Sveu\u010dili\u0161ta u Mostaru (SUM) u petak je proslavio 25. godi\u0161njicu svoga postojanja i djelovanja. Dekan Medicinskog fakulteta SUM-a Ivan \u0106avar istaknuo je kako je iznimno ponosan na sve ono \u0161to je ta visoko\u0161kolska ustanova uradila u proteklih 25 godina. &#8211; Danas se prisje\u0107amo najva\u017enijih ljudi koji su doprinijeli razvoju na\u0161eg fakulteta i na [&hellip;]","og_url":"https:\/\/radioljubuski.ba\/index.php\/2022\/06\/25\/cavar-medicinski-fakultet-i-skb-mostar-dvije-najvaznije-zdravstvene-ustanove-u-hercegovini\/","og_site_name":"RADIO LJUBU\u0160KI","article_publisher":"https:\/\/www.facebook.com\/Radiio-Ljubuski-1490835324566332","article_published_time":"2022-06-25T00:01:18+00:00","article_modified_time":"2022-06-25T00:01:20+00:00","og_image":[{"width":1000,"height":625,"url":"https:\/\/radioljubuski.ba\/wp-content\/uploads\/2022\/06\/2-2022-06-24-15-00-04-cavar.jpg","type":"image\/jpeg"}],"author":"Radio Ljubu\u0161ki","twitter_card":"summary_large_image","twitter_creator":"@radioljubuski","twitter_site":"@radioljubuski","twitter_misc":{"Napisao\/la":"Radio Ljubu\u0161ki","Procijenjeno vrijeme \u010ditanja":"3 minute"},"schema":{"@context":"https:\/\/schema.org","@graph":[{"@type":"Article","@id":"https:\/\/radioljubuski.ba\/index.php\/2022\/06\/25\/cavar-medicinski-fakultet-i-skb-mostar-dvije-najvaznije-zdravstvene-ustanove-u-hercegovini\/#article","isPartOf":{"@id":"https:\/\/radioljubuski.ba\/index.php\/2022\/06\/25\/cavar-medicinski-fakultet-i-skb-mostar-dvije-najvaznije-zdravstvene-ustanove-u-hercegovini\/"},"author":{"name":"Radio Ljubu\u0161ki","@id":"https:\/\/radioljubuski.ba\/#\/schema\/person\/19fc700381a780f69665d7956c469e3b"},"headline":"\u0106avar: Medicinski fakultet i SKB Mostar dvije najva\u017enije zdravstvene ustanove u Hercegovini","datePublished":"2022-06-25T00:01:18+00:00","dateModified":"2022-06-25T00:01:20+00:00","mainEntityOfPage":{"@id":"https:\/\/radioljubuski.ba\/index.php\/2022\/06\/25\/cavar-medicinski-fakultet-i-skb-mostar-dvije-najvaznije-zdravstvene-ustanove-u-hercegovini\/"},"wordCount":598,"publisher":{"@id":"https:\/\/radioljubuski.ba\/#organization"},"image":{"@id":"https:\/\/radioljubuski.ba\/index.php\/2022\/06\/25\/cavar-medicinski-fakultet-i-skb-mostar-dvije-najvaznije-zdravstvene-ustanove-u-hercegovini\/#primaryimage"},"thumbnailUrl":"https:\/\/radioljubuski.ba\/wp-content\/uploads\/2022\/06\/2-2022-06-24-15-00-04-cavar.jpg","articleSection":["BIH i regija"],"inLanguage":"hr"},{"@type":"WebPage","@id":"https:\/\/radioljubuski.ba\/index.php\/2022\/06\/25\/cavar-medicinski-fakultet-i-skb-mostar-dvije-najvaznije-zdravstvene-ustanove-u-hercegovini\/","url":"https:\/\/radioljubuski.ba\/index.php\/2022\/06\/25\/cavar-medicinski-fakultet-i-skb-mostar-dvije-najvaznije-zdravstvene-ustanove-u-hercegovini\/","name":"\u0106avar: Medicinski fakultet i SKB Mostar dvije najva\u017enije zdravstvene ustanove u Hercegovini - RADIO LJUBU\u0160KI","isPartOf":{"@id":"https:\/\/radioljubuski.ba\/#website"},"primaryImageOfPage":{"@id":"https:\/\/radioljubuski.ba\/index.php\/2022\/06\/25\/cavar-medicinski-fakultet-i-skb-mostar-dvije-najvaznije-zdravstvene-ustanove-u-hercegovini\/#primaryimage"},"image":{"@id":"https:\/\/radioljubuski.ba\/index.php\/2022\/06\/25\/cavar-medicinski-fakultet-i-skb-mostar-dvije-najvaznije-zdravstvene-ustanove-u-hercegovini\/#primaryimage"},"thumbnailUrl":"https:\/\/radioljubuski.ba\/wp-content\/uploads\/2022\/06\/2-2022-06-24-15-00-04-cavar.jpg","datePublished":"2022-06-25T00:01:18+00:00","dateModified":"2022-06-25T00:01:20+00:00","breadcrumb":{"@id":"https:\/\/radioljubuski.ba\/index.php\/2022\/06\/25\/cavar-medicinski-fakultet-i-skb-mostar-dvije-najvaznije-zdravstvene-ustanove-u-hercegovini\/#breadcrumb"},"inLanguage":"hr","potentialAction":[{"@type":"ReadAction","target":["https:\/\/radioljubuski.ba\/index.php\/2022\/06\/25\/cavar-medicinski-fakultet-i-skb-mostar-dvije-najvaznije-zdravstvene-ustanove-u-hercegovini\/"]}]},{"@type":"ImageObject","inLanguage":"hr","@id":"https:\/\/radioljubuski.ba\/index.php\/2022\/06\/25\/cavar-medicinski-fakultet-i-skb-mostar-dvije-najvaznije-zdravstvene-ustanove-u-hercegovini\/#primaryimage","url":"https:\/\/radioljubuski.ba\/wp-content\/uploads\/2022\/06\/2-2022-06-24-15-00-04-cavar.jpg","contentUrl":"https:\/\/radioljubuski.ba\/wp-content\/uploads\/2022\/06\/2-2022-06-24-15-00-04-cavar.jpg","width":1000,"height":625},{"@type":"BreadcrumbList","@id":"https:\/\/radioljubuski.ba\/index.php\/2022\/06\/25\/cavar-medicinski-fakultet-i-skb-mostar-dvije-najvaznije-zdravstvene-ustanove-u-hercegovini\/#breadcrumb","itemListElement":[{"@type":"ListItem","position":1,"name":"Po\u010detna stranica","item":"https:\/\/radioljubuski.ba\/"},{"@type":"ListItem","position":2,"name":"\u0106avar: Medicinski fakultet i SKB Mostar dvije najva\u017enije zdravstvene ustanove u Hercegovini"}]},{"@type":"WebSite","@id":"https:\/\/radioljubuski.ba\/#website","url":"https:\/\/radioljubuski.ba\/","name":"Radio Ljubu\u0161ki","description":"Sun\u010dana frekvencija Hercegovine","publisher":{"@id":"https:\/\/radioljubuski.ba\/#organization"},"potentialAction":[{"@type":"SearchAction","target":{"@type":"EntryPoint","urlTemplate":"https:\/\/radioljubuski.ba\/?s={search_term_string}"},"query-input":{"@type":"PropertyValueSpecification","valueRequired":true,"valueName":"search_term_string"}}],"inLanguage":"hr"},{"@type":"Organization","@id":"https:\/\/radioljubuski.ba\/#organization","name":"Radio Ljubu\u0161ki","url":"https:\/\/radioljubuski.ba\/","logo":{"@type":"ImageObject","inLanguage":"hr","@id":"https:\/\/radioljubuski.ba\/#\/schema\/logo\/image\/","url":"https:\/\/radioljubuski.ba\/wp-content\/uploads\/2021\/02\/cropped-Radio_Ljubuski_logo1.jpg","contentUrl":"https:\/\/radioljubuski.ba\/wp-content\/uploads\/2021\/02\/cropped-Radio_Ljubuski_logo1.jpg","width":512,"height":512,"caption":"Radio Ljubu\u0161ki"},"image":{"@id":"https:\/\/radioljubuski.ba\/#\/schema\/logo\/image\/"},"sameAs":["https:\/\/www.facebook.com\/Radiio-Ljubuski-1490835324566332","https:\/\/x.com\/radioljubuski","https:\/\/hr.linkedin.com\/company\/radio-ljubuski","https:\/\/www.youtube.com\/channel\/UCHYaeO_n0Db3tjNGudGpXyw"]},{"@type":"Person","@id":"https:\/\/radioljubuski.ba\/#\/schema\/person\/19fc700381a780f69665d7956c469e3b","name":"Radio Ljubu\u0161ki"}]}},"_links":{"self":[{"href":"https:\/\/radioljubuski.ba\/index.php\/wp-json\/wp\/v2\/posts\/153208","targetHints":{"allow":["GET"]}}],"collection":[{"href":"https:\/\/radioljubuski.ba\/index.php\/wp-json\/wp\/v2\/posts"}],"about":[{"href":"https:\/\/radioljubuski.ba\/index.php\/wp-json\/wp\/v2\/types\/post"}],"author":[{"embeddable":true,"href":"https:\/\/radioljubuski.ba\/index.php\/wp-json\/wp\/v2\/users\/2"}],"replies":[{"embeddable":true,"href":"https:\/\/radioljubuski.ba\/index.php\/wp-json\/wp\/v2\/comments?post=153208"}],"version-history":[{"count":1,"href":"https:\/\/radioljubuski.ba\/index.php\/wp-json\/wp\/v2\/posts\/153208\/revisions"}],"predecessor-version":[{"id":153210,"href":"https:\/\/radioljubuski.ba\/index.php\/wp-json\/wp\/v2\/posts\/153208\/revisions\/153210"}],"wp:featuredmedia":[{"embeddable":true,"href":"https:\/\/radioljubuski.ba\/index.php\/wp-json\/wp\/v2\/media\/153209"}],"wp:attachment":[{"href":"https:\/\/radioljubuski.ba\/index.php\/wp-json\/wp\/v2\/media?parent=153208"}],"wp:term":[{"taxonomy":"category","embeddable":true,"href":"https:\/\/radioljubuski.ba\/index.php\/wp-json\/wp\/v2\/categories?post=153208"},{"taxonomy":"post_tag","embeddable":true,"href":"https:\/\/radioljubuski.ba\/index.php\/wp-json\/wp\/v2\/tags?post=153208"}],"curies":[{"name":"wp","href":"https:\/\/api.w.org\/{rel}","templated":true}]}}